{"id":172824,"date":"2026-08-22T16:53:54","date_gmt":"2026-08-22T14:53:54","guid":{"rendered":"https:\/\/www.bellunopress.it\/?p=172824"},"modified":"2026-08-22T16:53:54","modified_gmt":"2026-08-22T14:53:54","slug":"stage-opera-2026-feltre-torna-capitale-internazionale-della-lirica","status":"publish","type":"post","link":"https:\/\/www.bellunopress.it\/fr\/2026\/08\/22\/stage-opera-2026-feltre-torna-capitale-internazionale-della-lirica\/","title":{"rendered":"Stage opera 2026. Feltre torna capitale internazionale della lirica"},"content":{"rendered":"<p><strong>Quindici cantanti da tutto il mondo per la settima edizione della masterclass di Vox Integra. Il 29 agosto il concerto finale al Teatro de La Sena<\/strong><\/p>\n<p>Quindici cantanti provenienti da diverse parti del mondo, una settimana di alta formazione con docenti e artisti di livello internazionale e, per la prima volta dopo il restauro, il concerto finale nella cornice del Teatro de La Sena. Ha preso ufficialmente il via a Feltre la settima edizione di Stage Opera, la masterclass internazionale di canto lirico organizzata dall&#8217;accademia londinese Vox Integra, che rinnova anche nel 2026 il legame ormai consolidato tra la Citt\u00e0 e il mondo della lirica internazionale. L&#8217;edizione di quest&#8217;anno \u00e8 stata presentata oggi nella Classic Hall di Palazzo Guarnieri, sede di Unisono, il luogo da cui ha preso il via l&#8217;edizione feltrina nel 2019 e che in questi giorni, insieme alla Scuola comunale di musica &#8220;Francesco Sandi&#8221;, ospiter\u00e0 le lezioni e le attivit\u00e0 della settimana. Sono 15 i partecipanti, arrivati a Feltre da diversi Paesi, tra cui Giappone, Hong Kong e Irlanda, per lavorare sul repertorio operistico italiano con i docenti di Vox Integra e con alcuni prestigiosi ospiti internazionali.<\/p>\n<p>Una presenza che per alcuni giorni porta nel cuore della Citt\u00e0 voci, lingue ed esperienze provenienti da tutto il mondo. Cantanti e docenti non si limitano infatti a frequentare le lezioni, ma vivono Feltre e il suo centro storico per l&#8217;intera durata dell&#8217;esperienza, soggiornando nelle strutture cittadine e contribuendo a creare quell&#8217;atmosfera internazionale che, edizione dopo edizione, \u00e8 diventata uno degli elementi caratterizzanti dell&#8217;iniziativa.<\/p>\n<p>&#8220;\u00c8 bellissimo essere ancora una volta a Feltre, una Citt\u00e0 con la quale negli anni abbiamo costruito legami importanti \u2013 sottolinea Theresa Goble, direttrice di Vox Integra \u2013. La collaborazione con Unisono, con la Scuola comunale di musica &#8220;Francesco Sandi&#8221; e con le tante persone che continuano a lavorare insieme a noi rende possibile ogni anno Stage Opera. Questa volta, per\u00f2, siamo particolarmente emozionati perch\u00e9 avremo la possibilit\u00e0 di esibirci al Teatro de La Sena. Avevamo gi\u00e0 cantato qui nel 2019, quando il Teatro non era ancora stato restaurato, e poterci tornare oggi \u00e8 davvero speciale. \u00c8 una struttura dalle straordinarie qualit\u00e0 acustiche, nella quale la voce non ha bisogno di amplificazione ed \u00e8 naturalmente valorizzata. Per un cantante lirico poter cantare in Italia, patria del bel canto, e farlo all&#8217;interno di un autentico teatro storico italiano come La Sena \u00e8 un sogno&#8221;.<\/p>\n<p>&nbsp;<\/p>\n<figure id=\"attachment_154634\" aria-describedby=\"caption-attachment-154634\" style=\"width: 1000px\" class=\"wp-caption aligncenter\"><img loading=\"lazy\" decoding=\"async\" class=\"size-full wp-image-154634\" src=\"https:\/\/www.bellunopress.it\/wp-content\/uploads\/2024\/10\/Teatro-de-la-Sena-Feltre.jpg\" alt=\"\" width=\"1000\" height=\"669\" srcset=\"https:\/\/www.bellunopress.it\/wp-content\/uploads\/2024\/10\/Teatro-de-la-Sena-Feltre.jpg 1000w, https:\/\/www.bellunopress.it\/wp-content\/uploads\/2024\/10\/Teatro-de-la-Sena-Feltre-500x335.jpg 500w, https:\/\/www.bellunopress.it\/wp-content\/uploads\/2024\/10\/Teatro-de-la-Sena-Feltre-628x420.jpg 628w, https:\/\/www.bellunopress.it\/wp-content\/uploads\/2024\/10\/Teatro-de-la-Sena-Feltre-696x466.jpg 696w\" sizes=\"auto, (max-width: 1000px) 100vw, 1000px\" \/><figcaption id=\"caption-attachment-154634\" class=\"wp-caption-text\">Teatro de la Sena &#8211; Feltre<\/figcaption><\/figure>\n<p><strong>IL CONCERTO<\/strong><\/p>\n<p>Proprio il Teatro de La Sena sar\u00e0 protagonista del gran finale di sabato 29 agosto. Alle 20.45 andr\u00e0 in scena &#8220;Il Re del Bosco \u2013 Le stagioni dell&#8217;anima&#8221;, uno spettacolo costruito attraverso scene d&#8217;opera di Mozart, Cavalli, Bellini, Donizetti, Verdi, Puccini e Leoncavallo. Il concerto sar\u00e0 a ingresso libero con offerta responsabile, senza prenotazione. Per l&#8217;occasione il Teatro sar\u00e0 accessibile con una capienza limitata a 130 posti.<\/p>\n<p>&nbsp;<\/p>\n<p><strong>GLI ALTRI APPUNTAMENTI<\/strong><\/p>\n<p>Stage Opera non rester\u00e0 per\u00f2 chiuso nelle aule di lezione. Due masterclass saranno aperte gratuitamente al pubblico a Palazzo Guarnieri, offrendo la possibilit\u00e0 di assistere da vicino al lavoro di perfezionamento dei cantanti.<\/p>\n<p>La prima \u00e8 in programma oggi, sabato 22 agosto, dalle 17 alle 20.15, ed \u00e8 dedicata al repertorio italiano con Peter Rose, uno dei bassi lirici pi\u00f9 affermati a livello internazionale, protagonista sui palcoscenici di teatri quali La Scala, Covent Garden, Metropolitan Opera e Wiener Staatsoper.<\/p>\n<p>Il secondo appuntamento sar\u00e0 gioved\u00ec 27 agosto, sempre dalle 17 alle 20.15, con una masterclass di alto perfezionamento in canto lirico tenuta da Theresa Goble Mezzo Soprano, docente internazionale di canto e direttrice di Vox Integra. Anche in questo caso l&#8217;ingresso sar\u00e0 gratuito.<\/p>\n<p>&nbsp;<\/p>\n<p>&nbsp;<\/p>","protected":false},"excerpt":{"rendered":"<p>Quindici cantanti da tutto il mondo per la settima edizione della masterclass di Vox Integra. Il 29 agosto il concerto finale al Teatro de La Sena Quindici cantanti provenienti da diverse parti del mondo, una settimana di alta formazione con docenti e artisti di livello internazionale e, per la prima volta dopo il restauro, il [&hellip;]<\/p>\n","protected":false},"author":2,"featured_media":172825,"comment_status":"closed","ping_status":"open","sticky":false,"template":"","format":"standard","meta":{"footnotes":""},"categories":[27,3,25],"tags":[],"class_list":["post-172824","post","type-post","status-publish","format-standard","has-post-thumbnail","category-appuntamenti","category-arte-cultura-spettacoli-scienza-archivi","category-pausa-caffe"],"yoast_head":"<!-- This site is optimized with the Yoast SEO plugin v28.4 - https:\/\/yoast.com\/product\/yoast-seo-wordpress\/ -->\n<title>Stage opera 2026. Feltre torna capitale internazionale della lirica - Bellunopress - Dolomiti<\/title>\n<meta name=\"robots\" content=\"index, follow, max-snippet:-1, max-image-preview:large, max-video-preview:-1\" \/>\n<link rel=\"canonical\" href=\"https:\/\/www.bellunopress.it\/fr\/2026\/08\/22\/stage-opera-2026-feltre-torna-capitale-internazionale-della-lirica\/\" \/>\n<meta property=\"og:locale\" content=\"fr_FR\" \/>\n<meta property=\"og:type\" content=\"article\" \/>\n<meta property=\"og:title\" content=\"Stage opera 2026. Feltre torna capitale internazionale della lirica - Bellunopress - Dolomiti\" \/>\n<meta property=\"og:description\" content=\"Quindici cantanti da tutto il mondo per la settima edizione della masterclass di Vox Integra. Il 29 agosto il concerto finale al Teatro de La Sena Quindici cantanti provenienti da diverse parti del mondo, una settimana di alta formazione con docenti e artisti di livello internazionale e, per la prima volta dopo il restauro, il [&hellip;]\" \/>\n<meta property=\"og:url\" content=\"https:\/\/www.bellunopress.it\/fr\/2026\/08\/22\/stage-opera-2026-feltre-torna-capitale-internazionale-della-lirica\/\" \/>\n<meta property=\"og:site_name\" content=\"Bellunopress - Dolomiti\" \/>\n<meta property=\"article:publisher\" content=\"https:\/\/www.facebook.com\/profile.php?id=100008943462799\" \/>\n<meta property=\"article:published_time\" content=\"2026-08-22T14:53:54+00:00\" \/>\n<meta property=\"og:image\" content=\"https:\/\/www.bellunopress.it\/wp-content\/uploads\/2026\/08\/Feltre-lirica.jpeg\" \/>\n\t<meta property=\"og:image:width\" content=\"423\" \/>\n\t<meta property=\"og:image:height\" content=\"600\" \/>\n\t<meta property=\"og:image:type\" content=\"image\/jpeg\" \/>\n<meta name=\"author\" content=\"redazione\" \/>\n<meta name=\"twitter:card\" content=\"summary_large_image\" \/>\n<meta name=\"twitter:creator\" content=\"@bellunopress\" \/>\n<meta name=\"twitter:site\" content=\"@bellunopress\" \/>\n<meta name=\"twitter:label1\" content=\"Written by\" \/>\n\t<meta name=\"twitter:data1\" content=\"redazione\" \/>\n\t<meta name=\"twitter:label2\" content=\"Est. reading time\" \/>\n\t<meta name=\"twitter:data2\" content=\"4 minutes\" \/>\n<script type=\"application\/ld+json\" class=\"yoast-schema-graph\">{\"@context\":\"https:\\\/\\\/schema.org\",\"@graph\":[{\"@type\":\"Article\",\"@id\":\"https:\\\/\\\/www.bellunopress.it\\\/2026\\\/08\\\/22\\\/stage-opera-2026-feltre-torna-capitale-internazionale-della-lirica\\\/#article\",\"isPartOf\":{\"@id\":\"https:\\\/\\\/www.bellunopress.it\\\/2026\\\/08\\\/22\\\/stage-opera-2026-feltre-torna-capitale-internazionale-della-lirica\\\/\"},\"author\":{\"name\":\"redazione\",\"@id\":\"https:\\\/\\\/www.bellunopress.it\\\/#\\\/schema\\\/person\\\/79bb06722b37ece1c03d3e94beb30d73\"},\"headline\":\"Stage opera 2026. Feltre torna capitale internazionale della lirica\",\"datePublished\":\"2026-08-22T14:53:54+00:00\",\"mainEntityOfPage\":{\"@id\":\"https:\\\/\\\/www.bellunopress.it\\\/2026\\\/08\\\/22\\\/stage-opera-2026-feltre-torna-capitale-internazionale-della-lirica\\\/\"},\"wordCount\":603,\"publisher\":{\"@id\":\"https:\\\/\\\/www.bellunopress.it\\\/#organization\"},\"image\":{\"@id\":\"https:\\\/\\\/www.bellunopress.it\\\/2026\\\/08\\\/22\\\/stage-opera-2026-feltre-torna-capitale-internazionale-della-lirica\\\/#primaryimage\"},\"thumbnailUrl\":\"https:\\\/\\\/www.bellunopress.it\\\/wp-content\\\/uploads\\\/2026\\\/08\\\/Feltre-lirica.jpeg\",\"articleSection\":[\"Appuntamenti, Eventi\",\"Arte, Cultura, Spettacoli, Scienza\",\"Pausa Caff\u00e8\"],\"inLanguage\":\"fr-FR\"},{\"@type\":\"WebPage\",\"@id\":\"https:\\\/\\\/www.bellunopress.it\\\/2026\\\/08\\\/22\\\/stage-opera-2026-feltre-torna-capitale-internazionale-della-lirica\\\/\",\"url\":\"https:\\\/\\\/www.bellunopress.it\\\/2026\\\/08\\\/22\\\/stage-opera-2026-feltre-torna-capitale-internazionale-della-lirica\\\/\",\"name\":\"Stage opera 2026. Feltre torna capitale internazionale della lirica - Bellunopress - Dolomiti\",\"isPartOf\":{\"@id\":\"https:\\\/\\\/www.bellunopress.it\\\/#website\"},\"primaryImageOfPage\":{\"@id\":\"https:\\\/\\\/www.bellunopress.it\\\/2026\\\/08\\\/22\\\/stage-opera-2026-feltre-torna-capitale-internazionale-della-lirica\\\/#primaryimage\"},\"image\":{\"@id\":\"https:\\\/\\\/www.bellunopress.it\\\/2026\\\/08\\\/22\\\/stage-opera-2026-feltre-torna-capitale-internazionale-della-lirica\\\/#primaryimage\"},\"thumbnailUrl\":\"https:\\\/\\\/www.bellunopress.it\\\/wp-content\\\/uploads\\\/2026\\\/08\\\/Feltre-lirica.jpeg\",\"datePublished\":\"2026-08-22T14:53:54+00:00\",\"breadcrumb\":{\"@id\":\"https:\\\/\\\/www.bellunopress.it\\\/2026\\\/08\\\/22\\\/stage-opera-2026-feltre-torna-capitale-internazionale-della-lirica\\\/#breadcrumb\"},\"inLanguage\":\"fr-FR\",\"potentialAction\":[{\"@type\":\"ReadAction\",\"target\":[\"https:\\\/\\\/www.bellunopress.it\\\/2026\\\/08\\\/22\\\/stage-opera-2026-feltre-torna-capitale-internazionale-della-lirica\\\/\"]}]},{\"@type\":\"ImageObject\",\"inLanguage\":\"fr-FR\",\"@id\":\"https:\\\/\\\/www.bellunopress.it\\\/2026\\\/08\\\/22\\\/stage-opera-2026-feltre-torna-capitale-internazionale-della-lirica\\\/#primaryimage\",\"url\":\"https:\\\/\\\/www.bellunopress.it\\\/wp-content\\\/uploads\\\/2026\\\/08\\\/Feltre-lirica.jpeg\",\"contentUrl\":\"https:\\\/\\\/www.bellunopress.it\\\/wp-content\\\/uploads\\\/2026\\\/08\\\/Feltre-lirica.jpeg\",\"width\":423,\"height\":600},{\"@type\":\"BreadcrumbList\",\"@id\":\"https:\\\/\\\/www.bellunopress.it\\\/2026\\\/08\\\/22\\\/stage-opera-2026-feltre-torna-capitale-internazionale-della-lirica\\\/#breadcrumb\",\"itemListElement\":[{\"@type\":\"ListItem\",\"position\":1,\"name\":\"Home\",\"item\":\"https:\\\/\\\/www.bellunopress.it\\\/\"},{\"@type\":\"ListItem\",\"position\":2,\"name\":\"Stage opera 2026. Feltre torna capitale internazionale della lirica\"}]},{\"@type\":\"WebSite\",\"@id\":\"https:\\\/\\\/www.bellunopress.it\\\/#website\",\"url\":\"https:\\\/\\\/www.bellunopress.it\\\/\",\"name\":\"Bellunopress - Dolomiti\",\"description\":\"e-mail: redazione@bellunopress.it\",\"publisher\":{\"@id\":\"https:\\\/\\\/www.bellunopress.it\\\/#organization\"},\"potentialAction\":[{\"@type\":\"SearchAction\",\"target\":{\"@type\":\"EntryPoint\",\"urlTemplate\":\"https:\\\/\\\/www.bellunopress.it\\\/?s={search_term_string}\"},\"query-input\":{\"@type\":\"PropertyValueSpecification\",\"valueRequired\":true,\"valueName\":\"search_term_string\"}}],\"inLanguage\":\"fr-FR\"},{\"@type\":\"Organization\",\"@id\":\"https:\\\/\\\/www.bellunopress.it\\\/#organization\",\"name\":\"Bellunopress\",\"url\":\"https:\\\/\\\/www.bellunopress.it\\\/\",\"logo\":{\"@type\":\"ImageObject\",\"inLanguage\":\"fr-FR\",\"@id\":\"https:\\\/\\\/www.bellunopress.it\\\/#\\\/schema\\\/logo\\\/image\\\/\",\"url\":\"https:\\\/\\\/www.bellunopress.it\\\/wp-content\\\/uploads\\\/2011\\\/05\\\/cropped-logo-bellunopress-.jpg\",\"contentUrl\":\"https:\\\/\\\/www.bellunopress.it\\\/wp-content\\\/uploads\\\/2011\\\/05\\\/cropped-logo-bellunopress-.jpg\",\"width\":512,\"height\":512,\"caption\":\"Bellunopress\"},\"image\":{\"@id\":\"https:\\\/\\\/www.bellunopress.it\\\/#\\\/schema\\\/logo\\\/image\\\/\"},\"sameAs\":[\"https:\\\/\\\/www.facebook.com\\\/profile.php?id=100008943462799\",\"https:\\\/\\\/x.com\\\/bellunopress\",\"https:\\\/\\\/www.linkedin.com\\\/hp\\\/?dnr=JBzUWaJfMUw8vbXJJ2tVW5-I3jZKvC4wsoxE&amp;amp;amp;amp;amp;amp;trk=nav_responsive_tab_home\",\"https:\\\/\\\/www.youtube.com\\\/channel\\\/UCxL0wu1uN0_3_7hGG0306cw\"]},{\"@type\":\"Person\",\"@id\":\"https:\\\/\\\/www.bellunopress.it\\\/#\\\/schema\\\/person\\\/79bb06722b37ece1c03d3e94beb30d73\",\"name\":\"redazione\",\"image\":{\"@type\":\"ImageObject\",\"inLanguage\":\"fr-FR\",\"@id\":\"https:\\\/\\\/secure.gravatar.com\\\/avatar\\\/37d968a2e67a6fd04c169c4bdef102d0bc5d31b2546345219e348575eb80e9a0?s=96&d=mm&r=g\",\"url\":\"https:\\\/\\\/secure.gravatar.com\\\/avatar\\\/37d968a2e67a6fd04c169c4bdef102d0bc5d31b2546345219e348575eb80e9a0?s=96&d=mm&r=g\",\"contentUrl\":\"https:\\\/\\\/secure.gravatar.com\\\/avatar\\\/37d968a2e67a6fd04c169c4bdef102d0bc5d31b2546345219e348575eb80e9a0?s=96&d=mm&r=g\",\"caption\":\"redazione\"},\"sameAs\":[\"http:\\\/\\\/www.bellunopress.it\",\"https:\\\/\\\/x.com\\\/bellunopress\"],\"url\":\"https:\\\/\\\/www.bellunopress.it\\\/fr\\\/author\\\/redazione\\\/\"}]}<\/script>\n<!-- \/ Yoast SEO plugin. -->","yoast_head_json":{"title":"Stage opera 2026. Feltre torna capitale internazionale della lirica - Bellunopress - Dolomiti","robots":{"index":"index","follow":"follow","max-snippet":"max-snippet:-1","max-image-preview":"max-image-preview:large","max-video-preview":"max-video-preview:-1"},"canonical":"https:\/\/www.bellunopress.it\/fr\/2026\/08\/22\/stage-opera-2026-feltre-torna-capitale-internazionale-della-lirica\/","og_locale":"fr_FR","og_type":"article","og_title":"Stage opera 2026. Feltre torna capitale internazionale della lirica - Bellunopress - Dolomiti","og_description":"Quindici cantanti da tutto il mondo per la settima edizione della masterclass di Vox Integra. Il 29 agosto il concerto finale al Teatro de La Sena Quindici cantanti provenienti da diverse parti del mondo, una settimana di alta formazione con docenti e artisti di livello internazionale e, per la prima volta dopo il restauro, il [&hellip;]","og_url":"https:\/\/www.bellunopress.it\/fr\/2026\/08\/22\/stage-opera-2026-feltre-torna-capitale-internazionale-della-lirica\/","og_site_name":"Bellunopress - Dolomiti","article_publisher":"https:\/\/www.facebook.com\/profile.php?id=100008943462799","article_published_time":"2026-08-22T14:53:54+00:00","og_image":[{"width":423,"height":600,"url":"https:\/\/www.bellunopress.it\/wp-content\/uploads\/2026\/08\/Feltre-lirica.jpeg","type":"image\/jpeg"}],"author":"redazione","twitter_card":"summary_large_image","twitter_creator":"@bellunopress","twitter_site":"@bellunopress","twitter_misc":{"Written by":"redazione","Est. reading time":"4 minutes"},"schema":{"@context":"https:\/\/schema.org","@graph":[{"@type":"Article","@id":"https:\/\/www.bellunopress.it\/2026\/08\/22\/stage-opera-2026-feltre-torna-capitale-internazionale-della-lirica\/#article","isPartOf":{"@id":"https:\/\/www.bellunopress.it\/2026\/08\/22\/stage-opera-2026-feltre-torna-capitale-internazionale-della-lirica\/"},"author":{"name":"redazione","@id":"https:\/\/www.bellunopress.it\/#\/schema\/person\/79bb06722b37ece1c03d3e94beb30d73"},"headline":"Stage opera 2026. Feltre torna capitale internazionale della lirica","datePublished":"2026-08-22T14:53:54+00:00","mainEntityOfPage":{"@id":"https:\/\/www.bellunopress.it\/2026\/08\/22\/stage-opera-2026-feltre-torna-capitale-internazionale-della-lirica\/"},"wordCount":603,"publisher":{"@id":"https:\/\/www.bellunopress.it\/#organization"},"image":{"@id":"https:\/\/www.bellunopress.it\/2026\/08\/22\/stage-opera-2026-feltre-torna-capitale-internazionale-della-lirica\/#primaryimage"},"thumbnailUrl":"https:\/\/www.bellunopress.it\/wp-content\/uploads\/2026\/08\/Feltre-lirica.jpeg","articleSection":["Appuntamenti, Eventi","Arte, Cultura, Spettacoli, Scienza","Pausa Caff\u00e8"],"inLanguage":"fr-FR"},{"@type":"WebPage","@id":"https:\/\/www.bellunopress.it\/2026\/08\/22\/stage-opera-2026-feltre-torna-capitale-internazionale-della-lirica\/","url":"https:\/\/www.bellunopress.it\/2026\/08\/22\/stage-opera-2026-feltre-torna-capitale-internazionale-della-lirica\/","name":"Stage opera 2026. Feltre torna capitale internazionale della lirica - Bellunopress - Dolomiti","isPartOf":{"@id":"https:\/\/www.bellunopress.it\/#website"},"primaryImageOfPage":{"@id":"https:\/\/www.bellunopress.it\/2026\/08\/22\/stage-opera-2026-feltre-torna-capitale-internazionale-della-lirica\/#primaryimage"},"image":{"@id":"https:\/\/www.bellunopress.it\/2026\/08\/22\/stage-opera-2026-feltre-torna-capitale-internazionale-della-lirica\/#primaryimage"},"thumbnailUrl":"https:\/\/www.bellunopress.it\/wp-content\/uploads\/2026\/08\/Feltre-lirica.jpeg","datePublished":"2026-08-22T14:53:54+00:00","breadcrumb":{"@id":"https:\/\/www.bellunopress.it\/2026\/08\/22\/stage-opera-2026-feltre-torna-capitale-internazionale-della-lirica\/#breadcrumb"},"inLanguage":"fr-FR","potentialAction":[{"@type":"ReadAction","target":["https:\/\/www.bellunopress.it\/2026\/08\/22\/stage-opera-2026-feltre-torna-capitale-internazionale-della-lirica\/"]}]},{"@type":"ImageObject","inLanguage":"fr-FR","@id":"https:\/\/www.bellunopress.it\/2026\/08\/22\/stage-opera-2026-feltre-torna-capitale-internazionale-della-lirica\/#primaryimage","url":"https:\/\/www.bellunopress.it\/wp-content\/uploads\/2026\/08\/Feltre-lirica.jpeg","contentUrl":"https:\/\/www.bellunopress.it\/wp-content\/uploads\/2026\/08\/Feltre-lirica.jpeg","width":423,"height":600},{"@type":"BreadcrumbList","@id":"https:\/\/www.bellunopress.it\/2026\/08\/22\/stage-opera-2026-feltre-torna-capitale-internazionale-della-lirica\/#breadcrumb","itemListElement":[{"@type":"ListItem","position":1,"name":"Home","item":"https:\/\/www.bellunopress.it\/"},{"@type":"ListItem","position":2,"name":"Stage opera 2026. Feltre torna capitale internazionale della lirica"}]},{"@type":"WebSite","@id":"https:\/\/www.bellunopress.it\/#website","url":"https:\/\/www.bellunopress.it\/","name":"Bellunopress - Dolomiti","description":"e-mail: redazione@bellunopress.it","publisher":{"@id":"https:\/\/www.bellunopress.it\/#organization"},"potentialAction":[{"@type":"SearchAction","target":{"@type":"EntryPoint","urlTemplate":"https:\/\/www.bellunopress.it\/?s={search_term_string}"},"query-input":{"@type":"PropertyValueSpecification","valueRequired":true,"valueName":"search_term_string"}}],"inLanguage":"fr-FR"},{"@type":"Organization","@id":"https:\/\/www.bellunopress.it\/#organization","name":"Bellunopress","url":"https:\/\/www.bellunopress.it\/","logo":{"@type":"ImageObject","inLanguage":"fr-FR","@id":"https:\/\/www.bellunopress.it\/#\/schema\/logo\/image\/","url":"https:\/\/www.bellunopress.it\/wp-content\/uploads\/2011\/05\/cropped-logo-bellunopress-.jpg","contentUrl":"https:\/\/www.bellunopress.it\/wp-content\/uploads\/2011\/05\/cropped-logo-bellunopress-.jpg","width":512,"height":512,"caption":"Bellunopress"},"image":{"@id":"https:\/\/www.bellunopress.it\/#\/schema\/logo\/image\/"},"sameAs":["https:\/\/www.facebook.com\/profile.php?id=100008943462799","https:\/\/x.com\/bellunopress","https:\/\/www.linkedin.com\/hp\/?dnr=JBzUWaJfMUw8vbXJJ2tVW5-I3jZKvC4wsoxE&amp;amp;amp;amp;amp;amp;trk=nav_responsive_tab_home","https:\/\/www.youtube.com\/channel\/UCxL0wu1uN0_3_7hGG0306cw"]},{"@type":"Person","@id":"https:\/\/www.bellunopress.it\/#\/schema\/person\/79bb06722b37ece1c03d3e94beb30d73","name":"r\u00e9daction","image":{"@type":"ImageObject","inLanguage":"fr-FR","@id":"https:\/\/secure.gravatar.com\/avatar\/37d968a2e67a6fd04c169c4bdef102d0bc5d31b2546345219e348575eb80e9a0?s=96&d=mm&r=g","url":"https:\/\/secure.gravatar.com\/avatar\/37d968a2e67a6fd04c169c4bdef102d0bc5d31b2546345219e348575eb80e9a0?s=96&d=mm&r=g","contentUrl":"https:\/\/secure.gravatar.com\/avatar\/37d968a2e67a6fd04c169c4bdef102d0bc5d31b2546345219e348575eb80e9a0?s=96&d=mm&r=g","caption":"redazione"},"sameAs":["http:\/\/www.bellunopress.it","https:\/\/x.com\/bellunopress"],"url":"https:\/\/www.bellunopress.it\/fr\/author\/redazione\/"}]}},"_links":{"self":[{"href":"https:\/\/www.bellunopress.it\/fr\/wp-json\/wp\/v2\/posts\/172824","targetHints":{"allow":["GET"]}}],"collection":[{"href":"https:\/\/www.bellunopress.it\/fr\/wp-json\/wp\/v2\/posts"}],"about":[{"href":"https:\/\/www.bellunopress.it\/fr\/wp-json\/wp\/v2\/types\/post"}],"author":[{"embeddable":true,"href":"https:\/\/www.bellunopress.it\/fr\/wp-json\/wp\/v2\/users\/2"}],"replies":[{"embeddable":true,"href":"https:\/\/www.bellunopress.it\/fr\/wp-json\/wp\/v2\/comments?post=172824"}],"version-history":[{"count":1,"href":"https:\/\/www.bellunopress.it\/fr\/wp-json\/wp\/v2\/posts\/172824\/revisions"}],"predecessor-version":[{"id":172826,"href":"https:\/\/www.bellunopress.it\/fr\/wp-json\/wp\/v2\/posts\/172824\/revisions\/172826"}],"wp:featuredmedia":[{"embeddable":true,"href":"https:\/\/www.bellunopress.it\/fr\/wp-json\/wp\/v2\/media\/172825"}],"wp:attachment":[{"href":"https:\/\/www.bellunopress.it\/fr\/wp-json\/wp\/v2\/media?parent=172824"}],"wp:term":[{"taxonomy":"category","embeddable":true,"href":"https:\/\/www.bellunopress.it\/fr\/wp-json\/wp\/v2\/categories?post=172824"},{"taxonomy":"post_tag","embeddable":true,"href":"https:\/\/www.bellunopress.it\/fr\/wp-json\/wp\/v2\/tags?post=172824"}],"curies":[{"name":"wp","href":"https:\/\/api.w.org\/{rel}","templated":true}]}}