{"id":172811,"date":"2026-08-22T09:10:11","date_gmt":"2026-08-22T07:10:11","guid":{"rendered":"https:\/\/www.bellunopress.it\/?p=172811"},"modified":"2026-08-22T09:10:11","modified_gmt":"2026-08-22T07:10:11","slug":"borgo-valbelluna-impianti-sportivi-la-minoranza-costruiamo-borgo-denuncia-limmobilismo-dellamministrazione","status":"publish","type":"post","link":"https:\/\/www.bellunopress.it\/fr\/2026\/08\/22\/borgo-valbelluna-impianti-sportivi-la-minoranza-costruiamo-borgo-denuncia-limmobilismo-dellamministrazione\/","title":{"rendered":"Borgo Valbelluna, impianti sportivi: La minoranza Costruiamo Borgo denuncia l&#8217;immobilismo dell&#8217;Amministrazione"},"content":{"rendered":"<p data-path-to-node=\"4\"><b data-path-to-node=\"4\" data-index-in-node=\"0\">Il Gruppo Consiliare solleva preoccupazioni per la gestione delle strutture comunali: &#8220;Le societ\u00e0 sportive sono partner, non soggetti da ignorare&#8221;.<\/b><\/p>\n<p data-path-to-node=\"5\">Il Gruppo Consiliare &#8220;Costruiamo Borgo&#8221; ha acceso i riflettori su una situazione che definisce di &#8220;grave criticit\u00e0&#8221; per quanto riguarda la gestione degli impianti sportivi comunali. Al centro della polemica, in particolare, si trova il centro sportivo di Lentiai, gestito dalla USD Lentiai Limana ASD, le cui attivit\u00e0 sono messe a rischio da una serie di rinvii e promesse disattese dall&#8217;Amministrazione.<\/p>\n<p data-path-to-node=\"6\"><b data-path-to-node=\"6\" data-index-in-node=\"0\">Il caso Lentiai: tra burocrazia e danni strutturali<\/b> Dalla documentazione presentata, emerge un quadro di inefficienza che ostacola le attivit\u00e0 di una realt\u00e0 fondamentale per centinaia di famiglie e giovani del territorio. Le problematiche sono tre e ben definite:<\/p>\n<ul data-path-to-node=\"7\">\n<li>\n<p data-path-to-node=\"7,0,0\"><b data-path-to-node=\"7,0,0\" data-index-in-node=\"0\">Illuminazione del campo sintetico:<\/b> Nonostante i fondi siano disponibili dal primo semestre del 2025, i lavori sono ancora bloccati nella fase di gara, a pochi giorni dall&#8217;inizio della stagione.<\/p>\n<\/li>\n<li>\n<p data-path-to-node=\"7,1,0\"><b data-path-to-node=\"7,1,0\" data-index-in-node=\"0\">Recinzione esterna:<\/b> Un accordo vecchio di oltre un anno, che prevedeva la collaborazione tra Comune (fornitura materiali) e associazione (esecuzione lavori), \u00e8 rimasto inattuato.<\/p>\n<\/li>\n<li>\n<p data-path-to-node=\"7,2,0\"><b data-path-to-node=\"7,2,0\" data-index-in-node=\"0\">Impianto di irrigazione:<\/b> Un guasto segnalato da oltre un mese non \u00e8 stato risolto, causando danni al manto sintetico proprio in vista della ripresa degli allenamenti.<\/p>\n<\/li>\n<\/ul>\n<p data-path-to-node=\"8\">&#8220;Non \u00e8 accettabile che le associazioni, che investono migliaia di ore di volontariato, debbano costantemente rincorrere il Comune per interventi ordinari o gi\u00e0 programmati&#8221;, tuona il gruppo consiliare.<\/p>\n<p data-path-to-node=\"9\"><b data-path-to-node=\"9\" data-index-in-node=\"0\">Oltre l&#8217;emergenza: serve visione strategica<\/b> La denuncia di &#8220;Costruiamo Borgo&#8221; non si limita a contestare le singole mancanze, ma propone una riflessione pi\u00f9 ampia sulla mancanza di una reale programmazione degli investimenti. Per il gruppo, occorre puntare sulla sostenibilit\u00e0 e sulla riduzione dei costi gestionali. Un esempio citato \u00e8 quello del campo &#8220;La Lora&#8221; di Mel: l&#8217;installazione di illuminazione a LED e di pannelli solari sulle coperture delle tribune permetterebbe un risparmio strutturale importante sui consumi elettrici e sul costo del GPL, alleggerendo significativamente il peso economico che ricade sulle spalle delle societ\u00e0.<\/p>\n<p data-path-to-node=\"10\"><b data-path-to-node=\"10\" data-index-in-node=\"0\">La richiesta di cambio di rotta<\/b> Il Gruppo consiliare esige un cambio di metodo immediato: la pubblicazione di un cronoprogramma certo, il rispetto degli impegni presi e una comunicazione efficace con chi, ogni giorno, gestisce le strutture. &#8220;Le societ\u00e0 sportive non chiedono privilegi&#8221;, conclude la nota, &#8220;ma solo di poter operare con strutture sicure e interlocutori affidabili&#8221;.<\/p>","protected":false},"excerpt":{"rendered":"<p>Il Gruppo Consiliare solleva preoccupazioni per la gestione delle strutture comunali: &#8220;Le societ\u00e0 sportive sono partner, non soggetti da ignorare&#8221;. Il Gruppo Consiliare &#8220;Costruiamo Borgo&#8221; ha acceso i riflettori su una situazione che definisce di &#8220;grave criticit\u00e0&#8221; per quanto riguarda la gestione degli impianti sportivi comunali. Al centro della polemica, in particolare, si trova il [&hellip;]<\/p>\n","protected":false},"author":2,"featured_media":149482,"comment_status":"closed","ping_status":"open","sticky":false,"template":"","format":"standard","meta":{"footnotes":""},"categories":[5],"tags":[],"class_list":["post-172811","post","type-post","status-publish","format-standard","has-post-thumbnail","category-cronaca"],"yoast_head":"<!-- This site is optimized with the Yoast SEO plugin v28.4 - https:\/\/yoast.com\/product\/yoast-seo-wordpress\/ -->\n<title>Borgo Valbelluna, impianti sportivi: La minoranza Costruiamo Borgo denuncia l&#039;immobilismo dell&#039;Amministrazione - Bellunopress - Dolomiti<\/title>\n<meta name=\"robots\" content=\"index, follow, max-snippet:-1, max-image-preview:large, max-video-preview:-1\" \/>\n<link rel=\"canonical\" href=\"https:\/\/www.bellunopress.it\/fr\/2026\/08\/22\/borgo-valbelluna-impianti-sportivi-la-minoranza-costruiamo-borgo-denuncia-limmobilismo-dellamministrazione\/\" \/>\n<meta property=\"og:locale\" content=\"fr_FR\" \/>\n<meta property=\"og:type\" content=\"article\" \/>\n<meta property=\"og:title\" content=\"Borgo Valbelluna, impianti sportivi: La minoranza Costruiamo Borgo denuncia l&#039;immobilismo dell&#039;Amministrazione - Bellunopress - Dolomiti\" \/>\n<meta property=\"og:description\" content=\"Il Gruppo Consiliare solleva preoccupazioni per la gestione delle strutture comunali: &#8220;Le societ\u00e0 sportive sono partner, non soggetti da ignorare&#8221;. Il Gruppo Consiliare &#8220;Costruiamo Borgo&#8221; ha acceso i riflettori su una situazione che definisce di &#8220;grave criticit\u00e0&#8221; per quanto riguarda la gestione degli impianti sportivi comunali. Al centro della polemica, in particolare, si trova il [&hellip;]\" \/>\n<meta property=\"og:url\" content=\"https:\/\/www.bellunopress.it\/fr\/2026\/08\/22\/borgo-valbelluna-impianti-sportivi-la-minoranza-costruiamo-borgo-denuncia-limmobilismo-dellamministrazione\/\" \/>\n<meta property=\"og:site_name\" content=\"Bellunopress - Dolomiti\" \/>\n<meta property=\"article:publisher\" content=\"https:\/\/www.facebook.com\/profile.php?id=100008943462799\" \/>\n<meta property=\"article:published_time\" content=\"2026-08-22T07:10:11+00:00\" \/>\n<meta property=\"og:image\" content=\"https:\/\/www.bellunopress.it\/wp-content\/uploads\/2024\/03\/Dario-Dal-Magro-candidato-sindaco-Borgo-Valbelluna-.jpg\" \/>\n\t<meta property=\"og:image:width\" content=\"1000\" \/>\n\t<meta property=\"og:image:height\" content=\"667\" \/>\n\t<meta property=\"og:image:type\" content=\"image\/jpeg\" \/>\n<meta name=\"author\" content=\"redazione\" \/>\n<meta name=\"twitter:card\" content=\"summary_large_image\" \/>\n<meta name=\"twitter:creator\" content=\"@bellunopress\" \/>\n<meta name=\"twitter:site\" content=\"@bellunopress\" \/>\n<meta name=\"twitter:label1\" content=\"Written by\" \/>\n\t<meta name=\"twitter:data1\" content=\"redazione\" \/>\n\t<meta name=\"twitter:label2\" content=\"Est. reading time\" \/>\n\t<meta name=\"twitter:data2\" content=\"3 minutes\" \/>\n<script type=\"application\/ld+json\" class=\"yoast-schema-graph\">{\"@context\":\"https:\\\/\\\/schema.org\",\"@graph\":[{\"@type\":\"Article\",\"@id\":\"https:\\\/\\\/www.bellunopress.it\\\/2026\\\/08\\\/22\\\/borgo-valbelluna-impianti-sportivi-la-minoranza-costruiamo-borgo-denuncia-limmobilismo-dellamministrazione\\\/#article\",\"isPartOf\":{\"@id\":\"https:\\\/\\\/www.bellunopress.it\\\/2026\\\/08\\\/22\\\/borgo-valbelluna-impianti-sportivi-la-minoranza-costruiamo-borgo-denuncia-limmobilismo-dellamministrazione\\\/\"},\"author\":{\"name\":\"redazione\",\"@id\":\"https:\\\/\\\/www.bellunopress.it\\\/#\\\/schema\\\/person\\\/79bb06722b37ece1c03d3e94beb30d73\"},\"headline\":\"Borgo Valbelluna, impianti sportivi: La minoranza Costruiamo Borgo denuncia l&#8217;immobilismo dell&#8217;Amministrazione\",\"datePublished\":\"2026-08-22T07:10:11+00:00\",\"mainEntityOfPage\":{\"@id\":\"https:\\\/\\\/www.bellunopress.it\\\/2026\\\/08\\\/22\\\/borgo-valbelluna-impianti-sportivi-la-minoranza-costruiamo-borgo-denuncia-limmobilismo-dellamministrazione\\\/\"},\"wordCount\":389,\"publisher\":{\"@id\":\"https:\\\/\\\/www.bellunopress.it\\\/#organization\"},\"image\":{\"@id\":\"https:\\\/\\\/www.bellunopress.it\\\/2026\\\/08\\\/22\\\/borgo-valbelluna-impianti-sportivi-la-minoranza-costruiamo-borgo-denuncia-limmobilismo-dellamministrazione\\\/#primaryimage\"},\"thumbnailUrl\":\"https:\\\/\\\/www.bellunopress.it\\\/wp-content\\\/uploads\\\/2024\\\/03\\\/Dario-Dal-Magro-candidato-sindaco-Borgo-Valbelluna-.jpg\",\"articleSection\":[\"Cronaca\\\/Politica\"],\"inLanguage\":\"fr-FR\"},{\"@type\":\"WebPage\",\"@id\":\"https:\\\/\\\/www.bellunopress.it\\\/2026\\\/08\\\/22\\\/borgo-valbelluna-impianti-sportivi-la-minoranza-costruiamo-borgo-denuncia-limmobilismo-dellamministrazione\\\/\",\"url\":\"https:\\\/\\\/www.bellunopress.it\\\/2026\\\/08\\\/22\\\/borgo-valbelluna-impianti-sportivi-la-minoranza-costruiamo-borgo-denuncia-limmobilismo-dellamministrazione\\\/\",\"name\":\"Borgo Valbelluna, impianti sportivi: La minoranza Costruiamo Borgo denuncia l'immobilismo dell'Amministrazione - Bellunopress - Dolomiti\",\"isPartOf\":{\"@id\":\"https:\\\/\\\/www.bellunopress.it\\\/#website\"},\"primaryImageOfPage\":{\"@id\":\"https:\\\/\\\/www.bellunopress.it\\\/2026\\\/08\\\/22\\\/borgo-valbelluna-impianti-sportivi-la-minoranza-costruiamo-borgo-denuncia-limmobilismo-dellamministrazione\\\/#primaryimage\"},\"image\":{\"@id\":\"https:\\\/\\\/www.bellunopress.it\\\/2026\\\/08\\\/22\\\/borgo-valbelluna-impianti-sportivi-la-minoranza-costruiamo-borgo-denuncia-limmobilismo-dellamministrazione\\\/#primaryimage\"},\"thumbnailUrl\":\"https:\\\/\\\/www.bellunopress.it\\\/wp-content\\\/uploads\\\/2024\\\/03\\\/Dario-Dal-Magro-candidato-sindaco-Borgo-Valbelluna-.jpg\",\"datePublished\":\"2026-08-22T07:10:11+00:00\",\"breadcrumb\":{\"@id\":\"https:\\\/\\\/www.bellunopress.it\\\/2026\\\/08\\\/22\\\/borgo-valbelluna-impianti-sportivi-la-minoranza-costruiamo-borgo-denuncia-limmobilismo-dellamministrazione\\\/#breadcrumb\"},\"inLanguage\":\"fr-FR\",\"potentialAction\":[{\"@type\":\"ReadAction\",\"target\":[\"https:\\\/\\\/www.bellunopress.it\\\/2026\\\/08\\\/22\\\/borgo-valbelluna-impianti-sportivi-la-minoranza-costruiamo-borgo-denuncia-limmobilismo-dellamministrazione\\\/\"]}]},{\"@type\":\"ImageObject\",\"inLanguage\":\"fr-FR\",\"@id\":\"https:\\\/\\\/www.bellunopress.it\\\/2026\\\/08\\\/22\\\/borgo-valbelluna-impianti-sportivi-la-minoranza-costruiamo-borgo-denuncia-limmobilismo-dellamministrazione\\\/#primaryimage\",\"url\":\"https:\\\/\\\/www.bellunopress.it\\\/wp-content\\\/uploads\\\/2024\\\/03\\\/Dario-Dal-Magro-candidato-sindaco-Borgo-Valbelluna-.jpg\",\"contentUrl\":\"https:\\\/\\\/www.bellunopress.it\\\/wp-content\\\/uploads\\\/2024\\\/03\\\/Dario-Dal-Magro-candidato-sindaco-Borgo-Valbelluna-.jpg\",\"width\":1000,\"height\":667,\"caption\":\"Dario Dal Magro - Gruppo consiliare Costruiamo Borgo\"},{\"@type\":\"BreadcrumbList\",\"@id\":\"https:\\\/\\\/www.bellunopress.it\\\/2026\\\/08\\\/22\\\/borgo-valbelluna-impianti-sportivi-la-minoranza-costruiamo-borgo-denuncia-limmobilismo-dellamministrazione\\\/#breadcrumb\",\"itemListElement\":[{\"@type\":\"ListItem\",\"position\":1,\"name\":\"Home\",\"item\":\"https:\\\/\\\/www.bellunopress.it\\\/\"},{\"@type\":\"ListItem\",\"position\":2,\"name\":\"Borgo Valbelluna, impianti sportivi: La minoranza Costruiamo Borgo denuncia l&#8217;immobilismo dell&#8217;Amministrazione\"}]},{\"@type\":\"WebSite\",\"@id\":\"https:\\\/\\\/www.bellunopress.it\\\/#website\",\"url\":\"https:\\\/\\\/www.bellunopress.it\\\/\",\"name\":\"Bellunopress - Dolomiti\",\"description\":\"e-mail: redazione@bellunopress.it\",\"publisher\":{\"@id\":\"https:\\\/\\\/www.bellunopress.it\\\/#organization\"},\"potentialAction\":[{\"@type\":\"SearchAction\",\"target\":{\"@type\":\"EntryPoint\",\"urlTemplate\":\"https:\\\/\\\/www.bellunopress.it\\\/?s={search_term_string}\"},\"query-input\":{\"@type\":\"PropertyValueSpecification\",\"valueRequired\":true,\"valueName\":\"search_term_string\"}}],\"inLanguage\":\"fr-FR\"},{\"@type\":\"Organization\",\"@id\":\"https:\\\/\\\/www.bellunopress.it\\\/#organization\",\"name\":\"Bellunopress\",\"url\":\"https:\\\/\\\/www.bellunopress.it\\\/\",\"logo\":{\"@type\":\"ImageObject\",\"inLanguage\":\"fr-FR\",\"@id\":\"https:\\\/\\\/www.bellunopress.it\\\/#\\\/schema\\\/logo\\\/image\\\/\",\"url\":\"https:\\\/\\\/www.bellunopress.it\\\/wp-content\\\/uploads\\\/2011\\\/05\\\/cropped-logo-bellunopress-.jpg\",\"contentUrl\":\"https:\\\/\\\/www.bellunopress.it\\\/wp-content\\\/uploads\\\/2011\\\/05\\\/cropped-logo-bellunopress-.jpg\",\"width\":512,\"height\":512,\"caption\":\"Bellunopress\"},\"image\":{\"@id\":\"https:\\\/\\\/www.bellunopress.it\\\/#\\\/schema\\\/logo\\\/image\\\/\"},\"sameAs\":[\"https:\\\/\\\/www.facebook.com\\\/profile.php?id=100008943462799\",\"https:\\\/\\\/x.com\\\/bellunopress\",\"https:\\\/\\\/www.linkedin.com\\\/hp\\\/?dnr=JBzUWaJfMUw8vbXJJ2tVW5-I3jZKvC4wsoxE&amp;amp;amp;amp;amp;amp;trk=nav_responsive_tab_home\",\"https:\\\/\\\/www.youtube.com\\\/channel\\\/UCxL0wu1uN0_3_7hGG0306cw\"]},{\"@type\":\"Person\",\"@id\":\"https:\\\/\\\/www.bellunopress.it\\\/#\\\/schema\\\/person\\\/79bb06722b37ece1c03d3e94beb30d73\",\"name\":\"redazione\",\"image\":{\"@type\":\"ImageObject\",\"inLanguage\":\"fr-FR\",\"@id\":\"https:\\\/\\\/secure.gravatar.com\\\/avatar\\\/37d968a2e67a6fd04c169c4bdef102d0bc5d31b2546345219e348575eb80e9a0?s=96&d=mm&r=g\",\"url\":\"https:\\\/\\\/secure.gravatar.com\\\/avatar\\\/37d968a2e67a6fd04c169c4bdef102d0bc5d31b2546345219e348575eb80e9a0?s=96&d=mm&r=g\",\"contentUrl\":\"https:\\\/\\\/secure.gravatar.com\\\/avatar\\\/37d968a2e67a6fd04c169c4bdef102d0bc5d31b2546345219e348575eb80e9a0?s=96&d=mm&r=g\",\"caption\":\"redazione\"},\"sameAs\":[\"http:\\\/\\\/www.bellunopress.it\",\"https:\\\/\\\/x.com\\\/bellunopress\"],\"url\":\"https:\\\/\\\/www.bellunopress.it\\\/fr\\\/author\\\/redazione\\\/\"}]}<\/script>\n<!-- \/ Yoast SEO plugin. -->","yoast_head_json":{"title":"Borgo Valbelluna, impianti sportivi: La minoranza Costruiamo Borgo denuncia l'immobilismo dell'Amministrazione - Bellunopress - Dolomiti","robots":{"index":"index","follow":"follow","max-snippet":"max-snippet:-1","max-image-preview":"max-image-preview:large","max-video-preview":"max-video-preview:-1"},"canonical":"https:\/\/www.bellunopress.it\/fr\/2026\/08\/22\/borgo-valbelluna-impianti-sportivi-la-minoranza-costruiamo-borgo-denuncia-limmobilismo-dellamministrazione\/","og_locale":"fr_FR","og_type":"article","og_title":"Borgo Valbelluna, impianti sportivi: La minoranza Costruiamo Borgo denuncia l'immobilismo dell'Amministrazione - Bellunopress - Dolomiti","og_description":"Il Gruppo Consiliare solleva preoccupazioni per la gestione delle strutture comunali: &#8220;Le societ\u00e0 sportive sono partner, non soggetti da ignorare&#8221;. Il Gruppo Consiliare &#8220;Costruiamo Borgo&#8221; ha acceso i riflettori su una situazione che definisce di &#8220;grave criticit\u00e0&#8221; per quanto riguarda la gestione degli impianti sportivi comunali. Al centro della polemica, in particolare, si trova il [&hellip;]","og_url":"https:\/\/www.bellunopress.it\/fr\/2026\/08\/22\/borgo-valbelluna-impianti-sportivi-la-minoranza-costruiamo-borgo-denuncia-limmobilismo-dellamministrazione\/","og_site_name":"Bellunopress - Dolomiti","article_publisher":"https:\/\/www.facebook.com\/profile.php?id=100008943462799","article_published_time":"2026-08-22T07:10:11+00:00","og_image":[{"width":1000,"height":667,"url":"https:\/\/www.bellunopress.it\/wp-content\/uploads\/2024\/03\/Dario-Dal-Magro-candidato-sindaco-Borgo-Valbelluna-.jpg","type":"image\/jpeg"}],"author":"redazione","twitter_card":"summary_large_image","twitter_creator":"@bellunopress","twitter_site":"@bellunopress","twitter_misc":{"Written by":"redazione","Est. reading time":"3 minutes"},"schema":{"@context":"https:\/\/schema.org","@graph":[{"@type":"Article","@id":"https:\/\/www.bellunopress.it\/2026\/08\/22\/borgo-valbelluna-impianti-sportivi-la-minoranza-costruiamo-borgo-denuncia-limmobilismo-dellamministrazione\/#article","isPartOf":{"@id":"https:\/\/www.bellunopress.it\/2026\/08\/22\/borgo-valbelluna-impianti-sportivi-la-minoranza-costruiamo-borgo-denuncia-limmobilismo-dellamministrazione\/"},"author":{"name":"redazione","@id":"https:\/\/www.bellunopress.it\/#\/schema\/person\/79bb06722b37ece1c03d3e94beb30d73"},"headline":"Borgo Valbelluna, impianti sportivi: La minoranza Costruiamo Borgo denuncia l&#8217;immobilismo dell&#8217;Amministrazione","datePublished":"2026-08-22T07:10:11+00:00","mainEntityOfPage":{"@id":"https:\/\/www.bellunopress.it\/2026\/08\/22\/borgo-valbelluna-impianti-sportivi-la-minoranza-costruiamo-borgo-denuncia-limmobilismo-dellamministrazione\/"},"wordCount":389,"publisher":{"@id":"https:\/\/www.bellunopress.it\/#organization"},"image":{"@id":"https:\/\/www.bellunopress.it\/2026\/08\/22\/borgo-valbelluna-impianti-sportivi-la-minoranza-costruiamo-borgo-denuncia-limmobilismo-dellamministrazione\/#primaryimage"},"thumbnailUrl":"https:\/\/www.bellunopress.it\/wp-content\/uploads\/2024\/03\/Dario-Dal-Magro-candidato-sindaco-Borgo-Valbelluna-.jpg","articleSection":["Cronaca\/Politica"],"inLanguage":"fr-FR"},{"@type":"WebPage","@id":"https:\/\/www.bellunopress.it\/2026\/08\/22\/borgo-valbelluna-impianti-sportivi-la-minoranza-costruiamo-borgo-denuncia-limmobilismo-dellamministrazione\/","url":"https:\/\/www.bellunopress.it\/2026\/08\/22\/borgo-valbelluna-impianti-sportivi-la-minoranza-costruiamo-borgo-denuncia-limmobilismo-dellamministrazione\/","name":"Borgo Valbelluna, impianti sportivi: La minoranza Costruiamo Borgo denuncia l'immobilismo dell'Amministrazione - Bellunopress - Dolomiti","isPartOf":{"@id":"https:\/\/www.bellunopress.it\/#website"},"primaryImageOfPage":{"@id":"https:\/\/www.bellunopress.it\/2026\/08\/22\/borgo-valbelluna-impianti-sportivi-la-minoranza-costruiamo-borgo-denuncia-limmobilismo-dellamministrazione\/#primaryimage"},"image":{"@id":"https:\/\/www.bellunopress.it\/2026\/08\/22\/borgo-valbelluna-impianti-sportivi-la-minoranza-costruiamo-borgo-denuncia-limmobilismo-dellamministrazione\/#primaryimage"},"thumbnailUrl":"https:\/\/www.bellunopress.it\/wp-content\/uploads\/2024\/03\/Dario-Dal-Magro-candidato-sindaco-Borgo-Valbelluna-.jpg","datePublished":"2026-08-22T07:10:11+00:00","breadcrumb":{"@id":"https:\/\/www.bellunopress.it\/2026\/08\/22\/borgo-valbelluna-impianti-sportivi-la-minoranza-costruiamo-borgo-denuncia-limmobilismo-dellamministrazione\/#breadcrumb"},"inLanguage":"fr-FR","potentialAction":[{"@type":"ReadAction","target":["https:\/\/www.bellunopress.it\/2026\/08\/22\/borgo-valbelluna-impianti-sportivi-la-minoranza-costruiamo-borgo-denuncia-limmobilismo-dellamministrazione\/"]}]},{"@type":"ImageObject","inLanguage":"fr-FR","@id":"https:\/\/www.bellunopress.it\/2026\/08\/22\/borgo-valbelluna-impianti-sportivi-la-minoranza-costruiamo-borgo-denuncia-limmobilismo-dellamministrazione\/#primaryimage","url":"https:\/\/www.bellunopress.it\/wp-content\/uploads\/2024\/03\/Dario-Dal-Magro-candidato-sindaco-Borgo-Valbelluna-.jpg","contentUrl":"https:\/\/www.bellunopress.it\/wp-content\/uploads\/2024\/03\/Dario-Dal-Magro-candidato-sindaco-Borgo-Valbelluna-.jpg","width":1000,"height":667,"caption":"Dario Dal Magro - Gruppo consiliare Costruiamo Borgo"},{"@type":"BreadcrumbList","@id":"https:\/\/www.bellunopress.it\/2026\/08\/22\/borgo-valbelluna-impianti-sportivi-la-minoranza-costruiamo-borgo-denuncia-limmobilismo-dellamministrazione\/#breadcrumb","itemListElement":[{"@type":"ListItem","position":1,"name":"Home","item":"https:\/\/www.bellunopress.it\/"},{"@type":"ListItem","position":2,"name":"Borgo Valbelluna, impianti sportivi: La minoranza Costruiamo Borgo denuncia l&#8217;immobilismo dell&#8217;Amministrazione"}]},{"@type":"WebSite","@id":"https:\/\/www.bellunopress.it\/#website","url":"https:\/\/www.bellunopress.it\/","name":"Bellunopress - Dolomiti","description":"e-mail: redazione@bellunopress.it","publisher":{"@id":"https:\/\/www.bellunopress.it\/#organization"},"potentialAction":[{"@type":"SearchAction","target":{"@type":"EntryPoint","urlTemplate":"https:\/\/www.bellunopress.it\/?s={search_term_string}"},"query-input":{"@type":"PropertyValueSpecification","valueRequired":true,"valueName":"search_term_string"}}],"inLanguage":"fr-FR"},{"@type":"Organization","@id":"https:\/\/www.bellunopress.it\/#organization","name":"Bellunopress","url":"https:\/\/www.bellunopress.it\/","logo":{"@type":"ImageObject","inLanguage":"fr-FR","@id":"https:\/\/www.bellunopress.it\/#\/schema\/logo\/image\/","url":"https:\/\/www.bellunopress.it\/wp-content\/uploads\/2011\/05\/cropped-logo-bellunopress-.jpg","contentUrl":"https:\/\/www.bellunopress.it\/wp-content\/uploads\/2011\/05\/cropped-logo-bellunopress-.jpg","width":512,"height":512,"caption":"Bellunopress"},"image":{"@id":"https:\/\/www.bellunopress.it\/#\/schema\/logo\/image\/"},"sameAs":["https:\/\/www.facebook.com\/profile.php?id=100008943462799","https:\/\/x.com\/bellunopress","https:\/\/www.linkedin.com\/hp\/?dnr=JBzUWaJfMUw8vbXJJ2tVW5-I3jZKvC4wsoxE&amp;amp;amp;amp;amp;amp;trk=nav_responsive_tab_home","https:\/\/www.youtube.com\/channel\/UCxL0wu1uN0_3_7hGG0306cw"]},{"@type":"Person","@id":"https:\/\/www.bellunopress.it\/#\/schema\/person\/79bb06722b37ece1c03d3e94beb30d73","name":"r\u00e9daction","image":{"@type":"ImageObject","inLanguage":"fr-FR","@id":"https:\/\/secure.gravatar.com\/avatar\/37d968a2e67a6fd04c169c4bdef102d0bc5d31b2546345219e348575eb80e9a0?s=96&d=mm&r=g","url":"https:\/\/secure.gravatar.com\/avatar\/37d968a2e67a6fd04c169c4bdef102d0bc5d31b2546345219e348575eb80e9a0?s=96&d=mm&r=g","contentUrl":"https:\/\/secure.gravatar.com\/avatar\/37d968a2e67a6fd04c169c4bdef102d0bc5d31b2546345219e348575eb80e9a0?s=96&d=mm&r=g","caption":"redazione"},"sameAs":["http:\/\/www.bellunopress.it","https:\/\/x.com\/bellunopress"],"url":"https:\/\/www.bellunopress.it\/fr\/author\/redazione\/"}]}},"_links":{"self":[{"href":"https:\/\/www.bellunopress.it\/fr\/wp-json\/wp\/v2\/posts\/172811","targetHints":{"allow":["GET"]}}],"collection":[{"href":"https:\/\/www.bellunopress.it\/fr\/wp-json\/wp\/v2\/posts"}],"about":[{"href":"https:\/\/www.bellunopress.it\/fr\/wp-json\/wp\/v2\/types\/post"}],"author":[{"embeddable":true,"href":"https:\/\/www.bellunopress.it\/fr\/wp-json\/wp\/v2\/users\/2"}],"replies":[{"embeddable":true,"href":"https:\/\/www.bellunopress.it\/fr\/wp-json\/wp\/v2\/comments?post=172811"}],"version-history":[{"count":1,"href":"https:\/\/www.bellunopress.it\/fr\/wp-json\/wp\/v2\/posts\/172811\/revisions"}],"predecessor-version":[{"id":172812,"href":"https:\/\/www.bellunopress.it\/fr\/wp-json\/wp\/v2\/posts\/172811\/revisions\/172812"}],"wp:featuredmedia":[{"embeddable":true,"href":"https:\/\/www.bellunopress.it\/fr\/wp-json\/wp\/v2\/media\/149482"}],"wp:attachment":[{"href":"https:\/\/www.bellunopress.it\/fr\/wp-json\/wp\/v2\/media?parent=172811"}],"wp:term":[{"taxonomy":"category","embeddable":true,"href":"https:\/\/www.bellunopress.it\/fr\/wp-json\/wp\/v2\/categories?post=172811"},{"taxonomy":"post_tag","embeddable":true,"href":"https:\/\/www.bellunopress.it\/fr\/wp-json\/wp\/v2\/tags?post=172811"}],"curies":[{"name":"wp","href":"https:\/\/api.w.org\/{rel}","templated":true}]}}