{"id":172806,"date":"2026-08-21T18:47:28","date_gmt":"2026-08-21T16:47:28","guid":{"rendered":"https:\/\/www.bellunopress.it\/?p=172806"},"modified":"2026-08-21T18:47:41","modified_gmt":"2026-08-21T16:47:41","slug":"festa-per-i-125-anni-di-storia-dei-vigili-del-fuoco-volontari-di-borca-e-vodo","status":"publish","type":"post","link":"https:\/\/www.bellunopress.it\/fr\/2026\/08\/21\/festa-per-i-125-anni-di-storia-dei-vigili-del-fuoco-volontari-di-borca-e-vodo\/","title":{"rendered":"Festa per i 125 anni di storia dei Vigili del Fuoco\u00a0Volontari di Borca e Vodo"},"content":{"rendered":"<p>Sabato 22 agosto segna una ricorrenza speciale per la comunit\u00e0 di Borca di Cadore e Vodo di Cadore: si festeggia il 125\u00b0 anniversario della fondazione del Distaccamento dei Vigili del Fuoco Volontari Borca-Vodo. Un traguardo straordinario che testimonia oltre un secolo di impegno, dedizione e costante servizio a favore dei cittadini e del territorio.<\/p>\n<p>Una tradizione di coraggio<br \/>\nPer celebrare questo importante anniversario, \u00e8 stato organizzato un evento ricco di appuntamenti che unir\u00e0 momenti istituzionali, dimostrazioni operative e festeggiamenti conviviali. Sar\u00e0 l&#8217;occasione per ringraziare tutti coloro che, nel corso dei decenni, hanno fatto parte di questo prezioso corpo volontario, garantendo sicurezza e soccorso nei momenti di bisogno.<\/p>\n<p>Il programma della giornata<\/p>\n<p>13:30 &#8211; 14:00 Accoglienza<br \/>\n15:00 Discorsi Ufficiali<br \/>\n16:00 Piccole manovre dimostrative<br \/>\n17:30 Santa Messa presso la chiesa dei santi Simone e Giuda Taddeo<\/p>\n<p>La festa proseguir\u00e0 poi presso il capannone in localit\u00e0 Laguna, dove, a partire dalle ore 18:30, apriranno gli stand enogastronomici. La serata sar\u00e0 allietata dalle ore 21:00 da musica dal vivo, garantendo un momento di svago e unione per tutta la popolazione. &#8220;125 anni di impegno, passione e servizio. Grazie a chi \u00e8 stato con noi. Insieme, per il futuro&#8221;:<br \/>\nquesto il messaggio che guida l&#8217;intera manifestazione.<\/p>\n<p>Un evento imperdibile per celebrare una colonna portante della comunit\u00e0 locale e guardare al futuro con lo stesso spirito di servizio che ha caratterizzato questi 125 anni.<\/p>","protected":false},"excerpt":{"rendered":"<p>Sabato 22 agosto segna una ricorrenza speciale per la comunit\u00e0 di Borca di Cadore e Vodo di Cadore: si festeggia il 125\u00b0 anniversario della fondazione del Distaccamento dei Vigili del Fuoco Volontari Borca-Vodo. Un traguardo straordinario che testimonia oltre un secolo di impegno, dedizione e costante servizio a favore dei cittadini e del territorio. Una [&hellip;]<\/p>\n","protected":false},"author":2,"featured_media":172807,"comment_status":"closed","ping_status":"open","sticky":false,"template":"","format":"standard","meta":{"footnotes":""},"categories":[8,4],"tags":[],"class_list":["post-172806","post","type-post","status-publish","format-standard","has-post-thumbnail","category-societa-istituzioni","category-sport"],"yoast_head":"<!-- This site is optimized with the Yoast SEO plugin v28.4 - https:\/\/yoast.com\/product\/yoast-seo-wordpress\/ -->\n<title>Festa per i 125 anni di storia dei Vigili del Fuoco\u00a0Volontari di Borca e Vodo - Bellunopress - Dolomiti<\/title>\n<meta name=\"robots\" content=\"index, follow, max-snippet:-1, max-image-preview:large, max-video-preview:-1\" \/>\n<link rel=\"canonical\" href=\"https:\/\/www.bellunopress.it\/fr\/2026\/08\/21\/festa-per-i-125-anni-di-storia-dei-vigili-del-fuoco-volontari-di-borca-e-vodo\/\" \/>\n<meta property=\"og:locale\" content=\"fr_FR\" \/>\n<meta property=\"og:type\" content=\"article\" \/>\n<meta property=\"og:title\" content=\"Festa per i 125 anni di storia dei Vigili del Fuoco\u00a0Volontari di Borca e Vodo - Bellunopress - Dolomiti\" \/>\n<meta property=\"og:description\" content=\"Sabato 22 agosto segna una ricorrenza speciale per la comunit\u00e0 di Borca di Cadore e Vodo di Cadore: si festeggia il 125\u00b0 anniversario della fondazione del Distaccamento dei Vigili del Fuoco Volontari Borca-Vodo. Un traguardo straordinario che testimonia oltre un secolo di impegno, dedizione e costante servizio a favore dei cittadini e del territorio. Una [&hellip;]\" \/>\n<meta property=\"og:url\" content=\"https:\/\/www.bellunopress.it\/fr\/2026\/08\/21\/festa-per-i-125-anni-di-storia-dei-vigili-del-fuoco-volontari-di-borca-e-vodo\/\" \/>\n<meta property=\"og:site_name\" content=\"Bellunopress - Dolomiti\" \/>\n<meta property=\"article:publisher\" content=\"https:\/\/www.facebook.com\/profile.php?id=100008943462799\" \/>\n<meta property=\"article:published_time\" content=\"2026-08-21T16:47:28+00:00\" \/>\n<meta property=\"article:modified_time\" content=\"2026-08-21T16:47:41+00:00\" \/>\n<meta property=\"og:image\" content=\"https:\/\/www.bellunopress.it\/wp-content\/uploads\/2026\/08\/22-agosto-borca-di-cad.jpg\" \/>\n\t<meta property=\"og:image:width\" content=\"500\" \/>\n\t<meta property=\"og:image:height\" content=\"499\" \/>\n\t<meta property=\"og:image:type\" content=\"image\/jpeg\" \/>\n<meta name=\"author\" content=\"redazione\" \/>\n<meta name=\"twitter:card\" content=\"summary_large_image\" \/>\n<meta name=\"twitter:creator\" content=\"@bellunopress\" \/>\n<meta name=\"twitter:site\" content=\"@bellunopress\" \/>\n<meta name=\"twitter:label1\" content=\"Written by\" \/>\n\t<meta name=\"twitter:data1\" content=\"redazione\" \/>\n\t<meta name=\"twitter:label2\" content=\"Est. reading time\" \/>\n\t<meta name=\"twitter:data2\" content=\"2 minutes\" \/>\n<script type=\"application\/ld+json\" class=\"yoast-schema-graph\">{\"@context\":\"https:\\\/\\\/schema.org\",\"@graph\":[{\"@type\":\"Article\",\"@id\":\"https:\\\/\\\/www.bellunopress.it\\\/2026\\\/08\\\/21\\\/festa-per-i-125-anni-di-storia-dei-vigili-del-fuoco-volontari-di-borca-e-vodo\\\/#article\",\"isPartOf\":{\"@id\":\"https:\\\/\\\/www.bellunopress.it\\\/2026\\\/08\\\/21\\\/festa-per-i-125-anni-di-storia-dei-vigili-del-fuoco-volontari-di-borca-e-vodo\\\/\"},\"author\":{\"name\":\"redazione\",\"@id\":\"https:\\\/\\\/www.bellunopress.it\\\/#\\\/schema\\\/person\\\/79bb06722b37ece1c03d3e94beb30d73\"},\"headline\":\"Festa per i 125 anni di storia dei Vigili del Fuoco\u00a0Volontari di Borca e Vodo\",\"datePublished\":\"2026-08-21T16:47:28+00:00\",\"dateModified\":\"2026-08-21T16:47:41+00:00\",\"mainEntityOfPage\":{\"@id\":\"https:\\\/\\\/www.bellunopress.it\\\/2026\\\/08\\\/21\\\/festa-per-i-125-anni-di-storia-dei-vigili-del-fuoco-volontari-di-borca-e-vodo\\\/\"},\"wordCount\":232,\"publisher\":{\"@id\":\"https:\\\/\\\/www.bellunopress.it\\\/#organization\"},\"image\":{\"@id\":\"https:\\\/\\\/www.bellunopress.it\\\/2026\\\/08\\\/21\\\/festa-per-i-125-anni-di-storia-dei-vigili-del-fuoco-volontari-di-borca-e-vodo\\\/#primaryimage\"},\"thumbnailUrl\":\"https:\\\/\\\/www.bellunopress.it\\\/wp-content\\\/uploads\\\/2026\\\/08\\\/22-agosto-borca-di-cad.jpg\",\"articleSection\":[\"Societ\u00e0, Associazioni, Istituzioni\",\"Sport, tempo libero\"],\"inLanguage\":\"fr-FR\"},{\"@type\":\"WebPage\",\"@id\":\"https:\\\/\\\/www.bellunopress.it\\\/2026\\\/08\\\/21\\\/festa-per-i-125-anni-di-storia-dei-vigili-del-fuoco-volontari-di-borca-e-vodo\\\/\",\"url\":\"https:\\\/\\\/www.bellunopress.it\\\/2026\\\/08\\\/21\\\/festa-per-i-125-anni-di-storia-dei-vigili-del-fuoco-volontari-di-borca-e-vodo\\\/\",\"name\":\"Festa per i 125 anni di storia dei Vigili del Fuoco\u00a0Volontari di Borca e Vodo - Bellunopress - Dolomiti\",\"isPartOf\":{\"@id\":\"https:\\\/\\\/www.bellunopress.it\\\/#website\"},\"primaryImageOfPage\":{\"@id\":\"https:\\\/\\\/www.bellunopress.it\\\/2026\\\/08\\\/21\\\/festa-per-i-125-anni-di-storia-dei-vigili-del-fuoco-volontari-di-borca-e-vodo\\\/#primaryimage\"},\"image\":{\"@id\":\"https:\\\/\\\/www.bellunopress.it\\\/2026\\\/08\\\/21\\\/festa-per-i-125-anni-di-storia-dei-vigili-del-fuoco-volontari-di-borca-e-vodo\\\/#primaryimage\"},\"thumbnailUrl\":\"https:\\\/\\\/www.bellunopress.it\\\/wp-content\\\/uploads\\\/2026\\\/08\\\/22-agosto-borca-di-cad.jpg\",\"datePublished\":\"2026-08-21T16:47:28+00:00\",\"dateModified\":\"2026-08-21T16:47:41+00:00\",\"breadcrumb\":{\"@id\":\"https:\\\/\\\/www.bellunopress.it\\\/2026\\\/08\\\/21\\\/festa-per-i-125-anni-di-storia-dei-vigili-del-fuoco-volontari-di-borca-e-vodo\\\/#breadcrumb\"},\"inLanguage\":\"fr-FR\",\"potentialAction\":[{\"@type\":\"ReadAction\",\"target\":[\"https:\\\/\\\/www.bellunopress.it\\\/2026\\\/08\\\/21\\\/festa-per-i-125-anni-di-storia-dei-vigili-del-fuoco-volontari-di-borca-e-vodo\\\/\"]}]},{\"@type\":\"ImageObject\",\"inLanguage\":\"fr-FR\",\"@id\":\"https:\\\/\\\/www.bellunopress.it\\\/2026\\\/08\\\/21\\\/festa-per-i-125-anni-di-storia-dei-vigili-del-fuoco-volontari-di-borca-e-vodo\\\/#primaryimage\",\"url\":\"https:\\\/\\\/www.bellunopress.it\\\/wp-content\\\/uploads\\\/2026\\\/08\\\/22-agosto-borca-di-cad.jpg\",\"contentUrl\":\"https:\\\/\\\/www.bellunopress.it\\\/wp-content\\\/uploads\\\/2026\\\/08\\\/22-agosto-borca-di-cad.jpg\",\"width\":500,\"height\":499},{\"@type\":\"BreadcrumbList\",\"@id\":\"https:\\\/\\\/www.bellunopress.it\\\/2026\\\/08\\\/21\\\/festa-per-i-125-anni-di-storia-dei-vigili-del-fuoco-volontari-di-borca-e-vodo\\\/#breadcrumb\",\"itemListElement\":[{\"@type\":\"ListItem\",\"position\":1,\"name\":\"Home\",\"item\":\"https:\\\/\\\/www.bellunopress.it\\\/\"},{\"@type\":\"ListItem\",\"position\":2,\"name\":\"Festa per i 125 anni di storia dei Vigili del Fuoco\u00a0Volontari di Borca e Vodo\"}]},{\"@type\":\"WebSite\",\"@id\":\"https:\\\/\\\/www.bellunopress.it\\\/#website\",\"url\":\"https:\\\/\\\/www.bellunopress.it\\\/\",\"name\":\"Bellunopress - Dolomiti\",\"description\":\"e-mail: redazione@bellunopress.it\",\"publisher\":{\"@id\":\"https:\\\/\\\/www.bellunopress.it\\\/#organization\"},\"potentialAction\":[{\"@type\":\"SearchAction\",\"target\":{\"@type\":\"EntryPoint\",\"urlTemplate\":\"https:\\\/\\\/www.bellunopress.it\\\/?s={search_term_string}\"},\"query-input\":{\"@type\":\"PropertyValueSpecification\",\"valueRequired\":true,\"valueName\":\"search_term_string\"}}],\"inLanguage\":\"fr-FR\"},{\"@type\":\"Organization\",\"@id\":\"https:\\\/\\\/www.bellunopress.it\\\/#organization\",\"name\":\"Bellunopress\",\"url\":\"https:\\\/\\\/www.bellunopress.it\\\/\",\"logo\":{\"@type\":\"ImageObject\",\"inLanguage\":\"fr-FR\",\"@id\":\"https:\\\/\\\/www.bellunopress.it\\\/#\\\/schema\\\/logo\\\/image\\\/\",\"url\":\"https:\\\/\\\/www.bellunopress.it\\\/wp-content\\\/uploads\\\/2011\\\/05\\\/cropped-logo-bellunopress-.jpg\",\"contentUrl\":\"https:\\\/\\\/www.bellunopress.it\\\/wp-content\\\/uploads\\\/2011\\\/05\\\/cropped-logo-bellunopress-.jpg\",\"width\":512,\"height\":512,\"caption\":\"Bellunopress\"},\"image\":{\"@id\":\"https:\\\/\\\/www.bellunopress.it\\\/#\\\/schema\\\/logo\\\/image\\\/\"},\"sameAs\":[\"https:\\\/\\\/www.facebook.com\\\/profile.php?id=100008943462799\",\"https:\\\/\\\/x.com\\\/bellunopress\",\"https:\\\/\\\/www.linkedin.com\\\/hp\\\/?dnr=JBzUWaJfMUw8vbXJJ2tVW5-I3jZKvC4wsoxE&amp;amp;amp;amp;amp;amp;trk=nav_responsive_tab_home\",\"https:\\\/\\\/www.youtube.com\\\/channel\\\/UCxL0wu1uN0_3_7hGG0306cw\"]},{\"@type\":\"Person\",\"@id\":\"https:\\\/\\\/www.bellunopress.it\\\/#\\\/schema\\\/person\\\/79bb06722b37ece1c03d3e94beb30d73\",\"name\":\"redazione\",\"image\":{\"@type\":\"ImageObject\",\"inLanguage\":\"fr-FR\",\"@id\":\"https:\\\/\\\/secure.gravatar.com\\\/avatar\\\/37d968a2e67a6fd04c169c4bdef102d0bc5d31b2546345219e348575eb80e9a0?s=96&d=mm&r=g\",\"url\":\"https:\\\/\\\/secure.gravatar.com\\\/avatar\\\/37d968a2e67a6fd04c169c4bdef102d0bc5d31b2546345219e348575eb80e9a0?s=96&d=mm&r=g\",\"contentUrl\":\"https:\\\/\\\/secure.gravatar.com\\\/avatar\\\/37d968a2e67a6fd04c169c4bdef102d0bc5d31b2546345219e348575eb80e9a0?s=96&d=mm&r=g\",\"caption\":\"redazione\"},\"sameAs\":[\"http:\\\/\\\/www.bellunopress.it\",\"https:\\\/\\\/x.com\\\/bellunopress\"],\"url\":\"https:\\\/\\\/www.bellunopress.it\\\/fr\\\/author\\\/redazione\\\/\"}]}<\/script>\n<!-- \/ Yoast SEO plugin. -->","yoast_head_json":{"title":"Festa per i 125 anni di storia dei Vigili del Fuoco\u00a0Volontari di Borca e Vodo - Bellunopress - Dolomiti","robots":{"index":"index","follow":"follow","max-snippet":"max-snippet:-1","max-image-preview":"max-image-preview:large","max-video-preview":"max-video-preview:-1"},"canonical":"https:\/\/www.bellunopress.it\/fr\/2026\/08\/21\/festa-per-i-125-anni-di-storia-dei-vigili-del-fuoco-volontari-di-borca-e-vodo\/","og_locale":"fr_FR","og_type":"article","og_title":"Festa per i 125 anni di storia dei Vigili del Fuoco\u00a0Volontari di Borca e Vodo - Bellunopress - Dolomiti","og_description":"Sabato 22 agosto segna una ricorrenza speciale per la comunit\u00e0 di Borca di Cadore e Vodo di Cadore: si festeggia il 125\u00b0 anniversario della fondazione del Distaccamento dei Vigili del Fuoco Volontari Borca-Vodo. Un traguardo straordinario che testimonia oltre un secolo di impegno, dedizione e costante servizio a favore dei cittadini e del territorio. Una [&hellip;]","og_url":"https:\/\/www.bellunopress.it\/fr\/2026\/08\/21\/festa-per-i-125-anni-di-storia-dei-vigili-del-fuoco-volontari-di-borca-e-vodo\/","og_site_name":"Bellunopress - Dolomiti","article_publisher":"https:\/\/www.facebook.com\/profile.php?id=100008943462799","article_published_time":"2026-08-21T16:47:28+00:00","article_modified_time":"2026-08-21T16:47:41+00:00","og_image":[{"width":500,"height":499,"url":"https:\/\/www.bellunopress.it\/wp-content\/uploads\/2026\/08\/22-agosto-borca-di-cad.jpg","type":"image\/jpeg"}],"author":"redazione","twitter_card":"summary_large_image","twitter_creator":"@bellunopress","twitter_site":"@bellunopress","twitter_misc":{"Written by":"redazione","Est. reading time":"2 minutes"},"schema":{"@context":"https:\/\/schema.org","@graph":[{"@type":"Article","@id":"https:\/\/www.bellunopress.it\/2026\/08\/21\/festa-per-i-125-anni-di-storia-dei-vigili-del-fuoco-volontari-di-borca-e-vodo\/#article","isPartOf":{"@id":"https:\/\/www.bellunopress.it\/2026\/08\/21\/festa-per-i-125-anni-di-storia-dei-vigili-del-fuoco-volontari-di-borca-e-vodo\/"},"author":{"name":"redazione","@id":"https:\/\/www.bellunopress.it\/#\/schema\/person\/79bb06722b37ece1c03d3e94beb30d73"},"headline":"Festa per i 125 anni di storia dei Vigili del Fuoco\u00a0Volontari di Borca e Vodo","datePublished":"2026-08-21T16:47:28+00:00","dateModified":"2026-08-21T16:47:41+00:00","mainEntityOfPage":{"@id":"https:\/\/www.bellunopress.it\/2026\/08\/21\/festa-per-i-125-anni-di-storia-dei-vigili-del-fuoco-volontari-di-borca-e-vodo\/"},"wordCount":232,"publisher":{"@id":"https:\/\/www.bellunopress.it\/#organization"},"image":{"@id":"https:\/\/www.bellunopress.it\/2026\/08\/21\/festa-per-i-125-anni-di-storia-dei-vigili-del-fuoco-volontari-di-borca-e-vodo\/#primaryimage"},"thumbnailUrl":"https:\/\/www.bellunopress.it\/wp-content\/uploads\/2026\/08\/22-agosto-borca-di-cad.jpg","articleSection":["Societ\u00e0, Associazioni, Istituzioni","Sport, tempo libero"],"inLanguage":"fr-FR"},{"@type":"WebPage","@id":"https:\/\/www.bellunopress.it\/2026\/08\/21\/festa-per-i-125-anni-di-storia-dei-vigili-del-fuoco-volontari-di-borca-e-vodo\/","url":"https:\/\/www.bellunopress.it\/2026\/08\/21\/festa-per-i-125-anni-di-storia-dei-vigili-del-fuoco-volontari-di-borca-e-vodo\/","name":"Festa per i 125 anni di storia dei Vigili del Fuoco\u00a0Volontari di Borca e Vodo - Bellunopress - Dolomiti","isPartOf":{"@id":"https:\/\/www.bellunopress.it\/#website"},"primaryImageOfPage":{"@id":"https:\/\/www.bellunopress.it\/2026\/08\/21\/festa-per-i-125-anni-di-storia-dei-vigili-del-fuoco-volontari-di-borca-e-vodo\/#primaryimage"},"image":{"@id":"https:\/\/www.bellunopress.it\/2026\/08\/21\/festa-per-i-125-anni-di-storia-dei-vigili-del-fuoco-volontari-di-borca-e-vodo\/#primaryimage"},"thumbnailUrl":"https:\/\/www.bellunopress.it\/wp-content\/uploads\/2026\/08\/22-agosto-borca-di-cad.jpg","datePublished":"2026-08-21T16:47:28+00:00","dateModified":"2026-08-21T16:47:41+00:00","breadcrumb":{"@id":"https:\/\/www.bellunopress.it\/2026\/08\/21\/festa-per-i-125-anni-di-storia-dei-vigili-del-fuoco-volontari-di-borca-e-vodo\/#breadcrumb"},"inLanguage":"fr-FR","potentialAction":[{"@type":"ReadAction","target":["https:\/\/www.bellunopress.it\/2026\/08\/21\/festa-per-i-125-anni-di-storia-dei-vigili-del-fuoco-volontari-di-borca-e-vodo\/"]}]},{"@type":"ImageObject","inLanguage":"fr-FR","@id":"https:\/\/www.bellunopress.it\/2026\/08\/21\/festa-per-i-125-anni-di-storia-dei-vigili-del-fuoco-volontari-di-borca-e-vodo\/#primaryimage","url":"https:\/\/www.bellunopress.it\/wp-content\/uploads\/2026\/08\/22-agosto-borca-di-cad.jpg","contentUrl":"https:\/\/www.bellunopress.it\/wp-content\/uploads\/2026\/08\/22-agosto-borca-di-cad.jpg","width":500,"height":499},{"@type":"BreadcrumbList","@id":"https:\/\/www.bellunopress.it\/2026\/08\/21\/festa-per-i-125-anni-di-storia-dei-vigili-del-fuoco-volontari-di-borca-e-vodo\/#breadcrumb","itemListElement":[{"@type":"ListItem","position":1,"name":"Home","item":"https:\/\/www.bellunopress.it\/"},{"@type":"ListItem","position":2,"name":"Festa per i 125 anni di storia dei Vigili del Fuoco\u00a0Volontari di Borca e Vodo"}]},{"@type":"WebSite","@id":"https:\/\/www.bellunopress.it\/#website","url":"https:\/\/www.bellunopress.it\/","name":"Bellunopress - Dolomiti","description":"e-mail: redazione@bellunopress.it","publisher":{"@id":"https:\/\/www.bellunopress.it\/#organization"},"potentialAction":[{"@type":"SearchAction","target":{"@type":"EntryPoint","urlTemplate":"https:\/\/www.bellunopress.it\/?s={search_term_string}"},"query-input":{"@type":"PropertyValueSpecification","valueRequired":true,"valueName":"search_term_string"}}],"inLanguage":"fr-FR"},{"@type":"Organization","@id":"https:\/\/www.bellunopress.it\/#organization","name":"Bellunopress","url":"https:\/\/www.bellunopress.it\/","logo":{"@type":"ImageObject","inLanguage":"fr-FR","@id":"https:\/\/www.bellunopress.it\/#\/schema\/logo\/image\/","url":"https:\/\/www.bellunopress.it\/wp-content\/uploads\/2011\/05\/cropped-logo-bellunopress-.jpg","contentUrl":"https:\/\/www.bellunopress.it\/wp-content\/uploads\/2011\/05\/cropped-logo-bellunopress-.jpg","width":512,"height":512,"caption":"Bellunopress"},"image":{"@id":"https:\/\/www.bellunopress.it\/#\/schema\/logo\/image\/"},"sameAs":["https:\/\/www.facebook.com\/profile.php?id=100008943462799","https:\/\/x.com\/bellunopress","https:\/\/www.linkedin.com\/hp\/?dnr=JBzUWaJfMUw8vbXJJ2tVW5-I3jZKvC4wsoxE&amp;amp;amp;amp;amp;amp;trk=nav_responsive_tab_home","https:\/\/www.youtube.com\/channel\/UCxL0wu1uN0_3_7hGG0306cw"]},{"@type":"Person","@id":"https:\/\/www.bellunopress.it\/#\/schema\/person\/79bb06722b37ece1c03d3e94beb30d73","name":"r\u00e9daction","image":{"@type":"ImageObject","inLanguage":"fr-FR","@id":"https:\/\/secure.gravatar.com\/avatar\/37d968a2e67a6fd04c169c4bdef102d0bc5d31b2546345219e348575eb80e9a0?s=96&d=mm&r=g","url":"https:\/\/secure.gravatar.com\/avatar\/37d968a2e67a6fd04c169c4bdef102d0bc5d31b2546345219e348575eb80e9a0?s=96&d=mm&r=g","contentUrl":"https:\/\/secure.gravatar.com\/avatar\/37d968a2e67a6fd04c169c4bdef102d0bc5d31b2546345219e348575eb80e9a0?s=96&d=mm&r=g","caption":"redazione"},"sameAs":["http:\/\/www.bellunopress.it","https:\/\/x.com\/bellunopress"],"url":"https:\/\/www.bellunopress.it\/fr\/author\/redazione\/"}]}},"_links":{"self":[{"href":"https:\/\/www.bellunopress.it\/fr\/wp-json\/wp\/v2\/posts\/172806","targetHints":{"allow":["GET"]}}],"collection":[{"href":"https:\/\/www.bellunopress.it\/fr\/wp-json\/wp\/v2\/posts"}],"about":[{"href":"https:\/\/www.bellunopress.it\/fr\/wp-json\/wp\/v2\/types\/post"}],"author":[{"embeddable":true,"href":"https:\/\/www.bellunopress.it\/fr\/wp-json\/wp\/v2\/users\/2"}],"replies":[{"embeddable":true,"href":"https:\/\/www.bellunopress.it\/fr\/wp-json\/wp\/v2\/comments?post=172806"}],"version-history":[{"count":1,"href":"https:\/\/www.bellunopress.it\/fr\/wp-json\/wp\/v2\/posts\/172806\/revisions"}],"predecessor-version":[{"id":172808,"href":"https:\/\/www.bellunopress.it\/fr\/wp-json\/wp\/v2\/posts\/172806\/revisions\/172808"}],"wp:featuredmedia":[{"embeddable":true,"href":"https:\/\/www.bellunopress.it\/fr\/wp-json\/wp\/v2\/media\/172807"}],"wp:attachment":[{"href":"https:\/\/www.bellunopress.it\/fr\/wp-json\/wp\/v2\/media?parent=172806"}],"wp:term":[{"taxonomy":"category","embeddable":true,"href":"https:\/\/www.bellunopress.it\/fr\/wp-json\/wp\/v2\/categories?post=172806"},{"taxonomy":"post_tag","embeddable":true,"href":"https:\/\/www.bellunopress.it\/fr\/wp-json\/wp\/v2\/tags?post=172806"}],"curies":[{"name":"wp","href":"https:\/\/api.w.org\/{rel}","templated":true}]}}