{"id":172803,"date":"2026-08-21T13:53:14","date_gmt":"2026-08-21T11:53:14","guid":{"rendered":"https:\/\/www.bellunopress.it\/?p=172803"},"modified":"2026-08-21T15:00:09","modified_gmt":"2026-08-21T13:00:09","slug":"centro-nautico-di-santa-croce-visita-dellammiraglio-donato-marzano","status":"publish","type":"post","link":"https:\/\/www.bellunopress.it\/fr\/2026\/08\/21\/centro-nautico-di-santa-croce-visita-dellammiraglio-donato-marzano\/","title":{"rendered":"Centro Nautico di Santa\u00a0Croce: visita dell&#8217;ammiraglio Donato Marzano"},"content":{"rendered":"<p>Lago di Santa Croce (Belluno), 21 agosto 2026 &#8211;\u00a0Il Centro Nautico della Lega Navale Italiana (LNI) sul Lago di Santa Croce ha chiuso una stagione estiva di straordinario successo, culminata con la visita istituzionale del Presidente nazionale, l&#8217;ammiraglio di Squadra Donato Marzano.<\/p>\n<p>Le giornate del 19 e 20 agosto hanno visto l&#8217;Ammiraglio Marzano impegnato in un tour conoscitivo tra le strutture bellunesi, dove ha incontrato i giovani atleti, gli istruttori e lo staff. Il bilancio stagionale \u00e8 estremamente positivo: l&#8217;occupazione dei posti ha raggiunto quasi il 100%, confermando il crescente interesse verso le attivit\u00e0 proposte.<br \/>\nIl successo \u00e8 stato favorito dalle ottime condizioni meteorologiche del Lago di Santa Croce, noto per il suo vento teso e l&#8217;assenza di onde, caratteristiche ideali per chi pratica vela, windsurf, canoa e SUP.<\/p>\n<p>La missione del Centro va ben oltre l&#8217;aspetto puramente sportivo. Come sottolineato dall&#8217;Ammiraglio Marzano, questi spazi rappresentano una palestra di vita:<\/p>\n<p>\u00abI Centri Nautici della Lega Navale Italiana hanno una funzione che va oltre la pratica sportiva. Sono luoghi nei quali i giovani possono avvicinarsi al mare ed alle acque interne, imparare a confrontarsi con gli elementi naturali e con se stessi, sviluppare<br \/>\nautonomia, responsabilit\u00e0 e capacit\u00e0 di stare insieme\u00bb.<\/p>\n<p>La direttrice del Centro, Sandra Deola, ha espresso grande soddisfazione per i risultati ottenuti, frutto di un costante impegno nel migliorare l&#8217;offerta formativa e l&#8217;esperienza complessiva dei partecipanti, unendo la pratica sportiva alla tutela ambientale.<\/p>\n<p>&nbsp;<\/p>","protected":false},"excerpt":{"rendered":"<p>Lago di Santa Croce (Belluno), 21 agosto 2026 &#8211;\u00a0Il Centro Nautico della Lega Navale Italiana (LNI) sul Lago di Santa Croce ha chiuso una stagione estiva di straordinario successo, culminata con la visita istituzionale del Presidente nazionale, l&#8217;ammiraglio di Squadra Donato Marzano. Le giornate del 19 e 20 agosto hanno visto l&#8217;Ammiraglio Marzano impegnato in [&hellip;]<\/p>\n","protected":false},"author":2,"featured_media":172804,"comment_status":"closed","ping_status":"open","sticky":false,"template":"","format":"standard","meta":{"footnotes":""},"categories":[8,4],"tags":[],"class_list":["post-172803","post","type-post","status-publish","format-standard","has-post-thumbnail","category-societa-istituzioni","category-sport"],"yoast_head":"<!-- This site is optimized with the Yoast SEO plugin v28.4 - https:\/\/yoast.com\/product\/yoast-seo-wordpress\/ -->\n<title>Centro Nautico di Santa\u00a0Croce: visita dell&#039;ammiraglio Donato Marzano - Bellunopress - Dolomiti<\/title>\n<meta name=\"robots\" content=\"index, follow, max-snippet:-1, max-image-preview:large, max-video-preview:-1\" \/>\n<link rel=\"canonical\" href=\"https:\/\/www.bellunopress.it\/fr\/2026\/08\/21\/centro-nautico-di-santa-croce-visita-dellammiraglio-donato-marzano\/\" \/>\n<meta property=\"og:locale\" content=\"fr_FR\" \/>\n<meta property=\"og:type\" content=\"article\" \/>\n<meta property=\"og:title\" content=\"Centro Nautico di Santa\u00a0Croce: visita dell&#039;ammiraglio Donato Marzano - Bellunopress - Dolomiti\" \/>\n<meta property=\"og:description\" content=\"Lago di Santa Croce (Belluno), 21 agosto 2026 &#8211;\u00a0Il Centro Nautico della Lega Navale Italiana (LNI) sul Lago di Santa Croce ha chiuso una stagione estiva di straordinario successo, culminata con la visita istituzionale del Presidente nazionale, l&#8217;ammiraglio di Squadra Donato Marzano. Le giornate del 19 e 20 agosto hanno visto l&#8217;Ammiraglio Marzano impegnato in [&hellip;]\" \/>\n<meta property=\"og:url\" content=\"https:\/\/www.bellunopress.it\/fr\/2026\/08\/21\/centro-nautico-di-santa-croce-visita-dellammiraglio-donato-marzano\/\" \/>\n<meta property=\"og:site_name\" content=\"Bellunopress - Dolomiti\" \/>\n<meta property=\"article:publisher\" content=\"https:\/\/www.facebook.com\/profile.php?id=100008943462799\" \/>\n<meta property=\"article:published_time\" content=\"2026-08-21T11:53:14+00:00\" \/>\n<meta property=\"article:modified_time\" content=\"2026-08-21T13:00:09+00:00\" \/>\n<meta property=\"og:image\" content=\"https:\/\/www.bellunopress.it\/wp-content\/uploads\/2026\/08\/Santa-Croce-ammiraglio-Marzano.jpg\" \/>\n\t<meta property=\"og:image:width\" content=\"448\" \/>\n\t<meta property=\"og:image:height\" content=\"500\" \/>\n\t<meta property=\"og:image:type\" content=\"image\/jpeg\" \/>\n<meta name=\"author\" content=\"redazione\" \/>\n<meta name=\"twitter:card\" content=\"summary_large_image\" \/>\n<meta name=\"twitter:creator\" content=\"@bellunopress\" \/>\n<meta name=\"twitter:site\" content=\"@bellunopress\" \/>\n<meta name=\"twitter:label1\" content=\"\u00c9crit par\" \/>\n\t<meta name=\"twitter:data1\" content=\"redazione\" \/>\n\t<meta name=\"twitter:label2\" content=\"Dur\u00e9e de lecture estim\u00e9e\" \/>\n\t<meta name=\"twitter:data2\" content=\"2 minutes\" \/>\n<script type=\"application\/ld+json\" class=\"yoast-schema-graph\">{\"@context\":\"https:\\\/\\\/schema.org\",\"@graph\":[{\"@type\":\"Article\",\"@id\":\"https:\\\/\\\/www.bellunopress.it\\\/2026\\\/08\\\/21\\\/centro-nautico-di-santa-croce-visita-dellammiraglio-donato-marzano\\\/#article\",\"isPartOf\":{\"@id\":\"https:\\\/\\\/www.bellunopress.it\\\/2026\\\/08\\\/21\\\/centro-nautico-di-santa-croce-visita-dellammiraglio-donato-marzano\\\/\"},\"author\":{\"name\":\"redazione\",\"@id\":\"https:\\\/\\\/www.bellunopress.it\\\/#\\\/schema\\\/person\\\/79bb06722b37ece1c03d3e94beb30d73\"},\"headline\":\"Centro Nautico di Santa\u00a0Croce: visita dell&#8217;ammiraglio Donato Marzano\",\"datePublished\":\"2026-08-21T11:53:14+00:00\",\"dateModified\":\"2026-08-21T13:00:09+00:00\",\"mainEntityOfPage\":{\"@id\":\"https:\\\/\\\/www.bellunopress.it\\\/2026\\\/08\\\/21\\\/centro-nautico-di-santa-croce-visita-dellammiraglio-donato-marzano\\\/\"},\"wordCount\":247,\"publisher\":{\"@id\":\"https:\\\/\\\/www.bellunopress.it\\\/#organization\"},\"image\":{\"@id\":\"https:\\\/\\\/www.bellunopress.it\\\/2026\\\/08\\\/21\\\/centro-nautico-di-santa-croce-visita-dellammiraglio-donato-marzano\\\/#primaryimage\"},\"thumbnailUrl\":\"https:\\\/\\\/www.bellunopress.it\\\/wp-content\\\/uploads\\\/2026\\\/08\\\/Santa-Croce-ammiraglio-Marzano.jpg\",\"articleSection\":[\"Societ\u00e0, Associazioni, Istituzioni\",\"Sport, tempo libero\"],\"inLanguage\":\"fr-FR\"},{\"@type\":\"WebPage\",\"@id\":\"https:\\\/\\\/www.bellunopress.it\\\/2026\\\/08\\\/21\\\/centro-nautico-di-santa-croce-visita-dellammiraglio-donato-marzano\\\/\",\"url\":\"https:\\\/\\\/www.bellunopress.it\\\/2026\\\/08\\\/21\\\/centro-nautico-di-santa-croce-visita-dellammiraglio-donato-marzano\\\/\",\"name\":\"Centro Nautico di Santa\u00a0Croce: visita dell'ammiraglio Donato Marzano - Bellunopress - Dolomiti\",\"isPartOf\":{\"@id\":\"https:\\\/\\\/www.bellunopress.it\\\/#website\"},\"primaryImageOfPage\":{\"@id\":\"https:\\\/\\\/www.bellunopress.it\\\/2026\\\/08\\\/21\\\/centro-nautico-di-santa-croce-visita-dellammiraglio-donato-marzano\\\/#primaryimage\"},\"image\":{\"@id\":\"https:\\\/\\\/www.bellunopress.it\\\/2026\\\/08\\\/21\\\/centro-nautico-di-santa-croce-visita-dellammiraglio-donato-marzano\\\/#primaryimage\"},\"thumbnailUrl\":\"https:\\\/\\\/www.bellunopress.it\\\/wp-content\\\/uploads\\\/2026\\\/08\\\/Santa-Croce-ammiraglio-Marzano.jpg\",\"datePublished\":\"2026-08-21T11:53:14+00:00\",\"dateModified\":\"2026-08-21T13:00:09+00:00\",\"breadcrumb\":{\"@id\":\"https:\\\/\\\/www.bellunopress.it\\\/2026\\\/08\\\/21\\\/centro-nautico-di-santa-croce-visita-dellammiraglio-donato-marzano\\\/#breadcrumb\"},\"inLanguage\":\"fr-FR\",\"potentialAction\":[{\"@type\":\"ReadAction\",\"target\":[\"https:\\\/\\\/www.bellunopress.it\\\/2026\\\/08\\\/21\\\/centro-nautico-di-santa-croce-visita-dellammiraglio-donato-marzano\\\/\"]}]},{\"@type\":\"ImageObject\",\"inLanguage\":\"fr-FR\",\"@id\":\"https:\\\/\\\/www.bellunopress.it\\\/2026\\\/08\\\/21\\\/centro-nautico-di-santa-croce-visita-dellammiraglio-donato-marzano\\\/#primaryimage\",\"url\":\"https:\\\/\\\/www.bellunopress.it\\\/wp-content\\\/uploads\\\/2026\\\/08\\\/Santa-Croce-ammiraglio-Marzano.jpg\",\"contentUrl\":\"https:\\\/\\\/www.bellunopress.it\\\/wp-content\\\/uploads\\\/2026\\\/08\\\/Santa-Croce-ammiraglio-Marzano.jpg\",\"width\":448,\"height\":500,\"caption\":\"L'ammiraglio Donato Marzano in visita al Centro Nautico della Lega Navale Italiana sul Lago di Santa Croce\"},{\"@type\":\"BreadcrumbList\",\"@id\":\"https:\\\/\\\/www.bellunopress.it\\\/2026\\\/08\\\/21\\\/centro-nautico-di-santa-croce-visita-dellammiraglio-donato-marzano\\\/#breadcrumb\",\"itemListElement\":[{\"@type\":\"ListItem\",\"position\":1,\"name\":\"Home\",\"item\":\"https:\\\/\\\/www.bellunopress.it\\\/\"},{\"@type\":\"ListItem\",\"position\":2,\"name\":\"Centro Nautico di Santa\u00a0Croce: visita dell&#8217;ammiraglio Donato Marzano\"}]},{\"@type\":\"WebSite\",\"@id\":\"https:\\\/\\\/www.bellunopress.it\\\/#website\",\"url\":\"https:\\\/\\\/www.bellunopress.it\\\/\",\"name\":\"Bellunopress - Dolomiti\",\"description\":\"e-mail: redazione@bellunopress.it\",\"publisher\":{\"@id\":\"https:\\\/\\\/www.bellunopress.it\\\/#organization\"},\"potentialAction\":[{\"@type\":\"SearchAction\",\"target\":{\"@type\":\"EntryPoint\",\"urlTemplate\":\"https:\\\/\\\/www.bellunopress.it\\\/?s={search_term_string}\"},\"query-input\":{\"@type\":\"PropertyValueSpecification\",\"valueRequired\":true,\"valueName\":\"search_term_string\"}}],\"inLanguage\":\"fr-FR\"},{\"@type\":\"Organization\",\"@id\":\"https:\\\/\\\/www.bellunopress.it\\\/#organization\",\"name\":\"Bellunopress\",\"url\":\"https:\\\/\\\/www.bellunopress.it\\\/\",\"logo\":{\"@type\":\"ImageObject\",\"inLanguage\":\"fr-FR\",\"@id\":\"https:\\\/\\\/www.bellunopress.it\\\/#\\\/schema\\\/logo\\\/image\\\/\",\"url\":\"https:\\\/\\\/www.bellunopress.it\\\/wp-content\\\/uploads\\\/2011\\\/05\\\/cropped-logo-bellunopress-.jpg\",\"contentUrl\":\"https:\\\/\\\/www.bellunopress.it\\\/wp-content\\\/uploads\\\/2011\\\/05\\\/cropped-logo-bellunopress-.jpg\",\"width\":512,\"height\":512,\"caption\":\"Bellunopress\"},\"image\":{\"@id\":\"https:\\\/\\\/www.bellunopress.it\\\/#\\\/schema\\\/logo\\\/image\\\/\"},\"sameAs\":[\"https:\\\/\\\/www.facebook.com\\\/profile.php?id=100008943462799\",\"https:\\\/\\\/x.com\\\/bellunopress\",\"https:\\\/\\\/www.linkedin.com\\\/hp\\\/?dnr=JBzUWaJfMUw8vbXJJ2tVW5-I3jZKvC4wsoxE&amp;amp;amp;amp;amp;amp;trk=nav_responsive_tab_home\",\"https:\\\/\\\/www.youtube.com\\\/channel\\\/UCxL0wu1uN0_3_7hGG0306cw\"]},{\"@type\":\"Person\",\"@id\":\"https:\\\/\\\/www.bellunopress.it\\\/#\\\/schema\\\/person\\\/79bb06722b37ece1c03d3e94beb30d73\",\"name\":\"redazione\",\"image\":{\"@type\":\"ImageObject\",\"inLanguage\":\"fr-FR\",\"@id\":\"https:\\\/\\\/secure.gravatar.com\\\/avatar\\\/37d968a2e67a6fd04c169c4bdef102d0bc5d31b2546345219e348575eb80e9a0?s=96&d=mm&r=g\",\"url\":\"https:\\\/\\\/secure.gravatar.com\\\/avatar\\\/37d968a2e67a6fd04c169c4bdef102d0bc5d31b2546345219e348575eb80e9a0?s=96&d=mm&r=g\",\"contentUrl\":\"https:\\\/\\\/secure.gravatar.com\\\/avatar\\\/37d968a2e67a6fd04c169c4bdef102d0bc5d31b2546345219e348575eb80e9a0?s=96&d=mm&r=g\",\"caption\":\"redazione\"},\"sameAs\":[\"http:\\\/\\\/www.bellunopress.it\",\"https:\\\/\\\/x.com\\\/bellunopress\"],\"url\":\"https:\\\/\\\/www.bellunopress.it\\\/fr\\\/author\\\/redazione\\\/\"}]}<\/script>\n<!-- \/ Yoast SEO plugin. -->","yoast_head_json":{"title":"Centro Nautico di Santa\u00a0Croce: visita dell'ammiraglio Donato Marzano - Bellunopress - Dolomiti","robots":{"index":"index","follow":"follow","max-snippet":"max-snippet:-1","max-image-preview":"max-image-preview:large","max-video-preview":"max-video-preview:-1"},"canonical":"https:\/\/www.bellunopress.it\/fr\/2026\/08\/21\/centro-nautico-di-santa-croce-visita-dellammiraglio-donato-marzano\/","og_locale":"fr_FR","og_type":"article","og_title":"Centro Nautico di Santa\u00a0Croce: visita dell'ammiraglio Donato Marzano - Bellunopress - Dolomiti","og_description":"Lago di Santa Croce (Belluno), 21 agosto 2026 &#8211;\u00a0Il Centro Nautico della Lega Navale Italiana (LNI) sul Lago di Santa Croce ha chiuso una stagione estiva di straordinario successo, culminata con la visita istituzionale del Presidente nazionale, l&#8217;ammiraglio di Squadra Donato Marzano. Le giornate del 19 e 20 agosto hanno visto l&#8217;Ammiraglio Marzano impegnato in [&hellip;]","og_url":"https:\/\/www.bellunopress.it\/fr\/2026\/08\/21\/centro-nautico-di-santa-croce-visita-dellammiraglio-donato-marzano\/","og_site_name":"Bellunopress - Dolomiti","article_publisher":"https:\/\/www.facebook.com\/profile.php?id=100008943462799","article_published_time":"2026-08-21T11:53:14+00:00","article_modified_time":"2026-08-21T13:00:09+00:00","og_image":[{"width":448,"height":500,"url":"https:\/\/www.bellunopress.it\/wp-content\/uploads\/2026\/08\/Santa-Croce-ammiraglio-Marzano.jpg","type":"image\/jpeg"}],"author":"redazione","twitter_card":"summary_large_image","twitter_creator":"@bellunopress","twitter_site":"@bellunopress","twitter_misc":{"\u00c9crit par":"redazione","Dur\u00e9e de lecture estim\u00e9e":"2 minutes"},"schema":{"@context":"https:\/\/schema.org","@graph":[{"@type":"Article","@id":"https:\/\/www.bellunopress.it\/2026\/08\/21\/centro-nautico-di-santa-croce-visita-dellammiraglio-donato-marzano\/#article","isPartOf":{"@id":"https:\/\/www.bellunopress.it\/2026\/08\/21\/centro-nautico-di-santa-croce-visita-dellammiraglio-donato-marzano\/"},"author":{"name":"redazione","@id":"https:\/\/www.bellunopress.it\/#\/schema\/person\/79bb06722b37ece1c03d3e94beb30d73"},"headline":"Centro Nautico di Santa\u00a0Croce: visita dell&#8217;ammiraglio Donato Marzano","datePublished":"2026-08-21T11:53:14+00:00","dateModified":"2026-08-21T13:00:09+00:00","mainEntityOfPage":{"@id":"https:\/\/www.bellunopress.it\/2026\/08\/21\/centro-nautico-di-santa-croce-visita-dellammiraglio-donato-marzano\/"},"wordCount":247,"publisher":{"@id":"https:\/\/www.bellunopress.it\/#organization"},"image":{"@id":"https:\/\/www.bellunopress.it\/2026\/08\/21\/centro-nautico-di-santa-croce-visita-dellammiraglio-donato-marzano\/#primaryimage"},"thumbnailUrl":"https:\/\/www.bellunopress.it\/wp-content\/uploads\/2026\/08\/Santa-Croce-ammiraglio-Marzano.jpg","articleSection":["Societ\u00e0, Associazioni, Istituzioni","Sport, tempo libero"],"inLanguage":"fr-FR"},{"@type":"WebPage","@id":"https:\/\/www.bellunopress.it\/2026\/08\/21\/centro-nautico-di-santa-croce-visita-dellammiraglio-donato-marzano\/","url":"https:\/\/www.bellunopress.it\/2026\/08\/21\/centro-nautico-di-santa-croce-visita-dellammiraglio-donato-marzano\/","name":"Centro Nautico di Santa\u00a0Croce: visita dell'ammiraglio Donato Marzano - Bellunopress - Dolomiti","isPartOf":{"@id":"https:\/\/www.bellunopress.it\/#website"},"primaryImageOfPage":{"@id":"https:\/\/www.bellunopress.it\/2026\/08\/21\/centro-nautico-di-santa-croce-visita-dellammiraglio-donato-marzano\/#primaryimage"},"image":{"@id":"https:\/\/www.bellunopress.it\/2026\/08\/21\/centro-nautico-di-santa-croce-visita-dellammiraglio-donato-marzano\/#primaryimage"},"thumbnailUrl":"https:\/\/www.bellunopress.it\/wp-content\/uploads\/2026\/08\/Santa-Croce-ammiraglio-Marzano.jpg","datePublished":"2026-08-21T11:53:14+00:00","dateModified":"2026-08-21T13:00:09+00:00","breadcrumb":{"@id":"https:\/\/www.bellunopress.it\/2026\/08\/21\/centro-nautico-di-santa-croce-visita-dellammiraglio-donato-marzano\/#breadcrumb"},"inLanguage":"fr-FR","potentialAction":[{"@type":"ReadAction","target":["https:\/\/www.bellunopress.it\/2026\/08\/21\/centro-nautico-di-santa-croce-visita-dellammiraglio-donato-marzano\/"]}]},{"@type":"ImageObject","inLanguage":"fr-FR","@id":"https:\/\/www.bellunopress.it\/2026\/08\/21\/centro-nautico-di-santa-croce-visita-dellammiraglio-donato-marzano\/#primaryimage","url":"https:\/\/www.bellunopress.it\/wp-content\/uploads\/2026\/08\/Santa-Croce-ammiraglio-Marzano.jpg","contentUrl":"https:\/\/www.bellunopress.it\/wp-content\/uploads\/2026\/08\/Santa-Croce-ammiraglio-Marzano.jpg","width":448,"height":500,"caption":"L'ammiraglio Donato Marzano in visita al Centro Nautico della Lega Navale Italiana sul Lago di Santa Croce"},{"@type":"BreadcrumbList","@id":"https:\/\/www.bellunopress.it\/2026\/08\/21\/centro-nautico-di-santa-croce-visita-dellammiraglio-donato-marzano\/#breadcrumb","itemListElement":[{"@type":"ListItem","position":1,"name":"Home","item":"https:\/\/www.bellunopress.it\/"},{"@type":"ListItem","position":2,"name":"Centro Nautico di Santa\u00a0Croce: visita dell&#8217;ammiraglio Donato Marzano"}]},{"@type":"WebSite","@id":"https:\/\/www.bellunopress.it\/#website","url":"https:\/\/www.bellunopress.it\/","name":"Bellunopress - Dolomiti","description":"e-mail: redazione@bellunopress.it","publisher":{"@id":"https:\/\/www.bellunopress.it\/#organization"},"potentialAction":[{"@type":"SearchAction","target":{"@type":"EntryPoint","urlTemplate":"https:\/\/www.bellunopress.it\/?s={search_term_string}"},"query-input":{"@type":"PropertyValueSpecification","valueRequired":true,"valueName":"search_term_string"}}],"inLanguage":"fr-FR"},{"@type":"Organization","@id":"https:\/\/www.bellunopress.it\/#organization","name":"Bellunopress","url":"https:\/\/www.bellunopress.it\/","logo":{"@type":"ImageObject","inLanguage":"fr-FR","@id":"https:\/\/www.bellunopress.it\/#\/schema\/logo\/image\/","url":"https:\/\/www.bellunopress.it\/wp-content\/uploads\/2011\/05\/cropped-logo-bellunopress-.jpg","contentUrl":"https:\/\/www.bellunopress.it\/wp-content\/uploads\/2011\/05\/cropped-logo-bellunopress-.jpg","width":512,"height":512,"caption":"Bellunopress"},"image":{"@id":"https:\/\/www.bellunopress.it\/#\/schema\/logo\/image\/"},"sameAs":["https:\/\/www.facebook.com\/profile.php?id=100008943462799","https:\/\/x.com\/bellunopress","https:\/\/www.linkedin.com\/hp\/?dnr=JBzUWaJfMUw8vbXJJ2tVW5-I3jZKvC4wsoxE&amp;amp;amp;amp;amp;amp;trk=nav_responsive_tab_home","https:\/\/www.youtube.com\/channel\/UCxL0wu1uN0_3_7hGG0306cw"]},{"@type":"Person","@id":"https:\/\/www.bellunopress.it\/#\/schema\/person\/79bb06722b37ece1c03d3e94beb30d73","name":"r\u00e9daction","image":{"@type":"ImageObject","inLanguage":"fr-FR","@id":"https:\/\/secure.gravatar.com\/avatar\/37d968a2e67a6fd04c169c4bdef102d0bc5d31b2546345219e348575eb80e9a0?s=96&d=mm&r=g","url":"https:\/\/secure.gravatar.com\/avatar\/37d968a2e67a6fd04c169c4bdef102d0bc5d31b2546345219e348575eb80e9a0?s=96&d=mm&r=g","contentUrl":"https:\/\/secure.gravatar.com\/avatar\/37d968a2e67a6fd04c169c4bdef102d0bc5d31b2546345219e348575eb80e9a0?s=96&d=mm&r=g","caption":"redazione"},"sameAs":["http:\/\/www.bellunopress.it","https:\/\/x.com\/bellunopress"],"url":"https:\/\/www.bellunopress.it\/fr\/author\/redazione\/"}]}},"_links":{"self":[{"href":"https:\/\/www.bellunopress.it\/fr\/wp-json\/wp\/v2\/posts\/172803","targetHints":{"allow":["GET"]}}],"collection":[{"href":"https:\/\/www.bellunopress.it\/fr\/wp-json\/wp\/v2\/posts"}],"about":[{"href":"https:\/\/www.bellunopress.it\/fr\/wp-json\/wp\/v2\/types\/post"}],"author":[{"embeddable":true,"href":"https:\/\/www.bellunopress.it\/fr\/wp-json\/wp\/v2\/users\/2"}],"replies":[{"embeddable":true,"href":"https:\/\/www.bellunopress.it\/fr\/wp-json\/wp\/v2\/comments?post=172803"}],"version-history":[{"count":1,"href":"https:\/\/www.bellunopress.it\/fr\/wp-json\/wp\/v2\/posts\/172803\/revisions"}],"predecessor-version":[{"id":172805,"href":"https:\/\/www.bellunopress.it\/fr\/wp-json\/wp\/v2\/posts\/172803\/revisions\/172805"}],"wp:featuredmedia":[{"embeddable":true,"href":"https:\/\/www.bellunopress.it\/fr\/wp-json\/wp\/v2\/media\/172804"}],"wp:attachment":[{"href":"https:\/\/www.bellunopress.it\/fr\/wp-json\/wp\/v2\/media?parent=172803"}],"wp:term":[{"taxonomy":"category","embeddable":true,"href":"https:\/\/www.bellunopress.it\/fr\/wp-json\/wp\/v2\/categories?post=172803"},{"taxonomy":"post_tag","embeddable":true,"href":"https:\/\/www.bellunopress.it\/fr\/wp-json\/wp\/v2\/tags?post=172803"}],"curies":[{"name":"wp","href":"https:\/\/api.w.org\/{rel}","templated":true}]}}