{"id":172801,"date":"2026-08-21T14:24:56","date_gmt":"2026-08-21T12:24:56","guid":{"rendered":"https:\/\/www.bellunopress.it\/?p=172801"},"modified":"2026-08-21T14:24:56","modified_gmt":"2026-08-21T12:24:56","slug":"lillusione-dellautonomia-ventanni-di-annunci-in-attesa-di-un-treno-che-non-passera","status":"publish","type":"post","link":"https:\/\/www.bellunopress.it\/fr\/2026\/08\/21\/lillusione-dellautonomia-ventanni-di-annunci-in-attesa-di-un-treno-che-non-passera\/","title":{"rendered":"L\u2019illusione dell\u2019Autonomia: vent\u2019anni di annunci in attesa di un treno che non passer\u00e0"},"content":{"rendered":"<p data-path-to-node=\"3\">Venezia, 21 agosto 2026 \u2013 Con il via libera della Prima Commissione consiliare agli schemi di intesa definitivi, la Regione Veneto celebra quello che l\u2019assessore Filippo Giacinti definisce un &#8220;passaggio storico&#8221;. La retorica del governo regionale \u00e8 immutata: il Veneto sarebbe finalmente pronto a gestire in autonomia materie come protezione civile, salute, professioni e previdenza complementare. Eppure, a guardare il calendario e il lungo solco lasciato dagli ultimi vent\u2019anni di politica regionale, la narrazione del &#8220;grande traguardo&#8221; appare pi\u00f9 come l\u2019atto finale di una rappresentazione ben nota, che come una vera rivoluzione istituzionale.<\/p>\n<h3 data-path-to-node=\"4\">Il mito del &#8220;cammino accidentato&#8221;<\/h3>\n<p data-path-to-node=\"5\">La narrazione ufficiale descrive il percorso verso l\u2019autonomia come &#8220;complesso e accidentato&#8221;. Ma se \u00e8 accidentato, \u00e8 lecito chiedersi chi abbia guidato il veicolo durante questi due decenni. La storia dell\u2019autonomia veneta non nasce oggi, ma affonda le radici nella legge costituzionale n. 3 del 2001. Gi\u00e0 nel 2006, la giunta Galan avviava un iter che prometteva rivoluzioni liberali e statuti speciali, tradottisi poi in consulenze milionarie e in una serie di richieste rimaste polverizzate nei cassetti romani.<\/p>\n<p data-path-to-node=\"6\">L\u2019analisi dei fatti svela una contraddizione stridente: il centrodestra, che governa il Veneto ininterrottamente dal 1995, ha avuto pi\u00f9 volte il potere di trasformare le promesse in realt\u00e0. Basti pensare al Governo Berlusconi IV (2008\u20132011), in cui il Veneto vantava un &#8220;parterre&#8221; di ministri leghisti di prim\u2019ordine \u2013 da Bossi a Maroni, da Calderoli allo stesso Zaia. Nonostante il peso politico a Roma, il dossier veneto rimase immobile. Il risultato fu un emblematico &#8220;zero a zero&#8221;, che oggi, nel 2026, si ripresenta sotto mentite spoglie.<\/p>\n<h3 data-path-to-node=\"7\">Dal &#8220;referendum farlocco&#8221; alle intese ancillari<\/h3>\n<p data-path-to-node=\"8\">Il cammino verso l&#8217;autonomia \u00e8 stato costellato di tappe costose e politicamente sterili. Il referendum del 2014, bocciato dalla Corte Costituzionale che lo defin\u00ec poco pi\u00f9 di un &#8220;sondaggio formalizzato&#8221;, \u00e8 costato ai cittadini veneti 14 milioni di euro, producendo l&#8217;unico effetto di alimentare la propaganda. Anche la stagione dei referendum successivi e i patti firmati con vari Governi \u2014 dal 2018 in avanti \u2014 non hanno prodotto gli sconvolgimenti sistemici promessi.<\/p>\n<p data-path-to-node=\"9\">L\u2019accordo Calderoli-Zaia del novembre 2025, che oggi viene presentato come il culmine di un percorso, appare in realt\u00e0 una versione edulcorata delle ambizioni originarie. Si tratta di funzioni &#8220;ancillari&#8221; e frammentarie, prive di quelle risorse e di quell&#8217;impatto incisivo sul tessuto economico che avrebbero dovuto giustificare vent&#8217;anni di mobilitazione politica. Come insegna la matematica politica di questo ventennio, il divario tra la propaganda dell&#8217;autonomia &#8220;taylor made&#8221; e la realt\u00e0 dei decreti attuativi \u00e8 rimasto incolmabile.<\/p>\n<h3 data-path-to-node=\"10\">Un regionalismo di serie B al capolinea<\/h3>\n<p data-path-to-node=\"11\">La responsabilit\u00e0 di questo stallo non ricade solo su chi ha governato, ma anche su un centrosinistra che, per miopia politica o ambizioni personali non \u00e8 mai riuscito a offrire un\u2019alternativa strategica solida.<\/p>\n<p data-path-to-node=\"12\">Oggi, di fronte all\u2019ennesimo annuncio, emerge una verit\u00e0 scomoda: l&#8217;autonomia differenziata, cos\u00ec come \u00e8 stata concepita e gestita, \u00e8 un treno che non torner\u00e0. L&#8217;intero modello del &#8220;regionalismo ordinario&#8221; \u00e8 arrivato al capolinea. Mentre la politica locale continua a festeggiare piccoli trasferimenti di funzioni, il Paese resta paralizzato da un debito pubblico che supera i 3.200 miliardi.<\/p>\n<p data-path-to-node=\"13\">Forse \u00e8 giunto il momento di smettere di rincorrere l\u2019autonomia differenziata come un feticcio identitario e iniziare a discutere, seriamente e con il coraggio intellettuale che fu di Carlo Cattaneo, di un vero assetto federale. Ma finch\u00e9 la politica continuer\u00e0 a vendere &#8220;pacche sulle spalle&#8221; al governo di turno, il Veneto e l&#8217;Italia resteranno fermi al palo, intrappolati nelle promesse di una rivoluzione che, trent&#8217;anni dopo, \u00e8 ancora in cerca di autore.<\/p>","protected":false},"excerpt":{"rendered":"<p>Venezia, 21 agosto 2026 \u2013 Con il via libera della Prima Commissione consiliare agli schemi di intesa definitivi, la Regione Veneto celebra quello che l\u2019assessore Filippo Giacinti definisce un &#8220;passaggio storico&#8221;. La retorica del governo regionale \u00e8 immutata: il Veneto sarebbe finalmente pronto a gestire in autonomia materie come protezione civile, salute, professioni e previdenza [&hellip;]<\/p>\n","protected":false},"author":2,"featured_media":170155,"comment_status":"closed","ping_status":"open","sticky":false,"template":"","format":"standard","meta":{"footnotes":""},"categories":[5,26],"tags":[],"class_list":["post-172801","post","type-post","status-publish","format-standard","has-post-thumbnail","category-cronaca","category-prima-pagina"],"yoast_head":"<!-- This site is optimized with the Yoast SEO plugin v28.4 - https:\/\/yoast.com\/product\/yoast-seo-wordpress\/ -->\n<title>L\u2019illusione dell\u2019Autonomia: vent\u2019anni di annunci in attesa di un treno che non passer\u00e0 - Bellunopress - Dolomiti<\/title>\n<meta name=\"robots\" content=\"index, follow, max-snippet:-1, max-image-preview:large, max-video-preview:-1\" \/>\n<link rel=\"canonical\" href=\"https:\/\/www.bellunopress.it\/fr\/2026\/08\/21\/lillusione-dellautonomia-ventanni-di-annunci-in-attesa-di-un-treno-che-non-passera\/\" \/>\n<meta property=\"og:locale\" content=\"fr_FR\" \/>\n<meta property=\"og:type\" content=\"article\" \/>\n<meta property=\"og:title\" content=\"L\u2019illusione dell\u2019Autonomia: vent\u2019anni di annunci in attesa di un treno che non passer\u00e0 - Bellunopress - Dolomiti\" \/>\n<meta property=\"og:description\" content=\"Venezia, 21 agosto 2026 \u2013 Con il via libera della Prima Commissione consiliare agli schemi di intesa definitivi, la Regione Veneto celebra quello che l\u2019assessore Filippo Giacinti definisce un &#8220;passaggio storico&#8221;. La retorica del governo regionale \u00e8 immutata: il Veneto sarebbe finalmente pronto a gestire in autonomia materie come protezione civile, salute, professioni e previdenza [&hellip;]\" \/>\n<meta property=\"og:url\" content=\"https:\/\/www.bellunopress.it\/fr\/2026\/08\/21\/lillusione-dellautonomia-ventanni-di-annunci-in-attesa-di-un-treno-che-non-passera\/\" \/>\n<meta property=\"og:site_name\" content=\"Bellunopress - Dolomiti\" \/>\n<meta property=\"article:publisher\" content=\"https:\/\/www.facebook.com\/profile.php?id=100008943462799\" \/>\n<meta property=\"article:published_time\" content=\"2026-08-21T12:24:56+00:00\" \/>\n<meta property=\"og:image\" content=\"https:\/\/www.bellunopress.it\/wp-content\/uploads\/2026\/05\/Venezia-Palazzo-Balbi.jpg\" \/>\n\t<meta property=\"og:image:width\" content=\"500\" \/>\n\t<meta property=\"og:image:height\" content=\"454\" \/>\n\t<meta property=\"og:image:type\" content=\"image\/jpeg\" \/>\n<meta name=\"author\" content=\"redazione\" \/>\n<meta name=\"twitter:card\" content=\"summary_large_image\" \/>\n<meta name=\"twitter:creator\" content=\"@bellunopress\" \/>\n<meta name=\"twitter:site\" content=\"@bellunopress\" \/>\n<meta name=\"twitter:label1\" content=\"Written by\" \/>\n\t<meta name=\"twitter:data1\" content=\"redazione\" \/>\n\t<meta name=\"twitter:label2\" content=\"Est. reading time\" \/>\n\t<meta name=\"twitter:data2\" content=\"4 minutes\" \/>\n<script type=\"application\/ld+json\" class=\"yoast-schema-graph\">{\"@context\":\"https:\\\/\\\/schema.org\",\"@graph\":[{\"@type\":\"Article\",\"@id\":\"https:\\\/\\\/www.bellunopress.it\\\/2026\\\/08\\\/21\\\/lillusione-dellautonomia-ventanni-di-annunci-in-attesa-di-un-treno-che-non-passera\\\/#article\",\"isPartOf\":{\"@id\":\"https:\\\/\\\/www.bellunopress.it\\\/2026\\\/08\\\/21\\\/lillusione-dellautonomia-ventanni-di-annunci-in-attesa-di-un-treno-che-non-passera\\\/\"},\"author\":{\"name\":\"redazione\",\"@id\":\"https:\\\/\\\/www.bellunopress.it\\\/#\\\/schema\\\/person\\\/79bb06722b37ece1c03d3e94beb30d73\"},\"headline\":\"L\u2019illusione dell\u2019Autonomia: vent\u2019anni di annunci in attesa di un treno che non passer\u00e0\",\"datePublished\":\"2026-08-21T12:24:56+00:00\",\"mainEntityOfPage\":{\"@id\":\"https:\\\/\\\/www.bellunopress.it\\\/2026\\\/08\\\/21\\\/lillusione-dellautonomia-ventanni-di-annunci-in-attesa-di-un-treno-che-non-passera\\\/\"},\"wordCount\":590,\"publisher\":{\"@id\":\"https:\\\/\\\/www.bellunopress.it\\\/#organization\"},\"image\":{\"@id\":\"https:\\\/\\\/www.bellunopress.it\\\/2026\\\/08\\\/21\\\/lillusione-dellautonomia-ventanni-di-annunci-in-attesa-di-un-treno-che-non-passera\\\/#primaryimage\"},\"thumbnailUrl\":\"https:\\\/\\\/www.bellunopress.it\\\/wp-content\\\/uploads\\\/2026\\\/05\\\/Venezia-Palazzo-Balbi.jpg\",\"articleSection\":[\"Cronaca\\\/Politica\",\"Prima Pagina\"],\"inLanguage\":\"fr-FR\"},{\"@type\":\"WebPage\",\"@id\":\"https:\\\/\\\/www.bellunopress.it\\\/2026\\\/08\\\/21\\\/lillusione-dellautonomia-ventanni-di-annunci-in-attesa-di-un-treno-che-non-passera\\\/\",\"url\":\"https:\\\/\\\/www.bellunopress.it\\\/2026\\\/08\\\/21\\\/lillusione-dellautonomia-ventanni-di-annunci-in-attesa-di-un-treno-che-non-passera\\\/\",\"name\":\"L\u2019illusione dell\u2019Autonomia: vent\u2019anni di annunci in attesa di un treno che non passer\u00e0 - Bellunopress - Dolomiti\",\"isPartOf\":{\"@id\":\"https:\\\/\\\/www.bellunopress.it\\\/#website\"},\"primaryImageOfPage\":{\"@id\":\"https:\\\/\\\/www.bellunopress.it\\\/2026\\\/08\\\/21\\\/lillusione-dellautonomia-ventanni-di-annunci-in-attesa-di-un-treno-che-non-passera\\\/#primaryimage\"},\"image\":{\"@id\":\"https:\\\/\\\/www.bellunopress.it\\\/2026\\\/08\\\/21\\\/lillusione-dellautonomia-ventanni-di-annunci-in-attesa-di-un-treno-che-non-passera\\\/#primaryimage\"},\"thumbnailUrl\":\"https:\\\/\\\/www.bellunopress.it\\\/wp-content\\\/uploads\\\/2026\\\/05\\\/Venezia-Palazzo-Balbi.jpg\",\"datePublished\":\"2026-08-21T12:24:56+00:00\",\"breadcrumb\":{\"@id\":\"https:\\\/\\\/www.bellunopress.it\\\/2026\\\/08\\\/21\\\/lillusione-dellautonomia-ventanni-di-annunci-in-attesa-di-un-treno-che-non-passera\\\/#breadcrumb\"},\"inLanguage\":\"fr-FR\",\"potentialAction\":[{\"@type\":\"ReadAction\",\"target\":[\"https:\\\/\\\/www.bellunopress.it\\\/2026\\\/08\\\/21\\\/lillusione-dellautonomia-ventanni-di-annunci-in-attesa-di-un-treno-che-non-passera\\\/\"]}]},{\"@type\":\"ImageObject\",\"inLanguage\":\"fr-FR\",\"@id\":\"https:\\\/\\\/www.bellunopress.it\\\/2026\\\/08\\\/21\\\/lillusione-dellautonomia-ventanni-di-annunci-in-attesa-di-un-treno-che-non-passera\\\/#primaryimage\",\"url\":\"https:\\\/\\\/www.bellunopress.it\\\/wp-content\\\/uploads\\\/2026\\\/05\\\/Venezia-Palazzo-Balbi.jpg\",\"contentUrl\":\"https:\\\/\\\/www.bellunopress.it\\\/wp-content\\\/uploads\\\/2026\\\/05\\\/Venezia-Palazzo-Balbi.jpg\",\"width\":500,\"height\":454,\"caption\":\"Palazzo Balbi - Venezia (Regione del Veneto)\"},{\"@type\":\"BreadcrumbList\",\"@id\":\"https:\\\/\\\/www.bellunopress.it\\\/2026\\\/08\\\/21\\\/lillusione-dellautonomia-ventanni-di-annunci-in-attesa-di-un-treno-che-non-passera\\\/#breadcrumb\",\"itemListElement\":[{\"@type\":\"ListItem\",\"position\":1,\"name\":\"Home\",\"item\":\"https:\\\/\\\/www.bellunopress.it\\\/\"},{\"@type\":\"ListItem\",\"position\":2,\"name\":\"L\u2019illusione dell\u2019Autonomia: vent\u2019anni di annunci in attesa di un treno che non passer\u00e0\"}]},{\"@type\":\"WebSite\",\"@id\":\"https:\\\/\\\/www.bellunopress.it\\\/#website\",\"url\":\"https:\\\/\\\/www.bellunopress.it\\\/\",\"name\":\"Bellunopress - Dolomiti\",\"description\":\"e-mail: redazione@bellunopress.it\",\"publisher\":{\"@id\":\"https:\\\/\\\/www.bellunopress.it\\\/#organization\"},\"potentialAction\":[{\"@type\":\"SearchAction\",\"target\":{\"@type\":\"EntryPoint\",\"urlTemplate\":\"https:\\\/\\\/www.bellunopress.it\\\/?s={search_term_string}\"},\"query-input\":{\"@type\":\"PropertyValueSpecification\",\"valueRequired\":true,\"valueName\":\"search_term_string\"}}],\"inLanguage\":\"fr-FR\"},{\"@type\":\"Organization\",\"@id\":\"https:\\\/\\\/www.bellunopress.it\\\/#organization\",\"name\":\"Bellunopress\",\"url\":\"https:\\\/\\\/www.bellunopress.it\\\/\",\"logo\":{\"@type\":\"ImageObject\",\"inLanguage\":\"fr-FR\",\"@id\":\"https:\\\/\\\/www.bellunopress.it\\\/#\\\/schema\\\/logo\\\/image\\\/\",\"url\":\"https:\\\/\\\/www.bellunopress.it\\\/wp-content\\\/uploads\\\/2011\\\/05\\\/cropped-logo-bellunopress-.jpg\",\"contentUrl\":\"https:\\\/\\\/www.bellunopress.it\\\/wp-content\\\/uploads\\\/2011\\\/05\\\/cropped-logo-bellunopress-.jpg\",\"width\":512,\"height\":512,\"caption\":\"Bellunopress\"},\"image\":{\"@id\":\"https:\\\/\\\/www.bellunopress.it\\\/#\\\/schema\\\/logo\\\/image\\\/\"},\"sameAs\":[\"https:\\\/\\\/www.facebook.com\\\/profile.php?id=100008943462799\",\"https:\\\/\\\/x.com\\\/bellunopress\",\"https:\\\/\\\/www.linkedin.com\\\/hp\\\/?dnr=JBzUWaJfMUw8vbXJJ2tVW5-I3jZKvC4wsoxE&amp;amp;amp;amp;amp;amp;trk=nav_responsive_tab_home\",\"https:\\\/\\\/www.youtube.com\\\/channel\\\/UCxL0wu1uN0_3_7hGG0306cw\"]},{\"@type\":\"Person\",\"@id\":\"https:\\\/\\\/www.bellunopress.it\\\/#\\\/schema\\\/person\\\/79bb06722b37ece1c03d3e94beb30d73\",\"name\":\"redazione\",\"image\":{\"@type\":\"ImageObject\",\"inLanguage\":\"fr-FR\",\"@id\":\"https:\\\/\\\/secure.gravatar.com\\\/avatar\\\/37d968a2e67a6fd04c169c4bdef102d0bc5d31b2546345219e348575eb80e9a0?s=96&d=mm&r=g\",\"url\":\"https:\\\/\\\/secure.gravatar.com\\\/avatar\\\/37d968a2e67a6fd04c169c4bdef102d0bc5d31b2546345219e348575eb80e9a0?s=96&d=mm&r=g\",\"contentUrl\":\"https:\\\/\\\/secure.gravatar.com\\\/avatar\\\/37d968a2e67a6fd04c169c4bdef102d0bc5d31b2546345219e348575eb80e9a0?s=96&d=mm&r=g\",\"caption\":\"redazione\"},\"sameAs\":[\"http:\\\/\\\/www.bellunopress.it\",\"https:\\\/\\\/x.com\\\/bellunopress\"],\"url\":\"https:\\\/\\\/www.bellunopress.it\\\/fr\\\/author\\\/redazione\\\/\"}]}<\/script>\n<!-- \/ Yoast SEO plugin. -->","yoast_head_json":{"title":"L\u2019illusione dell\u2019Autonomia: vent\u2019anni di annunci in attesa di un treno che non passer\u00e0 - Bellunopress - Dolomiti","robots":{"index":"index","follow":"follow","max-snippet":"max-snippet:-1","max-image-preview":"max-image-preview:large","max-video-preview":"max-video-preview:-1"},"canonical":"https:\/\/www.bellunopress.it\/fr\/2026\/08\/21\/lillusione-dellautonomia-ventanni-di-annunci-in-attesa-di-un-treno-che-non-passera\/","og_locale":"fr_FR","og_type":"article","og_title":"L\u2019illusione dell\u2019Autonomia: vent\u2019anni di annunci in attesa di un treno che non passer\u00e0 - Bellunopress - Dolomiti","og_description":"Venezia, 21 agosto 2026 \u2013 Con il via libera della Prima Commissione consiliare agli schemi di intesa definitivi, la Regione Veneto celebra quello che l\u2019assessore Filippo Giacinti definisce un &#8220;passaggio storico&#8221;. La retorica del governo regionale \u00e8 immutata: il Veneto sarebbe finalmente pronto a gestire in autonomia materie come protezione civile, salute, professioni e previdenza [&hellip;]","og_url":"https:\/\/www.bellunopress.it\/fr\/2026\/08\/21\/lillusione-dellautonomia-ventanni-di-annunci-in-attesa-di-un-treno-che-non-passera\/","og_site_name":"Bellunopress - Dolomiti","article_publisher":"https:\/\/www.facebook.com\/profile.php?id=100008943462799","article_published_time":"2026-08-21T12:24:56+00:00","og_image":[{"width":500,"height":454,"url":"https:\/\/www.bellunopress.it\/wp-content\/uploads\/2026\/05\/Venezia-Palazzo-Balbi.jpg","type":"image\/jpeg"}],"author":"redazione","twitter_card":"summary_large_image","twitter_creator":"@bellunopress","twitter_site":"@bellunopress","twitter_misc":{"Written by":"redazione","Est. reading time":"4 minutes"},"schema":{"@context":"https:\/\/schema.org","@graph":[{"@type":"Article","@id":"https:\/\/www.bellunopress.it\/2026\/08\/21\/lillusione-dellautonomia-ventanni-di-annunci-in-attesa-di-un-treno-che-non-passera\/#article","isPartOf":{"@id":"https:\/\/www.bellunopress.it\/2026\/08\/21\/lillusione-dellautonomia-ventanni-di-annunci-in-attesa-di-un-treno-che-non-passera\/"},"author":{"name":"redazione","@id":"https:\/\/www.bellunopress.it\/#\/schema\/person\/79bb06722b37ece1c03d3e94beb30d73"},"headline":"L\u2019illusione dell\u2019Autonomia: vent\u2019anni di annunci in attesa di un treno che non passer\u00e0","datePublished":"2026-08-21T12:24:56+00:00","mainEntityOfPage":{"@id":"https:\/\/www.bellunopress.it\/2026\/08\/21\/lillusione-dellautonomia-ventanni-di-annunci-in-attesa-di-un-treno-che-non-passera\/"},"wordCount":590,"publisher":{"@id":"https:\/\/www.bellunopress.it\/#organization"},"image":{"@id":"https:\/\/www.bellunopress.it\/2026\/08\/21\/lillusione-dellautonomia-ventanni-di-annunci-in-attesa-di-un-treno-che-non-passera\/#primaryimage"},"thumbnailUrl":"https:\/\/www.bellunopress.it\/wp-content\/uploads\/2026\/05\/Venezia-Palazzo-Balbi.jpg","articleSection":["Cronaca\/Politica","Prima Pagina"],"inLanguage":"fr-FR"},{"@type":"WebPage","@id":"https:\/\/www.bellunopress.it\/2026\/08\/21\/lillusione-dellautonomia-ventanni-di-annunci-in-attesa-di-un-treno-che-non-passera\/","url":"https:\/\/www.bellunopress.it\/2026\/08\/21\/lillusione-dellautonomia-ventanni-di-annunci-in-attesa-di-un-treno-che-non-passera\/","name":"L\u2019illusione dell\u2019Autonomia: vent\u2019anni di annunci in attesa di un treno che non passer\u00e0 - Bellunopress - Dolomiti","isPartOf":{"@id":"https:\/\/www.bellunopress.it\/#website"},"primaryImageOfPage":{"@id":"https:\/\/www.bellunopress.it\/2026\/08\/21\/lillusione-dellautonomia-ventanni-di-annunci-in-attesa-di-un-treno-che-non-passera\/#primaryimage"},"image":{"@id":"https:\/\/www.bellunopress.it\/2026\/08\/21\/lillusione-dellautonomia-ventanni-di-annunci-in-attesa-di-un-treno-che-non-passera\/#primaryimage"},"thumbnailUrl":"https:\/\/www.bellunopress.it\/wp-content\/uploads\/2026\/05\/Venezia-Palazzo-Balbi.jpg","datePublished":"2026-08-21T12:24:56+00:00","breadcrumb":{"@id":"https:\/\/www.bellunopress.it\/2026\/08\/21\/lillusione-dellautonomia-ventanni-di-annunci-in-attesa-di-un-treno-che-non-passera\/#breadcrumb"},"inLanguage":"fr-FR","potentialAction":[{"@type":"ReadAction","target":["https:\/\/www.bellunopress.it\/2026\/08\/21\/lillusione-dellautonomia-ventanni-di-annunci-in-attesa-di-un-treno-che-non-passera\/"]}]},{"@type":"ImageObject","inLanguage":"fr-FR","@id":"https:\/\/www.bellunopress.it\/2026\/08\/21\/lillusione-dellautonomia-ventanni-di-annunci-in-attesa-di-un-treno-che-non-passera\/#primaryimage","url":"https:\/\/www.bellunopress.it\/wp-content\/uploads\/2026\/05\/Venezia-Palazzo-Balbi.jpg","contentUrl":"https:\/\/www.bellunopress.it\/wp-content\/uploads\/2026\/05\/Venezia-Palazzo-Balbi.jpg","width":500,"height":454,"caption":"Palazzo Balbi - Venezia (Regione del Veneto)"},{"@type":"BreadcrumbList","@id":"https:\/\/www.bellunopress.it\/2026\/08\/21\/lillusione-dellautonomia-ventanni-di-annunci-in-attesa-di-un-treno-che-non-passera\/#breadcrumb","itemListElement":[{"@type":"ListItem","position":1,"name":"Home","item":"https:\/\/www.bellunopress.it\/"},{"@type":"ListItem","position":2,"name":"L\u2019illusione dell\u2019Autonomia: vent\u2019anni di annunci in attesa di un treno che non passer\u00e0"}]},{"@type":"WebSite","@id":"https:\/\/www.bellunopress.it\/#website","url":"https:\/\/www.bellunopress.it\/","name":"Bellunopress - Dolomiti","description":"e-mail: redazione@bellunopress.it","publisher":{"@id":"https:\/\/www.bellunopress.it\/#organization"},"potentialAction":[{"@type":"SearchAction","target":{"@type":"EntryPoint","urlTemplate":"https:\/\/www.bellunopress.it\/?s={search_term_string}"},"query-input":{"@type":"PropertyValueSpecification","valueRequired":true,"valueName":"search_term_string"}}],"inLanguage":"fr-FR"},{"@type":"Organization","@id":"https:\/\/www.bellunopress.it\/#organization","name":"Bellunopress","url":"https:\/\/www.bellunopress.it\/","logo":{"@type":"ImageObject","inLanguage":"fr-FR","@id":"https:\/\/www.bellunopress.it\/#\/schema\/logo\/image\/","url":"https:\/\/www.bellunopress.it\/wp-content\/uploads\/2011\/05\/cropped-logo-bellunopress-.jpg","contentUrl":"https:\/\/www.bellunopress.it\/wp-content\/uploads\/2011\/05\/cropped-logo-bellunopress-.jpg","width":512,"height":512,"caption":"Bellunopress"},"image":{"@id":"https:\/\/www.bellunopress.it\/#\/schema\/logo\/image\/"},"sameAs":["https:\/\/www.facebook.com\/profile.php?id=100008943462799","https:\/\/x.com\/bellunopress","https:\/\/www.linkedin.com\/hp\/?dnr=JBzUWaJfMUw8vbXJJ2tVW5-I3jZKvC4wsoxE&amp;amp;amp;amp;amp;amp;trk=nav_responsive_tab_home","https:\/\/www.youtube.com\/channel\/UCxL0wu1uN0_3_7hGG0306cw"]},{"@type":"Person","@id":"https:\/\/www.bellunopress.it\/#\/schema\/person\/79bb06722b37ece1c03d3e94beb30d73","name":"r\u00e9daction","image":{"@type":"ImageObject","inLanguage":"fr-FR","@id":"https:\/\/secure.gravatar.com\/avatar\/37d968a2e67a6fd04c169c4bdef102d0bc5d31b2546345219e348575eb80e9a0?s=96&d=mm&r=g","url":"https:\/\/secure.gravatar.com\/avatar\/37d968a2e67a6fd04c169c4bdef102d0bc5d31b2546345219e348575eb80e9a0?s=96&d=mm&r=g","contentUrl":"https:\/\/secure.gravatar.com\/avatar\/37d968a2e67a6fd04c169c4bdef102d0bc5d31b2546345219e348575eb80e9a0?s=96&d=mm&r=g","caption":"redazione"},"sameAs":["http:\/\/www.bellunopress.it","https:\/\/x.com\/bellunopress"],"url":"https:\/\/www.bellunopress.it\/fr\/author\/redazione\/"}]}},"_links":{"self":[{"href":"https:\/\/www.bellunopress.it\/fr\/wp-json\/wp\/v2\/posts\/172801","targetHints":{"allow":["GET"]}}],"collection":[{"href":"https:\/\/www.bellunopress.it\/fr\/wp-json\/wp\/v2\/posts"}],"about":[{"href":"https:\/\/www.bellunopress.it\/fr\/wp-json\/wp\/v2\/types\/post"}],"author":[{"embeddable":true,"href":"https:\/\/www.bellunopress.it\/fr\/wp-json\/wp\/v2\/users\/2"}],"replies":[{"embeddable":true,"href":"https:\/\/www.bellunopress.it\/fr\/wp-json\/wp\/v2\/comments?post=172801"}],"version-history":[{"count":1,"href":"https:\/\/www.bellunopress.it\/fr\/wp-json\/wp\/v2\/posts\/172801\/revisions"}],"predecessor-version":[{"id":172802,"href":"https:\/\/www.bellunopress.it\/fr\/wp-json\/wp\/v2\/posts\/172801\/revisions\/172802"}],"wp:featuredmedia":[{"embeddable":true,"href":"https:\/\/www.bellunopress.it\/fr\/wp-json\/wp\/v2\/media\/170155"}],"wp:attachment":[{"href":"https:\/\/www.bellunopress.it\/fr\/wp-json\/wp\/v2\/media?parent=172801"}],"wp:term":[{"taxonomy":"category","embeddable":true,"href":"https:\/\/www.bellunopress.it\/fr\/wp-json\/wp\/v2\/categories?post=172801"},{"taxonomy":"post_tag","embeddable":true,"href":"https:\/\/www.bellunopress.it\/fr\/wp-json\/wp\/v2\/tags?post=172801"}],"curies":[{"name":"wp","href":"https:\/\/api.w.org\/{rel}","templated":true}]}}