{"id":172792,"date":"2026-08-21T08:49:54","date_gmt":"2026-08-21T06:49:54","guid":{"rendered":"https:\/\/www.bellunopress.it\/?p=172792"},"modified":"2026-08-22T19:30:12","modified_gmt":"2026-08-22T17:30:12","slug":"musica-ieri-oggi-e-domani-ugo-rapezzi-non-mi-stupirei-se-sui-palchi-in-un-prossimo-futuro-lumano-venisse-sostituito-da-un-ologramma-o-un-robot","status":"publish","type":"post","link":"https:\/\/www.bellunopress.it\/fr\/2026\/08\/21\/musica-ieri-oggi-e-domani-ugo-rapezzi-non-mi-stupirei-se-sui-palchi-in-un-prossimo-futuro-lumano-venisse-sostituito-da-un-ologramma-o-un-robot\/","title":{"rendered":"Musica ieri, oggi e domani. Ugo Rapezzi: &#8220;Non mi stupirei se sui palchi, in un prossimo futuro, l&#8217;umano venisse sostituito da un ologramma o un robot&#8221;"},"content":{"rendered":"<p>Belluno, 21 agosto 2026 &#8211; Proseguiamo i nostri incontri con i musicisti con l&#8217;intervista che segue a Ugo Rapezzi, bolognese di nascita e bellunese d&#8217;adozione, musicista e scrittore. Ugo ha attraversato e vissuto in prima persona quelli che riteniamo gli anni pi\u00f9 significativi della musica leggera contemporanea. Il suo sguardo sul passato, presente e futuro della musica \u00e8 certamente illuminante, oltre che profetico<\/p>\n<ul>\n<li><em>Dalla prima met\u00e0 degli anni \u201870 quando lei ha iniziato ad oggi cosa \u00e8 cambiato per i musicisti \u201cdietro le quinte\u201d quelli che sono chiamati turnisti, ossia quei professionisti che collaborano in vari progetti con nomi famosi?<\/em><\/li>\n<\/ul>\n<p>\u201cHo cominciato alla fine degli anni &#8217;60 e a quel tempo c&#8217;erano molte occasioni di lavoro in quanto i dj e le discoteche non esistevano ancora. Si suonava dal vivo, nelle sale da ballo e i dischi venivano incisi dai cosiddetti turnisti. Dai primi anni &#8217;70, con l&#8217;avvento della disco dance, ci fu una notevole scrematura fra i musicisti, in quanto si ballava al suono dei dischi.\u00a0 Con l&#8217;avvento della musica elettronica e dell&#8217;uso del computer, le occasioni di lavoro si sono ancor pi\u00f9 assottigliate. Prova ne \u00e8, che certa musica odierna \u00e8 registrata ed eseguita elettronicamente. Con l&#8217;intelligenza artificiale il ruolo del musicista live e da studio si ridurr\u00e0 ulteriormente.<\/p>\n<ul>\n<li><em>Molti successi discografici italiani degli anni \u201960 e \u201970 erano cover di pezzi inglesi. Ma c\u2019era anche una produzione di canzoni originali di cantautori di quella che chiamavano musica impegnata e altro (Guccini, Lauzi, Califano). Oggi siamo rimasti solo importatori di trend d\u2019oltremanica o<\/em> <em>vede nel panorama italiano la ricerca di autori nuovi?<\/em><\/li>\n<\/ul>\n<p>\u201cOccorre ricordare che noi siamo gli inventori del melodramma e della canzone napoletana, entrambi generi fortemente melodici, ed \u00e8 per ci\u00f2 che siamo famosi nel mondo. La canzone tradizionale italiana si forma essenzialmente grazie a questi due elementi. I cantautori hanno preferito privilegiare i testi a dispetto della melodia. Il rock e il pop hanno concluso il loro ciclo creativo. Bisognerebbe andare oltre. Forse i ragazzi che compongono musica trap ci stanno provando\u201d.<\/p>\n<ul>\n<li><em>Sanremo \u00e8 ancora la vetrina principale della musica italiana? Oppure oggi la musica passa i vari altri canali, nelle radio, programmi tv, l\u2019immenso archivio YouTube, concerti dal vivo. A decidere il lancio sono sempre gli imprenditori musicali, le etichette discografiche?<\/em><\/li>\n<\/ul>\n<p>\u201cS\u00ec, Sanremo \u00e8 ancora la vetrina principale della musica italiana, se non altro per l&#8217;immensa promozione che riceve dai media mainstream. Per fortuna, negli ultimi anni, la rete d\u00e0 spazio a chi a Sanremo non riesce ad andare. Per trovare nuove tendenze di musica dal vivo occorre cercare nei clubs e nei centri sociali. Le etichette discografiche non esistono quasi pi\u00f9 e, con un paio di migliaia di euro speso in strumentazione, la musica la si pu\u00f2 creare e produrre in casa propria\u201d.<\/p>\n<ul>\n<li><em>Il Rock, il pop, il melodico italiano \u00e8 ormai fissato nella storia della musica. Il parlato di oggi, le varie sperimentazioni, lasceranno traccia tra 10 anni?\u00a0\u00a0\u00a0 <\/em><\/li>\n<\/ul>\n<p>\u201cProbabilmente, tra dieci anni, i generi musicali sopracitati, ma anche quelli letterari, cinematografici, teatrali, etc. saranno rimpiazzati da quelli creati con l&#8217;intelligenza artificiale. Ormai siamo dentro a questa rivoluzione. Non mi stupirei se sui palchi, in un prossimo futuro, l&#8217;umano venisse sostituito da un ologramma o un robot\u201d.<\/p>\n<p>&nbsp;<\/p>\n<p><strong><img loading=\"lazy\" decoding=\"async\" class=\"aligncenter size-full wp-image-172794\" src=\"https:\/\/www.bellunopress.it\/wp-content\/uploads\/2026\/08\/Ugo-Rapezzi-cilindro.jpg\" alt=\"\" width=\"424\" height=\"500\" srcset=\"https:\/\/www.bellunopress.it\/wp-content\/uploads\/2026\/08\/Ugo-Rapezzi-cilindro.jpg 424w, https:\/\/www.bellunopress.it\/wp-content\/uploads\/2026\/08\/Ugo-Rapezzi-cilindro-356x420.jpg 356w, https:\/\/www.bellunopress.it\/wp-content\/uploads\/2026\/08\/Ugo-Rapezzi-cilindro-150x177.jpg 150w, https:\/\/www.bellunopress.it\/wp-content\/uploads\/2026\/08\/Ugo-Rapezzi-cilindro-300x354.jpg 300w\" sizes=\"auto, (max-width: 424px) 100vw, 424px\" \/>L\u2019artista<\/strong><\/p>\n<p>Ugo Rapezzi \u00e8 musicista e scrittore.<\/p>\n<p>Inizia la carriera come batterista. Suona con varie orchestre, Gilda Giuliani (1973), Orietta Berti (1976\/77), Lucio Dalla (tour com&#8217;\u00e8 profondo il mare), Skiantos (1981\/85).<\/p>\n<p>Nel 1985, come cantautore, pubblica il Qdisc \u201cRAPEZZI\u201d: La produzione \u00e8 di Lucio Dalla e Sergio Bardotti. L\u2019album viene registrato in Brasile e vede la partecipazione di Chico Barque de Hollanda, lo stesso Lucio Dalla e Mauro Malavasi.<\/p>\n<p>\u00c8 ospite di varie trasmissioni televisive tra le quali: SUPERCLASSIFICA SHOW, DISCORING, MUSICA \u00c8.<\/p>\n<p>Nel 1993 scrive \u201cSPIDER\u201d: la canzone viene cantata in duetto con Luca Carboni che la inserisce nel suo album \u201cDIARIO CARBONI\u201d.<\/p>\n<p>Nello stesso anno esce l\u2019album \u201cARRIVANONOSTRI\u201d. Il cd \u00e8 prodotto dallo stesso Luca Carboni e da Mauro Malavasi.<\/p>\n<p>\u00c8 ospite nel tour DIARIO CARBONI e partecipa al MAURIZIO COSTANZO SHOW e al ROXY BAR di Red Ronnie.<\/p>\n<p>Scrive e interpreta i seguenti spettacoli:<\/p>\n<p>MUSIC HALL (1986) scritto insieme ad Alberto Canepa, regia di Velia Mantegazza.<\/p>\n<p>ARRIVANO I NOSTRI (1994).<\/p>\n<p>CANTO NOTTURNO DI UN AUTOMA ERRANTE NELL\u2019ARIA (1998).<\/p>\n<p>CANZONI DI GUERRA E FRAMMENTI D\u2019AMORE (2013)<\/p>\n<p>PER FAVORE NON SPARATE AL POETA (2015)<\/p>\n<p>Come scrittore collabora con le riviste \u201cIllustrati\u201d, \u201cVersante Ripido\u201d e Bibbia d\u2019asfalto\u201d.<\/p>\n<p>Nel 2012 pubblica il libro di poesie d\u2019amore<\/p>\n<p>\u201cAVREI VOLUTO AVERTI QUI\u201d (Limina Mentis).<\/p>\n<p>Nel 2014 il romanzo autobiografico \u201cMEMORIE DI UN BATTERISTA QUALUNQUE\u201d (Montecovello).<\/p>\n<p>Nel 2015 il libro di versi e testi ironici<\/p>\n<p>\u201cLINGUACCIA\u201d (Qudu Libri)<\/p>\n<p>Nel 2021 il volume sempre di testi ironici &#8220;L&#8217;UGO NEL PAGLIAIO&#8221;.<\/p>","protected":false},"excerpt":{"rendered":"<p>Belluno, 21 agosto 2026 &#8211; Proseguiamo i nostri incontri con i musicisti con l&#8217;intervista che segue a Ugo Rapezzi, bolognese di nascita e bellunese d&#8217;adozione, musicista e scrittore. Ugo ha attraversato e vissuto in prima persona quelli che riteniamo gli anni pi\u00f9 significativi della musica leggera contemporanea. Il suo sguardo sul passato, presente e futuro [&hellip;]<\/p>\n","protected":false},"author":2,"featured_media":172793,"comment_status":"closed","ping_status":"open","sticky":false,"template":"","format":"standard","meta":{"footnotes":""},"categories":[3,3446,25],"tags":[],"class_list":["post-172792","post","type-post","status-publish","format-standard","has-post-thumbnail","category-arte-cultura-spettacoli-scienza-archivi","category-featured","category-pausa-caffe"],"yoast_head":"<!-- This site is optimized with the Yoast SEO plugin v28.4 - https:\/\/yoast.com\/product\/yoast-seo-wordpress\/ -->\n<title>Musica ieri, oggi e domani. Ugo Rapezzi: &quot;Non mi stupirei se sui palchi, in un prossimo futuro, l&#039;umano venisse sostituito da un ologramma o un robot&quot; - Bellunopress - Dolomiti<\/title>\n<meta name=\"robots\" content=\"index, follow, max-snippet:-1, max-image-preview:large, max-video-preview:-1\" \/>\n<link rel=\"canonical\" href=\"https:\/\/www.bellunopress.it\/fr\/2026\/08\/21\/musica-ieri-oggi-e-domani-ugo-rapezzi-non-mi-stupirei-se-sui-palchi-in-un-prossimo-futuro-lumano-venisse-sostituito-da-un-ologramma-o-un-robot\/\" \/>\n<meta property=\"og:locale\" content=\"fr_FR\" \/>\n<meta property=\"og:type\" content=\"article\" \/>\n<meta property=\"og:title\" content=\"Musica ieri, oggi e domani. Ugo Rapezzi: &quot;Non mi stupirei se sui palchi, in un prossimo futuro, l&#039;umano venisse sostituito da un ologramma o un robot&quot; - Bellunopress - Dolomiti\" \/>\n<meta property=\"og:description\" content=\"Belluno, 21 agosto 2026 &#8211; Proseguiamo i nostri incontri con i musicisti con l&#8217;intervista che segue a Ugo Rapezzi, bolognese di nascita e bellunese d&#8217;adozione, musicista e scrittore. Ugo ha attraversato e vissuto in prima persona quelli che riteniamo gli anni pi\u00f9 significativi della musica leggera contemporanea. Il suo sguardo sul passato, presente e futuro [&hellip;]\" \/>\n<meta property=\"og:url\" content=\"https:\/\/www.bellunopress.it\/fr\/2026\/08\/21\/musica-ieri-oggi-e-domani-ugo-rapezzi-non-mi-stupirei-se-sui-palchi-in-un-prossimo-futuro-lumano-venisse-sostituito-da-un-ologramma-o-un-robot\/\" \/>\n<meta property=\"og:site_name\" content=\"Bellunopress - Dolomiti\" \/>\n<meta property=\"article:publisher\" content=\"https:\/\/www.facebook.com\/profile.php?id=100008943462799\" \/>\n<meta property=\"article:published_time\" content=\"2026-08-21T06:49:54+00:00\" \/>\n<meta property=\"article:modified_time\" content=\"2026-08-22T17:30:12+00:00\" \/>\n<meta property=\"og:image\" content=\"https:\/\/www.bellunopress.it\/wp-content\/uploads\/2026\/08\/Ugo-Rapezzi-2026.jpeg\" \/>\n\t<meta property=\"og:image:width\" content=\"540\" \/>\n\t<meta property=\"og:image:height\" content=\"551\" \/>\n\t<meta property=\"og:image:type\" content=\"image\/jpeg\" \/>\n<meta name=\"author\" content=\"redazione\" \/>\n<meta name=\"twitter:card\" content=\"summary_large_image\" \/>\n<meta name=\"twitter:creator\" content=\"@bellunopress\" \/>\n<meta name=\"twitter:site\" content=\"@bellunopress\" \/>\n<meta name=\"twitter:label1\" content=\"Written by\" \/>\n\t<meta name=\"twitter:data1\" content=\"redazione\" \/>\n\t<meta name=\"twitter:label2\" content=\"Est. reading time\" \/>\n\t<meta name=\"twitter:data2\" content=\"5 minutes\" \/>\n<script type=\"application\/ld+json\" class=\"yoast-schema-graph\">{\"@context\":\"https:\\\/\\\/schema.org\",\"@graph\":[{\"@type\":\"Article\",\"@id\":\"https:\\\/\\\/www.bellunopress.it\\\/2026\\\/08\\\/21\\\/musica-ieri-oggi-e-domani-ugo-rapezzi-non-mi-stupirei-se-sui-palchi-in-un-prossimo-futuro-lumano-venisse-sostituito-da-un-ologramma-o-un-robot\\\/#article\",\"isPartOf\":{\"@id\":\"https:\\\/\\\/www.bellunopress.it\\\/2026\\\/08\\\/21\\\/musica-ieri-oggi-e-domani-ugo-rapezzi-non-mi-stupirei-se-sui-palchi-in-un-prossimo-futuro-lumano-venisse-sostituito-da-un-ologramma-o-un-robot\\\/\"},\"author\":{\"name\":\"redazione\",\"@id\":\"https:\\\/\\\/www.bellunopress.it\\\/#\\\/schema\\\/person\\\/79bb06722b37ece1c03d3e94beb30d73\"},\"headline\":\"Musica ieri, oggi e domani. Ugo Rapezzi: &#8220;Non mi stupirei se sui palchi, in un prossimo futuro, l&#8217;umano venisse sostituito da un ologramma o un robot&#8221;\",\"datePublished\":\"2026-08-21T06:49:54+00:00\",\"dateModified\":\"2026-08-22T17:30:12+00:00\",\"mainEntityOfPage\":{\"@id\":\"https:\\\/\\\/www.bellunopress.it\\\/2026\\\/08\\\/21\\\/musica-ieri-oggi-e-domani-ugo-rapezzi-non-mi-stupirei-se-sui-palchi-in-un-prossimo-futuro-lumano-venisse-sostituito-da-un-ologramma-o-un-robot\\\/\"},\"wordCount\":792,\"publisher\":{\"@id\":\"https:\\\/\\\/www.bellunopress.it\\\/#organization\"},\"image\":{\"@id\":\"https:\\\/\\\/www.bellunopress.it\\\/2026\\\/08\\\/21\\\/musica-ieri-oggi-e-domani-ugo-rapezzi-non-mi-stupirei-se-sui-palchi-in-un-prossimo-futuro-lumano-venisse-sostituito-da-un-ologramma-o-un-robot\\\/#primaryimage\"},\"thumbnailUrl\":\"https:\\\/\\\/www.bellunopress.it\\\/wp-content\\\/uploads\\\/2026\\\/08\\\/Ugo-Rapezzi-2026.jpeg\",\"articleSection\":[\"Arte, Cultura, Spettacoli, Scienza\",\"Featured\",\"Pausa Caff\u00e8\"],\"inLanguage\":\"fr-FR\"},{\"@type\":\"WebPage\",\"@id\":\"https:\\\/\\\/www.bellunopress.it\\\/2026\\\/08\\\/21\\\/musica-ieri-oggi-e-domani-ugo-rapezzi-non-mi-stupirei-se-sui-palchi-in-un-prossimo-futuro-lumano-venisse-sostituito-da-un-ologramma-o-un-robot\\\/\",\"url\":\"https:\\\/\\\/www.bellunopress.it\\\/2026\\\/08\\\/21\\\/musica-ieri-oggi-e-domani-ugo-rapezzi-non-mi-stupirei-se-sui-palchi-in-un-prossimo-futuro-lumano-venisse-sostituito-da-un-ologramma-o-un-robot\\\/\",\"name\":\"Musica ieri, oggi e domani. Ugo Rapezzi: \\\"Non mi stupirei se sui palchi, in un prossimo futuro, l'umano venisse sostituito da un ologramma o un robot\\\" - Bellunopress - Dolomiti\",\"isPartOf\":{\"@id\":\"https:\\\/\\\/www.bellunopress.it\\\/#website\"},\"primaryImageOfPage\":{\"@id\":\"https:\\\/\\\/www.bellunopress.it\\\/2026\\\/08\\\/21\\\/musica-ieri-oggi-e-domani-ugo-rapezzi-non-mi-stupirei-se-sui-palchi-in-un-prossimo-futuro-lumano-venisse-sostituito-da-un-ologramma-o-un-robot\\\/#primaryimage\"},\"image\":{\"@id\":\"https:\\\/\\\/www.bellunopress.it\\\/2026\\\/08\\\/21\\\/musica-ieri-oggi-e-domani-ugo-rapezzi-non-mi-stupirei-se-sui-palchi-in-un-prossimo-futuro-lumano-venisse-sostituito-da-un-ologramma-o-un-robot\\\/#primaryimage\"},\"thumbnailUrl\":\"https:\\\/\\\/www.bellunopress.it\\\/wp-content\\\/uploads\\\/2026\\\/08\\\/Ugo-Rapezzi-2026.jpeg\",\"datePublished\":\"2026-08-21T06:49:54+00:00\",\"dateModified\":\"2026-08-22T17:30:12+00:00\",\"breadcrumb\":{\"@id\":\"https:\\\/\\\/www.bellunopress.it\\\/2026\\\/08\\\/21\\\/musica-ieri-oggi-e-domani-ugo-rapezzi-non-mi-stupirei-se-sui-palchi-in-un-prossimo-futuro-lumano-venisse-sostituito-da-un-ologramma-o-un-robot\\\/#breadcrumb\"},\"inLanguage\":\"fr-FR\",\"potentialAction\":[{\"@type\":\"ReadAction\",\"target\":[\"https:\\\/\\\/www.bellunopress.it\\\/2026\\\/08\\\/21\\\/musica-ieri-oggi-e-domani-ugo-rapezzi-non-mi-stupirei-se-sui-palchi-in-un-prossimo-futuro-lumano-venisse-sostituito-da-un-ologramma-o-un-robot\\\/\"]}]},{\"@type\":\"ImageObject\",\"inLanguage\":\"fr-FR\",\"@id\":\"https:\\\/\\\/www.bellunopress.it\\\/2026\\\/08\\\/21\\\/musica-ieri-oggi-e-domani-ugo-rapezzi-non-mi-stupirei-se-sui-palchi-in-un-prossimo-futuro-lumano-venisse-sostituito-da-un-ologramma-o-un-robot\\\/#primaryimage\",\"url\":\"https:\\\/\\\/www.bellunopress.it\\\/wp-content\\\/uploads\\\/2026\\\/08\\\/Ugo-Rapezzi-2026.jpeg\",\"contentUrl\":\"https:\\\/\\\/www.bellunopress.it\\\/wp-content\\\/uploads\\\/2026\\\/08\\\/Ugo-Rapezzi-2026.jpeg\",\"width\":540,\"height\":551,\"caption\":\"Ugo Rapezzi, musicista e scrittore\"},{\"@type\":\"BreadcrumbList\",\"@id\":\"https:\\\/\\\/www.bellunopress.it\\\/2026\\\/08\\\/21\\\/musica-ieri-oggi-e-domani-ugo-rapezzi-non-mi-stupirei-se-sui-palchi-in-un-prossimo-futuro-lumano-venisse-sostituito-da-un-ologramma-o-un-robot\\\/#breadcrumb\",\"itemListElement\":[{\"@type\":\"ListItem\",\"position\":1,\"name\":\"Home\",\"item\":\"https:\\\/\\\/www.bellunopress.it\\\/\"},{\"@type\":\"ListItem\",\"position\":2,\"name\":\"Musica ieri, oggi e domani. Ugo Rapezzi: &#8220;Non mi stupirei se sui palchi, in un prossimo futuro, l&#8217;umano venisse sostituito da un ologramma o un robot&#8221;\"}]},{\"@type\":\"WebSite\",\"@id\":\"https:\\\/\\\/www.bellunopress.it\\\/#website\",\"url\":\"https:\\\/\\\/www.bellunopress.it\\\/\",\"name\":\"Bellunopress - Dolomiti\",\"description\":\"e-mail: redazione@bellunopress.it\",\"publisher\":{\"@id\":\"https:\\\/\\\/www.bellunopress.it\\\/#organization\"},\"potentialAction\":[{\"@type\":\"SearchAction\",\"target\":{\"@type\":\"EntryPoint\",\"urlTemplate\":\"https:\\\/\\\/www.bellunopress.it\\\/?s={search_term_string}\"},\"query-input\":{\"@type\":\"PropertyValueSpecification\",\"valueRequired\":true,\"valueName\":\"search_term_string\"}}],\"inLanguage\":\"fr-FR\"},{\"@type\":\"Organization\",\"@id\":\"https:\\\/\\\/www.bellunopress.it\\\/#organization\",\"name\":\"Bellunopress\",\"url\":\"https:\\\/\\\/www.bellunopress.it\\\/\",\"logo\":{\"@type\":\"ImageObject\",\"inLanguage\":\"fr-FR\",\"@id\":\"https:\\\/\\\/www.bellunopress.it\\\/#\\\/schema\\\/logo\\\/image\\\/\",\"url\":\"https:\\\/\\\/www.bellunopress.it\\\/wp-content\\\/uploads\\\/2011\\\/05\\\/cropped-logo-bellunopress-.jpg\",\"contentUrl\":\"https:\\\/\\\/www.bellunopress.it\\\/wp-content\\\/uploads\\\/2011\\\/05\\\/cropped-logo-bellunopress-.jpg\",\"width\":512,\"height\":512,\"caption\":\"Bellunopress\"},\"image\":{\"@id\":\"https:\\\/\\\/www.bellunopress.it\\\/#\\\/schema\\\/logo\\\/image\\\/\"},\"sameAs\":[\"https:\\\/\\\/www.facebook.com\\\/profile.php?id=100008943462799\",\"https:\\\/\\\/x.com\\\/bellunopress\",\"https:\\\/\\\/www.linkedin.com\\\/hp\\\/?dnr=JBzUWaJfMUw8vbXJJ2tVW5-I3jZKvC4wsoxE&amp;amp;amp;amp;amp;amp;trk=nav_responsive_tab_home\",\"https:\\\/\\\/www.youtube.com\\\/channel\\\/UCxL0wu1uN0_3_7hGG0306cw\"]},{\"@type\":\"Person\",\"@id\":\"https:\\\/\\\/www.bellunopress.it\\\/#\\\/schema\\\/person\\\/79bb06722b37ece1c03d3e94beb30d73\",\"name\":\"redazione\",\"image\":{\"@type\":\"ImageObject\",\"inLanguage\":\"fr-FR\",\"@id\":\"https:\\\/\\\/secure.gravatar.com\\\/avatar\\\/37d968a2e67a6fd04c169c4bdef102d0bc5d31b2546345219e348575eb80e9a0?s=96&d=mm&r=g\",\"url\":\"https:\\\/\\\/secure.gravatar.com\\\/avatar\\\/37d968a2e67a6fd04c169c4bdef102d0bc5d31b2546345219e348575eb80e9a0?s=96&d=mm&r=g\",\"contentUrl\":\"https:\\\/\\\/secure.gravatar.com\\\/avatar\\\/37d968a2e67a6fd04c169c4bdef102d0bc5d31b2546345219e348575eb80e9a0?s=96&d=mm&r=g\",\"caption\":\"redazione\"},\"sameAs\":[\"http:\\\/\\\/www.bellunopress.it\",\"https:\\\/\\\/x.com\\\/bellunopress\"],\"url\":\"https:\\\/\\\/www.bellunopress.it\\\/fr\\\/author\\\/redazione\\\/\"}]}<\/script>\n<!-- \/ Yoast SEO plugin. -->","yoast_head_json":{"title":"Musica ieri, oggi e domani. Ugo Rapezzi: \"Non mi stupirei se sui palchi, in un prossimo futuro, l'umano venisse sostituito da un ologramma o un robot\" - Bellunopress - Dolomiti","robots":{"index":"index","follow":"follow","max-snippet":"max-snippet:-1","max-image-preview":"max-image-preview:large","max-video-preview":"max-video-preview:-1"},"canonical":"https:\/\/www.bellunopress.it\/fr\/2026\/08\/21\/musica-ieri-oggi-e-domani-ugo-rapezzi-non-mi-stupirei-se-sui-palchi-in-un-prossimo-futuro-lumano-venisse-sostituito-da-un-ologramma-o-un-robot\/","og_locale":"fr_FR","og_type":"article","og_title":"Musica ieri, oggi e domani. Ugo Rapezzi: \"Non mi stupirei se sui palchi, in un prossimo futuro, l'umano venisse sostituito da un ologramma o un robot\" - Bellunopress - Dolomiti","og_description":"Belluno, 21 agosto 2026 &#8211; Proseguiamo i nostri incontri con i musicisti con l&#8217;intervista che segue a Ugo Rapezzi, bolognese di nascita e bellunese d&#8217;adozione, musicista e scrittore. Ugo ha attraversato e vissuto in prima persona quelli che riteniamo gli anni pi\u00f9 significativi della musica leggera contemporanea. Il suo sguardo sul passato, presente e futuro [&hellip;]","og_url":"https:\/\/www.bellunopress.it\/fr\/2026\/08\/21\/musica-ieri-oggi-e-domani-ugo-rapezzi-non-mi-stupirei-se-sui-palchi-in-un-prossimo-futuro-lumano-venisse-sostituito-da-un-ologramma-o-un-robot\/","og_site_name":"Bellunopress - Dolomiti","article_publisher":"https:\/\/www.facebook.com\/profile.php?id=100008943462799","article_published_time":"2026-08-21T06:49:54+00:00","article_modified_time":"2026-08-22T17:30:12+00:00","og_image":[{"width":540,"height":551,"url":"https:\/\/www.bellunopress.it\/wp-content\/uploads\/2026\/08\/Ugo-Rapezzi-2026.jpeg","type":"image\/jpeg"}],"author":"redazione","twitter_card":"summary_large_image","twitter_creator":"@bellunopress","twitter_site":"@bellunopress","twitter_misc":{"Written by":"redazione","Est. reading time":"5 minutes"},"schema":{"@context":"https:\/\/schema.org","@graph":[{"@type":"Article","@id":"https:\/\/www.bellunopress.it\/2026\/08\/21\/musica-ieri-oggi-e-domani-ugo-rapezzi-non-mi-stupirei-se-sui-palchi-in-un-prossimo-futuro-lumano-venisse-sostituito-da-un-ologramma-o-un-robot\/#article","isPartOf":{"@id":"https:\/\/www.bellunopress.it\/2026\/08\/21\/musica-ieri-oggi-e-domani-ugo-rapezzi-non-mi-stupirei-se-sui-palchi-in-un-prossimo-futuro-lumano-venisse-sostituito-da-un-ologramma-o-un-robot\/"},"author":{"name":"redazione","@id":"https:\/\/www.bellunopress.it\/#\/schema\/person\/79bb06722b37ece1c03d3e94beb30d73"},"headline":"Musica ieri, oggi e domani. Ugo Rapezzi: &#8220;Non mi stupirei se sui palchi, in un prossimo futuro, l&#8217;umano venisse sostituito da un ologramma o un robot&#8221;","datePublished":"2026-08-21T06:49:54+00:00","dateModified":"2026-08-22T17:30:12+00:00","mainEntityOfPage":{"@id":"https:\/\/www.bellunopress.it\/2026\/08\/21\/musica-ieri-oggi-e-domani-ugo-rapezzi-non-mi-stupirei-se-sui-palchi-in-un-prossimo-futuro-lumano-venisse-sostituito-da-un-ologramma-o-un-robot\/"},"wordCount":792,"publisher":{"@id":"https:\/\/www.bellunopress.it\/#organization"},"image":{"@id":"https:\/\/www.bellunopress.it\/2026\/08\/21\/musica-ieri-oggi-e-domani-ugo-rapezzi-non-mi-stupirei-se-sui-palchi-in-un-prossimo-futuro-lumano-venisse-sostituito-da-un-ologramma-o-un-robot\/#primaryimage"},"thumbnailUrl":"https:\/\/www.bellunopress.it\/wp-content\/uploads\/2026\/08\/Ugo-Rapezzi-2026.jpeg","articleSection":["Arte, Cultura, Spettacoli, Scienza","Featured","Pausa Caff\u00e8"],"inLanguage":"fr-FR"},{"@type":"WebPage","@id":"https:\/\/www.bellunopress.it\/2026\/08\/21\/musica-ieri-oggi-e-domani-ugo-rapezzi-non-mi-stupirei-se-sui-palchi-in-un-prossimo-futuro-lumano-venisse-sostituito-da-un-ologramma-o-un-robot\/","url":"https:\/\/www.bellunopress.it\/2026\/08\/21\/musica-ieri-oggi-e-domani-ugo-rapezzi-non-mi-stupirei-se-sui-palchi-in-un-prossimo-futuro-lumano-venisse-sostituito-da-un-ologramma-o-un-robot\/","name":"Musica ieri, oggi e domani. Ugo Rapezzi: \"Non mi stupirei se sui palchi, in un prossimo futuro, l'umano venisse sostituito da un ologramma o un robot\" - Bellunopress - Dolomiti","isPartOf":{"@id":"https:\/\/www.bellunopress.it\/#website"},"primaryImageOfPage":{"@id":"https:\/\/www.bellunopress.it\/2026\/08\/21\/musica-ieri-oggi-e-domani-ugo-rapezzi-non-mi-stupirei-se-sui-palchi-in-un-prossimo-futuro-lumano-venisse-sostituito-da-un-ologramma-o-un-robot\/#primaryimage"},"image":{"@id":"https:\/\/www.bellunopress.it\/2026\/08\/21\/musica-ieri-oggi-e-domani-ugo-rapezzi-non-mi-stupirei-se-sui-palchi-in-un-prossimo-futuro-lumano-venisse-sostituito-da-un-ologramma-o-un-robot\/#primaryimage"},"thumbnailUrl":"https:\/\/www.bellunopress.it\/wp-content\/uploads\/2026\/08\/Ugo-Rapezzi-2026.jpeg","datePublished":"2026-08-21T06:49:54+00:00","dateModified":"2026-08-22T17:30:12+00:00","breadcrumb":{"@id":"https:\/\/www.bellunopress.it\/2026\/08\/21\/musica-ieri-oggi-e-domani-ugo-rapezzi-non-mi-stupirei-se-sui-palchi-in-un-prossimo-futuro-lumano-venisse-sostituito-da-un-ologramma-o-un-robot\/#breadcrumb"},"inLanguage":"fr-FR","potentialAction":[{"@type":"ReadAction","target":["https:\/\/www.bellunopress.it\/2026\/08\/21\/musica-ieri-oggi-e-domani-ugo-rapezzi-non-mi-stupirei-se-sui-palchi-in-un-prossimo-futuro-lumano-venisse-sostituito-da-un-ologramma-o-un-robot\/"]}]},{"@type":"ImageObject","inLanguage":"fr-FR","@id":"https:\/\/www.bellunopress.it\/2026\/08\/21\/musica-ieri-oggi-e-domani-ugo-rapezzi-non-mi-stupirei-se-sui-palchi-in-un-prossimo-futuro-lumano-venisse-sostituito-da-un-ologramma-o-un-robot\/#primaryimage","url":"https:\/\/www.bellunopress.it\/wp-content\/uploads\/2026\/08\/Ugo-Rapezzi-2026.jpeg","contentUrl":"https:\/\/www.bellunopress.it\/wp-content\/uploads\/2026\/08\/Ugo-Rapezzi-2026.jpeg","width":540,"height":551,"caption":"Ugo Rapezzi, musicista e scrittore"},{"@type":"BreadcrumbList","@id":"https:\/\/www.bellunopress.it\/2026\/08\/21\/musica-ieri-oggi-e-domani-ugo-rapezzi-non-mi-stupirei-se-sui-palchi-in-un-prossimo-futuro-lumano-venisse-sostituito-da-un-ologramma-o-un-robot\/#breadcrumb","itemListElement":[{"@type":"ListItem","position":1,"name":"Home","item":"https:\/\/www.bellunopress.it\/"},{"@type":"ListItem","position":2,"name":"Musica ieri, oggi e domani. Ugo Rapezzi: &#8220;Non mi stupirei se sui palchi, in un prossimo futuro, l&#8217;umano venisse sostituito da un ologramma o un robot&#8221;"}]},{"@type":"WebSite","@id":"https:\/\/www.bellunopress.it\/#website","url":"https:\/\/www.bellunopress.it\/","name":"Bellunopress - Dolomiti","description":"e-mail: redazione@bellunopress.it","publisher":{"@id":"https:\/\/www.bellunopress.it\/#organization"},"potentialAction":[{"@type":"SearchAction","target":{"@type":"EntryPoint","urlTemplate":"https:\/\/www.bellunopress.it\/?s={search_term_string}"},"query-input":{"@type":"PropertyValueSpecification","valueRequired":true,"valueName":"search_term_string"}}],"inLanguage":"fr-FR"},{"@type":"Organization","@id":"https:\/\/www.bellunopress.it\/#organization","name":"Bellunopress","url":"https:\/\/www.bellunopress.it\/","logo":{"@type":"ImageObject","inLanguage":"fr-FR","@id":"https:\/\/www.bellunopress.it\/#\/schema\/logo\/image\/","url":"https:\/\/www.bellunopress.it\/wp-content\/uploads\/2011\/05\/cropped-logo-bellunopress-.jpg","contentUrl":"https:\/\/www.bellunopress.it\/wp-content\/uploads\/2011\/05\/cropped-logo-bellunopress-.jpg","width":512,"height":512,"caption":"Bellunopress"},"image":{"@id":"https:\/\/www.bellunopress.it\/#\/schema\/logo\/image\/"},"sameAs":["https:\/\/www.facebook.com\/profile.php?id=100008943462799","https:\/\/x.com\/bellunopress","https:\/\/www.linkedin.com\/hp\/?dnr=JBzUWaJfMUw8vbXJJ2tVW5-I3jZKvC4wsoxE&amp;amp;amp;amp;amp;amp;trk=nav_responsive_tab_home","https:\/\/www.youtube.com\/channel\/UCxL0wu1uN0_3_7hGG0306cw"]},{"@type":"Person","@id":"https:\/\/www.bellunopress.it\/#\/schema\/person\/79bb06722b37ece1c03d3e94beb30d73","name":"r\u00e9daction","image":{"@type":"ImageObject","inLanguage":"fr-FR","@id":"https:\/\/secure.gravatar.com\/avatar\/37d968a2e67a6fd04c169c4bdef102d0bc5d31b2546345219e348575eb80e9a0?s=96&d=mm&r=g","url":"https:\/\/secure.gravatar.com\/avatar\/37d968a2e67a6fd04c169c4bdef102d0bc5d31b2546345219e348575eb80e9a0?s=96&d=mm&r=g","contentUrl":"https:\/\/secure.gravatar.com\/avatar\/37d968a2e67a6fd04c169c4bdef102d0bc5d31b2546345219e348575eb80e9a0?s=96&d=mm&r=g","caption":"redazione"},"sameAs":["http:\/\/www.bellunopress.it","https:\/\/x.com\/bellunopress"],"url":"https:\/\/www.bellunopress.it\/fr\/author\/redazione\/"}]}},"_links":{"self":[{"href":"https:\/\/www.bellunopress.it\/fr\/wp-json\/wp\/v2\/posts\/172792","targetHints":{"allow":["GET"]}}],"collection":[{"href":"https:\/\/www.bellunopress.it\/fr\/wp-json\/wp\/v2\/posts"}],"about":[{"href":"https:\/\/www.bellunopress.it\/fr\/wp-json\/wp\/v2\/types\/post"}],"author":[{"embeddable":true,"href":"https:\/\/www.bellunopress.it\/fr\/wp-json\/wp\/v2\/users\/2"}],"replies":[{"embeddable":true,"href":"https:\/\/www.bellunopress.it\/fr\/wp-json\/wp\/v2\/comments?post=172792"}],"version-history":[{"count":1,"href":"https:\/\/www.bellunopress.it\/fr\/wp-json\/wp\/v2\/posts\/172792\/revisions"}],"predecessor-version":[{"id":172795,"href":"https:\/\/www.bellunopress.it\/fr\/wp-json\/wp\/v2\/posts\/172792\/revisions\/172795"}],"wp:featuredmedia":[{"embeddable":true,"href":"https:\/\/www.bellunopress.it\/fr\/wp-json\/wp\/v2\/media\/172793"}],"wp:attachment":[{"href":"https:\/\/www.bellunopress.it\/fr\/wp-json\/wp\/v2\/media?parent=172792"}],"wp:term":[{"taxonomy":"category","embeddable":true,"href":"https:\/\/www.bellunopress.it\/fr\/wp-json\/wp\/v2\/categories?post=172792"},{"taxonomy":"post_tag","embeddable":true,"href":"https:\/\/www.bellunopress.it\/fr\/wp-json\/wp\/v2\/tags?post=172792"}],"curies":[{"name":"wp","href":"https:\/\/api.w.org\/{rel}","templated":true}]}}