{"id":172788,"date":"2026-08-20T19:35:32","date_gmt":"2026-08-20T17:35:32","guid":{"rendered":"https:\/\/www.bellunopress.it\/?p=172788"},"modified":"2026-08-20T19:35:32","modified_gmt":"2026-08-20T17:35:32","slug":"feltre-nuovo-negrelli-oggi-in-consiglio-comunale-la-variante","status":"publish","type":"post","link":"https:\/\/www.bellunopress.it\/fr\/2026\/08\/20\/feltre-nuovo-negrelli-oggi-in-consiglio-comunale-la-variante\/","title":{"rendered":"Feltre. Nuovo Negrelli, oggi in consiglio comunale la variante"},"content":{"rendered":"<p><strong>Due campate dell\u2019edificio storico da conservare e una significativa dotazione di alberi. Le indicazioni del Comune sul progetto della Provincia\u00a0<\/strong><\/p>\n<p>Feltre, 20 agosto 2026 &#8211; Due campate complete dell\u2019attuale edificio da conservare, anzich\u00e9 le tre previste nella variante presentata dalla Provincia di Belluno; mantenimento a tutta altezza delle pilastrature lungo il confine est; pi\u00f9 superfici a verde e una significativa presenza di alberi negli spazi liberati dalle demolizioni.<\/p>\n<p>Sono le principali indicazioni che l\u2019Amministrazione comunale di Feltre propone di introdurre nel progetto del nuovo polo scolastico dell\u2019Istituto Tecnico Tecnologico \u201cL. Negrelli\u201d e che saranno sottoposte oggi all\u2019esame del Consiglio comunale. L\u2019obiettivo \u00e8 trovare un equilibrio tra la tutela dell\u2019edificio di Gino Valle e Giorgio Macola, riconosciuto tra le \u201cArchitetture del<br \/>\nNovecento\u201d, e la necessit\u00e0 di garantire al nuovo polo scolastico spazi esterni pi\u00f9 verdi, continui e pienamente fruibili dagli studenti.<\/p>\n<p>\u201cLa proposta della Provincia nasce da esigenze tecniche emerse durante la progettazione e va nella direzione di conservare una parte significativa dell\u2019edificio originario.<br \/>\nCome Amministrazione abbiamo per\u00f2 ritenuto che fosse possibile trovare un equilibrio ulteriore \u2013 sottolinea il sindaco, Viviana Fusaro \u2013. La tutela deve consentire di continuare a leggere con chiarezza il valore architettonico e il sistema costruttivo del Negrelli, ma deve anche dialogare con la nuova scuola e con gli spazi che gli studenti utilizzeranno ogni giorno. Per questo<br \/>\nproponiamo di concentrare la conservazione su due campate complete e sui pilastri lungo il lato est, liberando al tempo stesso maggiori superfici da destinare al verde, alla didattica all\u2019aperto, allo sport e alla socialit\u00e0. \u00c8 una scelta che guarda non solo al nuovo edificio, ma alla qualit\u00e0 complessiva del futuro polo scolastico\u201d.<\/p>\n<p>La variante presentata dalla Provincia si \u00e8 resa necessaria a seguito degli approfondimenti condotti durante la progettazione esecutiva e delle prime demolizioni selettive, che hanno consentito di conoscere pi\u00f9 nel dettaglio le caratteristiche strutturali dell\u2019edificio rispetto a quanto noto al momento dell\u2019approvazione del progetto del 2023.<br \/>\nIn particolare, l\u2019acquisizione dei disegni strutturali originali e le verifiche effettuate in cantiere hanno evidenziato che i pilastri del corpo aule sono costituiti da elementi prefabbricati monolitici alti circa sei metri e mezzo e dotati di mensole strutturali integrate. Il taglio previsto nella soluzione inizialmente autorizzata comprometterebbe la stabilit\u00e0 della struttura residua<br \/>\ne renderebbe necessario alterare profondamente proprio quel sistema costruttivo che si intende conservare.<\/p>\n<p>Da queste nuove evidenze tecniche \u00e8 nata la proposta della Provincia di mantenere integralmente tre campate dell\u2019edificio esistente, conservando il sistema strutturale composto da pilastri, travi, mensole e copertura. Si tratta di uno degli elementi maggiormente rappresentativi dell\u2019opera progettata dagli architetti Gino Valle e Giorgio Macola e che ha contribuito<br \/>\nall\u2019inserimento del Negrelli tra le \u201cArchitetture del Novecento\u201d individuate dal Piano Territoriale Regionale di Coordinamento.<\/p>\n<p>Nell\u2019esaminare questa soluzione, l\u2019Amministrazione comunale ha ritenuto tuttavia opportuno proporre una diversa configurazione, con l\u2019obiettivo di garantire una conservazione effettiva e riconoscibile dei caratteri pi\u00f9 significativi dell\u2019edificio<br \/>\nsenza compromettere la qualit\u00e0 e la piena fruibilit\u00e0 degli spazi aperti della nuova scuola.<br \/>\nLa principale prescrizione sottoposta oggi al Consiglio comunale prevede quindi di ricondurre a due le campate complete del sistema strutturale originario da conservare, anzich\u00e9 le tre proposte dalla Provincia. Qualora condizioni tecniche o statiche non consentissero tale configurazione, dovr\u00e0 comunque essere mantenuta la massima porzione possibile nella quale risulti<br \/>\nintegralmente riconoscibile e leggibile il sistema costruttivo originario costituito dall\u2019insieme di pilastri, travi e solai. A questa conservazione si aggiunge il mantenimento a tutta altezza delle pilastrature individuate lungo il confine est dell\u2019area. La loro presenza permetter\u00e0 di continuare a percepire la dimensione, la scansione modulare e l\u2019impianto strutturale dell\u2019edificio<br \/>\noriginario anche dopo la demolizione delle restanti parti.<\/p>\n<p>La scelta di concentrare gli elementi da conservare in queste porzioni risponde anche alla volont\u00e0 di evitare la permanenza di strutture isolate e disseminate negli spazi esterni, che rischierebbero di frammentare l\u2019area e limitarne la qualit\u00e0 e la possibilit\u00e0 di utilizzo da parte degli studenti. \u201cIl vincolo non ha niente a che fare con i beni culturali ma \u00e8 un provvedimento di natura<br \/>\nurbanistica dettato dalla Regione \u2013 spiega l\u2019assessore all\u2019urbanistica, Andrea Bona -. Il progetto di demolizione \u00e8 gi\u00e0 stato approvato dal Consiglio comunale nel 2023 e questa \u00e8 una variante richiesta dall\u2019Ente Provincia per cercare di migliorare quanto allora previsto in progetto. Con le prescrizioni che saranno introdotte dal Consiglio comunale la soluzione prevista viene<br \/>\nulteriormente definita e circoscritta\u201d.<\/p>\n<p>Un secondo punto centrale delle indicazioni del Comune riguarda il verde. Le superfici liberate dalle demolizioni e non occupate dal nuovo edificio, da opere di servizio, percorsi o spazi pavimentati secondo le osservazioni dell\u2019Amministrazione dovranno essere sistemate a verde, evitando, per quanto tecnicamente possibile, la loro successiva impermeabilizzazione. Si<br \/>\nrichiede inoltre la messa a dimora di alberi a foglia caduca appartenenti a specie autoctone o comunque coerenti con le caratteristiche del territorio:<br \/>\nl\u2019obiettivo \u00e8 quello di garantire nel tempo ombreggiamento, mitigazione climatica e qualit\u00e0 paesaggistica, oltre a migliori condizioni di utilizzo degli spazi da parte degli studenti. L\u2019idea \u00e8 che il verde non rappresenti semplicemente ci\u00f2 che rimane tra un edificio e l\u2019altro dopo le demolizioni, ma diventi parte integrante del progetto della nuova scuola: spazi per la didattica<br \/>\nall\u2019aperto, lo sport, le attivit\u00e0 ricreative e la socializzazione.<\/p>\n<p>Una prospettiva che guarda anche oltre il singolo intervento sul Negrelli. Il nuovo assetto si inserisce infatti nella progressiva costruzione di un polo scolastico unitario con il vicino Liceo \u201cGiorgio Dal Piaz\u201d, nel quale gli spazi aperti potranno assumere una funzione di collegamento fisico, funzionale e paesaggistico tra i diversi plessi e diventare un patrimonio comune della<br \/>\ncomunit\u00e0 scolastica. Rimane prioritario l\u2019obiettivo alla base dell\u2019intervento:<br \/>\ndare al Negrelli una nuova sede pienamente adeguata sotto il profilo sismico, energetico, impiantistico e funzionale, realizzata senza ulteriore consumo di suolo e garantire la permanenza a Feltre di un istituto che rappresenta un punto di riferimento per l\u2019istruzione tecnica dell\u2019intera provincia.<\/p>","protected":false},"excerpt":{"rendered":"<p>Due campate dell\u2019edificio storico da conservare e una significativa dotazione di alberi. Le indicazioni del Comune sul progetto della Provincia\u00a0 Feltre, 20 agosto 2026 &#8211; Due campate complete dell\u2019attuale edificio da conservare, anzich\u00e9 le tre previste nella variante presentata dalla Provincia di Belluno; mantenimento a tutta altezza delle pilastrature lungo il confine est; pi\u00f9 superfici [&hellip;]<\/p>\n","protected":false},"author":2,"featured_media":140385,"comment_status":"closed","ping_status":"open","sticky":false,"template":"","format":"standard","meta":{"footnotes":""},"categories":[26,15],"tags":[],"class_list":["post-172788","post","type-post","status-publish","format-standard","has-post-thumbnail","category-prima-pagina","category-scuola"],"yoast_head":"<!-- This site is optimized with the Yoast SEO plugin v28.4 - https:\/\/yoast.com\/product\/yoast-seo-wordpress\/ -->\n<title>Feltre. Nuovo Negrelli, oggi in consiglio comunale la variante - Bellunopress - Dolomiti<\/title>\n<meta name=\"robots\" content=\"index, follow, max-snippet:-1, max-image-preview:large, max-video-preview:-1\" \/>\n<link rel=\"canonical\" href=\"https:\/\/www.bellunopress.it\/fr\/2026\/08\/20\/feltre-nuovo-negrelli-oggi-in-consiglio-comunale-la-variante\/\" \/>\n<meta property=\"og:locale\" content=\"fr_FR\" \/>\n<meta property=\"og:type\" content=\"article\" \/>\n<meta property=\"og:title\" content=\"Feltre. Nuovo Negrelli, oggi in consiglio comunale la variante - Bellunopress - Dolomiti\" \/>\n<meta property=\"og:description\" content=\"Due campate dell\u2019edificio storico da conservare e una significativa dotazione di alberi. Le indicazioni del Comune sul progetto della Provincia\u00a0 Feltre, 20 agosto 2026 &#8211; Due campate complete dell\u2019attuale edificio da conservare, anzich\u00e9 le tre previste nella variante presentata dalla Provincia di Belluno; mantenimento a tutta altezza delle pilastrature lungo il confine est; pi\u00f9 superfici [&hellip;]\" \/>\n<meta property=\"og:url\" content=\"https:\/\/www.bellunopress.it\/fr\/2026\/08\/20\/feltre-nuovo-negrelli-oggi-in-consiglio-comunale-la-variante\/\" \/>\n<meta property=\"og:site_name\" content=\"Bellunopress - Dolomiti\" \/>\n<meta property=\"article:publisher\" content=\"https:\/\/www.facebook.com\/profile.php?id=100008943462799\" \/>\n<meta property=\"article:published_time\" content=\"2026-08-20T17:35:32+00:00\" \/>\n<meta property=\"og:image\" content=\"https:\/\/www.bellunopress.it\/wp-content\/uploads\/2023\/03\/Progetto-Istituto-Negrelli-Forcellini-Feltre.jpg\" \/>\n\t<meta property=\"og:image:width\" content=\"1000\" \/>\n\t<meta property=\"og:image:height\" content=\"456\" \/>\n\t<meta property=\"og:image:type\" content=\"image\/jpeg\" \/>\n<meta name=\"author\" content=\"redazione\" \/>\n<meta name=\"twitter:card\" content=\"summary_large_image\" \/>\n<meta name=\"twitter:creator\" content=\"@bellunopress\" \/>\n<meta name=\"twitter:site\" content=\"@bellunopress\" \/>\n<meta name=\"twitter:label1\" content=\"Written by\" \/>\n\t<meta name=\"twitter:data1\" content=\"redazione\" \/>\n\t<meta name=\"twitter:label2\" content=\"Est. reading time\" \/>\n\t<meta name=\"twitter:data2\" content=\"6 minutes\" \/>\n<script type=\"application\/ld+json\" class=\"yoast-schema-graph\">{\"@context\":\"https:\\\/\\\/schema.org\",\"@graph\":[{\"@type\":\"Article\",\"@id\":\"https:\\\/\\\/www.bellunopress.it\\\/2026\\\/08\\\/20\\\/feltre-nuovo-negrelli-oggi-in-consiglio-comunale-la-variante\\\/#article\",\"isPartOf\":{\"@id\":\"https:\\\/\\\/www.bellunopress.it\\\/2026\\\/08\\\/20\\\/feltre-nuovo-negrelli-oggi-in-consiglio-comunale-la-variante\\\/\"},\"author\":{\"name\":\"redazione\",\"@id\":\"https:\\\/\\\/www.bellunopress.it\\\/#\\\/schema\\\/person\\\/79bb06722b37ece1c03d3e94beb30d73\"},\"headline\":\"Feltre. Nuovo Negrelli, oggi in consiglio comunale la variante\",\"datePublished\":\"2026-08-20T17:35:32+00:00\",\"mainEntityOfPage\":{\"@id\":\"https:\\\/\\\/www.bellunopress.it\\\/2026\\\/08\\\/20\\\/feltre-nuovo-negrelli-oggi-in-consiglio-comunale-la-variante\\\/\"},\"wordCount\":992,\"publisher\":{\"@id\":\"https:\\\/\\\/www.bellunopress.it\\\/#organization\"},\"image\":{\"@id\":\"https:\\\/\\\/www.bellunopress.it\\\/2026\\\/08\\\/20\\\/feltre-nuovo-negrelli-oggi-in-consiglio-comunale-la-variante\\\/#primaryimage\"},\"thumbnailUrl\":\"https:\\\/\\\/www.bellunopress.it\\\/wp-content\\\/uploads\\\/2023\\\/03\\\/Progetto-Istituto-Negrelli-Forcellini-Feltre.jpg\",\"articleSection\":[\"Prima Pagina\",\"Scuola\"],\"inLanguage\":\"fr-FR\"},{\"@type\":\"WebPage\",\"@id\":\"https:\\\/\\\/www.bellunopress.it\\\/2026\\\/08\\\/20\\\/feltre-nuovo-negrelli-oggi-in-consiglio-comunale-la-variante\\\/\",\"url\":\"https:\\\/\\\/www.bellunopress.it\\\/2026\\\/08\\\/20\\\/feltre-nuovo-negrelli-oggi-in-consiglio-comunale-la-variante\\\/\",\"name\":\"Feltre. Nuovo Negrelli, oggi in consiglio comunale la variante - Bellunopress - Dolomiti\",\"isPartOf\":{\"@id\":\"https:\\\/\\\/www.bellunopress.it\\\/#website\"},\"primaryImageOfPage\":{\"@id\":\"https:\\\/\\\/www.bellunopress.it\\\/2026\\\/08\\\/20\\\/feltre-nuovo-negrelli-oggi-in-consiglio-comunale-la-variante\\\/#primaryimage\"},\"image\":{\"@id\":\"https:\\\/\\\/www.bellunopress.it\\\/2026\\\/08\\\/20\\\/feltre-nuovo-negrelli-oggi-in-consiglio-comunale-la-variante\\\/#primaryimage\"},\"thumbnailUrl\":\"https:\\\/\\\/www.bellunopress.it\\\/wp-content\\\/uploads\\\/2023\\\/03\\\/Progetto-Istituto-Negrelli-Forcellini-Feltre.jpg\",\"datePublished\":\"2026-08-20T17:35:32+00:00\",\"breadcrumb\":{\"@id\":\"https:\\\/\\\/www.bellunopress.it\\\/2026\\\/08\\\/20\\\/feltre-nuovo-negrelli-oggi-in-consiglio-comunale-la-variante\\\/#breadcrumb\"},\"inLanguage\":\"fr-FR\",\"potentialAction\":[{\"@type\":\"ReadAction\",\"target\":[\"https:\\\/\\\/www.bellunopress.it\\\/2026\\\/08\\\/20\\\/feltre-nuovo-negrelli-oggi-in-consiglio-comunale-la-variante\\\/\"]}]},{\"@type\":\"ImageObject\",\"inLanguage\":\"fr-FR\",\"@id\":\"https:\\\/\\\/www.bellunopress.it\\\/2026\\\/08\\\/20\\\/feltre-nuovo-negrelli-oggi-in-consiglio-comunale-la-variante\\\/#primaryimage\",\"url\":\"https:\\\/\\\/www.bellunopress.it\\\/wp-content\\\/uploads\\\/2023\\\/03\\\/Progetto-Istituto-Negrelli-Forcellini-Feltre.jpg\",\"contentUrl\":\"https:\\\/\\\/www.bellunopress.it\\\/wp-content\\\/uploads\\\/2023\\\/03\\\/Progetto-Istituto-Negrelli-Forcellini-Feltre.jpg\",\"width\":1000,\"height\":456,\"caption\":\"I.T.I.S. \u201cL. Negrelli \u2013 E. Forcellini\u201d Feltre (BL)\"},{\"@type\":\"BreadcrumbList\",\"@id\":\"https:\\\/\\\/www.bellunopress.it\\\/2026\\\/08\\\/20\\\/feltre-nuovo-negrelli-oggi-in-consiglio-comunale-la-variante\\\/#breadcrumb\",\"itemListElement\":[{\"@type\":\"ListItem\",\"position\":1,\"name\":\"Home\",\"item\":\"https:\\\/\\\/www.bellunopress.it\\\/\"},{\"@type\":\"ListItem\",\"position\":2,\"name\":\"Feltre. Nuovo Negrelli, oggi in consiglio comunale la variante\"}]},{\"@type\":\"WebSite\",\"@id\":\"https:\\\/\\\/www.bellunopress.it\\\/#website\",\"url\":\"https:\\\/\\\/www.bellunopress.it\\\/\",\"name\":\"Bellunopress - Dolomiti\",\"description\":\"e-mail: redazione@bellunopress.it\",\"publisher\":{\"@id\":\"https:\\\/\\\/www.bellunopress.it\\\/#organization\"},\"potentialAction\":[{\"@type\":\"SearchAction\",\"target\":{\"@type\":\"EntryPoint\",\"urlTemplate\":\"https:\\\/\\\/www.bellunopress.it\\\/?s={search_term_string}\"},\"query-input\":{\"@type\":\"PropertyValueSpecification\",\"valueRequired\":true,\"valueName\":\"search_term_string\"}}],\"inLanguage\":\"fr-FR\"},{\"@type\":\"Organization\",\"@id\":\"https:\\\/\\\/www.bellunopress.it\\\/#organization\",\"name\":\"Bellunopress\",\"url\":\"https:\\\/\\\/www.bellunopress.it\\\/\",\"logo\":{\"@type\":\"ImageObject\",\"inLanguage\":\"fr-FR\",\"@id\":\"https:\\\/\\\/www.bellunopress.it\\\/#\\\/schema\\\/logo\\\/image\\\/\",\"url\":\"https:\\\/\\\/www.bellunopress.it\\\/wp-content\\\/uploads\\\/2011\\\/05\\\/cropped-logo-bellunopress-.jpg\",\"contentUrl\":\"https:\\\/\\\/www.bellunopress.it\\\/wp-content\\\/uploads\\\/2011\\\/05\\\/cropped-logo-bellunopress-.jpg\",\"width\":512,\"height\":512,\"caption\":\"Bellunopress\"},\"image\":{\"@id\":\"https:\\\/\\\/www.bellunopress.it\\\/#\\\/schema\\\/logo\\\/image\\\/\"},\"sameAs\":[\"https:\\\/\\\/www.facebook.com\\\/profile.php?id=100008943462799\",\"https:\\\/\\\/x.com\\\/bellunopress\",\"https:\\\/\\\/www.linkedin.com\\\/hp\\\/?dnr=JBzUWaJfMUw8vbXJJ2tVW5-I3jZKvC4wsoxE&amp;amp;amp;amp;amp;amp;trk=nav_responsive_tab_home\",\"https:\\\/\\\/www.youtube.com\\\/channel\\\/UCxL0wu1uN0_3_7hGG0306cw\"]},{\"@type\":\"Person\",\"@id\":\"https:\\\/\\\/www.bellunopress.it\\\/#\\\/schema\\\/person\\\/79bb06722b37ece1c03d3e94beb30d73\",\"name\":\"redazione\",\"image\":{\"@type\":\"ImageObject\",\"inLanguage\":\"fr-FR\",\"@id\":\"https:\\\/\\\/secure.gravatar.com\\\/avatar\\\/37d968a2e67a6fd04c169c4bdef102d0bc5d31b2546345219e348575eb80e9a0?s=96&d=mm&r=g\",\"url\":\"https:\\\/\\\/secure.gravatar.com\\\/avatar\\\/37d968a2e67a6fd04c169c4bdef102d0bc5d31b2546345219e348575eb80e9a0?s=96&d=mm&r=g\",\"contentUrl\":\"https:\\\/\\\/secure.gravatar.com\\\/avatar\\\/37d968a2e67a6fd04c169c4bdef102d0bc5d31b2546345219e348575eb80e9a0?s=96&d=mm&r=g\",\"caption\":\"redazione\"},\"sameAs\":[\"http:\\\/\\\/www.bellunopress.it\",\"https:\\\/\\\/x.com\\\/bellunopress\"],\"url\":\"https:\\\/\\\/www.bellunopress.it\\\/fr\\\/author\\\/redazione\\\/\"}]}<\/script>\n<!-- \/ Yoast SEO plugin. -->","yoast_head_json":{"title":"Feltre. Nuovo Negrelli, oggi in consiglio comunale la variante - Bellunopress - Dolomiti","robots":{"index":"index","follow":"follow","max-snippet":"max-snippet:-1","max-image-preview":"max-image-preview:large","max-video-preview":"max-video-preview:-1"},"canonical":"https:\/\/www.bellunopress.it\/fr\/2026\/08\/20\/feltre-nuovo-negrelli-oggi-in-consiglio-comunale-la-variante\/","og_locale":"fr_FR","og_type":"article","og_title":"Feltre. Nuovo Negrelli, oggi in consiglio comunale la variante - Bellunopress - Dolomiti","og_description":"Due campate dell\u2019edificio storico da conservare e una significativa dotazione di alberi. Le indicazioni del Comune sul progetto della Provincia\u00a0 Feltre, 20 agosto 2026 &#8211; Due campate complete dell\u2019attuale edificio da conservare, anzich\u00e9 le tre previste nella variante presentata dalla Provincia di Belluno; mantenimento a tutta altezza delle pilastrature lungo il confine est; pi\u00f9 superfici [&hellip;]","og_url":"https:\/\/www.bellunopress.it\/fr\/2026\/08\/20\/feltre-nuovo-negrelli-oggi-in-consiglio-comunale-la-variante\/","og_site_name":"Bellunopress - Dolomiti","article_publisher":"https:\/\/www.facebook.com\/profile.php?id=100008943462799","article_published_time":"2026-08-20T17:35:32+00:00","og_image":[{"width":1000,"height":456,"url":"https:\/\/www.bellunopress.it\/wp-content\/uploads\/2023\/03\/Progetto-Istituto-Negrelli-Forcellini-Feltre.jpg","type":"image\/jpeg"}],"author":"redazione","twitter_card":"summary_large_image","twitter_creator":"@bellunopress","twitter_site":"@bellunopress","twitter_misc":{"Written by":"redazione","Est. reading time":"6 minutes"},"schema":{"@context":"https:\/\/schema.org","@graph":[{"@type":"Article","@id":"https:\/\/www.bellunopress.it\/2026\/08\/20\/feltre-nuovo-negrelli-oggi-in-consiglio-comunale-la-variante\/#article","isPartOf":{"@id":"https:\/\/www.bellunopress.it\/2026\/08\/20\/feltre-nuovo-negrelli-oggi-in-consiglio-comunale-la-variante\/"},"author":{"name":"redazione","@id":"https:\/\/www.bellunopress.it\/#\/schema\/person\/79bb06722b37ece1c03d3e94beb30d73"},"headline":"Feltre. Nuovo Negrelli, oggi in consiglio comunale la variante","datePublished":"2026-08-20T17:35:32+00:00","mainEntityOfPage":{"@id":"https:\/\/www.bellunopress.it\/2026\/08\/20\/feltre-nuovo-negrelli-oggi-in-consiglio-comunale-la-variante\/"},"wordCount":992,"publisher":{"@id":"https:\/\/www.bellunopress.it\/#organization"},"image":{"@id":"https:\/\/www.bellunopress.it\/2026\/08\/20\/feltre-nuovo-negrelli-oggi-in-consiglio-comunale-la-variante\/#primaryimage"},"thumbnailUrl":"https:\/\/www.bellunopress.it\/wp-content\/uploads\/2023\/03\/Progetto-Istituto-Negrelli-Forcellini-Feltre.jpg","articleSection":["Prima Pagina","Scuola"],"inLanguage":"fr-FR"},{"@type":"WebPage","@id":"https:\/\/www.bellunopress.it\/2026\/08\/20\/feltre-nuovo-negrelli-oggi-in-consiglio-comunale-la-variante\/","url":"https:\/\/www.bellunopress.it\/2026\/08\/20\/feltre-nuovo-negrelli-oggi-in-consiglio-comunale-la-variante\/","name":"Feltre. Nuovo Negrelli, oggi in consiglio comunale la variante - Bellunopress - Dolomiti","isPartOf":{"@id":"https:\/\/www.bellunopress.it\/#website"},"primaryImageOfPage":{"@id":"https:\/\/www.bellunopress.it\/2026\/08\/20\/feltre-nuovo-negrelli-oggi-in-consiglio-comunale-la-variante\/#primaryimage"},"image":{"@id":"https:\/\/www.bellunopress.it\/2026\/08\/20\/feltre-nuovo-negrelli-oggi-in-consiglio-comunale-la-variante\/#primaryimage"},"thumbnailUrl":"https:\/\/www.bellunopress.it\/wp-content\/uploads\/2023\/03\/Progetto-Istituto-Negrelli-Forcellini-Feltre.jpg","datePublished":"2026-08-20T17:35:32+00:00","breadcrumb":{"@id":"https:\/\/www.bellunopress.it\/2026\/08\/20\/feltre-nuovo-negrelli-oggi-in-consiglio-comunale-la-variante\/#breadcrumb"},"inLanguage":"fr-FR","potentialAction":[{"@type":"ReadAction","target":["https:\/\/www.bellunopress.it\/2026\/08\/20\/feltre-nuovo-negrelli-oggi-in-consiglio-comunale-la-variante\/"]}]},{"@type":"ImageObject","inLanguage":"fr-FR","@id":"https:\/\/www.bellunopress.it\/2026\/08\/20\/feltre-nuovo-negrelli-oggi-in-consiglio-comunale-la-variante\/#primaryimage","url":"https:\/\/www.bellunopress.it\/wp-content\/uploads\/2023\/03\/Progetto-Istituto-Negrelli-Forcellini-Feltre.jpg","contentUrl":"https:\/\/www.bellunopress.it\/wp-content\/uploads\/2023\/03\/Progetto-Istituto-Negrelli-Forcellini-Feltre.jpg","width":1000,"height":456,"caption":"I.T.I.S. \u201cL. Negrelli \u2013 E. Forcellini\u201d Feltre (BL)"},{"@type":"BreadcrumbList","@id":"https:\/\/www.bellunopress.it\/2026\/08\/20\/feltre-nuovo-negrelli-oggi-in-consiglio-comunale-la-variante\/#breadcrumb","itemListElement":[{"@type":"ListItem","position":1,"name":"Home","item":"https:\/\/www.bellunopress.it\/"},{"@type":"ListItem","position":2,"name":"Feltre. Nuovo Negrelli, oggi in consiglio comunale la variante"}]},{"@type":"WebSite","@id":"https:\/\/www.bellunopress.it\/#website","url":"https:\/\/www.bellunopress.it\/","name":"Bellunopress - Dolomiti","description":"e-mail: redazione@bellunopress.it","publisher":{"@id":"https:\/\/www.bellunopress.it\/#organization"},"potentialAction":[{"@type":"SearchAction","target":{"@type":"EntryPoint","urlTemplate":"https:\/\/www.bellunopress.it\/?s={search_term_string}"},"query-input":{"@type":"PropertyValueSpecification","valueRequired":true,"valueName":"search_term_string"}}],"inLanguage":"fr-FR"},{"@type":"Organization","@id":"https:\/\/www.bellunopress.it\/#organization","name":"Bellunopress","url":"https:\/\/www.bellunopress.it\/","logo":{"@type":"ImageObject","inLanguage":"fr-FR","@id":"https:\/\/www.bellunopress.it\/#\/schema\/logo\/image\/","url":"https:\/\/www.bellunopress.it\/wp-content\/uploads\/2011\/05\/cropped-logo-bellunopress-.jpg","contentUrl":"https:\/\/www.bellunopress.it\/wp-content\/uploads\/2011\/05\/cropped-logo-bellunopress-.jpg","width":512,"height":512,"caption":"Bellunopress"},"image":{"@id":"https:\/\/www.bellunopress.it\/#\/schema\/logo\/image\/"},"sameAs":["https:\/\/www.facebook.com\/profile.php?id=100008943462799","https:\/\/x.com\/bellunopress","https:\/\/www.linkedin.com\/hp\/?dnr=JBzUWaJfMUw8vbXJJ2tVW5-I3jZKvC4wsoxE&amp;amp;amp;amp;amp;amp;trk=nav_responsive_tab_home","https:\/\/www.youtube.com\/channel\/UCxL0wu1uN0_3_7hGG0306cw"]},{"@type":"Person","@id":"https:\/\/www.bellunopress.it\/#\/schema\/person\/79bb06722b37ece1c03d3e94beb30d73","name":"r\u00e9daction","image":{"@type":"ImageObject","inLanguage":"fr-FR","@id":"https:\/\/secure.gravatar.com\/avatar\/37d968a2e67a6fd04c169c4bdef102d0bc5d31b2546345219e348575eb80e9a0?s=96&d=mm&r=g","url":"https:\/\/secure.gravatar.com\/avatar\/37d968a2e67a6fd04c169c4bdef102d0bc5d31b2546345219e348575eb80e9a0?s=96&d=mm&r=g","contentUrl":"https:\/\/secure.gravatar.com\/avatar\/37d968a2e67a6fd04c169c4bdef102d0bc5d31b2546345219e348575eb80e9a0?s=96&d=mm&r=g","caption":"redazione"},"sameAs":["http:\/\/www.bellunopress.it","https:\/\/x.com\/bellunopress"],"url":"https:\/\/www.bellunopress.it\/fr\/author\/redazione\/"}]}},"_links":{"self":[{"href":"https:\/\/www.bellunopress.it\/fr\/wp-json\/wp\/v2\/posts\/172788","targetHints":{"allow":["GET"]}}],"collection":[{"href":"https:\/\/www.bellunopress.it\/fr\/wp-json\/wp\/v2\/posts"}],"about":[{"href":"https:\/\/www.bellunopress.it\/fr\/wp-json\/wp\/v2\/types\/post"}],"author":[{"embeddable":true,"href":"https:\/\/www.bellunopress.it\/fr\/wp-json\/wp\/v2\/users\/2"}],"replies":[{"embeddable":true,"href":"https:\/\/www.bellunopress.it\/fr\/wp-json\/wp\/v2\/comments?post=172788"}],"version-history":[{"count":1,"href":"https:\/\/www.bellunopress.it\/fr\/wp-json\/wp\/v2\/posts\/172788\/revisions"}],"predecessor-version":[{"id":172789,"href":"https:\/\/www.bellunopress.it\/fr\/wp-json\/wp\/v2\/posts\/172788\/revisions\/172789"}],"wp:featuredmedia":[{"embeddable":true,"href":"https:\/\/www.bellunopress.it\/fr\/wp-json\/wp\/v2\/media\/140385"}],"wp:attachment":[{"href":"https:\/\/www.bellunopress.it\/fr\/wp-json\/wp\/v2\/media?parent=172788"}],"wp:term":[{"taxonomy":"category","embeddable":true,"href":"https:\/\/www.bellunopress.it\/fr\/wp-json\/wp\/v2\/categories?post=172788"},{"taxonomy":"post_tag","embeddable":true,"href":"https:\/\/www.bellunopress.it\/fr\/wp-json\/wp\/v2\/tags?post=172788"}],"curies":[{"name":"wp","href":"https:\/\/api.w.org\/{rel}","templated":true}]}}