{"id":172785,"date":"2026-08-20T18:24:15","date_gmt":"2026-08-20T16:24:15","guid":{"rendered":"https:\/\/www.bellunopress.it\/?p=172785"},"modified":"2026-08-20T18:24:15","modified_gmt":"2026-08-20T16:24:15","slug":"quiet-cation-a-cortina-dampezzo-lautunno-e-la-stagione-del-silenzio","status":"publish","type":"post","link":"https:\/\/www.bellunopress.it\/fr\/2026\/08\/20\/quiet-cation-a-cortina-dampezzo-lautunno-e-la-stagione-del-silenzio\/","title":{"rendered":"Quiet-cation. A Cortina d&#8217;Ampezzo l&#8217;autunno \u00e8 la  stagione del silenzio"},"content":{"rendered":"<p><strong>Un viaggio alla scoperta delle Dolomiti nel segno della lentezza e del foliage<\/strong><\/p>\n<p>Con l&#8217;arrivo dell&#8217;autunno, la montagna cambia volto, e con essa cambia radicalmente il nostro modo di viverla. Mentre i boschi si accendono delle sfumature calde del giallo e del rosso e l&#8217;aria si fa pi\u00f9 limpida, cresce in molti il desiderio di allontanarsi dal caos quotidiano.<\/p>\n<p>\u00c8 il fenomeno del &#8220;quiet-cation&#8221; (dalla fusione di quiet e vacation), un trend che sta ridefinendo il modo di viaggiare: la ricerca di luoghi immersi nella natura dove il silenzio e la lentezza diventano il vero lusso.<\/p>\n<p>Cortina d&#8217;Ampezzo si conferma la meta ideale per questa filosofia di viaggio, offrendo una rete di sentieri panoramici facilmente accessibili grazie agli impianti di Cortina Skiworld, perfetti per chi desidera riscoprire le Dolomiti in una dimensione autentica e contemplativa.<\/p>\n<p><strong>Itinerari nel silenzio: le proposte di Cortina Skiworld<\/strong><br \/>\nL&#8217;autunno ampezzano invita all&#8217;esplorazione lenta. Dalle vette del Monte Faloria al fascino selvaggio del Lagazuoi, passando per i panorami unici delle Tofane e delle Cinque Torri, ogni angolo offre un&#8217;esperienza diversa:<br \/>\nSentiero Dolomieu (Faloria): Un percorso di grande impatto visivo dedicato al geologo D\u00e9odat de Dolomieu, ideale per chi cerca rocce affacciate sulla valle d&#8217;Ampezzo.<br \/>\nRa Valles \u2013 Lago Ghedina: Un itinerario prevalentemente in discesa, che permette di immergersi nei boschi fino a raggiungere lo specchio d&#8217;acqua alpino, perfetto per un&#8217;immersione nel foliage.<br \/>\nSentiero dei Camosci (Tofane): Un percorso di media difficolt\u00e0 dove, con un po&#8217; di silenzio, \u00e8 facile avvistare la fauna locale.<br \/>\nMonte Agudo (Auronzo): Passeggiate dolci tra pascoli e boschi di larici, ideali per chi cerca percorsi meno battuti e viste spettacolari sulle Tre Cime.<br \/>\nLagazuoi (Sentiero CAI 20): Per gli escursionisti pi\u00f9 allenati, un&#8217;avventura in quota nel cuore del Parco Naturale Fanes-Senes-Braies, lontano dai flussi turistici principali.<\/p>\n<p><strong>Informazioni\u00a0<\/strong><br \/>\nPrima di pianificare la propria &#8220;quiet-cation&#8221;, \u00e8 fondamentale consultare il sito ufficiale www.skipasscortina.com per verificare il calendario di apertura degli impianti, che termineranno gradualmente la stagione estiva per prepararsi a quella invernale.<\/p>","protected":false},"excerpt":{"rendered":"<p>Un viaggio alla scoperta delle Dolomiti nel segno della lentezza e del foliage Con l&#8217;arrivo dell&#8217;autunno, la montagna cambia volto, e con essa cambia radicalmente il nostro modo di viverla. Mentre i boschi si accendono delle sfumature calde del giallo e del rosso e l&#8217;aria si fa pi\u00f9 limpida, cresce in molti il desiderio di [&hellip;]<\/p>\n","protected":false},"author":2,"featured_media":172786,"comment_status":"closed","ping_status":"open","sticky":false,"template":"","format":"standard","meta":{"footnotes":""},"categories":[4],"tags":[],"class_list":["post-172785","post","type-post","status-publish","format-standard","has-post-thumbnail","category-sport"],"yoast_head":"<!-- This site is optimized with the Yoast SEO plugin v28.4 - https:\/\/yoast.com\/product\/yoast-seo-wordpress\/ -->\n<title>Quiet-cation. A Cortina d&#039;Ampezzo l&#039;autunno \u00e8 la stagione del silenzio - Bellunopress - Dolomiti<\/title>\n<meta name=\"robots\" content=\"index, follow, max-snippet:-1, max-image-preview:large, max-video-preview:-1\" \/>\n<link rel=\"canonical\" href=\"https:\/\/www.bellunopress.it\/fr\/2026\/08\/20\/quiet-cation-a-cortina-dampezzo-lautunno-e-la-stagione-del-silenzio\/\" \/>\n<meta property=\"og:locale\" content=\"fr_FR\" \/>\n<meta property=\"og:type\" content=\"article\" \/>\n<meta property=\"og:title\" content=\"Quiet-cation. A Cortina d&#039;Ampezzo l&#039;autunno \u00e8 la stagione del silenzio - Bellunopress - Dolomiti\" \/>\n<meta property=\"og:description\" content=\"Un viaggio alla scoperta delle Dolomiti nel segno della lentezza e del foliage Con l&#8217;arrivo dell&#8217;autunno, la montagna cambia volto, e con essa cambia radicalmente il nostro modo di viverla. Mentre i boschi si accendono delle sfumature calde del giallo e del rosso e l&#8217;aria si fa pi\u00f9 limpida, cresce in molti il desiderio di [&hellip;]\" \/>\n<meta property=\"og:url\" content=\"https:\/\/www.bellunopress.it\/fr\/2026\/08\/20\/quiet-cation-a-cortina-dampezzo-lautunno-e-la-stagione-del-silenzio\/\" \/>\n<meta property=\"og:site_name\" content=\"Bellunopress - Dolomiti\" \/>\n<meta property=\"article:publisher\" content=\"https:\/\/www.facebook.com\/profile.php?id=100008943462799\" \/>\n<meta property=\"article:published_time\" content=\"2026-08-20T16:24:15+00:00\" \/>\n<meta property=\"og:image\" content=\"https:\/\/www.bellunopress.it\/wp-content\/uploads\/2026\/08\/CimaTofana_estate_2026.jpg\" \/>\n\t<meta property=\"og:image:width\" content=\"600\" \/>\n\t<meta property=\"og:image:height\" content=\"400\" \/>\n\t<meta property=\"og:image:type\" content=\"image\/jpeg\" \/>\n<meta name=\"author\" content=\"redazione\" \/>\n<meta name=\"twitter:card\" content=\"summary_large_image\" \/>\n<meta name=\"twitter:creator\" content=\"@bellunopress\" \/>\n<meta name=\"twitter:site\" content=\"@bellunopress\" \/>\n<meta name=\"twitter:label1\" content=\"\u00c9crit par\" \/>\n\t<meta name=\"twitter:data1\" content=\"redazione\" \/>\n\t<meta name=\"twitter:label2\" content=\"Dur\u00e9e de lecture estim\u00e9e\" \/>\n\t<meta name=\"twitter:data2\" content=\"2 minutes\" \/>\n<script type=\"application\/ld+json\" class=\"yoast-schema-graph\">{\"@context\":\"https:\\\/\\\/schema.org\",\"@graph\":[{\"@type\":\"Article\",\"@id\":\"https:\\\/\\\/www.bellunopress.it\\\/2026\\\/08\\\/20\\\/quiet-cation-a-cortina-dampezzo-lautunno-e-la-stagione-del-silenzio\\\/#article\",\"isPartOf\":{\"@id\":\"https:\\\/\\\/www.bellunopress.it\\\/2026\\\/08\\\/20\\\/quiet-cation-a-cortina-dampezzo-lautunno-e-la-stagione-del-silenzio\\\/\"},\"author\":{\"name\":\"redazione\",\"@id\":\"https:\\\/\\\/www.bellunopress.it\\\/#\\\/schema\\\/person\\\/79bb06722b37ece1c03d3e94beb30d73\"},\"headline\":\"Quiet-cation. A Cortina d&#8217;Ampezzo l&#8217;autunno \u00e8 la stagione del silenzio\",\"datePublished\":\"2026-08-20T16:24:15+00:00\",\"mainEntityOfPage\":{\"@id\":\"https:\\\/\\\/www.bellunopress.it\\\/2026\\\/08\\\/20\\\/quiet-cation-a-cortina-dampezzo-lautunno-e-la-stagione-del-silenzio\\\/\"},\"wordCount\":347,\"publisher\":{\"@id\":\"https:\\\/\\\/www.bellunopress.it\\\/#organization\"},\"image\":{\"@id\":\"https:\\\/\\\/www.bellunopress.it\\\/2026\\\/08\\\/20\\\/quiet-cation-a-cortina-dampezzo-lautunno-e-la-stagione-del-silenzio\\\/#primaryimage\"},\"thumbnailUrl\":\"https:\\\/\\\/www.bellunopress.it\\\/wp-content\\\/uploads\\\/2026\\\/08\\\/CimaTofana_estate_2026.jpg\",\"articleSection\":[\"Sport, tempo libero\"],\"inLanguage\":\"fr-FR\"},{\"@type\":\"WebPage\",\"@id\":\"https:\\\/\\\/www.bellunopress.it\\\/2026\\\/08\\\/20\\\/quiet-cation-a-cortina-dampezzo-lautunno-e-la-stagione-del-silenzio\\\/\",\"url\":\"https:\\\/\\\/www.bellunopress.it\\\/2026\\\/08\\\/20\\\/quiet-cation-a-cortina-dampezzo-lautunno-e-la-stagione-del-silenzio\\\/\",\"name\":\"Quiet-cation. A Cortina d'Ampezzo l'autunno \u00e8 la stagione del silenzio - Bellunopress - Dolomiti\",\"isPartOf\":{\"@id\":\"https:\\\/\\\/www.bellunopress.it\\\/#website\"},\"primaryImageOfPage\":{\"@id\":\"https:\\\/\\\/www.bellunopress.it\\\/2026\\\/08\\\/20\\\/quiet-cation-a-cortina-dampezzo-lautunno-e-la-stagione-del-silenzio\\\/#primaryimage\"},\"image\":{\"@id\":\"https:\\\/\\\/www.bellunopress.it\\\/2026\\\/08\\\/20\\\/quiet-cation-a-cortina-dampezzo-lautunno-e-la-stagione-del-silenzio\\\/#primaryimage\"},\"thumbnailUrl\":\"https:\\\/\\\/www.bellunopress.it\\\/wp-content\\\/uploads\\\/2026\\\/08\\\/CimaTofana_estate_2026.jpg\",\"datePublished\":\"2026-08-20T16:24:15+00:00\",\"breadcrumb\":{\"@id\":\"https:\\\/\\\/www.bellunopress.it\\\/2026\\\/08\\\/20\\\/quiet-cation-a-cortina-dampezzo-lautunno-e-la-stagione-del-silenzio\\\/#breadcrumb\"},\"inLanguage\":\"fr-FR\",\"potentialAction\":[{\"@type\":\"ReadAction\",\"target\":[\"https:\\\/\\\/www.bellunopress.it\\\/2026\\\/08\\\/20\\\/quiet-cation-a-cortina-dampezzo-lautunno-e-la-stagione-del-silenzio\\\/\"]}]},{\"@type\":\"ImageObject\",\"inLanguage\":\"fr-FR\",\"@id\":\"https:\\\/\\\/www.bellunopress.it\\\/2026\\\/08\\\/20\\\/quiet-cation-a-cortina-dampezzo-lautunno-e-la-stagione-del-silenzio\\\/#primaryimage\",\"url\":\"https:\\\/\\\/www.bellunopress.it\\\/wp-content\\\/uploads\\\/2026\\\/08\\\/CimaTofana_estate_2026.jpg\",\"contentUrl\":\"https:\\\/\\\/www.bellunopress.it\\\/wp-content\\\/uploads\\\/2026\\\/08\\\/CimaTofana_estate_2026.jpg\",\"width\":600,\"height\":400,\"caption\":\"Cima Tofana, estate 2026\"},{\"@type\":\"BreadcrumbList\",\"@id\":\"https:\\\/\\\/www.bellunopress.it\\\/2026\\\/08\\\/20\\\/quiet-cation-a-cortina-dampezzo-lautunno-e-la-stagione-del-silenzio\\\/#breadcrumb\",\"itemListElement\":[{\"@type\":\"ListItem\",\"position\":1,\"name\":\"Home\",\"item\":\"https:\\\/\\\/www.bellunopress.it\\\/\"},{\"@type\":\"ListItem\",\"position\":2,\"name\":\"Quiet-cation. A Cortina d&#8217;Ampezzo l&#8217;autunno \u00e8 la stagione del silenzio\"}]},{\"@type\":\"WebSite\",\"@id\":\"https:\\\/\\\/www.bellunopress.it\\\/#website\",\"url\":\"https:\\\/\\\/www.bellunopress.it\\\/\",\"name\":\"Bellunopress - Dolomiti\",\"description\":\"e-mail: redazione@bellunopress.it\",\"publisher\":{\"@id\":\"https:\\\/\\\/www.bellunopress.it\\\/#organization\"},\"potentialAction\":[{\"@type\":\"SearchAction\",\"target\":{\"@type\":\"EntryPoint\",\"urlTemplate\":\"https:\\\/\\\/www.bellunopress.it\\\/?s={search_term_string}\"},\"query-input\":{\"@type\":\"PropertyValueSpecification\",\"valueRequired\":true,\"valueName\":\"search_term_string\"}}],\"inLanguage\":\"fr-FR\"},{\"@type\":\"Organization\",\"@id\":\"https:\\\/\\\/www.bellunopress.it\\\/#organization\",\"name\":\"Bellunopress\",\"url\":\"https:\\\/\\\/www.bellunopress.it\\\/\",\"logo\":{\"@type\":\"ImageObject\",\"inLanguage\":\"fr-FR\",\"@id\":\"https:\\\/\\\/www.bellunopress.it\\\/#\\\/schema\\\/logo\\\/image\\\/\",\"url\":\"https:\\\/\\\/www.bellunopress.it\\\/wp-content\\\/uploads\\\/2011\\\/05\\\/cropped-logo-bellunopress-.jpg\",\"contentUrl\":\"https:\\\/\\\/www.bellunopress.it\\\/wp-content\\\/uploads\\\/2011\\\/05\\\/cropped-logo-bellunopress-.jpg\",\"width\":512,\"height\":512,\"caption\":\"Bellunopress\"},\"image\":{\"@id\":\"https:\\\/\\\/www.bellunopress.it\\\/#\\\/schema\\\/logo\\\/image\\\/\"},\"sameAs\":[\"https:\\\/\\\/www.facebook.com\\\/profile.php?id=100008943462799\",\"https:\\\/\\\/x.com\\\/bellunopress\",\"https:\\\/\\\/www.linkedin.com\\\/hp\\\/?dnr=JBzUWaJfMUw8vbXJJ2tVW5-I3jZKvC4wsoxE&amp;amp;amp;amp;amp;amp;trk=nav_responsive_tab_home\",\"https:\\\/\\\/www.youtube.com\\\/channel\\\/UCxL0wu1uN0_3_7hGG0306cw\"]},{\"@type\":\"Person\",\"@id\":\"https:\\\/\\\/www.bellunopress.it\\\/#\\\/schema\\\/person\\\/79bb06722b37ece1c03d3e94beb30d73\",\"name\":\"redazione\",\"image\":{\"@type\":\"ImageObject\",\"inLanguage\":\"fr-FR\",\"@id\":\"https:\\\/\\\/secure.gravatar.com\\\/avatar\\\/37d968a2e67a6fd04c169c4bdef102d0bc5d31b2546345219e348575eb80e9a0?s=96&d=mm&r=g\",\"url\":\"https:\\\/\\\/secure.gravatar.com\\\/avatar\\\/37d968a2e67a6fd04c169c4bdef102d0bc5d31b2546345219e348575eb80e9a0?s=96&d=mm&r=g\",\"contentUrl\":\"https:\\\/\\\/secure.gravatar.com\\\/avatar\\\/37d968a2e67a6fd04c169c4bdef102d0bc5d31b2546345219e348575eb80e9a0?s=96&d=mm&r=g\",\"caption\":\"redazione\"},\"sameAs\":[\"http:\\\/\\\/www.bellunopress.it\",\"https:\\\/\\\/x.com\\\/bellunopress\"],\"url\":\"https:\\\/\\\/www.bellunopress.it\\\/fr\\\/author\\\/redazione\\\/\"}]}<\/script>\n<!-- \/ Yoast SEO plugin. -->","yoast_head_json":{"title":"Quiet-cation. A Cortina d'Ampezzo l'autunno \u00e8 la stagione del silenzio - Bellunopress - Dolomiti","robots":{"index":"index","follow":"follow","max-snippet":"max-snippet:-1","max-image-preview":"max-image-preview:large","max-video-preview":"max-video-preview:-1"},"canonical":"https:\/\/www.bellunopress.it\/fr\/2026\/08\/20\/quiet-cation-a-cortina-dampezzo-lautunno-e-la-stagione-del-silenzio\/","og_locale":"fr_FR","og_type":"article","og_title":"Quiet-cation. A Cortina d'Ampezzo l'autunno \u00e8 la stagione del silenzio - Bellunopress - Dolomiti","og_description":"Un viaggio alla scoperta delle Dolomiti nel segno della lentezza e del foliage Con l&#8217;arrivo dell&#8217;autunno, la montagna cambia volto, e con essa cambia radicalmente il nostro modo di viverla. Mentre i boschi si accendono delle sfumature calde del giallo e del rosso e l&#8217;aria si fa pi\u00f9 limpida, cresce in molti il desiderio di [&hellip;]","og_url":"https:\/\/www.bellunopress.it\/fr\/2026\/08\/20\/quiet-cation-a-cortina-dampezzo-lautunno-e-la-stagione-del-silenzio\/","og_site_name":"Bellunopress - Dolomiti","article_publisher":"https:\/\/www.facebook.com\/profile.php?id=100008943462799","article_published_time":"2026-08-20T16:24:15+00:00","og_image":[{"width":600,"height":400,"url":"https:\/\/www.bellunopress.it\/wp-content\/uploads\/2026\/08\/CimaTofana_estate_2026.jpg","type":"image\/jpeg"}],"author":"redazione","twitter_card":"summary_large_image","twitter_creator":"@bellunopress","twitter_site":"@bellunopress","twitter_misc":{"\u00c9crit par":"redazione","Dur\u00e9e de lecture estim\u00e9e":"2 minutes"},"schema":{"@context":"https:\/\/schema.org","@graph":[{"@type":"Article","@id":"https:\/\/www.bellunopress.it\/2026\/08\/20\/quiet-cation-a-cortina-dampezzo-lautunno-e-la-stagione-del-silenzio\/#article","isPartOf":{"@id":"https:\/\/www.bellunopress.it\/2026\/08\/20\/quiet-cation-a-cortina-dampezzo-lautunno-e-la-stagione-del-silenzio\/"},"author":{"name":"redazione","@id":"https:\/\/www.bellunopress.it\/#\/schema\/person\/79bb06722b37ece1c03d3e94beb30d73"},"headline":"Quiet-cation. A Cortina d&#8217;Ampezzo l&#8217;autunno \u00e8 la stagione del silenzio","datePublished":"2026-08-20T16:24:15+00:00","mainEntityOfPage":{"@id":"https:\/\/www.bellunopress.it\/2026\/08\/20\/quiet-cation-a-cortina-dampezzo-lautunno-e-la-stagione-del-silenzio\/"},"wordCount":347,"publisher":{"@id":"https:\/\/www.bellunopress.it\/#organization"},"image":{"@id":"https:\/\/www.bellunopress.it\/2026\/08\/20\/quiet-cation-a-cortina-dampezzo-lautunno-e-la-stagione-del-silenzio\/#primaryimage"},"thumbnailUrl":"https:\/\/www.bellunopress.it\/wp-content\/uploads\/2026\/08\/CimaTofana_estate_2026.jpg","articleSection":["Sport, tempo libero"],"inLanguage":"fr-FR"},{"@type":"WebPage","@id":"https:\/\/www.bellunopress.it\/2026\/08\/20\/quiet-cation-a-cortina-dampezzo-lautunno-e-la-stagione-del-silenzio\/","url":"https:\/\/www.bellunopress.it\/2026\/08\/20\/quiet-cation-a-cortina-dampezzo-lautunno-e-la-stagione-del-silenzio\/","name":"Quiet-cation. A Cortina d'Ampezzo l'autunno \u00e8 la stagione del silenzio - Bellunopress - Dolomiti","isPartOf":{"@id":"https:\/\/www.bellunopress.it\/#website"},"primaryImageOfPage":{"@id":"https:\/\/www.bellunopress.it\/2026\/08\/20\/quiet-cation-a-cortina-dampezzo-lautunno-e-la-stagione-del-silenzio\/#primaryimage"},"image":{"@id":"https:\/\/www.bellunopress.it\/2026\/08\/20\/quiet-cation-a-cortina-dampezzo-lautunno-e-la-stagione-del-silenzio\/#primaryimage"},"thumbnailUrl":"https:\/\/www.bellunopress.it\/wp-content\/uploads\/2026\/08\/CimaTofana_estate_2026.jpg","datePublished":"2026-08-20T16:24:15+00:00","breadcrumb":{"@id":"https:\/\/www.bellunopress.it\/2026\/08\/20\/quiet-cation-a-cortina-dampezzo-lautunno-e-la-stagione-del-silenzio\/#breadcrumb"},"inLanguage":"fr-FR","potentialAction":[{"@type":"ReadAction","target":["https:\/\/www.bellunopress.it\/2026\/08\/20\/quiet-cation-a-cortina-dampezzo-lautunno-e-la-stagione-del-silenzio\/"]}]},{"@type":"ImageObject","inLanguage":"fr-FR","@id":"https:\/\/www.bellunopress.it\/2026\/08\/20\/quiet-cation-a-cortina-dampezzo-lautunno-e-la-stagione-del-silenzio\/#primaryimage","url":"https:\/\/www.bellunopress.it\/wp-content\/uploads\/2026\/08\/CimaTofana_estate_2026.jpg","contentUrl":"https:\/\/www.bellunopress.it\/wp-content\/uploads\/2026\/08\/CimaTofana_estate_2026.jpg","width":600,"height":400,"caption":"Cima Tofana, estate 2026"},{"@type":"BreadcrumbList","@id":"https:\/\/www.bellunopress.it\/2026\/08\/20\/quiet-cation-a-cortina-dampezzo-lautunno-e-la-stagione-del-silenzio\/#breadcrumb","itemListElement":[{"@type":"ListItem","position":1,"name":"Home","item":"https:\/\/www.bellunopress.it\/"},{"@type":"ListItem","position":2,"name":"Quiet-cation. A Cortina d&#8217;Ampezzo l&#8217;autunno \u00e8 la stagione del silenzio"}]},{"@type":"WebSite","@id":"https:\/\/www.bellunopress.it\/#website","url":"https:\/\/www.bellunopress.it\/","name":"Bellunopress - Dolomiti","description":"e-mail: redazione@bellunopress.it","publisher":{"@id":"https:\/\/www.bellunopress.it\/#organization"},"potentialAction":[{"@type":"SearchAction","target":{"@type":"EntryPoint","urlTemplate":"https:\/\/www.bellunopress.it\/?s={search_term_string}"},"query-input":{"@type":"PropertyValueSpecification","valueRequired":true,"valueName":"search_term_string"}}],"inLanguage":"fr-FR"},{"@type":"Organization","@id":"https:\/\/www.bellunopress.it\/#organization","name":"Bellunopress","url":"https:\/\/www.bellunopress.it\/","logo":{"@type":"ImageObject","inLanguage":"fr-FR","@id":"https:\/\/www.bellunopress.it\/#\/schema\/logo\/image\/","url":"https:\/\/www.bellunopress.it\/wp-content\/uploads\/2011\/05\/cropped-logo-bellunopress-.jpg","contentUrl":"https:\/\/www.bellunopress.it\/wp-content\/uploads\/2011\/05\/cropped-logo-bellunopress-.jpg","width":512,"height":512,"caption":"Bellunopress"},"image":{"@id":"https:\/\/www.bellunopress.it\/#\/schema\/logo\/image\/"},"sameAs":["https:\/\/www.facebook.com\/profile.php?id=100008943462799","https:\/\/x.com\/bellunopress","https:\/\/www.linkedin.com\/hp\/?dnr=JBzUWaJfMUw8vbXJJ2tVW5-I3jZKvC4wsoxE&amp;amp;amp;amp;amp;amp;trk=nav_responsive_tab_home","https:\/\/www.youtube.com\/channel\/UCxL0wu1uN0_3_7hGG0306cw"]},{"@type":"Person","@id":"https:\/\/www.bellunopress.it\/#\/schema\/person\/79bb06722b37ece1c03d3e94beb30d73","name":"r\u00e9daction","image":{"@type":"ImageObject","inLanguage":"fr-FR","@id":"https:\/\/secure.gravatar.com\/avatar\/37d968a2e67a6fd04c169c4bdef102d0bc5d31b2546345219e348575eb80e9a0?s=96&d=mm&r=g","url":"https:\/\/secure.gravatar.com\/avatar\/37d968a2e67a6fd04c169c4bdef102d0bc5d31b2546345219e348575eb80e9a0?s=96&d=mm&r=g","contentUrl":"https:\/\/secure.gravatar.com\/avatar\/37d968a2e67a6fd04c169c4bdef102d0bc5d31b2546345219e348575eb80e9a0?s=96&d=mm&r=g","caption":"redazione"},"sameAs":["http:\/\/www.bellunopress.it","https:\/\/x.com\/bellunopress"],"url":"https:\/\/www.bellunopress.it\/fr\/author\/redazione\/"}]}},"_links":{"self":[{"href":"https:\/\/www.bellunopress.it\/fr\/wp-json\/wp\/v2\/posts\/172785","targetHints":{"allow":["GET"]}}],"collection":[{"href":"https:\/\/www.bellunopress.it\/fr\/wp-json\/wp\/v2\/posts"}],"about":[{"href":"https:\/\/www.bellunopress.it\/fr\/wp-json\/wp\/v2\/types\/post"}],"author":[{"embeddable":true,"href":"https:\/\/www.bellunopress.it\/fr\/wp-json\/wp\/v2\/users\/2"}],"replies":[{"embeddable":true,"href":"https:\/\/www.bellunopress.it\/fr\/wp-json\/wp\/v2\/comments?post=172785"}],"version-history":[{"count":1,"href":"https:\/\/www.bellunopress.it\/fr\/wp-json\/wp\/v2\/posts\/172785\/revisions"}],"predecessor-version":[{"id":172787,"href":"https:\/\/www.bellunopress.it\/fr\/wp-json\/wp\/v2\/posts\/172785\/revisions\/172787"}],"wp:featuredmedia":[{"embeddable":true,"href":"https:\/\/www.bellunopress.it\/fr\/wp-json\/wp\/v2\/media\/172786"}],"wp:attachment":[{"href":"https:\/\/www.bellunopress.it\/fr\/wp-json\/wp\/v2\/media?parent=172785"}],"wp:term":[{"taxonomy":"category","embeddable":true,"href":"https:\/\/www.bellunopress.it\/fr\/wp-json\/wp\/v2\/categories?post=172785"},{"taxonomy":"post_tag","embeddable":true,"href":"https:\/\/www.bellunopress.it\/fr\/wp-json\/wp\/v2\/tags?post=172785"}],"curies":[{"name":"wp","href":"https:\/\/api.w.org\/{rel}","templated":true}]}}