{"id":172783,"date":"2026-08-20T17:13:23","date_gmt":"2026-08-20T15:13:23","guid":{"rendered":"https:\/\/www.bellunopress.it\/?p=172783"},"modified":"2026-08-20T17:13:23","modified_gmt":"2026-08-20T15:13:23","slug":"chiusura-temporanea-strada-51-di-alemagna-a-san-vito-di-cadore-monitoraggio-rafforzato-delle-tratta","status":"publish","type":"post","link":"https:\/\/www.bellunopress.it\/fr\/2026\/08\/20\/chiusura-temporanea-strada-51-di-alemagna-a-san-vito-di-cadore-monitoraggio-rafforzato-delle-tratta\/","title":{"rendered":"Chiusura temporanea strada 51 di Alemagna a San Vito di Cadore. Monitoraggio rafforzato delle tratta"},"content":{"rendered":"<p>Venezia, 20 agosto 2026 &#8211; A seguito dei violenti fenomeni temporaleschi in atto, il sistema di monitoraggio installato sul versante della Croda Marcora ha registrato il superamento delle soglie di allerta, determinando l\u2019attivazione dei semafori e la contestuale chiusura automatica precauzionale della strada statale 51 \u201cdi Alemagna\u201d nel tratto tra il km 95+000 e 95+300, a San Vito di Cadore.<\/p>\n<p>Il tratto \u00e8 rimasto chiuso per circa 30 minuti ed \u00e8 stato prontamente riaperto, passata la perturbazione, dal personale Anas presente in loco, al termine delle attivit\u00e0 di verifica sullo stato dei luoghi.<\/p>\n<p>Le squadre Anas sono sul posto al fine di proseguire le attivit\u00e0 di monitoraggio, data la previsione di condizioni meteo avverse per la serata di oggi.<\/p>","protected":false},"excerpt":{"rendered":"<p>Venezia, 20 agosto 2026 &#8211; A seguito dei violenti fenomeni temporaleschi in atto, il sistema di monitoraggio installato sul versante della Croda Marcora ha registrato il superamento delle soglie di allerta, determinando l\u2019attivazione dei semafori e la contestuale chiusura automatica precauzionale della strada statale 51 \u201cdi Alemagna\u201d nel tratto tra il km 95+000 e 95+300, [&hellip;]<\/p>\n","protected":false},"author":2,"featured_media":123568,"comment_status":"closed","ping_status":"open","sticky":false,"template":"","format":"standard","meta":{"footnotes":""},"categories":[26,8],"tags":[],"class_list":["post-172783","post","type-post","status-publish","format-standard","has-post-thumbnail","category-prima-pagina","category-societa-istituzioni"],"yoast_head":"<!-- This site is optimized with the Yoast SEO plugin v28.4 - https:\/\/yoast.com\/product\/yoast-seo-wordpress\/ -->\n<title>Chiusura temporanea strada 51 di Alemagna a San Vito di Cadore. Monitoraggio rafforzato delle tratta - Bellunopress - Dolomiti<\/title>\n<meta name=\"robots\" content=\"index, follow, max-snippet:-1, max-image-preview:large, max-video-preview:-1\" \/>\n<link rel=\"canonical\" href=\"https:\/\/www.bellunopress.it\/fr\/2026\/08\/20\/chiusura-temporanea-strada-51-di-alemagna-a-san-vito-di-cadore-monitoraggio-rafforzato-delle-tratta\/\" \/>\n<meta property=\"og:locale\" content=\"fr_FR\" \/>\n<meta property=\"og:type\" content=\"article\" \/>\n<meta property=\"og:title\" content=\"Chiusura temporanea strada 51 di Alemagna a San Vito di Cadore. Monitoraggio rafforzato delle tratta - Bellunopress - Dolomiti\" \/>\n<meta property=\"og:description\" content=\"Venezia, 20 agosto 2026 &#8211; A seguito dei violenti fenomeni temporaleschi in atto, il sistema di monitoraggio installato sul versante della Croda Marcora ha registrato il superamento delle soglie di allerta, determinando l\u2019attivazione dei semafori e la contestuale chiusura automatica precauzionale della strada statale 51 \u201cdi Alemagna\u201d nel tratto tra il km 95+000 e 95+300, [&hellip;]\" \/>\n<meta property=\"og:url\" content=\"https:\/\/www.bellunopress.it\/fr\/2026\/08\/20\/chiusura-temporanea-strada-51-di-alemagna-a-san-vito-di-cadore-monitoraggio-rafforzato-delle-tratta\/\" \/>\n<meta property=\"og:site_name\" content=\"Bellunopress - Dolomiti\" \/>\n<meta property=\"article:publisher\" content=\"https:\/\/www.facebook.com\/profile.php?id=100008943462799\" \/>\n<meta property=\"article:published_time\" content=\"2026-08-20T15:13:23+00:00\" \/>\n<meta property=\"og:image\" content=\"https:\/\/www.bellunopress.it\/wp-content\/uploads\/2021\/04\/Anas_edited.jpg\" \/>\n\t<meta property=\"og:image:width\" content=\"1000\" \/>\n\t<meta property=\"og:image:height\" content=\"568\" \/>\n\t<meta property=\"og:image:type\" content=\"image\/jpeg\" \/>\n<meta name=\"author\" content=\"redazione\" \/>\n<meta name=\"twitter:card\" content=\"summary_large_image\" \/>\n<meta name=\"twitter:creator\" content=\"@bellunopress\" \/>\n<meta name=\"twitter:site\" content=\"@bellunopress\" \/>\n<meta name=\"twitter:label1\" content=\"\u00c9crit par\" \/>\n\t<meta name=\"twitter:data1\" content=\"redazione\" \/>\n\t<meta name=\"twitter:label2\" content=\"Dur\u00e9e de lecture estim\u00e9e\" \/>\n\t<meta name=\"twitter:data2\" content=\"1 minute\" \/>\n<script type=\"application\/ld+json\" class=\"yoast-schema-graph\">{\"@context\":\"https:\\\/\\\/schema.org\",\"@graph\":[{\"@type\":\"Article\",\"@id\":\"https:\\\/\\\/www.bellunopress.it\\\/2026\\\/08\\\/20\\\/chiusura-temporanea-strada-51-di-alemagna-a-san-vito-di-cadore-monitoraggio-rafforzato-delle-tratta\\\/#article\",\"isPartOf\":{\"@id\":\"https:\\\/\\\/www.bellunopress.it\\\/2026\\\/08\\\/20\\\/chiusura-temporanea-strada-51-di-alemagna-a-san-vito-di-cadore-monitoraggio-rafforzato-delle-tratta\\\/\"},\"author\":{\"name\":\"redazione\",\"@id\":\"https:\\\/\\\/www.bellunopress.it\\\/#\\\/schema\\\/person\\\/79bb06722b37ece1c03d3e94beb30d73\"},\"headline\":\"Chiusura temporanea strada 51 di Alemagna a San Vito di Cadore. Monitoraggio rafforzato delle tratta\",\"datePublished\":\"2026-08-20T15:13:23+00:00\",\"mainEntityOfPage\":{\"@id\":\"https:\\\/\\\/www.bellunopress.it\\\/2026\\\/08\\\/20\\\/chiusura-temporanea-strada-51-di-alemagna-a-san-vito-di-cadore-monitoraggio-rafforzato-delle-tratta\\\/\"},\"wordCount\":126,\"publisher\":{\"@id\":\"https:\\\/\\\/www.bellunopress.it\\\/#organization\"},\"image\":{\"@id\":\"https:\\\/\\\/www.bellunopress.it\\\/2026\\\/08\\\/20\\\/chiusura-temporanea-strada-51-di-alemagna-a-san-vito-di-cadore-monitoraggio-rafforzato-delle-tratta\\\/#primaryimage\"},\"thumbnailUrl\":\"https:\\\/\\\/www.bellunopress.it\\\/wp-content\\\/uploads\\\/2021\\\/04\\\/Anas_edited.jpg\",\"articleSection\":[\"Prima Pagina\",\"Societ\u00e0, Associazioni, Istituzioni\"],\"inLanguage\":\"fr-FR\"},{\"@type\":\"WebPage\",\"@id\":\"https:\\\/\\\/www.bellunopress.it\\\/2026\\\/08\\\/20\\\/chiusura-temporanea-strada-51-di-alemagna-a-san-vito-di-cadore-monitoraggio-rafforzato-delle-tratta\\\/\",\"url\":\"https:\\\/\\\/www.bellunopress.it\\\/2026\\\/08\\\/20\\\/chiusura-temporanea-strada-51-di-alemagna-a-san-vito-di-cadore-monitoraggio-rafforzato-delle-tratta\\\/\",\"name\":\"Chiusura temporanea strada 51 di Alemagna a San Vito di Cadore. Monitoraggio rafforzato delle tratta - Bellunopress - Dolomiti\",\"isPartOf\":{\"@id\":\"https:\\\/\\\/www.bellunopress.it\\\/#website\"},\"primaryImageOfPage\":{\"@id\":\"https:\\\/\\\/www.bellunopress.it\\\/2026\\\/08\\\/20\\\/chiusura-temporanea-strada-51-di-alemagna-a-san-vito-di-cadore-monitoraggio-rafforzato-delle-tratta\\\/#primaryimage\"},\"image\":{\"@id\":\"https:\\\/\\\/www.bellunopress.it\\\/2026\\\/08\\\/20\\\/chiusura-temporanea-strada-51-di-alemagna-a-san-vito-di-cadore-monitoraggio-rafforzato-delle-tratta\\\/#primaryimage\"},\"thumbnailUrl\":\"https:\\\/\\\/www.bellunopress.it\\\/wp-content\\\/uploads\\\/2021\\\/04\\\/Anas_edited.jpg\",\"datePublished\":\"2026-08-20T15:13:23+00:00\",\"breadcrumb\":{\"@id\":\"https:\\\/\\\/www.bellunopress.it\\\/2026\\\/08\\\/20\\\/chiusura-temporanea-strada-51-di-alemagna-a-san-vito-di-cadore-monitoraggio-rafforzato-delle-tratta\\\/#breadcrumb\"},\"inLanguage\":\"fr-FR\",\"potentialAction\":[{\"@type\":\"ReadAction\",\"target\":[\"https:\\\/\\\/www.bellunopress.it\\\/2026\\\/08\\\/20\\\/chiusura-temporanea-strada-51-di-alemagna-a-san-vito-di-cadore-monitoraggio-rafforzato-delle-tratta\\\/\"]}]},{\"@type\":\"ImageObject\",\"inLanguage\":\"fr-FR\",\"@id\":\"https:\\\/\\\/www.bellunopress.it\\\/2026\\\/08\\\/20\\\/chiusura-temporanea-strada-51-di-alemagna-a-san-vito-di-cadore-monitoraggio-rafforzato-delle-tratta\\\/#primaryimage\",\"url\":\"https:\\\/\\\/www.bellunopress.it\\\/wp-content\\\/uploads\\\/2021\\\/04\\\/Anas_edited.jpg\",\"contentUrl\":\"https:\\\/\\\/www.bellunopress.it\\\/wp-content\\\/uploads\\\/2021\\\/04\\\/Anas_edited.jpg\",\"width\":1000,\"height\":568},{\"@type\":\"BreadcrumbList\",\"@id\":\"https:\\\/\\\/www.bellunopress.it\\\/2026\\\/08\\\/20\\\/chiusura-temporanea-strada-51-di-alemagna-a-san-vito-di-cadore-monitoraggio-rafforzato-delle-tratta\\\/#breadcrumb\",\"itemListElement\":[{\"@type\":\"ListItem\",\"position\":1,\"name\":\"Home\",\"item\":\"https:\\\/\\\/www.bellunopress.it\\\/\"},{\"@type\":\"ListItem\",\"position\":2,\"name\":\"Chiusura temporanea strada 51 di Alemagna a San Vito di Cadore. Monitoraggio rafforzato delle tratta\"}]},{\"@type\":\"WebSite\",\"@id\":\"https:\\\/\\\/www.bellunopress.it\\\/#website\",\"url\":\"https:\\\/\\\/www.bellunopress.it\\\/\",\"name\":\"Bellunopress - Dolomiti\",\"description\":\"e-mail: redazione@bellunopress.it\",\"publisher\":{\"@id\":\"https:\\\/\\\/www.bellunopress.it\\\/#organization\"},\"potentialAction\":[{\"@type\":\"SearchAction\",\"target\":{\"@type\":\"EntryPoint\",\"urlTemplate\":\"https:\\\/\\\/www.bellunopress.it\\\/?s={search_term_string}\"},\"query-input\":{\"@type\":\"PropertyValueSpecification\",\"valueRequired\":true,\"valueName\":\"search_term_string\"}}],\"inLanguage\":\"fr-FR\"},{\"@type\":\"Organization\",\"@id\":\"https:\\\/\\\/www.bellunopress.it\\\/#organization\",\"name\":\"Bellunopress\",\"url\":\"https:\\\/\\\/www.bellunopress.it\\\/\",\"logo\":{\"@type\":\"ImageObject\",\"inLanguage\":\"fr-FR\",\"@id\":\"https:\\\/\\\/www.bellunopress.it\\\/#\\\/schema\\\/logo\\\/image\\\/\",\"url\":\"https:\\\/\\\/www.bellunopress.it\\\/wp-content\\\/uploads\\\/2011\\\/05\\\/cropped-logo-bellunopress-.jpg\",\"contentUrl\":\"https:\\\/\\\/www.bellunopress.it\\\/wp-content\\\/uploads\\\/2011\\\/05\\\/cropped-logo-bellunopress-.jpg\",\"width\":512,\"height\":512,\"caption\":\"Bellunopress\"},\"image\":{\"@id\":\"https:\\\/\\\/www.bellunopress.it\\\/#\\\/schema\\\/logo\\\/image\\\/\"},\"sameAs\":[\"https:\\\/\\\/www.facebook.com\\\/profile.php?id=100008943462799\",\"https:\\\/\\\/x.com\\\/bellunopress\",\"https:\\\/\\\/www.linkedin.com\\\/hp\\\/?dnr=JBzUWaJfMUw8vbXJJ2tVW5-I3jZKvC4wsoxE&amp;amp;amp;amp;amp;amp;trk=nav_responsive_tab_home\",\"https:\\\/\\\/www.youtube.com\\\/channel\\\/UCxL0wu1uN0_3_7hGG0306cw\"]},{\"@type\":\"Person\",\"@id\":\"https:\\\/\\\/www.bellunopress.it\\\/#\\\/schema\\\/person\\\/79bb06722b37ece1c03d3e94beb30d73\",\"name\":\"redazione\",\"image\":{\"@type\":\"ImageObject\",\"inLanguage\":\"fr-FR\",\"@id\":\"https:\\\/\\\/secure.gravatar.com\\\/avatar\\\/37d968a2e67a6fd04c169c4bdef102d0bc5d31b2546345219e348575eb80e9a0?s=96&d=mm&r=g\",\"url\":\"https:\\\/\\\/secure.gravatar.com\\\/avatar\\\/37d968a2e67a6fd04c169c4bdef102d0bc5d31b2546345219e348575eb80e9a0?s=96&d=mm&r=g\",\"contentUrl\":\"https:\\\/\\\/secure.gravatar.com\\\/avatar\\\/37d968a2e67a6fd04c169c4bdef102d0bc5d31b2546345219e348575eb80e9a0?s=96&d=mm&r=g\",\"caption\":\"redazione\"},\"sameAs\":[\"http:\\\/\\\/www.bellunopress.it\",\"https:\\\/\\\/x.com\\\/bellunopress\"],\"url\":\"https:\\\/\\\/www.bellunopress.it\\\/fr\\\/author\\\/redazione\\\/\"}]}<\/script>\n<!-- \/ Yoast SEO plugin. -->","yoast_head_json":{"title":"Chiusura temporanea strada 51 di Alemagna a San Vito di Cadore. Monitoraggio rafforzato delle tratta - Bellunopress - Dolomiti","robots":{"index":"index","follow":"follow","max-snippet":"max-snippet:-1","max-image-preview":"max-image-preview:large","max-video-preview":"max-video-preview:-1"},"canonical":"https:\/\/www.bellunopress.it\/fr\/2026\/08\/20\/chiusura-temporanea-strada-51-di-alemagna-a-san-vito-di-cadore-monitoraggio-rafforzato-delle-tratta\/","og_locale":"fr_FR","og_type":"article","og_title":"Chiusura temporanea strada 51 di Alemagna a San Vito di Cadore. Monitoraggio rafforzato delle tratta - Bellunopress - Dolomiti","og_description":"Venezia, 20 agosto 2026 &#8211; A seguito dei violenti fenomeni temporaleschi in atto, il sistema di monitoraggio installato sul versante della Croda Marcora ha registrato il superamento delle soglie di allerta, determinando l\u2019attivazione dei semafori e la contestuale chiusura automatica precauzionale della strada statale 51 \u201cdi Alemagna\u201d nel tratto tra il km 95+000 e 95+300, [&hellip;]","og_url":"https:\/\/www.bellunopress.it\/fr\/2026\/08\/20\/chiusura-temporanea-strada-51-di-alemagna-a-san-vito-di-cadore-monitoraggio-rafforzato-delle-tratta\/","og_site_name":"Bellunopress - Dolomiti","article_publisher":"https:\/\/www.facebook.com\/profile.php?id=100008943462799","article_published_time":"2026-08-20T15:13:23+00:00","og_image":[{"width":1000,"height":568,"url":"https:\/\/www.bellunopress.it\/wp-content\/uploads\/2021\/04\/Anas_edited.jpg","type":"image\/jpeg"}],"author":"redazione","twitter_card":"summary_large_image","twitter_creator":"@bellunopress","twitter_site":"@bellunopress","twitter_misc":{"\u00c9crit par":"redazione","Dur\u00e9e de lecture estim\u00e9e":"1 minute"},"schema":{"@context":"https:\/\/schema.org","@graph":[{"@type":"Article","@id":"https:\/\/www.bellunopress.it\/2026\/08\/20\/chiusura-temporanea-strada-51-di-alemagna-a-san-vito-di-cadore-monitoraggio-rafforzato-delle-tratta\/#article","isPartOf":{"@id":"https:\/\/www.bellunopress.it\/2026\/08\/20\/chiusura-temporanea-strada-51-di-alemagna-a-san-vito-di-cadore-monitoraggio-rafforzato-delle-tratta\/"},"author":{"name":"redazione","@id":"https:\/\/www.bellunopress.it\/#\/schema\/person\/79bb06722b37ece1c03d3e94beb30d73"},"headline":"Chiusura temporanea strada 51 di Alemagna a San Vito di Cadore. Monitoraggio rafforzato delle tratta","datePublished":"2026-08-20T15:13:23+00:00","mainEntityOfPage":{"@id":"https:\/\/www.bellunopress.it\/2026\/08\/20\/chiusura-temporanea-strada-51-di-alemagna-a-san-vito-di-cadore-monitoraggio-rafforzato-delle-tratta\/"},"wordCount":126,"publisher":{"@id":"https:\/\/www.bellunopress.it\/#organization"},"image":{"@id":"https:\/\/www.bellunopress.it\/2026\/08\/20\/chiusura-temporanea-strada-51-di-alemagna-a-san-vito-di-cadore-monitoraggio-rafforzato-delle-tratta\/#primaryimage"},"thumbnailUrl":"https:\/\/www.bellunopress.it\/wp-content\/uploads\/2021\/04\/Anas_edited.jpg","articleSection":["Prima Pagina","Societ\u00e0, Associazioni, Istituzioni"],"inLanguage":"fr-FR"},{"@type":"WebPage","@id":"https:\/\/www.bellunopress.it\/2026\/08\/20\/chiusura-temporanea-strada-51-di-alemagna-a-san-vito-di-cadore-monitoraggio-rafforzato-delle-tratta\/","url":"https:\/\/www.bellunopress.it\/2026\/08\/20\/chiusura-temporanea-strada-51-di-alemagna-a-san-vito-di-cadore-monitoraggio-rafforzato-delle-tratta\/","name":"Chiusura temporanea strada 51 di Alemagna a San Vito di Cadore. Monitoraggio rafforzato delle tratta - Bellunopress - Dolomiti","isPartOf":{"@id":"https:\/\/www.bellunopress.it\/#website"},"primaryImageOfPage":{"@id":"https:\/\/www.bellunopress.it\/2026\/08\/20\/chiusura-temporanea-strada-51-di-alemagna-a-san-vito-di-cadore-monitoraggio-rafforzato-delle-tratta\/#primaryimage"},"image":{"@id":"https:\/\/www.bellunopress.it\/2026\/08\/20\/chiusura-temporanea-strada-51-di-alemagna-a-san-vito-di-cadore-monitoraggio-rafforzato-delle-tratta\/#primaryimage"},"thumbnailUrl":"https:\/\/www.bellunopress.it\/wp-content\/uploads\/2021\/04\/Anas_edited.jpg","datePublished":"2026-08-20T15:13:23+00:00","breadcrumb":{"@id":"https:\/\/www.bellunopress.it\/2026\/08\/20\/chiusura-temporanea-strada-51-di-alemagna-a-san-vito-di-cadore-monitoraggio-rafforzato-delle-tratta\/#breadcrumb"},"inLanguage":"fr-FR","potentialAction":[{"@type":"ReadAction","target":["https:\/\/www.bellunopress.it\/2026\/08\/20\/chiusura-temporanea-strada-51-di-alemagna-a-san-vito-di-cadore-monitoraggio-rafforzato-delle-tratta\/"]}]},{"@type":"ImageObject","inLanguage":"fr-FR","@id":"https:\/\/www.bellunopress.it\/2026\/08\/20\/chiusura-temporanea-strada-51-di-alemagna-a-san-vito-di-cadore-monitoraggio-rafforzato-delle-tratta\/#primaryimage","url":"https:\/\/www.bellunopress.it\/wp-content\/uploads\/2021\/04\/Anas_edited.jpg","contentUrl":"https:\/\/www.bellunopress.it\/wp-content\/uploads\/2021\/04\/Anas_edited.jpg","width":1000,"height":568},{"@type":"BreadcrumbList","@id":"https:\/\/www.bellunopress.it\/2026\/08\/20\/chiusura-temporanea-strada-51-di-alemagna-a-san-vito-di-cadore-monitoraggio-rafforzato-delle-tratta\/#breadcrumb","itemListElement":[{"@type":"ListItem","position":1,"name":"Home","item":"https:\/\/www.bellunopress.it\/"},{"@type":"ListItem","position":2,"name":"Chiusura temporanea strada 51 di Alemagna a San Vito di Cadore. Monitoraggio rafforzato delle tratta"}]},{"@type":"WebSite","@id":"https:\/\/www.bellunopress.it\/#website","url":"https:\/\/www.bellunopress.it\/","name":"Bellunopress - Dolomiti","description":"e-mail: redazione@bellunopress.it","publisher":{"@id":"https:\/\/www.bellunopress.it\/#organization"},"potentialAction":[{"@type":"SearchAction","target":{"@type":"EntryPoint","urlTemplate":"https:\/\/www.bellunopress.it\/?s={search_term_string}"},"query-input":{"@type":"PropertyValueSpecification","valueRequired":true,"valueName":"search_term_string"}}],"inLanguage":"fr-FR"},{"@type":"Organization","@id":"https:\/\/www.bellunopress.it\/#organization","name":"Bellunopress","url":"https:\/\/www.bellunopress.it\/","logo":{"@type":"ImageObject","inLanguage":"fr-FR","@id":"https:\/\/www.bellunopress.it\/#\/schema\/logo\/image\/","url":"https:\/\/www.bellunopress.it\/wp-content\/uploads\/2011\/05\/cropped-logo-bellunopress-.jpg","contentUrl":"https:\/\/www.bellunopress.it\/wp-content\/uploads\/2011\/05\/cropped-logo-bellunopress-.jpg","width":512,"height":512,"caption":"Bellunopress"},"image":{"@id":"https:\/\/www.bellunopress.it\/#\/schema\/logo\/image\/"},"sameAs":["https:\/\/www.facebook.com\/profile.php?id=100008943462799","https:\/\/x.com\/bellunopress","https:\/\/www.linkedin.com\/hp\/?dnr=JBzUWaJfMUw8vbXJJ2tVW5-I3jZKvC4wsoxE&amp;amp;amp;amp;amp;amp;trk=nav_responsive_tab_home","https:\/\/www.youtube.com\/channel\/UCxL0wu1uN0_3_7hGG0306cw"]},{"@type":"Person","@id":"https:\/\/www.bellunopress.it\/#\/schema\/person\/79bb06722b37ece1c03d3e94beb30d73","name":"r\u00e9daction","image":{"@type":"ImageObject","inLanguage":"fr-FR","@id":"https:\/\/secure.gravatar.com\/avatar\/37d968a2e67a6fd04c169c4bdef102d0bc5d31b2546345219e348575eb80e9a0?s=96&d=mm&r=g","url":"https:\/\/secure.gravatar.com\/avatar\/37d968a2e67a6fd04c169c4bdef102d0bc5d31b2546345219e348575eb80e9a0?s=96&d=mm&r=g","contentUrl":"https:\/\/secure.gravatar.com\/avatar\/37d968a2e67a6fd04c169c4bdef102d0bc5d31b2546345219e348575eb80e9a0?s=96&d=mm&r=g","caption":"redazione"},"sameAs":["http:\/\/www.bellunopress.it","https:\/\/x.com\/bellunopress"],"url":"https:\/\/www.bellunopress.it\/fr\/author\/redazione\/"}]}},"_links":{"self":[{"href":"https:\/\/www.bellunopress.it\/fr\/wp-json\/wp\/v2\/posts\/172783","targetHints":{"allow":["GET"]}}],"collection":[{"href":"https:\/\/www.bellunopress.it\/fr\/wp-json\/wp\/v2\/posts"}],"about":[{"href":"https:\/\/www.bellunopress.it\/fr\/wp-json\/wp\/v2\/types\/post"}],"author":[{"embeddable":true,"href":"https:\/\/www.bellunopress.it\/fr\/wp-json\/wp\/v2\/users\/2"}],"replies":[{"embeddable":true,"href":"https:\/\/www.bellunopress.it\/fr\/wp-json\/wp\/v2\/comments?post=172783"}],"version-history":[{"count":1,"href":"https:\/\/www.bellunopress.it\/fr\/wp-json\/wp\/v2\/posts\/172783\/revisions"}],"predecessor-version":[{"id":172784,"href":"https:\/\/www.bellunopress.it\/fr\/wp-json\/wp\/v2\/posts\/172783\/revisions\/172784"}],"wp:featuredmedia":[{"embeddable":true,"href":"https:\/\/www.bellunopress.it\/fr\/wp-json\/wp\/v2\/media\/123568"}],"wp:attachment":[{"href":"https:\/\/www.bellunopress.it\/fr\/wp-json\/wp\/v2\/media?parent=172783"}],"wp:term":[{"taxonomy":"category","embeddable":true,"href":"https:\/\/www.bellunopress.it\/fr\/wp-json\/wp\/v2\/categories?post=172783"},{"taxonomy":"post_tag","embeddable":true,"href":"https:\/\/www.bellunopress.it\/fr\/wp-json\/wp\/v2\/tags?post=172783"}],"curies":[{"name":"wp","href":"https:\/\/api.w.org\/{rel}","templated":true}]}}