{"id":172780,"date":"2026-08-20T17:03:08","date_gmt":"2026-08-20T15:03:08","guid":{"rendered":"https:\/\/www.bellunopress.it\/?p=172780"},"modified":"2026-08-20T17:03:08","modified_gmt":"2026-08-20T15:03:08","slug":"belluno-videosorveglianza-210mila-euro-per-il-controllo-veicoli-e-aree-sensibili-in-citta","status":"publish","type":"post","link":"https:\/\/www.bellunopress.it\/fr\/2026\/08\/20\/belluno-videosorveglianza-210mila-euro-per-il-controllo-veicoli-e-aree-sensibili-in-citta\/","title":{"rendered":"Belluno. Videosorveglianza: 210mila euro per il controllo veicoli e aree sensibili in citt\u00e0"},"content":{"rendered":"<p>Belluno, 20 agosto 2026 &#8211; Due progetti per oltre 210 mila euro complessivi per ampliare il sistema di videosorveglianza della Citt\u00e0, aumentare i varchi per il controllo dei veicoli e rafforzare il monitoraggio delle aree pi\u00f9 sensibili. Approvati oggi dalla Giunta De Pellegrin due distinti interventi, che saranno candidati ad altrettante linee di finanziamento, una statale e una regionale, mettendo complessivamente a disposizione 108 mila euro di risorse proprie.<\/p>\n<p>\u201cCon questi due progetti facciamo un ulteriore passo nel potenziamento di una rete che Belluno ha costruito negli anni e che oggi rappresenta uno strumento concreto a disposizione di tutte le Forze dell\u2019Ordine \u2013 dichiara il sindaco Oscar De Pellegrin \u2013. Investiamo direttamente 108 mila euro e, allo stesso tempo, cerchiamo di intercettare due opportunit\u00e0 di finanziamento per dotare la Citt\u00e0 di strumenti sempre pi\u00f9 moderni ed efficaci. La videosorveglianza non sostituisce il presidio del territorio, ma pu\u00f2 essere un supporto prezioso sia nella prevenzione sia nelle attivit\u00e0 di indagine. \u00c8 importante soprattutto che questo sistema sia costruito insieme alle Forze dell\u2019Ordine, sulla base delle esigenze che emergono concretamente sul territorio\u201d.<\/p>\n<p>Il primo progetto, del valore complessivo di 136.248,65 euro, sar\u00e0 candidato al finanziamento del Ministero dell\u2019Interno destinato alla realizzazione di nuovi sistemi di videosorveglianza per la sicurezza urbana, per il quale sono disponibili a livello nazionale 19 milioni di euro. Il Comune chieder\u00e0 un contributo di 66.248,65 euro, finanziando direttamente i restanti 70 mila euro.<br \/>\nIl secondo progetto, del valore di 74.212,88 euro, sar\u00e0 invece candidato al bando 2026 della Regione Veneto per gli investimenti in materia di sicurezza urbana e polizia locale. In questo caso la richiesta di contributo \u00e8 pari a 36.212,88 euro, mentre il Comune garantir\u00e0 un cofinanziamento di 38 mila euro.<\/p>\n<p>I due interventi si inseriscono in un percorso iniziato nel 2008 con l\u2019entrata in funzione del primo sistema comunale di videosorveglianza, progressivamente ampliato e aggiornato negli anni. Il centro di gestione principale si trova presso il Comando della Polizia locale.<\/p>\n<p>I nuovi progetti consentiranno di estendere ulteriormente questa rete, aumentando sia il numero dei varchi per il controllo dei veicoli in ingresso e in uscita dalla Citt\u00e0, sia i punti di videosorveglianza di contesto nelle zone considerate pi\u00f9 sensibili. Le nuove apparecchiature saranno integrate con il sistema gi\u00e0 esistente e individuate sulla base delle priorit\u00e0 condivise con le Forze dell\u2019Ordine.<\/p>\n<p>Per il controllo dei transiti saranno utilizzate telecamere ad alta risoluzione capaci di effettuare automaticamente la lettura delle targhe e di operare sia di giorno sia di notte. I dispositivi consentiranno inoltre di acquisire informazioni utili sul veicolo e potranno dialogare con le banche dati previste dalla normativa, supportando ad esempio l\u2019individuazione di mezzi rubati.<br \/>\nA queste si affiancheranno nuove telecamere multidirezionali di contesto, con pi\u00f9 sensori e diversi angoli di visuale, alta risoluzione, visione notturna in modo da ampliare la capacit\u00e0 di controllo delle aree interessate senza moltiplicare il numero dei dispositivi.<\/p>","protected":false},"excerpt":{"rendered":"<p>Belluno, 20 agosto 2026 &#8211; Due progetti per oltre 210 mila euro complessivi per ampliare il sistema di videosorveglianza della Citt\u00e0, aumentare i varchi per il controllo dei veicoli e rafforzare il monitoraggio delle aree pi\u00f9 sensibili. Approvati oggi dalla Giunta De Pellegrin due distinti interventi, che saranno candidati ad altrettante linee di finanziamento, una [&hellip;]<\/p>\n","protected":false},"author":2,"featured_media":172781,"comment_status":"closed","ping_status":"open","sticky":false,"template":"","format":"standard","meta":{"footnotes":""},"categories":[5,8],"tags":[],"class_list":["post-172780","post","type-post","status-publish","format-standard","has-post-thumbnail","category-cronaca","category-societa-istituzioni"],"yoast_head":"<!-- This site is optimized with the Yoast SEO plugin v28.4 - https:\/\/yoast.com\/product\/yoast-seo-wordpress\/ -->\n<title>Belluno. Videosorveglianza: 210mila euro per il controllo veicoli e aree sensibili in citt\u00e0 - Bellunopress - Dolomiti<\/title>\n<meta name=\"robots\" content=\"index, follow, max-snippet:-1, max-image-preview:large, max-video-preview:-1\" \/>\n<link rel=\"canonical\" href=\"https:\/\/www.bellunopress.it\/fr\/2026\/08\/20\/belluno-videosorveglianza-210mila-euro-per-il-controllo-veicoli-e-aree-sensibili-in-citta\/\" \/>\n<meta property=\"og:locale\" content=\"fr_FR\" \/>\n<meta property=\"og:type\" content=\"article\" \/>\n<meta property=\"og:title\" content=\"Belluno. Videosorveglianza: 210mila euro per il controllo veicoli e aree sensibili in citt\u00e0 - Bellunopress - Dolomiti\" \/>\n<meta property=\"og:description\" content=\"Belluno, 20 agosto 2026 &#8211; Due progetti per oltre 210 mila euro complessivi per ampliare il sistema di videosorveglianza della Citt\u00e0, aumentare i varchi per il controllo dei veicoli e rafforzare il monitoraggio delle aree pi\u00f9 sensibili. Approvati oggi dalla Giunta De Pellegrin due distinti interventi, che saranno candidati ad altrettante linee di finanziamento, una [&hellip;]\" \/>\n<meta property=\"og:url\" content=\"https:\/\/www.bellunopress.it\/fr\/2026\/08\/20\/belluno-videosorveglianza-210mila-euro-per-il-controllo-veicoli-e-aree-sensibili-in-citta\/\" \/>\n<meta property=\"og:site_name\" content=\"Bellunopress - Dolomiti\" \/>\n<meta property=\"article:publisher\" content=\"https:\/\/www.facebook.com\/profile.php?id=100008943462799\" \/>\n<meta property=\"article:published_time\" content=\"2026-08-20T15:03:08+00:00\" \/>\n<meta property=\"og:image\" content=\"https:\/\/www.bellunopress.it\/wp-content\/uploads\/2026\/08\/videosorveglianza-belluno.jpg\" \/>\n\t<meta property=\"og:image:width\" content=\"500\" \/>\n\t<meta property=\"og:image:height\" content=\"272\" \/>\n\t<meta property=\"og:image:type\" content=\"image\/jpeg\" \/>\n<meta name=\"author\" content=\"redazione\" \/>\n<meta name=\"twitter:card\" content=\"summary_large_image\" \/>\n<meta name=\"twitter:creator\" content=\"@bellunopress\" \/>\n<meta name=\"twitter:site\" content=\"@bellunopress\" \/>\n<meta name=\"twitter:label1\" content=\"Written by\" \/>\n\t<meta name=\"twitter:data1\" content=\"redazione\" \/>\n\t<meta name=\"twitter:label2\" content=\"Est. reading time\" \/>\n\t<meta name=\"twitter:data2\" content=\"3 minutes\" \/>\n<script type=\"application\/ld+json\" class=\"yoast-schema-graph\">{\"@context\":\"https:\\\/\\\/schema.org\",\"@graph\":[{\"@type\":\"Article\",\"@id\":\"https:\\\/\\\/www.bellunopress.it\\\/2026\\\/08\\\/20\\\/belluno-videosorveglianza-210mila-euro-per-il-controllo-veicoli-e-aree-sensibili-in-citta\\\/#article\",\"isPartOf\":{\"@id\":\"https:\\\/\\\/www.bellunopress.it\\\/2026\\\/08\\\/20\\\/belluno-videosorveglianza-210mila-euro-per-il-controllo-veicoli-e-aree-sensibili-in-citta\\\/\"},\"author\":{\"name\":\"redazione\",\"@id\":\"https:\\\/\\\/www.bellunopress.it\\\/#\\\/schema\\\/person\\\/79bb06722b37ece1c03d3e94beb30d73\"},\"headline\":\"Belluno. Videosorveglianza: 210mila euro per il controllo veicoli e aree sensibili in citt\u00e0\",\"datePublished\":\"2026-08-20T15:03:08+00:00\",\"mainEntityOfPage\":{\"@id\":\"https:\\\/\\\/www.bellunopress.it\\\/2026\\\/08\\\/20\\\/belluno-videosorveglianza-210mila-euro-per-il-controllo-veicoli-e-aree-sensibili-in-citta\\\/\"},\"wordCount\":479,\"publisher\":{\"@id\":\"https:\\\/\\\/www.bellunopress.it\\\/#organization\"},\"image\":{\"@id\":\"https:\\\/\\\/www.bellunopress.it\\\/2026\\\/08\\\/20\\\/belluno-videosorveglianza-210mila-euro-per-il-controllo-veicoli-e-aree-sensibili-in-citta\\\/#primaryimage\"},\"thumbnailUrl\":\"https:\\\/\\\/www.bellunopress.it\\\/wp-content\\\/uploads\\\/2026\\\/08\\\/videosorveglianza-belluno.jpg\",\"articleSection\":[\"Cronaca\\\/Politica\",\"Societ\u00e0, Associazioni, Istituzioni\"],\"inLanguage\":\"fr-FR\"},{\"@type\":\"WebPage\",\"@id\":\"https:\\\/\\\/www.bellunopress.it\\\/2026\\\/08\\\/20\\\/belluno-videosorveglianza-210mila-euro-per-il-controllo-veicoli-e-aree-sensibili-in-citta\\\/\",\"url\":\"https:\\\/\\\/www.bellunopress.it\\\/2026\\\/08\\\/20\\\/belluno-videosorveglianza-210mila-euro-per-il-controllo-veicoli-e-aree-sensibili-in-citta\\\/\",\"name\":\"Belluno. Videosorveglianza: 210mila euro per il controllo veicoli e aree sensibili in citt\u00e0 - Bellunopress - Dolomiti\",\"isPartOf\":{\"@id\":\"https:\\\/\\\/www.bellunopress.it\\\/#website\"},\"primaryImageOfPage\":{\"@id\":\"https:\\\/\\\/www.bellunopress.it\\\/2026\\\/08\\\/20\\\/belluno-videosorveglianza-210mila-euro-per-il-controllo-veicoli-e-aree-sensibili-in-citta\\\/#primaryimage\"},\"image\":{\"@id\":\"https:\\\/\\\/www.bellunopress.it\\\/2026\\\/08\\\/20\\\/belluno-videosorveglianza-210mila-euro-per-il-controllo-veicoli-e-aree-sensibili-in-citta\\\/#primaryimage\"},\"thumbnailUrl\":\"https:\\\/\\\/www.bellunopress.it\\\/wp-content\\\/uploads\\\/2026\\\/08\\\/videosorveglianza-belluno.jpg\",\"datePublished\":\"2026-08-20T15:03:08+00:00\",\"breadcrumb\":{\"@id\":\"https:\\\/\\\/www.bellunopress.it\\\/2026\\\/08\\\/20\\\/belluno-videosorveglianza-210mila-euro-per-il-controllo-veicoli-e-aree-sensibili-in-citta\\\/#breadcrumb\"},\"inLanguage\":\"fr-FR\",\"potentialAction\":[{\"@type\":\"ReadAction\",\"target\":[\"https:\\\/\\\/www.bellunopress.it\\\/2026\\\/08\\\/20\\\/belluno-videosorveglianza-210mila-euro-per-il-controllo-veicoli-e-aree-sensibili-in-citta\\\/\"]}]},{\"@type\":\"ImageObject\",\"inLanguage\":\"fr-FR\",\"@id\":\"https:\\\/\\\/www.bellunopress.it\\\/2026\\\/08\\\/20\\\/belluno-videosorveglianza-210mila-euro-per-il-controllo-veicoli-e-aree-sensibili-in-citta\\\/#primaryimage\",\"url\":\"https:\\\/\\\/www.bellunopress.it\\\/wp-content\\\/uploads\\\/2026\\\/08\\\/videosorveglianza-belluno.jpg\",\"contentUrl\":\"https:\\\/\\\/www.bellunopress.it\\\/wp-content\\\/uploads\\\/2026\\\/08\\\/videosorveglianza-belluno.jpg\",\"width\":500,\"height\":272},{\"@type\":\"BreadcrumbList\",\"@id\":\"https:\\\/\\\/www.bellunopress.it\\\/2026\\\/08\\\/20\\\/belluno-videosorveglianza-210mila-euro-per-il-controllo-veicoli-e-aree-sensibili-in-citta\\\/#breadcrumb\",\"itemListElement\":[{\"@type\":\"ListItem\",\"position\":1,\"name\":\"Home\",\"item\":\"https:\\\/\\\/www.bellunopress.it\\\/\"},{\"@type\":\"ListItem\",\"position\":2,\"name\":\"Belluno. Videosorveglianza: 210mila euro per il controllo veicoli e aree sensibili in citt\u00e0\"}]},{\"@type\":\"WebSite\",\"@id\":\"https:\\\/\\\/www.bellunopress.it\\\/#website\",\"url\":\"https:\\\/\\\/www.bellunopress.it\\\/\",\"name\":\"Bellunopress - Dolomiti\",\"description\":\"e-mail: redazione@bellunopress.it\",\"publisher\":{\"@id\":\"https:\\\/\\\/www.bellunopress.it\\\/#organization\"},\"potentialAction\":[{\"@type\":\"SearchAction\",\"target\":{\"@type\":\"EntryPoint\",\"urlTemplate\":\"https:\\\/\\\/www.bellunopress.it\\\/?s={search_term_string}\"},\"query-input\":{\"@type\":\"PropertyValueSpecification\",\"valueRequired\":true,\"valueName\":\"search_term_string\"}}],\"inLanguage\":\"fr-FR\"},{\"@type\":\"Organization\",\"@id\":\"https:\\\/\\\/www.bellunopress.it\\\/#organization\",\"name\":\"Bellunopress\",\"url\":\"https:\\\/\\\/www.bellunopress.it\\\/\",\"logo\":{\"@type\":\"ImageObject\",\"inLanguage\":\"fr-FR\",\"@id\":\"https:\\\/\\\/www.bellunopress.it\\\/#\\\/schema\\\/logo\\\/image\\\/\",\"url\":\"https:\\\/\\\/www.bellunopress.it\\\/wp-content\\\/uploads\\\/2011\\\/05\\\/cropped-logo-bellunopress-.jpg\",\"contentUrl\":\"https:\\\/\\\/www.bellunopress.it\\\/wp-content\\\/uploads\\\/2011\\\/05\\\/cropped-logo-bellunopress-.jpg\",\"width\":512,\"height\":512,\"caption\":\"Bellunopress\"},\"image\":{\"@id\":\"https:\\\/\\\/www.bellunopress.it\\\/#\\\/schema\\\/logo\\\/image\\\/\"},\"sameAs\":[\"https:\\\/\\\/www.facebook.com\\\/profile.php?id=100008943462799\",\"https:\\\/\\\/x.com\\\/bellunopress\",\"https:\\\/\\\/www.linkedin.com\\\/hp\\\/?dnr=JBzUWaJfMUw8vbXJJ2tVW5-I3jZKvC4wsoxE&amp;amp;amp;amp;amp;amp;trk=nav_responsive_tab_home\",\"https:\\\/\\\/www.youtube.com\\\/channel\\\/UCxL0wu1uN0_3_7hGG0306cw\"]},{\"@type\":\"Person\",\"@id\":\"https:\\\/\\\/www.bellunopress.it\\\/#\\\/schema\\\/person\\\/79bb06722b37ece1c03d3e94beb30d73\",\"name\":\"redazione\",\"image\":{\"@type\":\"ImageObject\",\"inLanguage\":\"fr-FR\",\"@id\":\"https:\\\/\\\/secure.gravatar.com\\\/avatar\\\/37d968a2e67a6fd04c169c4bdef102d0bc5d31b2546345219e348575eb80e9a0?s=96&d=mm&r=g\",\"url\":\"https:\\\/\\\/secure.gravatar.com\\\/avatar\\\/37d968a2e67a6fd04c169c4bdef102d0bc5d31b2546345219e348575eb80e9a0?s=96&d=mm&r=g\",\"contentUrl\":\"https:\\\/\\\/secure.gravatar.com\\\/avatar\\\/37d968a2e67a6fd04c169c4bdef102d0bc5d31b2546345219e348575eb80e9a0?s=96&d=mm&r=g\",\"caption\":\"redazione\"},\"sameAs\":[\"http:\\\/\\\/www.bellunopress.it\",\"https:\\\/\\\/x.com\\\/bellunopress\"],\"url\":\"https:\\\/\\\/www.bellunopress.it\\\/fr\\\/author\\\/redazione\\\/\"}]}<\/script>\n<!-- \/ Yoast SEO plugin. -->","yoast_head_json":{"title":"Belluno. Videosorveglianza: 210mila euro per il controllo veicoli e aree sensibili in citt\u00e0 - Bellunopress - Dolomiti","robots":{"index":"index","follow":"follow","max-snippet":"max-snippet:-1","max-image-preview":"max-image-preview:large","max-video-preview":"max-video-preview:-1"},"canonical":"https:\/\/www.bellunopress.it\/fr\/2026\/08\/20\/belluno-videosorveglianza-210mila-euro-per-il-controllo-veicoli-e-aree-sensibili-in-citta\/","og_locale":"fr_FR","og_type":"article","og_title":"Belluno. Videosorveglianza: 210mila euro per il controllo veicoli e aree sensibili in citt\u00e0 - Bellunopress - Dolomiti","og_description":"Belluno, 20 agosto 2026 &#8211; Due progetti per oltre 210 mila euro complessivi per ampliare il sistema di videosorveglianza della Citt\u00e0, aumentare i varchi per il controllo dei veicoli e rafforzare il monitoraggio delle aree pi\u00f9 sensibili. Approvati oggi dalla Giunta De Pellegrin due distinti interventi, che saranno candidati ad altrettante linee di finanziamento, una [&hellip;]","og_url":"https:\/\/www.bellunopress.it\/fr\/2026\/08\/20\/belluno-videosorveglianza-210mila-euro-per-il-controllo-veicoli-e-aree-sensibili-in-citta\/","og_site_name":"Bellunopress - Dolomiti","article_publisher":"https:\/\/www.facebook.com\/profile.php?id=100008943462799","article_published_time":"2026-08-20T15:03:08+00:00","og_image":[{"width":500,"height":272,"url":"https:\/\/www.bellunopress.it\/wp-content\/uploads\/2026\/08\/videosorveglianza-belluno.jpg","type":"image\/jpeg"}],"author":"redazione","twitter_card":"summary_large_image","twitter_creator":"@bellunopress","twitter_site":"@bellunopress","twitter_misc":{"Written by":"redazione","Est. reading time":"3 minutes"},"schema":{"@context":"https:\/\/schema.org","@graph":[{"@type":"Article","@id":"https:\/\/www.bellunopress.it\/2026\/08\/20\/belluno-videosorveglianza-210mila-euro-per-il-controllo-veicoli-e-aree-sensibili-in-citta\/#article","isPartOf":{"@id":"https:\/\/www.bellunopress.it\/2026\/08\/20\/belluno-videosorveglianza-210mila-euro-per-il-controllo-veicoli-e-aree-sensibili-in-citta\/"},"author":{"name":"redazione","@id":"https:\/\/www.bellunopress.it\/#\/schema\/person\/79bb06722b37ece1c03d3e94beb30d73"},"headline":"Belluno. Videosorveglianza: 210mila euro per il controllo veicoli e aree sensibili in citt\u00e0","datePublished":"2026-08-20T15:03:08+00:00","mainEntityOfPage":{"@id":"https:\/\/www.bellunopress.it\/2026\/08\/20\/belluno-videosorveglianza-210mila-euro-per-il-controllo-veicoli-e-aree-sensibili-in-citta\/"},"wordCount":479,"publisher":{"@id":"https:\/\/www.bellunopress.it\/#organization"},"image":{"@id":"https:\/\/www.bellunopress.it\/2026\/08\/20\/belluno-videosorveglianza-210mila-euro-per-il-controllo-veicoli-e-aree-sensibili-in-citta\/#primaryimage"},"thumbnailUrl":"https:\/\/www.bellunopress.it\/wp-content\/uploads\/2026\/08\/videosorveglianza-belluno.jpg","articleSection":["Cronaca\/Politica","Societ\u00e0, Associazioni, Istituzioni"],"inLanguage":"fr-FR"},{"@type":"WebPage","@id":"https:\/\/www.bellunopress.it\/2026\/08\/20\/belluno-videosorveglianza-210mila-euro-per-il-controllo-veicoli-e-aree-sensibili-in-citta\/","url":"https:\/\/www.bellunopress.it\/2026\/08\/20\/belluno-videosorveglianza-210mila-euro-per-il-controllo-veicoli-e-aree-sensibili-in-citta\/","name":"Belluno. Videosorveglianza: 210mila euro per il controllo veicoli e aree sensibili in citt\u00e0 - Bellunopress - Dolomiti","isPartOf":{"@id":"https:\/\/www.bellunopress.it\/#website"},"primaryImageOfPage":{"@id":"https:\/\/www.bellunopress.it\/2026\/08\/20\/belluno-videosorveglianza-210mila-euro-per-il-controllo-veicoli-e-aree-sensibili-in-citta\/#primaryimage"},"image":{"@id":"https:\/\/www.bellunopress.it\/2026\/08\/20\/belluno-videosorveglianza-210mila-euro-per-il-controllo-veicoli-e-aree-sensibili-in-citta\/#primaryimage"},"thumbnailUrl":"https:\/\/www.bellunopress.it\/wp-content\/uploads\/2026\/08\/videosorveglianza-belluno.jpg","datePublished":"2026-08-20T15:03:08+00:00","breadcrumb":{"@id":"https:\/\/www.bellunopress.it\/2026\/08\/20\/belluno-videosorveglianza-210mila-euro-per-il-controllo-veicoli-e-aree-sensibili-in-citta\/#breadcrumb"},"inLanguage":"fr-FR","potentialAction":[{"@type":"ReadAction","target":["https:\/\/www.bellunopress.it\/2026\/08\/20\/belluno-videosorveglianza-210mila-euro-per-il-controllo-veicoli-e-aree-sensibili-in-citta\/"]}]},{"@type":"ImageObject","inLanguage":"fr-FR","@id":"https:\/\/www.bellunopress.it\/2026\/08\/20\/belluno-videosorveglianza-210mila-euro-per-il-controllo-veicoli-e-aree-sensibili-in-citta\/#primaryimage","url":"https:\/\/www.bellunopress.it\/wp-content\/uploads\/2026\/08\/videosorveglianza-belluno.jpg","contentUrl":"https:\/\/www.bellunopress.it\/wp-content\/uploads\/2026\/08\/videosorveglianza-belluno.jpg","width":500,"height":272},{"@type":"BreadcrumbList","@id":"https:\/\/www.bellunopress.it\/2026\/08\/20\/belluno-videosorveglianza-210mila-euro-per-il-controllo-veicoli-e-aree-sensibili-in-citta\/#breadcrumb","itemListElement":[{"@type":"ListItem","position":1,"name":"Home","item":"https:\/\/www.bellunopress.it\/"},{"@type":"ListItem","position":2,"name":"Belluno. Videosorveglianza: 210mila euro per il controllo veicoli e aree sensibili in citt\u00e0"}]},{"@type":"WebSite","@id":"https:\/\/www.bellunopress.it\/#website","url":"https:\/\/www.bellunopress.it\/","name":"Bellunopress - Dolomiti","description":"e-mail: redazione@bellunopress.it","publisher":{"@id":"https:\/\/www.bellunopress.it\/#organization"},"potentialAction":[{"@type":"SearchAction","target":{"@type":"EntryPoint","urlTemplate":"https:\/\/www.bellunopress.it\/?s={search_term_string}"},"query-input":{"@type":"PropertyValueSpecification","valueRequired":true,"valueName":"search_term_string"}}],"inLanguage":"fr-FR"},{"@type":"Organization","@id":"https:\/\/www.bellunopress.it\/#organization","name":"Bellunopress","url":"https:\/\/www.bellunopress.it\/","logo":{"@type":"ImageObject","inLanguage":"fr-FR","@id":"https:\/\/www.bellunopress.it\/#\/schema\/logo\/image\/","url":"https:\/\/www.bellunopress.it\/wp-content\/uploads\/2011\/05\/cropped-logo-bellunopress-.jpg","contentUrl":"https:\/\/www.bellunopress.it\/wp-content\/uploads\/2011\/05\/cropped-logo-bellunopress-.jpg","width":512,"height":512,"caption":"Bellunopress"},"image":{"@id":"https:\/\/www.bellunopress.it\/#\/schema\/logo\/image\/"},"sameAs":["https:\/\/www.facebook.com\/profile.php?id=100008943462799","https:\/\/x.com\/bellunopress","https:\/\/www.linkedin.com\/hp\/?dnr=JBzUWaJfMUw8vbXJJ2tVW5-I3jZKvC4wsoxE&amp;amp;amp;amp;amp;amp;trk=nav_responsive_tab_home","https:\/\/www.youtube.com\/channel\/UCxL0wu1uN0_3_7hGG0306cw"]},{"@type":"Person","@id":"https:\/\/www.bellunopress.it\/#\/schema\/person\/79bb06722b37ece1c03d3e94beb30d73","name":"r\u00e9daction","image":{"@type":"ImageObject","inLanguage":"fr-FR","@id":"https:\/\/secure.gravatar.com\/avatar\/37d968a2e67a6fd04c169c4bdef102d0bc5d31b2546345219e348575eb80e9a0?s=96&d=mm&r=g","url":"https:\/\/secure.gravatar.com\/avatar\/37d968a2e67a6fd04c169c4bdef102d0bc5d31b2546345219e348575eb80e9a0?s=96&d=mm&r=g","contentUrl":"https:\/\/secure.gravatar.com\/avatar\/37d968a2e67a6fd04c169c4bdef102d0bc5d31b2546345219e348575eb80e9a0?s=96&d=mm&r=g","caption":"redazione"},"sameAs":["http:\/\/www.bellunopress.it","https:\/\/x.com\/bellunopress"],"url":"https:\/\/www.bellunopress.it\/fr\/author\/redazione\/"}]}},"_links":{"self":[{"href":"https:\/\/www.bellunopress.it\/fr\/wp-json\/wp\/v2\/posts\/172780","targetHints":{"allow":["GET"]}}],"collection":[{"href":"https:\/\/www.bellunopress.it\/fr\/wp-json\/wp\/v2\/posts"}],"about":[{"href":"https:\/\/www.bellunopress.it\/fr\/wp-json\/wp\/v2\/types\/post"}],"author":[{"embeddable":true,"href":"https:\/\/www.bellunopress.it\/fr\/wp-json\/wp\/v2\/users\/2"}],"replies":[{"embeddable":true,"href":"https:\/\/www.bellunopress.it\/fr\/wp-json\/wp\/v2\/comments?post=172780"}],"version-history":[{"count":1,"href":"https:\/\/www.bellunopress.it\/fr\/wp-json\/wp\/v2\/posts\/172780\/revisions"}],"predecessor-version":[{"id":172782,"href":"https:\/\/www.bellunopress.it\/fr\/wp-json\/wp\/v2\/posts\/172780\/revisions\/172782"}],"wp:featuredmedia":[{"embeddable":true,"href":"https:\/\/www.bellunopress.it\/fr\/wp-json\/wp\/v2\/media\/172781"}],"wp:attachment":[{"href":"https:\/\/www.bellunopress.it\/fr\/wp-json\/wp\/v2\/media?parent=172780"}],"wp:term":[{"taxonomy":"category","embeddable":true,"href":"https:\/\/www.bellunopress.it\/fr\/wp-json\/wp\/v2\/categories?post=172780"},{"taxonomy":"post_tag","embeddable":true,"href":"https:\/\/www.bellunopress.it\/fr\/wp-json\/wp\/v2\/tags?post=172780"}],"curies":[{"name":"wp","href":"https:\/\/api.w.org\/{rel}","templated":true}]}}