{"id":172778,"date":"2026-08-20T15:22:19","date_gmt":"2026-08-20T13:22:19","guid":{"rendered":"https:\/\/www.bellunopress.it\/?p=172778"},"modified":"2026-08-20T15:22:19","modified_gmt":"2026-08-20T13:22:19","slug":"ater-manutenzione-straordinaria-per-14-alloggi-riaperto-il-bando-per-lassegnazione-di-due-alloggi-alle-forze-dellordine","status":"publish","type":"post","link":"https:\/\/www.bellunopress.it\/fr\/2026\/08\/20\/ater-manutenzione-straordinaria-per-14-alloggi-riaperto-il-bando-per-lassegnazione-di-due-alloggi-alle-forze-dellordine\/","title":{"rendered":"Ater. Manutenzione straordinaria per 14 alloggi. Riaperto il bando per l&#8217;assegnazione di due alloggi alle Forze dell&#8217;ordine"},"content":{"rendered":"<p>Il nuovo Consiglio di Amministrazione dell&#8217;Ater di Belluno, in continuit\u00e0 con il precedente Cda, ha approvato il progetto esecutivo, con relativo quadro tecnico &#8211; economico e l&#8217;autorizzazione alla presentazione della domanda per la richiesta di un contributo di sostegno al Fondo Europeo di Sviluppo Regionale (PR FESR), sull&#8217;inclusione abitativa. Il progetto prevede la manutenzione straordinaria ed efficientamento energetico da effettuarsi su 14 alloggi sfitti di propriet\u00e0 dell&#8217;Ater di Belluno, nei Comuni di Belluno, Limana e Sedico. L&#8217;importo complessivo del progetto \u00e8 di 1.450.000,00, di cui circa 750.000 richiesti al FESR e 700.000 a carico dell&#8217;Ater di Belluno.<\/p>\n<p>I 14 alloggi menzionati non possono attualmente essere riassegnati proprio in ragione delle carenze manutentive, funzionali, impiantistiche ed energetiche riscontrate e intenzione di Ater \u00e8 appunto quella di ripristinarli e quindi riassegnarli, in ottica del pi\u00f9 ampio progetto di riduzione degli alloggi sfitti. Problema che sar\u00e0 opportunamente seguito dal Cda e dalla struttura dell&#8217;Ater nei prossimi anni, nell&#8217;ottica di ridurre il pi\u00f9 possibile il numero degli alloggi sfitti in Provincia. Nella stessa seduta il Consiglio di Amministrazione ha anche approvato la riapertura del bando di concorso per l&#8217;assegnazione di un paio di alloggi di edilizia residenziale pubblica a favore delle Forze dell&#8217;Ordine, rimasti precedentemente sfitti nello stesso bando. L&#8217;iniziativa va nella direzione di garantire il pi\u00f9 possibile la presenza sul territorio delle Forze dell&#8217;ordine, per aiutare cos\u00ec a contrastare situazioni sempre pi\u00f9 evidenti di sicurezza pubblica e degrado sociale.<\/p>\n<p>Il bando e la conseguente graduatoria verranno seguite direttamente dalla Prefettura, la quale ha ricevuto espressa richiesta di riapertura del bando direttamente dal Comando provinciale dei Carabinieri.<br \/>\nRimane concreto l&#8217;interesse primario di Ater di collaborare convintamente con le istituzioni locali, Forze dell&#8217;Ordine in primis.<\/p>","protected":false},"excerpt":{"rendered":"<p>Il nuovo Consiglio di Amministrazione dell&#8217;Ater di Belluno, in continuit\u00e0 con il precedente Cda, ha approvato il progetto esecutivo, con relativo quadro tecnico &#8211; economico e l&#8217;autorizzazione alla presentazione della domanda per la richiesta di un contributo di sostegno al Fondo Europeo di Sviluppo Regionale (PR FESR), sull&#8217;inclusione abitativa. Il progetto prevede la manutenzione straordinaria [&hellip;]<\/p>\n","protected":false},"author":2,"featured_media":118889,"comment_status":"closed","ping_status":"open","sticky":false,"template":"","format":"standard","meta":{"footnotes":""},"categories":[8],"tags":[],"class_list":["post-172778","post","type-post","status-publish","format-standard","has-post-thumbnail","category-societa-istituzioni"],"yoast_head":"<!-- This site is optimized with the Yoast SEO plugin v28.4 - https:\/\/yoast.com\/product\/yoast-seo-wordpress\/ -->\n<title>Ater. Manutenzione straordinaria per 14 alloggi. Riaperto il bando per l&#039;assegnazione di due alloggi alle Forze dell&#039;ordine - Bellunopress - Dolomiti<\/title>\n<meta name=\"robots\" content=\"index, follow, max-snippet:-1, max-image-preview:large, max-video-preview:-1\" \/>\n<link rel=\"canonical\" href=\"https:\/\/www.bellunopress.it\/fr\/2026\/08\/20\/ater-manutenzione-straordinaria-per-14-alloggi-riaperto-il-bando-per-lassegnazione-di-due-alloggi-alle-forze-dellordine\/\" \/>\n<meta property=\"og:locale\" content=\"fr_FR\" \/>\n<meta property=\"og:type\" content=\"article\" \/>\n<meta property=\"og:title\" content=\"Ater. Manutenzione straordinaria per 14 alloggi. Riaperto il bando per l&#039;assegnazione di due alloggi alle Forze dell&#039;ordine - Bellunopress - Dolomiti\" \/>\n<meta property=\"og:description\" content=\"Il nuovo Consiglio di Amministrazione dell&#8217;Ater di Belluno, in continuit\u00e0 con il precedente Cda, ha approvato il progetto esecutivo, con relativo quadro tecnico &#8211; economico e l&#8217;autorizzazione alla presentazione della domanda per la richiesta di un contributo di sostegno al Fondo Europeo di Sviluppo Regionale (PR FESR), sull&#8217;inclusione abitativa. Il progetto prevede la manutenzione straordinaria [&hellip;]\" \/>\n<meta property=\"og:url\" content=\"https:\/\/www.bellunopress.it\/fr\/2026\/08\/20\/ater-manutenzione-straordinaria-per-14-alloggi-riaperto-il-bando-per-lassegnazione-di-due-alloggi-alle-forze-dellordine\/\" \/>\n<meta property=\"og:site_name\" content=\"Bellunopress - Dolomiti\" \/>\n<meta property=\"article:publisher\" content=\"https:\/\/www.facebook.com\/profile.php?id=100008943462799\" \/>\n<meta property=\"article:published_time\" content=\"2026-08-20T13:22:19+00:00\" \/>\n<meta property=\"og:image\" content=\"https:\/\/www.bellunopress.it\/wp-content\/uploads\/2020\/10\/Ater_edited.jpg\" \/>\n\t<meta property=\"og:image:width\" content=\"800\" \/>\n\t<meta property=\"og:image:height\" content=\"552\" \/>\n\t<meta property=\"og:image:type\" content=\"image\/jpeg\" \/>\n<meta name=\"author\" content=\"redazione\" \/>\n<meta name=\"twitter:card\" content=\"summary_large_image\" \/>\n<meta name=\"twitter:creator\" content=\"@bellunopress\" \/>\n<meta name=\"twitter:site\" content=\"@bellunopress\" \/>\n<meta name=\"twitter:label1\" content=\"\u00c9crit par\" \/>\n\t<meta name=\"twitter:data1\" content=\"redazione\" \/>\n\t<meta name=\"twitter:label2\" content=\"Dur\u00e9e de lecture estim\u00e9e\" \/>\n\t<meta name=\"twitter:data2\" content=\"2 minutes\" \/>\n<script type=\"application\/ld+json\" class=\"yoast-schema-graph\">{\"@context\":\"https:\\\/\\\/schema.org\",\"@graph\":[{\"@type\":\"Article\",\"@id\":\"https:\\\/\\\/www.bellunopress.it\\\/2026\\\/08\\\/20\\\/ater-manutenzione-straordinaria-per-14-alloggi-riaperto-il-bando-per-lassegnazione-di-due-alloggi-alle-forze-dellordine\\\/#article\",\"isPartOf\":{\"@id\":\"https:\\\/\\\/www.bellunopress.it\\\/2026\\\/08\\\/20\\\/ater-manutenzione-straordinaria-per-14-alloggi-riaperto-il-bando-per-lassegnazione-di-due-alloggi-alle-forze-dellordine\\\/\"},\"author\":{\"name\":\"redazione\",\"@id\":\"https:\\\/\\\/www.bellunopress.it\\\/#\\\/schema\\\/person\\\/79bb06722b37ece1c03d3e94beb30d73\"},\"headline\":\"Ater. Manutenzione straordinaria per 14 alloggi. Riaperto il bando per l&#8217;assegnazione di due alloggi alle Forze dell&#8217;ordine\",\"datePublished\":\"2026-08-20T13:22:19+00:00\",\"mainEntityOfPage\":{\"@id\":\"https:\\\/\\\/www.bellunopress.it\\\/2026\\\/08\\\/20\\\/ater-manutenzione-straordinaria-per-14-alloggi-riaperto-il-bando-per-lassegnazione-di-due-alloggi-alle-forze-dellordine\\\/\"},\"wordCount\":305,\"publisher\":{\"@id\":\"https:\\\/\\\/www.bellunopress.it\\\/#organization\"},\"image\":{\"@id\":\"https:\\\/\\\/www.bellunopress.it\\\/2026\\\/08\\\/20\\\/ater-manutenzione-straordinaria-per-14-alloggi-riaperto-il-bando-per-lassegnazione-di-due-alloggi-alle-forze-dellordine\\\/#primaryimage\"},\"thumbnailUrl\":\"https:\\\/\\\/www.bellunopress.it\\\/wp-content\\\/uploads\\\/2020\\\/10\\\/Ater_edited.jpg\",\"articleSection\":[\"Societ\u00e0, Associazioni, Istituzioni\"],\"inLanguage\":\"fr-FR\"},{\"@type\":\"WebPage\",\"@id\":\"https:\\\/\\\/www.bellunopress.it\\\/2026\\\/08\\\/20\\\/ater-manutenzione-straordinaria-per-14-alloggi-riaperto-il-bando-per-lassegnazione-di-due-alloggi-alle-forze-dellordine\\\/\",\"url\":\"https:\\\/\\\/www.bellunopress.it\\\/2026\\\/08\\\/20\\\/ater-manutenzione-straordinaria-per-14-alloggi-riaperto-il-bando-per-lassegnazione-di-due-alloggi-alle-forze-dellordine\\\/\",\"name\":\"Ater. Manutenzione straordinaria per 14 alloggi. Riaperto il bando per l'assegnazione di due alloggi alle Forze dell'ordine - Bellunopress - Dolomiti\",\"isPartOf\":{\"@id\":\"https:\\\/\\\/www.bellunopress.it\\\/#website\"},\"primaryImageOfPage\":{\"@id\":\"https:\\\/\\\/www.bellunopress.it\\\/2026\\\/08\\\/20\\\/ater-manutenzione-straordinaria-per-14-alloggi-riaperto-il-bando-per-lassegnazione-di-due-alloggi-alle-forze-dellordine\\\/#primaryimage\"},\"image\":{\"@id\":\"https:\\\/\\\/www.bellunopress.it\\\/2026\\\/08\\\/20\\\/ater-manutenzione-straordinaria-per-14-alloggi-riaperto-il-bando-per-lassegnazione-di-due-alloggi-alle-forze-dellordine\\\/#primaryimage\"},\"thumbnailUrl\":\"https:\\\/\\\/www.bellunopress.it\\\/wp-content\\\/uploads\\\/2020\\\/10\\\/Ater_edited.jpg\",\"datePublished\":\"2026-08-20T13:22:19+00:00\",\"breadcrumb\":{\"@id\":\"https:\\\/\\\/www.bellunopress.it\\\/2026\\\/08\\\/20\\\/ater-manutenzione-straordinaria-per-14-alloggi-riaperto-il-bando-per-lassegnazione-di-due-alloggi-alle-forze-dellordine\\\/#breadcrumb\"},\"inLanguage\":\"fr-FR\",\"potentialAction\":[{\"@type\":\"ReadAction\",\"target\":[\"https:\\\/\\\/www.bellunopress.it\\\/2026\\\/08\\\/20\\\/ater-manutenzione-straordinaria-per-14-alloggi-riaperto-il-bando-per-lassegnazione-di-due-alloggi-alle-forze-dellordine\\\/\"]}]},{\"@type\":\"ImageObject\",\"inLanguage\":\"fr-FR\",\"@id\":\"https:\\\/\\\/www.bellunopress.it\\\/2026\\\/08\\\/20\\\/ater-manutenzione-straordinaria-per-14-alloggi-riaperto-il-bando-per-lassegnazione-di-due-alloggi-alle-forze-dellordine\\\/#primaryimage\",\"url\":\"https:\\\/\\\/www.bellunopress.it\\\/wp-content\\\/uploads\\\/2020\\\/10\\\/Ater_edited.jpg\",\"contentUrl\":\"https:\\\/\\\/www.bellunopress.it\\\/wp-content\\\/uploads\\\/2020\\\/10\\\/Ater_edited.jpg\",\"width\":800,\"height\":552},{\"@type\":\"BreadcrumbList\",\"@id\":\"https:\\\/\\\/www.bellunopress.it\\\/2026\\\/08\\\/20\\\/ater-manutenzione-straordinaria-per-14-alloggi-riaperto-il-bando-per-lassegnazione-di-due-alloggi-alle-forze-dellordine\\\/#breadcrumb\",\"itemListElement\":[{\"@type\":\"ListItem\",\"position\":1,\"name\":\"Home\",\"item\":\"https:\\\/\\\/www.bellunopress.it\\\/\"},{\"@type\":\"ListItem\",\"position\":2,\"name\":\"Ater. Manutenzione straordinaria per 14 alloggi. Riaperto il bando per l&#8217;assegnazione di due alloggi alle Forze dell&#8217;ordine\"}]},{\"@type\":\"WebSite\",\"@id\":\"https:\\\/\\\/www.bellunopress.it\\\/#website\",\"url\":\"https:\\\/\\\/www.bellunopress.it\\\/\",\"name\":\"Bellunopress - Dolomiti\",\"description\":\"e-mail: redazione@bellunopress.it\",\"publisher\":{\"@id\":\"https:\\\/\\\/www.bellunopress.it\\\/#organization\"},\"potentialAction\":[{\"@type\":\"SearchAction\",\"target\":{\"@type\":\"EntryPoint\",\"urlTemplate\":\"https:\\\/\\\/www.bellunopress.it\\\/?s={search_term_string}\"},\"query-input\":{\"@type\":\"PropertyValueSpecification\",\"valueRequired\":true,\"valueName\":\"search_term_string\"}}],\"inLanguage\":\"fr-FR\"},{\"@type\":\"Organization\",\"@id\":\"https:\\\/\\\/www.bellunopress.it\\\/#organization\",\"name\":\"Bellunopress\",\"url\":\"https:\\\/\\\/www.bellunopress.it\\\/\",\"logo\":{\"@type\":\"ImageObject\",\"inLanguage\":\"fr-FR\",\"@id\":\"https:\\\/\\\/www.bellunopress.it\\\/#\\\/schema\\\/logo\\\/image\\\/\",\"url\":\"https:\\\/\\\/www.bellunopress.it\\\/wp-content\\\/uploads\\\/2011\\\/05\\\/cropped-logo-bellunopress-.jpg\",\"contentUrl\":\"https:\\\/\\\/www.bellunopress.it\\\/wp-content\\\/uploads\\\/2011\\\/05\\\/cropped-logo-bellunopress-.jpg\",\"width\":512,\"height\":512,\"caption\":\"Bellunopress\"},\"image\":{\"@id\":\"https:\\\/\\\/www.bellunopress.it\\\/#\\\/schema\\\/logo\\\/image\\\/\"},\"sameAs\":[\"https:\\\/\\\/www.facebook.com\\\/profile.php?id=100008943462799\",\"https:\\\/\\\/x.com\\\/bellunopress\",\"https:\\\/\\\/www.linkedin.com\\\/hp\\\/?dnr=JBzUWaJfMUw8vbXJJ2tVW5-I3jZKvC4wsoxE&amp;amp;amp;amp;amp;amp;trk=nav_responsive_tab_home\",\"https:\\\/\\\/www.youtube.com\\\/channel\\\/UCxL0wu1uN0_3_7hGG0306cw\"]},{\"@type\":\"Person\",\"@id\":\"https:\\\/\\\/www.bellunopress.it\\\/#\\\/schema\\\/person\\\/79bb06722b37ece1c03d3e94beb30d73\",\"name\":\"redazione\",\"image\":{\"@type\":\"ImageObject\",\"inLanguage\":\"fr-FR\",\"@id\":\"https:\\\/\\\/secure.gravatar.com\\\/avatar\\\/37d968a2e67a6fd04c169c4bdef102d0bc5d31b2546345219e348575eb80e9a0?s=96&d=mm&r=g\",\"url\":\"https:\\\/\\\/secure.gravatar.com\\\/avatar\\\/37d968a2e67a6fd04c169c4bdef102d0bc5d31b2546345219e348575eb80e9a0?s=96&d=mm&r=g\",\"contentUrl\":\"https:\\\/\\\/secure.gravatar.com\\\/avatar\\\/37d968a2e67a6fd04c169c4bdef102d0bc5d31b2546345219e348575eb80e9a0?s=96&d=mm&r=g\",\"caption\":\"redazione\"},\"sameAs\":[\"http:\\\/\\\/www.bellunopress.it\",\"https:\\\/\\\/x.com\\\/bellunopress\"],\"url\":\"https:\\\/\\\/www.bellunopress.it\\\/fr\\\/author\\\/redazione\\\/\"}]}<\/script>\n<!-- \/ Yoast SEO plugin. -->","yoast_head_json":{"title":"Ater. Manutenzione straordinaria per 14 alloggi. Riaperto il bando per l'assegnazione di due alloggi alle Forze dell'ordine - Bellunopress - Dolomiti","robots":{"index":"index","follow":"follow","max-snippet":"max-snippet:-1","max-image-preview":"max-image-preview:large","max-video-preview":"max-video-preview:-1"},"canonical":"https:\/\/www.bellunopress.it\/fr\/2026\/08\/20\/ater-manutenzione-straordinaria-per-14-alloggi-riaperto-il-bando-per-lassegnazione-di-due-alloggi-alle-forze-dellordine\/","og_locale":"fr_FR","og_type":"article","og_title":"Ater. Manutenzione straordinaria per 14 alloggi. Riaperto il bando per l'assegnazione di due alloggi alle Forze dell'ordine - Bellunopress - Dolomiti","og_description":"Il nuovo Consiglio di Amministrazione dell&#8217;Ater di Belluno, in continuit\u00e0 con il precedente Cda, ha approvato il progetto esecutivo, con relativo quadro tecnico &#8211; economico e l&#8217;autorizzazione alla presentazione della domanda per la richiesta di un contributo di sostegno al Fondo Europeo di Sviluppo Regionale (PR FESR), sull&#8217;inclusione abitativa. Il progetto prevede la manutenzione straordinaria [&hellip;]","og_url":"https:\/\/www.bellunopress.it\/fr\/2026\/08\/20\/ater-manutenzione-straordinaria-per-14-alloggi-riaperto-il-bando-per-lassegnazione-di-due-alloggi-alle-forze-dellordine\/","og_site_name":"Bellunopress - Dolomiti","article_publisher":"https:\/\/www.facebook.com\/profile.php?id=100008943462799","article_published_time":"2026-08-20T13:22:19+00:00","og_image":[{"width":800,"height":552,"url":"https:\/\/www.bellunopress.it\/wp-content\/uploads\/2020\/10\/Ater_edited.jpg","type":"image\/jpeg"}],"author":"redazione","twitter_card":"summary_large_image","twitter_creator":"@bellunopress","twitter_site":"@bellunopress","twitter_misc":{"\u00c9crit par":"redazione","Dur\u00e9e de lecture estim\u00e9e":"2 minutes"},"schema":{"@context":"https:\/\/schema.org","@graph":[{"@type":"Article","@id":"https:\/\/www.bellunopress.it\/2026\/08\/20\/ater-manutenzione-straordinaria-per-14-alloggi-riaperto-il-bando-per-lassegnazione-di-due-alloggi-alle-forze-dellordine\/#article","isPartOf":{"@id":"https:\/\/www.bellunopress.it\/2026\/08\/20\/ater-manutenzione-straordinaria-per-14-alloggi-riaperto-il-bando-per-lassegnazione-di-due-alloggi-alle-forze-dellordine\/"},"author":{"name":"redazione","@id":"https:\/\/www.bellunopress.it\/#\/schema\/person\/79bb06722b37ece1c03d3e94beb30d73"},"headline":"Ater. Manutenzione straordinaria per 14 alloggi. Riaperto il bando per l&#8217;assegnazione di due alloggi alle Forze dell&#8217;ordine","datePublished":"2026-08-20T13:22:19+00:00","mainEntityOfPage":{"@id":"https:\/\/www.bellunopress.it\/2026\/08\/20\/ater-manutenzione-straordinaria-per-14-alloggi-riaperto-il-bando-per-lassegnazione-di-due-alloggi-alle-forze-dellordine\/"},"wordCount":305,"publisher":{"@id":"https:\/\/www.bellunopress.it\/#organization"},"image":{"@id":"https:\/\/www.bellunopress.it\/2026\/08\/20\/ater-manutenzione-straordinaria-per-14-alloggi-riaperto-il-bando-per-lassegnazione-di-due-alloggi-alle-forze-dellordine\/#primaryimage"},"thumbnailUrl":"https:\/\/www.bellunopress.it\/wp-content\/uploads\/2020\/10\/Ater_edited.jpg","articleSection":["Societ\u00e0, Associazioni, Istituzioni"],"inLanguage":"fr-FR"},{"@type":"WebPage","@id":"https:\/\/www.bellunopress.it\/2026\/08\/20\/ater-manutenzione-straordinaria-per-14-alloggi-riaperto-il-bando-per-lassegnazione-di-due-alloggi-alle-forze-dellordine\/","url":"https:\/\/www.bellunopress.it\/2026\/08\/20\/ater-manutenzione-straordinaria-per-14-alloggi-riaperto-il-bando-per-lassegnazione-di-due-alloggi-alle-forze-dellordine\/","name":"Ater. Manutenzione straordinaria per 14 alloggi. Riaperto il bando per l'assegnazione di due alloggi alle Forze dell'ordine - Bellunopress - Dolomiti","isPartOf":{"@id":"https:\/\/www.bellunopress.it\/#website"},"primaryImageOfPage":{"@id":"https:\/\/www.bellunopress.it\/2026\/08\/20\/ater-manutenzione-straordinaria-per-14-alloggi-riaperto-il-bando-per-lassegnazione-di-due-alloggi-alle-forze-dellordine\/#primaryimage"},"image":{"@id":"https:\/\/www.bellunopress.it\/2026\/08\/20\/ater-manutenzione-straordinaria-per-14-alloggi-riaperto-il-bando-per-lassegnazione-di-due-alloggi-alle-forze-dellordine\/#primaryimage"},"thumbnailUrl":"https:\/\/www.bellunopress.it\/wp-content\/uploads\/2020\/10\/Ater_edited.jpg","datePublished":"2026-08-20T13:22:19+00:00","breadcrumb":{"@id":"https:\/\/www.bellunopress.it\/2026\/08\/20\/ater-manutenzione-straordinaria-per-14-alloggi-riaperto-il-bando-per-lassegnazione-di-due-alloggi-alle-forze-dellordine\/#breadcrumb"},"inLanguage":"fr-FR","potentialAction":[{"@type":"ReadAction","target":["https:\/\/www.bellunopress.it\/2026\/08\/20\/ater-manutenzione-straordinaria-per-14-alloggi-riaperto-il-bando-per-lassegnazione-di-due-alloggi-alle-forze-dellordine\/"]}]},{"@type":"ImageObject","inLanguage":"fr-FR","@id":"https:\/\/www.bellunopress.it\/2026\/08\/20\/ater-manutenzione-straordinaria-per-14-alloggi-riaperto-il-bando-per-lassegnazione-di-due-alloggi-alle-forze-dellordine\/#primaryimage","url":"https:\/\/www.bellunopress.it\/wp-content\/uploads\/2020\/10\/Ater_edited.jpg","contentUrl":"https:\/\/www.bellunopress.it\/wp-content\/uploads\/2020\/10\/Ater_edited.jpg","width":800,"height":552},{"@type":"BreadcrumbList","@id":"https:\/\/www.bellunopress.it\/2026\/08\/20\/ater-manutenzione-straordinaria-per-14-alloggi-riaperto-il-bando-per-lassegnazione-di-due-alloggi-alle-forze-dellordine\/#breadcrumb","itemListElement":[{"@type":"ListItem","position":1,"name":"Home","item":"https:\/\/www.bellunopress.it\/"},{"@type":"ListItem","position":2,"name":"Ater. Manutenzione straordinaria per 14 alloggi. Riaperto il bando per l&#8217;assegnazione di due alloggi alle Forze dell&#8217;ordine"}]},{"@type":"WebSite","@id":"https:\/\/www.bellunopress.it\/#website","url":"https:\/\/www.bellunopress.it\/","name":"Bellunopress - Dolomiti","description":"e-mail: redazione@bellunopress.it","publisher":{"@id":"https:\/\/www.bellunopress.it\/#organization"},"potentialAction":[{"@type":"SearchAction","target":{"@type":"EntryPoint","urlTemplate":"https:\/\/www.bellunopress.it\/?s={search_term_string}"},"query-input":{"@type":"PropertyValueSpecification","valueRequired":true,"valueName":"search_term_string"}}],"inLanguage":"fr-FR"},{"@type":"Organization","@id":"https:\/\/www.bellunopress.it\/#organization","name":"Bellunopress","url":"https:\/\/www.bellunopress.it\/","logo":{"@type":"ImageObject","inLanguage":"fr-FR","@id":"https:\/\/www.bellunopress.it\/#\/schema\/logo\/image\/","url":"https:\/\/www.bellunopress.it\/wp-content\/uploads\/2011\/05\/cropped-logo-bellunopress-.jpg","contentUrl":"https:\/\/www.bellunopress.it\/wp-content\/uploads\/2011\/05\/cropped-logo-bellunopress-.jpg","width":512,"height":512,"caption":"Bellunopress"},"image":{"@id":"https:\/\/www.bellunopress.it\/#\/schema\/logo\/image\/"},"sameAs":["https:\/\/www.facebook.com\/profile.php?id=100008943462799","https:\/\/x.com\/bellunopress","https:\/\/www.linkedin.com\/hp\/?dnr=JBzUWaJfMUw8vbXJJ2tVW5-I3jZKvC4wsoxE&amp;amp;amp;amp;amp;amp;trk=nav_responsive_tab_home","https:\/\/www.youtube.com\/channel\/UCxL0wu1uN0_3_7hGG0306cw"]},{"@type":"Person","@id":"https:\/\/www.bellunopress.it\/#\/schema\/person\/79bb06722b37ece1c03d3e94beb30d73","name":"r\u00e9daction","image":{"@type":"ImageObject","inLanguage":"fr-FR","@id":"https:\/\/secure.gravatar.com\/avatar\/37d968a2e67a6fd04c169c4bdef102d0bc5d31b2546345219e348575eb80e9a0?s=96&d=mm&r=g","url":"https:\/\/secure.gravatar.com\/avatar\/37d968a2e67a6fd04c169c4bdef102d0bc5d31b2546345219e348575eb80e9a0?s=96&d=mm&r=g","contentUrl":"https:\/\/secure.gravatar.com\/avatar\/37d968a2e67a6fd04c169c4bdef102d0bc5d31b2546345219e348575eb80e9a0?s=96&d=mm&r=g","caption":"redazione"},"sameAs":["http:\/\/www.bellunopress.it","https:\/\/x.com\/bellunopress"],"url":"https:\/\/www.bellunopress.it\/fr\/author\/redazione\/"}]}},"_links":{"self":[{"href":"https:\/\/www.bellunopress.it\/fr\/wp-json\/wp\/v2\/posts\/172778","targetHints":{"allow":["GET"]}}],"collection":[{"href":"https:\/\/www.bellunopress.it\/fr\/wp-json\/wp\/v2\/posts"}],"about":[{"href":"https:\/\/www.bellunopress.it\/fr\/wp-json\/wp\/v2\/types\/post"}],"author":[{"embeddable":true,"href":"https:\/\/www.bellunopress.it\/fr\/wp-json\/wp\/v2\/users\/2"}],"replies":[{"embeddable":true,"href":"https:\/\/www.bellunopress.it\/fr\/wp-json\/wp\/v2\/comments?post=172778"}],"version-history":[{"count":1,"href":"https:\/\/www.bellunopress.it\/fr\/wp-json\/wp\/v2\/posts\/172778\/revisions"}],"predecessor-version":[{"id":172779,"href":"https:\/\/www.bellunopress.it\/fr\/wp-json\/wp\/v2\/posts\/172778\/revisions\/172779"}],"wp:featuredmedia":[{"embeddable":true,"href":"https:\/\/www.bellunopress.it\/fr\/wp-json\/wp\/v2\/media\/118889"}],"wp:attachment":[{"href":"https:\/\/www.bellunopress.it\/fr\/wp-json\/wp\/v2\/media?parent=172778"}],"wp:term":[{"taxonomy":"category","embeddable":true,"href":"https:\/\/www.bellunopress.it\/fr\/wp-json\/wp\/v2\/categories?post=172778"},{"taxonomy":"post_tag","embeddable":true,"href":"https:\/\/www.bellunopress.it\/fr\/wp-json\/wp\/v2\/tags?post=172778"}],"curies":[{"name":"wp","href":"https:\/\/api.w.org\/{rel}","templated":true}]}}