{"id":172776,"date":"2026-08-20T14:14:33","date_gmt":"2026-08-20T12:14:33","guid":{"rendered":"https:\/\/www.bellunopress.it\/?p=172776"},"modified":"2026-08-20T14:14:33","modified_gmt":"2026-08-20T12:14:33","slug":"democrazia-senza-elettori-a-borca-di-cadore-un-confronto-sul-futuro-della-partecipazione-politica","status":"publish","type":"post","link":"https:\/\/www.bellunopress.it\/fr\/2026\/08\/20\/democrazia-senza-elettori-a-borca-di-cadore-un-confronto-sul-futuro-della-partecipazione-politica\/","title":{"rendered":"\u201cDemocrazia senza elettori\u201d: a Borca di Cadore un confronto sul futuro della partecipazione politica"},"content":{"rendered":"<p>Venerd\u00ec 21 agosto, alle ore 18:30, la Sala Consiliare \u201cLa Sc\u00f2la\u201d di Borca di Cadore diventer\u00e0 teatro di un momento di riflessione sulla salute delle nostre democrazie. L\u2019evento sar\u00e0 dedicato alla presentazione del libro \u201cDemocrazia senza elettori. Astensionismo, populismo e partecipazione nell\u2019era digitale\u201d, scritto dal giovane autore Luca Frescura.<\/p>\n<p>Luca Frescura, 24 anni, amministratore pubblico e Presidente nazionale di Giovani&amp;Futuro, offre nel suo volume un\u2019analisi lucida e profonda sulle trasformazioni che stanno scuotendo la politica contemporanea. Dalla crisi dei partiti all&#8217;aumento dell&#8217;astensionismo, fino all&#8217;impatto dirompente delle nuove tecnologie e dell&#8217;intelligenza artificiale: il libro si interroga su come colmare la crescente distanza tra cittadini e istituzioni.<\/p>\n<p>A moderare l\u2019incontro sar\u00e0 il sindaco di Borca di Cadore, Luca Olivotto, anch\u2019egli impegnato in Giovani&amp;Futuro come presidente provinciale. Proprio il sindaco Olivotto ha fortemente voluto questo appuntamento, sottolineando la necessit\u00e0 di aprire spazi di confronto reali sul territorio: \u00abL\u2019astensionismo non pu\u00f2 essere liquidato come semplice disinteresse. Quando tante persone, e in particolare i giovani, si allontanano, le istituzioni hanno il dovere di interrogarsi sulle ragioni di questa distanza\u00bb.<\/p>\n<p>L\u2019incontro, patrocinato dal Comune di Borca di Cadore, \u00e8 aperto a tutta la cittadinanza. Un\u2019occasione per discutere di futuro, partecipazione e innovazione democratica.<\/p>","protected":false},"excerpt":{"rendered":"<p>Venerd\u00ec 21 agosto, alle ore 18:30, la Sala Consiliare \u201cLa Sc\u00f2la\u201d di Borca di Cadore diventer\u00e0 teatro di un momento di riflessione sulla salute delle nostre democrazie. L\u2019evento sar\u00e0 dedicato alla presentazione del libro \u201cDemocrazia senza elettori. Astensionismo, populismo e partecipazione nell\u2019era digitale\u201d, scritto dal giovane autore Luca Frescura. Luca Frescura, 24 anni, amministratore pubblico [&hellip;]<\/p>\n","protected":false},"author":2,"featured_media":170493,"comment_status":"closed","ping_status":"open","sticky":false,"template":"","format":"standard","meta":{"footnotes":""},"categories":[27,25],"tags":[],"class_list":["post-172776","post","type-post","status-publish","format-standard","has-post-thumbnail","category-appuntamenti","category-pausa-caffe"],"yoast_head":"<!-- This site is optimized with the Yoast SEO plugin v28.4 - https:\/\/yoast.com\/product\/yoast-seo-wordpress\/ -->\n<title>\u201cDemocrazia senza elettori\u201d: a Borca di Cadore un confronto sul futuro della partecipazione politica - Bellunopress - Dolomiti<\/title>\n<meta name=\"robots\" content=\"index, follow, max-snippet:-1, max-image-preview:large, max-video-preview:-1\" \/>\n<link rel=\"canonical\" href=\"https:\/\/www.bellunopress.it\/fr\/2026\/08\/20\/democrazia-senza-elettori-a-borca-di-cadore-un-confronto-sul-futuro-della-partecipazione-politica\/\" \/>\n<meta property=\"og:locale\" content=\"fr_FR\" \/>\n<meta property=\"og:type\" content=\"article\" \/>\n<meta property=\"og:title\" content=\"\u201cDemocrazia senza elettori\u201d: a Borca di Cadore un confronto sul futuro della partecipazione politica - Bellunopress - Dolomiti\" \/>\n<meta property=\"og:description\" content=\"Venerd\u00ec 21 agosto, alle ore 18:30, la Sala Consiliare \u201cLa Sc\u00f2la\u201d di Borca di Cadore diventer\u00e0 teatro di un momento di riflessione sulla salute delle nostre democrazie. L\u2019evento sar\u00e0 dedicato alla presentazione del libro \u201cDemocrazia senza elettori. Astensionismo, populismo e partecipazione nell\u2019era digitale\u201d, scritto dal giovane autore Luca Frescura. Luca Frescura, 24 anni, amministratore pubblico [&hellip;]\" \/>\n<meta property=\"og:url\" content=\"https:\/\/www.bellunopress.it\/fr\/2026\/08\/20\/democrazia-senza-elettori-a-borca-di-cadore-un-confronto-sul-futuro-della-partecipazione-politica\/\" \/>\n<meta property=\"og:site_name\" content=\"Bellunopress - Dolomiti\" \/>\n<meta property=\"article:publisher\" content=\"https:\/\/www.facebook.com\/profile.php?id=100008943462799\" \/>\n<meta property=\"article:published_time\" content=\"2026-08-20T12:14:33+00:00\" \/>\n<meta property=\"og:image\" content=\"https:\/\/www.bellunopress.it\/wp-content\/uploads\/2026\/05\/Luca-Frescura-GiovaniFuturo.jpg\" \/>\n\t<meta property=\"og:image:width\" content=\"500\" \/>\n\t<meta property=\"og:image:height\" content=\"445\" \/>\n\t<meta property=\"og:image:type\" content=\"image\/jpeg\" \/>\n<meta name=\"author\" content=\"redazione\" \/>\n<meta name=\"twitter:card\" content=\"summary_large_image\" \/>\n<meta name=\"twitter:creator\" content=\"@bellunopress\" \/>\n<meta name=\"twitter:site\" content=\"@bellunopress\" \/>\n<meta name=\"twitter:label1\" content=\"\u00c9crit par\" \/>\n\t<meta name=\"twitter:data1\" content=\"redazione\" \/>\n\t<meta name=\"twitter:label2\" content=\"Dur\u00e9e de lecture estim\u00e9e\" \/>\n\t<meta name=\"twitter:data2\" content=\"2 minutes\" \/>\n<script type=\"application\/ld+json\" class=\"yoast-schema-graph\">{\"@context\":\"https:\\\/\\\/schema.org\",\"@graph\":[{\"@type\":\"Article\",\"@id\":\"https:\\\/\\\/www.bellunopress.it\\\/2026\\\/08\\\/20\\\/democrazia-senza-elettori-a-borca-di-cadore-un-confronto-sul-futuro-della-partecipazione-politica\\\/#article\",\"isPartOf\":{\"@id\":\"https:\\\/\\\/www.bellunopress.it\\\/2026\\\/08\\\/20\\\/democrazia-senza-elettori-a-borca-di-cadore-un-confronto-sul-futuro-della-partecipazione-politica\\\/\"},\"author\":{\"name\":\"redazione\",\"@id\":\"https:\\\/\\\/www.bellunopress.it\\\/#\\\/schema\\\/person\\\/79bb06722b37ece1c03d3e94beb30d73\"},\"headline\":\"\u201cDemocrazia senza elettori\u201d: a Borca di Cadore un confronto sul futuro della partecipazione politica\",\"datePublished\":\"2026-08-20T12:14:33+00:00\",\"mainEntityOfPage\":{\"@id\":\"https:\\\/\\\/www.bellunopress.it\\\/2026\\\/08\\\/20\\\/democrazia-senza-elettori-a-borca-di-cadore-un-confronto-sul-futuro-della-partecipazione-politica\\\/\"},\"wordCount\":224,\"publisher\":{\"@id\":\"https:\\\/\\\/www.bellunopress.it\\\/#organization\"},\"image\":{\"@id\":\"https:\\\/\\\/www.bellunopress.it\\\/2026\\\/08\\\/20\\\/democrazia-senza-elettori-a-borca-di-cadore-un-confronto-sul-futuro-della-partecipazione-politica\\\/#primaryimage\"},\"thumbnailUrl\":\"https:\\\/\\\/www.bellunopress.it\\\/wp-content\\\/uploads\\\/2026\\\/05\\\/Luca-Frescura-GiovaniFuturo.jpg\",\"articleSection\":[\"Appuntamenti, Eventi\",\"Pausa Caff\u00e8\"],\"inLanguage\":\"fr-FR\"},{\"@type\":\"WebPage\",\"@id\":\"https:\\\/\\\/www.bellunopress.it\\\/2026\\\/08\\\/20\\\/democrazia-senza-elettori-a-borca-di-cadore-un-confronto-sul-futuro-della-partecipazione-politica\\\/\",\"url\":\"https:\\\/\\\/www.bellunopress.it\\\/2026\\\/08\\\/20\\\/democrazia-senza-elettori-a-borca-di-cadore-un-confronto-sul-futuro-della-partecipazione-politica\\\/\",\"name\":\"\u201cDemocrazia senza elettori\u201d: a Borca di Cadore un confronto sul futuro della partecipazione politica - Bellunopress - Dolomiti\",\"isPartOf\":{\"@id\":\"https:\\\/\\\/www.bellunopress.it\\\/#website\"},\"primaryImageOfPage\":{\"@id\":\"https:\\\/\\\/www.bellunopress.it\\\/2026\\\/08\\\/20\\\/democrazia-senza-elettori-a-borca-di-cadore-un-confronto-sul-futuro-della-partecipazione-politica\\\/#primaryimage\"},\"image\":{\"@id\":\"https:\\\/\\\/www.bellunopress.it\\\/2026\\\/08\\\/20\\\/democrazia-senza-elettori-a-borca-di-cadore-un-confronto-sul-futuro-della-partecipazione-politica\\\/#primaryimage\"},\"thumbnailUrl\":\"https:\\\/\\\/www.bellunopress.it\\\/wp-content\\\/uploads\\\/2026\\\/05\\\/Luca-Frescura-GiovaniFuturo.jpg\",\"datePublished\":\"2026-08-20T12:14:33+00:00\",\"breadcrumb\":{\"@id\":\"https:\\\/\\\/www.bellunopress.it\\\/2026\\\/08\\\/20\\\/democrazia-senza-elettori-a-borca-di-cadore-un-confronto-sul-futuro-della-partecipazione-politica\\\/#breadcrumb\"},\"inLanguage\":\"fr-FR\",\"potentialAction\":[{\"@type\":\"ReadAction\",\"target\":[\"https:\\\/\\\/www.bellunopress.it\\\/2026\\\/08\\\/20\\\/democrazia-senza-elettori-a-borca-di-cadore-un-confronto-sul-futuro-della-partecipazione-politica\\\/\"]}]},{\"@type\":\"ImageObject\",\"inLanguage\":\"fr-FR\",\"@id\":\"https:\\\/\\\/www.bellunopress.it\\\/2026\\\/08\\\/20\\\/democrazia-senza-elettori-a-borca-di-cadore-un-confronto-sul-futuro-della-partecipazione-politica\\\/#primaryimage\",\"url\":\"https:\\\/\\\/www.bellunopress.it\\\/wp-content\\\/uploads\\\/2026\\\/05\\\/Luca-Frescura-GiovaniFuturo.jpg\",\"contentUrl\":\"https:\\\/\\\/www.bellunopress.it\\\/wp-content\\\/uploads\\\/2026\\\/05\\\/Luca-Frescura-GiovaniFuturo.jpg\",\"width\":500,\"height\":445,\"caption\":\"Luca Frescura, presidente di Giovani&Futuro\"},{\"@type\":\"BreadcrumbList\",\"@id\":\"https:\\\/\\\/www.bellunopress.it\\\/2026\\\/08\\\/20\\\/democrazia-senza-elettori-a-borca-di-cadore-un-confronto-sul-futuro-della-partecipazione-politica\\\/#breadcrumb\",\"itemListElement\":[{\"@type\":\"ListItem\",\"position\":1,\"name\":\"Home\",\"item\":\"https:\\\/\\\/www.bellunopress.it\\\/\"},{\"@type\":\"ListItem\",\"position\":2,\"name\":\"\u201cDemocrazia senza elettori\u201d: a Borca di Cadore un confronto sul futuro della partecipazione politica\"}]},{\"@type\":\"WebSite\",\"@id\":\"https:\\\/\\\/www.bellunopress.it\\\/#website\",\"url\":\"https:\\\/\\\/www.bellunopress.it\\\/\",\"name\":\"Bellunopress - Dolomiti\",\"description\":\"e-mail: redazione@bellunopress.it\",\"publisher\":{\"@id\":\"https:\\\/\\\/www.bellunopress.it\\\/#organization\"},\"potentialAction\":[{\"@type\":\"SearchAction\",\"target\":{\"@type\":\"EntryPoint\",\"urlTemplate\":\"https:\\\/\\\/www.bellunopress.it\\\/?s={search_term_string}\"},\"query-input\":{\"@type\":\"PropertyValueSpecification\",\"valueRequired\":true,\"valueName\":\"search_term_string\"}}],\"inLanguage\":\"fr-FR\"},{\"@type\":\"Organization\",\"@id\":\"https:\\\/\\\/www.bellunopress.it\\\/#organization\",\"name\":\"Bellunopress\",\"url\":\"https:\\\/\\\/www.bellunopress.it\\\/\",\"logo\":{\"@type\":\"ImageObject\",\"inLanguage\":\"fr-FR\",\"@id\":\"https:\\\/\\\/www.bellunopress.it\\\/#\\\/schema\\\/logo\\\/image\\\/\",\"url\":\"https:\\\/\\\/www.bellunopress.it\\\/wp-content\\\/uploads\\\/2011\\\/05\\\/cropped-logo-bellunopress-.jpg\",\"contentUrl\":\"https:\\\/\\\/www.bellunopress.it\\\/wp-content\\\/uploads\\\/2011\\\/05\\\/cropped-logo-bellunopress-.jpg\",\"width\":512,\"height\":512,\"caption\":\"Bellunopress\"},\"image\":{\"@id\":\"https:\\\/\\\/www.bellunopress.it\\\/#\\\/schema\\\/logo\\\/image\\\/\"},\"sameAs\":[\"https:\\\/\\\/www.facebook.com\\\/profile.php?id=100008943462799\",\"https:\\\/\\\/x.com\\\/bellunopress\",\"https:\\\/\\\/www.linkedin.com\\\/hp\\\/?dnr=JBzUWaJfMUw8vbXJJ2tVW5-I3jZKvC4wsoxE&amp;amp;amp;amp;amp;amp;trk=nav_responsive_tab_home\",\"https:\\\/\\\/www.youtube.com\\\/channel\\\/UCxL0wu1uN0_3_7hGG0306cw\"]},{\"@type\":\"Person\",\"@id\":\"https:\\\/\\\/www.bellunopress.it\\\/#\\\/schema\\\/person\\\/79bb06722b37ece1c03d3e94beb30d73\",\"name\":\"redazione\",\"image\":{\"@type\":\"ImageObject\",\"inLanguage\":\"fr-FR\",\"@id\":\"https:\\\/\\\/secure.gravatar.com\\\/avatar\\\/37d968a2e67a6fd04c169c4bdef102d0bc5d31b2546345219e348575eb80e9a0?s=96&d=mm&r=g\",\"url\":\"https:\\\/\\\/secure.gravatar.com\\\/avatar\\\/37d968a2e67a6fd04c169c4bdef102d0bc5d31b2546345219e348575eb80e9a0?s=96&d=mm&r=g\",\"contentUrl\":\"https:\\\/\\\/secure.gravatar.com\\\/avatar\\\/37d968a2e67a6fd04c169c4bdef102d0bc5d31b2546345219e348575eb80e9a0?s=96&d=mm&r=g\",\"caption\":\"redazione\"},\"sameAs\":[\"http:\\\/\\\/www.bellunopress.it\",\"https:\\\/\\\/x.com\\\/bellunopress\"],\"url\":\"https:\\\/\\\/www.bellunopress.it\\\/fr\\\/author\\\/redazione\\\/\"}]}<\/script>\n<!-- \/ Yoast SEO plugin. -->","yoast_head_json":{"title":"\u201cDemocrazia senza elettori\u201d: a Borca di Cadore un confronto sul futuro della partecipazione politica - Bellunopress - Dolomiti","robots":{"index":"index","follow":"follow","max-snippet":"max-snippet:-1","max-image-preview":"max-image-preview:large","max-video-preview":"max-video-preview:-1"},"canonical":"https:\/\/www.bellunopress.it\/fr\/2026\/08\/20\/democrazia-senza-elettori-a-borca-di-cadore-un-confronto-sul-futuro-della-partecipazione-politica\/","og_locale":"fr_FR","og_type":"article","og_title":"\u201cDemocrazia senza elettori\u201d: a Borca di Cadore un confronto sul futuro della partecipazione politica - Bellunopress - Dolomiti","og_description":"Venerd\u00ec 21 agosto, alle ore 18:30, la Sala Consiliare \u201cLa Sc\u00f2la\u201d di Borca di Cadore diventer\u00e0 teatro di un momento di riflessione sulla salute delle nostre democrazie. L\u2019evento sar\u00e0 dedicato alla presentazione del libro \u201cDemocrazia senza elettori. Astensionismo, populismo e partecipazione nell\u2019era digitale\u201d, scritto dal giovane autore Luca Frescura. Luca Frescura, 24 anni, amministratore pubblico [&hellip;]","og_url":"https:\/\/www.bellunopress.it\/fr\/2026\/08\/20\/democrazia-senza-elettori-a-borca-di-cadore-un-confronto-sul-futuro-della-partecipazione-politica\/","og_site_name":"Bellunopress - Dolomiti","article_publisher":"https:\/\/www.facebook.com\/profile.php?id=100008943462799","article_published_time":"2026-08-20T12:14:33+00:00","og_image":[{"width":500,"height":445,"url":"https:\/\/www.bellunopress.it\/wp-content\/uploads\/2026\/05\/Luca-Frescura-GiovaniFuturo.jpg","type":"image\/jpeg"}],"author":"redazione","twitter_card":"summary_large_image","twitter_creator":"@bellunopress","twitter_site":"@bellunopress","twitter_misc":{"\u00c9crit par":"redazione","Dur\u00e9e de lecture estim\u00e9e":"2 minutes"},"schema":{"@context":"https:\/\/schema.org","@graph":[{"@type":"Article","@id":"https:\/\/www.bellunopress.it\/2026\/08\/20\/democrazia-senza-elettori-a-borca-di-cadore-un-confronto-sul-futuro-della-partecipazione-politica\/#article","isPartOf":{"@id":"https:\/\/www.bellunopress.it\/2026\/08\/20\/democrazia-senza-elettori-a-borca-di-cadore-un-confronto-sul-futuro-della-partecipazione-politica\/"},"author":{"name":"redazione","@id":"https:\/\/www.bellunopress.it\/#\/schema\/person\/79bb06722b37ece1c03d3e94beb30d73"},"headline":"\u201cDemocrazia senza elettori\u201d: a Borca di Cadore un confronto sul futuro della partecipazione politica","datePublished":"2026-08-20T12:14:33+00:00","mainEntityOfPage":{"@id":"https:\/\/www.bellunopress.it\/2026\/08\/20\/democrazia-senza-elettori-a-borca-di-cadore-un-confronto-sul-futuro-della-partecipazione-politica\/"},"wordCount":224,"publisher":{"@id":"https:\/\/www.bellunopress.it\/#organization"},"image":{"@id":"https:\/\/www.bellunopress.it\/2026\/08\/20\/democrazia-senza-elettori-a-borca-di-cadore-un-confronto-sul-futuro-della-partecipazione-politica\/#primaryimage"},"thumbnailUrl":"https:\/\/www.bellunopress.it\/wp-content\/uploads\/2026\/05\/Luca-Frescura-GiovaniFuturo.jpg","articleSection":["Appuntamenti, Eventi","Pausa Caff\u00e8"],"inLanguage":"fr-FR"},{"@type":"WebPage","@id":"https:\/\/www.bellunopress.it\/2026\/08\/20\/democrazia-senza-elettori-a-borca-di-cadore-un-confronto-sul-futuro-della-partecipazione-politica\/","url":"https:\/\/www.bellunopress.it\/2026\/08\/20\/democrazia-senza-elettori-a-borca-di-cadore-un-confronto-sul-futuro-della-partecipazione-politica\/","name":"\u201cDemocrazia senza elettori\u201d: a Borca di Cadore un confronto sul futuro della partecipazione politica - Bellunopress - Dolomiti","isPartOf":{"@id":"https:\/\/www.bellunopress.it\/#website"},"primaryImageOfPage":{"@id":"https:\/\/www.bellunopress.it\/2026\/08\/20\/democrazia-senza-elettori-a-borca-di-cadore-un-confronto-sul-futuro-della-partecipazione-politica\/#primaryimage"},"image":{"@id":"https:\/\/www.bellunopress.it\/2026\/08\/20\/democrazia-senza-elettori-a-borca-di-cadore-un-confronto-sul-futuro-della-partecipazione-politica\/#primaryimage"},"thumbnailUrl":"https:\/\/www.bellunopress.it\/wp-content\/uploads\/2026\/05\/Luca-Frescura-GiovaniFuturo.jpg","datePublished":"2026-08-20T12:14:33+00:00","breadcrumb":{"@id":"https:\/\/www.bellunopress.it\/2026\/08\/20\/democrazia-senza-elettori-a-borca-di-cadore-un-confronto-sul-futuro-della-partecipazione-politica\/#breadcrumb"},"inLanguage":"fr-FR","potentialAction":[{"@type":"ReadAction","target":["https:\/\/www.bellunopress.it\/2026\/08\/20\/democrazia-senza-elettori-a-borca-di-cadore-un-confronto-sul-futuro-della-partecipazione-politica\/"]}]},{"@type":"ImageObject","inLanguage":"fr-FR","@id":"https:\/\/www.bellunopress.it\/2026\/08\/20\/democrazia-senza-elettori-a-borca-di-cadore-un-confronto-sul-futuro-della-partecipazione-politica\/#primaryimage","url":"https:\/\/www.bellunopress.it\/wp-content\/uploads\/2026\/05\/Luca-Frescura-GiovaniFuturo.jpg","contentUrl":"https:\/\/www.bellunopress.it\/wp-content\/uploads\/2026\/05\/Luca-Frescura-GiovaniFuturo.jpg","width":500,"height":445,"caption":"Luca Frescura, presidente di Giovani&Futuro"},{"@type":"BreadcrumbList","@id":"https:\/\/www.bellunopress.it\/2026\/08\/20\/democrazia-senza-elettori-a-borca-di-cadore-un-confronto-sul-futuro-della-partecipazione-politica\/#breadcrumb","itemListElement":[{"@type":"ListItem","position":1,"name":"Home","item":"https:\/\/www.bellunopress.it\/"},{"@type":"ListItem","position":2,"name":"\u201cDemocrazia senza elettori\u201d: a Borca di Cadore un confronto sul futuro della partecipazione politica"}]},{"@type":"WebSite","@id":"https:\/\/www.bellunopress.it\/#website","url":"https:\/\/www.bellunopress.it\/","name":"Bellunopress - Dolomiti","description":"e-mail: redazione@bellunopress.it","publisher":{"@id":"https:\/\/www.bellunopress.it\/#organization"},"potentialAction":[{"@type":"SearchAction","target":{"@type":"EntryPoint","urlTemplate":"https:\/\/www.bellunopress.it\/?s={search_term_string}"},"query-input":{"@type":"PropertyValueSpecification","valueRequired":true,"valueName":"search_term_string"}}],"inLanguage":"fr-FR"},{"@type":"Organization","@id":"https:\/\/www.bellunopress.it\/#organization","name":"Bellunopress","url":"https:\/\/www.bellunopress.it\/","logo":{"@type":"ImageObject","inLanguage":"fr-FR","@id":"https:\/\/www.bellunopress.it\/#\/schema\/logo\/image\/","url":"https:\/\/www.bellunopress.it\/wp-content\/uploads\/2011\/05\/cropped-logo-bellunopress-.jpg","contentUrl":"https:\/\/www.bellunopress.it\/wp-content\/uploads\/2011\/05\/cropped-logo-bellunopress-.jpg","width":512,"height":512,"caption":"Bellunopress"},"image":{"@id":"https:\/\/www.bellunopress.it\/#\/schema\/logo\/image\/"},"sameAs":["https:\/\/www.facebook.com\/profile.php?id=100008943462799","https:\/\/x.com\/bellunopress","https:\/\/www.linkedin.com\/hp\/?dnr=JBzUWaJfMUw8vbXJJ2tVW5-I3jZKvC4wsoxE&amp;amp;amp;amp;amp;amp;trk=nav_responsive_tab_home","https:\/\/www.youtube.com\/channel\/UCxL0wu1uN0_3_7hGG0306cw"]},{"@type":"Person","@id":"https:\/\/www.bellunopress.it\/#\/schema\/person\/79bb06722b37ece1c03d3e94beb30d73","name":"r\u00e9daction","image":{"@type":"ImageObject","inLanguage":"fr-FR","@id":"https:\/\/secure.gravatar.com\/avatar\/37d968a2e67a6fd04c169c4bdef102d0bc5d31b2546345219e348575eb80e9a0?s=96&d=mm&r=g","url":"https:\/\/secure.gravatar.com\/avatar\/37d968a2e67a6fd04c169c4bdef102d0bc5d31b2546345219e348575eb80e9a0?s=96&d=mm&r=g","contentUrl":"https:\/\/secure.gravatar.com\/avatar\/37d968a2e67a6fd04c169c4bdef102d0bc5d31b2546345219e348575eb80e9a0?s=96&d=mm&r=g","caption":"redazione"},"sameAs":["http:\/\/www.bellunopress.it","https:\/\/x.com\/bellunopress"],"url":"https:\/\/www.bellunopress.it\/fr\/author\/redazione\/"}]}},"_links":{"self":[{"href":"https:\/\/www.bellunopress.it\/fr\/wp-json\/wp\/v2\/posts\/172776","targetHints":{"allow":["GET"]}}],"collection":[{"href":"https:\/\/www.bellunopress.it\/fr\/wp-json\/wp\/v2\/posts"}],"about":[{"href":"https:\/\/www.bellunopress.it\/fr\/wp-json\/wp\/v2\/types\/post"}],"author":[{"embeddable":true,"href":"https:\/\/www.bellunopress.it\/fr\/wp-json\/wp\/v2\/users\/2"}],"replies":[{"embeddable":true,"href":"https:\/\/www.bellunopress.it\/fr\/wp-json\/wp\/v2\/comments?post=172776"}],"version-history":[{"count":1,"href":"https:\/\/www.bellunopress.it\/fr\/wp-json\/wp\/v2\/posts\/172776\/revisions"}],"predecessor-version":[{"id":172777,"href":"https:\/\/www.bellunopress.it\/fr\/wp-json\/wp\/v2\/posts\/172776\/revisions\/172777"}],"wp:featuredmedia":[{"embeddable":true,"href":"https:\/\/www.bellunopress.it\/fr\/wp-json\/wp\/v2\/media\/170493"}],"wp:attachment":[{"href":"https:\/\/www.bellunopress.it\/fr\/wp-json\/wp\/v2\/media?parent=172776"}],"wp:term":[{"taxonomy":"category","embeddable":true,"href":"https:\/\/www.bellunopress.it\/fr\/wp-json\/wp\/v2\/categories?post=172776"},{"taxonomy":"post_tag","embeddable":true,"href":"https:\/\/www.bellunopress.it\/fr\/wp-json\/wp\/v2\/tags?post=172776"}],"curies":[{"name":"wp","href":"https:\/\/api.w.org\/{rel}","templated":true}]}}