{"id":172768,"date":"2026-08-23T15:13:59","date_gmt":"2026-08-23T13:13:59","guid":{"rendered":"https:\/\/www.bellunopress.it\/?p=172768"},"modified":"2026-08-23T19:39:23","modified_gmt":"2026-08-23T17:39:23","slug":"mura-solidali-2026-venerdi-a-feltre-sport-inclusione-comunita-nel-quadrangolare-di-basket","status":"publish","type":"post","link":"https:\/\/www.bellunopress.it\/fr\/2026\/08\/23\/mura-solidali-2026-venerdi-a-feltre-sport-inclusione-comunita-nel-quadrangolare-di-basket\/","title":{"rendered":"Mura solidali 2026. Venerd\u00ec a Feltre sport, inclusione comunit\u00e0 nel quadrangolare di basket"},"content":{"rendered":"<p>Lo sport come strumento di inclusione, partecipazione e costruzione di comunit\u00e0. \u00c8 questo il significato di Mura Solidali 2026, il progetto promosso dall\u2019associazione Giro delle Mura Citt\u00e0 di Feltre in collaborazione con il Lions Club Feltre Host e la cooperativa sociale Portaperta, presentato oggi nel corso di una conferenza stampa.<\/p>\n<p>L&#8217;appuntamento \u00e8 fissato per venerd\u00ec 28 agosto, nel pomeriggio a partire dalle 17, quando saranno quattro le formazioni di atleti che si confronteranno nel pieno centro di Feltre in un quadrangolare di basket che vedr\u00e0 protagoniste persone con disabilit\u00e0. Una manifestazione che vuole andare oltre la semplice dimensione agonistica per trasformare il campo da gioco in uno spazio aperto alla citt\u00e0, capace di favorire incontro, relazione e partecipazione.<br \/>\nL\u2019iniziativa si inserisce nel percorso di Mura Solidali, progetto che l\u2019associazione Giro delle Mura Citt\u00e0 di Feltre porta avanti ormai da circa dieci anni e che nel tempo ha individuato nella manifestazione sportiva un importante veicolo per promuovere e<\/p>\n<p>diffondere i valori della solidariet\u00e0.<br \/>\n&#8220;Mura Solidali \u2013 \u00e8 stato sottolineato nel corso della presentazione \u2013 nasce dalla volont\u00e0 di utilizzare lo sport per creare occasioni concrete di incontro e condivisione. Non si tratta semplicemente di organizzare un evento per persone con disabilit\u00e0, ma di costruire un momento nel quale tutti possano sentirsi parte della stessa comunit\u00e0, attraverso lo sport e i suoi valori&#8221;.<br \/>\nUn\u2019impostazione ribadita dal presidente dell\u2019associazione Giro delle Mura Citt\u00e0 di Feltre, Diego Da Col, che ha evidenziato il significato pi\u00f9 ampio dell\u2019iniziativa.<\/p>\n<p>&#8220;Il valore di questo progetto \u2013 ha sottolineato Da Col \u2013 non riguarda soltanto i ragazzi e la realt\u00e0 di Portaperta. Il servizio che, attraverso Mura Solidali, vogliamo cercare di fare \u00e8 rivolto a tutta la cittadinanza. Crediamo infatti che iniziative come questa possano aiutare la comunit\u00e0 a conoscersi meglio, a superare barriere e pregiudizi e a comprendere quanto lo sport possa essere uno straordinario strumento di inclusione&#8221;.<br \/>\n&#8220;La collaborazione tra Giro delle Mura Citt\u00e0 di Feltre, Lions Club Feltre Host e cooperativa sociale Portaperta rappresenta in questo senso un esempio concreto di coprogettazione e di partecipazione, mettendo insieme competenze, sensibilit\u00e0 e disponibilit\u00e0 diverse per un obiettivo comune.<\/p>\n<p>Il quadrangolare di venerd\u00ec 28 agosto sar\u00e0 quindi soprattutto una festa dello sport e della comunit\u00e0: un&#8217;occasione per assistere alle gare, sostenere gli atleti e, soprattutto, condividere un&#8217;esperienza nella quale solidariet\u00e0, inclusione e copartecipazione diventano valori concreti e vissuti sul campo&#8221;, ha aggiunto Alberto Bellomo, presidente del Lions Club Feltre Host.<\/p>\n<p>&nbsp;<\/p>","protected":false},"excerpt":{"rendered":"<p>Lo sport come strumento di inclusione, partecipazione e costruzione di comunit\u00e0. \u00c8 questo il significato di Mura Solidali 2026, il progetto promosso dall\u2019associazione Giro delle Mura Citt\u00e0 di Feltre in collaborazione con il Lions Club Feltre Host e la cooperativa sociale Portaperta, presentato oggi nel corso di una conferenza stampa. L&#8217;appuntamento \u00e8 fissato per venerd\u00ec [&hellip;]<\/p>\n","protected":false},"author":2,"featured_media":172769,"comment_status":"closed","ping_status":"open","sticky":false,"template":"","format":"standard","meta":{"footnotes":""},"categories":[8,4],"tags":[],"class_list":["post-172768","post","type-post","status-publish","format-standard","has-post-thumbnail","category-societa-istituzioni","category-sport"],"yoast_head":"<!-- This site is optimized with the Yoast SEO plugin v28.4 - https:\/\/yoast.com\/product\/yoast-seo-wordpress\/ -->\n<title>Mura solidali 2026. Venerd\u00ec a Feltre sport, inclusione comunit\u00e0 nel quadrangolare di basket - Bellunopress - Dolomiti<\/title>\n<meta name=\"robots\" content=\"index, follow, max-snippet:-1, max-image-preview:large, max-video-preview:-1\" \/>\n<link rel=\"canonical\" href=\"https:\/\/www.bellunopress.it\/fr\/2026\/08\/23\/mura-solidali-2026-venerdi-a-feltre-sport-inclusione-comunita-nel-quadrangolare-di-basket\/\" \/>\n<meta property=\"og:locale\" content=\"fr_FR\" \/>\n<meta property=\"og:type\" content=\"article\" \/>\n<meta property=\"og:title\" content=\"Mura solidali 2026. Venerd\u00ec a Feltre sport, inclusione comunit\u00e0 nel quadrangolare di basket - Bellunopress - Dolomiti\" \/>\n<meta property=\"og:description\" content=\"Lo sport come strumento di inclusione, partecipazione e costruzione di comunit\u00e0. \u00c8 questo il significato di Mura Solidali 2026, il progetto promosso dall\u2019associazione Giro delle Mura Citt\u00e0 di Feltre in collaborazione con il Lions Club Feltre Host e la cooperativa sociale Portaperta, presentato oggi nel corso di una conferenza stampa. L&#8217;appuntamento \u00e8 fissato per venerd\u00ec [&hellip;]\" \/>\n<meta property=\"og:url\" content=\"https:\/\/www.bellunopress.it\/fr\/2026\/08\/23\/mura-solidali-2026-venerdi-a-feltre-sport-inclusione-comunita-nel-quadrangolare-di-basket\/\" \/>\n<meta property=\"og:site_name\" content=\"Bellunopress - Dolomiti\" \/>\n<meta property=\"article:publisher\" content=\"https:\/\/www.facebook.com\/profile.php?id=100008943462799\" \/>\n<meta property=\"article:published_time\" content=\"2026-08-23T13:13:59+00:00\" \/>\n<meta property=\"article:modified_time\" content=\"2026-08-23T17:39:23+00:00\" \/>\n<meta property=\"og:image\" content=\"https:\/\/www.bellunopress.it\/wp-content\/uploads\/2026\/08\/Mura-Solidali-2026-Feltre.jpg\" \/>\n\t<meta property=\"og:image:width\" content=\"600\" \/>\n\t<meta property=\"og:image:height\" content=\"287\" \/>\n\t<meta property=\"og:image:type\" content=\"image\/jpeg\" \/>\n<meta name=\"author\" content=\"redazione\" \/>\n<meta name=\"twitter:card\" content=\"summary_large_image\" \/>\n<meta name=\"twitter:creator\" content=\"@bellunopress\" \/>\n<meta name=\"twitter:site\" content=\"@bellunopress\" \/>\n<meta name=\"twitter:label1\" content=\"\u00c9crit par\" \/>\n\t<meta name=\"twitter:data1\" content=\"redazione\" \/>\n\t<meta name=\"twitter:label2\" content=\"Dur\u00e9e de lecture estim\u00e9e\" \/>\n\t<meta name=\"twitter:data2\" content=\"3 minutes\" \/>\n<script type=\"application\/ld+json\" class=\"yoast-schema-graph\">{\"@context\":\"https:\\\/\\\/schema.org\",\"@graph\":[{\"@type\":\"Article\",\"@id\":\"https:\\\/\\\/www.bellunopress.it\\\/2026\\\/08\\\/23\\\/mura-solidali-2026-venerdi-a-feltre-sport-inclusione-comunita-nel-quadrangolare-di-basket\\\/#article\",\"isPartOf\":{\"@id\":\"https:\\\/\\\/www.bellunopress.it\\\/2026\\\/08\\\/23\\\/mura-solidali-2026-venerdi-a-feltre-sport-inclusione-comunita-nel-quadrangolare-di-basket\\\/\"},\"author\":{\"name\":\"redazione\",\"@id\":\"https:\\\/\\\/www.bellunopress.it\\\/#\\\/schema\\\/person\\\/79bb06722b37ece1c03d3e94beb30d73\"},\"headline\":\"Mura solidali 2026. Venerd\u00ec a Feltre sport, inclusione comunit\u00e0 nel quadrangolare di basket\",\"datePublished\":\"2026-08-23T13:13:59+00:00\",\"dateModified\":\"2026-08-23T17:39:23+00:00\",\"mainEntityOfPage\":{\"@id\":\"https:\\\/\\\/www.bellunopress.it\\\/2026\\\/08\\\/23\\\/mura-solidali-2026-venerdi-a-feltre-sport-inclusione-comunita-nel-quadrangolare-di-basket\\\/\"},\"wordCount\":412,\"publisher\":{\"@id\":\"https:\\\/\\\/www.bellunopress.it\\\/#organization\"},\"image\":{\"@id\":\"https:\\\/\\\/www.bellunopress.it\\\/2026\\\/08\\\/23\\\/mura-solidali-2026-venerdi-a-feltre-sport-inclusione-comunita-nel-quadrangolare-di-basket\\\/#primaryimage\"},\"thumbnailUrl\":\"https:\\\/\\\/www.bellunopress.it\\\/wp-content\\\/uploads\\\/2026\\\/08\\\/Mura-Solidali-2026-Feltre.jpg\",\"articleSection\":[\"Societ\u00e0, Associazioni, Istituzioni\",\"Sport, tempo libero\"],\"inLanguage\":\"fr-FR\"},{\"@type\":\"WebPage\",\"@id\":\"https:\\\/\\\/www.bellunopress.it\\\/2026\\\/08\\\/23\\\/mura-solidali-2026-venerdi-a-feltre-sport-inclusione-comunita-nel-quadrangolare-di-basket\\\/\",\"url\":\"https:\\\/\\\/www.bellunopress.it\\\/2026\\\/08\\\/23\\\/mura-solidali-2026-venerdi-a-feltre-sport-inclusione-comunita-nel-quadrangolare-di-basket\\\/\",\"name\":\"Mura solidali 2026. Venerd\u00ec a Feltre sport, inclusione comunit\u00e0 nel quadrangolare di basket - Bellunopress - Dolomiti\",\"isPartOf\":{\"@id\":\"https:\\\/\\\/www.bellunopress.it\\\/#website\"},\"primaryImageOfPage\":{\"@id\":\"https:\\\/\\\/www.bellunopress.it\\\/2026\\\/08\\\/23\\\/mura-solidali-2026-venerdi-a-feltre-sport-inclusione-comunita-nel-quadrangolare-di-basket\\\/#primaryimage\"},\"image\":{\"@id\":\"https:\\\/\\\/www.bellunopress.it\\\/2026\\\/08\\\/23\\\/mura-solidali-2026-venerdi-a-feltre-sport-inclusione-comunita-nel-quadrangolare-di-basket\\\/#primaryimage\"},\"thumbnailUrl\":\"https:\\\/\\\/www.bellunopress.it\\\/wp-content\\\/uploads\\\/2026\\\/08\\\/Mura-Solidali-2026-Feltre.jpg\",\"datePublished\":\"2026-08-23T13:13:59+00:00\",\"dateModified\":\"2026-08-23T17:39:23+00:00\",\"breadcrumb\":{\"@id\":\"https:\\\/\\\/www.bellunopress.it\\\/2026\\\/08\\\/23\\\/mura-solidali-2026-venerdi-a-feltre-sport-inclusione-comunita-nel-quadrangolare-di-basket\\\/#breadcrumb\"},\"inLanguage\":\"fr-FR\",\"potentialAction\":[{\"@type\":\"ReadAction\",\"target\":[\"https:\\\/\\\/www.bellunopress.it\\\/2026\\\/08\\\/23\\\/mura-solidali-2026-venerdi-a-feltre-sport-inclusione-comunita-nel-quadrangolare-di-basket\\\/\"]}]},{\"@type\":\"ImageObject\",\"inLanguage\":\"fr-FR\",\"@id\":\"https:\\\/\\\/www.bellunopress.it\\\/2026\\\/08\\\/23\\\/mura-solidali-2026-venerdi-a-feltre-sport-inclusione-comunita-nel-quadrangolare-di-basket\\\/#primaryimage\",\"url\":\"https:\\\/\\\/www.bellunopress.it\\\/wp-content\\\/uploads\\\/2026\\\/08\\\/Mura-Solidali-2026-Feltre.jpg\",\"contentUrl\":\"https:\\\/\\\/www.bellunopress.it\\\/wp-content\\\/uploads\\\/2026\\\/08\\\/Mura-Solidali-2026-Feltre.jpg\",\"width\":600,\"height\":287,\"caption\":\"Presentazione Mura Solidali 2026 - Feltre\"},{\"@type\":\"BreadcrumbList\",\"@id\":\"https:\\\/\\\/www.bellunopress.it\\\/2026\\\/08\\\/23\\\/mura-solidali-2026-venerdi-a-feltre-sport-inclusione-comunita-nel-quadrangolare-di-basket\\\/#breadcrumb\",\"itemListElement\":[{\"@type\":\"ListItem\",\"position\":1,\"name\":\"Home\",\"item\":\"https:\\\/\\\/www.bellunopress.it\\\/\"},{\"@type\":\"ListItem\",\"position\":2,\"name\":\"Mura solidali 2026. Venerd\u00ec a Feltre sport, inclusione comunit\u00e0 nel quadrangolare di basket\"}]},{\"@type\":\"WebSite\",\"@id\":\"https:\\\/\\\/www.bellunopress.it\\\/#website\",\"url\":\"https:\\\/\\\/www.bellunopress.it\\\/\",\"name\":\"Bellunopress - Dolomiti\",\"description\":\"e-mail: redazione@bellunopress.it\",\"publisher\":{\"@id\":\"https:\\\/\\\/www.bellunopress.it\\\/#organization\"},\"potentialAction\":[{\"@type\":\"SearchAction\",\"target\":{\"@type\":\"EntryPoint\",\"urlTemplate\":\"https:\\\/\\\/www.bellunopress.it\\\/?s={search_term_string}\"},\"query-input\":{\"@type\":\"PropertyValueSpecification\",\"valueRequired\":true,\"valueName\":\"search_term_string\"}}],\"inLanguage\":\"fr-FR\"},{\"@type\":\"Organization\",\"@id\":\"https:\\\/\\\/www.bellunopress.it\\\/#organization\",\"name\":\"Bellunopress\",\"url\":\"https:\\\/\\\/www.bellunopress.it\\\/\",\"logo\":{\"@type\":\"ImageObject\",\"inLanguage\":\"fr-FR\",\"@id\":\"https:\\\/\\\/www.bellunopress.it\\\/#\\\/schema\\\/logo\\\/image\\\/\",\"url\":\"https:\\\/\\\/www.bellunopress.it\\\/wp-content\\\/uploads\\\/2011\\\/05\\\/cropped-logo-bellunopress-.jpg\",\"contentUrl\":\"https:\\\/\\\/www.bellunopress.it\\\/wp-content\\\/uploads\\\/2011\\\/05\\\/cropped-logo-bellunopress-.jpg\",\"width\":512,\"height\":512,\"caption\":\"Bellunopress\"},\"image\":{\"@id\":\"https:\\\/\\\/www.bellunopress.it\\\/#\\\/schema\\\/logo\\\/image\\\/\"},\"sameAs\":[\"https:\\\/\\\/www.facebook.com\\\/profile.php?id=100008943462799\",\"https:\\\/\\\/x.com\\\/bellunopress\",\"https:\\\/\\\/www.linkedin.com\\\/hp\\\/?dnr=JBzUWaJfMUw8vbXJJ2tVW5-I3jZKvC4wsoxE&amp;amp;amp;amp;amp;amp;trk=nav_responsive_tab_home\",\"https:\\\/\\\/www.youtube.com\\\/channel\\\/UCxL0wu1uN0_3_7hGG0306cw\"]},{\"@type\":\"Person\",\"@id\":\"https:\\\/\\\/www.bellunopress.it\\\/#\\\/schema\\\/person\\\/79bb06722b37ece1c03d3e94beb30d73\",\"name\":\"redazione\",\"image\":{\"@type\":\"ImageObject\",\"inLanguage\":\"fr-FR\",\"@id\":\"https:\\\/\\\/secure.gravatar.com\\\/avatar\\\/37d968a2e67a6fd04c169c4bdef102d0bc5d31b2546345219e348575eb80e9a0?s=96&d=mm&r=g\",\"url\":\"https:\\\/\\\/secure.gravatar.com\\\/avatar\\\/37d968a2e67a6fd04c169c4bdef102d0bc5d31b2546345219e348575eb80e9a0?s=96&d=mm&r=g\",\"contentUrl\":\"https:\\\/\\\/secure.gravatar.com\\\/avatar\\\/37d968a2e67a6fd04c169c4bdef102d0bc5d31b2546345219e348575eb80e9a0?s=96&d=mm&r=g\",\"caption\":\"redazione\"},\"sameAs\":[\"http:\\\/\\\/www.bellunopress.it\",\"https:\\\/\\\/x.com\\\/bellunopress\"],\"url\":\"https:\\\/\\\/www.bellunopress.it\\\/fr\\\/author\\\/redazione\\\/\"}]}<\/script>\n<!-- \/ Yoast SEO plugin. -->","yoast_head_json":{"title":"Mura solidali 2026. Venerd\u00ec a Feltre sport, inclusione comunit\u00e0 nel quadrangolare di basket - Bellunopress - Dolomiti","robots":{"index":"index","follow":"follow","max-snippet":"max-snippet:-1","max-image-preview":"max-image-preview:large","max-video-preview":"max-video-preview:-1"},"canonical":"https:\/\/www.bellunopress.it\/fr\/2026\/08\/23\/mura-solidali-2026-venerdi-a-feltre-sport-inclusione-comunita-nel-quadrangolare-di-basket\/","og_locale":"fr_FR","og_type":"article","og_title":"Mura solidali 2026. Venerd\u00ec a Feltre sport, inclusione comunit\u00e0 nel quadrangolare di basket - Bellunopress - Dolomiti","og_description":"Lo sport come strumento di inclusione, partecipazione e costruzione di comunit\u00e0. \u00c8 questo il significato di Mura Solidali 2026, il progetto promosso dall\u2019associazione Giro delle Mura Citt\u00e0 di Feltre in collaborazione con il Lions Club Feltre Host e la cooperativa sociale Portaperta, presentato oggi nel corso di una conferenza stampa. L&#8217;appuntamento \u00e8 fissato per venerd\u00ec [&hellip;]","og_url":"https:\/\/www.bellunopress.it\/fr\/2026\/08\/23\/mura-solidali-2026-venerdi-a-feltre-sport-inclusione-comunita-nel-quadrangolare-di-basket\/","og_site_name":"Bellunopress - Dolomiti","article_publisher":"https:\/\/www.facebook.com\/profile.php?id=100008943462799","article_published_time":"2026-08-23T13:13:59+00:00","article_modified_time":"2026-08-23T17:39:23+00:00","og_image":[{"width":600,"height":287,"url":"https:\/\/www.bellunopress.it\/wp-content\/uploads\/2026\/08\/Mura-Solidali-2026-Feltre.jpg","type":"image\/jpeg"}],"author":"redazione","twitter_card":"summary_large_image","twitter_creator":"@bellunopress","twitter_site":"@bellunopress","twitter_misc":{"\u00c9crit par":"redazione","Dur\u00e9e de lecture estim\u00e9e":"3 minutes"},"schema":{"@context":"https:\/\/schema.org","@graph":[{"@type":"Article","@id":"https:\/\/www.bellunopress.it\/2026\/08\/23\/mura-solidali-2026-venerdi-a-feltre-sport-inclusione-comunita-nel-quadrangolare-di-basket\/#article","isPartOf":{"@id":"https:\/\/www.bellunopress.it\/2026\/08\/23\/mura-solidali-2026-venerdi-a-feltre-sport-inclusione-comunita-nel-quadrangolare-di-basket\/"},"author":{"name":"redazione","@id":"https:\/\/www.bellunopress.it\/#\/schema\/person\/79bb06722b37ece1c03d3e94beb30d73"},"headline":"Mura solidali 2026. Venerd\u00ec a Feltre sport, inclusione comunit\u00e0 nel quadrangolare di basket","datePublished":"2026-08-23T13:13:59+00:00","dateModified":"2026-08-23T17:39:23+00:00","mainEntityOfPage":{"@id":"https:\/\/www.bellunopress.it\/2026\/08\/23\/mura-solidali-2026-venerdi-a-feltre-sport-inclusione-comunita-nel-quadrangolare-di-basket\/"},"wordCount":412,"publisher":{"@id":"https:\/\/www.bellunopress.it\/#organization"},"image":{"@id":"https:\/\/www.bellunopress.it\/2026\/08\/23\/mura-solidali-2026-venerdi-a-feltre-sport-inclusione-comunita-nel-quadrangolare-di-basket\/#primaryimage"},"thumbnailUrl":"https:\/\/www.bellunopress.it\/wp-content\/uploads\/2026\/08\/Mura-Solidali-2026-Feltre.jpg","articleSection":["Societ\u00e0, Associazioni, Istituzioni","Sport, tempo libero"],"inLanguage":"fr-FR"},{"@type":"WebPage","@id":"https:\/\/www.bellunopress.it\/2026\/08\/23\/mura-solidali-2026-venerdi-a-feltre-sport-inclusione-comunita-nel-quadrangolare-di-basket\/","url":"https:\/\/www.bellunopress.it\/2026\/08\/23\/mura-solidali-2026-venerdi-a-feltre-sport-inclusione-comunita-nel-quadrangolare-di-basket\/","name":"Mura solidali 2026. Venerd\u00ec a Feltre sport, inclusione comunit\u00e0 nel quadrangolare di basket - Bellunopress - Dolomiti","isPartOf":{"@id":"https:\/\/www.bellunopress.it\/#website"},"primaryImageOfPage":{"@id":"https:\/\/www.bellunopress.it\/2026\/08\/23\/mura-solidali-2026-venerdi-a-feltre-sport-inclusione-comunita-nel-quadrangolare-di-basket\/#primaryimage"},"image":{"@id":"https:\/\/www.bellunopress.it\/2026\/08\/23\/mura-solidali-2026-venerdi-a-feltre-sport-inclusione-comunita-nel-quadrangolare-di-basket\/#primaryimage"},"thumbnailUrl":"https:\/\/www.bellunopress.it\/wp-content\/uploads\/2026\/08\/Mura-Solidali-2026-Feltre.jpg","datePublished":"2026-08-23T13:13:59+00:00","dateModified":"2026-08-23T17:39:23+00:00","breadcrumb":{"@id":"https:\/\/www.bellunopress.it\/2026\/08\/23\/mura-solidali-2026-venerdi-a-feltre-sport-inclusione-comunita-nel-quadrangolare-di-basket\/#breadcrumb"},"inLanguage":"fr-FR","potentialAction":[{"@type":"ReadAction","target":["https:\/\/www.bellunopress.it\/2026\/08\/23\/mura-solidali-2026-venerdi-a-feltre-sport-inclusione-comunita-nel-quadrangolare-di-basket\/"]}]},{"@type":"ImageObject","inLanguage":"fr-FR","@id":"https:\/\/www.bellunopress.it\/2026\/08\/23\/mura-solidali-2026-venerdi-a-feltre-sport-inclusione-comunita-nel-quadrangolare-di-basket\/#primaryimage","url":"https:\/\/www.bellunopress.it\/wp-content\/uploads\/2026\/08\/Mura-Solidali-2026-Feltre.jpg","contentUrl":"https:\/\/www.bellunopress.it\/wp-content\/uploads\/2026\/08\/Mura-Solidali-2026-Feltre.jpg","width":600,"height":287,"caption":"Presentazione Mura Solidali 2026 - Feltre"},{"@type":"BreadcrumbList","@id":"https:\/\/www.bellunopress.it\/2026\/08\/23\/mura-solidali-2026-venerdi-a-feltre-sport-inclusione-comunita-nel-quadrangolare-di-basket\/#breadcrumb","itemListElement":[{"@type":"ListItem","position":1,"name":"Home","item":"https:\/\/www.bellunopress.it\/"},{"@type":"ListItem","position":2,"name":"Mura solidali 2026. Venerd\u00ec a Feltre sport, inclusione comunit\u00e0 nel quadrangolare di basket"}]},{"@type":"WebSite","@id":"https:\/\/www.bellunopress.it\/#website","url":"https:\/\/www.bellunopress.it\/","name":"Bellunopress - Dolomiti","description":"e-mail: redazione@bellunopress.it","publisher":{"@id":"https:\/\/www.bellunopress.it\/#organization"},"potentialAction":[{"@type":"SearchAction","target":{"@type":"EntryPoint","urlTemplate":"https:\/\/www.bellunopress.it\/?s={search_term_string}"},"query-input":{"@type":"PropertyValueSpecification","valueRequired":true,"valueName":"search_term_string"}}],"inLanguage":"fr-FR"},{"@type":"Organization","@id":"https:\/\/www.bellunopress.it\/#organization","name":"Bellunopress","url":"https:\/\/www.bellunopress.it\/","logo":{"@type":"ImageObject","inLanguage":"fr-FR","@id":"https:\/\/www.bellunopress.it\/#\/schema\/logo\/image\/","url":"https:\/\/www.bellunopress.it\/wp-content\/uploads\/2011\/05\/cropped-logo-bellunopress-.jpg","contentUrl":"https:\/\/www.bellunopress.it\/wp-content\/uploads\/2011\/05\/cropped-logo-bellunopress-.jpg","width":512,"height":512,"caption":"Bellunopress"},"image":{"@id":"https:\/\/www.bellunopress.it\/#\/schema\/logo\/image\/"},"sameAs":["https:\/\/www.facebook.com\/profile.php?id=100008943462799","https:\/\/x.com\/bellunopress","https:\/\/www.linkedin.com\/hp\/?dnr=JBzUWaJfMUw8vbXJJ2tVW5-I3jZKvC4wsoxE&amp;amp;amp;amp;amp;amp;trk=nav_responsive_tab_home","https:\/\/www.youtube.com\/channel\/UCxL0wu1uN0_3_7hGG0306cw"]},{"@type":"Person","@id":"https:\/\/www.bellunopress.it\/#\/schema\/person\/79bb06722b37ece1c03d3e94beb30d73","name":"r\u00e9daction","image":{"@type":"ImageObject","inLanguage":"fr-FR","@id":"https:\/\/secure.gravatar.com\/avatar\/37d968a2e67a6fd04c169c4bdef102d0bc5d31b2546345219e348575eb80e9a0?s=96&d=mm&r=g","url":"https:\/\/secure.gravatar.com\/avatar\/37d968a2e67a6fd04c169c4bdef102d0bc5d31b2546345219e348575eb80e9a0?s=96&d=mm&r=g","contentUrl":"https:\/\/secure.gravatar.com\/avatar\/37d968a2e67a6fd04c169c4bdef102d0bc5d31b2546345219e348575eb80e9a0?s=96&d=mm&r=g","caption":"redazione"},"sameAs":["http:\/\/www.bellunopress.it","https:\/\/x.com\/bellunopress"],"url":"https:\/\/www.bellunopress.it\/fr\/author\/redazione\/"}]}},"_links":{"self":[{"href":"https:\/\/www.bellunopress.it\/fr\/wp-json\/wp\/v2\/posts\/172768","targetHints":{"allow":["GET"]}}],"collection":[{"href":"https:\/\/www.bellunopress.it\/fr\/wp-json\/wp\/v2\/posts"}],"about":[{"href":"https:\/\/www.bellunopress.it\/fr\/wp-json\/wp\/v2\/types\/post"}],"author":[{"embeddable":true,"href":"https:\/\/www.bellunopress.it\/fr\/wp-json\/wp\/v2\/users\/2"}],"replies":[{"embeddable":true,"href":"https:\/\/www.bellunopress.it\/fr\/wp-json\/wp\/v2\/comments?post=172768"}],"version-history":[{"count":2,"href":"https:\/\/www.bellunopress.it\/fr\/wp-json\/wp\/v2\/posts\/172768\/revisions"}],"predecessor-version":[{"id":172839,"href":"https:\/\/www.bellunopress.it\/fr\/wp-json\/wp\/v2\/posts\/172768\/revisions\/172839"}],"wp:featuredmedia":[{"embeddable":true,"href":"https:\/\/www.bellunopress.it\/fr\/wp-json\/wp\/v2\/media\/172769"}],"wp:attachment":[{"href":"https:\/\/www.bellunopress.it\/fr\/wp-json\/wp\/v2\/media?parent=172768"}],"wp:term":[{"taxonomy":"category","embeddable":true,"href":"https:\/\/www.bellunopress.it\/fr\/wp-json\/wp\/v2\/categories?post=172768"},{"taxonomy":"post_tag","embeddable":true,"href":"https:\/\/www.bellunopress.it\/fr\/wp-json\/wp\/v2\/tags?post=172768"}],"curies":[{"name":"wp","href":"https:\/\/api.w.org\/{rel}","templated":true}]}}