{"id":172747,"date":"2026-08-19T15:24:40","date_gmt":"2026-08-19T13:24:40","guid":{"rendered":"https:\/\/www.bellunopress.it\/?p=172747"},"modified":"2026-08-19T15:24:40","modified_gmt":"2026-08-19T13:24:40","slug":"belluno-aperte-le-candidature-per-capifrazione-di-orzes-bolzano-bellunese-e-sargnano-candidature-entro-il-31-agosto","status":"publish","type":"post","link":"https:\/\/www.bellunopress.it\/fr\/2026\/08\/19\/belluno-aperte-le-candidature-per-capifrazione-di-orzes-bolzano-bellunese-e-sargnano-candidature-entro-il-31-agosto\/","title":{"rendered":"Belluno. Aperte le candidature per capifrazione di Orzes, Bolzano Bellunese e Sargnano. Candidature entro il 31 agosto"},"content":{"rendered":"<p>C\u2019\u00e8 tempo fino al 31 agosto per presentare la propria candidatura a capofrazione per Orzes, Bolzano Bellunese e Sargnano. \u00c8 online sul sito istituzionale del Comune di Belluno l\u2019avviso rivolto ai cittadini delle tre frazioni, interessati a ricoprire l\u2019incarico. \u201cQuella del capofrazione \u00e8 una figura importante soprattutto per un Comune come il nostro, con un territorio molto esteso e tante comunit\u00e0 diverse \u2013 spiega il sindaco Oscar De Pellegrin \u2013. \u00c8 un filo diretto tra l\u2019Amministrazione e chi vive quotidianamente le frazioni: permette di far arrivare al Comune esigenze, segnalazioni e proposte, ma anche di costruire una collaborazione concreta nella cura e nell\u2019attenzione al territorio. Ringrazio chi ha svolto questo incarico fino ad oggi, mettendo a disposizione tempo, conoscenza dei luoghi e disponibilit\u00e0, e mi auguro che ci siano cittadini pronti a proseguire questo lavoro\u201d.<\/p>\n<p>La possibilit\u00e0 di candidarsi \u00e8 riservata ai cittadini maggiorenni, iscritti nelle liste elettorali del Comune di Belluno e residenti nella frazione che intendono rappresentare. Non \u00e8 quindi possibile presentare la propria candidatura per una frazione diversa da quella di residenza. L\u2019avviso riguarda Orzes, Bolzano Bellunese e Sargnano. Tutti i requisiti e le cause di ineleggibilit\u00e0 sono riportati integralmente nell\u2019avviso e nel modello predisposto per la presentazione della candidatura.<br \/>\n\u201cIl capofrazione rappresenta una delle forme pi\u00f9 concrete di partecipazione alla vita della propria comunit\u00e0 \u2013 sottolinea l\u2019assessore alle frazioni Marco Dal Pont \u2013. Alla base c\u2019\u00e8 un principio di sussidiariet\u00e0 importante: l\u2019Amministrazione fa la propria parte, ma accanto ad essa ci sono cittadini che scelgono volontariamente di dedicare tempo ed energie ai luoghi in cui vivono. Significa conoscere il territorio, ascoltare le persone, intercettare necessit\u00e0 e collaborare per trovare soluzioni. \u00c8 un impegno che richiede senso civico e disponibilit\u00e0 e che contribuisce a mantenere forte il rapporto tra le nostre frazioni e il Comune\u201d.<\/p>\n<p>La candidatura dovr\u00e0 pervenire al Comune entro il 31 agosto 2026, utilizzando obbligatoriamente l\u2019apposito modulo e allegando la fotocopia di un documento d\u2019identit\u00e0 in corso di validit\u00e0. Le domande presentate oltre la scadenza, non compilate sul modulo previsto, condizionate o prive del documento d\u2019identit\u00e0 non potranno essere considerate valide.<br \/>\nTre le modalit\u00e0 previste per la presentazione: a mano all\u2019Ufficio protocollo di Palazzo Rosso, in piazza Duomo 1, dal luned\u00ec al venerd\u00ec dalle 9 alle 12 e il gioved\u00ec anche dalle 15 alle 17; tramite raccomandata A.R. allo stesso indirizzo, che dovr\u00e0 comunque pervenire entro il 31 agosto; oppure attraverso PEC all\u2019indirizzo belluno.bl@cert.ip-veneto.net.<br \/>\nIl regolamento che disciplina l\u2019elezione dei capifrazione, gli allegati che definiscono gli ambiti geografici delle singole frazioni e il modello obbligatorio per la presentazione della candidatura sono disponibili sul sito istituzionale del Comune di Belluno.<\/p>\n<p>&nbsp;<\/p>","protected":false},"excerpt":{"rendered":"<p>C\u2019\u00e8 tempo fino al 31 agosto per presentare la propria candidatura a capofrazione per Orzes, Bolzano Bellunese e Sargnano. \u00c8 online sul sito istituzionale del Comune di Belluno l\u2019avviso rivolto ai cittadini delle tre frazioni, interessati a ricoprire l\u2019incarico. \u201cQuella del capofrazione \u00e8 una figura importante soprattutto per un Comune come il nostro, con un [&hellip;]<\/p>\n","protected":false},"author":2,"featured_media":171604,"comment_status":"closed","ping_status":"open","sticky":false,"template":"","format":"standard","meta":{"footnotes":""},"categories":[26,8],"tags":[],"class_list":["post-172747","post","type-post","status-publish","format-standard","has-post-thumbnail","category-prima-pagina","category-societa-istituzioni"],"yoast_head":"<!-- This site is optimized with the Yoast SEO plugin v28.4 - https:\/\/yoast.com\/product\/yoast-seo-wordpress\/ -->\n<title>Belluno. Aperte le candidature per capifrazione di Orzes, Bolzano Bellunese e Sargnano. Candidature entro il 31 agosto - Bellunopress - Dolomiti<\/title>\n<meta name=\"robots\" content=\"index, follow, max-snippet:-1, max-image-preview:large, max-video-preview:-1\" \/>\n<link rel=\"canonical\" href=\"https:\/\/www.bellunopress.it\/fr\/2026\/08\/19\/belluno-aperte-le-candidature-per-capifrazione-di-orzes-bolzano-bellunese-e-sargnano-candidature-entro-il-31-agosto\/\" \/>\n<meta property=\"og:locale\" content=\"fr_FR\" \/>\n<meta property=\"og:type\" content=\"article\" \/>\n<meta property=\"og:title\" content=\"Belluno. Aperte le candidature per capifrazione di Orzes, Bolzano Bellunese e Sargnano. Candidature entro il 31 agosto - Bellunopress - Dolomiti\" \/>\n<meta property=\"og:description\" content=\"C\u2019\u00e8 tempo fino al 31 agosto per presentare la propria candidatura a capofrazione per Orzes, Bolzano Bellunese e Sargnano. \u00c8 online sul sito istituzionale del Comune di Belluno l\u2019avviso rivolto ai cittadini delle tre frazioni, interessati a ricoprire l\u2019incarico. \u201cQuella del capofrazione \u00e8 una figura importante soprattutto per un Comune come il nostro, con un [&hellip;]\" \/>\n<meta property=\"og:url\" content=\"https:\/\/www.bellunopress.it\/fr\/2026\/08\/19\/belluno-aperte-le-candidature-per-capifrazione-di-orzes-bolzano-bellunese-e-sargnano-candidature-entro-il-31-agosto\/\" \/>\n<meta property=\"og:site_name\" content=\"Bellunopress - Dolomiti\" \/>\n<meta property=\"article:publisher\" content=\"https:\/\/www.facebook.com\/profile.php?id=100008943462799\" \/>\n<meta property=\"article:published_time\" content=\"2026-08-19T13:24:40+00:00\" \/>\n<meta property=\"og:image\" content=\"https:\/\/www.bellunopress.it\/wp-content\/uploads\/2026\/07\/Comune-di-Belluno.jpg\" \/>\n\t<meta property=\"og:image:width\" content=\"529\" \/>\n\t<meta property=\"og:image:height\" content=\"378\" \/>\n\t<meta property=\"og:image:type\" content=\"image\/jpeg\" \/>\n<meta name=\"author\" content=\"redazione\" \/>\n<meta name=\"twitter:card\" content=\"summary_large_image\" \/>\n<meta name=\"twitter:creator\" content=\"@bellunopress\" \/>\n<meta name=\"twitter:site\" content=\"@bellunopress\" \/>\n<meta name=\"twitter:label1\" content=\"\u00c9crit par\" \/>\n\t<meta name=\"twitter:data1\" content=\"redazione\" \/>\n\t<meta name=\"twitter:label2\" content=\"Dur\u00e9e de lecture estim\u00e9e\" \/>\n\t<meta name=\"twitter:data2\" content=\"3 minutes\" \/>\n<script type=\"application\/ld+json\" class=\"yoast-schema-graph\">{\"@context\":\"https:\\\/\\\/schema.org\",\"@graph\":[{\"@type\":\"Article\",\"@id\":\"https:\\\/\\\/www.bellunopress.it\\\/2026\\\/08\\\/19\\\/belluno-aperte-le-candidature-per-capifrazione-di-orzes-bolzano-bellunese-e-sargnano-candidature-entro-il-31-agosto\\\/#article\",\"isPartOf\":{\"@id\":\"https:\\\/\\\/www.bellunopress.it\\\/2026\\\/08\\\/19\\\/belluno-aperte-le-candidature-per-capifrazione-di-orzes-bolzano-bellunese-e-sargnano-candidature-entro-il-31-agosto\\\/\"},\"author\":{\"name\":\"redazione\",\"@id\":\"https:\\\/\\\/www.bellunopress.it\\\/#\\\/schema\\\/person\\\/79bb06722b37ece1c03d3e94beb30d73\"},\"headline\":\"Belluno. Aperte le candidature per capifrazione di Orzes, Bolzano Bellunese e Sargnano. Candidature entro il 31 agosto\",\"datePublished\":\"2026-08-19T13:24:40+00:00\",\"mainEntityOfPage\":{\"@id\":\"https:\\\/\\\/www.bellunopress.it\\\/2026\\\/08\\\/19\\\/belluno-aperte-le-candidature-per-capifrazione-di-orzes-bolzano-bellunese-e-sargnano-candidature-entro-il-31-agosto\\\/\"},\"wordCount\":452,\"publisher\":{\"@id\":\"https:\\\/\\\/www.bellunopress.it\\\/#organization\"},\"image\":{\"@id\":\"https:\\\/\\\/www.bellunopress.it\\\/2026\\\/08\\\/19\\\/belluno-aperte-le-candidature-per-capifrazione-di-orzes-bolzano-bellunese-e-sargnano-candidature-entro-il-31-agosto\\\/#primaryimage\"},\"thumbnailUrl\":\"https:\\\/\\\/www.bellunopress.it\\\/wp-content\\\/uploads\\\/2026\\\/07\\\/Comune-di-Belluno.jpg\",\"articleSection\":[\"Prima Pagina\",\"Societ\u00e0, Associazioni, Istituzioni\"],\"inLanguage\":\"fr-FR\"},{\"@type\":\"WebPage\",\"@id\":\"https:\\\/\\\/www.bellunopress.it\\\/2026\\\/08\\\/19\\\/belluno-aperte-le-candidature-per-capifrazione-di-orzes-bolzano-bellunese-e-sargnano-candidature-entro-il-31-agosto\\\/\",\"url\":\"https:\\\/\\\/www.bellunopress.it\\\/2026\\\/08\\\/19\\\/belluno-aperte-le-candidature-per-capifrazione-di-orzes-bolzano-bellunese-e-sargnano-candidature-entro-il-31-agosto\\\/\",\"name\":\"Belluno. Aperte le candidature per capifrazione di Orzes, Bolzano Bellunese e Sargnano. Candidature entro il 31 agosto - Bellunopress - Dolomiti\",\"isPartOf\":{\"@id\":\"https:\\\/\\\/www.bellunopress.it\\\/#website\"},\"primaryImageOfPage\":{\"@id\":\"https:\\\/\\\/www.bellunopress.it\\\/2026\\\/08\\\/19\\\/belluno-aperte-le-candidature-per-capifrazione-di-orzes-bolzano-bellunese-e-sargnano-candidature-entro-il-31-agosto\\\/#primaryimage\"},\"image\":{\"@id\":\"https:\\\/\\\/www.bellunopress.it\\\/2026\\\/08\\\/19\\\/belluno-aperte-le-candidature-per-capifrazione-di-orzes-bolzano-bellunese-e-sargnano-candidature-entro-il-31-agosto\\\/#primaryimage\"},\"thumbnailUrl\":\"https:\\\/\\\/www.bellunopress.it\\\/wp-content\\\/uploads\\\/2026\\\/07\\\/Comune-di-Belluno.jpg\",\"datePublished\":\"2026-08-19T13:24:40+00:00\",\"breadcrumb\":{\"@id\":\"https:\\\/\\\/www.bellunopress.it\\\/2026\\\/08\\\/19\\\/belluno-aperte-le-candidature-per-capifrazione-di-orzes-bolzano-bellunese-e-sargnano-candidature-entro-il-31-agosto\\\/#breadcrumb\"},\"inLanguage\":\"fr-FR\",\"potentialAction\":[{\"@type\":\"ReadAction\",\"target\":[\"https:\\\/\\\/www.bellunopress.it\\\/2026\\\/08\\\/19\\\/belluno-aperte-le-candidature-per-capifrazione-di-orzes-bolzano-bellunese-e-sargnano-candidature-entro-il-31-agosto\\\/\"]}]},{\"@type\":\"ImageObject\",\"inLanguage\":\"fr-FR\",\"@id\":\"https:\\\/\\\/www.bellunopress.it\\\/2026\\\/08\\\/19\\\/belluno-aperte-le-candidature-per-capifrazione-di-orzes-bolzano-bellunese-e-sargnano-candidature-entro-il-31-agosto\\\/#primaryimage\",\"url\":\"https:\\\/\\\/www.bellunopress.it\\\/wp-content\\\/uploads\\\/2026\\\/07\\\/Comune-di-Belluno.jpg\",\"contentUrl\":\"https:\\\/\\\/www.bellunopress.it\\\/wp-content\\\/uploads\\\/2026\\\/07\\\/Comune-di-Belluno.jpg\",\"width\":529,\"height\":378},{\"@type\":\"BreadcrumbList\",\"@id\":\"https:\\\/\\\/www.bellunopress.it\\\/2026\\\/08\\\/19\\\/belluno-aperte-le-candidature-per-capifrazione-di-orzes-bolzano-bellunese-e-sargnano-candidature-entro-il-31-agosto\\\/#breadcrumb\",\"itemListElement\":[{\"@type\":\"ListItem\",\"position\":1,\"name\":\"Home\",\"item\":\"https:\\\/\\\/www.bellunopress.it\\\/\"},{\"@type\":\"ListItem\",\"position\":2,\"name\":\"Belluno. Aperte le candidature per capifrazione di Orzes, Bolzano Bellunese e Sargnano. Candidature entro il 31 agosto\"}]},{\"@type\":\"WebSite\",\"@id\":\"https:\\\/\\\/www.bellunopress.it\\\/#website\",\"url\":\"https:\\\/\\\/www.bellunopress.it\\\/\",\"name\":\"Bellunopress - Dolomiti\",\"description\":\"e-mail: redazione@bellunopress.it\",\"publisher\":{\"@id\":\"https:\\\/\\\/www.bellunopress.it\\\/#organization\"},\"potentialAction\":[{\"@type\":\"SearchAction\",\"target\":{\"@type\":\"EntryPoint\",\"urlTemplate\":\"https:\\\/\\\/www.bellunopress.it\\\/?s={search_term_string}\"},\"query-input\":{\"@type\":\"PropertyValueSpecification\",\"valueRequired\":true,\"valueName\":\"search_term_string\"}}],\"inLanguage\":\"fr-FR\"},{\"@type\":\"Organization\",\"@id\":\"https:\\\/\\\/www.bellunopress.it\\\/#organization\",\"name\":\"Bellunopress\",\"url\":\"https:\\\/\\\/www.bellunopress.it\\\/\",\"logo\":{\"@type\":\"ImageObject\",\"inLanguage\":\"fr-FR\",\"@id\":\"https:\\\/\\\/www.bellunopress.it\\\/#\\\/schema\\\/logo\\\/image\\\/\",\"url\":\"https:\\\/\\\/www.bellunopress.it\\\/wp-content\\\/uploads\\\/2011\\\/05\\\/cropped-logo-bellunopress-.jpg\",\"contentUrl\":\"https:\\\/\\\/www.bellunopress.it\\\/wp-content\\\/uploads\\\/2011\\\/05\\\/cropped-logo-bellunopress-.jpg\",\"width\":512,\"height\":512,\"caption\":\"Bellunopress\"},\"image\":{\"@id\":\"https:\\\/\\\/www.bellunopress.it\\\/#\\\/schema\\\/logo\\\/image\\\/\"},\"sameAs\":[\"https:\\\/\\\/www.facebook.com\\\/profile.php?id=100008943462799\",\"https:\\\/\\\/x.com\\\/bellunopress\",\"https:\\\/\\\/www.linkedin.com\\\/hp\\\/?dnr=JBzUWaJfMUw8vbXJJ2tVW5-I3jZKvC4wsoxE&amp;amp;amp;amp;amp;amp;trk=nav_responsive_tab_home\",\"https:\\\/\\\/www.youtube.com\\\/channel\\\/UCxL0wu1uN0_3_7hGG0306cw\"]},{\"@type\":\"Person\",\"@id\":\"https:\\\/\\\/www.bellunopress.it\\\/#\\\/schema\\\/person\\\/79bb06722b37ece1c03d3e94beb30d73\",\"name\":\"redazione\",\"image\":{\"@type\":\"ImageObject\",\"inLanguage\":\"fr-FR\",\"@id\":\"https:\\\/\\\/secure.gravatar.com\\\/avatar\\\/37d968a2e67a6fd04c169c4bdef102d0bc5d31b2546345219e348575eb80e9a0?s=96&d=mm&r=g\",\"url\":\"https:\\\/\\\/secure.gravatar.com\\\/avatar\\\/37d968a2e67a6fd04c169c4bdef102d0bc5d31b2546345219e348575eb80e9a0?s=96&d=mm&r=g\",\"contentUrl\":\"https:\\\/\\\/secure.gravatar.com\\\/avatar\\\/37d968a2e67a6fd04c169c4bdef102d0bc5d31b2546345219e348575eb80e9a0?s=96&d=mm&r=g\",\"caption\":\"redazione\"},\"sameAs\":[\"http:\\\/\\\/www.bellunopress.it\",\"https:\\\/\\\/x.com\\\/bellunopress\"],\"url\":\"https:\\\/\\\/www.bellunopress.it\\\/fr\\\/author\\\/redazione\\\/\"}]}<\/script>\n<!-- \/ Yoast SEO plugin. -->","yoast_head_json":{"title":"Belluno. Aperte le candidature per capifrazione di Orzes, Bolzano Bellunese e Sargnano. Candidature entro il 31 agosto - Bellunopress - Dolomiti","robots":{"index":"index","follow":"follow","max-snippet":"max-snippet:-1","max-image-preview":"max-image-preview:large","max-video-preview":"max-video-preview:-1"},"canonical":"https:\/\/www.bellunopress.it\/fr\/2026\/08\/19\/belluno-aperte-le-candidature-per-capifrazione-di-orzes-bolzano-bellunese-e-sargnano-candidature-entro-il-31-agosto\/","og_locale":"fr_FR","og_type":"article","og_title":"Belluno. Aperte le candidature per capifrazione di Orzes, Bolzano Bellunese e Sargnano. Candidature entro il 31 agosto - Bellunopress - Dolomiti","og_description":"C\u2019\u00e8 tempo fino al 31 agosto per presentare la propria candidatura a capofrazione per Orzes, Bolzano Bellunese e Sargnano. \u00c8 online sul sito istituzionale del Comune di Belluno l\u2019avviso rivolto ai cittadini delle tre frazioni, interessati a ricoprire l\u2019incarico. \u201cQuella del capofrazione \u00e8 una figura importante soprattutto per un Comune come il nostro, con un [&hellip;]","og_url":"https:\/\/www.bellunopress.it\/fr\/2026\/08\/19\/belluno-aperte-le-candidature-per-capifrazione-di-orzes-bolzano-bellunese-e-sargnano-candidature-entro-il-31-agosto\/","og_site_name":"Bellunopress - Dolomiti","article_publisher":"https:\/\/www.facebook.com\/profile.php?id=100008943462799","article_published_time":"2026-08-19T13:24:40+00:00","og_image":[{"width":529,"height":378,"url":"https:\/\/www.bellunopress.it\/wp-content\/uploads\/2026\/07\/Comune-di-Belluno.jpg","type":"image\/jpeg"}],"author":"redazione","twitter_card":"summary_large_image","twitter_creator":"@bellunopress","twitter_site":"@bellunopress","twitter_misc":{"\u00c9crit par":"redazione","Dur\u00e9e de lecture estim\u00e9e":"3 minutes"},"schema":{"@context":"https:\/\/schema.org","@graph":[{"@type":"Article","@id":"https:\/\/www.bellunopress.it\/2026\/08\/19\/belluno-aperte-le-candidature-per-capifrazione-di-orzes-bolzano-bellunese-e-sargnano-candidature-entro-il-31-agosto\/#article","isPartOf":{"@id":"https:\/\/www.bellunopress.it\/2026\/08\/19\/belluno-aperte-le-candidature-per-capifrazione-di-orzes-bolzano-bellunese-e-sargnano-candidature-entro-il-31-agosto\/"},"author":{"name":"redazione","@id":"https:\/\/www.bellunopress.it\/#\/schema\/person\/79bb06722b37ece1c03d3e94beb30d73"},"headline":"Belluno. Aperte le candidature per capifrazione di Orzes, Bolzano Bellunese e Sargnano. Candidature entro il 31 agosto","datePublished":"2026-08-19T13:24:40+00:00","mainEntityOfPage":{"@id":"https:\/\/www.bellunopress.it\/2026\/08\/19\/belluno-aperte-le-candidature-per-capifrazione-di-orzes-bolzano-bellunese-e-sargnano-candidature-entro-il-31-agosto\/"},"wordCount":452,"publisher":{"@id":"https:\/\/www.bellunopress.it\/#organization"},"image":{"@id":"https:\/\/www.bellunopress.it\/2026\/08\/19\/belluno-aperte-le-candidature-per-capifrazione-di-orzes-bolzano-bellunese-e-sargnano-candidature-entro-il-31-agosto\/#primaryimage"},"thumbnailUrl":"https:\/\/www.bellunopress.it\/wp-content\/uploads\/2026\/07\/Comune-di-Belluno.jpg","articleSection":["Prima Pagina","Societ\u00e0, Associazioni, Istituzioni"],"inLanguage":"fr-FR"},{"@type":"WebPage","@id":"https:\/\/www.bellunopress.it\/2026\/08\/19\/belluno-aperte-le-candidature-per-capifrazione-di-orzes-bolzano-bellunese-e-sargnano-candidature-entro-il-31-agosto\/","url":"https:\/\/www.bellunopress.it\/2026\/08\/19\/belluno-aperte-le-candidature-per-capifrazione-di-orzes-bolzano-bellunese-e-sargnano-candidature-entro-il-31-agosto\/","name":"Belluno. Aperte le candidature per capifrazione di Orzes, Bolzano Bellunese e Sargnano. Candidature entro il 31 agosto - Bellunopress - Dolomiti","isPartOf":{"@id":"https:\/\/www.bellunopress.it\/#website"},"primaryImageOfPage":{"@id":"https:\/\/www.bellunopress.it\/2026\/08\/19\/belluno-aperte-le-candidature-per-capifrazione-di-orzes-bolzano-bellunese-e-sargnano-candidature-entro-il-31-agosto\/#primaryimage"},"image":{"@id":"https:\/\/www.bellunopress.it\/2026\/08\/19\/belluno-aperte-le-candidature-per-capifrazione-di-orzes-bolzano-bellunese-e-sargnano-candidature-entro-il-31-agosto\/#primaryimage"},"thumbnailUrl":"https:\/\/www.bellunopress.it\/wp-content\/uploads\/2026\/07\/Comune-di-Belluno.jpg","datePublished":"2026-08-19T13:24:40+00:00","breadcrumb":{"@id":"https:\/\/www.bellunopress.it\/2026\/08\/19\/belluno-aperte-le-candidature-per-capifrazione-di-orzes-bolzano-bellunese-e-sargnano-candidature-entro-il-31-agosto\/#breadcrumb"},"inLanguage":"fr-FR","potentialAction":[{"@type":"ReadAction","target":["https:\/\/www.bellunopress.it\/2026\/08\/19\/belluno-aperte-le-candidature-per-capifrazione-di-orzes-bolzano-bellunese-e-sargnano-candidature-entro-il-31-agosto\/"]}]},{"@type":"ImageObject","inLanguage":"fr-FR","@id":"https:\/\/www.bellunopress.it\/2026\/08\/19\/belluno-aperte-le-candidature-per-capifrazione-di-orzes-bolzano-bellunese-e-sargnano-candidature-entro-il-31-agosto\/#primaryimage","url":"https:\/\/www.bellunopress.it\/wp-content\/uploads\/2026\/07\/Comune-di-Belluno.jpg","contentUrl":"https:\/\/www.bellunopress.it\/wp-content\/uploads\/2026\/07\/Comune-di-Belluno.jpg","width":529,"height":378},{"@type":"BreadcrumbList","@id":"https:\/\/www.bellunopress.it\/2026\/08\/19\/belluno-aperte-le-candidature-per-capifrazione-di-orzes-bolzano-bellunese-e-sargnano-candidature-entro-il-31-agosto\/#breadcrumb","itemListElement":[{"@type":"ListItem","position":1,"name":"Home","item":"https:\/\/www.bellunopress.it\/"},{"@type":"ListItem","position":2,"name":"Belluno. Aperte le candidature per capifrazione di Orzes, Bolzano Bellunese e Sargnano. Candidature entro il 31 agosto"}]},{"@type":"WebSite","@id":"https:\/\/www.bellunopress.it\/#website","url":"https:\/\/www.bellunopress.it\/","name":"Bellunopress - Dolomiti","description":"e-mail: redazione@bellunopress.it","publisher":{"@id":"https:\/\/www.bellunopress.it\/#organization"},"potentialAction":[{"@type":"SearchAction","target":{"@type":"EntryPoint","urlTemplate":"https:\/\/www.bellunopress.it\/?s={search_term_string}"},"query-input":{"@type":"PropertyValueSpecification","valueRequired":true,"valueName":"search_term_string"}}],"inLanguage":"fr-FR"},{"@type":"Organization","@id":"https:\/\/www.bellunopress.it\/#organization","name":"Bellunopress","url":"https:\/\/www.bellunopress.it\/","logo":{"@type":"ImageObject","inLanguage":"fr-FR","@id":"https:\/\/www.bellunopress.it\/#\/schema\/logo\/image\/","url":"https:\/\/www.bellunopress.it\/wp-content\/uploads\/2011\/05\/cropped-logo-bellunopress-.jpg","contentUrl":"https:\/\/www.bellunopress.it\/wp-content\/uploads\/2011\/05\/cropped-logo-bellunopress-.jpg","width":512,"height":512,"caption":"Bellunopress"},"image":{"@id":"https:\/\/www.bellunopress.it\/#\/schema\/logo\/image\/"},"sameAs":["https:\/\/www.facebook.com\/profile.php?id=100008943462799","https:\/\/x.com\/bellunopress","https:\/\/www.linkedin.com\/hp\/?dnr=JBzUWaJfMUw8vbXJJ2tVW5-I3jZKvC4wsoxE&amp;amp;amp;amp;amp;amp;trk=nav_responsive_tab_home","https:\/\/www.youtube.com\/channel\/UCxL0wu1uN0_3_7hGG0306cw"]},{"@type":"Person","@id":"https:\/\/www.bellunopress.it\/#\/schema\/person\/79bb06722b37ece1c03d3e94beb30d73","name":"r\u00e9daction","image":{"@type":"ImageObject","inLanguage":"fr-FR","@id":"https:\/\/secure.gravatar.com\/avatar\/37d968a2e67a6fd04c169c4bdef102d0bc5d31b2546345219e348575eb80e9a0?s=96&d=mm&r=g","url":"https:\/\/secure.gravatar.com\/avatar\/37d968a2e67a6fd04c169c4bdef102d0bc5d31b2546345219e348575eb80e9a0?s=96&d=mm&r=g","contentUrl":"https:\/\/secure.gravatar.com\/avatar\/37d968a2e67a6fd04c169c4bdef102d0bc5d31b2546345219e348575eb80e9a0?s=96&d=mm&r=g","caption":"redazione"},"sameAs":["http:\/\/www.bellunopress.it","https:\/\/x.com\/bellunopress"],"url":"https:\/\/www.bellunopress.it\/fr\/author\/redazione\/"}]}},"_links":{"self":[{"href":"https:\/\/www.bellunopress.it\/fr\/wp-json\/wp\/v2\/posts\/172747","targetHints":{"allow":["GET"]}}],"collection":[{"href":"https:\/\/www.bellunopress.it\/fr\/wp-json\/wp\/v2\/posts"}],"about":[{"href":"https:\/\/www.bellunopress.it\/fr\/wp-json\/wp\/v2\/types\/post"}],"author":[{"embeddable":true,"href":"https:\/\/www.bellunopress.it\/fr\/wp-json\/wp\/v2\/users\/2"}],"replies":[{"embeddable":true,"href":"https:\/\/www.bellunopress.it\/fr\/wp-json\/wp\/v2\/comments?post=172747"}],"version-history":[{"count":1,"href":"https:\/\/www.bellunopress.it\/fr\/wp-json\/wp\/v2\/posts\/172747\/revisions"}],"predecessor-version":[{"id":172748,"href":"https:\/\/www.bellunopress.it\/fr\/wp-json\/wp\/v2\/posts\/172747\/revisions\/172748"}],"wp:featuredmedia":[{"embeddable":true,"href":"https:\/\/www.bellunopress.it\/fr\/wp-json\/wp\/v2\/media\/171604"}],"wp:attachment":[{"href":"https:\/\/www.bellunopress.it\/fr\/wp-json\/wp\/v2\/media?parent=172747"}],"wp:term":[{"taxonomy":"category","embeddable":true,"href":"https:\/\/www.bellunopress.it\/fr\/wp-json\/wp\/v2\/categories?post=172747"},{"taxonomy":"post_tag","embeddable":true,"href":"https:\/\/www.bellunopress.it\/fr\/wp-json\/wp\/v2\/tags?post=172747"}],"curies":[{"name":"wp","href":"https:\/\/api.w.org\/{rel}","templated":true}]}}