{"id":172743,"date":"2026-08-19T10:31:39","date_gmt":"2026-08-19T08:31:39","guid":{"rendered":"https:\/\/www.bellunopress.it\/?p=172743"},"modified":"2026-08-19T10:39:36","modified_gmt":"2026-08-19T08:39:36","slug":"banca-prealpi-sanbiagio-al-via-quattro-nuovi-bandi-dedicati-a-cultura-formazione-parita-di-genere-e-ambiente","status":"publish","type":"post","link":"https:\/\/www.bellunopress.it\/fr\/2026\/08\/19\/banca-prealpi-sanbiagio-al-via-quattro-nuovi-bandi-dedicati-a-cultura-formazione-parita-di-genere-e-ambiente\/","title":{"rendered":"Banca Prealpi SanBiagio: al via quattro nuovi bandi dedicati a cultura, formazione, parit\u00e0 di genere e ambiente"},"content":{"rendered":"<p>Dopo &#8220;EducaEstate&#8221;, dedicato al sostegno di Grest e centri estivi, e il bando Borse di\u00a0 studio, rivolto ai soci e ai figli dei soci, entra nel vivo il Piano Bandi 2026-2027, con quattro nuove iniziative per una dotazione complessiva di 800 mila euro<\/p>\n<p>Tarzo (TV), 19 agosto 2026 \u2013 Ascoltare i bisogni delle comunit\u00e0 locali e tradurli in iniziative capaci di generare valore nel tempo: \u00e8 questo il principio da cui prende forma il Piano Bandi 2026-2027 di Banca Prealpi SanBiagio, attraverso cui l\u2019Istituto parte del Gruppo Cassa Centrale, d\u00e0 espressione concreta ai valori di mutualit\u00e0 e cooperazione che da sempre ne<br \/>\ndefiniscono l\u2019identit\u00e0 di Banca del territorio.<br \/>\nDopo \u201cEducaEstate\u201d, che anche quest\u2019anno ha accompagnato scuole paritarie, parrocchie e amministrazioni nell\u2019organizzazione di Grest e Centri estivi, raccogliendo 238 domande (+35 rispetto al 2025) per un ammontare di contributi erogati superiore ai 300 mila euro inizialmente stanziati, e il bando \u201cBorse di studio\u201d, volto a valorizzare i percorsi formativi di Soci e figli dei Soci, l\u2019Istituto rinnova il proprio impegno a sostegno delle comunit\u00e0 con quattro nuove iniziative, per una dotazione complessiva di 800 mila euro. I bandi sono destinati a progetti per la valorizzazione del patrimonio culturale, la formazione delle nuove<br \/>\ngenerazioni, la promozione delle pari opportunit\u00e0 e la tutela dell\u2019ambiente.<\/p>\n<p>In vista del nuovo anno scolastico, la Banca rilancia il bando \u201c100 Progetti per 100 Scuole\u201d, con un plafond di 150 mila euro. Rivolto alle scuole primarie e secondarie di primo e secondo grado, l\u2019iniziativa sostiene percorsi didattici dedicati alla conoscenza del territorio, attraverso lo studio della geografia, della storia, dell\u2019arte, della cultura e dell\u2019economia<br \/>\nlocale. Visite a borghi, musei e luoghi di interesse storico, insieme ad attivit\u00e0 di ricerca e approfondimento, diventano occasioni per avvicinare gli studenti al patrimonio che li circonda e sviluppare una maggiore consapevolezza del contesto in cui vivono. Ogni plesso scolastico potr\u00e0 presentare fino a 2 progetti e ogni progetto potr\u00e0 ricevere un contributo fino a un massimo di 1.500 euro. Le domande potranno essere presentate fino al 30 novembre 2026.<\/p>\n<p>\u201cUna Banca per l&#8217;Arte\u201d \u00e8 il bando attraverso cui l\u2019Istituto di credito sostiene la tutela del patrimonio culturale, mettendo a disposizione 400 mila euro per interventi di restauro conservativo di beni artistici e monumentali. Dalle sculture agli affreschi, dagli organi storici ai patrimoni archivistici, l\u2019iniziativa supporta il recupero di opere che custodiscono la memoria e l\u2019identit\u00e0 dei luoghi, contribuendo alla loro conservazione e a una maggiore fruibilit\u00e0 da parte della collettivit\u00e0. Il bando rester\u00e0 aperto fino a maggio 2027, con valutazioni trimestrali delle domande.<br \/>\nSul fronte della sostenibilit\u00e0 ambientale, \u201cRadici di Comunit\u00e0\u201d, con una dotazione di 100 mila euro, sostiene invece interventi di rigenerazione ambientale, tutela della biodiversit\u00e0 e valorizzazione del paesaggio. Tra le iniziative previste rientrano il recupero di boschi e aree verdi, la conservazione di habitat naturali e la tutela delle specie a rischio e attivit\u00e0 di educazione ambientale, con l\u2019obiettivo di promuovere una relazione pi\u00f9 consapevole tra persone e ambiente. Le candidature potranno essere presentate fino al 31 dicembre 2026.<br \/>\nCompleta il Piano il bando \u201cPercorsi territoriali per la parit\u00e0 di genere\u201d, con un plafond di 150 mila euro, che promuove iniziative volte a rafforzare la cultura delle pari opportunit\u00e0 e l\u2019empowerment femminile attraverso percorsi di istruzione, sport, formazione e alfabetizzazione finanziaria. Le domande potranno essere presentate fino al 31 dicembre 2026.<\/p>\n<p>Carlo Antiga, Presidente di Banca Prealpi SanBiagio, ha commentato: \u201cCon il Piano Bandi 2026-2027 vogliamo proseguire il percorso avviato lo scorso anno, rafforzando il nostro ruolo di banca di comunit\u00e0: la nostra missione \u00e8 ascoltare i bisogni che emergono dai territori e trasformarli in iniziative concrete, in grado di accompagnare la crescita delle realt\u00e0 locali e generare valore nel tempo. Si tratta di uno strumento innovativo che non solo si ispira ai principi dell\u2019Agenda 2030 dell\u2019ONU, ma promuove nuove modalit\u00e0 di collaborazione con enti pubblici e associazioni, favorendo maggiore efficacia, creativit\u00e0 ed<br \/>\nefficienza\u201d.<br \/>\nI testi integrali dei bandi sono disponibili sul sito di Banca Prealpi SanBiagio al link https:\/\/www.bancaprealpisanbiagio.it\/territorio\/bandi-e-contributi\/. La presentazione delle domande dovr\u00e0 avvenire esclusivamente in formato digitale, attraverso la procedura indicata in ciascun bando, in coerenza con i principi ESG e con un approccio orientato a una gestione sempre pi\u00f9 responsabile ed efficiente delle risorse.<\/p>","protected":false},"excerpt":{"rendered":"<p>Dopo &#8220;EducaEstate&#8221;, dedicato al sostegno di Grest e centri estivi, e il bando Borse di\u00a0 studio, rivolto ai soci e ai figli dei soci, entra nel vivo il Piano Bandi 2026-2027, con quattro nuove iniziative per una dotazione complessiva di 800 mila euro Tarzo (TV), 19 agosto 2026 \u2013 Ascoltare i bisogni delle comunit\u00e0 locali [&hellip;]<\/p>\n","protected":false},"author":2,"featured_media":49445,"comment_status":"closed","ping_status":"open","sticky":false,"template":"","format":"standard","meta":{"footnotes":""},"categories":[15,8],"tags":[],"class_list":["post-172743","post","type-post","status-publish","format-standard","has-post-thumbnail","category-scuola","category-societa-istituzioni"],"yoast_head":"<!-- This site is optimized with the Yoast SEO plugin v28.4 - https:\/\/yoast.com\/product\/yoast-seo-wordpress\/ -->\n<title>Banca Prealpi SanBiagio: al via quattro nuovi bandi dedicati a cultura, formazione, parit\u00e0 di genere e ambiente - Bellunopress - Dolomiti<\/title>\n<meta name=\"robots\" content=\"index, follow, max-snippet:-1, max-image-preview:large, max-video-preview:-1\" \/>\n<link rel=\"canonical\" href=\"https:\/\/www.bellunopress.it\/fr\/2026\/08\/19\/banca-prealpi-sanbiagio-al-via-quattro-nuovi-bandi-dedicati-a-cultura-formazione-parita-di-genere-e-ambiente\/\" \/>\n<meta property=\"og:locale\" content=\"fr_FR\" \/>\n<meta property=\"og:type\" content=\"article\" \/>\n<meta property=\"og:title\" content=\"Banca Prealpi SanBiagio: al via quattro nuovi bandi dedicati a cultura, formazione, parit\u00e0 di genere e ambiente - Bellunopress - Dolomiti\" \/>\n<meta property=\"og:description\" content=\"Dopo &#8220;EducaEstate&#8221;, dedicato al sostegno di Grest e centri estivi, e il bando Borse di\u00a0 studio, rivolto ai soci e ai figli dei soci, entra nel vivo il Piano Bandi 2026-2027, con quattro nuove iniziative per una dotazione complessiva di 800 mila euro Tarzo (TV), 19 agosto 2026 \u2013 Ascoltare i bisogni delle comunit\u00e0 locali [&hellip;]\" \/>\n<meta property=\"og:url\" content=\"https:\/\/www.bellunopress.it\/fr\/2026\/08\/19\/banca-prealpi-sanbiagio-al-via-quattro-nuovi-bandi-dedicati-a-cultura-formazione-parita-di-genere-e-ambiente\/\" \/>\n<meta property=\"og:site_name\" content=\"Bellunopress - Dolomiti\" \/>\n<meta property=\"article:publisher\" content=\"https:\/\/www.facebook.com\/profile.php?id=100008943462799\" \/>\n<meta property=\"article:published_time\" content=\"2026-08-19T08:31:39+00:00\" \/>\n<meta property=\"article:modified_time\" content=\"2026-08-19T08:39:36+00:00\" \/>\n<meta property=\"og:image\" content=\"https:\/\/www.bellunopress.it\/wp-content\/uploads\/2013\/05\/presidente-Bcc-Prealpi-antiga.jpg\" \/>\n\t<meta property=\"og:image:width\" content=\"146\" \/>\n\t<meta property=\"og:image:height\" content=\"160\" \/>\n\t<meta property=\"og:image:type\" content=\"image\/jpeg\" \/>\n<meta name=\"author\" content=\"redazione\" \/>\n<meta name=\"twitter:card\" content=\"summary_large_image\" \/>\n<meta name=\"twitter:creator\" content=\"@bellunopress\" \/>\n<meta name=\"twitter:site\" content=\"@bellunopress\" \/>\n<meta name=\"twitter:label1\" content=\"Written by\" \/>\n\t<meta name=\"twitter:data1\" content=\"redazione\" \/>\n\t<meta name=\"twitter:label2\" content=\"Est. reading time\" \/>\n\t<meta name=\"twitter:data2\" content=\"4 minutes\" \/>\n<script type=\"application\/ld+json\" class=\"yoast-schema-graph\">{\"@context\":\"https:\\\/\\\/schema.org\",\"@graph\":[{\"@type\":\"Article\",\"@id\":\"https:\\\/\\\/www.bellunopress.it\\\/2026\\\/08\\\/19\\\/banca-prealpi-sanbiagio-al-via-quattro-nuovi-bandi-dedicati-a-cultura-formazione-parita-di-genere-e-ambiente\\\/#article\",\"isPartOf\":{\"@id\":\"https:\\\/\\\/www.bellunopress.it\\\/2026\\\/08\\\/19\\\/banca-prealpi-sanbiagio-al-via-quattro-nuovi-bandi-dedicati-a-cultura-formazione-parita-di-genere-e-ambiente\\\/\"},\"author\":{\"name\":\"redazione\",\"@id\":\"https:\\\/\\\/www.bellunopress.it\\\/#\\\/schema\\\/person\\\/79bb06722b37ece1c03d3e94beb30d73\"},\"headline\":\"Banca Prealpi SanBiagio: al via quattro nuovi bandi dedicati a cultura, formazione, parit\u00e0 di genere e ambiente\",\"datePublished\":\"2026-08-19T08:31:39+00:00\",\"dateModified\":\"2026-08-19T08:39:36+00:00\",\"mainEntityOfPage\":{\"@id\":\"https:\\\/\\\/www.bellunopress.it\\\/2026\\\/08\\\/19\\\/banca-prealpi-sanbiagio-al-via-quattro-nuovi-bandi-dedicati-a-cultura-formazione-parita-di-genere-e-ambiente\\\/\"},\"wordCount\":710,\"publisher\":{\"@id\":\"https:\\\/\\\/www.bellunopress.it\\\/#organization\"},\"image\":{\"@id\":\"https:\\\/\\\/www.bellunopress.it\\\/2026\\\/08\\\/19\\\/banca-prealpi-sanbiagio-al-via-quattro-nuovi-bandi-dedicati-a-cultura-formazione-parita-di-genere-e-ambiente\\\/#primaryimage\"},\"thumbnailUrl\":\"https:\\\/\\\/www.bellunopress.it\\\/wp-content\\\/uploads\\\/2013\\\/05\\\/presidente-Bcc-Prealpi-antiga.jpg\",\"articleSection\":[\"Scuola\",\"Societ\u00e0, Associazioni, Istituzioni\"],\"inLanguage\":\"fr-FR\"},{\"@type\":\"WebPage\",\"@id\":\"https:\\\/\\\/www.bellunopress.it\\\/2026\\\/08\\\/19\\\/banca-prealpi-sanbiagio-al-via-quattro-nuovi-bandi-dedicati-a-cultura-formazione-parita-di-genere-e-ambiente\\\/\",\"url\":\"https:\\\/\\\/www.bellunopress.it\\\/2026\\\/08\\\/19\\\/banca-prealpi-sanbiagio-al-via-quattro-nuovi-bandi-dedicati-a-cultura-formazione-parita-di-genere-e-ambiente\\\/\",\"name\":\"Banca Prealpi SanBiagio: al via quattro nuovi bandi dedicati a cultura, formazione, parit\u00e0 di genere e ambiente - Bellunopress - Dolomiti\",\"isPartOf\":{\"@id\":\"https:\\\/\\\/www.bellunopress.it\\\/#website\"},\"primaryImageOfPage\":{\"@id\":\"https:\\\/\\\/www.bellunopress.it\\\/2026\\\/08\\\/19\\\/banca-prealpi-sanbiagio-al-via-quattro-nuovi-bandi-dedicati-a-cultura-formazione-parita-di-genere-e-ambiente\\\/#primaryimage\"},\"image\":{\"@id\":\"https:\\\/\\\/www.bellunopress.it\\\/2026\\\/08\\\/19\\\/banca-prealpi-sanbiagio-al-via-quattro-nuovi-bandi-dedicati-a-cultura-formazione-parita-di-genere-e-ambiente\\\/#primaryimage\"},\"thumbnailUrl\":\"https:\\\/\\\/www.bellunopress.it\\\/wp-content\\\/uploads\\\/2013\\\/05\\\/presidente-Bcc-Prealpi-antiga.jpg\",\"datePublished\":\"2026-08-19T08:31:39+00:00\",\"dateModified\":\"2026-08-19T08:39:36+00:00\",\"breadcrumb\":{\"@id\":\"https:\\\/\\\/www.bellunopress.it\\\/2026\\\/08\\\/19\\\/banca-prealpi-sanbiagio-al-via-quattro-nuovi-bandi-dedicati-a-cultura-formazione-parita-di-genere-e-ambiente\\\/#breadcrumb\"},\"inLanguage\":\"fr-FR\",\"potentialAction\":[{\"@type\":\"ReadAction\",\"target\":[\"https:\\\/\\\/www.bellunopress.it\\\/2026\\\/08\\\/19\\\/banca-prealpi-sanbiagio-al-via-quattro-nuovi-bandi-dedicati-a-cultura-formazione-parita-di-genere-e-ambiente\\\/\"]}]},{\"@type\":\"ImageObject\",\"inLanguage\":\"fr-FR\",\"@id\":\"https:\\\/\\\/www.bellunopress.it\\\/2026\\\/08\\\/19\\\/banca-prealpi-sanbiagio-al-via-quattro-nuovi-bandi-dedicati-a-cultura-formazione-parita-di-genere-e-ambiente\\\/#primaryimage\",\"url\":\"https:\\\/\\\/www.bellunopress.it\\\/wp-content\\\/uploads\\\/2013\\\/05\\\/presidente-Bcc-Prealpi-antiga.jpg\",\"contentUrl\":\"https:\\\/\\\/www.bellunopress.it\\\/wp-content\\\/uploads\\\/2013\\\/05\\\/presidente-Bcc-Prealpi-antiga.jpg\",\"width\":146,\"height\":160},{\"@type\":\"BreadcrumbList\",\"@id\":\"https:\\\/\\\/www.bellunopress.it\\\/2026\\\/08\\\/19\\\/banca-prealpi-sanbiagio-al-via-quattro-nuovi-bandi-dedicati-a-cultura-formazione-parita-di-genere-e-ambiente\\\/#breadcrumb\",\"itemListElement\":[{\"@type\":\"ListItem\",\"position\":1,\"name\":\"Home\",\"item\":\"https:\\\/\\\/www.bellunopress.it\\\/\"},{\"@type\":\"ListItem\",\"position\":2,\"name\":\"Banca Prealpi SanBiagio: al via quattro nuovi bandi dedicati a cultura, formazione, parit\u00e0 di genere e ambiente\"}]},{\"@type\":\"WebSite\",\"@id\":\"https:\\\/\\\/www.bellunopress.it\\\/#website\",\"url\":\"https:\\\/\\\/www.bellunopress.it\\\/\",\"name\":\"Bellunopress - Dolomiti\",\"description\":\"e-mail: redazione@bellunopress.it\",\"publisher\":{\"@id\":\"https:\\\/\\\/www.bellunopress.it\\\/#organization\"},\"potentialAction\":[{\"@type\":\"SearchAction\",\"target\":{\"@type\":\"EntryPoint\",\"urlTemplate\":\"https:\\\/\\\/www.bellunopress.it\\\/?s={search_term_string}\"},\"query-input\":{\"@type\":\"PropertyValueSpecification\",\"valueRequired\":true,\"valueName\":\"search_term_string\"}}],\"inLanguage\":\"fr-FR\"},{\"@type\":\"Organization\",\"@id\":\"https:\\\/\\\/www.bellunopress.it\\\/#organization\",\"name\":\"Bellunopress\",\"url\":\"https:\\\/\\\/www.bellunopress.it\\\/\",\"logo\":{\"@type\":\"ImageObject\",\"inLanguage\":\"fr-FR\",\"@id\":\"https:\\\/\\\/www.bellunopress.it\\\/#\\\/schema\\\/logo\\\/image\\\/\",\"url\":\"https:\\\/\\\/www.bellunopress.it\\\/wp-content\\\/uploads\\\/2011\\\/05\\\/cropped-logo-bellunopress-.jpg\",\"contentUrl\":\"https:\\\/\\\/www.bellunopress.it\\\/wp-content\\\/uploads\\\/2011\\\/05\\\/cropped-logo-bellunopress-.jpg\",\"width\":512,\"height\":512,\"caption\":\"Bellunopress\"},\"image\":{\"@id\":\"https:\\\/\\\/www.bellunopress.it\\\/#\\\/schema\\\/logo\\\/image\\\/\"},\"sameAs\":[\"https:\\\/\\\/www.facebook.com\\\/profile.php?id=100008943462799\",\"https:\\\/\\\/x.com\\\/bellunopress\",\"https:\\\/\\\/www.linkedin.com\\\/hp\\\/?dnr=JBzUWaJfMUw8vbXJJ2tVW5-I3jZKvC4wsoxE&amp;amp;amp;amp;amp;amp;trk=nav_responsive_tab_home\",\"https:\\\/\\\/www.youtube.com\\\/channel\\\/UCxL0wu1uN0_3_7hGG0306cw\"]},{\"@type\":\"Person\",\"@id\":\"https:\\\/\\\/www.bellunopress.it\\\/#\\\/schema\\\/person\\\/79bb06722b37ece1c03d3e94beb30d73\",\"name\":\"redazione\",\"image\":{\"@type\":\"ImageObject\",\"inLanguage\":\"fr-FR\",\"@id\":\"https:\\\/\\\/secure.gravatar.com\\\/avatar\\\/37d968a2e67a6fd04c169c4bdef102d0bc5d31b2546345219e348575eb80e9a0?s=96&d=mm&r=g\",\"url\":\"https:\\\/\\\/secure.gravatar.com\\\/avatar\\\/37d968a2e67a6fd04c169c4bdef102d0bc5d31b2546345219e348575eb80e9a0?s=96&d=mm&r=g\",\"contentUrl\":\"https:\\\/\\\/secure.gravatar.com\\\/avatar\\\/37d968a2e67a6fd04c169c4bdef102d0bc5d31b2546345219e348575eb80e9a0?s=96&d=mm&r=g\",\"caption\":\"redazione\"},\"sameAs\":[\"http:\\\/\\\/www.bellunopress.it\",\"https:\\\/\\\/x.com\\\/bellunopress\"],\"url\":\"https:\\\/\\\/www.bellunopress.it\\\/fr\\\/author\\\/redazione\\\/\"}]}<\/script>\n<!-- \/ Yoast SEO plugin. -->","yoast_head_json":{"title":"Banca Prealpi SanBiagio: al via quattro nuovi bandi dedicati a cultura, formazione, parit\u00e0 di genere e ambiente - Bellunopress - Dolomiti","robots":{"index":"index","follow":"follow","max-snippet":"max-snippet:-1","max-image-preview":"max-image-preview:large","max-video-preview":"max-video-preview:-1"},"canonical":"https:\/\/www.bellunopress.it\/fr\/2026\/08\/19\/banca-prealpi-sanbiagio-al-via-quattro-nuovi-bandi-dedicati-a-cultura-formazione-parita-di-genere-e-ambiente\/","og_locale":"fr_FR","og_type":"article","og_title":"Banca Prealpi SanBiagio: al via quattro nuovi bandi dedicati a cultura, formazione, parit\u00e0 di genere e ambiente - Bellunopress - Dolomiti","og_description":"Dopo &#8220;EducaEstate&#8221;, dedicato al sostegno di Grest e centri estivi, e il bando Borse di\u00a0 studio, rivolto ai soci e ai figli dei soci, entra nel vivo il Piano Bandi 2026-2027, con quattro nuove iniziative per una dotazione complessiva di 800 mila euro Tarzo (TV), 19 agosto 2026 \u2013 Ascoltare i bisogni delle comunit\u00e0 locali [&hellip;]","og_url":"https:\/\/www.bellunopress.it\/fr\/2026\/08\/19\/banca-prealpi-sanbiagio-al-via-quattro-nuovi-bandi-dedicati-a-cultura-formazione-parita-di-genere-e-ambiente\/","og_site_name":"Bellunopress - Dolomiti","article_publisher":"https:\/\/www.facebook.com\/profile.php?id=100008943462799","article_published_time":"2026-08-19T08:31:39+00:00","article_modified_time":"2026-08-19T08:39:36+00:00","og_image":[{"width":146,"height":160,"url":"https:\/\/www.bellunopress.it\/wp-content\/uploads\/2013\/05\/presidente-Bcc-Prealpi-antiga.jpg","type":"image\/jpeg"}],"author":"redazione","twitter_card":"summary_large_image","twitter_creator":"@bellunopress","twitter_site":"@bellunopress","twitter_misc":{"Written by":"redazione","Est. reading time":"4 minutes"},"schema":{"@context":"https:\/\/schema.org","@graph":[{"@type":"Article","@id":"https:\/\/www.bellunopress.it\/2026\/08\/19\/banca-prealpi-sanbiagio-al-via-quattro-nuovi-bandi-dedicati-a-cultura-formazione-parita-di-genere-e-ambiente\/#article","isPartOf":{"@id":"https:\/\/www.bellunopress.it\/2026\/08\/19\/banca-prealpi-sanbiagio-al-via-quattro-nuovi-bandi-dedicati-a-cultura-formazione-parita-di-genere-e-ambiente\/"},"author":{"name":"redazione","@id":"https:\/\/www.bellunopress.it\/#\/schema\/person\/79bb06722b37ece1c03d3e94beb30d73"},"headline":"Banca Prealpi SanBiagio: al via quattro nuovi bandi dedicati a cultura, formazione, parit\u00e0 di genere e ambiente","datePublished":"2026-08-19T08:31:39+00:00","dateModified":"2026-08-19T08:39:36+00:00","mainEntityOfPage":{"@id":"https:\/\/www.bellunopress.it\/2026\/08\/19\/banca-prealpi-sanbiagio-al-via-quattro-nuovi-bandi-dedicati-a-cultura-formazione-parita-di-genere-e-ambiente\/"},"wordCount":710,"publisher":{"@id":"https:\/\/www.bellunopress.it\/#organization"},"image":{"@id":"https:\/\/www.bellunopress.it\/2026\/08\/19\/banca-prealpi-sanbiagio-al-via-quattro-nuovi-bandi-dedicati-a-cultura-formazione-parita-di-genere-e-ambiente\/#primaryimage"},"thumbnailUrl":"https:\/\/www.bellunopress.it\/wp-content\/uploads\/2013\/05\/presidente-Bcc-Prealpi-antiga.jpg","articleSection":["Scuola","Societ\u00e0, Associazioni, Istituzioni"],"inLanguage":"fr-FR"},{"@type":"WebPage","@id":"https:\/\/www.bellunopress.it\/2026\/08\/19\/banca-prealpi-sanbiagio-al-via-quattro-nuovi-bandi-dedicati-a-cultura-formazione-parita-di-genere-e-ambiente\/","url":"https:\/\/www.bellunopress.it\/2026\/08\/19\/banca-prealpi-sanbiagio-al-via-quattro-nuovi-bandi-dedicati-a-cultura-formazione-parita-di-genere-e-ambiente\/","name":"Banca Prealpi SanBiagio: al via quattro nuovi bandi dedicati a cultura, formazione, parit\u00e0 di genere e ambiente - Bellunopress - Dolomiti","isPartOf":{"@id":"https:\/\/www.bellunopress.it\/#website"},"primaryImageOfPage":{"@id":"https:\/\/www.bellunopress.it\/2026\/08\/19\/banca-prealpi-sanbiagio-al-via-quattro-nuovi-bandi-dedicati-a-cultura-formazione-parita-di-genere-e-ambiente\/#primaryimage"},"image":{"@id":"https:\/\/www.bellunopress.it\/2026\/08\/19\/banca-prealpi-sanbiagio-al-via-quattro-nuovi-bandi-dedicati-a-cultura-formazione-parita-di-genere-e-ambiente\/#primaryimage"},"thumbnailUrl":"https:\/\/www.bellunopress.it\/wp-content\/uploads\/2013\/05\/presidente-Bcc-Prealpi-antiga.jpg","datePublished":"2026-08-19T08:31:39+00:00","dateModified":"2026-08-19T08:39:36+00:00","breadcrumb":{"@id":"https:\/\/www.bellunopress.it\/2026\/08\/19\/banca-prealpi-sanbiagio-al-via-quattro-nuovi-bandi-dedicati-a-cultura-formazione-parita-di-genere-e-ambiente\/#breadcrumb"},"inLanguage":"fr-FR","potentialAction":[{"@type":"ReadAction","target":["https:\/\/www.bellunopress.it\/2026\/08\/19\/banca-prealpi-sanbiagio-al-via-quattro-nuovi-bandi-dedicati-a-cultura-formazione-parita-di-genere-e-ambiente\/"]}]},{"@type":"ImageObject","inLanguage":"fr-FR","@id":"https:\/\/www.bellunopress.it\/2026\/08\/19\/banca-prealpi-sanbiagio-al-via-quattro-nuovi-bandi-dedicati-a-cultura-formazione-parita-di-genere-e-ambiente\/#primaryimage","url":"https:\/\/www.bellunopress.it\/wp-content\/uploads\/2013\/05\/presidente-Bcc-Prealpi-antiga.jpg","contentUrl":"https:\/\/www.bellunopress.it\/wp-content\/uploads\/2013\/05\/presidente-Bcc-Prealpi-antiga.jpg","width":146,"height":160},{"@type":"BreadcrumbList","@id":"https:\/\/www.bellunopress.it\/2026\/08\/19\/banca-prealpi-sanbiagio-al-via-quattro-nuovi-bandi-dedicati-a-cultura-formazione-parita-di-genere-e-ambiente\/#breadcrumb","itemListElement":[{"@type":"ListItem","position":1,"name":"Home","item":"https:\/\/www.bellunopress.it\/"},{"@type":"ListItem","position":2,"name":"Banca Prealpi SanBiagio: al via quattro nuovi bandi dedicati a cultura, formazione, parit\u00e0 di genere e ambiente"}]},{"@type":"WebSite","@id":"https:\/\/www.bellunopress.it\/#website","url":"https:\/\/www.bellunopress.it\/","name":"Bellunopress - Dolomiti","description":"e-mail: redazione@bellunopress.it","publisher":{"@id":"https:\/\/www.bellunopress.it\/#organization"},"potentialAction":[{"@type":"SearchAction","target":{"@type":"EntryPoint","urlTemplate":"https:\/\/www.bellunopress.it\/?s={search_term_string}"},"query-input":{"@type":"PropertyValueSpecification","valueRequired":true,"valueName":"search_term_string"}}],"inLanguage":"fr-FR"},{"@type":"Organization","@id":"https:\/\/www.bellunopress.it\/#organization","name":"Bellunopress","url":"https:\/\/www.bellunopress.it\/","logo":{"@type":"ImageObject","inLanguage":"fr-FR","@id":"https:\/\/www.bellunopress.it\/#\/schema\/logo\/image\/","url":"https:\/\/www.bellunopress.it\/wp-content\/uploads\/2011\/05\/cropped-logo-bellunopress-.jpg","contentUrl":"https:\/\/www.bellunopress.it\/wp-content\/uploads\/2011\/05\/cropped-logo-bellunopress-.jpg","width":512,"height":512,"caption":"Bellunopress"},"image":{"@id":"https:\/\/www.bellunopress.it\/#\/schema\/logo\/image\/"},"sameAs":["https:\/\/www.facebook.com\/profile.php?id=100008943462799","https:\/\/x.com\/bellunopress","https:\/\/www.linkedin.com\/hp\/?dnr=JBzUWaJfMUw8vbXJJ2tVW5-I3jZKvC4wsoxE&amp;amp;amp;amp;amp;amp;trk=nav_responsive_tab_home","https:\/\/www.youtube.com\/channel\/UCxL0wu1uN0_3_7hGG0306cw"]},{"@type":"Person","@id":"https:\/\/www.bellunopress.it\/#\/schema\/person\/79bb06722b37ece1c03d3e94beb30d73","name":"r\u00e9daction","image":{"@type":"ImageObject","inLanguage":"fr-FR","@id":"https:\/\/secure.gravatar.com\/avatar\/37d968a2e67a6fd04c169c4bdef102d0bc5d31b2546345219e348575eb80e9a0?s=96&d=mm&r=g","url":"https:\/\/secure.gravatar.com\/avatar\/37d968a2e67a6fd04c169c4bdef102d0bc5d31b2546345219e348575eb80e9a0?s=96&d=mm&r=g","contentUrl":"https:\/\/secure.gravatar.com\/avatar\/37d968a2e67a6fd04c169c4bdef102d0bc5d31b2546345219e348575eb80e9a0?s=96&d=mm&r=g","caption":"redazione"},"sameAs":["http:\/\/www.bellunopress.it","https:\/\/x.com\/bellunopress"],"url":"https:\/\/www.bellunopress.it\/fr\/author\/redazione\/"}]}},"_links":{"self":[{"href":"https:\/\/www.bellunopress.it\/fr\/wp-json\/wp\/v2\/posts\/172743","targetHints":{"allow":["GET"]}}],"collection":[{"href":"https:\/\/www.bellunopress.it\/fr\/wp-json\/wp\/v2\/posts"}],"about":[{"href":"https:\/\/www.bellunopress.it\/fr\/wp-json\/wp\/v2\/types\/post"}],"author":[{"embeddable":true,"href":"https:\/\/www.bellunopress.it\/fr\/wp-json\/wp\/v2\/users\/2"}],"replies":[{"embeddable":true,"href":"https:\/\/www.bellunopress.it\/fr\/wp-json\/wp\/v2\/comments?post=172743"}],"version-history":[{"count":1,"href":"https:\/\/www.bellunopress.it\/fr\/wp-json\/wp\/v2\/posts\/172743\/revisions"}],"predecessor-version":[{"id":172744,"href":"https:\/\/www.bellunopress.it\/fr\/wp-json\/wp\/v2\/posts\/172743\/revisions\/172744"}],"wp:featuredmedia":[{"embeddable":true,"href":"https:\/\/www.bellunopress.it\/fr\/wp-json\/wp\/v2\/media\/49445"}],"wp:attachment":[{"href":"https:\/\/www.bellunopress.it\/fr\/wp-json\/wp\/v2\/media?parent=172743"}],"wp:term":[{"taxonomy":"category","embeddable":true,"href":"https:\/\/www.bellunopress.it\/fr\/wp-json\/wp\/v2\/categories?post=172743"},{"taxonomy":"post_tag","embeddable":true,"href":"https:\/\/www.bellunopress.it\/fr\/wp-json\/wp\/v2\/tags?post=172743"}],"curies":[{"name":"wp","href":"https:\/\/api.w.org\/{rel}","templated":true}]}}