{"id":172731,"date":"2026-08-18T19:40:51","date_gmt":"2026-08-18T17:40:51","guid":{"rendered":"https:\/\/www.bellunopress.it\/?p=172731"},"modified":"2026-08-18T19:40:51","modified_gmt":"2026-08-18T17:40:51","slug":"precipita-dalla-normale-allagner-e-perde-la-vita-molti-altri-interventi","status":"publish","type":"post","link":"https:\/\/www.bellunopress.it\/fr\/2026\/08\/18\/precipita-dalla-normale-allagner-e-perde-la-vita-molti-altri-interventi\/","title":{"rendered":"Precipita dalla normale all&#8217;Agner e perde la vita. Molti altri interventi"},"content":{"rendered":"<p>Voltago Agordino (BL), 18 &#8211; 08 &#8211; 2026\u00a0 \u00a0Una donna ha perso la vita nel pomeriggio dopo essere precipitata dalla via normale al Monte Agner, che stava percorrendo in discesa assieme al marito e a un&#8217;amica, al rientro dalla cima.<\/p>\n<p>\u00c8 stata proprio l&#8217;amica, attorno alle 16, a contattare il 118 e chiedere aiuto. Poco prima la 65enne di Limena (PD) stava scendendo davanti a lei e al marito, quando all&#8217;improvviso l&#8217;avevano vista ruzzolare, sparendo nel canale roccioso sottostante. Dopo aver fatto campo base al Rifugio Scarpa, appena si \u00e8 aperto un varco nella nebbia Falco 2 \u00e8 salito e, a 2.480 metri di altitudine, ha individuato l&#8217;uomo, che nel frattempo aveva raggiunto la moglie, un&#8217;ottantina di metri pi\u00f9 in basso. La donna \u00e8 stata subito recuperata dall&#8217;eliambulanza e portata al Rifugio Scarpa, dove medico e infermiera hanno tentato inutilmente di rianimarla.<\/p>\n<p>L&#8217;elicottero \u00e8 tornato in quota a prendere il marito e, in una seconda rotazione, l&#8217;amica rimasta ferma sul sentiero, e li ha issati a bordo con un verricello di 40 metri, per sbarcarli al Rifugio. Entrambi sono stati accompagnati a valle dal personale del Soccorso Alpino di Agordo, arrivato allo Scarpa assieme ai Carabinieri. La salma \u00e8 stata affidata al carro funebre.<\/p>\n<p>&nbsp;<\/p>\n<p>Cortina d&#8217;Ampezzo (BL), 18 &#8211; 08 &#8211; 2026\u00a0 \u00a0 Attorno alle 15 il Soccorso alpino di Cortina \u00e8 stato allertato per un alpinista 65enne di Terni, volato sul terzo tiro della Via Spigolo sud della Punta alpini. L&#8217;uomo, che aveva riportato un trauma alla caviglia, \u00e8 riuscito a calarsi con il compagno alla base della parete e a raggiungere il piano degli Ospedaletti di Falzarego, da dove per\u00f2 non \u00e8 pi\u00f9 stato in grado di muoversi autonomamente. Una squadra di soccorritori della Guardia di finanza lo ha quindi raggiunto e accompagnato al Codivilla.<\/p>\n<p>L&#8217;elicottero del Suem di Pieve di Cadore \u00e8 volato sulla pista di downhill di Son dei Prade, poich\u00e9 un piccolo ciclista che la stava percorrendo con gli amici era caduto sbattendo la testa. Il bambino di 10 anni \u00e8 stato preso in carico dall&#8217;equipe medica e dal tecnico di elisoccorso atterrati nelle vicinanze. Caricato in barella e trasferito sull&#8217;eliambulanza, il bimbo \u00e8 stato portato all&#8217;ospedale di Belluno.<\/p>\n<p>&nbsp;<\/p>\n<p>Belluno, 18 &#8211; 08 &#8211; 2026\u00a0 \u00a0 Questa mattina alle 8 circa Falco 2 \u00e8 stato inviato a Padola di Comelico Superiore, per un fungaiolo scivolato nei boschi in localit\u00e0 Praducchia. Calati con un verricello di 35 metri, equipe sanitaria e tecnico di elisoccorso hanno prestato le prime cure al 65enne di San Polo di Piave (TV) a seguito del possibile trauma cranico riportato cadendo lungo il pendio. Caricato in barella, l&#8217;uomo \u00e8 stato recuperato e trasportato all&#8217;ospedale di Belluno.<\/p>\n<p>L&#8217;elicottero di Pieve di Cadore \u00e8 intervenuto attorno alle 9 a Taibon Agordino, per un alpinista colpito da un sasso al piede, mentre stava scalando la Via &#8220;Non ti fidar di me se il cuor ti manca&#8221; alla Cima Costantini. Fatto scendere dalla prima sosta dove era avvenuto l&#8217;incidente dal compagno, il 25enne francese si trovava sul sentiero 554 alla base della parete. Caricato a bordo con un verricello di 10 metri, l&#8217;infortunato \u00e8 stato portato con una profonda ferita alla caviglia all&#8217;ospedale di Agordo.<\/p>\n<p>Verso le 9.30 Falco \u00e8 stato inviato a Rocca Pietore, sulla parete sud della Marmolada. Un altro rocciatore francese di 40 anni si era infattivfatto male a una caviglia sul V tiro della Via 6 pilastri al Piz Serauta. L&#8217;alpinista, calatosi autonomamente fino a terra con il compagno di cordata, \u00e8 stato recuperato dal tecnico di elisoccorso con 30 metri di verricello e accompagnato all&#8217;ospedale di Agordo.<\/p>\n<p>Falco 2 \u00e8 poi intervenuto nel comune di San Vito di Cadore, a seguito del trauma a una caviglia di un escursionista trevigiano di 57 anni. L&#8217;uomo che si trovava lungo il sentiero 436, che sale dal Passo Giau, tra Forcella Col Piombin e il bivio per il sentiero 436. Imbarcato in hovering, l&#8217;infortunato \u00e8 stato trasportato al Codivilla.<\/p>","protected":false},"excerpt":{"rendered":"<p>Voltago Agordino (BL), 18 &#8211; 08 &#8211; 2026\u00a0 \u00a0Una donna ha perso la vita nel pomeriggio dopo essere precipitata dalla via normale al Monte Agner, che stava percorrendo in discesa assieme al marito e a un&#8217;amica, al rientro dalla cima. \u00c8 stata proprio l&#8217;amica, attorno alle 16, a contattare il 118 e chiedere aiuto. Poco [&hellip;]<\/p>\n","protected":false},"author":2,"featured_media":143586,"comment_status":"closed","ping_status":"open","sticky":false,"template":"","format":"standard","meta":{"footnotes":""},"categories":[5],"tags":[],"class_list":["post-172731","post","type-post","status-publish","format-standard","has-post-thumbnail","category-cronaca"],"yoast_head":"<!-- This site is optimized with the Yoast SEO plugin v28.4 - https:\/\/yoast.com\/product\/yoast-seo-wordpress\/ -->\n<title>Precipita dalla normale all&#039;Agner e perde la vita. Molti altri interventi - Bellunopress - Dolomiti<\/title>\n<meta name=\"robots\" content=\"index, follow, max-snippet:-1, max-image-preview:large, max-video-preview:-1\" \/>\n<link rel=\"canonical\" href=\"https:\/\/www.bellunopress.it\/fr\/2026\/08\/18\/precipita-dalla-normale-allagner-e-perde-la-vita-molti-altri-interventi\/\" \/>\n<meta property=\"og:locale\" content=\"fr_FR\" \/>\n<meta property=\"og:type\" content=\"article\" \/>\n<meta property=\"og:title\" content=\"Precipita dalla normale all&#039;Agner e perde la vita. Molti altri interventi - Bellunopress - Dolomiti\" \/>\n<meta property=\"og:description\" content=\"Voltago Agordino (BL), 18 &#8211; 08 &#8211; 2026\u00a0 \u00a0Una donna ha perso la vita nel pomeriggio dopo essere precipitata dalla via normale al Monte Agner, che stava percorrendo in discesa assieme al marito e a un&#8217;amica, al rientro dalla cima. \u00c8 stata proprio l&#8217;amica, attorno alle 16, a contattare il 118 e chiedere aiuto. Poco [&hellip;]\" \/>\n<meta property=\"og:url\" content=\"https:\/\/www.bellunopress.it\/fr\/2026\/08\/18\/precipita-dalla-normale-allagner-e-perde-la-vita-molti-altri-interventi\/\" \/>\n<meta property=\"og:site_name\" content=\"Bellunopress - Dolomiti\" \/>\n<meta property=\"article:publisher\" content=\"https:\/\/www.facebook.com\/profile.php?id=100008943462799\" \/>\n<meta property=\"article:published_time\" content=\"2026-08-18T17:40:51+00:00\" \/>\n<meta property=\"og:image\" content=\"https:\/\/www.bellunopress.it\/wp-content\/uploads\/2023\/08\/Falco-1-elicottero-118_edited.jpg\" \/>\n\t<meta property=\"og:image:width\" content=\"946\" \/>\n\t<meta property=\"og:image:height\" content=\"604\" \/>\n\t<meta property=\"og:image:type\" content=\"image\/jpeg\" \/>\n<meta name=\"author\" content=\"redazione\" \/>\n<meta name=\"twitter:card\" content=\"summary_large_image\" \/>\n<meta name=\"twitter:creator\" content=\"@bellunopress\" \/>\n<meta name=\"twitter:site\" content=\"@bellunopress\" \/>\n<meta name=\"twitter:label1\" content=\"\u00c9crit par\" \/>\n\t<meta name=\"twitter:data1\" content=\"redazione\" \/>\n\t<meta name=\"twitter:label2\" content=\"Dur\u00e9e de lecture estim\u00e9e\" \/>\n\t<meta name=\"twitter:data2\" content=\"4 minutes\" \/>\n<script type=\"application\/ld+json\" class=\"yoast-schema-graph\">{\"@context\":\"https:\\\/\\\/schema.org\",\"@graph\":[{\"@type\":\"Article\",\"@id\":\"https:\\\/\\\/www.bellunopress.it\\\/2026\\\/08\\\/18\\\/precipita-dalla-normale-allagner-e-perde-la-vita-molti-altri-interventi\\\/#article\",\"isPartOf\":{\"@id\":\"https:\\\/\\\/www.bellunopress.it\\\/2026\\\/08\\\/18\\\/precipita-dalla-normale-allagner-e-perde-la-vita-molti-altri-interventi\\\/\"},\"author\":{\"name\":\"redazione\",\"@id\":\"https:\\\/\\\/www.bellunopress.it\\\/#\\\/schema\\\/person\\\/79bb06722b37ece1c03d3e94beb30d73\"},\"headline\":\"Precipita dalla normale all&#8217;Agner e perde la vita. Molti altri interventi\",\"datePublished\":\"2026-08-18T17:40:51+00:00\",\"mainEntityOfPage\":{\"@id\":\"https:\\\/\\\/www.bellunopress.it\\\/2026\\\/08\\\/18\\\/precipita-dalla-normale-allagner-e-perde-la-vita-molti-altri-interventi\\\/\"},\"wordCount\":642,\"publisher\":{\"@id\":\"https:\\\/\\\/www.bellunopress.it\\\/#organization\"},\"image\":{\"@id\":\"https:\\\/\\\/www.bellunopress.it\\\/2026\\\/08\\\/18\\\/precipita-dalla-normale-allagner-e-perde-la-vita-molti-altri-interventi\\\/#primaryimage\"},\"thumbnailUrl\":\"https:\\\/\\\/www.bellunopress.it\\\/wp-content\\\/uploads\\\/2023\\\/08\\\/Falco-1-elicottero-118_edited.jpg\",\"articleSection\":[\"Cronaca\\\/Politica\"],\"inLanguage\":\"fr-FR\"},{\"@type\":\"WebPage\",\"@id\":\"https:\\\/\\\/www.bellunopress.it\\\/2026\\\/08\\\/18\\\/precipita-dalla-normale-allagner-e-perde-la-vita-molti-altri-interventi\\\/\",\"url\":\"https:\\\/\\\/www.bellunopress.it\\\/2026\\\/08\\\/18\\\/precipita-dalla-normale-allagner-e-perde-la-vita-molti-altri-interventi\\\/\",\"name\":\"Precipita dalla normale all'Agner e perde la vita. Molti altri interventi - Bellunopress - Dolomiti\",\"isPartOf\":{\"@id\":\"https:\\\/\\\/www.bellunopress.it\\\/#website\"},\"primaryImageOfPage\":{\"@id\":\"https:\\\/\\\/www.bellunopress.it\\\/2026\\\/08\\\/18\\\/precipita-dalla-normale-allagner-e-perde-la-vita-molti-altri-interventi\\\/#primaryimage\"},\"image\":{\"@id\":\"https:\\\/\\\/www.bellunopress.it\\\/2026\\\/08\\\/18\\\/precipita-dalla-normale-allagner-e-perde-la-vita-molti-altri-interventi\\\/#primaryimage\"},\"thumbnailUrl\":\"https:\\\/\\\/www.bellunopress.it\\\/wp-content\\\/uploads\\\/2023\\\/08\\\/Falco-1-elicottero-118_edited.jpg\",\"datePublished\":\"2026-08-18T17:40:51+00:00\",\"breadcrumb\":{\"@id\":\"https:\\\/\\\/www.bellunopress.it\\\/2026\\\/08\\\/18\\\/precipita-dalla-normale-allagner-e-perde-la-vita-molti-altri-interventi\\\/#breadcrumb\"},\"inLanguage\":\"fr-FR\",\"potentialAction\":[{\"@type\":\"ReadAction\",\"target\":[\"https:\\\/\\\/www.bellunopress.it\\\/2026\\\/08\\\/18\\\/precipita-dalla-normale-allagner-e-perde-la-vita-molti-altri-interventi\\\/\"]}]},{\"@type\":\"ImageObject\",\"inLanguage\":\"fr-FR\",\"@id\":\"https:\\\/\\\/www.bellunopress.it\\\/2026\\\/08\\\/18\\\/precipita-dalla-normale-allagner-e-perde-la-vita-molti-altri-interventi\\\/#primaryimage\",\"url\":\"https:\\\/\\\/www.bellunopress.it\\\/wp-content\\\/uploads\\\/2023\\\/08\\\/Falco-1-elicottero-118_edited.jpg\",\"contentUrl\":\"https:\\\/\\\/www.bellunopress.it\\\/wp-content\\\/uploads\\\/2023\\\/08\\\/Falco-1-elicottero-118_edited.jpg\",\"width\":946,\"height\":604},{\"@type\":\"BreadcrumbList\",\"@id\":\"https:\\\/\\\/www.bellunopress.it\\\/2026\\\/08\\\/18\\\/precipita-dalla-normale-allagner-e-perde-la-vita-molti-altri-interventi\\\/#breadcrumb\",\"itemListElement\":[{\"@type\":\"ListItem\",\"position\":1,\"name\":\"Home\",\"item\":\"https:\\\/\\\/www.bellunopress.it\\\/\"},{\"@type\":\"ListItem\",\"position\":2,\"name\":\"Precipita dalla normale all&#8217;Agner e perde la vita. Molti altri interventi\"}]},{\"@type\":\"WebSite\",\"@id\":\"https:\\\/\\\/www.bellunopress.it\\\/#website\",\"url\":\"https:\\\/\\\/www.bellunopress.it\\\/\",\"name\":\"Bellunopress - Dolomiti\",\"description\":\"e-mail: redazione@bellunopress.it\",\"publisher\":{\"@id\":\"https:\\\/\\\/www.bellunopress.it\\\/#organization\"},\"potentialAction\":[{\"@type\":\"SearchAction\",\"target\":{\"@type\":\"EntryPoint\",\"urlTemplate\":\"https:\\\/\\\/www.bellunopress.it\\\/?s={search_term_string}\"},\"query-input\":{\"@type\":\"PropertyValueSpecification\",\"valueRequired\":true,\"valueName\":\"search_term_string\"}}],\"inLanguage\":\"fr-FR\"},{\"@type\":\"Organization\",\"@id\":\"https:\\\/\\\/www.bellunopress.it\\\/#organization\",\"name\":\"Bellunopress\",\"url\":\"https:\\\/\\\/www.bellunopress.it\\\/\",\"logo\":{\"@type\":\"ImageObject\",\"inLanguage\":\"fr-FR\",\"@id\":\"https:\\\/\\\/www.bellunopress.it\\\/#\\\/schema\\\/logo\\\/image\\\/\",\"url\":\"https:\\\/\\\/www.bellunopress.it\\\/wp-content\\\/uploads\\\/2011\\\/05\\\/cropped-logo-bellunopress-.jpg\",\"contentUrl\":\"https:\\\/\\\/www.bellunopress.it\\\/wp-content\\\/uploads\\\/2011\\\/05\\\/cropped-logo-bellunopress-.jpg\",\"width\":512,\"height\":512,\"caption\":\"Bellunopress\"},\"image\":{\"@id\":\"https:\\\/\\\/www.bellunopress.it\\\/#\\\/schema\\\/logo\\\/image\\\/\"},\"sameAs\":[\"https:\\\/\\\/www.facebook.com\\\/profile.php?id=100008943462799\",\"https:\\\/\\\/x.com\\\/bellunopress\",\"https:\\\/\\\/www.linkedin.com\\\/hp\\\/?dnr=JBzUWaJfMUw8vbXJJ2tVW5-I3jZKvC4wsoxE&amp;amp;amp;amp;amp;amp;trk=nav_responsive_tab_home\",\"https:\\\/\\\/www.youtube.com\\\/channel\\\/UCxL0wu1uN0_3_7hGG0306cw\"]},{\"@type\":\"Person\",\"@id\":\"https:\\\/\\\/www.bellunopress.it\\\/#\\\/schema\\\/person\\\/79bb06722b37ece1c03d3e94beb30d73\",\"name\":\"redazione\",\"image\":{\"@type\":\"ImageObject\",\"inLanguage\":\"fr-FR\",\"@id\":\"https:\\\/\\\/secure.gravatar.com\\\/avatar\\\/37d968a2e67a6fd04c169c4bdef102d0bc5d31b2546345219e348575eb80e9a0?s=96&d=mm&r=g\",\"url\":\"https:\\\/\\\/secure.gravatar.com\\\/avatar\\\/37d968a2e67a6fd04c169c4bdef102d0bc5d31b2546345219e348575eb80e9a0?s=96&d=mm&r=g\",\"contentUrl\":\"https:\\\/\\\/secure.gravatar.com\\\/avatar\\\/37d968a2e67a6fd04c169c4bdef102d0bc5d31b2546345219e348575eb80e9a0?s=96&d=mm&r=g\",\"caption\":\"redazione\"},\"sameAs\":[\"http:\\\/\\\/www.bellunopress.it\",\"https:\\\/\\\/x.com\\\/bellunopress\"],\"url\":\"https:\\\/\\\/www.bellunopress.it\\\/fr\\\/author\\\/redazione\\\/\"}]}<\/script>\n<!-- \/ Yoast SEO plugin. -->","yoast_head_json":{"title":"Precipita dalla normale all'Agner e perde la vita. Molti altri interventi - Bellunopress - Dolomiti","robots":{"index":"index","follow":"follow","max-snippet":"max-snippet:-1","max-image-preview":"max-image-preview:large","max-video-preview":"max-video-preview:-1"},"canonical":"https:\/\/www.bellunopress.it\/fr\/2026\/08\/18\/precipita-dalla-normale-allagner-e-perde-la-vita-molti-altri-interventi\/","og_locale":"fr_FR","og_type":"article","og_title":"Precipita dalla normale all'Agner e perde la vita. Molti altri interventi - Bellunopress - Dolomiti","og_description":"Voltago Agordino (BL), 18 &#8211; 08 &#8211; 2026\u00a0 \u00a0Una donna ha perso la vita nel pomeriggio dopo essere precipitata dalla via normale al Monte Agner, che stava percorrendo in discesa assieme al marito e a un&#8217;amica, al rientro dalla cima. \u00c8 stata proprio l&#8217;amica, attorno alle 16, a contattare il 118 e chiedere aiuto. Poco [&hellip;]","og_url":"https:\/\/www.bellunopress.it\/fr\/2026\/08\/18\/precipita-dalla-normale-allagner-e-perde-la-vita-molti-altri-interventi\/","og_site_name":"Bellunopress - Dolomiti","article_publisher":"https:\/\/www.facebook.com\/profile.php?id=100008943462799","article_published_time":"2026-08-18T17:40:51+00:00","og_image":[{"width":946,"height":604,"url":"https:\/\/www.bellunopress.it\/wp-content\/uploads\/2023\/08\/Falco-1-elicottero-118_edited.jpg","type":"image\/jpeg"}],"author":"redazione","twitter_card":"summary_large_image","twitter_creator":"@bellunopress","twitter_site":"@bellunopress","twitter_misc":{"\u00c9crit par":"redazione","Dur\u00e9e de lecture estim\u00e9e":"4 minutes"},"schema":{"@context":"https:\/\/schema.org","@graph":[{"@type":"Article","@id":"https:\/\/www.bellunopress.it\/2026\/08\/18\/precipita-dalla-normale-allagner-e-perde-la-vita-molti-altri-interventi\/#article","isPartOf":{"@id":"https:\/\/www.bellunopress.it\/2026\/08\/18\/precipita-dalla-normale-allagner-e-perde-la-vita-molti-altri-interventi\/"},"author":{"name":"redazione","@id":"https:\/\/www.bellunopress.it\/#\/schema\/person\/79bb06722b37ece1c03d3e94beb30d73"},"headline":"Precipita dalla normale all&#8217;Agner e perde la vita. Molti altri interventi","datePublished":"2026-08-18T17:40:51+00:00","mainEntityOfPage":{"@id":"https:\/\/www.bellunopress.it\/2026\/08\/18\/precipita-dalla-normale-allagner-e-perde-la-vita-molti-altri-interventi\/"},"wordCount":642,"publisher":{"@id":"https:\/\/www.bellunopress.it\/#organization"},"image":{"@id":"https:\/\/www.bellunopress.it\/2026\/08\/18\/precipita-dalla-normale-allagner-e-perde-la-vita-molti-altri-interventi\/#primaryimage"},"thumbnailUrl":"https:\/\/www.bellunopress.it\/wp-content\/uploads\/2023\/08\/Falco-1-elicottero-118_edited.jpg","articleSection":["Cronaca\/Politica"],"inLanguage":"fr-FR"},{"@type":"WebPage","@id":"https:\/\/www.bellunopress.it\/2026\/08\/18\/precipita-dalla-normale-allagner-e-perde-la-vita-molti-altri-interventi\/","url":"https:\/\/www.bellunopress.it\/2026\/08\/18\/precipita-dalla-normale-allagner-e-perde-la-vita-molti-altri-interventi\/","name":"Precipita dalla normale all'Agner e perde la vita. Molti altri interventi - Bellunopress - Dolomiti","isPartOf":{"@id":"https:\/\/www.bellunopress.it\/#website"},"primaryImageOfPage":{"@id":"https:\/\/www.bellunopress.it\/2026\/08\/18\/precipita-dalla-normale-allagner-e-perde-la-vita-molti-altri-interventi\/#primaryimage"},"image":{"@id":"https:\/\/www.bellunopress.it\/2026\/08\/18\/precipita-dalla-normale-allagner-e-perde-la-vita-molti-altri-interventi\/#primaryimage"},"thumbnailUrl":"https:\/\/www.bellunopress.it\/wp-content\/uploads\/2023\/08\/Falco-1-elicottero-118_edited.jpg","datePublished":"2026-08-18T17:40:51+00:00","breadcrumb":{"@id":"https:\/\/www.bellunopress.it\/2026\/08\/18\/precipita-dalla-normale-allagner-e-perde-la-vita-molti-altri-interventi\/#breadcrumb"},"inLanguage":"fr-FR","potentialAction":[{"@type":"ReadAction","target":["https:\/\/www.bellunopress.it\/2026\/08\/18\/precipita-dalla-normale-allagner-e-perde-la-vita-molti-altri-interventi\/"]}]},{"@type":"ImageObject","inLanguage":"fr-FR","@id":"https:\/\/www.bellunopress.it\/2026\/08\/18\/precipita-dalla-normale-allagner-e-perde-la-vita-molti-altri-interventi\/#primaryimage","url":"https:\/\/www.bellunopress.it\/wp-content\/uploads\/2023\/08\/Falco-1-elicottero-118_edited.jpg","contentUrl":"https:\/\/www.bellunopress.it\/wp-content\/uploads\/2023\/08\/Falco-1-elicottero-118_edited.jpg","width":946,"height":604},{"@type":"BreadcrumbList","@id":"https:\/\/www.bellunopress.it\/2026\/08\/18\/precipita-dalla-normale-allagner-e-perde-la-vita-molti-altri-interventi\/#breadcrumb","itemListElement":[{"@type":"ListItem","position":1,"name":"Home","item":"https:\/\/www.bellunopress.it\/"},{"@type":"ListItem","position":2,"name":"Precipita dalla normale all&#8217;Agner e perde la vita. Molti altri interventi"}]},{"@type":"WebSite","@id":"https:\/\/www.bellunopress.it\/#website","url":"https:\/\/www.bellunopress.it\/","name":"Bellunopress - Dolomiti","description":"e-mail: redazione@bellunopress.it","publisher":{"@id":"https:\/\/www.bellunopress.it\/#organization"},"potentialAction":[{"@type":"SearchAction","target":{"@type":"EntryPoint","urlTemplate":"https:\/\/www.bellunopress.it\/?s={search_term_string}"},"query-input":{"@type":"PropertyValueSpecification","valueRequired":true,"valueName":"search_term_string"}}],"inLanguage":"fr-FR"},{"@type":"Organization","@id":"https:\/\/www.bellunopress.it\/#organization","name":"Bellunopress","url":"https:\/\/www.bellunopress.it\/","logo":{"@type":"ImageObject","inLanguage":"fr-FR","@id":"https:\/\/www.bellunopress.it\/#\/schema\/logo\/image\/","url":"https:\/\/www.bellunopress.it\/wp-content\/uploads\/2011\/05\/cropped-logo-bellunopress-.jpg","contentUrl":"https:\/\/www.bellunopress.it\/wp-content\/uploads\/2011\/05\/cropped-logo-bellunopress-.jpg","width":512,"height":512,"caption":"Bellunopress"},"image":{"@id":"https:\/\/www.bellunopress.it\/#\/schema\/logo\/image\/"},"sameAs":["https:\/\/www.facebook.com\/profile.php?id=100008943462799","https:\/\/x.com\/bellunopress","https:\/\/www.linkedin.com\/hp\/?dnr=JBzUWaJfMUw8vbXJJ2tVW5-I3jZKvC4wsoxE&amp;amp;amp;amp;amp;amp;trk=nav_responsive_tab_home","https:\/\/www.youtube.com\/channel\/UCxL0wu1uN0_3_7hGG0306cw"]},{"@type":"Person","@id":"https:\/\/www.bellunopress.it\/#\/schema\/person\/79bb06722b37ece1c03d3e94beb30d73","name":"r\u00e9daction","image":{"@type":"ImageObject","inLanguage":"fr-FR","@id":"https:\/\/secure.gravatar.com\/avatar\/37d968a2e67a6fd04c169c4bdef102d0bc5d31b2546345219e348575eb80e9a0?s=96&d=mm&r=g","url":"https:\/\/secure.gravatar.com\/avatar\/37d968a2e67a6fd04c169c4bdef102d0bc5d31b2546345219e348575eb80e9a0?s=96&d=mm&r=g","contentUrl":"https:\/\/secure.gravatar.com\/avatar\/37d968a2e67a6fd04c169c4bdef102d0bc5d31b2546345219e348575eb80e9a0?s=96&d=mm&r=g","caption":"redazione"},"sameAs":["http:\/\/www.bellunopress.it","https:\/\/x.com\/bellunopress"],"url":"https:\/\/www.bellunopress.it\/fr\/author\/redazione\/"}]}},"_links":{"self":[{"href":"https:\/\/www.bellunopress.it\/fr\/wp-json\/wp\/v2\/posts\/172731","targetHints":{"allow":["GET"]}}],"collection":[{"href":"https:\/\/www.bellunopress.it\/fr\/wp-json\/wp\/v2\/posts"}],"about":[{"href":"https:\/\/www.bellunopress.it\/fr\/wp-json\/wp\/v2\/types\/post"}],"author":[{"embeddable":true,"href":"https:\/\/www.bellunopress.it\/fr\/wp-json\/wp\/v2\/users\/2"}],"replies":[{"embeddable":true,"href":"https:\/\/www.bellunopress.it\/fr\/wp-json\/wp\/v2\/comments?post=172731"}],"version-history":[{"count":1,"href":"https:\/\/www.bellunopress.it\/fr\/wp-json\/wp\/v2\/posts\/172731\/revisions"}],"predecessor-version":[{"id":172732,"href":"https:\/\/www.bellunopress.it\/fr\/wp-json\/wp\/v2\/posts\/172731\/revisions\/172732"}],"wp:featuredmedia":[{"embeddable":true,"href":"https:\/\/www.bellunopress.it\/fr\/wp-json\/wp\/v2\/media\/143586"}],"wp:attachment":[{"href":"https:\/\/www.bellunopress.it\/fr\/wp-json\/wp\/v2\/media?parent=172731"}],"wp:term":[{"taxonomy":"category","embeddable":true,"href":"https:\/\/www.bellunopress.it\/fr\/wp-json\/wp\/v2\/categories?post=172731"},{"taxonomy":"post_tag","embeddable":true,"href":"https:\/\/www.bellunopress.it\/fr\/wp-json\/wp\/v2\/tags?post=172731"}],"curies":[{"name":"wp","href":"https:\/\/api.w.org\/{rel}","templated":true}]}}