{"id":172719,"date":"2026-08-18T13:33:25","date_gmt":"2026-08-18T11:33:25","guid":{"rendered":"https:\/\/www.bellunopress.it\/?p=172719"},"modified":"2026-08-18T13:34:00","modified_gmt":"2026-08-18T11:34:00","slug":"premio-longarone-2026-il-riconoscimento-a-sci-club-podenzoi-e-giovanni-feltrin","status":"publish","type":"post","link":"https:\/\/www.bellunopress.it\/fr\/2026\/08\/18\/premio-longarone-2026-il-riconoscimento-a-sci-club-podenzoi-e-giovanni-feltrin\/","title":{"rendered":"Premio Longarone 2026, il riconoscimento a Sci Club Podenzoi e Giovanni Feltrin"},"content":{"rendered":"<p><strong>Padrin: \u201cUna realt\u00e0 e una figura che rappresentano un orgoglio e un esempio per la nostra comunit\u00e0\u201d<\/strong><\/p>\n<p>Sar\u00e0 assegnato allo Sci Club Podenzoi e a Giovanni Feltrin il Premio Longarone 2026, il riconoscimento biennale con cui il Comune valorizza persone, associazioni e istituzioni che si sono particolarmente distinte nei campi della cultura, dell\u2019economia, del lavoro, della scuola, dello sport e dell\u2019impegno sociale, con un legame significativo con la comunit\u00e0 longaronese.<\/p>\n<p>Il regolamento prevede che il premio venga conferito con una medaglia d\u2019oro recante lo stemma del Comune.<br \/>\nLa cerimonia di consegna della 14\u00aa edizione \u00e8 in programma sabato 10 ottobre alle 9.30 nella sala consiliare del Comune di Longarone. Un appuntamento che si inserisce nelle iniziative legate all\u2019anniversario della tragedia del Vajont e che anche quest\u2019anno porter\u00e0 al centro dell\u2019attenzione due storie profondamente legate al territorio.<\/p>\n<p>Per lo Sci Club Podenzoi il riconoscimento arriva in occasione dei 70 anni di attivit\u00e0. Sette decenni di storia costruita attraverso generazioni di persone che hanno promosso lo sport, organizzato gare, iniziative e momenti di aggregazione rimasti nella memoria della comunit\u00e0. Dal fondo allo scopone su ghiaccio, dalla corsa in montagna alle numerose attivit\u00e0 organizzate nel corso degli anni, lo Sci Club ha rappresentato un punto di riferimento per lo sport e per la vita sociale della frazione, continuando ancora oggi la propria attivit\u00e0 e il proprio impegno.<\/p>\n<p>L\u2019altro riconoscimento andr\u00e0 a Giovanni Feltrin (Johnny nel circuito azzurro dello sci), originario di Fortogna e appartenente all\u2019Arma dei Carabinieri, dal 2017 responsabile tecnico della Nazionale italiana di sci alpino femminile di velocit\u00e0. Una carriera ai massimi livelli internazionali, impreziosita da sei medaglie olimpiche, otto medaglie mondiali, 60 vittorie in Coppa del mondo e 120 podi. Un percorso costruito partendo dal basso e arrivato ai vertici dello sci mondiale, fino a farne uno degli allenatori pi\u00f9 affermati del panorama internazionale. Per Longarone, quella di Feltrin \u00e8 anche una storia di appartenenza: un talento cresciuto nel territorio e diventato, attraverso lavoro, competenza e determinazione, un esempio per la comunit\u00e0. Un motivo di orgoglio per il paese e per tutto il mondo sportivo longaronese.<\/p>\n<p>\u00abAnche quest\u2019anno il Premio Longarone va a valorizzare figure di altissimo profilo \u2013 sottolinea il sindaco, Roberto Padrin \u2013 capaci, con percorsi diversi, di rappresentare valori importanti per la nostra comunit\u00e0: la passione, la dedizione, il volontariato, lo sport e la capacit\u00e0 di raggiungere risultati straordinari senza dimenticare le proprie radici\u00bb.<\/p>\n<p>Il Premio sar\u00e0 inoltre uno dei momenti significativi del programma del 9 ottobre, giornata che quest\u2019anno sar\u00e0 caratterizzata anche dal 35\u00b0 anniversario del gemellaggio con Urussanga, in Brasile. Per l\u2019occasione \u00e8 attesa a Longarone una delegazione di circa 40 persone, guidata dalla sindaca di Urussanga, per rinnovare il legame nato 35 anni fa e consolidato nel tempo tra le due comunit\u00e0.<\/p>","protected":false},"excerpt":{"rendered":"<p>Padrin: \u201cUna realt\u00e0 e una figura che rappresentano un orgoglio e un esempio per la nostra comunit\u00e0\u201d Sar\u00e0 assegnato allo Sci Club Podenzoi e a Giovanni Feltrin il Premio Longarone 2026, il riconoscimento biennale con cui il Comune valorizza persone, associazioni e istituzioni che si sono particolarmente distinte nei campi della cultura, dell\u2019economia, del lavoro, [&hellip;]<\/p>\n","protected":false},"author":2,"featured_media":172720,"comment_status":"closed","ping_status":"open","sticky":false,"template":"","format":"standard","meta":{"footnotes":""},"categories":[8,4],"tags":[],"class_list":["post-172719","post","type-post","status-publish","format-standard","has-post-thumbnail","category-societa-istituzioni","category-sport"],"yoast_head":"<!-- This site is optimized with the Yoast SEO plugin v28.4 - https:\/\/yoast.com\/product\/yoast-seo-wordpress\/ -->\n<title>Premio Longarone 2026, il riconoscimento a Sci Club Podenzoi e Giovanni Feltrin - Bellunopress - Dolomiti<\/title>\n<meta name=\"robots\" content=\"index, follow, max-snippet:-1, max-image-preview:large, max-video-preview:-1\" \/>\n<link rel=\"canonical\" href=\"https:\/\/www.bellunopress.it\/fr\/2026\/08\/18\/premio-longarone-2026-il-riconoscimento-a-sci-club-podenzoi-e-giovanni-feltrin\/\" \/>\n<meta property=\"og:locale\" content=\"fr_FR\" \/>\n<meta property=\"og:type\" content=\"article\" \/>\n<meta property=\"og:title\" content=\"Premio Longarone 2026, il riconoscimento a Sci Club Podenzoi e Giovanni Feltrin - Bellunopress - Dolomiti\" \/>\n<meta property=\"og:description\" content=\"Padrin: \u201cUna realt\u00e0 e una figura che rappresentano un orgoglio e un esempio per la nostra comunit\u00e0\u201d Sar\u00e0 assegnato allo Sci Club Podenzoi e a Giovanni Feltrin il Premio Longarone 2026, il riconoscimento biennale con cui il Comune valorizza persone, associazioni e istituzioni che si sono particolarmente distinte nei campi della cultura, dell\u2019economia, del lavoro, [&hellip;]\" \/>\n<meta property=\"og:url\" content=\"https:\/\/www.bellunopress.it\/fr\/2026\/08\/18\/premio-longarone-2026-il-riconoscimento-a-sci-club-podenzoi-e-giovanni-feltrin\/\" \/>\n<meta property=\"og:site_name\" content=\"Bellunopress - Dolomiti\" \/>\n<meta property=\"article:publisher\" content=\"https:\/\/www.facebook.com\/profile.php?id=100008943462799\" \/>\n<meta property=\"article:published_time\" content=\"2026-08-18T11:33:25+00:00\" \/>\n<meta property=\"article:modified_time\" content=\"2026-08-18T11:34:00+00:00\" \/>\n<meta property=\"og:image\" content=\"https:\/\/www.bellunopress.it\/wp-content\/uploads\/2026\/08\/Sci-Club-Podenzoi.jpg\" \/>\n\t<meta property=\"og:image:width\" content=\"960\" \/>\n\t<meta property=\"og:image:height\" content=\"960\" \/>\n\t<meta property=\"og:image:type\" content=\"image\/jpeg\" \/>\n<meta name=\"author\" content=\"redazione\" \/>\n<meta name=\"twitter:card\" content=\"summary_large_image\" \/>\n<meta name=\"twitter:creator\" content=\"@bellunopress\" \/>\n<meta name=\"twitter:site\" content=\"@bellunopress\" \/>\n<meta name=\"twitter:label1\" content=\"\u00c9crit par\" \/>\n\t<meta name=\"twitter:data1\" content=\"redazione\" \/>\n\t<meta name=\"twitter:label2\" content=\"Dur\u00e9e de lecture estim\u00e9e\" \/>\n\t<meta name=\"twitter:data2\" content=\"3 minutes\" \/>\n<script type=\"application\/ld+json\" class=\"yoast-schema-graph\">{\"@context\":\"https:\\\/\\\/schema.org\",\"@graph\":[{\"@type\":\"Article\",\"@id\":\"https:\\\/\\\/www.bellunopress.it\\\/2026\\\/08\\\/18\\\/premio-longarone-2026-il-riconoscimento-a-sci-club-podenzoi-e-giovanni-feltrin\\\/#article\",\"isPartOf\":{\"@id\":\"https:\\\/\\\/www.bellunopress.it\\\/2026\\\/08\\\/18\\\/premio-longarone-2026-il-riconoscimento-a-sci-club-podenzoi-e-giovanni-feltrin\\\/\"},\"author\":{\"name\":\"redazione\",\"@id\":\"https:\\\/\\\/www.bellunopress.it\\\/#\\\/schema\\\/person\\\/79bb06722b37ece1c03d3e94beb30d73\"},\"headline\":\"Premio Longarone 2026, il riconoscimento a Sci Club Podenzoi e Giovanni Feltrin\",\"datePublished\":\"2026-08-18T11:33:25+00:00\",\"dateModified\":\"2026-08-18T11:34:00+00:00\",\"mainEntityOfPage\":{\"@id\":\"https:\\\/\\\/www.bellunopress.it\\\/2026\\\/08\\\/18\\\/premio-longarone-2026-il-riconoscimento-a-sci-club-podenzoi-e-giovanni-feltrin\\\/\"},\"wordCount\":463,\"publisher\":{\"@id\":\"https:\\\/\\\/www.bellunopress.it\\\/#organization\"},\"image\":{\"@id\":\"https:\\\/\\\/www.bellunopress.it\\\/2026\\\/08\\\/18\\\/premio-longarone-2026-il-riconoscimento-a-sci-club-podenzoi-e-giovanni-feltrin\\\/#primaryimage\"},\"thumbnailUrl\":\"https:\\\/\\\/www.bellunopress.it\\\/wp-content\\\/uploads\\\/2026\\\/08\\\/Sci-Club-Podenzoi.jpg\",\"articleSection\":[\"Societ\u00e0, Associazioni, Istituzioni\",\"Sport, tempo libero\"],\"inLanguage\":\"fr-FR\"},{\"@type\":\"WebPage\",\"@id\":\"https:\\\/\\\/www.bellunopress.it\\\/2026\\\/08\\\/18\\\/premio-longarone-2026-il-riconoscimento-a-sci-club-podenzoi-e-giovanni-feltrin\\\/\",\"url\":\"https:\\\/\\\/www.bellunopress.it\\\/2026\\\/08\\\/18\\\/premio-longarone-2026-il-riconoscimento-a-sci-club-podenzoi-e-giovanni-feltrin\\\/\",\"name\":\"Premio Longarone 2026, il riconoscimento a Sci Club Podenzoi e Giovanni Feltrin - Bellunopress - Dolomiti\",\"isPartOf\":{\"@id\":\"https:\\\/\\\/www.bellunopress.it\\\/#website\"},\"primaryImageOfPage\":{\"@id\":\"https:\\\/\\\/www.bellunopress.it\\\/2026\\\/08\\\/18\\\/premio-longarone-2026-il-riconoscimento-a-sci-club-podenzoi-e-giovanni-feltrin\\\/#primaryimage\"},\"image\":{\"@id\":\"https:\\\/\\\/www.bellunopress.it\\\/2026\\\/08\\\/18\\\/premio-longarone-2026-il-riconoscimento-a-sci-club-podenzoi-e-giovanni-feltrin\\\/#primaryimage\"},\"thumbnailUrl\":\"https:\\\/\\\/www.bellunopress.it\\\/wp-content\\\/uploads\\\/2026\\\/08\\\/Sci-Club-Podenzoi.jpg\",\"datePublished\":\"2026-08-18T11:33:25+00:00\",\"dateModified\":\"2026-08-18T11:34:00+00:00\",\"breadcrumb\":{\"@id\":\"https:\\\/\\\/www.bellunopress.it\\\/2026\\\/08\\\/18\\\/premio-longarone-2026-il-riconoscimento-a-sci-club-podenzoi-e-giovanni-feltrin\\\/#breadcrumb\"},\"inLanguage\":\"fr-FR\",\"potentialAction\":[{\"@type\":\"ReadAction\",\"target\":[\"https:\\\/\\\/www.bellunopress.it\\\/2026\\\/08\\\/18\\\/premio-longarone-2026-il-riconoscimento-a-sci-club-podenzoi-e-giovanni-feltrin\\\/\"]}]},{\"@type\":\"ImageObject\",\"inLanguage\":\"fr-FR\",\"@id\":\"https:\\\/\\\/www.bellunopress.it\\\/2026\\\/08\\\/18\\\/premio-longarone-2026-il-riconoscimento-a-sci-club-podenzoi-e-giovanni-feltrin\\\/#primaryimage\",\"url\":\"https:\\\/\\\/www.bellunopress.it\\\/wp-content\\\/uploads\\\/2026\\\/08\\\/Sci-Club-Podenzoi.jpg\",\"contentUrl\":\"https:\\\/\\\/www.bellunopress.it\\\/wp-content\\\/uploads\\\/2026\\\/08\\\/Sci-Club-Podenzoi.jpg\",\"width\":960,\"height\":960},{\"@type\":\"BreadcrumbList\",\"@id\":\"https:\\\/\\\/www.bellunopress.it\\\/2026\\\/08\\\/18\\\/premio-longarone-2026-il-riconoscimento-a-sci-club-podenzoi-e-giovanni-feltrin\\\/#breadcrumb\",\"itemListElement\":[{\"@type\":\"ListItem\",\"position\":1,\"name\":\"Home\",\"item\":\"https:\\\/\\\/www.bellunopress.it\\\/\"},{\"@type\":\"ListItem\",\"position\":2,\"name\":\"Premio Longarone 2026, il riconoscimento a Sci Club Podenzoi e Giovanni Feltrin\"}]},{\"@type\":\"WebSite\",\"@id\":\"https:\\\/\\\/www.bellunopress.it\\\/#website\",\"url\":\"https:\\\/\\\/www.bellunopress.it\\\/\",\"name\":\"Bellunopress - Dolomiti\",\"description\":\"e-mail: redazione@bellunopress.it\",\"publisher\":{\"@id\":\"https:\\\/\\\/www.bellunopress.it\\\/#organization\"},\"potentialAction\":[{\"@type\":\"SearchAction\",\"target\":{\"@type\":\"EntryPoint\",\"urlTemplate\":\"https:\\\/\\\/www.bellunopress.it\\\/?s={search_term_string}\"},\"query-input\":{\"@type\":\"PropertyValueSpecification\",\"valueRequired\":true,\"valueName\":\"search_term_string\"}}],\"inLanguage\":\"fr-FR\"},{\"@type\":\"Organization\",\"@id\":\"https:\\\/\\\/www.bellunopress.it\\\/#organization\",\"name\":\"Bellunopress\",\"url\":\"https:\\\/\\\/www.bellunopress.it\\\/\",\"logo\":{\"@type\":\"ImageObject\",\"inLanguage\":\"fr-FR\",\"@id\":\"https:\\\/\\\/www.bellunopress.it\\\/#\\\/schema\\\/logo\\\/image\\\/\",\"url\":\"https:\\\/\\\/www.bellunopress.it\\\/wp-content\\\/uploads\\\/2011\\\/05\\\/cropped-logo-bellunopress-.jpg\",\"contentUrl\":\"https:\\\/\\\/www.bellunopress.it\\\/wp-content\\\/uploads\\\/2011\\\/05\\\/cropped-logo-bellunopress-.jpg\",\"width\":512,\"height\":512,\"caption\":\"Bellunopress\"},\"image\":{\"@id\":\"https:\\\/\\\/www.bellunopress.it\\\/#\\\/schema\\\/logo\\\/image\\\/\"},\"sameAs\":[\"https:\\\/\\\/www.facebook.com\\\/profile.php?id=100008943462799\",\"https:\\\/\\\/x.com\\\/bellunopress\",\"https:\\\/\\\/www.linkedin.com\\\/hp\\\/?dnr=JBzUWaJfMUw8vbXJJ2tVW5-I3jZKvC4wsoxE&amp;amp;amp;amp;amp;amp;trk=nav_responsive_tab_home\",\"https:\\\/\\\/www.youtube.com\\\/channel\\\/UCxL0wu1uN0_3_7hGG0306cw\"]},{\"@type\":\"Person\",\"@id\":\"https:\\\/\\\/www.bellunopress.it\\\/#\\\/schema\\\/person\\\/79bb06722b37ece1c03d3e94beb30d73\",\"name\":\"redazione\",\"image\":{\"@type\":\"ImageObject\",\"inLanguage\":\"fr-FR\",\"@id\":\"https:\\\/\\\/secure.gravatar.com\\\/avatar\\\/37d968a2e67a6fd04c169c4bdef102d0bc5d31b2546345219e348575eb80e9a0?s=96&d=mm&r=g\",\"url\":\"https:\\\/\\\/secure.gravatar.com\\\/avatar\\\/37d968a2e67a6fd04c169c4bdef102d0bc5d31b2546345219e348575eb80e9a0?s=96&d=mm&r=g\",\"contentUrl\":\"https:\\\/\\\/secure.gravatar.com\\\/avatar\\\/37d968a2e67a6fd04c169c4bdef102d0bc5d31b2546345219e348575eb80e9a0?s=96&d=mm&r=g\",\"caption\":\"redazione\"},\"sameAs\":[\"http:\\\/\\\/www.bellunopress.it\",\"https:\\\/\\\/x.com\\\/bellunopress\"],\"url\":\"https:\\\/\\\/www.bellunopress.it\\\/fr\\\/author\\\/redazione\\\/\"}]}<\/script>\n<!-- \/ Yoast SEO plugin. -->","yoast_head_json":{"title":"Premio Longarone 2026, il riconoscimento a Sci Club Podenzoi e Giovanni Feltrin - Bellunopress - Dolomiti","robots":{"index":"index","follow":"follow","max-snippet":"max-snippet:-1","max-image-preview":"max-image-preview:large","max-video-preview":"max-video-preview:-1"},"canonical":"https:\/\/www.bellunopress.it\/fr\/2026\/08\/18\/premio-longarone-2026-il-riconoscimento-a-sci-club-podenzoi-e-giovanni-feltrin\/","og_locale":"fr_FR","og_type":"article","og_title":"Premio Longarone 2026, il riconoscimento a Sci Club Podenzoi e Giovanni Feltrin - Bellunopress - Dolomiti","og_description":"Padrin: \u201cUna realt\u00e0 e una figura che rappresentano un orgoglio e un esempio per la nostra comunit\u00e0\u201d Sar\u00e0 assegnato allo Sci Club Podenzoi e a Giovanni Feltrin il Premio Longarone 2026, il riconoscimento biennale con cui il Comune valorizza persone, associazioni e istituzioni che si sono particolarmente distinte nei campi della cultura, dell\u2019economia, del lavoro, [&hellip;]","og_url":"https:\/\/www.bellunopress.it\/fr\/2026\/08\/18\/premio-longarone-2026-il-riconoscimento-a-sci-club-podenzoi-e-giovanni-feltrin\/","og_site_name":"Bellunopress - Dolomiti","article_publisher":"https:\/\/www.facebook.com\/profile.php?id=100008943462799","article_published_time":"2026-08-18T11:33:25+00:00","article_modified_time":"2026-08-18T11:34:00+00:00","og_image":[{"width":960,"height":960,"url":"https:\/\/www.bellunopress.it\/wp-content\/uploads\/2026\/08\/Sci-Club-Podenzoi.jpg","type":"image\/jpeg"}],"author":"redazione","twitter_card":"summary_large_image","twitter_creator":"@bellunopress","twitter_site":"@bellunopress","twitter_misc":{"\u00c9crit par":"redazione","Dur\u00e9e de lecture estim\u00e9e":"3 minutes"},"schema":{"@context":"https:\/\/schema.org","@graph":[{"@type":"Article","@id":"https:\/\/www.bellunopress.it\/2026\/08\/18\/premio-longarone-2026-il-riconoscimento-a-sci-club-podenzoi-e-giovanni-feltrin\/#article","isPartOf":{"@id":"https:\/\/www.bellunopress.it\/2026\/08\/18\/premio-longarone-2026-il-riconoscimento-a-sci-club-podenzoi-e-giovanni-feltrin\/"},"author":{"name":"redazione","@id":"https:\/\/www.bellunopress.it\/#\/schema\/person\/79bb06722b37ece1c03d3e94beb30d73"},"headline":"Premio Longarone 2026, il riconoscimento a Sci Club Podenzoi e Giovanni Feltrin","datePublished":"2026-08-18T11:33:25+00:00","dateModified":"2026-08-18T11:34:00+00:00","mainEntityOfPage":{"@id":"https:\/\/www.bellunopress.it\/2026\/08\/18\/premio-longarone-2026-il-riconoscimento-a-sci-club-podenzoi-e-giovanni-feltrin\/"},"wordCount":463,"publisher":{"@id":"https:\/\/www.bellunopress.it\/#organization"},"image":{"@id":"https:\/\/www.bellunopress.it\/2026\/08\/18\/premio-longarone-2026-il-riconoscimento-a-sci-club-podenzoi-e-giovanni-feltrin\/#primaryimage"},"thumbnailUrl":"https:\/\/www.bellunopress.it\/wp-content\/uploads\/2026\/08\/Sci-Club-Podenzoi.jpg","articleSection":["Societ\u00e0, Associazioni, Istituzioni","Sport, tempo libero"],"inLanguage":"fr-FR"},{"@type":"WebPage","@id":"https:\/\/www.bellunopress.it\/2026\/08\/18\/premio-longarone-2026-il-riconoscimento-a-sci-club-podenzoi-e-giovanni-feltrin\/","url":"https:\/\/www.bellunopress.it\/2026\/08\/18\/premio-longarone-2026-il-riconoscimento-a-sci-club-podenzoi-e-giovanni-feltrin\/","name":"Premio Longarone 2026, il riconoscimento a Sci Club Podenzoi e Giovanni Feltrin - Bellunopress - Dolomiti","isPartOf":{"@id":"https:\/\/www.bellunopress.it\/#website"},"primaryImageOfPage":{"@id":"https:\/\/www.bellunopress.it\/2026\/08\/18\/premio-longarone-2026-il-riconoscimento-a-sci-club-podenzoi-e-giovanni-feltrin\/#primaryimage"},"image":{"@id":"https:\/\/www.bellunopress.it\/2026\/08\/18\/premio-longarone-2026-il-riconoscimento-a-sci-club-podenzoi-e-giovanni-feltrin\/#primaryimage"},"thumbnailUrl":"https:\/\/www.bellunopress.it\/wp-content\/uploads\/2026\/08\/Sci-Club-Podenzoi.jpg","datePublished":"2026-08-18T11:33:25+00:00","dateModified":"2026-08-18T11:34:00+00:00","breadcrumb":{"@id":"https:\/\/www.bellunopress.it\/2026\/08\/18\/premio-longarone-2026-il-riconoscimento-a-sci-club-podenzoi-e-giovanni-feltrin\/#breadcrumb"},"inLanguage":"fr-FR","potentialAction":[{"@type":"ReadAction","target":["https:\/\/www.bellunopress.it\/2026\/08\/18\/premio-longarone-2026-il-riconoscimento-a-sci-club-podenzoi-e-giovanni-feltrin\/"]}]},{"@type":"ImageObject","inLanguage":"fr-FR","@id":"https:\/\/www.bellunopress.it\/2026\/08\/18\/premio-longarone-2026-il-riconoscimento-a-sci-club-podenzoi-e-giovanni-feltrin\/#primaryimage","url":"https:\/\/www.bellunopress.it\/wp-content\/uploads\/2026\/08\/Sci-Club-Podenzoi.jpg","contentUrl":"https:\/\/www.bellunopress.it\/wp-content\/uploads\/2026\/08\/Sci-Club-Podenzoi.jpg","width":960,"height":960},{"@type":"BreadcrumbList","@id":"https:\/\/www.bellunopress.it\/2026\/08\/18\/premio-longarone-2026-il-riconoscimento-a-sci-club-podenzoi-e-giovanni-feltrin\/#breadcrumb","itemListElement":[{"@type":"ListItem","position":1,"name":"Home","item":"https:\/\/www.bellunopress.it\/"},{"@type":"ListItem","position":2,"name":"Premio Longarone 2026, il riconoscimento a Sci Club Podenzoi e Giovanni Feltrin"}]},{"@type":"WebSite","@id":"https:\/\/www.bellunopress.it\/#website","url":"https:\/\/www.bellunopress.it\/","name":"Bellunopress - Dolomiti","description":"e-mail: redazione@bellunopress.it","publisher":{"@id":"https:\/\/www.bellunopress.it\/#organization"},"potentialAction":[{"@type":"SearchAction","target":{"@type":"EntryPoint","urlTemplate":"https:\/\/www.bellunopress.it\/?s={search_term_string}"},"query-input":{"@type":"PropertyValueSpecification","valueRequired":true,"valueName":"search_term_string"}}],"inLanguage":"fr-FR"},{"@type":"Organization","@id":"https:\/\/www.bellunopress.it\/#organization","name":"Bellunopress","url":"https:\/\/www.bellunopress.it\/","logo":{"@type":"ImageObject","inLanguage":"fr-FR","@id":"https:\/\/www.bellunopress.it\/#\/schema\/logo\/image\/","url":"https:\/\/www.bellunopress.it\/wp-content\/uploads\/2011\/05\/cropped-logo-bellunopress-.jpg","contentUrl":"https:\/\/www.bellunopress.it\/wp-content\/uploads\/2011\/05\/cropped-logo-bellunopress-.jpg","width":512,"height":512,"caption":"Bellunopress"},"image":{"@id":"https:\/\/www.bellunopress.it\/#\/schema\/logo\/image\/"},"sameAs":["https:\/\/www.facebook.com\/profile.php?id=100008943462799","https:\/\/x.com\/bellunopress","https:\/\/www.linkedin.com\/hp\/?dnr=JBzUWaJfMUw8vbXJJ2tVW5-I3jZKvC4wsoxE&amp;amp;amp;amp;amp;amp;trk=nav_responsive_tab_home","https:\/\/www.youtube.com\/channel\/UCxL0wu1uN0_3_7hGG0306cw"]},{"@type":"Person","@id":"https:\/\/www.bellunopress.it\/#\/schema\/person\/79bb06722b37ece1c03d3e94beb30d73","name":"r\u00e9daction","image":{"@type":"ImageObject","inLanguage":"fr-FR","@id":"https:\/\/secure.gravatar.com\/avatar\/37d968a2e67a6fd04c169c4bdef102d0bc5d31b2546345219e348575eb80e9a0?s=96&d=mm&r=g","url":"https:\/\/secure.gravatar.com\/avatar\/37d968a2e67a6fd04c169c4bdef102d0bc5d31b2546345219e348575eb80e9a0?s=96&d=mm&r=g","contentUrl":"https:\/\/secure.gravatar.com\/avatar\/37d968a2e67a6fd04c169c4bdef102d0bc5d31b2546345219e348575eb80e9a0?s=96&d=mm&r=g","caption":"redazione"},"sameAs":["http:\/\/www.bellunopress.it","https:\/\/x.com\/bellunopress"],"url":"https:\/\/www.bellunopress.it\/fr\/author\/redazione\/"}]}},"_links":{"self":[{"href":"https:\/\/www.bellunopress.it\/fr\/wp-json\/wp\/v2\/posts\/172719","targetHints":{"allow":["GET"]}}],"collection":[{"href":"https:\/\/www.bellunopress.it\/fr\/wp-json\/wp\/v2\/posts"}],"about":[{"href":"https:\/\/www.bellunopress.it\/fr\/wp-json\/wp\/v2\/types\/post"}],"author":[{"embeddable":true,"href":"https:\/\/www.bellunopress.it\/fr\/wp-json\/wp\/v2\/users\/2"}],"replies":[{"embeddable":true,"href":"https:\/\/www.bellunopress.it\/fr\/wp-json\/wp\/v2\/comments?post=172719"}],"version-history":[{"count":1,"href":"https:\/\/www.bellunopress.it\/fr\/wp-json\/wp\/v2\/posts\/172719\/revisions"}],"predecessor-version":[{"id":172721,"href":"https:\/\/www.bellunopress.it\/fr\/wp-json\/wp\/v2\/posts\/172719\/revisions\/172721"}],"wp:featuredmedia":[{"embeddable":true,"href":"https:\/\/www.bellunopress.it\/fr\/wp-json\/wp\/v2\/media\/172720"}],"wp:attachment":[{"href":"https:\/\/www.bellunopress.it\/fr\/wp-json\/wp\/v2\/media?parent=172719"}],"wp:term":[{"taxonomy":"category","embeddable":true,"href":"https:\/\/www.bellunopress.it\/fr\/wp-json\/wp\/v2\/categories?post=172719"},{"taxonomy":"post_tag","embeddable":true,"href":"https:\/\/www.bellunopress.it\/fr\/wp-json\/wp\/v2\/tags?post=172719"}],"curies":[{"name":"wp","href":"https:\/\/api.w.org\/{rel}","templated":true}]}}