{"id":172717,"date":"2026-08-18T09:40:51","date_gmt":"2026-08-18T07:40:51","guid":{"rendered":"https:\/\/www.bellunopress.it\/?p=172717"},"modified":"2026-08-18T09:40:51","modified_gmt":"2026-08-18T07:40:51","slug":"tornano-operativi-i-servizi-ippomontati-dei-carabinieri-forestali-tra-le-montagne-del-veneto","status":"publish","type":"post","link":"https:\/\/www.bellunopress.it\/fr\/2026\/08\/18\/tornano-operativi-i-servizi-ippomontati-dei-carabinieri-forestali-tra-le-montagne-del-veneto\/","title":{"rendered":"Tornano operativi i servizi ippomontati dei Carabinieri Forestali tra le montagne del Veneto"},"content":{"rendered":"<p>Belluno, 8\/08\/2026 &#8211; Nel periodo di massimo afflusso turistico dell&#8217;estate, tra le vette e i sentieri del Veneto si intensifica l&#8217;azione di tutela ambientale dei Carabinieri Forestali. Il Reparto Biodiversit\u00e0 di Belluno, in sinergia con i Nuclei territoriali, ha potenziato i servizi ippomontati per sorvegliare le aree naturalistiche di maggiore pregio della regione.<\/p>\n<p>Le pattuglie a cavallo presidiano le Riserve Naturali statali del Bellunese, i complessi silvo-pastorali della Conca d&#8217;Ampezzo e i vasti pascoli dell&#8217;Altopiano di Asiago, offrendo una copertura capillare proprio nei giorni della grande pressione antropica estiva.<\/p>\n<p>I cavalli impiegati in queste attivit\u00e0 provengono dal Centro di Selezione Equestre di Salet di Sedico e dalle scuderie di Nemeggio, situate nella Riserva Naturale Statale del Vincheto di Celarda a Feltre. L&#8217;utilizzo di reparti a cavallo risponde a una precisa esigenza logistica e ambientale:<\/p>\n<p>Mobilit\u00e0 strategica: permettono di raggiungere agevolmente sentieri, zone boscate e pascoli d&#8217;alta quota preclusi ai normali mezzi motorizzati.<\/p>\n<p>Impatto zero: garantiscono il pattugliamento nel pieno rispetto degli ecosistemi fragili, muovendosi senza inquinare o arrecare disturbo alla fauna selvatica.<\/p>\n<p>Il raggio d&#8217;azione dei Carabinieri Forestali ippomontati copre molteplici fronti cruciali per la salvaguardia della montagna:<\/p>\n<p>Rispetto delle normative: vigilanza sul corretto transito fuoristrada e prevenzione dell&#8217;abbandono dei rifiuti.<\/p>\n<p>Tutela ecologica: controllo sul rispetto delle regole per la raccolta dei funghi e costante attivit\u00e0 di prevenzione e avvistamento contro gli incendi boschivi.<\/p>\n<p>Punto di riferimento per gli escursionisti: Oltre alla funzione di polizia ambientale, la presenza in sella rappresenta un elemento rassicurante e un canale diretto d&#8217;informazione per promuovere una frequentazione consapevole e responsabile della montagna, prevenendo comportamenti a rischio nelle zone protette.<\/p>\n<p>Accanto all&#8217;impegno operativo quotidiano, i reparti equestri svolgono un&#8217;importante funzione di rappresentanza. Le pattuglie hanno preso parte alle celebrazioni per la Festa Quinquennale dell\u2019Assunta a Foza (Vicenza) e saranno protagoniste a Cortina d\u2019Ampezzo in occasione della tradizionale festa \u201cDe Ra Bandes\u201d, offrendo a residenti e turisti l&#8217;occasione di ammirare da vicino questo storico e fondamentale presidio di legalit\u00e0 ambientale.<\/p>","protected":false},"excerpt":{"rendered":"<p>Belluno, 8\/08\/2026 &#8211; Nel periodo di massimo afflusso turistico dell&#8217;estate, tra le vette e i sentieri del Veneto si intensifica l&#8217;azione di tutela ambientale dei Carabinieri Forestali. Il Reparto Biodiversit\u00e0 di Belluno, in sinergia con i Nuclei territoriali, ha potenziato i servizi ippomontati per sorvegliare le aree naturalistiche di maggiore pregio della regione. Le pattuglie [&hellip;]<\/p>\n","protected":false},"author":2,"featured_media":127081,"comment_status":"closed","ping_status":"open","sticky":false,"template":"","format":"standard","meta":{"footnotes":""},"categories":[26,8],"tags":[],"class_list":["post-172717","post","type-post","status-publish","format-standard","has-post-thumbnail","category-prima-pagina","category-societa-istituzioni"],"yoast_head":"<!-- This site is optimized with the Yoast SEO plugin v28.4 - https:\/\/yoast.com\/product\/yoast-seo-wordpress\/ -->\n<title>Tornano operativi i servizi ippomontati dei Carabinieri Forestali tra le montagne del Veneto - Bellunopress - Dolomiti<\/title>\n<meta name=\"robots\" content=\"index, follow, max-snippet:-1, max-image-preview:large, max-video-preview:-1\" \/>\n<link rel=\"canonical\" href=\"https:\/\/www.bellunopress.it\/fr\/2026\/08\/18\/tornano-operativi-i-servizi-ippomontati-dei-carabinieri-forestali-tra-le-montagne-del-veneto\/\" \/>\n<meta property=\"og:locale\" content=\"fr_FR\" \/>\n<meta property=\"og:type\" content=\"article\" \/>\n<meta property=\"og:title\" content=\"Tornano operativi i servizi ippomontati dei Carabinieri Forestali tra le montagne del Veneto - Bellunopress - Dolomiti\" \/>\n<meta property=\"og:description\" content=\"Belluno, 8\/08\/2026 &#8211; Nel periodo di massimo afflusso turistico dell&#8217;estate, tra le vette e i sentieri del Veneto si intensifica l&#8217;azione di tutela ambientale dei Carabinieri Forestali. Il Reparto Biodiversit\u00e0 di Belluno, in sinergia con i Nuclei territoriali, ha potenziato i servizi ippomontati per sorvegliare le aree naturalistiche di maggiore pregio della regione. Le pattuglie [&hellip;]\" \/>\n<meta property=\"og:url\" content=\"https:\/\/www.bellunopress.it\/fr\/2026\/08\/18\/tornano-operativi-i-servizi-ippomontati-dei-carabinieri-forestali-tra-le-montagne-del-veneto\/\" \/>\n<meta property=\"og:site_name\" content=\"Bellunopress - Dolomiti\" \/>\n<meta property=\"article:publisher\" content=\"https:\/\/www.facebook.com\/profile.php?id=100008943462799\" \/>\n<meta property=\"article:published_time\" content=\"2026-08-18T07:40:51+00:00\" \/>\n<meta property=\"og:image\" content=\"https:\/\/www.bellunopress.it\/wp-content\/uploads\/2021\/08\/carabinieri-forestali-a-cavallo_edited.jpg\" \/>\n\t<meta property=\"og:image:width\" content=\"638\" \/>\n\t<meta property=\"og:image:height\" content=\"800\" \/>\n\t<meta property=\"og:image:type\" content=\"image\/jpeg\" \/>\n<meta name=\"author\" content=\"redazione\" \/>\n<meta name=\"twitter:card\" content=\"summary_large_image\" \/>\n<meta name=\"twitter:creator\" content=\"@bellunopress\" \/>\n<meta name=\"twitter:site\" content=\"@bellunopress\" \/>\n<meta name=\"twitter:label1\" content=\"\u00c9crit par\" \/>\n\t<meta name=\"twitter:data1\" content=\"redazione\" \/>\n\t<meta name=\"twitter:label2\" content=\"Dur\u00e9e de lecture estim\u00e9e\" \/>\n\t<meta name=\"twitter:data2\" content=\"2 minutes\" \/>\n<script type=\"application\/ld+json\" class=\"yoast-schema-graph\">{\"@context\":\"https:\\\/\\\/schema.org\",\"@graph\":[{\"@type\":\"Article\",\"@id\":\"https:\\\/\\\/www.bellunopress.it\\\/2026\\\/08\\\/18\\\/tornano-operativi-i-servizi-ippomontati-dei-carabinieri-forestali-tra-le-montagne-del-veneto\\\/#article\",\"isPartOf\":{\"@id\":\"https:\\\/\\\/www.bellunopress.it\\\/2026\\\/08\\\/18\\\/tornano-operativi-i-servizi-ippomontati-dei-carabinieri-forestali-tra-le-montagne-del-veneto\\\/\"},\"author\":{\"name\":\"redazione\",\"@id\":\"https:\\\/\\\/www.bellunopress.it\\\/#\\\/schema\\\/person\\\/79bb06722b37ece1c03d3e94beb30d73\"},\"headline\":\"Tornano operativi i servizi ippomontati dei Carabinieri Forestali tra le montagne del Veneto\",\"datePublished\":\"2026-08-18T07:40:51+00:00\",\"mainEntityOfPage\":{\"@id\":\"https:\\\/\\\/www.bellunopress.it\\\/2026\\\/08\\\/18\\\/tornano-operativi-i-servizi-ippomontati-dei-carabinieri-forestali-tra-le-montagne-del-veneto\\\/\"},\"wordCount\":350,\"publisher\":{\"@id\":\"https:\\\/\\\/www.bellunopress.it\\\/#organization\"},\"image\":{\"@id\":\"https:\\\/\\\/www.bellunopress.it\\\/2026\\\/08\\\/18\\\/tornano-operativi-i-servizi-ippomontati-dei-carabinieri-forestali-tra-le-montagne-del-veneto\\\/#primaryimage\"},\"thumbnailUrl\":\"https:\\\/\\\/www.bellunopress.it\\\/wp-content\\\/uploads\\\/2021\\\/08\\\/carabinieri-forestali-a-cavallo_edited.jpg\",\"articleSection\":[\"Prima Pagina\",\"Societ\u00e0, Associazioni, Istituzioni\"],\"inLanguage\":\"fr-FR\"},{\"@type\":\"WebPage\",\"@id\":\"https:\\\/\\\/www.bellunopress.it\\\/2026\\\/08\\\/18\\\/tornano-operativi-i-servizi-ippomontati-dei-carabinieri-forestali-tra-le-montagne-del-veneto\\\/\",\"url\":\"https:\\\/\\\/www.bellunopress.it\\\/2026\\\/08\\\/18\\\/tornano-operativi-i-servizi-ippomontati-dei-carabinieri-forestali-tra-le-montagne-del-veneto\\\/\",\"name\":\"Tornano operativi i servizi ippomontati dei Carabinieri Forestali tra le montagne del Veneto - Bellunopress - Dolomiti\",\"isPartOf\":{\"@id\":\"https:\\\/\\\/www.bellunopress.it\\\/#website\"},\"primaryImageOfPage\":{\"@id\":\"https:\\\/\\\/www.bellunopress.it\\\/2026\\\/08\\\/18\\\/tornano-operativi-i-servizi-ippomontati-dei-carabinieri-forestali-tra-le-montagne-del-veneto\\\/#primaryimage\"},\"image\":{\"@id\":\"https:\\\/\\\/www.bellunopress.it\\\/2026\\\/08\\\/18\\\/tornano-operativi-i-servizi-ippomontati-dei-carabinieri-forestali-tra-le-montagne-del-veneto\\\/#primaryimage\"},\"thumbnailUrl\":\"https:\\\/\\\/www.bellunopress.it\\\/wp-content\\\/uploads\\\/2021\\\/08\\\/carabinieri-forestali-a-cavallo_edited.jpg\",\"datePublished\":\"2026-08-18T07:40:51+00:00\",\"breadcrumb\":{\"@id\":\"https:\\\/\\\/www.bellunopress.it\\\/2026\\\/08\\\/18\\\/tornano-operativi-i-servizi-ippomontati-dei-carabinieri-forestali-tra-le-montagne-del-veneto\\\/#breadcrumb\"},\"inLanguage\":\"fr-FR\",\"potentialAction\":[{\"@type\":\"ReadAction\",\"target\":[\"https:\\\/\\\/www.bellunopress.it\\\/2026\\\/08\\\/18\\\/tornano-operativi-i-servizi-ippomontati-dei-carabinieri-forestali-tra-le-montagne-del-veneto\\\/\"]}]},{\"@type\":\"ImageObject\",\"inLanguage\":\"fr-FR\",\"@id\":\"https:\\\/\\\/www.bellunopress.it\\\/2026\\\/08\\\/18\\\/tornano-operativi-i-servizi-ippomontati-dei-carabinieri-forestali-tra-le-montagne-del-veneto\\\/#primaryimage\",\"url\":\"https:\\\/\\\/www.bellunopress.it\\\/wp-content\\\/uploads\\\/2021\\\/08\\\/carabinieri-forestali-a-cavallo_edited.jpg\",\"contentUrl\":\"https:\\\/\\\/www.bellunopress.it\\\/wp-content\\\/uploads\\\/2021\\\/08\\\/carabinieri-forestali-a-cavallo_edited.jpg\",\"width\":638,\"height\":800,\"caption\":\"servizio ippomontato\"},{\"@type\":\"BreadcrumbList\",\"@id\":\"https:\\\/\\\/www.bellunopress.it\\\/2026\\\/08\\\/18\\\/tornano-operativi-i-servizi-ippomontati-dei-carabinieri-forestali-tra-le-montagne-del-veneto\\\/#breadcrumb\",\"itemListElement\":[{\"@type\":\"ListItem\",\"position\":1,\"name\":\"Home\",\"item\":\"https:\\\/\\\/www.bellunopress.it\\\/\"},{\"@type\":\"ListItem\",\"position\":2,\"name\":\"Tornano operativi i servizi ippomontati dei Carabinieri Forestali tra le montagne del Veneto\"}]},{\"@type\":\"WebSite\",\"@id\":\"https:\\\/\\\/www.bellunopress.it\\\/#website\",\"url\":\"https:\\\/\\\/www.bellunopress.it\\\/\",\"name\":\"Bellunopress - Dolomiti\",\"description\":\"e-mail: redazione@bellunopress.it\",\"publisher\":{\"@id\":\"https:\\\/\\\/www.bellunopress.it\\\/#organization\"},\"potentialAction\":[{\"@type\":\"SearchAction\",\"target\":{\"@type\":\"EntryPoint\",\"urlTemplate\":\"https:\\\/\\\/www.bellunopress.it\\\/?s={search_term_string}\"},\"query-input\":{\"@type\":\"PropertyValueSpecification\",\"valueRequired\":true,\"valueName\":\"search_term_string\"}}],\"inLanguage\":\"fr-FR\"},{\"@type\":\"Organization\",\"@id\":\"https:\\\/\\\/www.bellunopress.it\\\/#organization\",\"name\":\"Bellunopress\",\"url\":\"https:\\\/\\\/www.bellunopress.it\\\/\",\"logo\":{\"@type\":\"ImageObject\",\"inLanguage\":\"fr-FR\",\"@id\":\"https:\\\/\\\/www.bellunopress.it\\\/#\\\/schema\\\/logo\\\/image\\\/\",\"url\":\"https:\\\/\\\/www.bellunopress.it\\\/wp-content\\\/uploads\\\/2011\\\/05\\\/cropped-logo-bellunopress-.jpg\",\"contentUrl\":\"https:\\\/\\\/www.bellunopress.it\\\/wp-content\\\/uploads\\\/2011\\\/05\\\/cropped-logo-bellunopress-.jpg\",\"width\":512,\"height\":512,\"caption\":\"Bellunopress\"},\"image\":{\"@id\":\"https:\\\/\\\/www.bellunopress.it\\\/#\\\/schema\\\/logo\\\/image\\\/\"},\"sameAs\":[\"https:\\\/\\\/www.facebook.com\\\/profile.php?id=100008943462799\",\"https:\\\/\\\/x.com\\\/bellunopress\",\"https:\\\/\\\/www.linkedin.com\\\/hp\\\/?dnr=JBzUWaJfMUw8vbXJJ2tVW5-I3jZKvC4wsoxE&amp;amp;amp;amp;amp;amp;trk=nav_responsive_tab_home\",\"https:\\\/\\\/www.youtube.com\\\/channel\\\/UCxL0wu1uN0_3_7hGG0306cw\"]},{\"@type\":\"Person\",\"@id\":\"https:\\\/\\\/www.bellunopress.it\\\/#\\\/schema\\\/person\\\/79bb06722b37ece1c03d3e94beb30d73\",\"name\":\"redazione\",\"image\":{\"@type\":\"ImageObject\",\"inLanguage\":\"fr-FR\",\"@id\":\"https:\\\/\\\/secure.gravatar.com\\\/avatar\\\/37d968a2e67a6fd04c169c4bdef102d0bc5d31b2546345219e348575eb80e9a0?s=96&d=mm&r=g\",\"url\":\"https:\\\/\\\/secure.gravatar.com\\\/avatar\\\/37d968a2e67a6fd04c169c4bdef102d0bc5d31b2546345219e348575eb80e9a0?s=96&d=mm&r=g\",\"contentUrl\":\"https:\\\/\\\/secure.gravatar.com\\\/avatar\\\/37d968a2e67a6fd04c169c4bdef102d0bc5d31b2546345219e348575eb80e9a0?s=96&d=mm&r=g\",\"caption\":\"redazione\"},\"sameAs\":[\"http:\\\/\\\/www.bellunopress.it\",\"https:\\\/\\\/x.com\\\/bellunopress\"],\"url\":\"https:\\\/\\\/www.bellunopress.it\\\/fr\\\/author\\\/redazione\\\/\"}]}<\/script>\n<!-- \/ Yoast SEO plugin. -->","yoast_head_json":{"title":"Tornano operativi i servizi ippomontati dei Carabinieri Forestali tra le montagne del Veneto - Bellunopress - Dolomiti","robots":{"index":"index","follow":"follow","max-snippet":"max-snippet:-1","max-image-preview":"max-image-preview:large","max-video-preview":"max-video-preview:-1"},"canonical":"https:\/\/www.bellunopress.it\/fr\/2026\/08\/18\/tornano-operativi-i-servizi-ippomontati-dei-carabinieri-forestali-tra-le-montagne-del-veneto\/","og_locale":"fr_FR","og_type":"article","og_title":"Tornano operativi i servizi ippomontati dei Carabinieri Forestali tra le montagne del Veneto - Bellunopress - Dolomiti","og_description":"Belluno, 8\/08\/2026 &#8211; Nel periodo di massimo afflusso turistico dell&#8217;estate, tra le vette e i sentieri del Veneto si intensifica l&#8217;azione di tutela ambientale dei Carabinieri Forestali. Il Reparto Biodiversit\u00e0 di Belluno, in sinergia con i Nuclei territoriali, ha potenziato i servizi ippomontati per sorvegliare le aree naturalistiche di maggiore pregio della regione. Le pattuglie [&hellip;]","og_url":"https:\/\/www.bellunopress.it\/fr\/2026\/08\/18\/tornano-operativi-i-servizi-ippomontati-dei-carabinieri-forestali-tra-le-montagne-del-veneto\/","og_site_name":"Bellunopress - Dolomiti","article_publisher":"https:\/\/www.facebook.com\/profile.php?id=100008943462799","article_published_time":"2026-08-18T07:40:51+00:00","og_image":[{"width":638,"height":800,"url":"https:\/\/www.bellunopress.it\/wp-content\/uploads\/2021\/08\/carabinieri-forestali-a-cavallo_edited.jpg","type":"image\/jpeg"}],"author":"redazione","twitter_card":"summary_large_image","twitter_creator":"@bellunopress","twitter_site":"@bellunopress","twitter_misc":{"\u00c9crit par":"redazione","Dur\u00e9e de lecture estim\u00e9e":"2 minutes"},"schema":{"@context":"https:\/\/schema.org","@graph":[{"@type":"Article","@id":"https:\/\/www.bellunopress.it\/2026\/08\/18\/tornano-operativi-i-servizi-ippomontati-dei-carabinieri-forestali-tra-le-montagne-del-veneto\/#article","isPartOf":{"@id":"https:\/\/www.bellunopress.it\/2026\/08\/18\/tornano-operativi-i-servizi-ippomontati-dei-carabinieri-forestali-tra-le-montagne-del-veneto\/"},"author":{"name":"redazione","@id":"https:\/\/www.bellunopress.it\/#\/schema\/person\/79bb06722b37ece1c03d3e94beb30d73"},"headline":"Tornano operativi i servizi ippomontati dei Carabinieri Forestali tra le montagne del Veneto","datePublished":"2026-08-18T07:40:51+00:00","mainEntityOfPage":{"@id":"https:\/\/www.bellunopress.it\/2026\/08\/18\/tornano-operativi-i-servizi-ippomontati-dei-carabinieri-forestali-tra-le-montagne-del-veneto\/"},"wordCount":350,"publisher":{"@id":"https:\/\/www.bellunopress.it\/#organization"},"image":{"@id":"https:\/\/www.bellunopress.it\/2026\/08\/18\/tornano-operativi-i-servizi-ippomontati-dei-carabinieri-forestali-tra-le-montagne-del-veneto\/#primaryimage"},"thumbnailUrl":"https:\/\/www.bellunopress.it\/wp-content\/uploads\/2021\/08\/carabinieri-forestali-a-cavallo_edited.jpg","articleSection":["Prima Pagina","Societ\u00e0, Associazioni, Istituzioni"],"inLanguage":"fr-FR"},{"@type":"WebPage","@id":"https:\/\/www.bellunopress.it\/2026\/08\/18\/tornano-operativi-i-servizi-ippomontati-dei-carabinieri-forestali-tra-le-montagne-del-veneto\/","url":"https:\/\/www.bellunopress.it\/2026\/08\/18\/tornano-operativi-i-servizi-ippomontati-dei-carabinieri-forestali-tra-le-montagne-del-veneto\/","name":"Tornano operativi i servizi ippomontati dei Carabinieri Forestali tra le montagne del Veneto - Bellunopress - Dolomiti","isPartOf":{"@id":"https:\/\/www.bellunopress.it\/#website"},"primaryImageOfPage":{"@id":"https:\/\/www.bellunopress.it\/2026\/08\/18\/tornano-operativi-i-servizi-ippomontati-dei-carabinieri-forestali-tra-le-montagne-del-veneto\/#primaryimage"},"image":{"@id":"https:\/\/www.bellunopress.it\/2026\/08\/18\/tornano-operativi-i-servizi-ippomontati-dei-carabinieri-forestali-tra-le-montagne-del-veneto\/#primaryimage"},"thumbnailUrl":"https:\/\/www.bellunopress.it\/wp-content\/uploads\/2021\/08\/carabinieri-forestali-a-cavallo_edited.jpg","datePublished":"2026-08-18T07:40:51+00:00","breadcrumb":{"@id":"https:\/\/www.bellunopress.it\/2026\/08\/18\/tornano-operativi-i-servizi-ippomontati-dei-carabinieri-forestali-tra-le-montagne-del-veneto\/#breadcrumb"},"inLanguage":"fr-FR","potentialAction":[{"@type":"ReadAction","target":["https:\/\/www.bellunopress.it\/2026\/08\/18\/tornano-operativi-i-servizi-ippomontati-dei-carabinieri-forestali-tra-le-montagne-del-veneto\/"]}]},{"@type":"ImageObject","inLanguage":"fr-FR","@id":"https:\/\/www.bellunopress.it\/2026\/08\/18\/tornano-operativi-i-servizi-ippomontati-dei-carabinieri-forestali-tra-le-montagne-del-veneto\/#primaryimage","url":"https:\/\/www.bellunopress.it\/wp-content\/uploads\/2021\/08\/carabinieri-forestali-a-cavallo_edited.jpg","contentUrl":"https:\/\/www.bellunopress.it\/wp-content\/uploads\/2021\/08\/carabinieri-forestali-a-cavallo_edited.jpg","width":638,"height":800,"caption":"servizio ippomontato"},{"@type":"BreadcrumbList","@id":"https:\/\/www.bellunopress.it\/2026\/08\/18\/tornano-operativi-i-servizi-ippomontati-dei-carabinieri-forestali-tra-le-montagne-del-veneto\/#breadcrumb","itemListElement":[{"@type":"ListItem","position":1,"name":"Home","item":"https:\/\/www.bellunopress.it\/"},{"@type":"ListItem","position":2,"name":"Tornano operativi i servizi ippomontati dei Carabinieri Forestali tra le montagne del Veneto"}]},{"@type":"WebSite","@id":"https:\/\/www.bellunopress.it\/#website","url":"https:\/\/www.bellunopress.it\/","name":"Bellunopress - Dolomiti","description":"e-mail: redazione@bellunopress.it","publisher":{"@id":"https:\/\/www.bellunopress.it\/#organization"},"potentialAction":[{"@type":"SearchAction","target":{"@type":"EntryPoint","urlTemplate":"https:\/\/www.bellunopress.it\/?s={search_term_string}"},"query-input":{"@type":"PropertyValueSpecification","valueRequired":true,"valueName":"search_term_string"}}],"inLanguage":"fr-FR"},{"@type":"Organization","@id":"https:\/\/www.bellunopress.it\/#organization","name":"Bellunopress","url":"https:\/\/www.bellunopress.it\/","logo":{"@type":"ImageObject","inLanguage":"fr-FR","@id":"https:\/\/www.bellunopress.it\/#\/schema\/logo\/image\/","url":"https:\/\/www.bellunopress.it\/wp-content\/uploads\/2011\/05\/cropped-logo-bellunopress-.jpg","contentUrl":"https:\/\/www.bellunopress.it\/wp-content\/uploads\/2011\/05\/cropped-logo-bellunopress-.jpg","width":512,"height":512,"caption":"Bellunopress"},"image":{"@id":"https:\/\/www.bellunopress.it\/#\/schema\/logo\/image\/"},"sameAs":["https:\/\/www.facebook.com\/profile.php?id=100008943462799","https:\/\/x.com\/bellunopress","https:\/\/www.linkedin.com\/hp\/?dnr=JBzUWaJfMUw8vbXJJ2tVW5-I3jZKvC4wsoxE&amp;amp;amp;amp;amp;amp;trk=nav_responsive_tab_home","https:\/\/www.youtube.com\/channel\/UCxL0wu1uN0_3_7hGG0306cw"]},{"@type":"Person","@id":"https:\/\/www.bellunopress.it\/#\/schema\/person\/79bb06722b37ece1c03d3e94beb30d73","name":"r\u00e9daction","image":{"@type":"ImageObject","inLanguage":"fr-FR","@id":"https:\/\/secure.gravatar.com\/avatar\/37d968a2e67a6fd04c169c4bdef102d0bc5d31b2546345219e348575eb80e9a0?s=96&d=mm&r=g","url":"https:\/\/secure.gravatar.com\/avatar\/37d968a2e67a6fd04c169c4bdef102d0bc5d31b2546345219e348575eb80e9a0?s=96&d=mm&r=g","contentUrl":"https:\/\/secure.gravatar.com\/avatar\/37d968a2e67a6fd04c169c4bdef102d0bc5d31b2546345219e348575eb80e9a0?s=96&d=mm&r=g","caption":"redazione"},"sameAs":["http:\/\/www.bellunopress.it","https:\/\/x.com\/bellunopress"],"url":"https:\/\/www.bellunopress.it\/fr\/author\/redazione\/"}]}},"_links":{"self":[{"href":"https:\/\/www.bellunopress.it\/fr\/wp-json\/wp\/v2\/posts\/172717","targetHints":{"allow":["GET"]}}],"collection":[{"href":"https:\/\/www.bellunopress.it\/fr\/wp-json\/wp\/v2\/posts"}],"about":[{"href":"https:\/\/www.bellunopress.it\/fr\/wp-json\/wp\/v2\/types\/post"}],"author":[{"embeddable":true,"href":"https:\/\/www.bellunopress.it\/fr\/wp-json\/wp\/v2\/users\/2"}],"replies":[{"embeddable":true,"href":"https:\/\/www.bellunopress.it\/fr\/wp-json\/wp\/v2\/comments?post=172717"}],"version-history":[{"count":1,"href":"https:\/\/www.bellunopress.it\/fr\/wp-json\/wp\/v2\/posts\/172717\/revisions"}],"predecessor-version":[{"id":172718,"href":"https:\/\/www.bellunopress.it\/fr\/wp-json\/wp\/v2\/posts\/172717\/revisions\/172718"}],"wp:featuredmedia":[{"embeddable":true,"href":"https:\/\/www.bellunopress.it\/fr\/wp-json\/wp\/v2\/media\/127081"}],"wp:attachment":[{"href":"https:\/\/www.bellunopress.it\/fr\/wp-json\/wp\/v2\/media?parent=172717"}],"wp:term":[{"taxonomy":"category","embeddable":true,"href":"https:\/\/www.bellunopress.it\/fr\/wp-json\/wp\/v2\/categories?post=172717"},{"taxonomy":"post_tag","embeddable":true,"href":"https:\/\/www.bellunopress.it\/fr\/wp-json\/wp\/v2\/tags?post=172717"}],"curies":[{"name":"wp","href":"https:\/\/api.w.org\/{rel}","templated":true}]}}