{"id":172714,"date":"2026-08-18T09:31:24","date_gmt":"2026-08-18T07:31:24","guid":{"rendered":"https:\/\/www.bellunopress.it\/?p=172714"},"modified":"2026-08-18T09:31:24","modified_gmt":"2026-08-18T07:31:24","slug":"daniele-ciani-confermato-alla-presidenza-dellassocoazione-proprietari-nevegal","status":"publish","type":"post","link":"https:\/\/www.bellunopress.it\/fr\/2026\/08\/18\/daniele-ciani-confermato-alla-presidenza-dellassocoazione-proprietari-nevegal\/","title":{"rendered":"Daniele Ciani confermato alla presidenza dell&#8217;Assocoazione Proprietari Nevegal"},"content":{"rendered":"<p><strong>L&#8217;Associazione Proprietari Nevegal apre un nuovo mandato biennale. Oltre 230 associati: \u00abConosciamo le<\/strong><br \/>\n<strong>criticit\u00e0 del Colle, ma siamo altrettanto consapevoli delle sue grandi potenzialit\u00e0\u00bb.<\/strong><br \/>\nBelluno, 18\/08\/2026 &#8211; L&#8217;Associazione Proprietari Nevegal ha rinnovato i propri organi direttivi nel corso dell&#8217;assemblea<br \/>\ndei soci svoltasi domenica 16 agosto. Daniele Ciani \u00e8 stato confermato all&#8217;unanimit\u00e0 alla presidenza<br \/>\ndell&#8217;Associazione.<\/p>\n<p>Il nuovo Consiglio Direttivo, che rester\u00e0 in carica per i prossimi due anni, \u00e8 cos\u00ec composto: Daniele Ciani<br \/>\n(presidente), Adriano Trevisan (vicepresidente), Fabio Tonon (tesoriere), Lorella De Bon, Marco Dotta,<br \/>\nMatteo Dotta, Daniele Libralon, Giuseppe Scarton e Roberto Sturaro (consiglieri).<\/p>\n<p>Nata alla fine del 2019, l&#8217;APN ha progressivamente ampliato la propria base associativa, arrivando oggi a<br \/>\nsuperare i 230 iscritti.<br \/>\nUna rappresentativit\u00e0 che non riguarda soltanto i proprietari di seconde case: all&#8217;interno dell&#8217;Associazione sono<br \/>\npresenti anche numerosi residenti e operatori economici che vivono, lavorano e investono nel Nevegal.<br \/>\n\u00abEssere cresciuti fino a queste dimensioni &#8211; sottolinea Ciani &#8211; rappresenta certamente una soddisfazione, ma<br \/>\nsoprattutto una responsabilit\u00e0. Dobbiamo continuare a dare voce ai proprietari e, nello stesso tempo, contribuire<br \/>\nalla valorizzazione complessiva del Nevegal\u00bb.<\/p>\n<p>Il nuovo mandato parte dalla consapevolezza delle criticit\u00e0 che ancora interessano il Colle, unita alla<br \/>\nconvinzione che il Nevegal disponga di potenzialit\u00e0 importanti da sviluppare e valorizzare.<br \/>\nPer l&#8217;APN la strada resta quella di una programmazione di medio-lungo periodo, capace di superare la logica<br \/>\ndelle singole emergenze e di individuare con continuit\u00e0 priorit\u00e0, servizi, manutenzioni e infrastrutture<br \/>\nnecessarie al territorio. In questo quadro rientra anche il confronto, gi\u00e0 avviato, sul reinvestimento stabile nel<br \/>\nNevegal di una parte delle risorse che il Colle stesso genera.<\/p>\n<p>\u00abCostruire \u00e8 sempre pi\u00f9 difficile che distruggere &#8211; conclude Ciani &#8211; e richiede pazienza, capacit\u00e0 e tenacia. \u00c8<br \/>\ncon questo spirito che il nuovo Direttivo intende affrontare i prossimi due anni: con realismo, senza nascondere<br \/>\nle difficolt\u00e0, ma con la convinzione che il Nevegal abbia tutte le potenzialit\u00e0 per guardare con fiducia al proprio<br \/>\nfuturo\u00bb.<\/p>","protected":false},"excerpt":{"rendered":"<p>L&#8217;Associazione Proprietari Nevegal apre un nuovo mandato biennale. Oltre 230 associati: \u00abConosciamo le criticit\u00e0 del Colle, ma siamo altrettanto consapevoli delle sue grandi potenzialit\u00e0\u00bb. Belluno, 18\/08\/2026 &#8211; L&#8217;Associazione Proprietari Nevegal ha rinnovato i propri organi direttivi nel corso dell&#8217;assemblea dei soci svoltasi domenica 16 agosto. Daniele Ciani \u00e8 stato confermato all&#8217;unanimit\u00e0 alla presidenza dell&#8217;Associazione. Il [&hellip;]<\/p>\n","protected":false},"author":2,"featured_media":172715,"comment_status":"closed","ping_status":"open","sticky":false,"template":"","format":"standard","meta":{"footnotes":""},"categories":[26,8],"tags":[],"class_list":["post-172714","post","type-post","status-publish","format-standard","has-post-thumbnail","category-prima-pagina","category-societa-istituzioni"],"yoast_head":"<!-- This site is optimized with the Yoast SEO plugin v28.4 - https:\/\/yoast.com\/product\/yoast-seo-wordpress\/ -->\n<title>Daniele Ciani confermato alla presidenza dell&#039;Assocoazione Proprietari Nevegal - Bellunopress - Dolomiti<\/title>\n<meta name=\"robots\" content=\"index, follow, max-snippet:-1, max-image-preview:large, max-video-preview:-1\" \/>\n<link rel=\"canonical\" href=\"https:\/\/www.bellunopress.it\/fr\/2026\/08\/18\/daniele-ciani-confermato-alla-presidenza-dellassocoazione-proprietari-nevegal\/\" \/>\n<meta property=\"og:locale\" content=\"fr_FR\" \/>\n<meta property=\"og:type\" content=\"article\" \/>\n<meta property=\"og:title\" content=\"Daniele Ciani confermato alla presidenza dell&#039;Assocoazione Proprietari Nevegal - Bellunopress - Dolomiti\" \/>\n<meta property=\"og:description\" content=\"L&#8217;Associazione Proprietari Nevegal apre un nuovo mandato biennale. Oltre 230 associati: \u00abConosciamo le criticit\u00e0 del Colle, ma siamo altrettanto consapevoli delle sue grandi potenzialit\u00e0\u00bb. Belluno, 18\/08\/2026 &#8211; L&#8217;Associazione Proprietari Nevegal ha rinnovato i propri organi direttivi nel corso dell&#8217;assemblea dei soci svoltasi domenica 16 agosto. Daniele Ciani \u00e8 stato confermato all&#8217;unanimit\u00e0 alla presidenza dell&#8217;Associazione. Il [&hellip;]\" \/>\n<meta property=\"og:url\" content=\"https:\/\/www.bellunopress.it\/fr\/2026\/08\/18\/daniele-ciani-confermato-alla-presidenza-dellassocoazione-proprietari-nevegal\/\" \/>\n<meta property=\"og:site_name\" content=\"Bellunopress - Dolomiti\" \/>\n<meta property=\"article:publisher\" content=\"https:\/\/www.facebook.com\/profile.php?id=100008943462799\" \/>\n<meta property=\"article:published_time\" content=\"2026-08-18T07:31:24+00:00\" \/>\n<meta property=\"og:image\" content=\"https:\/\/www.bellunopress.it\/wp-content\/uploads\/2026\/08\/Daniele-Ciani-pres-Ass-Proprietari-Nevegal.jpeg\" \/>\n\t<meta property=\"og:image:width\" content=\"403\" \/>\n\t<meta property=\"og:image:height\" content=\"521\" \/>\n\t<meta property=\"og:image:type\" content=\"image\/jpeg\" \/>\n<meta name=\"author\" content=\"redazione\" \/>\n<meta name=\"twitter:card\" content=\"summary_large_image\" \/>\n<meta name=\"twitter:creator\" content=\"@bellunopress\" \/>\n<meta name=\"twitter:site\" content=\"@bellunopress\" \/>\n<meta name=\"twitter:label1\" content=\"Written by\" \/>\n\t<meta name=\"twitter:data1\" content=\"redazione\" \/>\n\t<meta name=\"twitter:label2\" content=\"Est. reading time\" \/>\n\t<meta name=\"twitter:data2\" content=\"2 minutes\" \/>\n<script type=\"application\/ld+json\" class=\"yoast-schema-graph\">{\"@context\":\"https:\\\/\\\/schema.org\",\"@graph\":[{\"@type\":\"Article\",\"@id\":\"https:\\\/\\\/www.bellunopress.it\\\/2026\\\/08\\\/18\\\/daniele-ciani-confermato-alla-presidenza-dellassocoazione-proprietari-nevegal\\\/#article\",\"isPartOf\":{\"@id\":\"https:\\\/\\\/www.bellunopress.it\\\/2026\\\/08\\\/18\\\/daniele-ciani-confermato-alla-presidenza-dellassocoazione-proprietari-nevegal\\\/\"},\"author\":{\"name\":\"redazione\",\"@id\":\"https:\\\/\\\/www.bellunopress.it\\\/#\\\/schema\\\/person\\\/79bb06722b37ece1c03d3e94beb30d73\"},\"headline\":\"Daniele Ciani confermato alla presidenza dell&#8217;Assocoazione Proprietari Nevegal\",\"datePublished\":\"2026-08-18T07:31:24+00:00\",\"mainEntityOfPage\":{\"@id\":\"https:\\\/\\\/www.bellunopress.it\\\/2026\\\/08\\\/18\\\/daniele-ciani-confermato-alla-presidenza-dellassocoazione-proprietari-nevegal\\\/\"},\"wordCount\":325,\"publisher\":{\"@id\":\"https:\\\/\\\/www.bellunopress.it\\\/#organization\"},\"image\":{\"@id\":\"https:\\\/\\\/www.bellunopress.it\\\/2026\\\/08\\\/18\\\/daniele-ciani-confermato-alla-presidenza-dellassocoazione-proprietari-nevegal\\\/#primaryimage\"},\"thumbnailUrl\":\"https:\\\/\\\/www.bellunopress.it\\\/wp-content\\\/uploads\\\/2026\\\/08\\\/Daniele-Ciani-pres-Ass-Proprietari-Nevegal.jpeg\",\"articleSection\":[\"Prima Pagina\",\"Societ\u00e0, Associazioni, Istituzioni\"],\"inLanguage\":\"fr-FR\"},{\"@type\":\"WebPage\",\"@id\":\"https:\\\/\\\/www.bellunopress.it\\\/2026\\\/08\\\/18\\\/daniele-ciani-confermato-alla-presidenza-dellassocoazione-proprietari-nevegal\\\/\",\"url\":\"https:\\\/\\\/www.bellunopress.it\\\/2026\\\/08\\\/18\\\/daniele-ciani-confermato-alla-presidenza-dellassocoazione-proprietari-nevegal\\\/\",\"name\":\"Daniele Ciani confermato alla presidenza dell'Assocoazione Proprietari Nevegal - Bellunopress - Dolomiti\",\"isPartOf\":{\"@id\":\"https:\\\/\\\/www.bellunopress.it\\\/#website\"},\"primaryImageOfPage\":{\"@id\":\"https:\\\/\\\/www.bellunopress.it\\\/2026\\\/08\\\/18\\\/daniele-ciani-confermato-alla-presidenza-dellassocoazione-proprietari-nevegal\\\/#primaryimage\"},\"image\":{\"@id\":\"https:\\\/\\\/www.bellunopress.it\\\/2026\\\/08\\\/18\\\/daniele-ciani-confermato-alla-presidenza-dellassocoazione-proprietari-nevegal\\\/#primaryimage\"},\"thumbnailUrl\":\"https:\\\/\\\/www.bellunopress.it\\\/wp-content\\\/uploads\\\/2026\\\/08\\\/Daniele-Ciani-pres-Ass-Proprietari-Nevegal.jpeg\",\"datePublished\":\"2026-08-18T07:31:24+00:00\",\"breadcrumb\":{\"@id\":\"https:\\\/\\\/www.bellunopress.it\\\/2026\\\/08\\\/18\\\/daniele-ciani-confermato-alla-presidenza-dellassocoazione-proprietari-nevegal\\\/#breadcrumb\"},\"inLanguage\":\"fr-FR\",\"potentialAction\":[{\"@type\":\"ReadAction\",\"target\":[\"https:\\\/\\\/www.bellunopress.it\\\/2026\\\/08\\\/18\\\/daniele-ciani-confermato-alla-presidenza-dellassocoazione-proprietari-nevegal\\\/\"]}]},{\"@type\":\"ImageObject\",\"inLanguage\":\"fr-FR\",\"@id\":\"https:\\\/\\\/www.bellunopress.it\\\/2026\\\/08\\\/18\\\/daniele-ciani-confermato-alla-presidenza-dellassocoazione-proprietari-nevegal\\\/#primaryimage\",\"url\":\"https:\\\/\\\/www.bellunopress.it\\\/wp-content\\\/uploads\\\/2026\\\/08\\\/Daniele-Ciani-pres-Ass-Proprietari-Nevegal.jpeg\",\"contentUrl\":\"https:\\\/\\\/www.bellunopress.it\\\/wp-content\\\/uploads\\\/2026\\\/08\\\/Daniele-Ciani-pres-Ass-Proprietari-Nevegal.jpeg\",\"width\":403,\"height\":521,\"caption\":\"Daniele Ciani, presidente Associazione Proprietari Nevegal\"},{\"@type\":\"BreadcrumbList\",\"@id\":\"https:\\\/\\\/www.bellunopress.it\\\/2026\\\/08\\\/18\\\/daniele-ciani-confermato-alla-presidenza-dellassocoazione-proprietari-nevegal\\\/#breadcrumb\",\"itemListElement\":[{\"@type\":\"ListItem\",\"position\":1,\"name\":\"Home\",\"item\":\"https:\\\/\\\/www.bellunopress.it\\\/\"},{\"@type\":\"ListItem\",\"position\":2,\"name\":\"Daniele Ciani confermato alla presidenza dell&#8217;Assocoazione Proprietari Nevegal\"}]},{\"@type\":\"WebSite\",\"@id\":\"https:\\\/\\\/www.bellunopress.it\\\/#website\",\"url\":\"https:\\\/\\\/www.bellunopress.it\\\/\",\"name\":\"Bellunopress - Dolomiti\",\"description\":\"e-mail: redazione@bellunopress.it\",\"publisher\":{\"@id\":\"https:\\\/\\\/www.bellunopress.it\\\/#organization\"},\"potentialAction\":[{\"@type\":\"SearchAction\",\"target\":{\"@type\":\"EntryPoint\",\"urlTemplate\":\"https:\\\/\\\/www.bellunopress.it\\\/?s={search_term_string}\"},\"query-input\":{\"@type\":\"PropertyValueSpecification\",\"valueRequired\":true,\"valueName\":\"search_term_string\"}}],\"inLanguage\":\"fr-FR\"},{\"@type\":\"Organization\",\"@id\":\"https:\\\/\\\/www.bellunopress.it\\\/#organization\",\"name\":\"Bellunopress\",\"url\":\"https:\\\/\\\/www.bellunopress.it\\\/\",\"logo\":{\"@type\":\"ImageObject\",\"inLanguage\":\"fr-FR\",\"@id\":\"https:\\\/\\\/www.bellunopress.it\\\/#\\\/schema\\\/logo\\\/image\\\/\",\"url\":\"https:\\\/\\\/www.bellunopress.it\\\/wp-content\\\/uploads\\\/2011\\\/05\\\/cropped-logo-bellunopress-.jpg\",\"contentUrl\":\"https:\\\/\\\/www.bellunopress.it\\\/wp-content\\\/uploads\\\/2011\\\/05\\\/cropped-logo-bellunopress-.jpg\",\"width\":512,\"height\":512,\"caption\":\"Bellunopress\"},\"image\":{\"@id\":\"https:\\\/\\\/www.bellunopress.it\\\/#\\\/schema\\\/logo\\\/image\\\/\"},\"sameAs\":[\"https:\\\/\\\/www.facebook.com\\\/profile.php?id=100008943462799\",\"https:\\\/\\\/x.com\\\/bellunopress\",\"https:\\\/\\\/www.linkedin.com\\\/hp\\\/?dnr=JBzUWaJfMUw8vbXJJ2tVW5-I3jZKvC4wsoxE&amp;amp;amp;amp;amp;amp;trk=nav_responsive_tab_home\",\"https:\\\/\\\/www.youtube.com\\\/channel\\\/UCxL0wu1uN0_3_7hGG0306cw\"]},{\"@type\":\"Person\",\"@id\":\"https:\\\/\\\/www.bellunopress.it\\\/#\\\/schema\\\/person\\\/79bb06722b37ece1c03d3e94beb30d73\",\"name\":\"redazione\",\"image\":{\"@type\":\"ImageObject\",\"inLanguage\":\"fr-FR\",\"@id\":\"https:\\\/\\\/secure.gravatar.com\\\/avatar\\\/37d968a2e67a6fd04c169c4bdef102d0bc5d31b2546345219e348575eb80e9a0?s=96&d=mm&r=g\",\"url\":\"https:\\\/\\\/secure.gravatar.com\\\/avatar\\\/37d968a2e67a6fd04c169c4bdef102d0bc5d31b2546345219e348575eb80e9a0?s=96&d=mm&r=g\",\"contentUrl\":\"https:\\\/\\\/secure.gravatar.com\\\/avatar\\\/37d968a2e67a6fd04c169c4bdef102d0bc5d31b2546345219e348575eb80e9a0?s=96&d=mm&r=g\",\"caption\":\"redazione\"},\"sameAs\":[\"http:\\\/\\\/www.bellunopress.it\",\"https:\\\/\\\/x.com\\\/bellunopress\"],\"url\":\"https:\\\/\\\/www.bellunopress.it\\\/fr\\\/author\\\/redazione\\\/\"}]}<\/script>\n<!-- \/ Yoast SEO plugin. -->","yoast_head_json":{"title":"Daniele Ciani confermato alla presidenza dell'Assocoazione Proprietari Nevegal - Bellunopress - Dolomiti","robots":{"index":"index","follow":"follow","max-snippet":"max-snippet:-1","max-image-preview":"max-image-preview:large","max-video-preview":"max-video-preview:-1"},"canonical":"https:\/\/www.bellunopress.it\/fr\/2026\/08\/18\/daniele-ciani-confermato-alla-presidenza-dellassocoazione-proprietari-nevegal\/","og_locale":"fr_FR","og_type":"article","og_title":"Daniele Ciani confermato alla presidenza dell'Assocoazione Proprietari Nevegal - Bellunopress - Dolomiti","og_description":"L&#8217;Associazione Proprietari Nevegal apre un nuovo mandato biennale. Oltre 230 associati: \u00abConosciamo le criticit\u00e0 del Colle, ma siamo altrettanto consapevoli delle sue grandi potenzialit\u00e0\u00bb. Belluno, 18\/08\/2026 &#8211; L&#8217;Associazione Proprietari Nevegal ha rinnovato i propri organi direttivi nel corso dell&#8217;assemblea dei soci svoltasi domenica 16 agosto. Daniele Ciani \u00e8 stato confermato all&#8217;unanimit\u00e0 alla presidenza dell&#8217;Associazione. Il [&hellip;]","og_url":"https:\/\/www.bellunopress.it\/fr\/2026\/08\/18\/daniele-ciani-confermato-alla-presidenza-dellassocoazione-proprietari-nevegal\/","og_site_name":"Bellunopress - Dolomiti","article_publisher":"https:\/\/www.facebook.com\/profile.php?id=100008943462799","article_published_time":"2026-08-18T07:31:24+00:00","og_image":[{"width":403,"height":521,"url":"https:\/\/www.bellunopress.it\/wp-content\/uploads\/2026\/08\/Daniele-Ciani-pres-Ass-Proprietari-Nevegal.jpeg","type":"image\/jpeg"}],"author":"redazione","twitter_card":"summary_large_image","twitter_creator":"@bellunopress","twitter_site":"@bellunopress","twitter_misc":{"Written by":"redazione","Est. reading time":"2 minutes"},"schema":{"@context":"https:\/\/schema.org","@graph":[{"@type":"Article","@id":"https:\/\/www.bellunopress.it\/2026\/08\/18\/daniele-ciani-confermato-alla-presidenza-dellassocoazione-proprietari-nevegal\/#article","isPartOf":{"@id":"https:\/\/www.bellunopress.it\/2026\/08\/18\/daniele-ciani-confermato-alla-presidenza-dellassocoazione-proprietari-nevegal\/"},"author":{"name":"redazione","@id":"https:\/\/www.bellunopress.it\/#\/schema\/person\/79bb06722b37ece1c03d3e94beb30d73"},"headline":"Daniele Ciani confermato alla presidenza dell&#8217;Assocoazione Proprietari Nevegal","datePublished":"2026-08-18T07:31:24+00:00","mainEntityOfPage":{"@id":"https:\/\/www.bellunopress.it\/2026\/08\/18\/daniele-ciani-confermato-alla-presidenza-dellassocoazione-proprietari-nevegal\/"},"wordCount":325,"publisher":{"@id":"https:\/\/www.bellunopress.it\/#organization"},"image":{"@id":"https:\/\/www.bellunopress.it\/2026\/08\/18\/daniele-ciani-confermato-alla-presidenza-dellassocoazione-proprietari-nevegal\/#primaryimage"},"thumbnailUrl":"https:\/\/www.bellunopress.it\/wp-content\/uploads\/2026\/08\/Daniele-Ciani-pres-Ass-Proprietari-Nevegal.jpeg","articleSection":["Prima Pagina","Societ\u00e0, Associazioni, Istituzioni"],"inLanguage":"fr-FR"},{"@type":"WebPage","@id":"https:\/\/www.bellunopress.it\/2026\/08\/18\/daniele-ciani-confermato-alla-presidenza-dellassocoazione-proprietari-nevegal\/","url":"https:\/\/www.bellunopress.it\/2026\/08\/18\/daniele-ciani-confermato-alla-presidenza-dellassocoazione-proprietari-nevegal\/","name":"Daniele Ciani confermato alla presidenza dell'Assocoazione Proprietari Nevegal - Bellunopress - Dolomiti","isPartOf":{"@id":"https:\/\/www.bellunopress.it\/#website"},"primaryImageOfPage":{"@id":"https:\/\/www.bellunopress.it\/2026\/08\/18\/daniele-ciani-confermato-alla-presidenza-dellassocoazione-proprietari-nevegal\/#primaryimage"},"image":{"@id":"https:\/\/www.bellunopress.it\/2026\/08\/18\/daniele-ciani-confermato-alla-presidenza-dellassocoazione-proprietari-nevegal\/#primaryimage"},"thumbnailUrl":"https:\/\/www.bellunopress.it\/wp-content\/uploads\/2026\/08\/Daniele-Ciani-pres-Ass-Proprietari-Nevegal.jpeg","datePublished":"2026-08-18T07:31:24+00:00","breadcrumb":{"@id":"https:\/\/www.bellunopress.it\/2026\/08\/18\/daniele-ciani-confermato-alla-presidenza-dellassocoazione-proprietari-nevegal\/#breadcrumb"},"inLanguage":"fr-FR","potentialAction":[{"@type":"ReadAction","target":["https:\/\/www.bellunopress.it\/2026\/08\/18\/daniele-ciani-confermato-alla-presidenza-dellassocoazione-proprietari-nevegal\/"]}]},{"@type":"ImageObject","inLanguage":"fr-FR","@id":"https:\/\/www.bellunopress.it\/2026\/08\/18\/daniele-ciani-confermato-alla-presidenza-dellassocoazione-proprietari-nevegal\/#primaryimage","url":"https:\/\/www.bellunopress.it\/wp-content\/uploads\/2026\/08\/Daniele-Ciani-pres-Ass-Proprietari-Nevegal.jpeg","contentUrl":"https:\/\/www.bellunopress.it\/wp-content\/uploads\/2026\/08\/Daniele-Ciani-pres-Ass-Proprietari-Nevegal.jpeg","width":403,"height":521,"caption":"Daniele Ciani, presidente Associazione Proprietari Nevegal"},{"@type":"BreadcrumbList","@id":"https:\/\/www.bellunopress.it\/2026\/08\/18\/daniele-ciani-confermato-alla-presidenza-dellassocoazione-proprietari-nevegal\/#breadcrumb","itemListElement":[{"@type":"ListItem","position":1,"name":"Home","item":"https:\/\/www.bellunopress.it\/"},{"@type":"ListItem","position":2,"name":"Daniele Ciani confermato alla presidenza dell&#8217;Assocoazione Proprietari Nevegal"}]},{"@type":"WebSite","@id":"https:\/\/www.bellunopress.it\/#website","url":"https:\/\/www.bellunopress.it\/","name":"Bellunopress - Dolomiti","description":"e-mail: redazione@bellunopress.it","publisher":{"@id":"https:\/\/www.bellunopress.it\/#organization"},"potentialAction":[{"@type":"SearchAction","target":{"@type":"EntryPoint","urlTemplate":"https:\/\/www.bellunopress.it\/?s={search_term_string}"},"query-input":{"@type":"PropertyValueSpecification","valueRequired":true,"valueName":"search_term_string"}}],"inLanguage":"fr-FR"},{"@type":"Organization","@id":"https:\/\/www.bellunopress.it\/#organization","name":"Bellunopress","url":"https:\/\/www.bellunopress.it\/","logo":{"@type":"ImageObject","inLanguage":"fr-FR","@id":"https:\/\/www.bellunopress.it\/#\/schema\/logo\/image\/","url":"https:\/\/www.bellunopress.it\/wp-content\/uploads\/2011\/05\/cropped-logo-bellunopress-.jpg","contentUrl":"https:\/\/www.bellunopress.it\/wp-content\/uploads\/2011\/05\/cropped-logo-bellunopress-.jpg","width":512,"height":512,"caption":"Bellunopress"},"image":{"@id":"https:\/\/www.bellunopress.it\/#\/schema\/logo\/image\/"},"sameAs":["https:\/\/www.facebook.com\/profile.php?id=100008943462799","https:\/\/x.com\/bellunopress","https:\/\/www.linkedin.com\/hp\/?dnr=JBzUWaJfMUw8vbXJJ2tVW5-I3jZKvC4wsoxE&amp;amp;amp;amp;amp;amp;trk=nav_responsive_tab_home","https:\/\/www.youtube.com\/channel\/UCxL0wu1uN0_3_7hGG0306cw"]},{"@type":"Person","@id":"https:\/\/www.bellunopress.it\/#\/schema\/person\/79bb06722b37ece1c03d3e94beb30d73","name":"r\u00e9daction","image":{"@type":"ImageObject","inLanguage":"fr-FR","@id":"https:\/\/secure.gravatar.com\/avatar\/37d968a2e67a6fd04c169c4bdef102d0bc5d31b2546345219e348575eb80e9a0?s=96&d=mm&r=g","url":"https:\/\/secure.gravatar.com\/avatar\/37d968a2e67a6fd04c169c4bdef102d0bc5d31b2546345219e348575eb80e9a0?s=96&d=mm&r=g","contentUrl":"https:\/\/secure.gravatar.com\/avatar\/37d968a2e67a6fd04c169c4bdef102d0bc5d31b2546345219e348575eb80e9a0?s=96&d=mm&r=g","caption":"redazione"},"sameAs":["http:\/\/www.bellunopress.it","https:\/\/x.com\/bellunopress"],"url":"https:\/\/www.bellunopress.it\/fr\/author\/redazione\/"}]}},"_links":{"self":[{"href":"https:\/\/www.bellunopress.it\/fr\/wp-json\/wp\/v2\/posts\/172714","targetHints":{"allow":["GET"]}}],"collection":[{"href":"https:\/\/www.bellunopress.it\/fr\/wp-json\/wp\/v2\/posts"}],"about":[{"href":"https:\/\/www.bellunopress.it\/fr\/wp-json\/wp\/v2\/types\/post"}],"author":[{"embeddable":true,"href":"https:\/\/www.bellunopress.it\/fr\/wp-json\/wp\/v2\/users\/2"}],"replies":[{"embeddable":true,"href":"https:\/\/www.bellunopress.it\/fr\/wp-json\/wp\/v2\/comments?post=172714"}],"version-history":[{"count":1,"href":"https:\/\/www.bellunopress.it\/fr\/wp-json\/wp\/v2\/posts\/172714\/revisions"}],"predecessor-version":[{"id":172716,"href":"https:\/\/www.bellunopress.it\/fr\/wp-json\/wp\/v2\/posts\/172714\/revisions\/172716"}],"wp:featuredmedia":[{"embeddable":true,"href":"https:\/\/www.bellunopress.it\/fr\/wp-json\/wp\/v2\/media\/172715"}],"wp:attachment":[{"href":"https:\/\/www.bellunopress.it\/fr\/wp-json\/wp\/v2\/media?parent=172714"}],"wp:term":[{"taxonomy":"category","embeddable":true,"href":"https:\/\/www.bellunopress.it\/fr\/wp-json\/wp\/v2\/categories?post=172714"},{"taxonomy":"post_tag","embeddable":true,"href":"https:\/\/www.bellunopress.it\/fr\/wp-json\/wp\/v2\/tags?post=172714"}],"curies":[{"name":"wp","href":"https:\/\/api.w.org\/{rel}","templated":true}]}}