{"id":172711,"date":"2026-08-18T08:27:06","date_gmt":"2026-08-18T06:27:06","guid":{"rendered":"https:\/\/www.bellunopress.it\/?p=172711"},"modified":"2026-08-18T08:27:06","modified_gmt":"2026-08-18T06:27:06","slug":"cortina-il-weekend-si-accende-con-lo-sport-tornano-la-golf-race-e-il-dolomiti-padel-trophy","status":"publish","type":"post","link":"https:\/\/www.bellunopress.it\/fr\/2026\/08\/18\/cortina-il-weekend-si-accende-con-lo-sport-tornano-la-golf-race-e-il-dolomiti-padel-trophy\/","title":{"rendered":"Cortina, il weekend si accende con lo sport: tornano la Golf Race e il Dolomiti Padel Trophy"},"content":{"rendered":"<p data-path-to-node=\"3\">Si rinnova anche per l&#8217;estate 2026 l&#8217;appuntamento con la tradizione sportiva firmata Sci Club Drusci\u00e9 Cortina. La societ\u00e0 presieduta da Flavio Alberti ha ufficializzato il programma per il prossimo fine settimana, che vedr\u00e0 protagonista il binomio tra golf e padel nelle giornate di sabato 22 e domenica 23 agosto.<\/p>\n<h3 data-path-to-node=\"4\">Sabato 22 agosto: la Golf Race \u2013 Leggende dello Sport<\/h3>\n<p data-path-to-node=\"5\">Il weekend si apre sabato 22 con l\u2019evento storico dello Sci Club, la Golf Race \u2013 Leggende dello Sport. La manifestazione, una gara promozionale <i data-path-to-node=\"5\" data-index-in-node=\"146\">invitational<\/i> su 9 buche, si terr\u00e0 presso il Cortina Golf Club in localit\u00e0 Fraina, con inizio previsto per le ore 10:00.<\/p>\n<p data-path-to-node=\"6\">Pi\u00f9 di una semplice competizione, l\u2019evento rappresenta un\u2019occasione conviviale per immergersi in un contesto naturale unico, confrontandosi su temi legati allo sci e incontrando i volti noti, passati e presenti, degli sport invernali. La giornata manterr\u00e0 anche il suo valore sociale: nel ricordo di Andrea Puicher Soravia, ex allenatore del club, l\u2019iniziativa promuover\u00e0 attivamente la donazione del midollo osseo in collaborazione con ADMO.<\/p>\n<ul data-path-to-node=\"7\">\n<li>\n<p data-path-to-node=\"7,0,0\">Per informazioni e iscrizioni: 0436.860952.<\/p>\n<\/li>\n<\/ul>\n<h3 data-path-to-node=\"8\">Domenica 23 agosto: sfida a colpi di racchetta con il Dolomiti Padel Trophy<\/h3>\n<p data-path-to-node=\"9\">Domenica 23 agosto l\u2019attenzione si sposta sui campi dell\u2019Apollonio Tennis Padel Club per la nuova edizione del \u201cDolomiti Padel Trophy\u201d. Il torneo, inaugurato nel 2022, si conferma un momento di grande intensit\u00e0 agonistica unita al divertimento.<\/p>\n<p data-path-to-node=\"10\">La formula prevede due distinti tabelloni: coppie maschili e coppie miste. Sar\u00e0 una maratona sportiva di grande respiro: il fischio d&#8217;inizio \u00e8 fissato per le ore 9:00, con le sfide che proseguiranno fino alle 20:00 circa, chiudendo in bellezza un weekend dedicato al movimento e alla sana competizione.<\/p>\n<ul data-path-to-node=\"11\">\n<li>\n<p data-path-to-node=\"11,0,0\">Per informazioni e iscrizioni: 0436.2848.<\/p>\n<\/li>\n<\/ul>","protected":false},"excerpt":{"rendered":"<p>Si rinnova anche per l&#8217;estate 2026 l&#8217;appuntamento con la tradizione sportiva firmata Sci Club Drusci\u00e9 Cortina. La societ\u00e0 presieduta da Flavio Alberti ha ufficializzato il programma per il prossimo fine settimana, che vedr\u00e0 protagonista il binomio tra golf e padel nelle giornate di sabato 22 e domenica 23 agosto. Sabato 22 agosto: la Golf Race [&hellip;]<\/p>\n","protected":false},"author":2,"featured_media":172712,"comment_status":"closed","ping_status":"open","sticky":false,"template":"","format":"standard","meta":{"footnotes":""},"categories":[25,4],"tags":[],"class_list":["post-172711","post","type-post","status-publish","format-standard","has-post-thumbnail","category-pausa-caffe","category-sport"],"yoast_head":"<!-- This site is optimized with the Yoast SEO plugin v28.4 - https:\/\/yoast.com\/product\/yoast-seo-wordpress\/ -->\n<title>Cortina, il weekend si accende con lo sport: tornano la Golf Race e il Dolomiti Padel Trophy - Bellunopress - Dolomiti<\/title>\n<meta name=\"robots\" content=\"index, follow, max-snippet:-1, max-image-preview:large, max-video-preview:-1\" \/>\n<link rel=\"canonical\" href=\"https:\/\/www.bellunopress.it\/fr\/2026\/08\/18\/cortina-il-weekend-si-accende-con-lo-sport-tornano-la-golf-race-e-il-dolomiti-padel-trophy\/\" \/>\n<meta property=\"og:locale\" content=\"fr_FR\" \/>\n<meta property=\"og:type\" content=\"article\" \/>\n<meta property=\"og:title\" content=\"Cortina, il weekend si accende con lo sport: tornano la Golf Race e il Dolomiti Padel Trophy - Bellunopress - Dolomiti\" \/>\n<meta property=\"og:description\" content=\"Si rinnova anche per l&#8217;estate 2026 l&#8217;appuntamento con la tradizione sportiva firmata Sci Club Drusci\u00e9 Cortina. La societ\u00e0 presieduta da Flavio Alberti ha ufficializzato il programma per il prossimo fine settimana, che vedr\u00e0 protagonista il binomio tra golf e padel nelle giornate di sabato 22 e domenica 23 agosto. Sabato 22 agosto: la Golf Race [&hellip;]\" \/>\n<meta property=\"og:url\" content=\"https:\/\/www.bellunopress.it\/fr\/2026\/08\/18\/cortina-il-weekend-si-accende-con-lo-sport-tornano-la-golf-race-e-il-dolomiti-padel-trophy\/\" \/>\n<meta property=\"og:site_name\" content=\"Bellunopress - Dolomiti\" \/>\n<meta property=\"article:publisher\" content=\"https:\/\/www.facebook.com\/profile.php?id=100008943462799\" \/>\n<meta property=\"article:published_time\" content=\"2026-08-18T06:27:06+00:00\" \/>\n<meta property=\"og:image\" content=\"https:\/\/www.bellunopress.it\/wp-content\/uploads\/2026\/08\/Tennis-Padel-Club-\u00a9RiccardoDeConti.jpeg\" \/>\n\t<meta property=\"og:image:width\" content=\"429\" \/>\n\t<meta property=\"og:image:height\" content=\"500\" \/>\n\t<meta property=\"og:image:type\" content=\"image\/jpeg\" \/>\n<meta name=\"author\" content=\"redazione\" \/>\n<meta name=\"twitter:card\" content=\"summary_large_image\" \/>\n<meta name=\"twitter:creator\" content=\"@bellunopress\" \/>\n<meta name=\"twitter:site\" content=\"@bellunopress\" \/>\n<meta name=\"twitter:label1\" content=\"\u00c9crit par\" \/>\n\t<meta name=\"twitter:data1\" content=\"redazione\" \/>\n\t<meta name=\"twitter:label2\" content=\"Dur\u00e9e de lecture estim\u00e9e\" \/>\n\t<meta name=\"twitter:data2\" content=\"2 minutes\" \/>\n<script type=\"application\/ld+json\" class=\"yoast-schema-graph\">{\"@context\":\"https:\\\/\\\/schema.org\",\"@graph\":[{\"@type\":\"Article\",\"@id\":\"https:\\\/\\\/www.bellunopress.it\\\/2026\\\/08\\\/18\\\/cortina-il-weekend-si-accende-con-lo-sport-tornano-la-golf-race-e-il-dolomiti-padel-trophy\\\/#article\",\"isPartOf\":{\"@id\":\"https:\\\/\\\/www.bellunopress.it\\\/2026\\\/08\\\/18\\\/cortina-il-weekend-si-accende-con-lo-sport-tornano-la-golf-race-e-il-dolomiti-padel-trophy\\\/\"},\"author\":{\"name\":\"redazione\",\"@id\":\"https:\\\/\\\/www.bellunopress.it\\\/#\\\/schema\\\/person\\\/79bb06722b37ece1c03d3e94beb30d73\"},\"headline\":\"Cortina, il weekend si accende con lo sport: tornano la Golf Race e il Dolomiti Padel Trophy\",\"datePublished\":\"2026-08-18T06:27:06+00:00\",\"mainEntityOfPage\":{\"@id\":\"https:\\\/\\\/www.bellunopress.it\\\/2026\\\/08\\\/18\\\/cortina-il-weekend-si-accende-con-lo-sport-tornano-la-golf-race-e-il-dolomiti-padel-trophy\\\/\"},\"wordCount\":283,\"publisher\":{\"@id\":\"https:\\\/\\\/www.bellunopress.it\\\/#organization\"},\"image\":{\"@id\":\"https:\\\/\\\/www.bellunopress.it\\\/2026\\\/08\\\/18\\\/cortina-il-weekend-si-accende-con-lo-sport-tornano-la-golf-race-e-il-dolomiti-padel-trophy\\\/#primaryimage\"},\"thumbnailUrl\":\"https:\\\/\\\/www.bellunopress.it\\\/wp-content\\\/uploads\\\/2026\\\/08\\\/Tennis-Padel-Club-\u00a9RiccardoDeConti.jpeg\",\"articleSection\":[\"Pausa Caff\u00e8\",\"Sport, tempo libero\"],\"inLanguage\":\"fr-FR\"},{\"@type\":\"WebPage\",\"@id\":\"https:\\\/\\\/www.bellunopress.it\\\/2026\\\/08\\\/18\\\/cortina-il-weekend-si-accende-con-lo-sport-tornano-la-golf-race-e-il-dolomiti-padel-trophy\\\/\",\"url\":\"https:\\\/\\\/www.bellunopress.it\\\/2026\\\/08\\\/18\\\/cortina-il-weekend-si-accende-con-lo-sport-tornano-la-golf-race-e-il-dolomiti-padel-trophy\\\/\",\"name\":\"Cortina, il weekend si accende con lo sport: tornano la Golf Race e il Dolomiti Padel Trophy - Bellunopress - Dolomiti\",\"isPartOf\":{\"@id\":\"https:\\\/\\\/www.bellunopress.it\\\/#website\"},\"primaryImageOfPage\":{\"@id\":\"https:\\\/\\\/www.bellunopress.it\\\/2026\\\/08\\\/18\\\/cortina-il-weekend-si-accende-con-lo-sport-tornano-la-golf-race-e-il-dolomiti-padel-trophy\\\/#primaryimage\"},\"image\":{\"@id\":\"https:\\\/\\\/www.bellunopress.it\\\/2026\\\/08\\\/18\\\/cortina-il-weekend-si-accende-con-lo-sport-tornano-la-golf-race-e-il-dolomiti-padel-trophy\\\/#primaryimage\"},\"thumbnailUrl\":\"https:\\\/\\\/www.bellunopress.it\\\/wp-content\\\/uploads\\\/2026\\\/08\\\/Tennis-Padel-Club-\u00a9RiccardoDeConti.jpeg\",\"datePublished\":\"2026-08-18T06:27:06+00:00\",\"breadcrumb\":{\"@id\":\"https:\\\/\\\/www.bellunopress.it\\\/2026\\\/08\\\/18\\\/cortina-il-weekend-si-accende-con-lo-sport-tornano-la-golf-race-e-il-dolomiti-padel-trophy\\\/#breadcrumb\"},\"inLanguage\":\"fr-FR\",\"potentialAction\":[{\"@type\":\"ReadAction\",\"target\":[\"https:\\\/\\\/www.bellunopress.it\\\/2026\\\/08\\\/18\\\/cortina-il-weekend-si-accende-con-lo-sport-tornano-la-golf-race-e-il-dolomiti-padel-trophy\\\/\"]}]},{\"@type\":\"ImageObject\",\"inLanguage\":\"fr-FR\",\"@id\":\"https:\\\/\\\/www.bellunopress.it\\\/2026\\\/08\\\/18\\\/cortina-il-weekend-si-accende-con-lo-sport-tornano-la-golf-race-e-il-dolomiti-padel-trophy\\\/#primaryimage\",\"url\":\"https:\\\/\\\/www.bellunopress.it\\\/wp-content\\\/uploads\\\/2026\\\/08\\\/Tennis-Padel-Club-\u00a9RiccardoDeConti.jpeg\",\"contentUrl\":\"https:\\\/\\\/www.bellunopress.it\\\/wp-content\\\/uploads\\\/2026\\\/08\\\/Tennis-Padel-Club-\u00a9RiccardoDeConti.jpeg\",\"width\":429,\"height\":500,\"caption\":\"Tennis Padel Club - Cortina d'Ampezzo (\u00a9RiccardoDeConti)\"},{\"@type\":\"BreadcrumbList\",\"@id\":\"https:\\\/\\\/www.bellunopress.it\\\/2026\\\/08\\\/18\\\/cortina-il-weekend-si-accende-con-lo-sport-tornano-la-golf-race-e-il-dolomiti-padel-trophy\\\/#breadcrumb\",\"itemListElement\":[{\"@type\":\"ListItem\",\"position\":1,\"name\":\"Home\",\"item\":\"https:\\\/\\\/www.bellunopress.it\\\/\"},{\"@type\":\"ListItem\",\"position\":2,\"name\":\"Cortina, il weekend si accende con lo sport: tornano la Golf Race e il Dolomiti Padel Trophy\"}]},{\"@type\":\"WebSite\",\"@id\":\"https:\\\/\\\/www.bellunopress.it\\\/#website\",\"url\":\"https:\\\/\\\/www.bellunopress.it\\\/\",\"name\":\"Bellunopress - Dolomiti\",\"description\":\"e-mail: redazione@bellunopress.it\",\"publisher\":{\"@id\":\"https:\\\/\\\/www.bellunopress.it\\\/#organization\"},\"potentialAction\":[{\"@type\":\"SearchAction\",\"target\":{\"@type\":\"EntryPoint\",\"urlTemplate\":\"https:\\\/\\\/www.bellunopress.it\\\/?s={search_term_string}\"},\"query-input\":{\"@type\":\"PropertyValueSpecification\",\"valueRequired\":true,\"valueName\":\"search_term_string\"}}],\"inLanguage\":\"fr-FR\"},{\"@type\":\"Organization\",\"@id\":\"https:\\\/\\\/www.bellunopress.it\\\/#organization\",\"name\":\"Bellunopress\",\"url\":\"https:\\\/\\\/www.bellunopress.it\\\/\",\"logo\":{\"@type\":\"ImageObject\",\"inLanguage\":\"fr-FR\",\"@id\":\"https:\\\/\\\/www.bellunopress.it\\\/#\\\/schema\\\/logo\\\/image\\\/\",\"url\":\"https:\\\/\\\/www.bellunopress.it\\\/wp-content\\\/uploads\\\/2011\\\/05\\\/cropped-logo-bellunopress-.jpg\",\"contentUrl\":\"https:\\\/\\\/www.bellunopress.it\\\/wp-content\\\/uploads\\\/2011\\\/05\\\/cropped-logo-bellunopress-.jpg\",\"width\":512,\"height\":512,\"caption\":\"Bellunopress\"},\"image\":{\"@id\":\"https:\\\/\\\/www.bellunopress.it\\\/#\\\/schema\\\/logo\\\/image\\\/\"},\"sameAs\":[\"https:\\\/\\\/www.facebook.com\\\/profile.php?id=100008943462799\",\"https:\\\/\\\/x.com\\\/bellunopress\",\"https:\\\/\\\/www.linkedin.com\\\/hp\\\/?dnr=JBzUWaJfMUw8vbXJJ2tVW5-I3jZKvC4wsoxE&amp;amp;amp;amp;amp;amp;trk=nav_responsive_tab_home\",\"https:\\\/\\\/www.youtube.com\\\/channel\\\/UCxL0wu1uN0_3_7hGG0306cw\"]},{\"@type\":\"Person\",\"@id\":\"https:\\\/\\\/www.bellunopress.it\\\/#\\\/schema\\\/person\\\/79bb06722b37ece1c03d3e94beb30d73\",\"name\":\"redazione\",\"image\":{\"@type\":\"ImageObject\",\"inLanguage\":\"fr-FR\",\"@id\":\"https:\\\/\\\/secure.gravatar.com\\\/avatar\\\/37d968a2e67a6fd04c169c4bdef102d0bc5d31b2546345219e348575eb80e9a0?s=96&d=mm&r=g\",\"url\":\"https:\\\/\\\/secure.gravatar.com\\\/avatar\\\/37d968a2e67a6fd04c169c4bdef102d0bc5d31b2546345219e348575eb80e9a0?s=96&d=mm&r=g\",\"contentUrl\":\"https:\\\/\\\/secure.gravatar.com\\\/avatar\\\/37d968a2e67a6fd04c169c4bdef102d0bc5d31b2546345219e348575eb80e9a0?s=96&d=mm&r=g\",\"caption\":\"redazione\"},\"sameAs\":[\"http:\\\/\\\/www.bellunopress.it\",\"https:\\\/\\\/x.com\\\/bellunopress\"],\"url\":\"https:\\\/\\\/www.bellunopress.it\\\/fr\\\/author\\\/redazione\\\/\"}]}<\/script>\n<!-- \/ Yoast SEO plugin. -->","yoast_head_json":{"title":"Cortina, il weekend si accende con lo sport: tornano la Golf Race e il Dolomiti Padel Trophy - Bellunopress - Dolomiti","robots":{"index":"index","follow":"follow","max-snippet":"max-snippet:-1","max-image-preview":"max-image-preview:large","max-video-preview":"max-video-preview:-1"},"canonical":"https:\/\/www.bellunopress.it\/fr\/2026\/08\/18\/cortina-il-weekend-si-accende-con-lo-sport-tornano-la-golf-race-e-il-dolomiti-padel-trophy\/","og_locale":"fr_FR","og_type":"article","og_title":"Cortina, il weekend si accende con lo sport: tornano la Golf Race e il Dolomiti Padel Trophy - Bellunopress - Dolomiti","og_description":"Si rinnova anche per l&#8217;estate 2026 l&#8217;appuntamento con la tradizione sportiva firmata Sci Club Drusci\u00e9 Cortina. La societ\u00e0 presieduta da Flavio Alberti ha ufficializzato il programma per il prossimo fine settimana, che vedr\u00e0 protagonista il binomio tra golf e padel nelle giornate di sabato 22 e domenica 23 agosto. Sabato 22 agosto: la Golf Race [&hellip;]","og_url":"https:\/\/www.bellunopress.it\/fr\/2026\/08\/18\/cortina-il-weekend-si-accende-con-lo-sport-tornano-la-golf-race-e-il-dolomiti-padel-trophy\/","og_site_name":"Bellunopress - Dolomiti","article_publisher":"https:\/\/www.facebook.com\/profile.php?id=100008943462799","article_published_time":"2026-08-18T06:27:06+00:00","og_image":[{"width":429,"height":500,"url":"https:\/\/www.bellunopress.it\/wp-content\/uploads\/2026\/08\/Tennis-Padel-Club-\u00a9RiccardoDeConti.jpeg","type":"image\/jpeg"}],"author":"redazione","twitter_card":"summary_large_image","twitter_creator":"@bellunopress","twitter_site":"@bellunopress","twitter_misc":{"\u00c9crit par":"redazione","Dur\u00e9e de lecture estim\u00e9e":"2 minutes"},"schema":{"@context":"https:\/\/schema.org","@graph":[{"@type":"Article","@id":"https:\/\/www.bellunopress.it\/2026\/08\/18\/cortina-il-weekend-si-accende-con-lo-sport-tornano-la-golf-race-e-il-dolomiti-padel-trophy\/#article","isPartOf":{"@id":"https:\/\/www.bellunopress.it\/2026\/08\/18\/cortina-il-weekend-si-accende-con-lo-sport-tornano-la-golf-race-e-il-dolomiti-padel-trophy\/"},"author":{"name":"redazione","@id":"https:\/\/www.bellunopress.it\/#\/schema\/person\/79bb06722b37ece1c03d3e94beb30d73"},"headline":"Cortina, il weekend si accende con lo sport: tornano la Golf Race e il Dolomiti Padel Trophy","datePublished":"2026-08-18T06:27:06+00:00","mainEntityOfPage":{"@id":"https:\/\/www.bellunopress.it\/2026\/08\/18\/cortina-il-weekend-si-accende-con-lo-sport-tornano-la-golf-race-e-il-dolomiti-padel-trophy\/"},"wordCount":283,"publisher":{"@id":"https:\/\/www.bellunopress.it\/#organization"},"image":{"@id":"https:\/\/www.bellunopress.it\/2026\/08\/18\/cortina-il-weekend-si-accende-con-lo-sport-tornano-la-golf-race-e-il-dolomiti-padel-trophy\/#primaryimage"},"thumbnailUrl":"https:\/\/www.bellunopress.it\/wp-content\/uploads\/2026\/08\/Tennis-Padel-Club-\u00a9RiccardoDeConti.jpeg","articleSection":["Pausa Caff\u00e8","Sport, tempo libero"],"inLanguage":"fr-FR"},{"@type":"WebPage","@id":"https:\/\/www.bellunopress.it\/2026\/08\/18\/cortina-il-weekend-si-accende-con-lo-sport-tornano-la-golf-race-e-il-dolomiti-padel-trophy\/","url":"https:\/\/www.bellunopress.it\/2026\/08\/18\/cortina-il-weekend-si-accende-con-lo-sport-tornano-la-golf-race-e-il-dolomiti-padel-trophy\/","name":"Cortina, il weekend si accende con lo sport: tornano la Golf Race e il Dolomiti Padel Trophy - Bellunopress - Dolomiti","isPartOf":{"@id":"https:\/\/www.bellunopress.it\/#website"},"primaryImageOfPage":{"@id":"https:\/\/www.bellunopress.it\/2026\/08\/18\/cortina-il-weekend-si-accende-con-lo-sport-tornano-la-golf-race-e-il-dolomiti-padel-trophy\/#primaryimage"},"image":{"@id":"https:\/\/www.bellunopress.it\/2026\/08\/18\/cortina-il-weekend-si-accende-con-lo-sport-tornano-la-golf-race-e-il-dolomiti-padel-trophy\/#primaryimage"},"thumbnailUrl":"https:\/\/www.bellunopress.it\/wp-content\/uploads\/2026\/08\/Tennis-Padel-Club-\u00a9RiccardoDeConti.jpeg","datePublished":"2026-08-18T06:27:06+00:00","breadcrumb":{"@id":"https:\/\/www.bellunopress.it\/2026\/08\/18\/cortina-il-weekend-si-accende-con-lo-sport-tornano-la-golf-race-e-il-dolomiti-padel-trophy\/#breadcrumb"},"inLanguage":"fr-FR","potentialAction":[{"@type":"ReadAction","target":["https:\/\/www.bellunopress.it\/2026\/08\/18\/cortina-il-weekend-si-accende-con-lo-sport-tornano-la-golf-race-e-il-dolomiti-padel-trophy\/"]}]},{"@type":"ImageObject","inLanguage":"fr-FR","@id":"https:\/\/www.bellunopress.it\/2026\/08\/18\/cortina-il-weekend-si-accende-con-lo-sport-tornano-la-golf-race-e-il-dolomiti-padel-trophy\/#primaryimage","url":"https:\/\/www.bellunopress.it\/wp-content\/uploads\/2026\/08\/Tennis-Padel-Club-\u00a9RiccardoDeConti.jpeg","contentUrl":"https:\/\/www.bellunopress.it\/wp-content\/uploads\/2026\/08\/Tennis-Padel-Club-\u00a9RiccardoDeConti.jpeg","width":429,"height":500,"caption":"Tennis Padel Club - Cortina d'Ampezzo (\u00a9RiccardoDeConti)"},{"@type":"BreadcrumbList","@id":"https:\/\/www.bellunopress.it\/2026\/08\/18\/cortina-il-weekend-si-accende-con-lo-sport-tornano-la-golf-race-e-il-dolomiti-padel-trophy\/#breadcrumb","itemListElement":[{"@type":"ListItem","position":1,"name":"Home","item":"https:\/\/www.bellunopress.it\/"},{"@type":"ListItem","position":2,"name":"Cortina, il weekend si accende con lo sport: tornano la Golf Race e il Dolomiti Padel Trophy"}]},{"@type":"WebSite","@id":"https:\/\/www.bellunopress.it\/#website","url":"https:\/\/www.bellunopress.it\/","name":"Bellunopress - Dolomiti","description":"e-mail: redazione@bellunopress.it","publisher":{"@id":"https:\/\/www.bellunopress.it\/#organization"},"potentialAction":[{"@type":"SearchAction","target":{"@type":"EntryPoint","urlTemplate":"https:\/\/www.bellunopress.it\/?s={search_term_string}"},"query-input":{"@type":"PropertyValueSpecification","valueRequired":true,"valueName":"search_term_string"}}],"inLanguage":"fr-FR"},{"@type":"Organization","@id":"https:\/\/www.bellunopress.it\/#organization","name":"Bellunopress","url":"https:\/\/www.bellunopress.it\/","logo":{"@type":"ImageObject","inLanguage":"fr-FR","@id":"https:\/\/www.bellunopress.it\/#\/schema\/logo\/image\/","url":"https:\/\/www.bellunopress.it\/wp-content\/uploads\/2011\/05\/cropped-logo-bellunopress-.jpg","contentUrl":"https:\/\/www.bellunopress.it\/wp-content\/uploads\/2011\/05\/cropped-logo-bellunopress-.jpg","width":512,"height":512,"caption":"Bellunopress"},"image":{"@id":"https:\/\/www.bellunopress.it\/#\/schema\/logo\/image\/"},"sameAs":["https:\/\/www.facebook.com\/profile.php?id=100008943462799","https:\/\/x.com\/bellunopress","https:\/\/www.linkedin.com\/hp\/?dnr=JBzUWaJfMUw8vbXJJ2tVW5-I3jZKvC4wsoxE&amp;amp;amp;amp;amp;amp;trk=nav_responsive_tab_home","https:\/\/www.youtube.com\/channel\/UCxL0wu1uN0_3_7hGG0306cw"]},{"@type":"Person","@id":"https:\/\/www.bellunopress.it\/#\/schema\/person\/79bb06722b37ece1c03d3e94beb30d73","name":"r\u00e9daction","image":{"@type":"ImageObject","inLanguage":"fr-FR","@id":"https:\/\/secure.gravatar.com\/avatar\/37d968a2e67a6fd04c169c4bdef102d0bc5d31b2546345219e348575eb80e9a0?s=96&d=mm&r=g","url":"https:\/\/secure.gravatar.com\/avatar\/37d968a2e67a6fd04c169c4bdef102d0bc5d31b2546345219e348575eb80e9a0?s=96&d=mm&r=g","contentUrl":"https:\/\/secure.gravatar.com\/avatar\/37d968a2e67a6fd04c169c4bdef102d0bc5d31b2546345219e348575eb80e9a0?s=96&d=mm&r=g","caption":"redazione"},"sameAs":["http:\/\/www.bellunopress.it","https:\/\/x.com\/bellunopress"],"url":"https:\/\/www.bellunopress.it\/fr\/author\/redazione\/"}]}},"_links":{"self":[{"href":"https:\/\/www.bellunopress.it\/fr\/wp-json\/wp\/v2\/posts\/172711","targetHints":{"allow":["GET"]}}],"collection":[{"href":"https:\/\/www.bellunopress.it\/fr\/wp-json\/wp\/v2\/posts"}],"about":[{"href":"https:\/\/www.bellunopress.it\/fr\/wp-json\/wp\/v2\/types\/post"}],"author":[{"embeddable":true,"href":"https:\/\/www.bellunopress.it\/fr\/wp-json\/wp\/v2\/users\/2"}],"replies":[{"embeddable":true,"href":"https:\/\/www.bellunopress.it\/fr\/wp-json\/wp\/v2\/comments?post=172711"}],"version-history":[{"count":1,"href":"https:\/\/www.bellunopress.it\/fr\/wp-json\/wp\/v2\/posts\/172711\/revisions"}],"predecessor-version":[{"id":172713,"href":"https:\/\/www.bellunopress.it\/fr\/wp-json\/wp\/v2\/posts\/172711\/revisions\/172713"}],"wp:featuredmedia":[{"embeddable":true,"href":"https:\/\/www.bellunopress.it\/fr\/wp-json\/wp\/v2\/media\/172712"}],"wp:attachment":[{"href":"https:\/\/www.bellunopress.it\/fr\/wp-json\/wp\/v2\/media?parent=172711"}],"wp:term":[{"taxonomy":"category","embeddable":true,"href":"https:\/\/www.bellunopress.it\/fr\/wp-json\/wp\/v2\/categories?post=172711"},{"taxonomy":"post_tag","embeddable":true,"href":"https:\/\/www.bellunopress.it\/fr\/wp-json\/wp\/v2\/tags?post=172711"}],"curies":[{"name":"wp","href":"https:\/\/api.w.org\/{rel}","templated":true}]}}