{"id":172707,"date":"2026-08-17T17:34:37","date_gmt":"2026-08-17T15:34:37","guid":{"rendered":"https:\/\/www.bellunopress.it\/?p=172707"},"modified":"2026-08-17T17:34:37","modified_gmt":"2026-08-17T15:34:37","slug":"breve-storia-della-mobilita-urbana-dalla-citta-pedonale-alla-sfida-della-sostenibilita-belluno-smart-city-di-luigi-filippo-daniele","status":"publish","type":"post","link":"https:\/\/www.bellunopress.it\/fr\/2026\/08\/17\/breve-storia-della-mobilita-urbana-dalla-citta-pedonale-alla-sfida-della-sostenibilita-belluno-smart-city-di-luigi-filippo-daniele\/","title":{"rendered":"Breve storia della mobilit\u00e0 urbana. Dalla citt\u00e0 pedonale alla sfida della sostenibilit\u00e0: Belluno Smart City\u00a0 *\u00a0di Luigi Filippo Daniele"},"content":{"rendered":"<p>Belluno, 17\/08\/2026 &#8211; Quando si parla di mobilit\u00e0 urbana, pensiamo a ciclabili, marciapiedi, semafori, rotonde o a code all&#8217;ora di punta.<br \/>\nMa la mobilit\u00e0 non \u00e8 mai stata solo questo: l&#8217;urbanistica, e quindi anche la mobilit\u00e0, \u00e8 in un certo senso la mano invisibile che ha disegnato le nostre citt\u00e0, quartieri e frazioni.<br \/>\nI pianificatori usano un&#8217;immagine semplice per spiegarlo: l&#8217;unit\u00e0 spazio-temporale di un&#8217;ora, cio\u00e8 la distanza che una persona \u00e8 disposta a percorrere in sessanta minuti per raggiungere dove deve andare. \u00c8 stata quella distanza, pi\u00f9 di ogni piano regolatore, a decidere quanto grande potesse crescere una citt\u00e0 in un dato momento storico.<br \/>\nPer secoli, dal Medioevo fino alla rivoluzione industriale, questa distanza si misurava a piedi. Le citt\u00e0 erano fatte su misura d&#8217;uomo, semplicemente perch\u00e9 non c&#8217;era alternativa. Poi, nell&#8217;Ottocento, arrivano i tram e le prime ferrovie urbane, e la citt\u00e0 inizia ad allungarsi lungo le linee del trasporto pubblico. Ma la vera cesura arriva negli anni Trenta del Novecento, quando l&#8217;automobile smette di essere un oggetto per pochi e diventa il mezzo con cui la maggioranza delle persone si sposta ogni giorno.<br \/>\nQuesto non \u00e8 stato di sicuro un passaggio neutro. Il modello fordista, che ha reso l&#8217;auto un bene di massa, l&#8217;ha anche trasformata in qualcosa di pi\u00f9 di un mezzo di trasporto: un simbolo di libert\u00e0, di status, di indipendenza personale; le nostre citt\u00e0 ne portano ancora i segni. Quartieri residenziali pensati intorno alla strada carrabile, un trasporto pubblico che negli anni ha perso terreno perch\u00e9 considerato meno comodo dell&#8217;auto sotto casa. E, insieme a tutto questo, si \u00e8 consolidata un&#8217;idea che oggi diamo quasi per scontata: ossia quella per cui ogni residente abbia una sorta di diritto naturale a uno spazio dove parcheggiare, in ragione degli standard qualitativi &#8211; ex DM 1444 del 1968 secondo cui nelle ZTO zone territoriali omogenee B (Zone di Completamento) quando vengono edificati edifici a scopi residenziali bisogna dedicare un certo spazio in m\u00b2 a servizi pubblici e infrastrutture collettive pari a 18 m\u00b2 ogni abitante insediato o insediabile, ovvero dedicare 18 m\u00b2 di servizi pubblici ogni 80 m\u00b2 occupabili da un abitante, e di questi 18 m\u00b2 di spazio dedicato a infrastrutture collettive 2,5 m\u00b2 devono essere destinati appunto a parcheggi. Nelle zone territoriali omogenee C, ossia di espansione, quando vengono create strutture commerciali di medie strutture, bisogna dedicare a spazi pubblici 80 m\u00b2 &#8211; di cui la met\u00e0 a parcheggi &#8211; ogni 100m\u00b2 di superficie di vendita. Un&#8217;idea che trova ancora sponda nell&#8217;articolo 7.8 del Codice della Strada e nella legge 122 del 1989, la cosiddetta legge Tognoli, pensata per incentivare la costruzione di parcheggi come rimedio alla congestione dei centri storici.<br \/>\nIl problema \u00e8 che questo presunto diritto, col tempo, ha finito per scontrarsi con altri diritti che contano altrettanto, anzi, se non di pi\u00f9: quello a un trasporto pubblico che funzioni veramente , quello a respirare aria pulita, quello di potersi muovere a piedi o in bicicletta senza rischiare la vita ogni volta che si attraversa una strada.<\/p>\n<p><strong>Un cambio di paradigma, sulla carta<\/strong><\/p>\n<p>Nel frattempo, per\u00f2, negli ultimi vent&#8217;anni qualcosa si \u00e8 mosso. Le strade hanno iniziato a essere pensate non pi\u00f9 solo come corridoi per far scorrere le auto, ma come spazi che tengono insieme l&#8217;intera vita di un quartiere. Lo strumento che incarna meglio questo cambiamento \u00e8 il Piano Urbano della Mobilit\u00e0 Sostenibile, il PUMS, promosso dall&#8217;Unione Europea sin dal 2005 e arrivato nell&#8217;ordinamento italiano con il decreto ministeriale del 4 agosto 2017, poi aggiornato dal decreto n. 396 del 28 agosto 2019, che ne fissa le linee guida.<br \/>\nSulla carta, il PUMS \u00e8 uno strumento ambizioso: una pianificazione strategica su un orizzonte di 10 anni, capace di tenere insieme sostenibilit\u00e0 ambientale, sociale ed economica, integrandosi con l&#8217;assetto urbanistico del territorio. Nella gerarchia degli strumenti di governo del territorio si colloca come piano di settore, incardinato nel Piano di Assetto del Territorio, mentre il PTGU Piano Generale del Traffico Urbano resta lo strumento di respiro pi\u00f9 corto, quello che gestisce il quotidiano dentro la cornice fissata dal PUMS. Le varianti che ne discendono passano al vaglio della Valutazione Ambientale Strategica, che guarda non solo al traffico ma all&#8217;insieme degli impatti ambientali ex d.lgs 162\/2006.<br \/>\nVa detto, per onest\u00e0, che il PUMS resta tecnicamente uno strumento di soft law: nessuna legge obbliga un Comune con meno di 100.000 abitanti ad adottarlo. Ma nei fatti \u00e8 diventato quasi un passaggio obbligato, perch\u00e9 senza PUMS \u00e8 sempre pi\u00f9 difficile intercettare i fondi strutturali europei destinati alla mobilit\u00e0 sostenibile. Ed \u00e8 proprio questo, pi\u00f9 della norma in s\u00e9, ad averne spinto l&#8217;adozione anche in citt\u00e0 che per legge potrebbero farne a meno.<\/p>\n<p><strong>Il caso di Belluno<\/strong><\/p>\n<p>Belluno \u00e8 una di queste. Il Comune non era obbligato a dotarsi di un PUMS, eppure ha scelto di farlo, riconoscendo in questo strumento l&#8217;occasione per affrontare la mobilit\u00e0 con una visione di lungo periodo, invece di rincorrere emergenza dopo emergenza. Lo scenario di riferimento \u00e8 stato adottato dalla Giunta comunale con la delibera n. 36 del 20 febbraio 2025, insieme all&#8217;aggiornamento del Piano Generale del Traffico Urbano: due strumenti che a Belluno non venivano rivisti organicamente dal 2006, quasi vent&#8217;anni.<br \/>\nIl lavoro preparatorio \u00e8 partito da un&#8217;analisi puntuale dello stato di fatto: com&#8217;\u00e8 organizzata oggi la rete di trasporto cittadina, quanta domanda e quanta offerta ci sono per traffico privato, sosta, trasporto pubblico e ciclabilit\u00e0. Da questa fotografia sono emerse criticit\u00e0 precise, legate soprattutto ai volumi di traffico che interessano alcune aree della citt\u00e0, per le quali il piano propone interventi mirati: nuovi tratti ciclopedonali, revisioni della viabilit\u00e0 in prossimit\u00e0 di alcune rotatorie.<br \/>\nEd \u00e8 qui che si innesta, in modo del tutto naturale, la proposta di investimento nelle infrastrutture ciclabili, una vera Strategia ciclabile per Belluno . Non un progetto a s\u00e9 stante, calato dall&#8217;alto: ma l&#8217;attuazione concreta di una direzione che il Comune si \u00e8 gi\u00e0 dato con i propri strumenti di pianificazione. Il rischio, semmai, \u00e8 quello opposto: che un PUMS ben scritto resti lettera morta se non si traduce in atti pragmatici, priorit\u00e0 e tempi certi.<\/p>\n<p><strong>Due obiezioni che sento spesso&#8230;<\/strong><\/p>\n<p>La prima riguarda i commercianti, ed \u00e8 comprensibile: chi ha un negozio teme che togliere parcheggi per fare spazio a piste ciclabili significhi perdere clienti. Le esperienze internazionali ci dicono altro. A New York, dove interventi di questo tipo sono stati misurati con cura per anni, il fatturato dei negozi nelle vie riqualificate \u00e8 arrivato a crescere del doppio in tre anni, molto pi\u00f9 delle vie di confronto rimaste come prima. E secondo la Dutch Cycling Embassy la bicicletta \u00e8, tra tutti i mezzi di trasporto, l&#8217;unico che genera un valore netto positivo per la collettivit\u00e0 a ogni chilometro percorso, mentre l&#8217;auto ne genera uno negativo.<br \/>\nLa seconda obiezione riguarda il clima, ed \u00e8 quella che sento ripetere pi\u00f9 spesso qui a Belluno: con l&#8217;inverno che abbiamo, chi mai user\u00e0 la bicicletta? Eppure nei Paesi Bassi, dove piove e tira vento molto pi\u00f9 che da noi, la quota di spostamenti in bici resta alta tutto l&#8217;anno, semplicemente perch\u00e9 l\u00ec la bicicletta \u00e8 percepita come un mezzo di trasporto quotidiano, non come un&#8217;attivit\u00e0 per le belle giornate. La differenza non \u00e8 il termometro, ma \u00e8 la cultura, e le infrastrutture che quella cultura la rendono possibile.<\/p>\n<p><strong>Allora bisogna chiedersi: cosa serve davvero?<\/strong><\/p>\n<p>Un piano credibile per Belluno dovrebbe intervenire in modo diffuso nei quartieri di Baldenich, Nogar\u00e8, Cavarzano, Mussoi, Via Agordo e Mier. Tra le priorit\u00e0 pi\u00f9 urgenti c&#8217;\u00e8 sicuramente il collegamento ciclabile e pedonale lungo viale Medaglie d&#8217;Oro, tratto critico e risaputo sin dagli anni &#8217;90, lo snodo su cui converge buona parte del traffico cittadino (circa 27 mila spostamenti al giorno) : metterlo in sicurezza per pedoni e ciclisti \u00e8 probabilmente l&#8217;unico modo realistico per alleggerirlo davvero, senza illudersi che basti la sola tangenziale.<br \/>\nA questo andrebbe affiancata l&#8217;estensione del modello Citt\u00e0 30 a tutte le zone urbane, fatti salvi i grandi assi di scorrimento, insieme a strumenti semplici come attraversamenti rialzati e marciapiedi continui, che riducono l&#8217;incidentalit\u00e0 senza allungare in modo apprezzabile i tempi di percorrenza: nelle nostre citt\u00e0, del resto, la velocit\u00e0 media reale \u00e8 gi\u00e0 intorno ai 15 km\/h, molto pi\u00f9 bassa di quanto crediamo mentre siamo al volante.<br \/>\nInvestire in un Piano Ciclabile serio, con fondi certi ed un cronoprogramma da rispettare, non \u00e8 di sicuro un favore che si fa solo ai ciclisti, ma \u00e8 una questione politica su cui battersi nei prossimi 15 anni per una Belluno che sia pi\u00f9 moderna, pi\u00f9 europea, pi\u00f9 attrattiva e che punti a diventare una vera Smart city: come dividiamo lo spazio pubblico tra chi in quella citt\u00e0 ci vive? Che si tratti di chi va al lavoro in bici, di chi porta i figli a scuola a piedi, o di chi, semplicemente, vorrebbe poter attraversare la strada sotto casa senza doversela giocare con un&#8217;auto lanciata a cinquanta all&#8217;ora, \u00e8 questo il compito della politica che abbia a cuore la mobilit\u00e0 urbana.<\/p>\n<p><strong>VERSO UNA BELLUNO CHE SIA SMART CITY<\/strong><\/p>\n<p>Il tema della mobilit\u00e0 sostenibile si inserisce in una cornice pi\u00f9 ampia, quella della smart city. Giuliano Dall&#8217;\u00d2, nel suo lavoro del 2014 sulla rivoluzione intelligente delle citt\u00e0, coglie un punto che mi sembra centrale: una citt\u00e0 intelligente non lo \u00e8 per la quantit\u00e0 di tecnologia che mette in campo, ma per la capacit\u00e0 di far coincidere le esigenze del singolo con quelle della collettivit\u00e0, immaginando un cittadino che non si limiti a fruire dei servizi ma diventi parte attiva nella gestione del cambiamento urbano.<br \/>\nVale la pena ricordare che il concetto resta giuridicamente aleatorio: manca ancora oggi, nell&#8217;ordinamento giuridico italiano, una definizione normativa organica di citt\u00e0 intelligente. La dottrina costituzionalistica pi\u00f9 recente parla di una funzionalizzazione comune pi\u00f9 che di un modello codificato, riconducibile ad alcuni ambiti ricorrenti come l&#8217;economia, la governance, l&#8217;ambiente, la vivibilit\u00e0 e, appunto, la mobilit\u00e0.<\/p>\n<p>Per la citt\u00e0 Capoluogo di Belluno, che si muove con un PUMS approvato solo nel 2025 dopo quasi vent&#8217;anni di assenza di pianificazione organica, credo che la strada verso la smart city debba partire da un progetto complessivo di digitalizzazione, capace di innalzare il livello qualitativo dei servizi che oggi manca &#8211; e che fu promesso ai cittadini nel 2022 &#8211; e rispondere cos\u00ec con soluzioni innovative ai bisogni di cittadini, imprese e istituzioni: non solo nella mobilit\u00e0, ma anche nel socio-assistenziale, nell&#8217;ambiente, nella sicurezza, nell&#8217;efficienza energetica, fino alla manutenzione ordinaria del sistema urbano nel suo complesso. Sul fronte della mobilit\u00e0, in particolare, servirebbe portare la mobilit\u00e0 elettrica ( E-Bike) al centro, sviluppando infrastrutture capaci di abbattere traffico e inquinamento attraverso un vero progetto di Green Mobility: infrastrutture stradali integrate con la metropolitana ferroviaria di superficie Belluno-Padova-Venezia, gi\u00e0 prevista negli strumenti urbanistici esistenti, e parcheggi scambiatori intermodali tra automezzi privati, treno, trasporto pubblico locale e bicicletta.<br \/>\nLa difficolt\u00e0 resta, come sempre, tradurre tutto ci\u00f2 in atti concreti, con tempi e fondi verificabili, e che non resti soltanto un elenco di buone intenzioni. Perch\u00e9 il rischio pi\u00f9 insidioso, quello su cui la dottrina pi\u00f9 attenta insiste, \u00e8 che i servizi digitalizzati diventino accessibili solo a chi ha gi\u00e0 gli strumenti e le competenze per usarli, producendo una citt\u00e0 a due velocit\u00e0. Una Belluno smart, prima che tecnologica, dovrebbe essere una Belluno che non lascia indietro chi il digital divide lo vive ogni giorno, che sia per et\u00e0, per connessione o per mancanza di alfabetizzazione informatica. Un Piano Ciclabile serio quindi, un PUMS che non resti lettera morta, un&#8217;attenzione concreta all&#8217;accesso digitale per tutti: sono questi i temi su cui si misura davvero una citt\u00e0 intelligente e su cui la politica locale dovr\u00e0 confrontarsi nei prossimi decenni.<\/p>\n<p>Luigi Filippo Daniele . Baldenich24<\/p>\n<p>&nbsp;<\/p>","protected":false},"excerpt":{"rendered":"<p>Belluno, 17\/08\/2026 &#8211; Quando si parla di mobilit\u00e0 urbana, pensiamo a ciclabili, marciapiedi, semafori, rotonde o a code all&#8217;ora di punta. Ma la mobilit\u00e0 non \u00e8 mai stata solo questo: l&#8217;urbanistica, e quindi anche la mobilit\u00e0, \u00e8 in un certo senso la mano invisibile che ha disegnato le nostre citt\u00e0, quartieri e frazioni. I pianificatori [&hellip;]<\/p>\n","protected":false},"author":2,"featured_media":168548,"comment_status":"closed","ping_status":"open","sticky":false,"template":"","format":"standard","meta":{"footnotes":""},"categories":[5,26],"tags":[],"class_list":["post-172707","post","type-post","status-publish","format-standard","has-post-thumbnail","category-cronaca","category-prima-pagina"],"yoast_head":"<!-- This site is optimized with the Yoast SEO plugin v28.4 - https:\/\/yoast.com\/product\/yoast-seo-wordpress\/ -->\n<title>Breve storia della mobilit\u00e0 urbana. Dalla citt\u00e0 pedonale alla sfida della sostenibilit\u00e0: Belluno Smart City\u00a0 *\u00a0di Luigi Filippo Daniele - Bellunopress - Dolomiti<\/title>\n<meta name=\"robots\" content=\"index, follow, max-snippet:-1, max-image-preview:large, max-video-preview:-1\" \/>\n<link rel=\"canonical\" href=\"https:\/\/www.bellunopress.it\/fr\/2026\/08\/17\/breve-storia-della-mobilita-urbana-dalla-citta-pedonale-alla-sfida-della-sostenibilita-belluno-smart-city-di-luigi-filippo-daniele\/\" \/>\n<meta property=\"og:locale\" content=\"fr_FR\" \/>\n<meta property=\"og:type\" content=\"article\" \/>\n<meta property=\"og:title\" content=\"Breve storia della mobilit\u00e0 urbana. Dalla citt\u00e0 pedonale alla sfida della sostenibilit\u00e0: Belluno Smart City\u00a0 *\u00a0di Luigi Filippo Daniele - Bellunopress - Dolomiti\" \/>\n<meta property=\"og:description\" content=\"Belluno, 17\/08\/2026 &#8211; Quando si parla di mobilit\u00e0 urbana, pensiamo a ciclabili, marciapiedi, semafori, rotonde o a code all&#8217;ora di punta. Ma la mobilit\u00e0 non \u00e8 mai stata solo questo: l&#8217;urbanistica, e quindi anche la mobilit\u00e0, \u00e8 in un certo senso la mano invisibile che ha disegnato le nostre citt\u00e0, quartieri e frazioni. I pianificatori [&hellip;]\" \/>\n<meta property=\"og:url\" content=\"https:\/\/www.bellunopress.it\/fr\/2026\/08\/17\/breve-storia-della-mobilita-urbana-dalla-citta-pedonale-alla-sfida-della-sostenibilita-belluno-smart-city-di-luigi-filippo-daniele\/\" \/>\n<meta property=\"og:site_name\" content=\"Bellunopress - Dolomiti\" \/>\n<meta property=\"article:publisher\" content=\"https:\/\/www.facebook.com\/profile.php?id=100008943462799\" \/>\n<meta property=\"article:published_time\" content=\"2026-08-17T15:34:37+00:00\" \/>\n<meta property=\"og:image\" content=\"https:\/\/www.bellunopress.it\/wp-content\/uploads\/2026\/03\/Luigi-Filippo-Daniele-capofrazione-Baldenich.jpg\" \/>\n\t<meta property=\"og:image:width\" content=\"434\" \/>\n\t<meta property=\"og:image:height\" content=\"500\" \/>\n\t<meta property=\"og:image:type\" content=\"image\/jpeg\" \/>\n<meta name=\"author\" content=\"redazione\" \/>\n<meta name=\"twitter:card\" content=\"summary_large_image\" \/>\n<meta name=\"twitter:creator\" content=\"@bellunopress\" \/>\n<meta name=\"twitter:site\" content=\"@bellunopress\" \/>\n<meta name=\"twitter:label1\" content=\"Written by\" \/>\n\t<meta name=\"twitter:data1\" content=\"redazione\" \/>\n\t<meta name=\"twitter:label2\" content=\"Est. reading time\" \/>\n\t<meta name=\"twitter:data2\" content=\"11 minutes\" \/>\n<script type=\"application\/ld+json\" class=\"yoast-schema-graph\">{\"@context\":\"https:\\\/\\\/schema.org\",\"@graph\":[{\"@type\":\"Article\",\"@id\":\"https:\\\/\\\/www.bellunopress.it\\\/2026\\\/08\\\/17\\\/breve-storia-della-mobilita-urbana-dalla-citta-pedonale-alla-sfida-della-sostenibilita-belluno-smart-city-di-luigi-filippo-daniele\\\/#article\",\"isPartOf\":{\"@id\":\"https:\\\/\\\/www.bellunopress.it\\\/2026\\\/08\\\/17\\\/breve-storia-della-mobilita-urbana-dalla-citta-pedonale-alla-sfida-della-sostenibilita-belluno-smart-city-di-luigi-filippo-daniele\\\/\"},\"author\":{\"name\":\"redazione\",\"@id\":\"https:\\\/\\\/www.bellunopress.it\\\/#\\\/schema\\\/person\\\/79bb06722b37ece1c03d3e94beb30d73\"},\"headline\":\"Breve storia della mobilit\u00e0 urbana. Dalla citt\u00e0 pedonale alla sfida della sostenibilit\u00e0: Belluno Smart City\u00a0 *\u00a0di Luigi Filippo Daniele\",\"datePublished\":\"2026-08-17T15:34:37+00:00\",\"mainEntityOfPage\":{\"@id\":\"https:\\\/\\\/www.bellunopress.it\\\/2026\\\/08\\\/17\\\/breve-storia-della-mobilita-urbana-dalla-citta-pedonale-alla-sfida-della-sostenibilita-belluno-smart-city-di-luigi-filippo-daniele\\\/\"},\"wordCount\":1936,\"publisher\":{\"@id\":\"https:\\\/\\\/www.bellunopress.it\\\/#organization\"},\"image\":{\"@id\":\"https:\\\/\\\/www.bellunopress.it\\\/2026\\\/08\\\/17\\\/breve-storia-della-mobilita-urbana-dalla-citta-pedonale-alla-sfida-della-sostenibilita-belluno-smart-city-di-luigi-filippo-daniele\\\/#primaryimage\"},\"thumbnailUrl\":\"https:\\\/\\\/www.bellunopress.it\\\/wp-content\\\/uploads\\\/2026\\\/03\\\/Luigi-Filippo-Daniele-capofrazione-Baldenich.jpg\",\"articleSection\":[\"Cronaca\\\/Politica\",\"Prima Pagina\"],\"inLanguage\":\"fr-FR\"},{\"@type\":\"WebPage\",\"@id\":\"https:\\\/\\\/www.bellunopress.it\\\/2026\\\/08\\\/17\\\/breve-storia-della-mobilita-urbana-dalla-citta-pedonale-alla-sfida-della-sostenibilita-belluno-smart-city-di-luigi-filippo-daniele\\\/\",\"url\":\"https:\\\/\\\/www.bellunopress.it\\\/2026\\\/08\\\/17\\\/breve-storia-della-mobilita-urbana-dalla-citta-pedonale-alla-sfida-della-sostenibilita-belluno-smart-city-di-luigi-filippo-daniele\\\/\",\"name\":\"Breve storia della mobilit\u00e0 urbana. Dalla citt\u00e0 pedonale alla sfida della sostenibilit\u00e0: Belluno Smart City\u00a0 *\u00a0di Luigi Filippo Daniele - Bellunopress - Dolomiti\",\"isPartOf\":{\"@id\":\"https:\\\/\\\/www.bellunopress.it\\\/#website\"},\"primaryImageOfPage\":{\"@id\":\"https:\\\/\\\/www.bellunopress.it\\\/2026\\\/08\\\/17\\\/breve-storia-della-mobilita-urbana-dalla-citta-pedonale-alla-sfida-della-sostenibilita-belluno-smart-city-di-luigi-filippo-daniele\\\/#primaryimage\"},\"image\":{\"@id\":\"https:\\\/\\\/www.bellunopress.it\\\/2026\\\/08\\\/17\\\/breve-storia-della-mobilita-urbana-dalla-citta-pedonale-alla-sfida-della-sostenibilita-belluno-smart-city-di-luigi-filippo-daniele\\\/#primaryimage\"},\"thumbnailUrl\":\"https:\\\/\\\/www.bellunopress.it\\\/wp-content\\\/uploads\\\/2026\\\/03\\\/Luigi-Filippo-Daniele-capofrazione-Baldenich.jpg\",\"datePublished\":\"2026-08-17T15:34:37+00:00\",\"breadcrumb\":{\"@id\":\"https:\\\/\\\/www.bellunopress.it\\\/2026\\\/08\\\/17\\\/breve-storia-della-mobilita-urbana-dalla-citta-pedonale-alla-sfida-della-sostenibilita-belluno-smart-city-di-luigi-filippo-daniele\\\/#breadcrumb\"},\"inLanguage\":\"fr-FR\",\"potentialAction\":[{\"@type\":\"ReadAction\",\"target\":[\"https:\\\/\\\/www.bellunopress.it\\\/2026\\\/08\\\/17\\\/breve-storia-della-mobilita-urbana-dalla-citta-pedonale-alla-sfida-della-sostenibilita-belluno-smart-city-di-luigi-filippo-daniele\\\/\"]}]},{\"@type\":\"ImageObject\",\"inLanguage\":\"fr-FR\",\"@id\":\"https:\\\/\\\/www.bellunopress.it\\\/2026\\\/08\\\/17\\\/breve-storia-della-mobilita-urbana-dalla-citta-pedonale-alla-sfida-della-sostenibilita-belluno-smart-city-di-luigi-filippo-daniele\\\/#primaryimage\",\"url\":\"https:\\\/\\\/www.bellunopress.it\\\/wp-content\\\/uploads\\\/2026\\\/03\\\/Luigi-Filippo-Daniele-capofrazione-Baldenich.jpg\",\"contentUrl\":\"https:\\\/\\\/www.bellunopress.it\\\/wp-content\\\/uploads\\\/2026\\\/03\\\/Luigi-Filippo-Daniele-capofrazione-Baldenich.jpg\",\"width\":434,\"height\":500,\"caption\":\"Luigi Filippo Daniele - Capofrazione di Baldenich (Belluno)\"},{\"@type\":\"BreadcrumbList\",\"@id\":\"https:\\\/\\\/www.bellunopress.it\\\/2026\\\/08\\\/17\\\/breve-storia-della-mobilita-urbana-dalla-citta-pedonale-alla-sfida-della-sostenibilita-belluno-smart-city-di-luigi-filippo-daniele\\\/#breadcrumb\",\"itemListElement\":[{\"@type\":\"ListItem\",\"position\":1,\"name\":\"Home\",\"item\":\"https:\\\/\\\/www.bellunopress.it\\\/\"},{\"@type\":\"ListItem\",\"position\":2,\"name\":\"Breve storia della mobilit\u00e0 urbana. Dalla citt\u00e0 pedonale alla sfida della sostenibilit\u00e0: Belluno Smart City\u00a0 *\u00a0di Luigi Filippo Daniele\"}]},{\"@type\":\"WebSite\",\"@id\":\"https:\\\/\\\/www.bellunopress.it\\\/#website\",\"url\":\"https:\\\/\\\/www.bellunopress.it\\\/\",\"name\":\"Bellunopress - Dolomiti\",\"description\":\"e-mail: redazione@bellunopress.it\",\"publisher\":{\"@id\":\"https:\\\/\\\/www.bellunopress.it\\\/#organization\"},\"potentialAction\":[{\"@type\":\"SearchAction\",\"target\":{\"@type\":\"EntryPoint\",\"urlTemplate\":\"https:\\\/\\\/www.bellunopress.it\\\/?s={search_term_string}\"},\"query-input\":{\"@type\":\"PropertyValueSpecification\",\"valueRequired\":true,\"valueName\":\"search_term_string\"}}],\"inLanguage\":\"fr-FR\"},{\"@type\":\"Organization\",\"@id\":\"https:\\\/\\\/www.bellunopress.it\\\/#organization\",\"name\":\"Bellunopress\",\"url\":\"https:\\\/\\\/www.bellunopress.it\\\/\",\"logo\":{\"@type\":\"ImageObject\",\"inLanguage\":\"fr-FR\",\"@id\":\"https:\\\/\\\/www.bellunopress.it\\\/#\\\/schema\\\/logo\\\/image\\\/\",\"url\":\"https:\\\/\\\/www.bellunopress.it\\\/wp-content\\\/uploads\\\/2011\\\/05\\\/cropped-logo-bellunopress-.jpg\",\"contentUrl\":\"https:\\\/\\\/www.bellunopress.it\\\/wp-content\\\/uploads\\\/2011\\\/05\\\/cropped-logo-bellunopress-.jpg\",\"width\":512,\"height\":512,\"caption\":\"Bellunopress\"},\"image\":{\"@id\":\"https:\\\/\\\/www.bellunopress.it\\\/#\\\/schema\\\/logo\\\/image\\\/\"},\"sameAs\":[\"https:\\\/\\\/www.facebook.com\\\/profile.php?id=100008943462799\",\"https:\\\/\\\/x.com\\\/bellunopress\",\"https:\\\/\\\/www.linkedin.com\\\/hp\\\/?dnr=JBzUWaJfMUw8vbXJJ2tVW5-I3jZKvC4wsoxE&amp;amp;amp;amp;amp;amp;trk=nav_responsive_tab_home\",\"https:\\\/\\\/www.youtube.com\\\/channel\\\/UCxL0wu1uN0_3_7hGG0306cw\"]},{\"@type\":\"Person\",\"@id\":\"https:\\\/\\\/www.bellunopress.it\\\/#\\\/schema\\\/person\\\/79bb06722b37ece1c03d3e94beb30d73\",\"name\":\"redazione\",\"image\":{\"@type\":\"ImageObject\",\"inLanguage\":\"fr-FR\",\"@id\":\"https:\\\/\\\/secure.gravatar.com\\\/avatar\\\/37d968a2e67a6fd04c169c4bdef102d0bc5d31b2546345219e348575eb80e9a0?s=96&d=mm&r=g\",\"url\":\"https:\\\/\\\/secure.gravatar.com\\\/avatar\\\/37d968a2e67a6fd04c169c4bdef102d0bc5d31b2546345219e348575eb80e9a0?s=96&d=mm&r=g\",\"contentUrl\":\"https:\\\/\\\/secure.gravatar.com\\\/avatar\\\/37d968a2e67a6fd04c169c4bdef102d0bc5d31b2546345219e348575eb80e9a0?s=96&d=mm&r=g\",\"caption\":\"redazione\"},\"sameAs\":[\"http:\\\/\\\/www.bellunopress.it\",\"https:\\\/\\\/x.com\\\/bellunopress\"],\"url\":\"https:\\\/\\\/www.bellunopress.it\\\/fr\\\/author\\\/redazione\\\/\"}]}<\/script>\n<!-- \/ Yoast SEO plugin. -->","yoast_head_json":{"title":"Breve storia della mobilit\u00e0 urbana. Dalla citt\u00e0 pedonale alla sfida della sostenibilit\u00e0: Belluno Smart City\u00a0 *\u00a0di Luigi Filippo Daniele - Bellunopress - Dolomiti","robots":{"index":"index","follow":"follow","max-snippet":"max-snippet:-1","max-image-preview":"max-image-preview:large","max-video-preview":"max-video-preview:-1"},"canonical":"https:\/\/www.bellunopress.it\/fr\/2026\/08\/17\/breve-storia-della-mobilita-urbana-dalla-citta-pedonale-alla-sfida-della-sostenibilita-belluno-smart-city-di-luigi-filippo-daniele\/","og_locale":"fr_FR","og_type":"article","og_title":"Breve storia della mobilit\u00e0 urbana. Dalla citt\u00e0 pedonale alla sfida della sostenibilit\u00e0: Belluno Smart City\u00a0 *\u00a0di Luigi Filippo Daniele - Bellunopress - Dolomiti","og_description":"Belluno, 17\/08\/2026 &#8211; Quando si parla di mobilit\u00e0 urbana, pensiamo a ciclabili, marciapiedi, semafori, rotonde o a code all&#8217;ora di punta. Ma la mobilit\u00e0 non \u00e8 mai stata solo questo: l&#8217;urbanistica, e quindi anche la mobilit\u00e0, \u00e8 in un certo senso la mano invisibile che ha disegnato le nostre citt\u00e0, quartieri e frazioni. I pianificatori [&hellip;]","og_url":"https:\/\/www.bellunopress.it\/fr\/2026\/08\/17\/breve-storia-della-mobilita-urbana-dalla-citta-pedonale-alla-sfida-della-sostenibilita-belluno-smart-city-di-luigi-filippo-daniele\/","og_site_name":"Bellunopress - Dolomiti","article_publisher":"https:\/\/www.facebook.com\/profile.php?id=100008943462799","article_published_time":"2026-08-17T15:34:37+00:00","og_image":[{"width":434,"height":500,"url":"https:\/\/www.bellunopress.it\/wp-content\/uploads\/2026\/03\/Luigi-Filippo-Daniele-capofrazione-Baldenich.jpg","type":"image\/jpeg"}],"author":"redazione","twitter_card":"summary_large_image","twitter_creator":"@bellunopress","twitter_site":"@bellunopress","twitter_misc":{"Written by":"redazione","Est. reading time":"11 minutes"},"schema":{"@context":"https:\/\/schema.org","@graph":[{"@type":"Article","@id":"https:\/\/www.bellunopress.it\/2026\/08\/17\/breve-storia-della-mobilita-urbana-dalla-citta-pedonale-alla-sfida-della-sostenibilita-belluno-smart-city-di-luigi-filippo-daniele\/#article","isPartOf":{"@id":"https:\/\/www.bellunopress.it\/2026\/08\/17\/breve-storia-della-mobilita-urbana-dalla-citta-pedonale-alla-sfida-della-sostenibilita-belluno-smart-city-di-luigi-filippo-daniele\/"},"author":{"name":"redazione","@id":"https:\/\/www.bellunopress.it\/#\/schema\/person\/79bb06722b37ece1c03d3e94beb30d73"},"headline":"Breve storia della mobilit\u00e0 urbana. Dalla citt\u00e0 pedonale alla sfida della sostenibilit\u00e0: Belluno Smart City\u00a0 *\u00a0di Luigi Filippo Daniele","datePublished":"2026-08-17T15:34:37+00:00","mainEntityOfPage":{"@id":"https:\/\/www.bellunopress.it\/2026\/08\/17\/breve-storia-della-mobilita-urbana-dalla-citta-pedonale-alla-sfida-della-sostenibilita-belluno-smart-city-di-luigi-filippo-daniele\/"},"wordCount":1936,"publisher":{"@id":"https:\/\/www.bellunopress.it\/#organization"},"image":{"@id":"https:\/\/www.bellunopress.it\/2026\/08\/17\/breve-storia-della-mobilita-urbana-dalla-citta-pedonale-alla-sfida-della-sostenibilita-belluno-smart-city-di-luigi-filippo-daniele\/#primaryimage"},"thumbnailUrl":"https:\/\/www.bellunopress.it\/wp-content\/uploads\/2026\/03\/Luigi-Filippo-Daniele-capofrazione-Baldenich.jpg","articleSection":["Cronaca\/Politica","Prima Pagina"],"inLanguage":"fr-FR"},{"@type":"WebPage","@id":"https:\/\/www.bellunopress.it\/2026\/08\/17\/breve-storia-della-mobilita-urbana-dalla-citta-pedonale-alla-sfida-della-sostenibilita-belluno-smart-city-di-luigi-filippo-daniele\/","url":"https:\/\/www.bellunopress.it\/2026\/08\/17\/breve-storia-della-mobilita-urbana-dalla-citta-pedonale-alla-sfida-della-sostenibilita-belluno-smart-city-di-luigi-filippo-daniele\/","name":"Breve storia della mobilit\u00e0 urbana. Dalla citt\u00e0 pedonale alla sfida della sostenibilit\u00e0: Belluno Smart City\u00a0 *\u00a0di Luigi Filippo Daniele - Bellunopress - Dolomiti","isPartOf":{"@id":"https:\/\/www.bellunopress.it\/#website"},"primaryImageOfPage":{"@id":"https:\/\/www.bellunopress.it\/2026\/08\/17\/breve-storia-della-mobilita-urbana-dalla-citta-pedonale-alla-sfida-della-sostenibilita-belluno-smart-city-di-luigi-filippo-daniele\/#primaryimage"},"image":{"@id":"https:\/\/www.bellunopress.it\/2026\/08\/17\/breve-storia-della-mobilita-urbana-dalla-citta-pedonale-alla-sfida-della-sostenibilita-belluno-smart-city-di-luigi-filippo-daniele\/#primaryimage"},"thumbnailUrl":"https:\/\/www.bellunopress.it\/wp-content\/uploads\/2026\/03\/Luigi-Filippo-Daniele-capofrazione-Baldenich.jpg","datePublished":"2026-08-17T15:34:37+00:00","breadcrumb":{"@id":"https:\/\/www.bellunopress.it\/2026\/08\/17\/breve-storia-della-mobilita-urbana-dalla-citta-pedonale-alla-sfida-della-sostenibilita-belluno-smart-city-di-luigi-filippo-daniele\/#breadcrumb"},"inLanguage":"fr-FR","potentialAction":[{"@type":"ReadAction","target":["https:\/\/www.bellunopress.it\/2026\/08\/17\/breve-storia-della-mobilita-urbana-dalla-citta-pedonale-alla-sfida-della-sostenibilita-belluno-smart-city-di-luigi-filippo-daniele\/"]}]},{"@type":"ImageObject","inLanguage":"fr-FR","@id":"https:\/\/www.bellunopress.it\/2026\/08\/17\/breve-storia-della-mobilita-urbana-dalla-citta-pedonale-alla-sfida-della-sostenibilita-belluno-smart-city-di-luigi-filippo-daniele\/#primaryimage","url":"https:\/\/www.bellunopress.it\/wp-content\/uploads\/2026\/03\/Luigi-Filippo-Daniele-capofrazione-Baldenich.jpg","contentUrl":"https:\/\/www.bellunopress.it\/wp-content\/uploads\/2026\/03\/Luigi-Filippo-Daniele-capofrazione-Baldenich.jpg","width":434,"height":500,"caption":"Luigi Filippo Daniele - Capofrazione di Baldenich (Belluno)"},{"@type":"BreadcrumbList","@id":"https:\/\/www.bellunopress.it\/2026\/08\/17\/breve-storia-della-mobilita-urbana-dalla-citta-pedonale-alla-sfida-della-sostenibilita-belluno-smart-city-di-luigi-filippo-daniele\/#breadcrumb","itemListElement":[{"@type":"ListItem","position":1,"name":"Home","item":"https:\/\/www.bellunopress.it\/"},{"@type":"ListItem","position":2,"name":"Breve storia della mobilit\u00e0 urbana. Dalla citt\u00e0 pedonale alla sfida della sostenibilit\u00e0: Belluno Smart City\u00a0 *\u00a0di Luigi Filippo Daniele"}]},{"@type":"WebSite","@id":"https:\/\/www.bellunopress.it\/#website","url":"https:\/\/www.bellunopress.it\/","name":"Bellunopress - Dolomiti","description":"e-mail: redazione@bellunopress.it","publisher":{"@id":"https:\/\/www.bellunopress.it\/#organization"},"potentialAction":[{"@type":"SearchAction","target":{"@type":"EntryPoint","urlTemplate":"https:\/\/www.bellunopress.it\/?s={search_term_string}"},"query-input":{"@type":"PropertyValueSpecification","valueRequired":true,"valueName":"search_term_string"}}],"inLanguage":"fr-FR"},{"@type":"Organization","@id":"https:\/\/www.bellunopress.it\/#organization","name":"Bellunopress","url":"https:\/\/www.bellunopress.it\/","logo":{"@type":"ImageObject","inLanguage":"fr-FR","@id":"https:\/\/www.bellunopress.it\/#\/schema\/logo\/image\/","url":"https:\/\/www.bellunopress.it\/wp-content\/uploads\/2011\/05\/cropped-logo-bellunopress-.jpg","contentUrl":"https:\/\/www.bellunopress.it\/wp-content\/uploads\/2011\/05\/cropped-logo-bellunopress-.jpg","width":512,"height":512,"caption":"Bellunopress"},"image":{"@id":"https:\/\/www.bellunopress.it\/#\/schema\/logo\/image\/"},"sameAs":["https:\/\/www.facebook.com\/profile.php?id=100008943462799","https:\/\/x.com\/bellunopress","https:\/\/www.linkedin.com\/hp\/?dnr=JBzUWaJfMUw8vbXJJ2tVW5-I3jZKvC4wsoxE&amp;amp;amp;amp;amp;amp;trk=nav_responsive_tab_home","https:\/\/www.youtube.com\/channel\/UCxL0wu1uN0_3_7hGG0306cw"]},{"@type":"Person","@id":"https:\/\/www.bellunopress.it\/#\/schema\/person\/79bb06722b37ece1c03d3e94beb30d73","name":"r\u00e9daction","image":{"@type":"ImageObject","inLanguage":"fr-FR","@id":"https:\/\/secure.gravatar.com\/avatar\/37d968a2e67a6fd04c169c4bdef102d0bc5d31b2546345219e348575eb80e9a0?s=96&d=mm&r=g","url":"https:\/\/secure.gravatar.com\/avatar\/37d968a2e67a6fd04c169c4bdef102d0bc5d31b2546345219e348575eb80e9a0?s=96&d=mm&r=g","contentUrl":"https:\/\/secure.gravatar.com\/avatar\/37d968a2e67a6fd04c169c4bdef102d0bc5d31b2546345219e348575eb80e9a0?s=96&d=mm&r=g","caption":"redazione"},"sameAs":["http:\/\/www.bellunopress.it","https:\/\/x.com\/bellunopress"],"url":"https:\/\/www.bellunopress.it\/fr\/author\/redazione\/"}]}},"_links":{"self":[{"href":"https:\/\/www.bellunopress.it\/fr\/wp-json\/wp\/v2\/posts\/172707","targetHints":{"allow":["GET"]}}],"collection":[{"href":"https:\/\/www.bellunopress.it\/fr\/wp-json\/wp\/v2\/posts"}],"about":[{"href":"https:\/\/www.bellunopress.it\/fr\/wp-json\/wp\/v2\/types\/post"}],"author":[{"embeddable":true,"href":"https:\/\/www.bellunopress.it\/fr\/wp-json\/wp\/v2\/users\/2"}],"replies":[{"embeddable":true,"href":"https:\/\/www.bellunopress.it\/fr\/wp-json\/wp\/v2\/comments?post=172707"}],"version-history":[{"count":1,"href":"https:\/\/www.bellunopress.it\/fr\/wp-json\/wp\/v2\/posts\/172707\/revisions"}],"predecessor-version":[{"id":172708,"href":"https:\/\/www.bellunopress.it\/fr\/wp-json\/wp\/v2\/posts\/172707\/revisions\/172708"}],"wp:featuredmedia":[{"embeddable":true,"href":"https:\/\/www.bellunopress.it\/fr\/wp-json\/wp\/v2\/media\/168548"}],"wp:attachment":[{"href":"https:\/\/www.bellunopress.it\/fr\/wp-json\/wp\/v2\/media?parent=172707"}],"wp:term":[{"taxonomy":"category","embeddable":true,"href":"https:\/\/www.bellunopress.it\/fr\/wp-json\/wp\/v2\/categories?post=172707"},{"taxonomy":"post_tag","embeddable":true,"href":"https:\/\/www.bellunopress.it\/fr\/wp-json\/wp\/v2\/tags?post=172707"}],"curies":[{"name":"wp","href":"https:\/\/api.w.org\/{rel}","templated":true}]}}