{"id":172705,"date":"2026-08-18T09:00:29","date_gmt":"2026-08-18T07:00:29","guid":{"rendered":"https:\/\/www.bellunopress.it\/?p=172705"},"modified":"2026-08-17T16:56:17","modified_gmt":"2026-08-17T14:56:17","slug":"storia-cibo-e-identita-veneta-danilo-gasparini-presenta-il-suo-saggio-alla-libreria-agora-di-feltre","status":"publish","type":"post","link":"https:\/\/www.bellunopress.it\/fr\/2026\/08\/18\/storia-cibo-e-identita-veneta-danilo-gasparini-presenta-il-suo-saggio-alla-libreria-agora-di-feltre\/","title":{"rendered":"Storia, cibo e identit\u00e0 veneta: Danilo Gasparini presenta il suo saggio alla Libreria Agor\u00e0 di Feltre"},"content":{"rendered":"<p data-path-to-node=\"1\">Prosegue con un imperdibile viaggio tra i sapori e la storia del territorio il ricco cartellone di incontri estivi organizzato dalla Libreria Agor\u00e0 di Feltre.<\/p>\n<p data-path-to-node=\"2\">Dopo il successo dei precedenti appuntamenti \u2013 che hanno visto protagonisti autori come Mariapia Veladiano, Jennifer Antonsotto, Matteo Melchiorre e Gigi Corazzol \u2013 la libreria feltrina si prepara ad accogliere un nuovo e stimolante evento dedicato questa volta alla cultura della tavola e alle sue profonde radici storiche.<\/p>\n<p data-path-to-node=\"5\">L&#8217;incontro si terr\u00e0 mercoled\u00ec 19 agosto alle ore 18.30 a Feltre nella Libreria Agor\u00e0. Ospite della serata sar\u00e0 Danilo Gasparini, docente di Storia dell&#8217;agricoltura e dell&#8217;alimentazione presso l&#8217;Universit\u00e0 di Padova, che presenter\u00e0 il suo saggio dal titolo:<\/p>\n<blockquote data-path-to-node=\"6\"><p><i data-path-to-node=\"6,0\" data-index-in-node=\"0\">&#8220;Dal banchetto alla sagra. Mangiare e bere nelle Venezie tra Medioevo ed et\u00e0 contemporanea&#8221;<\/i><\/p><\/blockquote>\n<p data-path-to-node=\"7\">Ad affiancare l&#8217;autore nel dialogo con il pubblico ci sar\u00e0 Marina Scopel, storica della gastronomia e autrice di numerosi saggi dedicati al tema della cucina e delle tradizioni alimentari.<\/p>\n<p data-path-to-node=\"10\">L&#8217;incontro offrir\u00e0 al pubblico un vero e proprio salto nel tempo, pensato per svelare l&#8217;evoluzione delle abitudini culinarie nelle terre venete attraverso i secoli.<\/p>\n<p data-path-to-node=\"11\">Dai suntuosi banchetti delle corti signorili fino alle pi\u00f9 popolari sagre di paese, passando per la cultura contadina e le contaminazioni nate dai commerci e dagli scambi con le diverse culture, il saggio di Gasparini delinea un percorso affascinante. Un&#8217;occasione unica per comprendere come il cibo e il vino non siano stati semplici elementi di sostentamento, ma strumenti fondamentali nella costruzione dell&#8217;identit\u00e0 culturale, economica e sociale del Veneto.<\/p>\n<h2 data-path-to-node=\"13\">Informazioni<\/h2>\n<ul data-path-to-node=\"14\">\n<li>\n<p data-path-to-node=\"14,0,0\"><b data-path-to-node=\"14,0,0\" data-index-in-node=\"0\">Data:<\/b> Mercoled\u00ec 19 agosto<\/p>\n<\/li>\n<li>\n<p data-path-to-node=\"14,1,0\"><b data-path-to-node=\"14,1,0\" data-index-in-node=\"0\">Orario:<\/b> Ore 18.30<\/p>\n<\/li>\n<li>\n<p data-path-to-node=\"14,2,0\"><b data-path-to-node=\"14,2,0\" data-index-in-node=\"0\">Luogo:<\/b> Libreria Agor\u00e0, Feltre<\/p>\n<\/li>\n<li>\n<p data-path-to-node=\"14,3,0\"><b data-path-to-node=\"14,3,0\" data-index-in-node=\"0\">Ingresso:<\/b> Libero e aperto a tutti (non \u00e8 richiesta la prenotazione)<\/p>\n<\/li>\n<\/ul>\n<p data-path-to-node=\"15\">Per qualsiasi ulteriore informazione \u00e8 possibile contattare direttamente la libreria:<\/p>\n<ul data-path-to-node=\"16\">\n<li>\n<p data-path-to-node=\"16,0,0\"><b data-path-to-node=\"16,0,0\" data-index-in-node=\"0\">Telefono:<\/b> 0439 83487<\/p>\n<\/li>\n<li>\n<p data-path-to-node=\"16,1,0\"><b data-path-to-node=\"16,1,0\" data-index-in-node=\"0\">Email:<\/b> libreria.agora@libero.it<\/p>\n<\/li>\n<\/ul>","protected":false},"excerpt":{"rendered":"<p>Prosegue con un imperdibile viaggio tra i sapori e la storia del territorio il ricco cartellone di incontri estivi organizzato dalla Libreria Agor\u00e0 di Feltre. Dopo il successo dei precedenti appuntamenti \u2013 che hanno visto protagonisti autori come Mariapia Veladiano, Jennifer Antonsotto, Matteo Melchiorre e Gigi Corazzol \u2013 la libreria feltrina si prepara ad accogliere [&hellip;]<\/p>\n","protected":false},"author":2,"featured_media":171902,"comment_status":"closed","ping_status":"open","sticky":false,"template":"","format":"standard","meta":{"footnotes":""},"categories":[27,25],"tags":[],"class_list":["post-172705","post","type-post","status-publish","format-standard","has-post-thumbnail","category-appuntamenti","category-pausa-caffe"],"yoast_head":"<!-- This site is optimized with the Yoast SEO plugin v28.4 - https:\/\/yoast.com\/product\/yoast-seo-wordpress\/ -->\n<title>Storia, cibo e identit\u00e0 veneta: Danilo Gasparini presenta il suo saggio alla Libreria Agor\u00e0 di Feltre - Bellunopress - Dolomiti<\/title>\n<meta name=\"robots\" content=\"index, follow, max-snippet:-1, max-image-preview:large, max-video-preview:-1\" \/>\n<link rel=\"canonical\" href=\"https:\/\/www.bellunopress.it\/fr\/2026\/08\/18\/storia-cibo-e-identita-veneta-danilo-gasparini-presenta-il-suo-saggio-alla-libreria-agora-di-feltre\/\" \/>\n<meta property=\"og:locale\" content=\"fr_FR\" \/>\n<meta property=\"og:type\" content=\"article\" \/>\n<meta property=\"og:title\" content=\"Storia, cibo e identit\u00e0 veneta: Danilo Gasparini presenta il suo saggio alla Libreria Agor\u00e0 di Feltre - Bellunopress - Dolomiti\" \/>\n<meta property=\"og:description\" content=\"Prosegue con un imperdibile viaggio tra i sapori e la storia del territorio il ricco cartellone di incontri estivi organizzato dalla Libreria Agor\u00e0 di Feltre. Dopo il successo dei precedenti appuntamenti \u2013 che hanno visto protagonisti autori come Mariapia Veladiano, Jennifer Antonsotto, Matteo Melchiorre e Gigi Corazzol \u2013 la libreria feltrina si prepara ad accogliere [&hellip;]\" \/>\n<meta property=\"og:url\" content=\"https:\/\/www.bellunopress.it\/fr\/2026\/08\/18\/storia-cibo-e-identita-veneta-danilo-gasparini-presenta-il-suo-saggio-alla-libreria-agora-di-feltre\/\" \/>\n<meta property=\"og:site_name\" content=\"Bellunopress - Dolomiti\" \/>\n<meta property=\"article:publisher\" content=\"https:\/\/www.facebook.com\/profile.php?id=100008943462799\" \/>\n<meta property=\"article:published_time\" content=\"2026-08-18T07:00:29+00:00\" \/>\n<meta property=\"og:image\" content=\"https:\/\/www.bellunopress.it\/wp-content\/uploads\/2026\/07\/alessandro-dalla-gasperina.jpg\" \/>\n\t<meta property=\"og:image:width\" content=\"477\" \/>\n\t<meta property=\"og:image:height\" content=\"549\" \/>\n\t<meta property=\"og:image:type\" content=\"image\/jpeg\" \/>\n<meta name=\"author\" content=\"redazione\" \/>\n<meta name=\"twitter:card\" content=\"summary_large_image\" \/>\n<meta name=\"twitter:creator\" content=\"@bellunopress\" \/>\n<meta name=\"twitter:site\" content=\"@bellunopress\" \/>\n<meta name=\"twitter:label1\" content=\"Written by\" \/>\n\t<meta name=\"twitter:data1\" content=\"redazione\" \/>\n\t<meta name=\"twitter:label2\" content=\"Est. reading time\" \/>\n\t<meta name=\"twitter:data2\" content=\"2 minutes\" \/>\n<script type=\"application\/ld+json\" class=\"yoast-schema-graph\">{\"@context\":\"https:\\\/\\\/schema.org\",\"@graph\":[{\"@type\":\"Article\",\"@id\":\"https:\\\/\\\/www.bellunopress.it\\\/2026\\\/08\\\/18\\\/storia-cibo-e-identita-veneta-danilo-gasparini-presenta-il-suo-saggio-alla-libreria-agora-di-feltre\\\/#article\",\"isPartOf\":{\"@id\":\"https:\\\/\\\/www.bellunopress.it\\\/2026\\\/08\\\/18\\\/storia-cibo-e-identita-veneta-danilo-gasparini-presenta-il-suo-saggio-alla-libreria-agora-di-feltre\\\/\"},\"author\":{\"name\":\"redazione\",\"@id\":\"https:\\\/\\\/www.bellunopress.it\\\/#\\\/schema\\\/person\\\/79bb06722b37ece1c03d3e94beb30d73\"},\"headline\":\"Storia, cibo e identit\u00e0 veneta: Danilo Gasparini presenta il suo saggio alla Libreria Agor\u00e0 di Feltre\",\"datePublished\":\"2026-08-18T07:00:29+00:00\",\"mainEntityOfPage\":{\"@id\":\"https:\\\/\\\/www.bellunopress.it\\\/2026\\\/08\\\/18\\\/storia-cibo-e-identita-veneta-danilo-gasparini-presenta-il-suo-saggio-alla-libreria-agora-di-feltre\\\/\"},\"wordCount\":301,\"publisher\":{\"@id\":\"https:\\\/\\\/www.bellunopress.it\\\/#organization\"},\"image\":{\"@id\":\"https:\\\/\\\/www.bellunopress.it\\\/2026\\\/08\\\/18\\\/storia-cibo-e-identita-veneta-danilo-gasparini-presenta-il-suo-saggio-alla-libreria-agora-di-feltre\\\/#primaryimage\"},\"thumbnailUrl\":\"https:\\\/\\\/www.bellunopress.it\\\/wp-content\\\/uploads\\\/2026\\\/07\\\/alessandro-dalla-gasperina.jpg\",\"articleSection\":[\"Appuntamenti, Eventi\",\"Pausa Caff\u00e8\"],\"inLanguage\":\"fr-FR\"},{\"@type\":\"WebPage\",\"@id\":\"https:\\\/\\\/www.bellunopress.it\\\/2026\\\/08\\\/18\\\/storia-cibo-e-identita-veneta-danilo-gasparini-presenta-il-suo-saggio-alla-libreria-agora-di-feltre\\\/\",\"url\":\"https:\\\/\\\/www.bellunopress.it\\\/2026\\\/08\\\/18\\\/storia-cibo-e-identita-veneta-danilo-gasparini-presenta-il-suo-saggio-alla-libreria-agora-di-feltre\\\/\",\"name\":\"Storia, cibo e identit\u00e0 veneta: Danilo Gasparini presenta il suo saggio alla Libreria Agor\u00e0 di Feltre - Bellunopress - Dolomiti\",\"isPartOf\":{\"@id\":\"https:\\\/\\\/www.bellunopress.it\\\/#website\"},\"primaryImageOfPage\":{\"@id\":\"https:\\\/\\\/www.bellunopress.it\\\/2026\\\/08\\\/18\\\/storia-cibo-e-identita-veneta-danilo-gasparini-presenta-il-suo-saggio-alla-libreria-agora-di-feltre\\\/#primaryimage\"},\"image\":{\"@id\":\"https:\\\/\\\/www.bellunopress.it\\\/2026\\\/08\\\/18\\\/storia-cibo-e-identita-veneta-danilo-gasparini-presenta-il-suo-saggio-alla-libreria-agora-di-feltre\\\/#primaryimage\"},\"thumbnailUrl\":\"https:\\\/\\\/www.bellunopress.it\\\/wp-content\\\/uploads\\\/2026\\\/07\\\/alessandro-dalla-gasperina.jpg\",\"datePublished\":\"2026-08-18T07:00:29+00:00\",\"breadcrumb\":{\"@id\":\"https:\\\/\\\/www.bellunopress.it\\\/2026\\\/08\\\/18\\\/storia-cibo-e-identita-veneta-danilo-gasparini-presenta-il-suo-saggio-alla-libreria-agora-di-feltre\\\/#breadcrumb\"},\"inLanguage\":\"fr-FR\",\"potentialAction\":[{\"@type\":\"ReadAction\",\"target\":[\"https:\\\/\\\/www.bellunopress.it\\\/2026\\\/08\\\/18\\\/storia-cibo-e-identita-veneta-danilo-gasparini-presenta-il-suo-saggio-alla-libreria-agora-di-feltre\\\/\"]}]},{\"@type\":\"ImageObject\",\"inLanguage\":\"fr-FR\",\"@id\":\"https:\\\/\\\/www.bellunopress.it\\\/2026\\\/08\\\/18\\\/storia-cibo-e-identita-veneta-danilo-gasparini-presenta-il-suo-saggio-alla-libreria-agora-di-feltre\\\/#primaryimage\",\"url\":\"https:\\\/\\\/www.bellunopress.it\\\/wp-content\\\/uploads\\\/2026\\\/07\\\/alessandro-dalla-gasperina.jpg\",\"contentUrl\":\"https:\\\/\\\/www.bellunopress.it\\\/wp-content\\\/uploads\\\/2026\\\/07\\\/alessandro-dalla-gasperina.jpg\",\"width\":477,\"height\":549,\"caption\":\"Alessandro Dalla Gasperina, titolare della Libreria Agor\u00e0 di Feltre\"},{\"@type\":\"BreadcrumbList\",\"@id\":\"https:\\\/\\\/www.bellunopress.it\\\/2026\\\/08\\\/18\\\/storia-cibo-e-identita-veneta-danilo-gasparini-presenta-il-suo-saggio-alla-libreria-agora-di-feltre\\\/#breadcrumb\",\"itemListElement\":[{\"@type\":\"ListItem\",\"position\":1,\"name\":\"Home\",\"item\":\"https:\\\/\\\/www.bellunopress.it\\\/\"},{\"@type\":\"ListItem\",\"position\":2,\"name\":\"Storia, cibo e identit\u00e0 veneta: Danilo Gasparini presenta il suo saggio alla Libreria Agor\u00e0 di Feltre\"}]},{\"@type\":\"WebSite\",\"@id\":\"https:\\\/\\\/www.bellunopress.it\\\/#website\",\"url\":\"https:\\\/\\\/www.bellunopress.it\\\/\",\"name\":\"Bellunopress - Dolomiti\",\"description\":\"e-mail: redazione@bellunopress.it\",\"publisher\":{\"@id\":\"https:\\\/\\\/www.bellunopress.it\\\/#organization\"},\"potentialAction\":[{\"@type\":\"SearchAction\",\"target\":{\"@type\":\"EntryPoint\",\"urlTemplate\":\"https:\\\/\\\/www.bellunopress.it\\\/?s={search_term_string}\"},\"query-input\":{\"@type\":\"PropertyValueSpecification\",\"valueRequired\":true,\"valueName\":\"search_term_string\"}}],\"inLanguage\":\"fr-FR\"},{\"@type\":\"Organization\",\"@id\":\"https:\\\/\\\/www.bellunopress.it\\\/#organization\",\"name\":\"Bellunopress\",\"url\":\"https:\\\/\\\/www.bellunopress.it\\\/\",\"logo\":{\"@type\":\"ImageObject\",\"inLanguage\":\"fr-FR\",\"@id\":\"https:\\\/\\\/www.bellunopress.it\\\/#\\\/schema\\\/logo\\\/image\\\/\",\"url\":\"https:\\\/\\\/www.bellunopress.it\\\/wp-content\\\/uploads\\\/2011\\\/05\\\/cropped-logo-bellunopress-.jpg\",\"contentUrl\":\"https:\\\/\\\/www.bellunopress.it\\\/wp-content\\\/uploads\\\/2011\\\/05\\\/cropped-logo-bellunopress-.jpg\",\"width\":512,\"height\":512,\"caption\":\"Bellunopress\"},\"image\":{\"@id\":\"https:\\\/\\\/www.bellunopress.it\\\/#\\\/schema\\\/logo\\\/image\\\/\"},\"sameAs\":[\"https:\\\/\\\/www.facebook.com\\\/profile.php?id=100008943462799\",\"https:\\\/\\\/x.com\\\/bellunopress\",\"https:\\\/\\\/www.linkedin.com\\\/hp\\\/?dnr=JBzUWaJfMUw8vbXJJ2tVW5-I3jZKvC4wsoxE&amp;amp;amp;amp;amp;amp;trk=nav_responsive_tab_home\",\"https:\\\/\\\/www.youtube.com\\\/channel\\\/UCxL0wu1uN0_3_7hGG0306cw\"]},{\"@type\":\"Person\",\"@id\":\"https:\\\/\\\/www.bellunopress.it\\\/#\\\/schema\\\/person\\\/79bb06722b37ece1c03d3e94beb30d73\",\"name\":\"redazione\",\"image\":{\"@type\":\"ImageObject\",\"inLanguage\":\"fr-FR\",\"@id\":\"https:\\\/\\\/secure.gravatar.com\\\/avatar\\\/37d968a2e67a6fd04c169c4bdef102d0bc5d31b2546345219e348575eb80e9a0?s=96&d=mm&r=g\",\"url\":\"https:\\\/\\\/secure.gravatar.com\\\/avatar\\\/37d968a2e67a6fd04c169c4bdef102d0bc5d31b2546345219e348575eb80e9a0?s=96&d=mm&r=g\",\"contentUrl\":\"https:\\\/\\\/secure.gravatar.com\\\/avatar\\\/37d968a2e67a6fd04c169c4bdef102d0bc5d31b2546345219e348575eb80e9a0?s=96&d=mm&r=g\",\"caption\":\"redazione\"},\"sameAs\":[\"http:\\\/\\\/www.bellunopress.it\",\"https:\\\/\\\/x.com\\\/bellunopress\"],\"url\":\"https:\\\/\\\/www.bellunopress.it\\\/fr\\\/author\\\/redazione\\\/\"}]}<\/script>\n<!-- \/ Yoast SEO plugin. -->","yoast_head_json":{"title":"Storia, cibo e identit\u00e0 veneta: Danilo Gasparini presenta il suo saggio alla Libreria Agor\u00e0 di Feltre - Bellunopress - Dolomiti","robots":{"index":"index","follow":"follow","max-snippet":"max-snippet:-1","max-image-preview":"max-image-preview:large","max-video-preview":"max-video-preview:-1"},"canonical":"https:\/\/www.bellunopress.it\/fr\/2026\/08\/18\/storia-cibo-e-identita-veneta-danilo-gasparini-presenta-il-suo-saggio-alla-libreria-agora-di-feltre\/","og_locale":"fr_FR","og_type":"article","og_title":"Storia, cibo e identit\u00e0 veneta: Danilo Gasparini presenta il suo saggio alla Libreria Agor\u00e0 di Feltre - Bellunopress - Dolomiti","og_description":"Prosegue con un imperdibile viaggio tra i sapori e la storia del territorio il ricco cartellone di incontri estivi organizzato dalla Libreria Agor\u00e0 di Feltre. Dopo il successo dei precedenti appuntamenti \u2013 che hanno visto protagonisti autori come Mariapia Veladiano, Jennifer Antonsotto, Matteo Melchiorre e Gigi Corazzol \u2013 la libreria feltrina si prepara ad accogliere [&hellip;]","og_url":"https:\/\/www.bellunopress.it\/fr\/2026\/08\/18\/storia-cibo-e-identita-veneta-danilo-gasparini-presenta-il-suo-saggio-alla-libreria-agora-di-feltre\/","og_site_name":"Bellunopress - Dolomiti","article_publisher":"https:\/\/www.facebook.com\/profile.php?id=100008943462799","article_published_time":"2026-08-18T07:00:29+00:00","og_image":[{"width":477,"height":549,"url":"https:\/\/www.bellunopress.it\/wp-content\/uploads\/2026\/07\/alessandro-dalla-gasperina.jpg","type":"image\/jpeg"}],"author":"redazione","twitter_card":"summary_large_image","twitter_creator":"@bellunopress","twitter_site":"@bellunopress","twitter_misc":{"Written by":"redazione","Est. reading time":"2 minutes"},"schema":{"@context":"https:\/\/schema.org","@graph":[{"@type":"Article","@id":"https:\/\/www.bellunopress.it\/2026\/08\/18\/storia-cibo-e-identita-veneta-danilo-gasparini-presenta-il-suo-saggio-alla-libreria-agora-di-feltre\/#article","isPartOf":{"@id":"https:\/\/www.bellunopress.it\/2026\/08\/18\/storia-cibo-e-identita-veneta-danilo-gasparini-presenta-il-suo-saggio-alla-libreria-agora-di-feltre\/"},"author":{"name":"redazione","@id":"https:\/\/www.bellunopress.it\/#\/schema\/person\/79bb06722b37ece1c03d3e94beb30d73"},"headline":"Storia, cibo e identit\u00e0 veneta: Danilo Gasparini presenta il suo saggio alla Libreria Agor\u00e0 di Feltre","datePublished":"2026-08-18T07:00:29+00:00","mainEntityOfPage":{"@id":"https:\/\/www.bellunopress.it\/2026\/08\/18\/storia-cibo-e-identita-veneta-danilo-gasparini-presenta-il-suo-saggio-alla-libreria-agora-di-feltre\/"},"wordCount":301,"publisher":{"@id":"https:\/\/www.bellunopress.it\/#organization"},"image":{"@id":"https:\/\/www.bellunopress.it\/2026\/08\/18\/storia-cibo-e-identita-veneta-danilo-gasparini-presenta-il-suo-saggio-alla-libreria-agora-di-feltre\/#primaryimage"},"thumbnailUrl":"https:\/\/www.bellunopress.it\/wp-content\/uploads\/2026\/07\/alessandro-dalla-gasperina.jpg","articleSection":["Appuntamenti, Eventi","Pausa Caff\u00e8"],"inLanguage":"fr-FR"},{"@type":"WebPage","@id":"https:\/\/www.bellunopress.it\/2026\/08\/18\/storia-cibo-e-identita-veneta-danilo-gasparini-presenta-il-suo-saggio-alla-libreria-agora-di-feltre\/","url":"https:\/\/www.bellunopress.it\/2026\/08\/18\/storia-cibo-e-identita-veneta-danilo-gasparini-presenta-il-suo-saggio-alla-libreria-agora-di-feltre\/","name":"Storia, cibo e identit\u00e0 veneta: Danilo Gasparini presenta il suo saggio alla Libreria Agor\u00e0 di Feltre - Bellunopress - Dolomiti","isPartOf":{"@id":"https:\/\/www.bellunopress.it\/#website"},"primaryImageOfPage":{"@id":"https:\/\/www.bellunopress.it\/2026\/08\/18\/storia-cibo-e-identita-veneta-danilo-gasparini-presenta-il-suo-saggio-alla-libreria-agora-di-feltre\/#primaryimage"},"image":{"@id":"https:\/\/www.bellunopress.it\/2026\/08\/18\/storia-cibo-e-identita-veneta-danilo-gasparini-presenta-il-suo-saggio-alla-libreria-agora-di-feltre\/#primaryimage"},"thumbnailUrl":"https:\/\/www.bellunopress.it\/wp-content\/uploads\/2026\/07\/alessandro-dalla-gasperina.jpg","datePublished":"2026-08-18T07:00:29+00:00","breadcrumb":{"@id":"https:\/\/www.bellunopress.it\/2026\/08\/18\/storia-cibo-e-identita-veneta-danilo-gasparini-presenta-il-suo-saggio-alla-libreria-agora-di-feltre\/#breadcrumb"},"inLanguage":"fr-FR","potentialAction":[{"@type":"ReadAction","target":["https:\/\/www.bellunopress.it\/2026\/08\/18\/storia-cibo-e-identita-veneta-danilo-gasparini-presenta-il-suo-saggio-alla-libreria-agora-di-feltre\/"]}]},{"@type":"ImageObject","inLanguage":"fr-FR","@id":"https:\/\/www.bellunopress.it\/2026\/08\/18\/storia-cibo-e-identita-veneta-danilo-gasparini-presenta-il-suo-saggio-alla-libreria-agora-di-feltre\/#primaryimage","url":"https:\/\/www.bellunopress.it\/wp-content\/uploads\/2026\/07\/alessandro-dalla-gasperina.jpg","contentUrl":"https:\/\/www.bellunopress.it\/wp-content\/uploads\/2026\/07\/alessandro-dalla-gasperina.jpg","width":477,"height":549,"caption":"Alessandro Dalla Gasperina, titolare della Libreria Agor\u00e0 di Feltre"},{"@type":"BreadcrumbList","@id":"https:\/\/www.bellunopress.it\/2026\/08\/18\/storia-cibo-e-identita-veneta-danilo-gasparini-presenta-il-suo-saggio-alla-libreria-agora-di-feltre\/#breadcrumb","itemListElement":[{"@type":"ListItem","position":1,"name":"Home","item":"https:\/\/www.bellunopress.it\/"},{"@type":"ListItem","position":2,"name":"Storia, cibo e identit\u00e0 veneta: Danilo Gasparini presenta il suo saggio alla Libreria Agor\u00e0 di Feltre"}]},{"@type":"WebSite","@id":"https:\/\/www.bellunopress.it\/#website","url":"https:\/\/www.bellunopress.it\/","name":"Bellunopress - Dolomiti","description":"e-mail: redazione@bellunopress.it","publisher":{"@id":"https:\/\/www.bellunopress.it\/#organization"},"potentialAction":[{"@type":"SearchAction","target":{"@type":"EntryPoint","urlTemplate":"https:\/\/www.bellunopress.it\/?s={search_term_string}"},"query-input":{"@type":"PropertyValueSpecification","valueRequired":true,"valueName":"search_term_string"}}],"inLanguage":"fr-FR"},{"@type":"Organization","@id":"https:\/\/www.bellunopress.it\/#organization","name":"Bellunopress","url":"https:\/\/www.bellunopress.it\/","logo":{"@type":"ImageObject","inLanguage":"fr-FR","@id":"https:\/\/www.bellunopress.it\/#\/schema\/logo\/image\/","url":"https:\/\/www.bellunopress.it\/wp-content\/uploads\/2011\/05\/cropped-logo-bellunopress-.jpg","contentUrl":"https:\/\/www.bellunopress.it\/wp-content\/uploads\/2011\/05\/cropped-logo-bellunopress-.jpg","width":512,"height":512,"caption":"Bellunopress"},"image":{"@id":"https:\/\/www.bellunopress.it\/#\/schema\/logo\/image\/"},"sameAs":["https:\/\/www.facebook.com\/profile.php?id=100008943462799","https:\/\/x.com\/bellunopress","https:\/\/www.linkedin.com\/hp\/?dnr=JBzUWaJfMUw8vbXJJ2tVW5-I3jZKvC4wsoxE&amp;amp;amp;amp;amp;amp;trk=nav_responsive_tab_home","https:\/\/www.youtube.com\/channel\/UCxL0wu1uN0_3_7hGG0306cw"]},{"@type":"Person","@id":"https:\/\/www.bellunopress.it\/#\/schema\/person\/79bb06722b37ece1c03d3e94beb30d73","name":"r\u00e9daction","image":{"@type":"ImageObject","inLanguage":"fr-FR","@id":"https:\/\/secure.gravatar.com\/avatar\/37d968a2e67a6fd04c169c4bdef102d0bc5d31b2546345219e348575eb80e9a0?s=96&d=mm&r=g","url":"https:\/\/secure.gravatar.com\/avatar\/37d968a2e67a6fd04c169c4bdef102d0bc5d31b2546345219e348575eb80e9a0?s=96&d=mm&r=g","contentUrl":"https:\/\/secure.gravatar.com\/avatar\/37d968a2e67a6fd04c169c4bdef102d0bc5d31b2546345219e348575eb80e9a0?s=96&d=mm&r=g","caption":"redazione"},"sameAs":["http:\/\/www.bellunopress.it","https:\/\/x.com\/bellunopress"],"url":"https:\/\/www.bellunopress.it\/fr\/author\/redazione\/"}]}},"_links":{"self":[{"href":"https:\/\/www.bellunopress.it\/fr\/wp-json\/wp\/v2\/posts\/172705","targetHints":{"allow":["GET"]}}],"collection":[{"href":"https:\/\/www.bellunopress.it\/fr\/wp-json\/wp\/v2\/posts"}],"about":[{"href":"https:\/\/www.bellunopress.it\/fr\/wp-json\/wp\/v2\/types\/post"}],"author":[{"embeddable":true,"href":"https:\/\/www.bellunopress.it\/fr\/wp-json\/wp\/v2\/users\/2"}],"replies":[{"embeddable":true,"href":"https:\/\/www.bellunopress.it\/fr\/wp-json\/wp\/v2\/comments?post=172705"}],"version-history":[{"count":1,"href":"https:\/\/www.bellunopress.it\/fr\/wp-json\/wp\/v2\/posts\/172705\/revisions"}],"predecessor-version":[{"id":172706,"href":"https:\/\/www.bellunopress.it\/fr\/wp-json\/wp\/v2\/posts\/172705\/revisions\/172706"}],"wp:featuredmedia":[{"embeddable":true,"href":"https:\/\/www.bellunopress.it\/fr\/wp-json\/wp\/v2\/media\/171902"}],"wp:attachment":[{"href":"https:\/\/www.bellunopress.it\/fr\/wp-json\/wp\/v2\/media?parent=172705"}],"wp:term":[{"taxonomy":"category","embeddable":true,"href":"https:\/\/www.bellunopress.it\/fr\/wp-json\/wp\/v2\/categories?post=172705"},{"taxonomy":"post_tag","embeddable":true,"href":"https:\/\/www.bellunopress.it\/fr\/wp-json\/wp\/v2\/tags?post=172705"}],"curies":[{"name":"wp","href":"https:\/\/api.w.org\/{rel}","templated":true}]}}