{"id":172698,"date":"2026-08-17T14:34:24","date_gmt":"2026-08-17T12:34:24","guid":{"rendered":"https:\/\/www.bellunopress.it\/?p=172698"},"modified":"2026-08-17T14:34:24","modified_gmt":"2026-08-17T12:34:24","slug":"politica-estiva-tra-incontri-e-polemiche-parte-la-rassegna-dialoghi-destate-del-senatore-de-carlo","status":"publish","type":"post","link":"https:\/\/www.bellunopress.it\/fr\/2026\/08\/17\/politica-estiva-tra-incontri-e-polemiche-parte-la-rassegna-dialoghi-destate-del-senatore-de-carlo\/","title":{"rendered":"Politica estiva tra incontri e polemiche: parte la rassegna &#8220;Dialoghi d&#8217;estate&#8221; del senatore De Carlo"},"content":{"rendered":"<p data-path-to-node=\"1\">Belluno, 17\/08\/2026 &#8211; Si alza il sipario sulla rassegna estiva &#8220;Dialoghi d&#8217;estate&#8221;, un ciclo di incontri pubblici ideato dal senatore di Fratelli d&#8217;Italia e presidente della Nona Commissione del Senato, Luca De Carlo. L&#8217;iniziativa, che toccher\u00e0 diverse localit\u00e0 tra le montagne e la costa veneta, nasce \u2013 come spiegato dallo stesso parlamentare \u2013 con l&#8217;obiettivo dichiarato di illustrare l&#8217;attivit\u00e0 amministrativa e istituzionale svolta a livello nazionale e locale.<\/p>\n<p data-path-to-node=\"2\">Secondo quanto dichiarato dagli organizzatori, gli appuntamenti puntano a colmare un divario percepito nella comunicazione politica, focalizzandosi sui risultati amministrativi del partito di governo. Al contempo, il senatore De Carlo ha inserito nel perimetro dell&#8217;iniziativa l&#8217;intento di respingere le critiche e le ricostruzioni arrivate dalle opposizioni, etichettate nel comunicato ufficiale come &#8220;fake news&#8221; e bufale strumentali volte a sminuire l&#8217;operato della maggioranza. Dalle file della minoranza si replicher\u00e0 inevitabilmente rivendicando la legittimit\u00e0 del controllo politico e della critica amministrativa, dinamiche che continuano ad accendere il dibattito pubblico sul territorio.<\/p>\n<p data-path-to-node=\"3\">Il calendario degli incontri, tutti previsti con inizio alle ore 18.30, si articola in tre tappe:<\/p>\n<ul data-path-to-node=\"4\">\n<li>\n<p data-path-to-node=\"4,0,0\"><b data-path-to-node=\"4,0,0\" data-index-in-node=\"0\">Gioved\u00ec 20 agosto:<\/b> Primo appuntamento a Cortina d&#8217;Ampezzo (Hotel de la Poste) con l&#8217;incontro intitolato &#8220;Dialoghi in montagna&#8221;. Il senatore De Carlo dialogher\u00e0 con il vicepresidente della Regione Veneto, Lucas Pavanetto, sollecitati dalle domande della giornalista de <i data-path-to-node=\"4,0,0\" data-index-in-node=\"268\">Il Messaggero<\/i> Valentina Pigliautile.<\/p>\n<\/li>\n<li>\n<p data-path-to-node=\"4,1,0\"><b data-path-to-node=\"4,1,0\" data-index-in-node=\"0\">Marted\u00ec 25 agosto:<\/b> La rassegna si sposter\u00e0 verso la costa con &#8220;Dialoghi vista mare&#8221; al Caff\u00e8 Veneto del porto di Albarella, dove De Carlo sar\u00e0 intervistato dal direttore de <i data-path-to-node=\"4,1,0\" data-index-in-node=\"173\">La Voce di Rovigo<\/i>, Alberto Garbellini.<\/p>\n<\/li>\n<li>\n<p data-path-to-node=\"4,2,0\"><b data-path-to-node=\"4,2,0\" data-index-in-node=\"0\">Luned\u00ec 31 agosto:<\/b> Chiusura a Belluno (Hotel Astor) con &#8220;Dialoghi sulla citt\u00e0&#8221;. Un appuntamento focalizzato sui temi locali che vedr\u00e0 la partecipazione, oltre che del senatore bellunese, dei vertici provinciali di Fratelli d&#8217;Italia e degli amministratori locali del capoluogo, per un confronto incentrato sulle prospettive future del territorio.<\/p>\n<\/li>\n<\/ul>","protected":false},"excerpt":{"rendered":"<p>Belluno, 17\/08\/2026 &#8211; Si alza il sipario sulla rassegna estiva &#8220;Dialoghi d&#8217;estate&#8221;, un ciclo di incontri pubblici ideato dal senatore di Fratelli d&#8217;Italia e presidente della Nona Commissione del Senato, Luca De Carlo. L&#8217;iniziativa, che toccher\u00e0 diverse localit\u00e0 tra le montagne e la costa veneta, nasce \u2013 come spiegato dallo stesso parlamentare \u2013 con l&#8217;obiettivo [&hellip;]<\/p>\n","protected":false},"author":2,"featured_media":166734,"comment_status":"closed","ping_status":"open","sticky":false,"template":"","format":"standard","meta":{"footnotes":""},"categories":[5],"tags":[],"class_list":["post-172698","post","type-post","status-publish","format-standard","has-post-thumbnail","category-cronaca"],"yoast_head":"<!-- This site is optimized with the Yoast SEO plugin v28.4 - https:\/\/yoast.com\/product\/yoast-seo-wordpress\/ -->\n<title>Politica estiva tra incontri e polemiche: parte la rassegna &quot;Dialoghi d&#039;estate&quot; del senatore De Carlo - Bellunopress - Dolomiti<\/title>\n<meta name=\"robots\" content=\"index, follow, max-snippet:-1, max-image-preview:large, max-video-preview:-1\" \/>\n<link rel=\"canonical\" href=\"https:\/\/www.bellunopress.it\/fr\/2026\/08\/17\/politica-estiva-tra-incontri-e-polemiche-parte-la-rassegna-dialoghi-destate-del-senatore-de-carlo\/\" \/>\n<meta property=\"og:locale\" content=\"fr_FR\" \/>\n<meta property=\"og:type\" content=\"article\" \/>\n<meta property=\"og:title\" content=\"Politica estiva tra incontri e polemiche: parte la rassegna &quot;Dialoghi d&#039;estate&quot; del senatore De Carlo - Bellunopress - Dolomiti\" \/>\n<meta property=\"og:description\" content=\"Belluno, 17\/08\/2026 &#8211; Si alza il sipario sulla rassegna estiva &#8220;Dialoghi d&#8217;estate&#8221;, un ciclo di incontri pubblici ideato dal senatore di Fratelli d&#8217;Italia e presidente della Nona Commissione del Senato, Luca De Carlo. L&#8217;iniziativa, che toccher\u00e0 diverse localit\u00e0 tra le montagne e la costa veneta, nasce \u2013 come spiegato dallo stesso parlamentare \u2013 con l&#8217;obiettivo [&hellip;]\" \/>\n<meta property=\"og:url\" content=\"https:\/\/www.bellunopress.it\/fr\/2026\/08\/17\/politica-estiva-tra-incontri-e-polemiche-parte-la-rassegna-dialoghi-destate-del-senatore-de-carlo\/\" \/>\n<meta property=\"og:site_name\" content=\"Bellunopress - Dolomiti\" \/>\n<meta property=\"article:publisher\" content=\"https:\/\/www.facebook.com\/profile.php?id=100008943462799\" \/>\n<meta property=\"article:published_time\" content=\"2026-08-17T12:34:24+00:00\" \/>\n<meta property=\"og:image\" content=\"https:\/\/www.bellunopress.it\/wp-content\/uploads\/2026\/01\/Luca-De-Carlo-senatore.jpeg\" \/>\n\t<meta property=\"og:image:width\" content=\"600\" \/>\n\t<meta property=\"og:image:height\" content=\"567\" \/>\n\t<meta property=\"og:image:type\" content=\"image\/jpeg\" \/>\n<meta name=\"author\" content=\"redazione\" \/>\n<meta name=\"twitter:card\" content=\"summary_large_image\" \/>\n<meta name=\"twitter:creator\" content=\"@bellunopress\" \/>\n<meta name=\"twitter:site\" content=\"@bellunopress\" \/>\n<meta name=\"twitter:label1\" content=\"Written by\" \/>\n\t<meta name=\"twitter:data1\" content=\"redazione\" \/>\n\t<meta name=\"twitter:label2\" content=\"Est. reading time\" \/>\n\t<meta name=\"twitter:data2\" content=\"2 minutes\" \/>\n<script type=\"application\/ld+json\" class=\"yoast-schema-graph\">{\"@context\":\"https:\\\/\\\/schema.org\",\"@graph\":[{\"@type\":\"Article\",\"@id\":\"https:\\\/\\\/www.bellunopress.it\\\/2026\\\/08\\\/17\\\/politica-estiva-tra-incontri-e-polemiche-parte-la-rassegna-dialoghi-destate-del-senatore-de-carlo\\\/#article\",\"isPartOf\":{\"@id\":\"https:\\\/\\\/www.bellunopress.it\\\/2026\\\/08\\\/17\\\/politica-estiva-tra-incontri-e-polemiche-parte-la-rassegna-dialoghi-destate-del-senatore-de-carlo\\\/\"},\"author\":{\"name\":\"redazione\",\"@id\":\"https:\\\/\\\/www.bellunopress.it\\\/#\\\/schema\\\/person\\\/79bb06722b37ece1c03d3e94beb30d73\"},\"headline\":\"Politica estiva tra incontri e polemiche: parte la rassegna &#8220;Dialoghi d&#8217;estate&#8221; del senatore De Carlo\",\"datePublished\":\"2026-08-17T12:34:24+00:00\",\"mainEntityOfPage\":{\"@id\":\"https:\\\/\\\/www.bellunopress.it\\\/2026\\\/08\\\/17\\\/politica-estiva-tra-incontri-e-polemiche-parte-la-rassegna-dialoghi-destate-del-senatore-de-carlo\\\/\"},\"wordCount\":317,\"publisher\":{\"@id\":\"https:\\\/\\\/www.bellunopress.it\\\/#organization\"},\"image\":{\"@id\":\"https:\\\/\\\/www.bellunopress.it\\\/2026\\\/08\\\/17\\\/politica-estiva-tra-incontri-e-polemiche-parte-la-rassegna-dialoghi-destate-del-senatore-de-carlo\\\/#primaryimage\"},\"thumbnailUrl\":\"https:\\\/\\\/www.bellunopress.it\\\/wp-content\\\/uploads\\\/2026\\\/01\\\/Luca-De-Carlo-senatore.jpeg\",\"articleSection\":[\"Cronaca\\\/Politica\"],\"inLanguage\":\"fr-FR\"},{\"@type\":\"WebPage\",\"@id\":\"https:\\\/\\\/www.bellunopress.it\\\/2026\\\/08\\\/17\\\/politica-estiva-tra-incontri-e-polemiche-parte-la-rassegna-dialoghi-destate-del-senatore-de-carlo\\\/\",\"url\":\"https:\\\/\\\/www.bellunopress.it\\\/2026\\\/08\\\/17\\\/politica-estiva-tra-incontri-e-polemiche-parte-la-rassegna-dialoghi-destate-del-senatore-de-carlo\\\/\",\"name\":\"Politica estiva tra incontri e polemiche: parte la rassegna \\\"Dialoghi d'estate\\\" del senatore De Carlo - Bellunopress - Dolomiti\",\"isPartOf\":{\"@id\":\"https:\\\/\\\/www.bellunopress.it\\\/#website\"},\"primaryImageOfPage\":{\"@id\":\"https:\\\/\\\/www.bellunopress.it\\\/2026\\\/08\\\/17\\\/politica-estiva-tra-incontri-e-polemiche-parte-la-rassegna-dialoghi-destate-del-senatore-de-carlo\\\/#primaryimage\"},\"image\":{\"@id\":\"https:\\\/\\\/www.bellunopress.it\\\/2026\\\/08\\\/17\\\/politica-estiva-tra-incontri-e-polemiche-parte-la-rassegna-dialoghi-destate-del-senatore-de-carlo\\\/#primaryimage\"},\"thumbnailUrl\":\"https:\\\/\\\/www.bellunopress.it\\\/wp-content\\\/uploads\\\/2026\\\/01\\\/Luca-De-Carlo-senatore.jpeg\",\"datePublished\":\"2026-08-17T12:34:24+00:00\",\"breadcrumb\":{\"@id\":\"https:\\\/\\\/www.bellunopress.it\\\/2026\\\/08\\\/17\\\/politica-estiva-tra-incontri-e-polemiche-parte-la-rassegna-dialoghi-destate-del-senatore-de-carlo\\\/#breadcrumb\"},\"inLanguage\":\"fr-FR\",\"potentialAction\":[{\"@type\":\"ReadAction\",\"target\":[\"https:\\\/\\\/www.bellunopress.it\\\/2026\\\/08\\\/17\\\/politica-estiva-tra-incontri-e-polemiche-parte-la-rassegna-dialoghi-destate-del-senatore-de-carlo\\\/\"]}]},{\"@type\":\"ImageObject\",\"inLanguage\":\"fr-FR\",\"@id\":\"https:\\\/\\\/www.bellunopress.it\\\/2026\\\/08\\\/17\\\/politica-estiva-tra-incontri-e-polemiche-parte-la-rassegna-dialoghi-destate-del-senatore-de-carlo\\\/#primaryimage\",\"url\":\"https:\\\/\\\/www.bellunopress.it\\\/wp-content\\\/uploads\\\/2026\\\/01\\\/Luca-De-Carlo-senatore.jpeg\",\"contentUrl\":\"https:\\\/\\\/www.bellunopress.it\\\/wp-content\\\/uploads\\\/2026\\\/01\\\/Luca-De-Carlo-senatore.jpeg\",\"width\":600,\"height\":567,\"caption\":\"Luca De Carlo - Senatore\"},{\"@type\":\"BreadcrumbList\",\"@id\":\"https:\\\/\\\/www.bellunopress.it\\\/2026\\\/08\\\/17\\\/politica-estiva-tra-incontri-e-polemiche-parte-la-rassegna-dialoghi-destate-del-senatore-de-carlo\\\/#breadcrumb\",\"itemListElement\":[{\"@type\":\"ListItem\",\"position\":1,\"name\":\"Home\",\"item\":\"https:\\\/\\\/www.bellunopress.it\\\/\"},{\"@type\":\"ListItem\",\"position\":2,\"name\":\"Politica estiva tra incontri e polemiche: parte la rassegna &#8220;Dialoghi d&#8217;estate&#8221; del senatore De Carlo\"}]},{\"@type\":\"WebSite\",\"@id\":\"https:\\\/\\\/www.bellunopress.it\\\/#website\",\"url\":\"https:\\\/\\\/www.bellunopress.it\\\/\",\"name\":\"Bellunopress - Dolomiti\",\"description\":\"e-mail: redazione@bellunopress.it\",\"publisher\":{\"@id\":\"https:\\\/\\\/www.bellunopress.it\\\/#organization\"},\"potentialAction\":[{\"@type\":\"SearchAction\",\"target\":{\"@type\":\"EntryPoint\",\"urlTemplate\":\"https:\\\/\\\/www.bellunopress.it\\\/?s={search_term_string}\"},\"query-input\":{\"@type\":\"PropertyValueSpecification\",\"valueRequired\":true,\"valueName\":\"search_term_string\"}}],\"inLanguage\":\"fr-FR\"},{\"@type\":\"Organization\",\"@id\":\"https:\\\/\\\/www.bellunopress.it\\\/#organization\",\"name\":\"Bellunopress\",\"url\":\"https:\\\/\\\/www.bellunopress.it\\\/\",\"logo\":{\"@type\":\"ImageObject\",\"inLanguage\":\"fr-FR\",\"@id\":\"https:\\\/\\\/www.bellunopress.it\\\/#\\\/schema\\\/logo\\\/image\\\/\",\"url\":\"https:\\\/\\\/www.bellunopress.it\\\/wp-content\\\/uploads\\\/2011\\\/05\\\/cropped-logo-bellunopress-.jpg\",\"contentUrl\":\"https:\\\/\\\/www.bellunopress.it\\\/wp-content\\\/uploads\\\/2011\\\/05\\\/cropped-logo-bellunopress-.jpg\",\"width\":512,\"height\":512,\"caption\":\"Bellunopress\"},\"image\":{\"@id\":\"https:\\\/\\\/www.bellunopress.it\\\/#\\\/schema\\\/logo\\\/image\\\/\"},\"sameAs\":[\"https:\\\/\\\/www.facebook.com\\\/profile.php?id=100008943462799\",\"https:\\\/\\\/x.com\\\/bellunopress\",\"https:\\\/\\\/www.linkedin.com\\\/hp\\\/?dnr=JBzUWaJfMUw8vbXJJ2tVW5-I3jZKvC4wsoxE&amp;amp;amp;amp;amp;amp;trk=nav_responsive_tab_home\",\"https:\\\/\\\/www.youtube.com\\\/channel\\\/UCxL0wu1uN0_3_7hGG0306cw\"]},{\"@type\":\"Person\",\"@id\":\"https:\\\/\\\/www.bellunopress.it\\\/#\\\/schema\\\/person\\\/79bb06722b37ece1c03d3e94beb30d73\",\"name\":\"redazione\",\"image\":{\"@type\":\"ImageObject\",\"inLanguage\":\"fr-FR\",\"@id\":\"https:\\\/\\\/secure.gravatar.com\\\/avatar\\\/37d968a2e67a6fd04c169c4bdef102d0bc5d31b2546345219e348575eb80e9a0?s=96&d=mm&r=g\",\"url\":\"https:\\\/\\\/secure.gravatar.com\\\/avatar\\\/37d968a2e67a6fd04c169c4bdef102d0bc5d31b2546345219e348575eb80e9a0?s=96&d=mm&r=g\",\"contentUrl\":\"https:\\\/\\\/secure.gravatar.com\\\/avatar\\\/37d968a2e67a6fd04c169c4bdef102d0bc5d31b2546345219e348575eb80e9a0?s=96&d=mm&r=g\",\"caption\":\"redazione\"},\"sameAs\":[\"http:\\\/\\\/www.bellunopress.it\",\"https:\\\/\\\/x.com\\\/bellunopress\"],\"url\":\"https:\\\/\\\/www.bellunopress.it\\\/fr\\\/author\\\/redazione\\\/\"}]}<\/script>\n<!-- \/ Yoast SEO plugin. -->","yoast_head_json":{"title":"Politica estiva tra incontri e polemiche: parte la rassegna \"Dialoghi d'estate\" del senatore De Carlo - Bellunopress - Dolomiti","robots":{"index":"index","follow":"follow","max-snippet":"max-snippet:-1","max-image-preview":"max-image-preview:large","max-video-preview":"max-video-preview:-1"},"canonical":"https:\/\/www.bellunopress.it\/fr\/2026\/08\/17\/politica-estiva-tra-incontri-e-polemiche-parte-la-rassegna-dialoghi-destate-del-senatore-de-carlo\/","og_locale":"fr_FR","og_type":"article","og_title":"Politica estiva tra incontri e polemiche: parte la rassegna \"Dialoghi d'estate\" del senatore De Carlo - Bellunopress - Dolomiti","og_description":"Belluno, 17\/08\/2026 &#8211; Si alza il sipario sulla rassegna estiva &#8220;Dialoghi d&#8217;estate&#8221;, un ciclo di incontri pubblici ideato dal senatore di Fratelli d&#8217;Italia e presidente della Nona Commissione del Senato, Luca De Carlo. L&#8217;iniziativa, che toccher\u00e0 diverse localit\u00e0 tra le montagne e la costa veneta, nasce \u2013 come spiegato dallo stesso parlamentare \u2013 con l&#8217;obiettivo [&hellip;]","og_url":"https:\/\/www.bellunopress.it\/fr\/2026\/08\/17\/politica-estiva-tra-incontri-e-polemiche-parte-la-rassegna-dialoghi-destate-del-senatore-de-carlo\/","og_site_name":"Bellunopress - Dolomiti","article_publisher":"https:\/\/www.facebook.com\/profile.php?id=100008943462799","article_published_time":"2026-08-17T12:34:24+00:00","og_image":[{"width":600,"height":567,"url":"https:\/\/www.bellunopress.it\/wp-content\/uploads\/2026\/01\/Luca-De-Carlo-senatore.jpeg","type":"image\/jpeg"}],"author":"redazione","twitter_card":"summary_large_image","twitter_creator":"@bellunopress","twitter_site":"@bellunopress","twitter_misc":{"Written by":"redazione","Est. reading time":"2 minutes"},"schema":{"@context":"https:\/\/schema.org","@graph":[{"@type":"Article","@id":"https:\/\/www.bellunopress.it\/2026\/08\/17\/politica-estiva-tra-incontri-e-polemiche-parte-la-rassegna-dialoghi-destate-del-senatore-de-carlo\/#article","isPartOf":{"@id":"https:\/\/www.bellunopress.it\/2026\/08\/17\/politica-estiva-tra-incontri-e-polemiche-parte-la-rassegna-dialoghi-destate-del-senatore-de-carlo\/"},"author":{"name":"redazione","@id":"https:\/\/www.bellunopress.it\/#\/schema\/person\/79bb06722b37ece1c03d3e94beb30d73"},"headline":"Politica estiva tra incontri e polemiche: parte la rassegna &#8220;Dialoghi d&#8217;estate&#8221; del senatore De Carlo","datePublished":"2026-08-17T12:34:24+00:00","mainEntityOfPage":{"@id":"https:\/\/www.bellunopress.it\/2026\/08\/17\/politica-estiva-tra-incontri-e-polemiche-parte-la-rassegna-dialoghi-destate-del-senatore-de-carlo\/"},"wordCount":317,"publisher":{"@id":"https:\/\/www.bellunopress.it\/#organization"},"image":{"@id":"https:\/\/www.bellunopress.it\/2026\/08\/17\/politica-estiva-tra-incontri-e-polemiche-parte-la-rassegna-dialoghi-destate-del-senatore-de-carlo\/#primaryimage"},"thumbnailUrl":"https:\/\/www.bellunopress.it\/wp-content\/uploads\/2026\/01\/Luca-De-Carlo-senatore.jpeg","articleSection":["Cronaca\/Politica"],"inLanguage":"fr-FR"},{"@type":"WebPage","@id":"https:\/\/www.bellunopress.it\/2026\/08\/17\/politica-estiva-tra-incontri-e-polemiche-parte-la-rassegna-dialoghi-destate-del-senatore-de-carlo\/","url":"https:\/\/www.bellunopress.it\/2026\/08\/17\/politica-estiva-tra-incontri-e-polemiche-parte-la-rassegna-dialoghi-destate-del-senatore-de-carlo\/","name":"Politica estiva tra incontri e polemiche: parte la rassegna \"Dialoghi d'estate\" del senatore De Carlo - Bellunopress - Dolomiti","isPartOf":{"@id":"https:\/\/www.bellunopress.it\/#website"},"primaryImageOfPage":{"@id":"https:\/\/www.bellunopress.it\/2026\/08\/17\/politica-estiva-tra-incontri-e-polemiche-parte-la-rassegna-dialoghi-destate-del-senatore-de-carlo\/#primaryimage"},"image":{"@id":"https:\/\/www.bellunopress.it\/2026\/08\/17\/politica-estiva-tra-incontri-e-polemiche-parte-la-rassegna-dialoghi-destate-del-senatore-de-carlo\/#primaryimage"},"thumbnailUrl":"https:\/\/www.bellunopress.it\/wp-content\/uploads\/2026\/01\/Luca-De-Carlo-senatore.jpeg","datePublished":"2026-08-17T12:34:24+00:00","breadcrumb":{"@id":"https:\/\/www.bellunopress.it\/2026\/08\/17\/politica-estiva-tra-incontri-e-polemiche-parte-la-rassegna-dialoghi-destate-del-senatore-de-carlo\/#breadcrumb"},"inLanguage":"fr-FR","potentialAction":[{"@type":"ReadAction","target":["https:\/\/www.bellunopress.it\/2026\/08\/17\/politica-estiva-tra-incontri-e-polemiche-parte-la-rassegna-dialoghi-destate-del-senatore-de-carlo\/"]}]},{"@type":"ImageObject","inLanguage":"fr-FR","@id":"https:\/\/www.bellunopress.it\/2026\/08\/17\/politica-estiva-tra-incontri-e-polemiche-parte-la-rassegna-dialoghi-destate-del-senatore-de-carlo\/#primaryimage","url":"https:\/\/www.bellunopress.it\/wp-content\/uploads\/2026\/01\/Luca-De-Carlo-senatore.jpeg","contentUrl":"https:\/\/www.bellunopress.it\/wp-content\/uploads\/2026\/01\/Luca-De-Carlo-senatore.jpeg","width":600,"height":567,"caption":"Luca De Carlo - Senatore"},{"@type":"BreadcrumbList","@id":"https:\/\/www.bellunopress.it\/2026\/08\/17\/politica-estiva-tra-incontri-e-polemiche-parte-la-rassegna-dialoghi-destate-del-senatore-de-carlo\/#breadcrumb","itemListElement":[{"@type":"ListItem","position":1,"name":"Home","item":"https:\/\/www.bellunopress.it\/"},{"@type":"ListItem","position":2,"name":"Politica estiva tra incontri e polemiche: parte la rassegna &#8220;Dialoghi d&#8217;estate&#8221; del senatore De Carlo"}]},{"@type":"WebSite","@id":"https:\/\/www.bellunopress.it\/#website","url":"https:\/\/www.bellunopress.it\/","name":"Bellunopress - Dolomiti","description":"e-mail: redazione@bellunopress.it","publisher":{"@id":"https:\/\/www.bellunopress.it\/#organization"},"potentialAction":[{"@type":"SearchAction","target":{"@type":"EntryPoint","urlTemplate":"https:\/\/www.bellunopress.it\/?s={search_term_string}"},"query-input":{"@type":"PropertyValueSpecification","valueRequired":true,"valueName":"search_term_string"}}],"inLanguage":"fr-FR"},{"@type":"Organization","@id":"https:\/\/www.bellunopress.it\/#organization","name":"Bellunopress","url":"https:\/\/www.bellunopress.it\/","logo":{"@type":"ImageObject","inLanguage":"fr-FR","@id":"https:\/\/www.bellunopress.it\/#\/schema\/logo\/image\/","url":"https:\/\/www.bellunopress.it\/wp-content\/uploads\/2011\/05\/cropped-logo-bellunopress-.jpg","contentUrl":"https:\/\/www.bellunopress.it\/wp-content\/uploads\/2011\/05\/cropped-logo-bellunopress-.jpg","width":512,"height":512,"caption":"Bellunopress"},"image":{"@id":"https:\/\/www.bellunopress.it\/#\/schema\/logo\/image\/"},"sameAs":["https:\/\/www.facebook.com\/profile.php?id=100008943462799","https:\/\/x.com\/bellunopress","https:\/\/www.linkedin.com\/hp\/?dnr=JBzUWaJfMUw8vbXJJ2tVW5-I3jZKvC4wsoxE&amp;amp;amp;amp;amp;amp;trk=nav_responsive_tab_home","https:\/\/www.youtube.com\/channel\/UCxL0wu1uN0_3_7hGG0306cw"]},{"@type":"Person","@id":"https:\/\/www.bellunopress.it\/#\/schema\/person\/79bb06722b37ece1c03d3e94beb30d73","name":"r\u00e9daction","image":{"@type":"ImageObject","inLanguage":"fr-FR","@id":"https:\/\/secure.gravatar.com\/avatar\/37d968a2e67a6fd04c169c4bdef102d0bc5d31b2546345219e348575eb80e9a0?s=96&d=mm&r=g","url":"https:\/\/secure.gravatar.com\/avatar\/37d968a2e67a6fd04c169c4bdef102d0bc5d31b2546345219e348575eb80e9a0?s=96&d=mm&r=g","contentUrl":"https:\/\/secure.gravatar.com\/avatar\/37d968a2e67a6fd04c169c4bdef102d0bc5d31b2546345219e348575eb80e9a0?s=96&d=mm&r=g","caption":"redazione"},"sameAs":["http:\/\/www.bellunopress.it","https:\/\/x.com\/bellunopress"],"url":"https:\/\/www.bellunopress.it\/fr\/author\/redazione\/"}]}},"_links":{"self":[{"href":"https:\/\/www.bellunopress.it\/fr\/wp-json\/wp\/v2\/posts\/172698","targetHints":{"allow":["GET"]}}],"collection":[{"href":"https:\/\/www.bellunopress.it\/fr\/wp-json\/wp\/v2\/posts"}],"about":[{"href":"https:\/\/www.bellunopress.it\/fr\/wp-json\/wp\/v2\/types\/post"}],"author":[{"embeddable":true,"href":"https:\/\/www.bellunopress.it\/fr\/wp-json\/wp\/v2\/users\/2"}],"replies":[{"embeddable":true,"href":"https:\/\/www.bellunopress.it\/fr\/wp-json\/wp\/v2\/comments?post=172698"}],"version-history":[{"count":1,"href":"https:\/\/www.bellunopress.it\/fr\/wp-json\/wp\/v2\/posts\/172698\/revisions"}],"predecessor-version":[{"id":172699,"href":"https:\/\/www.bellunopress.it\/fr\/wp-json\/wp\/v2\/posts\/172698\/revisions\/172699"}],"wp:featuredmedia":[{"embeddable":true,"href":"https:\/\/www.bellunopress.it\/fr\/wp-json\/wp\/v2\/media\/166734"}],"wp:attachment":[{"href":"https:\/\/www.bellunopress.it\/fr\/wp-json\/wp\/v2\/media?parent=172698"}],"wp:term":[{"taxonomy":"category","embeddable":true,"href":"https:\/\/www.bellunopress.it\/fr\/wp-json\/wp\/v2\/categories?post=172698"},{"taxonomy":"post_tag","embeddable":true,"href":"https:\/\/www.bellunopress.it\/fr\/wp-json\/wp\/v2\/tags?post=172698"}],"curies":[{"name":"wp","href":"https:\/\/api.w.org\/{rel}","templated":true}]}}