{"id":172696,"date":"2026-08-17T09:25:12","date_gmt":"2026-08-17T07:25:12","guid":{"rendered":"https:\/\/www.bellunopress.it\/?p=172696"},"modified":"2026-08-17T14:28:06","modified_gmt":"2026-08-17T12:28:06","slug":"belluno-giardini-in-piazza-dei-martiri-interdetti-e-cantieri-in-centro-storico","status":"publish","type":"post","link":"https:\/\/www.bellunopress.it\/fr\/2026\/08\/17\/belluno-giardini-in-piazza-dei-martiri-interdetti-e-cantieri-in-centro-storico\/","title":{"rendered":"Belluno: giardini in piazza dei Martiri interdetti e cantieri in centro storico"},"content":{"rendered":"<p>Il Comune di Belluno corre ai ripari per garantire la sicurezza dei cittadini, con due provvedimenti distinti che interessano il cuore della citt\u00e0. Le disposizioni riguardano il transito nei giardini di Piazza dei Martiri e limitazioni temporanee alla sosta in Piazzetta Santo Stefano.<\/p>\n<p><strong>GIARDINI DI PIAZZA DEI MARTIRI: AREE OFF-LIMITS FINO A FINE SETTEMBRE<\/strong><br \/>\nA seguito dei violenti temporali che hanno colpito la citt\u00e0 lo scorso 6 agosto, causando la caduta di rami, l&#8217;amministrazione comunale ha disposto l&#8217;interdizione al transito di porzioni specifiche dei giardini di Piazza dei Martiri. La decisione,<br \/>\nbasata su una relazione tecnica che ha evidenziato criticit\u00e0 strutturali in tre alberi (identificati con i numeri 00009, 00010 e 00027), rester\u00e0 in vigore fino al 30 settembre, salvo eventuali proroghe.<br \/>\nL&#8217;ordinanza vieta l&#8217;accesso a persone e animali all&#8217;interno delle aree delimitate corrispondenti alla proiezione di caduta delle piante monitorate.<br \/>\nInoltre, il Comune ha introdotto una misura precauzionale ulteriore: in caso di nuove avversit\u00e0 atmosferiche \u2014 quali vento forte, pioggia intensa o grandine \u2014 l&#8217;intero giardino sar\u00e0 interdetto al pubblico. Questa cautela \u00e8 motivata dalla<br \/>\nnecessit\u00e0 di escludere la presenza di difetti strutturali nelle alberature che, al momento, potrebbero non essere visibili e che saranno oggetto di approfondite analisi nelle prossime settimane.<\/p>\n<p><strong>LAVORI DI MANUTENZIONE IN PIAZZETTA SANTO STEFANO<\/strong><br \/>\nParallelamente, il centro storico vede un intervento mirato in Piazzetta Santo Stefano per operazioni di pulizia delle grondaie. Per consentire l&#8217;utilizzo di una\u00a0piattaforma aerea necessaria ai lavori, \u00e8 stato istituito un divieto di sosta con<br \/>\nrimozione forzata.<br \/>\nIl provvedimento sar\u00e0 operativo nell&#8217;area antistante al civico 4, a partire dalle ore 7 di oggi, 17 agosto, fino alle ore 18 di marted\u00ec 19 agosto. Sono esclusi dal divieto solamente i veicoli direttamente funzionali all&#8217;esecuzione dei lavori programmati.<\/p>","protected":false},"excerpt":{"rendered":"<p>Il Comune di Belluno corre ai ripari per garantire la sicurezza dei cittadini, con due provvedimenti distinti che interessano il cuore della citt\u00e0. Le disposizioni riguardano il transito nei giardini di Piazza dei Martiri e limitazioni temporanee alla sosta in Piazzetta Santo Stefano. GIARDINI DI PIAZZA DEI MARTIRI: AREE OFF-LIMITS FINO A FINE SETTEMBRE A [&hellip;]<\/p>\n","protected":false},"author":2,"featured_media":171604,"comment_status":"closed","ping_status":"open","sticky":false,"template":"","format":"standard","meta":{"footnotes":""},"categories":[26,8],"tags":[],"class_list":["post-172696","post","type-post","status-publish","format-standard","has-post-thumbnail","category-prima-pagina","category-societa-istituzioni"],"yoast_head":"<!-- This site is optimized with the Yoast SEO plugin v28.4 - https:\/\/yoast.com\/product\/yoast-seo-wordpress\/ -->\n<title>Belluno: giardini in piazza dei Martiri interdetti e cantieri in centro storico - Bellunopress - Dolomiti<\/title>\n<meta name=\"robots\" content=\"index, follow, max-snippet:-1, max-image-preview:large, max-video-preview:-1\" \/>\n<link rel=\"canonical\" href=\"https:\/\/www.bellunopress.it\/fr\/2026\/08\/17\/belluno-giardini-in-piazza-dei-martiri-interdetti-e-cantieri-in-centro-storico\/\" \/>\n<meta property=\"og:locale\" content=\"fr_FR\" \/>\n<meta property=\"og:type\" content=\"article\" \/>\n<meta property=\"og:title\" content=\"Belluno: giardini in piazza dei Martiri interdetti e cantieri in centro storico - Bellunopress - Dolomiti\" \/>\n<meta property=\"og:description\" content=\"Il Comune di Belluno corre ai ripari per garantire la sicurezza dei cittadini, con due provvedimenti distinti che interessano il cuore della citt\u00e0. Le disposizioni riguardano il transito nei giardini di Piazza dei Martiri e limitazioni temporanee alla sosta in Piazzetta Santo Stefano. GIARDINI DI PIAZZA DEI MARTIRI: AREE OFF-LIMITS FINO A FINE SETTEMBRE A [&hellip;]\" \/>\n<meta property=\"og:url\" content=\"https:\/\/www.bellunopress.it\/fr\/2026\/08\/17\/belluno-giardini-in-piazza-dei-martiri-interdetti-e-cantieri-in-centro-storico\/\" \/>\n<meta property=\"og:site_name\" content=\"Bellunopress - Dolomiti\" \/>\n<meta property=\"article:publisher\" content=\"https:\/\/www.facebook.com\/profile.php?id=100008943462799\" \/>\n<meta property=\"article:published_time\" content=\"2026-08-17T07:25:12+00:00\" \/>\n<meta property=\"article:modified_time\" content=\"2026-08-17T12:28:06+00:00\" \/>\n<meta property=\"og:image\" content=\"https:\/\/www.bellunopress.it\/wp-content\/uploads\/2026\/07\/Comune-di-Belluno.jpg\" \/>\n\t<meta property=\"og:image:width\" content=\"529\" \/>\n\t<meta property=\"og:image:height\" content=\"378\" \/>\n\t<meta property=\"og:image:type\" content=\"image\/jpeg\" \/>\n<meta name=\"author\" content=\"redazione\" \/>\n<meta name=\"twitter:card\" content=\"summary_large_image\" \/>\n<meta name=\"twitter:creator\" content=\"@bellunopress\" \/>\n<meta name=\"twitter:site\" content=\"@bellunopress\" \/>\n<meta name=\"twitter:label1\" content=\"\u00c9crit par\" \/>\n\t<meta name=\"twitter:data1\" content=\"redazione\" \/>\n\t<meta name=\"twitter:label2\" content=\"Dur\u00e9e de lecture estim\u00e9e\" \/>\n\t<meta name=\"twitter:data2\" content=\"2 minutes\" \/>\n<script type=\"application\/ld+json\" class=\"yoast-schema-graph\">{\"@context\":\"https:\\\/\\\/schema.org\",\"@graph\":[{\"@type\":\"Article\",\"@id\":\"https:\\\/\\\/www.bellunopress.it\\\/2026\\\/08\\\/17\\\/belluno-giardini-in-piazza-dei-martiri-interdetti-e-cantieri-in-centro-storico\\\/#article\",\"isPartOf\":{\"@id\":\"https:\\\/\\\/www.bellunopress.it\\\/2026\\\/08\\\/17\\\/belluno-giardini-in-piazza-dei-martiri-interdetti-e-cantieri-in-centro-storico\\\/\"},\"author\":{\"name\":\"redazione\",\"@id\":\"https:\\\/\\\/www.bellunopress.it\\\/#\\\/schema\\\/person\\\/79bb06722b37ece1c03d3e94beb30d73\"},\"headline\":\"Belluno: giardini in piazza dei Martiri interdetti e cantieri in centro storico\",\"datePublished\":\"2026-08-17T07:25:12+00:00\",\"dateModified\":\"2026-08-17T12:28:06+00:00\",\"mainEntityOfPage\":{\"@id\":\"https:\\\/\\\/www.bellunopress.it\\\/2026\\\/08\\\/17\\\/belluno-giardini-in-piazza-dei-martiri-interdetti-e-cantieri-in-centro-storico\\\/\"},\"wordCount\":294,\"publisher\":{\"@id\":\"https:\\\/\\\/www.bellunopress.it\\\/#organization\"},\"image\":{\"@id\":\"https:\\\/\\\/www.bellunopress.it\\\/2026\\\/08\\\/17\\\/belluno-giardini-in-piazza-dei-martiri-interdetti-e-cantieri-in-centro-storico\\\/#primaryimage\"},\"thumbnailUrl\":\"https:\\\/\\\/www.bellunopress.it\\\/wp-content\\\/uploads\\\/2026\\\/07\\\/Comune-di-Belluno.jpg\",\"articleSection\":[\"Prima Pagina\",\"Societ\u00e0, Associazioni, Istituzioni\"],\"inLanguage\":\"fr-FR\"},{\"@type\":\"WebPage\",\"@id\":\"https:\\\/\\\/www.bellunopress.it\\\/2026\\\/08\\\/17\\\/belluno-giardini-in-piazza-dei-martiri-interdetti-e-cantieri-in-centro-storico\\\/\",\"url\":\"https:\\\/\\\/www.bellunopress.it\\\/2026\\\/08\\\/17\\\/belluno-giardini-in-piazza-dei-martiri-interdetti-e-cantieri-in-centro-storico\\\/\",\"name\":\"Belluno: giardini in piazza dei Martiri interdetti e cantieri in centro storico - Bellunopress - Dolomiti\",\"isPartOf\":{\"@id\":\"https:\\\/\\\/www.bellunopress.it\\\/#website\"},\"primaryImageOfPage\":{\"@id\":\"https:\\\/\\\/www.bellunopress.it\\\/2026\\\/08\\\/17\\\/belluno-giardini-in-piazza-dei-martiri-interdetti-e-cantieri-in-centro-storico\\\/#primaryimage\"},\"image\":{\"@id\":\"https:\\\/\\\/www.bellunopress.it\\\/2026\\\/08\\\/17\\\/belluno-giardini-in-piazza-dei-martiri-interdetti-e-cantieri-in-centro-storico\\\/#primaryimage\"},\"thumbnailUrl\":\"https:\\\/\\\/www.bellunopress.it\\\/wp-content\\\/uploads\\\/2026\\\/07\\\/Comune-di-Belluno.jpg\",\"datePublished\":\"2026-08-17T07:25:12+00:00\",\"dateModified\":\"2026-08-17T12:28:06+00:00\",\"breadcrumb\":{\"@id\":\"https:\\\/\\\/www.bellunopress.it\\\/2026\\\/08\\\/17\\\/belluno-giardini-in-piazza-dei-martiri-interdetti-e-cantieri-in-centro-storico\\\/#breadcrumb\"},\"inLanguage\":\"fr-FR\",\"potentialAction\":[{\"@type\":\"ReadAction\",\"target\":[\"https:\\\/\\\/www.bellunopress.it\\\/2026\\\/08\\\/17\\\/belluno-giardini-in-piazza-dei-martiri-interdetti-e-cantieri-in-centro-storico\\\/\"]}]},{\"@type\":\"ImageObject\",\"inLanguage\":\"fr-FR\",\"@id\":\"https:\\\/\\\/www.bellunopress.it\\\/2026\\\/08\\\/17\\\/belluno-giardini-in-piazza-dei-martiri-interdetti-e-cantieri-in-centro-storico\\\/#primaryimage\",\"url\":\"https:\\\/\\\/www.bellunopress.it\\\/wp-content\\\/uploads\\\/2026\\\/07\\\/Comune-di-Belluno.jpg\",\"contentUrl\":\"https:\\\/\\\/www.bellunopress.it\\\/wp-content\\\/uploads\\\/2026\\\/07\\\/Comune-di-Belluno.jpg\",\"width\":529,\"height\":378},{\"@type\":\"BreadcrumbList\",\"@id\":\"https:\\\/\\\/www.bellunopress.it\\\/2026\\\/08\\\/17\\\/belluno-giardini-in-piazza-dei-martiri-interdetti-e-cantieri-in-centro-storico\\\/#breadcrumb\",\"itemListElement\":[{\"@type\":\"ListItem\",\"position\":1,\"name\":\"Home\",\"item\":\"https:\\\/\\\/www.bellunopress.it\\\/\"},{\"@type\":\"ListItem\",\"position\":2,\"name\":\"Belluno: giardini in piazza dei Martiri interdetti e cantieri in centro storico\"}]},{\"@type\":\"WebSite\",\"@id\":\"https:\\\/\\\/www.bellunopress.it\\\/#website\",\"url\":\"https:\\\/\\\/www.bellunopress.it\\\/\",\"name\":\"Bellunopress - Dolomiti\",\"description\":\"e-mail: redazione@bellunopress.it\",\"publisher\":{\"@id\":\"https:\\\/\\\/www.bellunopress.it\\\/#organization\"},\"potentialAction\":[{\"@type\":\"SearchAction\",\"target\":{\"@type\":\"EntryPoint\",\"urlTemplate\":\"https:\\\/\\\/www.bellunopress.it\\\/?s={search_term_string}\"},\"query-input\":{\"@type\":\"PropertyValueSpecification\",\"valueRequired\":true,\"valueName\":\"search_term_string\"}}],\"inLanguage\":\"fr-FR\"},{\"@type\":\"Organization\",\"@id\":\"https:\\\/\\\/www.bellunopress.it\\\/#organization\",\"name\":\"Bellunopress\",\"url\":\"https:\\\/\\\/www.bellunopress.it\\\/\",\"logo\":{\"@type\":\"ImageObject\",\"inLanguage\":\"fr-FR\",\"@id\":\"https:\\\/\\\/www.bellunopress.it\\\/#\\\/schema\\\/logo\\\/image\\\/\",\"url\":\"https:\\\/\\\/www.bellunopress.it\\\/wp-content\\\/uploads\\\/2011\\\/05\\\/cropped-logo-bellunopress-.jpg\",\"contentUrl\":\"https:\\\/\\\/www.bellunopress.it\\\/wp-content\\\/uploads\\\/2011\\\/05\\\/cropped-logo-bellunopress-.jpg\",\"width\":512,\"height\":512,\"caption\":\"Bellunopress\"},\"image\":{\"@id\":\"https:\\\/\\\/www.bellunopress.it\\\/#\\\/schema\\\/logo\\\/image\\\/\"},\"sameAs\":[\"https:\\\/\\\/www.facebook.com\\\/profile.php?id=100008943462799\",\"https:\\\/\\\/x.com\\\/bellunopress\",\"https:\\\/\\\/www.linkedin.com\\\/hp\\\/?dnr=JBzUWaJfMUw8vbXJJ2tVW5-I3jZKvC4wsoxE&amp;amp;amp;amp;amp;amp;trk=nav_responsive_tab_home\",\"https:\\\/\\\/www.youtube.com\\\/channel\\\/UCxL0wu1uN0_3_7hGG0306cw\"]},{\"@type\":\"Person\",\"@id\":\"https:\\\/\\\/www.bellunopress.it\\\/#\\\/schema\\\/person\\\/79bb06722b37ece1c03d3e94beb30d73\",\"name\":\"redazione\",\"image\":{\"@type\":\"ImageObject\",\"inLanguage\":\"fr-FR\",\"@id\":\"https:\\\/\\\/secure.gravatar.com\\\/avatar\\\/37d968a2e67a6fd04c169c4bdef102d0bc5d31b2546345219e348575eb80e9a0?s=96&d=mm&r=g\",\"url\":\"https:\\\/\\\/secure.gravatar.com\\\/avatar\\\/37d968a2e67a6fd04c169c4bdef102d0bc5d31b2546345219e348575eb80e9a0?s=96&d=mm&r=g\",\"contentUrl\":\"https:\\\/\\\/secure.gravatar.com\\\/avatar\\\/37d968a2e67a6fd04c169c4bdef102d0bc5d31b2546345219e348575eb80e9a0?s=96&d=mm&r=g\",\"caption\":\"redazione\"},\"sameAs\":[\"http:\\\/\\\/www.bellunopress.it\",\"https:\\\/\\\/x.com\\\/bellunopress\"],\"url\":\"https:\\\/\\\/www.bellunopress.it\\\/fr\\\/author\\\/redazione\\\/\"}]}<\/script>\n<!-- \/ Yoast SEO plugin. -->","yoast_head_json":{"title":"Belluno: giardini in piazza dei Martiri interdetti e cantieri in centro storico - Bellunopress - Dolomiti","robots":{"index":"index","follow":"follow","max-snippet":"max-snippet:-1","max-image-preview":"max-image-preview:large","max-video-preview":"max-video-preview:-1"},"canonical":"https:\/\/www.bellunopress.it\/fr\/2026\/08\/17\/belluno-giardini-in-piazza-dei-martiri-interdetti-e-cantieri-in-centro-storico\/","og_locale":"fr_FR","og_type":"article","og_title":"Belluno: giardini in piazza dei Martiri interdetti e cantieri in centro storico - Bellunopress - Dolomiti","og_description":"Il Comune di Belluno corre ai ripari per garantire la sicurezza dei cittadini, con due provvedimenti distinti che interessano il cuore della citt\u00e0. Le disposizioni riguardano il transito nei giardini di Piazza dei Martiri e limitazioni temporanee alla sosta in Piazzetta Santo Stefano. GIARDINI DI PIAZZA DEI MARTIRI: AREE OFF-LIMITS FINO A FINE SETTEMBRE A [&hellip;]","og_url":"https:\/\/www.bellunopress.it\/fr\/2026\/08\/17\/belluno-giardini-in-piazza-dei-martiri-interdetti-e-cantieri-in-centro-storico\/","og_site_name":"Bellunopress - Dolomiti","article_publisher":"https:\/\/www.facebook.com\/profile.php?id=100008943462799","article_published_time":"2026-08-17T07:25:12+00:00","article_modified_time":"2026-08-17T12:28:06+00:00","og_image":[{"width":529,"height":378,"url":"https:\/\/www.bellunopress.it\/wp-content\/uploads\/2026\/07\/Comune-di-Belluno.jpg","type":"image\/jpeg"}],"author":"redazione","twitter_card":"summary_large_image","twitter_creator":"@bellunopress","twitter_site":"@bellunopress","twitter_misc":{"\u00c9crit par":"redazione","Dur\u00e9e de lecture estim\u00e9e":"2 minutes"},"schema":{"@context":"https:\/\/schema.org","@graph":[{"@type":"Article","@id":"https:\/\/www.bellunopress.it\/2026\/08\/17\/belluno-giardini-in-piazza-dei-martiri-interdetti-e-cantieri-in-centro-storico\/#article","isPartOf":{"@id":"https:\/\/www.bellunopress.it\/2026\/08\/17\/belluno-giardini-in-piazza-dei-martiri-interdetti-e-cantieri-in-centro-storico\/"},"author":{"name":"redazione","@id":"https:\/\/www.bellunopress.it\/#\/schema\/person\/79bb06722b37ece1c03d3e94beb30d73"},"headline":"Belluno: giardini in piazza dei Martiri interdetti e cantieri in centro storico","datePublished":"2026-08-17T07:25:12+00:00","dateModified":"2026-08-17T12:28:06+00:00","mainEntityOfPage":{"@id":"https:\/\/www.bellunopress.it\/2026\/08\/17\/belluno-giardini-in-piazza-dei-martiri-interdetti-e-cantieri-in-centro-storico\/"},"wordCount":294,"publisher":{"@id":"https:\/\/www.bellunopress.it\/#organization"},"image":{"@id":"https:\/\/www.bellunopress.it\/2026\/08\/17\/belluno-giardini-in-piazza-dei-martiri-interdetti-e-cantieri-in-centro-storico\/#primaryimage"},"thumbnailUrl":"https:\/\/www.bellunopress.it\/wp-content\/uploads\/2026\/07\/Comune-di-Belluno.jpg","articleSection":["Prima Pagina","Societ\u00e0, Associazioni, Istituzioni"],"inLanguage":"fr-FR"},{"@type":"WebPage","@id":"https:\/\/www.bellunopress.it\/2026\/08\/17\/belluno-giardini-in-piazza-dei-martiri-interdetti-e-cantieri-in-centro-storico\/","url":"https:\/\/www.bellunopress.it\/2026\/08\/17\/belluno-giardini-in-piazza-dei-martiri-interdetti-e-cantieri-in-centro-storico\/","name":"Belluno: giardini in piazza dei Martiri interdetti e cantieri in centro storico - Bellunopress - Dolomiti","isPartOf":{"@id":"https:\/\/www.bellunopress.it\/#website"},"primaryImageOfPage":{"@id":"https:\/\/www.bellunopress.it\/2026\/08\/17\/belluno-giardini-in-piazza-dei-martiri-interdetti-e-cantieri-in-centro-storico\/#primaryimage"},"image":{"@id":"https:\/\/www.bellunopress.it\/2026\/08\/17\/belluno-giardini-in-piazza-dei-martiri-interdetti-e-cantieri-in-centro-storico\/#primaryimage"},"thumbnailUrl":"https:\/\/www.bellunopress.it\/wp-content\/uploads\/2026\/07\/Comune-di-Belluno.jpg","datePublished":"2026-08-17T07:25:12+00:00","dateModified":"2026-08-17T12:28:06+00:00","breadcrumb":{"@id":"https:\/\/www.bellunopress.it\/2026\/08\/17\/belluno-giardini-in-piazza-dei-martiri-interdetti-e-cantieri-in-centro-storico\/#breadcrumb"},"inLanguage":"fr-FR","potentialAction":[{"@type":"ReadAction","target":["https:\/\/www.bellunopress.it\/2026\/08\/17\/belluno-giardini-in-piazza-dei-martiri-interdetti-e-cantieri-in-centro-storico\/"]}]},{"@type":"ImageObject","inLanguage":"fr-FR","@id":"https:\/\/www.bellunopress.it\/2026\/08\/17\/belluno-giardini-in-piazza-dei-martiri-interdetti-e-cantieri-in-centro-storico\/#primaryimage","url":"https:\/\/www.bellunopress.it\/wp-content\/uploads\/2026\/07\/Comune-di-Belluno.jpg","contentUrl":"https:\/\/www.bellunopress.it\/wp-content\/uploads\/2026\/07\/Comune-di-Belluno.jpg","width":529,"height":378},{"@type":"BreadcrumbList","@id":"https:\/\/www.bellunopress.it\/2026\/08\/17\/belluno-giardini-in-piazza-dei-martiri-interdetti-e-cantieri-in-centro-storico\/#breadcrumb","itemListElement":[{"@type":"ListItem","position":1,"name":"Home","item":"https:\/\/www.bellunopress.it\/"},{"@type":"ListItem","position":2,"name":"Belluno: giardini in piazza dei Martiri interdetti e cantieri in centro storico"}]},{"@type":"WebSite","@id":"https:\/\/www.bellunopress.it\/#website","url":"https:\/\/www.bellunopress.it\/","name":"Bellunopress - Dolomiti","description":"e-mail: redazione@bellunopress.it","publisher":{"@id":"https:\/\/www.bellunopress.it\/#organization"},"potentialAction":[{"@type":"SearchAction","target":{"@type":"EntryPoint","urlTemplate":"https:\/\/www.bellunopress.it\/?s={search_term_string}"},"query-input":{"@type":"PropertyValueSpecification","valueRequired":true,"valueName":"search_term_string"}}],"inLanguage":"fr-FR"},{"@type":"Organization","@id":"https:\/\/www.bellunopress.it\/#organization","name":"Bellunopress","url":"https:\/\/www.bellunopress.it\/","logo":{"@type":"ImageObject","inLanguage":"fr-FR","@id":"https:\/\/www.bellunopress.it\/#\/schema\/logo\/image\/","url":"https:\/\/www.bellunopress.it\/wp-content\/uploads\/2011\/05\/cropped-logo-bellunopress-.jpg","contentUrl":"https:\/\/www.bellunopress.it\/wp-content\/uploads\/2011\/05\/cropped-logo-bellunopress-.jpg","width":512,"height":512,"caption":"Bellunopress"},"image":{"@id":"https:\/\/www.bellunopress.it\/#\/schema\/logo\/image\/"},"sameAs":["https:\/\/www.facebook.com\/profile.php?id=100008943462799","https:\/\/x.com\/bellunopress","https:\/\/www.linkedin.com\/hp\/?dnr=JBzUWaJfMUw8vbXJJ2tVW5-I3jZKvC4wsoxE&amp;amp;amp;amp;amp;amp;trk=nav_responsive_tab_home","https:\/\/www.youtube.com\/channel\/UCxL0wu1uN0_3_7hGG0306cw"]},{"@type":"Person","@id":"https:\/\/www.bellunopress.it\/#\/schema\/person\/79bb06722b37ece1c03d3e94beb30d73","name":"r\u00e9daction","image":{"@type":"ImageObject","inLanguage":"fr-FR","@id":"https:\/\/secure.gravatar.com\/avatar\/37d968a2e67a6fd04c169c4bdef102d0bc5d31b2546345219e348575eb80e9a0?s=96&d=mm&r=g","url":"https:\/\/secure.gravatar.com\/avatar\/37d968a2e67a6fd04c169c4bdef102d0bc5d31b2546345219e348575eb80e9a0?s=96&d=mm&r=g","contentUrl":"https:\/\/secure.gravatar.com\/avatar\/37d968a2e67a6fd04c169c4bdef102d0bc5d31b2546345219e348575eb80e9a0?s=96&d=mm&r=g","caption":"redazione"},"sameAs":["http:\/\/www.bellunopress.it","https:\/\/x.com\/bellunopress"],"url":"https:\/\/www.bellunopress.it\/fr\/author\/redazione\/"}]}},"_links":{"self":[{"href":"https:\/\/www.bellunopress.it\/fr\/wp-json\/wp\/v2\/posts\/172696","targetHints":{"allow":["GET"]}}],"collection":[{"href":"https:\/\/www.bellunopress.it\/fr\/wp-json\/wp\/v2\/posts"}],"about":[{"href":"https:\/\/www.bellunopress.it\/fr\/wp-json\/wp\/v2\/types\/post"}],"author":[{"embeddable":true,"href":"https:\/\/www.bellunopress.it\/fr\/wp-json\/wp\/v2\/users\/2"}],"replies":[{"embeddable":true,"href":"https:\/\/www.bellunopress.it\/fr\/wp-json\/wp\/v2\/comments?post=172696"}],"version-history":[{"count":1,"href":"https:\/\/www.bellunopress.it\/fr\/wp-json\/wp\/v2\/posts\/172696\/revisions"}],"predecessor-version":[{"id":172697,"href":"https:\/\/www.bellunopress.it\/fr\/wp-json\/wp\/v2\/posts\/172696\/revisions\/172697"}],"wp:featuredmedia":[{"embeddable":true,"href":"https:\/\/www.bellunopress.it\/fr\/wp-json\/wp\/v2\/media\/171604"}],"wp:attachment":[{"href":"https:\/\/www.bellunopress.it\/fr\/wp-json\/wp\/v2\/media?parent=172696"}],"wp:term":[{"taxonomy":"category","embeddable":true,"href":"https:\/\/www.bellunopress.it\/fr\/wp-json\/wp\/v2\/categories?post=172696"},{"taxonomy":"post_tag","embeddable":true,"href":"https:\/\/www.bellunopress.it\/fr\/wp-json\/wp\/v2\/tags?post=172696"}],"curies":[{"name":"wp","href":"https:\/\/api.w.org\/{rel}","templated":true}]}}