{"id":172692,"date":"2026-08-17T13:15:00","date_gmt":"2026-08-17T11:15:00","guid":{"rendered":"https:\/\/www.bellunopress.it\/?p=172692"},"modified":"2026-08-22T19:33:29","modified_gmt":"2026-08-22T17:33:29","slug":"oltre-la-sbobba-del-passato-la-musica-secondo-antonio-fiabane","status":"publish","type":"post","link":"https:\/\/www.bellunopress.it\/fr\/2026\/08\/17\/oltre-la-sbobba-del-passato-la-musica-secondo-antonio-fiabane\/","title":{"rendered":"Oltre la &#8220;sbobba&#8221; del passato: la musica secondo Antonio Fiabane"},"content":{"rendered":"<p data-path-to-node=\"4\">Senza peli sulla lingua, con lo sguardo rivolto a Belluno ma con la sapienza di chi ha masticato i palcoscenici e gli studi di registrazione di tutta Italia. Antonio Fiabane, musicista, compositore e firma dietro successi che hanno segnato decenni della nostra discografia, non \u00e8 uomo da facili nostalgie. In questa intervista, Fiabane smonta alcuni miti della critica musicale e ci regala una visione della musica che guarda dritta al domani, senza troppi inchini al passato.<\/p>\n<p data-path-to-node=\"5\"><em>Antonio, iniziamo dal suo rapporto con il &#8220;mito&#8221; della musica d&#8217;altri tempi. Spesso si sente dire che il meglio sia gi\u00e0 stato scritto. Lei come risponde? <\/em><\/p>\n<p data-path-to-node=\"5\">&#8220;La teoria secondo cui le cose migliori siano gi\u00e0 state fatte in un Eden remoto mi evoca soltanto i discorsi degli adulti che ci perseguitavano quando eravamo giovani e provavamo a creare qualcosa. \u00c8 una retorica stanca, da <em>Matusalemme<\/em>, che serve solo a chi vorrebbe convincerci che la loro &#8220;sbobba&#8221; sia migliore della nostra. Io non ci sto&#8221;.<\/p>\n<p data-path-to-node=\"6\"><em>Lei \u00e8 molto critico, anche verso la centralit\u00e0 assoluta della canzone tradizionale. Perch\u00e9 dice che \u00e8 sopravvalutata?<\/em><\/p>\n<p data-path-to-node=\"6\">&#8220;Perch\u00e9 nel momento in cui sono state escogitate forme pi\u00f9 efficaci di espressione \u2013 penso alla centralit\u00e0 del suono puro, dei marchingegni moderni, di tutto ci\u00f2 che caratterizza la musica di questo inizio millennio \u2013 la canzone in senso classico \u00e8 passata in secondo piano. \u00c8 diventata quasi un complemento d&#8217;arredo, poco pi\u00f9 che tappezzeria&#8221;.<\/p>\n<p data-path-to-node=\"7\"><em>Il riferimento \u00e8 anche alla diatriba sull\u2019autotune? Quel software di elaborazione audio creato nel 1997 da Antares Audio Technologies che corregge in tempo reale le note stonate dei cantanti? <\/em><\/p>\n<p data-path-to-node=\"7\">&#8220;Esattamente. La levata di scudi di certi illustri rappresentanti della musica italiana contro l&#8217;autotune \u00e8 arrivata fuori tempo massimo. \u00c8 un gioco cinico: non si denuncia mai una stortura un minuto prima che cessino le royalties. \u00c8 un indignarsi sospetto, che trovo fuori luogo. Certo, alcuni testi di oggi mi lasciano pi\u00f9 sbigottito che stupito, ma preferisco guardare altrove&#8221;.<\/p>\n<p data-path-to-node=\"8\"><em>Verso chi, ad esempio? <\/em><\/p>\n<p data-path-to-node=\"8\">&#8220;Mi diverte molto Anna Pepe, cos\u00ec come la prima Madame. Il modo in cui sospendono le metriche, il modo in cui fanno risuonare parole apparentemente distanti tra loro&#8230; lo trovo sorprendente&#8221;.<\/p>\n<p data-path-to-node=\"9\"><em>La sua carriera \u00e8 un ponte tra diverse ere discografiche: ha lavorato con Strag\u00e0, ha firmato musical, collaborato a Sanremo e lavorato al valore letterario di dischi come Cambogia dei Bastard Sons of Dioniso. Se oggi un giovane le chiedesse un consiglio, cosa gli direbbe? <\/em><\/p>\n<p data-path-to-node=\"9\">&#8220;Gli direi di leggere molto, innanzitutto. E poi, nel comporre, di avere il coraggio di cancellare la prima e la seconda idea che gli passano per la testa. Bisogna puntare dalla terza in avanti, scegliendo l&#8217;ultima. Suggerirei di sfruttare YouTube: c&#8217;\u00e8 tutta la musica del mondo, gratis e con un&#8217;ottima resa sonora. E soprattutto, ricordarsi che Mogol ha scritto la storia della canzone italiana senza saper suonare uno strumento. Se proprio si vuole guardare a un modello, meglio puntare in alto: prendiamo <i data-path-to-node=\"9\" data-index-in-node=\"799\">Azzurro<\/i>. Ha sessant\u2019anni, pi\u00f9 o meno come me, e il testo di Vito Pallavicini ti parla ancora all\u2019orecchio con una freschezza disarmante&#8221;.<\/p>\n<figure id=\"attachment_172693\" aria-describedby=\"caption-attachment-172693\" style=\"width: 600px\" class=\"wp-caption aligncenter\"><img loading=\"lazy\" decoding=\"async\" class=\"size-full wp-image-172693\" src=\"https:\/\/www.bellunopress.it\/wp-content\/uploads\/2026\/08\/Antonio-Fiabane-Foto_-Lorenzo-Savoini.jpg\" alt=\"\" width=\"600\" height=\"450\" srcset=\"https:\/\/www.bellunopress.it\/wp-content\/uploads\/2026\/08\/Antonio-Fiabane-Foto_-Lorenzo-Savoini.jpg 600w, https:\/\/www.bellunopress.it\/wp-content\/uploads\/2026\/08\/Antonio-Fiabane-Foto_-Lorenzo-Savoini-500x375.jpg 500w, https:\/\/www.bellunopress.it\/wp-content\/uploads\/2026\/08\/Antonio-Fiabane-Foto_-Lorenzo-Savoini-560x420.jpg 560w, https:\/\/www.bellunopress.it\/wp-content\/uploads\/2026\/08\/Antonio-Fiabane-Foto_-Lorenzo-Savoini-80x60.jpg 80w, https:\/\/www.bellunopress.it\/wp-content\/uploads\/2026\/08\/Antonio-Fiabane-Foto_-Lorenzo-Savoini-150x113.jpg 150w, https:\/\/www.bellunopress.it\/wp-content\/uploads\/2026\/08\/Antonio-Fiabane-Foto_-Lorenzo-Savoini-300x225.jpg 300w\" sizes=\"auto, (max-width: 600px) 100vw, 600px\" \/><figcaption id=\"caption-attachment-172693\" class=\"wp-caption-text\">Antonio Fiabane (Foto: Lorenzo Savoini)<\/figcaption><\/figure>\n<p data-path-to-node=\"11\"><b data-path-to-node=\"11\" data-index-in-node=\"0\">Antonio Fiabane<\/b><\/p>\n<p>Nato a Vezzano, nella seconda met\u00e0 degli anni ottanta a Milano prova con la musica.<br \/>\nScrive per Strag\u00e0 \u201cL\u2019astronauta\u201d e per lo stesso artista compone con lo scrittore Marco Franzoso buona parte di \u201cClick here\u201d (Sony-Studio Lead 2001). Nell\u2019estate 2002 firma il brano vincitore del \u201cDisco per l\u2019Estate\u201d, assieme a Sergio Cossu compone il musical di Gardaland \u201cAngeli sul ghiaccio\u201d. Traduce e adatta per Polygram Olanda canzoni per bambini. Nel 2010 collabora alla produzione dell\u2019artista Anansi (Sanremo 2011).<br \/>\nIn tempi pi\u00f9 recenti la sua firma compare nella discografia di Caterina Cropelli e Bastard Sons of Dioniso: \u201cSulla cresta dell\u2019ombra\u201d del gruppo rock trentino \u00e8 nella compilation di Amnesty che si aggiudica nel 2018 la Targa Tenco, l\u2019album \u201cCambogia\u201d si merita la menzione speciale del premio Lunezia per il suo valore musical-letterario. Con Mario Mittelmann cura la rubrica \u201cI sillabari italiani\u201d su Siena Post.<\/p>\n<p data-path-to-node=\"11\">","protected":false},"excerpt":{"rendered":"<p>Senza peli sulla lingua, con lo sguardo rivolto a Belluno ma con la sapienza di chi ha masticato i palcoscenici e gli studi di registrazione di tutta Italia. Antonio Fiabane, musicista, compositore e firma dietro successi che hanno segnato decenni della nostra discografia, non \u00e8 uomo da facili nostalgie. In questa intervista, Fiabane smonta alcuni [&hellip;]<\/p>\n","protected":false},"author":2,"featured_media":172693,"comment_status":"closed","ping_status":"open","sticky":false,"template":"","format":"standard","meta":{"footnotes":""},"categories":[3,3446,25],"tags":[],"class_list":["post-172692","post","type-post","status-publish","format-standard","has-post-thumbnail","category-arte-cultura-spettacoli-scienza-archivi","category-featured","category-pausa-caffe"],"yoast_head":"<!-- This site is optimized with the Yoast SEO plugin v28.4 - https:\/\/yoast.com\/product\/yoast-seo-wordpress\/ -->\n<title>Oltre la &quot;sbobba&quot; del passato: la musica secondo Antonio Fiabane - Bellunopress - Dolomiti<\/title>\n<meta name=\"robots\" content=\"index, follow, max-snippet:-1, max-image-preview:large, max-video-preview:-1\" \/>\n<link rel=\"canonical\" href=\"https:\/\/www.bellunopress.it\/fr\/2026\/08\/17\/oltre-la-sbobba-del-passato-la-musica-secondo-antonio-fiabane\/\" \/>\n<meta property=\"og:locale\" content=\"fr_FR\" \/>\n<meta property=\"og:type\" content=\"article\" \/>\n<meta property=\"og:title\" content=\"Oltre la &quot;sbobba&quot; del passato: la musica secondo Antonio Fiabane - Bellunopress - Dolomiti\" \/>\n<meta property=\"og:description\" content=\"Senza peli sulla lingua, con lo sguardo rivolto a Belluno ma con la sapienza di chi ha masticato i palcoscenici e gli studi di registrazione di tutta Italia. Antonio Fiabane, musicista, compositore e firma dietro successi che hanno segnato decenni della nostra discografia, non \u00e8 uomo da facili nostalgie. In questa intervista, Fiabane smonta alcuni [&hellip;]\" \/>\n<meta property=\"og:url\" content=\"https:\/\/www.bellunopress.it\/fr\/2026\/08\/17\/oltre-la-sbobba-del-passato-la-musica-secondo-antonio-fiabane\/\" \/>\n<meta property=\"og:site_name\" content=\"Bellunopress - Dolomiti\" \/>\n<meta property=\"article:publisher\" content=\"https:\/\/www.facebook.com\/profile.php?id=100008943462799\" \/>\n<meta property=\"article:published_time\" content=\"2026-08-17T11:15:00+00:00\" \/>\n<meta property=\"article:modified_time\" content=\"2026-08-22T17:33:29+00:00\" \/>\n<meta property=\"og:image\" content=\"https:\/\/www.bellunopress.it\/wp-content\/uploads\/2026\/08\/Antonio-Fiabane-Foto_-Lorenzo-Savoini.jpg\" \/>\n\t<meta property=\"og:image:width\" content=\"600\" \/>\n\t<meta property=\"og:image:height\" content=\"450\" \/>\n\t<meta property=\"og:image:type\" content=\"image\/jpeg\" \/>\n<meta name=\"author\" content=\"redazione\" \/>\n<meta name=\"twitter:card\" content=\"summary_large_image\" \/>\n<meta name=\"twitter:creator\" content=\"@bellunopress\" \/>\n<meta name=\"twitter:site\" content=\"@bellunopress\" \/>\n<meta name=\"twitter:label1\" content=\"\u00c9crit par\" \/>\n\t<meta name=\"twitter:data1\" content=\"redazione\" \/>\n\t<meta name=\"twitter:label2\" content=\"Dur\u00e9e de lecture estim\u00e9e\" \/>\n\t<meta name=\"twitter:data2\" content=\"4 minutes\" \/>\n<script type=\"application\/ld+json\" class=\"yoast-schema-graph\">{\"@context\":\"https:\\\/\\\/schema.org\",\"@graph\":[{\"@type\":\"Article\",\"@id\":\"https:\\\/\\\/www.bellunopress.it\\\/2026\\\/08\\\/17\\\/oltre-la-sbobba-del-passato-la-musica-secondo-antonio-fiabane\\\/#article\",\"isPartOf\":{\"@id\":\"https:\\\/\\\/www.bellunopress.it\\\/2026\\\/08\\\/17\\\/oltre-la-sbobba-del-passato-la-musica-secondo-antonio-fiabane\\\/\"},\"author\":{\"name\":\"redazione\",\"@id\":\"https:\\\/\\\/www.bellunopress.it\\\/#\\\/schema\\\/person\\\/79bb06722b37ece1c03d3e94beb30d73\"},\"headline\":\"Oltre la &#8220;sbobba&#8221; del passato: la musica secondo Antonio Fiabane\",\"datePublished\":\"2026-08-17T11:15:00+00:00\",\"dateModified\":\"2026-08-22T17:33:29+00:00\",\"mainEntityOfPage\":{\"@id\":\"https:\\\/\\\/www.bellunopress.it\\\/2026\\\/08\\\/17\\\/oltre-la-sbobba-del-passato-la-musica-secondo-antonio-fiabane\\\/\"},\"wordCount\":665,\"publisher\":{\"@id\":\"https:\\\/\\\/www.bellunopress.it\\\/#organization\"},\"image\":{\"@id\":\"https:\\\/\\\/www.bellunopress.it\\\/2026\\\/08\\\/17\\\/oltre-la-sbobba-del-passato-la-musica-secondo-antonio-fiabane\\\/#primaryimage\"},\"thumbnailUrl\":\"https:\\\/\\\/www.bellunopress.it\\\/wp-content\\\/uploads\\\/2026\\\/08\\\/Antonio-Fiabane-Foto_-Lorenzo-Savoini.jpg\",\"articleSection\":[\"Arte, Cultura, Spettacoli, Scienza\",\"Featured\",\"Pausa Caff\u00e8\"],\"inLanguage\":\"fr-FR\"},{\"@type\":\"WebPage\",\"@id\":\"https:\\\/\\\/www.bellunopress.it\\\/2026\\\/08\\\/17\\\/oltre-la-sbobba-del-passato-la-musica-secondo-antonio-fiabane\\\/\",\"url\":\"https:\\\/\\\/www.bellunopress.it\\\/2026\\\/08\\\/17\\\/oltre-la-sbobba-del-passato-la-musica-secondo-antonio-fiabane\\\/\",\"name\":\"Oltre la \\\"sbobba\\\" del passato: la musica secondo Antonio Fiabane - Bellunopress - Dolomiti\",\"isPartOf\":{\"@id\":\"https:\\\/\\\/www.bellunopress.it\\\/#website\"},\"primaryImageOfPage\":{\"@id\":\"https:\\\/\\\/www.bellunopress.it\\\/2026\\\/08\\\/17\\\/oltre-la-sbobba-del-passato-la-musica-secondo-antonio-fiabane\\\/#primaryimage\"},\"image\":{\"@id\":\"https:\\\/\\\/www.bellunopress.it\\\/2026\\\/08\\\/17\\\/oltre-la-sbobba-del-passato-la-musica-secondo-antonio-fiabane\\\/#primaryimage\"},\"thumbnailUrl\":\"https:\\\/\\\/www.bellunopress.it\\\/wp-content\\\/uploads\\\/2026\\\/08\\\/Antonio-Fiabane-Foto_-Lorenzo-Savoini.jpg\",\"datePublished\":\"2026-08-17T11:15:00+00:00\",\"dateModified\":\"2026-08-22T17:33:29+00:00\",\"breadcrumb\":{\"@id\":\"https:\\\/\\\/www.bellunopress.it\\\/2026\\\/08\\\/17\\\/oltre-la-sbobba-del-passato-la-musica-secondo-antonio-fiabane\\\/#breadcrumb\"},\"inLanguage\":\"fr-FR\",\"potentialAction\":[{\"@type\":\"ReadAction\",\"target\":[\"https:\\\/\\\/www.bellunopress.it\\\/2026\\\/08\\\/17\\\/oltre-la-sbobba-del-passato-la-musica-secondo-antonio-fiabane\\\/\"]}]},{\"@type\":\"ImageObject\",\"inLanguage\":\"fr-FR\",\"@id\":\"https:\\\/\\\/www.bellunopress.it\\\/2026\\\/08\\\/17\\\/oltre-la-sbobba-del-passato-la-musica-secondo-antonio-fiabane\\\/#primaryimage\",\"url\":\"https:\\\/\\\/www.bellunopress.it\\\/wp-content\\\/uploads\\\/2026\\\/08\\\/Antonio-Fiabane-Foto_-Lorenzo-Savoini.jpg\",\"contentUrl\":\"https:\\\/\\\/www.bellunopress.it\\\/wp-content\\\/uploads\\\/2026\\\/08\\\/Antonio-Fiabane-Foto_-Lorenzo-Savoini.jpg\",\"width\":600,\"height\":450,\"caption\":\"Antonio Fiabane (Foto: Lorenzo Savoini)\"},{\"@type\":\"BreadcrumbList\",\"@id\":\"https:\\\/\\\/www.bellunopress.it\\\/2026\\\/08\\\/17\\\/oltre-la-sbobba-del-passato-la-musica-secondo-antonio-fiabane\\\/#breadcrumb\",\"itemListElement\":[{\"@type\":\"ListItem\",\"position\":1,\"name\":\"Home\",\"item\":\"https:\\\/\\\/www.bellunopress.it\\\/\"},{\"@type\":\"ListItem\",\"position\":2,\"name\":\"Oltre la &#8220;sbobba&#8221; del passato: la musica secondo Antonio Fiabane\"}]},{\"@type\":\"WebSite\",\"@id\":\"https:\\\/\\\/www.bellunopress.it\\\/#website\",\"url\":\"https:\\\/\\\/www.bellunopress.it\\\/\",\"name\":\"Bellunopress - Dolomiti\",\"description\":\"e-mail: redazione@bellunopress.it\",\"publisher\":{\"@id\":\"https:\\\/\\\/www.bellunopress.it\\\/#organization\"},\"potentialAction\":[{\"@type\":\"SearchAction\",\"target\":{\"@type\":\"EntryPoint\",\"urlTemplate\":\"https:\\\/\\\/www.bellunopress.it\\\/?s={search_term_string}\"},\"query-input\":{\"@type\":\"PropertyValueSpecification\",\"valueRequired\":true,\"valueName\":\"search_term_string\"}}],\"inLanguage\":\"fr-FR\"},{\"@type\":\"Organization\",\"@id\":\"https:\\\/\\\/www.bellunopress.it\\\/#organization\",\"name\":\"Bellunopress\",\"url\":\"https:\\\/\\\/www.bellunopress.it\\\/\",\"logo\":{\"@type\":\"ImageObject\",\"inLanguage\":\"fr-FR\",\"@id\":\"https:\\\/\\\/www.bellunopress.it\\\/#\\\/schema\\\/logo\\\/image\\\/\",\"url\":\"https:\\\/\\\/www.bellunopress.it\\\/wp-content\\\/uploads\\\/2011\\\/05\\\/cropped-logo-bellunopress-.jpg\",\"contentUrl\":\"https:\\\/\\\/www.bellunopress.it\\\/wp-content\\\/uploads\\\/2011\\\/05\\\/cropped-logo-bellunopress-.jpg\",\"width\":512,\"height\":512,\"caption\":\"Bellunopress\"},\"image\":{\"@id\":\"https:\\\/\\\/www.bellunopress.it\\\/#\\\/schema\\\/logo\\\/image\\\/\"},\"sameAs\":[\"https:\\\/\\\/www.facebook.com\\\/profile.php?id=100008943462799\",\"https:\\\/\\\/x.com\\\/bellunopress\",\"https:\\\/\\\/www.linkedin.com\\\/hp\\\/?dnr=JBzUWaJfMUw8vbXJJ2tVW5-I3jZKvC4wsoxE&amp;amp;amp;amp;amp;amp;trk=nav_responsive_tab_home\",\"https:\\\/\\\/www.youtube.com\\\/channel\\\/UCxL0wu1uN0_3_7hGG0306cw\"]},{\"@type\":\"Person\",\"@id\":\"https:\\\/\\\/www.bellunopress.it\\\/#\\\/schema\\\/person\\\/79bb06722b37ece1c03d3e94beb30d73\",\"name\":\"redazione\",\"image\":{\"@type\":\"ImageObject\",\"inLanguage\":\"fr-FR\",\"@id\":\"https:\\\/\\\/secure.gravatar.com\\\/avatar\\\/37d968a2e67a6fd04c169c4bdef102d0bc5d31b2546345219e348575eb80e9a0?s=96&d=mm&r=g\",\"url\":\"https:\\\/\\\/secure.gravatar.com\\\/avatar\\\/37d968a2e67a6fd04c169c4bdef102d0bc5d31b2546345219e348575eb80e9a0?s=96&d=mm&r=g\",\"contentUrl\":\"https:\\\/\\\/secure.gravatar.com\\\/avatar\\\/37d968a2e67a6fd04c169c4bdef102d0bc5d31b2546345219e348575eb80e9a0?s=96&d=mm&r=g\",\"caption\":\"redazione\"},\"sameAs\":[\"http:\\\/\\\/www.bellunopress.it\",\"https:\\\/\\\/x.com\\\/bellunopress\"],\"url\":\"https:\\\/\\\/www.bellunopress.it\\\/fr\\\/author\\\/redazione\\\/\"}]}<\/script>\n<!-- \/ Yoast SEO plugin. -->","yoast_head_json":{"title":"Oltre la \"sbobba\" del passato: la musica secondo Antonio Fiabane - Bellunopress - Dolomiti","robots":{"index":"index","follow":"follow","max-snippet":"max-snippet:-1","max-image-preview":"max-image-preview:large","max-video-preview":"max-video-preview:-1"},"canonical":"https:\/\/www.bellunopress.it\/fr\/2026\/08\/17\/oltre-la-sbobba-del-passato-la-musica-secondo-antonio-fiabane\/","og_locale":"fr_FR","og_type":"article","og_title":"Oltre la \"sbobba\" del passato: la musica secondo Antonio Fiabane - Bellunopress - Dolomiti","og_description":"Senza peli sulla lingua, con lo sguardo rivolto a Belluno ma con la sapienza di chi ha masticato i palcoscenici e gli studi di registrazione di tutta Italia. Antonio Fiabane, musicista, compositore e firma dietro successi che hanno segnato decenni della nostra discografia, non \u00e8 uomo da facili nostalgie. In questa intervista, Fiabane smonta alcuni [&hellip;]","og_url":"https:\/\/www.bellunopress.it\/fr\/2026\/08\/17\/oltre-la-sbobba-del-passato-la-musica-secondo-antonio-fiabane\/","og_site_name":"Bellunopress - Dolomiti","article_publisher":"https:\/\/www.facebook.com\/profile.php?id=100008943462799","article_published_time":"2026-08-17T11:15:00+00:00","article_modified_time":"2026-08-22T17:33:29+00:00","og_image":[{"width":600,"height":450,"url":"https:\/\/www.bellunopress.it\/wp-content\/uploads\/2026\/08\/Antonio-Fiabane-Foto_-Lorenzo-Savoini.jpg","type":"image\/jpeg"}],"author":"redazione","twitter_card":"summary_large_image","twitter_creator":"@bellunopress","twitter_site":"@bellunopress","twitter_misc":{"\u00c9crit par":"redazione","Dur\u00e9e de lecture estim\u00e9e":"4 minutes"},"schema":{"@context":"https:\/\/schema.org","@graph":[{"@type":"Article","@id":"https:\/\/www.bellunopress.it\/2026\/08\/17\/oltre-la-sbobba-del-passato-la-musica-secondo-antonio-fiabane\/#article","isPartOf":{"@id":"https:\/\/www.bellunopress.it\/2026\/08\/17\/oltre-la-sbobba-del-passato-la-musica-secondo-antonio-fiabane\/"},"author":{"name":"redazione","@id":"https:\/\/www.bellunopress.it\/#\/schema\/person\/79bb06722b37ece1c03d3e94beb30d73"},"headline":"Oltre la &#8220;sbobba&#8221; del passato: la musica secondo Antonio Fiabane","datePublished":"2026-08-17T11:15:00+00:00","dateModified":"2026-08-22T17:33:29+00:00","mainEntityOfPage":{"@id":"https:\/\/www.bellunopress.it\/2026\/08\/17\/oltre-la-sbobba-del-passato-la-musica-secondo-antonio-fiabane\/"},"wordCount":665,"publisher":{"@id":"https:\/\/www.bellunopress.it\/#organization"},"image":{"@id":"https:\/\/www.bellunopress.it\/2026\/08\/17\/oltre-la-sbobba-del-passato-la-musica-secondo-antonio-fiabane\/#primaryimage"},"thumbnailUrl":"https:\/\/www.bellunopress.it\/wp-content\/uploads\/2026\/08\/Antonio-Fiabane-Foto_-Lorenzo-Savoini.jpg","articleSection":["Arte, Cultura, Spettacoli, Scienza","Featured","Pausa Caff\u00e8"],"inLanguage":"fr-FR"},{"@type":"WebPage","@id":"https:\/\/www.bellunopress.it\/2026\/08\/17\/oltre-la-sbobba-del-passato-la-musica-secondo-antonio-fiabane\/","url":"https:\/\/www.bellunopress.it\/2026\/08\/17\/oltre-la-sbobba-del-passato-la-musica-secondo-antonio-fiabane\/","name":"Oltre la \"sbobba\" del passato: la musica secondo Antonio Fiabane - Bellunopress - Dolomiti","isPartOf":{"@id":"https:\/\/www.bellunopress.it\/#website"},"primaryImageOfPage":{"@id":"https:\/\/www.bellunopress.it\/2026\/08\/17\/oltre-la-sbobba-del-passato-la-musica-secondo-antonio-fiabane\/#primaryimage"},"image":{"@id":"https:\/\/www.bellunopress.it\/2026\/08\/17\/oltre-la-sbobba-del-passato-la-musica-secondo-antonio-fiabane\/#primaryimage"},"thumbnailUrl":"https:\/\/www.bellunopress.it\/wp-content\/uploads\/2026\/08\/Antonio-Fiabane-Foto_-Lorenzo-Savoini.jpg","datePublished":"2026-08-17T11:15:00+00:00","dateModified":"2026-08-22T17:33:29+00:00","breadcrumb":{"@id":"https:\/\/www.bellunopress.it\/2026\/08\/17\/oltre-la-sbobba-del-passato-la-musica-secondo-antonio-fiabane\/#breadcrumb"},"inLanguage":"fr-FR","potentialAction":[{"@type":"ReadAction","target":["https:\/\/www.bellunopress.it\/2026\/08\/17\/oltre-la-sbobba-del-passato-la-musica-secondo-antonio-fiabane\/"]}]},{"@type":"ImageObject","inLanguage":"fr-FR","@id":"https:\/\/www.bellunopress.it\/2026\/08\/17\/oltre-la-sbobba-del-passato-la-musica-secondo-antonio-fiabane\/#primaryimage","url":"https:\/\/www.bellunopress.it\/wp-content\/uploads\/2026\/08\/Antonio-Fiabane-Foto_-Lorenzo-Savoini.jpg","contentUrl":"https:\/\/www.bellunopress.it\/wp-content\/uploads\/2026\/08\/Antonio-Fiabane-Foto_-Lorenzo-Savoini.jpg","width":600,"height":450,"caption":"Antonio Fiabane (Foto: Lorenzo Savoini)"},{"@type":"BreadcrumbList","@id":"https:\/\/www.bellunopress.it\/2026\/08\/17\/oltre-la-sbobba-del-passato-la-musica-secondo-antonio-fiabane\/#breadcrumb","itemListElement":[{"@type":"ListItem","position":1,"name":"Home","item":"https:\/\/www.bellunopress.it\/"},{"@type":"ListItem","position":2,"name":"Oltre la &#8220;sbobba&#8221; del passato: la musica secondo Antonio Fiabane"}]},{"@type":"WebSite","@id":"https:\/\/www.bellunopress.it\/#website","url":"https:\/\/www.bellunopress.it\/","name":"Bellunopress - Dolomiti","description":"e-mail: redazione@bellunopress.it","publisher":{"@id":"https:\/\/www.bellunopress.it\/#organization"},"potentialAction":[{"@type":"SearchAction","target":{"@type":"EntryPoint","urlTemplate":"https:\/\/www.bellunopress.it\/?s={search_term_string}"},"query-input":{"@type":"PropertyValueSpecification","valueRequired":true,"valueName":"search_term_string"}}],"inLanguage":"fr-FR"},{"@type":"Organization","@id":"https:\/\/www.bellunopress.it\/#organization","name":"Bellunopress","url":"https:\/\/www.bellunopress.it\/","logo":{"@type":"ImageObject","inLanguage":"fr-FR","@id":"https:\/\/www.bellunopress.it\/#\/schema\/logo\/image\/","url":"https:\/\/www.bellunopress.it\/wp-content\/uploads\/2011\/05\/cropped-logo-bellunopress-.jpg","contentUrl":"https:\/\/www.bellunopress.it\/wp-content\/uploads\/2011\/05\/cropped-logo-bellunopress-.jpg","width":512,"height":512,"caption":"Bellunopress"},"image":{"@id":"https:\/\/www.bellunopress.it\/#\/schema\/logo\/image\/"},"sameAs":["https:\/\/www.facebook.com\/profile.php?id=100008943462799","https:\/\/x.com\/bellunopress","https:\/\/www.linkedin.com\/hp\/?dnr=JBzUWaJfMUw8vbXJJ2tVW5-I3jZKvC4wsoxE&amp;amp;amp;amp;amp;amp;trk=nav_responsive_tab_home","https:\/\/www.youtube.com\/channel\/UCxL0wu1uN0_3_7hGG0306cw"]},{"@type":"Person","@id":"https:\/\/www.bellunopress.it\/#\/schema\/person\/79bb06722b37ece1c03d3e94beb30d73","name":"r\u00e9daction","image":{"@type":"ImageObject","inLanguage":"fr-FR","@id":"https:\/\/secure.gravatar.com\/avatar\/37d968a2e67a6fd04c169c4bdef102d0bc5d31b2546345219e348575eb80e9a0?s=96&d=mm&r=g","url":"https:\/\/secure.gravatar.com\/avatar\/37d968a2e67a6fd04c169c4bdef102d0bc5d31b2546345219e348575eb80e9a0?s=96&d=mm&r=g","contentUrl":"https:\/\/secure.gravatar.com\/avatar\/37d968a2e67a6fd04c169c4bdef102d0bc5d31b2546345219e348575eb80e9a0?s=96&d=mm&r=g","caption":"redazione"},"sameAs":["http:\/\/www.bellunopress.it","https:\/\/x.com\/bellunopress"],"url":"https:\/\/www.bellunopress.it\/fr\/author\/redazione\/"}]}},"_links":{"self":[{"href":"https:\/\/www.bellunopress.it\/fr\/wp-json\/wp\/v2\/posts\/172692","targetHints":{"allow":["GET"]}}],"collection":[{"href":"https:\/\/www.bellunopress.it\/fr\/wp-json\/wp\/v2\/posts"}],"about":[{"href":"https:\/\/www.bellunopress.it\/fr\/wp-json\/wp\/v2\/types\/post"}],"author":[{"embeddable":true,"href":"https:\/\/www.bellunopress.it\/fr\/wp-json\/wp\/v2\/users\/2"}],"replies":[{"embeddable":true,"href":"https:\/\/www.bellunopress.it\/fr\/wp-json\/wp\/v2\/comments?post=172692"}],"version-history":[{"count":3,"href":"https:\/\/www.bellunopress.it\/fr\/wp-json\/wp\/v2\/posts\/172692\/revisions"}],"predecessor-version":[{"id":172704,"href":"https:\/\/www.bellunopress.it\/fr\/wp-json\/wp\/v2\/posts\/172692\/revisions\/172704"}],"wp:featuredmedia":[{"embeddable":true,"href":"https:\/\/www.bellunopress.it\/fr\/wp-json\/wp\/v2\/media\/172693"}],"wp:attachment":[{"href":"https:\/\/www.bellunopress.it\/fr\/wp-json\/wp\/v2\/media?parent=172692"}],"wp:term":[{"taxonomy":"category","embeddable":true,"href":"https:\/\/www.bellunopress.it\/fr\/wp-json\/wp\/v2\/categories?post=172692"},{"taxonomy":"post_tag","embeddable":true,"href":"https:\/\/www.bellunopress.it\/fr\/wp-json\/wp\/v2\/tags?post=172692"}],"curies":[{"name":"wp","href":"https:\/\/api.w.org\/{rel}","templated":true}]}}