{"id":172689,"date":"2026-08-17T10:56:30","date_gmt":"2026-08-17T08:56:30","guid":{"rendered":"https:\/\/www.bellunopress.it\/?p=172689"},"modified":"2026-08-17T14:58:04","modified_gmt":"2026-08-17T12:58:04","slug":"intervista-a-giusy-trifero-la-musica-vera-e-di-chi-ha-ancora-qualcosa-da-dire","status":"publish","type":"post","link":"https:\/\/www.bellunopress.it\/fr\/2026\/08\/17\/intervista-a-giusy-trifero-la-musica-vera-e-di-chi-ha-ancora-qualcosa-da-dire\/","title":{"rendered":"Intervista a Giusy Trifer\u00f2: &#8220;La musica vera \u00e8 di chi ha ancora qualcosa da dire&#8221;"},"content":{"rendered":"<p><em>Giusy, lei appartiene a una generazione che ha vissuto la musica in modo viscerale. Che rapporto ha oggi con questo mondo e come lo vive attraverso lo sguardo dei suoi figli?<\/em><\/p>\n<p>&#8220;Appartengo sicuramente a un&#8217;altra generazione, e forse \u00e8 proprio per questo che guardo alla musica di oggi con occhi diversi. Ma la musica, per me, non \u00e8 mai stata qualcosa del passato, fa parte di me. La canto, la scrivo e continuo ad ascoltarla. E, soprattutto, vivo quotidianamente a contatto con una generazione pi\u00f9 giovane, perch\u00e9 in casa ho dei figli che ascoltano musica, la scoprono e la fanno entrare nella loro vita&#8221;.<\/p>\n<p><em>Ascoltando le produzioni contemporanee, cosa la colpisce di pi\u00f9, in positivo e in negativo?<\/em><\/p>\n<p>&#8220;Devo dire che spesso faccio fatica a riconoscermi nei testi di molte canzoni contemporanee. Non parlo di tutti, naturalmente. Ci sono ancora autori e artisti capaci di raccontare sentimenti veri, di parlare attraverso un brano e di arrivare a chi ascolta. Sono pochi, ma ci sono.\u00a0Oggi, invece, mi capita spesso di ascoltare frasi apparentemente romantiche, profonde o sensibili, ma inserite in un contesto che non riesce a emozionarmi. A volte ho la sensazione che alcune parole vengano semplicemente \u201cbuttate l\u00ec\u201d, perch\u00e9 suonano bene, perch\u00e9 possono diventare una frase da ricordare o da condividere, ma senza una vera necessit\u00e0 di raccontare qualcosa&#8221;.<\/p>\n<p><em>Per lei che scrive e canta, qual \u00e8 la vera essenza di una canzone?<\/em><\/p>\n<p>&#8220;Io credo che scrivere una canzone sia un po&#8217; come scrivere una lettera. \u00c8 dare voce alla parte pi\u00f9 delicata di noi, quella che magari facciamo fatica a mostrare nella vita di tutti i giorni. \u00c8 prendere qualcosa che abbiamo dentro e consegnarlo a qualcuno, o forse anche a qualcosa, attraverso la musica. Per questo penso che una canzone debba avere qualcosa da comunicare&#8221;.<\/p>\n<p><em>Pensa che il modo in cui i giovani comunicano oggi influisca anche sulla scrittura dei brani?<\/em><\/p>\n<p>&#8220;Forse \u00e8 cambiato anche il nostro modo di comunicare. I ragazzi oggi chattano, si guardano attraverso uno schermo, attraverso video e social. Hanno strumenti di comunicazione che noi non avevamo. Ma forse, proprio per questo, hanno perso un po&#8217; il contatto con la pelle, con lo sguardo reale, con la presenza dell&#8217;altro. E credo che tutto questo, inevitabilmente, finisca anche nella musica che scrivono e ascoltano&#8221;.<\/p>\n<p><em>Un altro tema forte che spesso fa discutere \u00e8 il confine tra trasgressione e volgarit\u00e0 sul palco. Qual \u00e8 la sua opinione?<\/em><\/p>\n<p>&#8220;C&#8217;\u00e8 un altro aspetto che faccio davvero fatica ad accettare: quando la provocazione diventa volgarit\u00e0 e arriva a mortificare la dignit\u00e0 della persona. A volte ascolto o vedo certe cose e mi viene spontaneo chiedermi: ma sei davvero questo? \u00c8 davvero questo ci\u00f2 che vuoi raccontare di te?. Non penso che la sensualit\u00e0 debba essere negata, n\u00e9 che un artista debba necessariamente essere composto o tradizionale. Ma quando il corpo e la provocazione diventano l&#8217;unico strumento per attirare l&#8217;attenzione, mi chiedo dove sia finita la necessit\u00e0 di comunicare attraverso la musica.\u00a0Se penso anche ai miei tempi, Madonna, David Bowie e altri si presentavano stravaganti, ma sembrava facesse parte proprio di loro. E comunque, tolta quella stravaganza, potevano permettersi di continuare a cantare&#8221;.<\/p>\n<p><em>Anche il sistema della televisione e dei grandi eventi \u00e8 profondamente cambiato. Ad esempio, lei ha una posizione molto netta su Sanremo&#8230;<\/em><\/p>\n<p>&#8220;Io sono forse una delle poche persone che canta e che, allo stesso tempo, si rifiuta di guardare Sanremo. Non perch\u00e9 non ami la musica italiana, anzi. \u00c8 proprio perch\u00e9 la amo profondamente che faccio fatica a viverlo come lo vivevo un tempo.\u00a0Ricordo Sanremo come un punto di arrivo. Ci si arrivava dopo aver studiato, dopo la gavetta, dopo aver cantato e suonato tanto, dopo essersi costruiti lentamente un percorso. Oggi, a volte, ho la sensazione che si possa partire direttamente da l\u00ec. E penso che la gavetta abbia un valore enorme: ti insegna a stare davanti alle persone, a reggere un palco, a conoscere i tuoi limiti, a sbagliare&#8221;.<\/p>\n<p><em>Un\u2019altra grande differenza rispetto al passato riguarda la tecnica e l&#8217;uso della tecnologia&#8230;<\/em><\/p>\n<p>&#8220;Gli strumenti tecnologici hanno cambiato moltissimo il modo di cantare. A volte mi domando cosa rimarrebbe di alcune interpretazioni se venissero tolti tutti quegli strumenti senza i quali sembrano non riuscire pi\u00f9 a cantare davvero. La tecnologia pu\u00f2 essere una grande alleata, ma non dovrebbe mai sostituire la voce, la tecnica, lo studio e soprattutto l&#8217;emozione.\u00a0E poi c&#8217;\u00e8 l&#8217;immagine. Non mi piace vedere il palco trasformato in una vetrina in cui centimetri di pelle sembrano diventare pi\u00f9 importanti di quello che l&#8217;artista ha da dire. Vorrei che fosse ancora la musica ad attirare lo spettatore&#8221;.<\/p>\n<p><em>Anche suonare e cantare dal vivo, nei locali o alle feste, \u00e8 diventato pi\u00f9 difficile. Come vive questa dimensione oggi?<\/em><\/p>\n<p>&#8220;Oggi alle feste e nei locali \u00e8 sempre pi\u00f9 difficile trovare spazio per chi vuole semplicemente suonare e cantare. Ci sono i Dj, che hanno naturalmente il loro pubblico e la loro funzione, ma per chi fa musica dal vivo spesso bisogna cercare locali particolari, quasi come se non bastasse pi\u00f9 voler fare una serata per il piacere di condividere musica con le persone. Io canto con passione, anche se non sono una professionista, e forse proprio per questo mi accorgo di quanto sia difficile trovare un pubblico che abbia il gusto musicale che conosco e che porto dentro fin da quando ero piccola&#8221;.<\/p>\n<p><em>Nonostante tutte queste difficolt\u00e0, lei guarda al futuro della musica con fiducia?<\/em><\/p>\n<p>&#8220;Nonostante tutto, non penso che la buona musica sia destinata a scomparire. Questo mi fa pensare che forse c&#8217;\u00e8 ancora speranza. Forse la buona musica non \u00e8 scomparsa, forse semplicemente oggi deve farsi strada in mezzo a molto pi\u00f9 rumore. E se anche saranno in pochi a scegliere ancora una canzone perch\u00e9 dentro quelle parole riconoscono un sentimento, una storia, una parte di s\u00e9, io credo che quei pochi continueranno a portarla avanti. Perch\u00e9 la musica vera, quella che nasce da qualcosa che abbiamo dentro e che abbiamo bisogno di consegnare agli altri, non appartiene a una generazione. Appartiene a chi ha ancora qualcosa da dire&#8221;.<\/p>\n<p><strong>\u00a0<\/strong><\/p>\n<figure id=\"attachment_166009\" aria-describedby=\"caption-attachment-166009\" style=\"width: 450px\" class=\"wp-caption aligncenter\"><img loading=\"lazy\" decoding=\"async\" class=\"size-full wp-image-166009\" src=\"https:\/\/www.bellunopress.it\/wp-content\/uploads\/2025\/12\/GiusY-Trifero.jpeg\" alt=\"\" width=\"450\" height=\"600\" srcset=\"https:\/\/www.bellunopress.it\/wp-content\/uploads\/2025\/12\/GiusY-Trifero.jpeg 450w, https:\/\/www.bellunopress.it\/wp-content\/uploads\/2025\/12\/GiusY-Trifero-375x500.jpeg 375w, https:\/\/www.bellunopress.it\/wp-content\/uploads\/2025\/12\/GiusY-Trifero-315x420.jpeg 315w\" sizes=\"auto, (max-width: 450px) 100vw, 450px\" \/><figcaption id=\"caption-attachment-166009\" class=\"wp-caption-text\">Giusy Trifer\u00f2<\/figcaption><\/figure>\n<p><strong>Giusy Trifer\u00f2: una vita in musica, tra passione, palchi e grandi incontri<\/strong><\/p>\n<p>Il legame tra Giusy Trifero\u2019 e la musica ha radici profonde, che risalgono a quando, poco pi\u00f9 che bambina, trasformava il terrazzo di casa in un palcoscenico naturale. Per i vicini di casa, era gi\u00e0 allora &#8220;la cantante&#8221;, un presagio di quella che sarebbe diventata una vocazione di vita. Cresciuta ascoltando i grandi classici della musica italiana e internazionale \u2014 da Vianello e Morandi fino all&#8217;energia travolgente di Tina Turner, di cui impar\u00f2 l&#8217;intero repertorio a soli otto anni \u2014 Giusy ha costruito il suo percorso artistico su un costante desiderio di esplorazione e condivisione.<\/p>\n<p>Il vero punto di svolta del suo cammino umano e artistico \u00e8 l\u2019incontro con Bruno Ballon, figura chiave che ha segnato le tappe fondamentali della sua carriera. Dalle prime esibizioni improvvisate, chitarra in sella a una moto e voce al vento, fino alle notti infinite al &#8220;Bar Lanterna&#8221; passate a far musica ben oltre l&#8217;orario di chiusura, il sodalizio con Ballon si \u00e8 rivelato un pilastro inossidabile.<\/p>\n<p>La gavetta \u00e8 stata ricca di esperienze formative: dal coro parrocchiale di Sargnano al progetto &#8220;Valentina canta Battisti&#8221;, che l&#8217;ha portata su palchi importanti, come quello dell&#8217;Arena di Lignano Sabbiadoro. Fu proprio l\u00ec, giovanissima, che ricevette uno dei complimenti pi\u00f9 significativi della sua carriera: al termine di un\u2019esibizione solista, fu paragonata a Mina, un\u2019emozione che ancora oggi Giusy ricorda con le gambe che tremano per l&#8217;intensit\u00e0 del momento.<\/p>\n<p>La sua carriera \u00e8 un intreccio di curiosit\u00e0 e sperimentazione. Nel 2000 si \u00e8 avvicinata alla lirica, non per cambiare rotta, ma per esplorare &#8220;forma e colore&#8221; della voce, arricchendo il suo bagaglio tecnico. \u00c8 poi con la fondazione del gruppo &#8220;Ensemble&#8221; nel 2002 che ha iniziato a far emergere anche la sua vena autorale, portando sul palco brani originali scritti e musicati nel tempo, conservati con cura in un quaderno che custodisce la sua anima di cantautrice.<\/p>\n<p>Negli anni, Giusy ha saputo rigenerarsi attraverso vari progetti, cercando sempre quella &#8220;gioia di cantare&#8221; che \u00e8 il vero motore della sua arte. Dal gruppo &#8220;Giusy &amp; i suoi corvi&#8221;, dedicato al sound degli anni &#8217;60, &#8217;70 e &#8217;80, fino alla realt\u00e0 dei &#8220;Fuori Croma&#8221;, la cantante ha saputo circondarsi di talenti consolidati e affetti profondi, come l\u2019amica di sempre Mara, presenza costante nelle sue avventure musicali.<\/p>\n<p>Oggi, Giusy Trifer\u00f2 continua a essere un punto di riferimento versatile, capace di passare dalle sonorit\u00e0 pop alla sfida complessa di un tributo a Mina \u2014 un progetto corale che vede la partecipazione di numerosi musicisti di valore. La sua \u00e8 una storia di fedelt\u00e0 alla musica, di incontri che diventano famiglia e di una voce che, dal piccolo terrazzo di un tempo, non ha mai smesso di cercare nuovi orizzonti.<\/p>\n<p><a href=\"https:\/\/www.facebook.com\/reel\/4552343385053486\">https:\/\/www.facebook.com\/reel\/4552343385053486<\/a><\/p>\n<p><a href=\"https:\/\/www.facebook.com\/reel\/1144947763151779\">https:\/\/www.facebook.com\/reel\/1144947763151779<\/a><\/p>\n<p>&nbsp;<\/p>","protected":false},"excerpt":{"rendered":"<p>Giusy, lei appartiene a una generazione che ha vissuto la musica in modo viscerale. Che rapporto ha oggi con questo mondo e come lo vive attraverso lo sguardo dei suoi figli? &#8220;Appartengo sicuramente a un&#8217;altra generazione, e forse \u00e8 proprio per questo che guardo alla musica di oggi con occhi diversi. Ma la musica, per [&hellip;]<\/p>\n","protected":false},"author":2,"featured_media":172690,"comment_status":"closed","ping_status":"open","sticky":false,"template":"","format":"standard","meta":{"footnotes":""},"categories":[3,3446,25],"tags":[],"class_list":["post-172689","post","type-post","status-publish","format-standard","has-post-thumbnail","category-arte-cultura-spettacoli-scienza-archivi","category-featured","category-pausa-caffe"],"yoast_head":"<!-- This site is optimized with the Yoast SEO plugin v28.4 - https:\/\/yoast.com\/product\/yoast-seo-wordpress\/ -->\n<title>Intervista a Giusy Trifer\u00f2: &quot;La musica vera \u00e8 di chi ha ancora qualcosa da dire&quot; - Bellunopress - Dolomiti<\/title>\n<meta name=\"robots\" content=\"index, follow, max-snippet:-1, max-image-preview:large, max-video-preview:-1\" \/>\n<link rel=\"canonical\" href=\"https:\/\/www.bellunopress.it\/fr\/2026\/08\/17\/intervista-a-giusy-trifero-la-musica-vera-e-di-chi-ha-ancora-qualcosa-da-dire\/\" \/>\n<meta property=\"og:locale\" content=\"fr_FR\" \/>\n<meta property=\"og:type\" content=\"article\" \/>\n<meta property=\"og:title\" content=\"Intervista a Giusy Trifer\u00f2: &quot;La musica vera \u00e8 di chi ha ancora qualcosa da dire&quot; - Bellunopress - Dolomiti\" \/>\n<meta property=\"og:description\" content=\"Giusy, lei appartiene a una generazione che ha vissuto la musica in modo viscerale. Che rapporto ha oggi con questo mondo e come lo vive attraverso lo sguardo dei suoi figli? &#8220;Appartengo sicuramente a un&#8217;altra generazione, e forse \u00e8 proprio per questo che guardo alla musica di oggi con occhi diversi. Ma la musica, per [&hellip;]\" \/>\n<meta property=\"og:url\" content=\"https:\/\/www.bellunopress.it\/fr\/2026\/08\/17\/intervista-a-giusy-trifero-la-musica-vera-e-di-chi-ha-ancora-qualcosa-da-dire\/\" \/>\n<meta property=\"og:site_name\" content=\"Bellunopress - Dolomiti\" \/>\n<meta property=\"article:publisher\" content=\"https:\/\/www.facebook.com\/profile.php?id=100008943462799\" \/>\n<meta property=\"article:published_time\" content=\"2026-08-17T08:56:30+00:00\" \/>\n<meta property=\"article:modified_time\" content=\"2026-08-17T12:58:04+00:00\" \/>\n<meta property=\"og:image\" content=\"https:\/\/www.bellunopress.it\/wp-content\/uploads\/2026\/08\/Giusy-2026.jpg\" \/>\n\t<meta property=\"og:image:width\" content=\"450\" \/>\n\t<meta property=\"og:image:height\" content=\"600\" \/>\n\t<meta property=\"og:image:type\" content=\"image\/jpeg\" \/>\n<meta name=\"author\" content=\"redazione\" \/>\n<meta name=\"twitter:card\" content=\"summary_large_image\" \/>\n<meta name=\"twitter:creator\" content=\"@bellunopress\" \/>\n<meta name=\"twitter:site\" content=\"@bellunopress\" \/>\n<meta name=\"twitter:label1\" content=\"Written by\" \/>\n\t<meta name=\"twitter:data1\" content=\"redazione\" \/>\n\t<meta name=\"twitter:label2\" content=\"Est. reading time\" \/>\n\t<meta name=\"twitter:data2\" content=\"9 minutes\" \/>\n<script type=\"application\/ld+json\" class=\"yoast-schema-graph\">{\"@context\":\"https:\\\/\\\/schema.org\",\"@graph\":[{\"@type\":\"Article\",\"@id\":\"https:\\\/\\\/www.bellunopress.it\\\/2026\\\/08\\\/17\\\/intervista-a-giusy-trifero-la-musica-vera-e-di-chi-ha-ancora-qualcosa-da-dire\\\/#article\",\"isPartOf\":{\"@id\":\"https:\\\/\\\/www.bellunopress.it\\\/2026\\\/08\\\/17\\\/intervista-a-giusy-trifero-la-musica-vera-e-di-chi-ha-ancora-qualcosa-da-dire\\\/\"},\"author\":{\"name\":\"redazione\",\"@id\":\"https:\\\/\\\/www.bellunopress.it\\\/#\\\/schema\\\/person\\\/79bb06722b37ece1c03d3e94beb30d73\"},\"headline\":\"Intervista a Giusy Trifer\u00f2: &#8220;La musica vera \u00e8 di chi ha ancora qualcosa da dire&#8221;\",\"datePublished\":\"2026-08-17T08:56:30+00:00\",\"dateModified\":\"2026-08-17T12:58:04+00:00\",\"mainEntityOfPage\":{\"@id\":\"https:\\\/\\\/www.bellunopress.it\\\/2026\\\/08\\\/17\\\/intervista-a-giusy-trifero-la-musica-vera-e-di-chi-ha-ancora-qualcosa-da-dire\\\/\"},\"wordCount\":1490,\"publisher\":{\"@id\":\"https:\\\/\\\/www.bellunopress.it\\\/#organization\"},\"image\":{\"@id\":\"https:\\\/\\\/www.bellunopress.it\\\/2026\\\/08\\\/17\\\/intervista-a-giusy-trifero-la-musica-vera-e-di-chi-ha-ancora-qualcosa-da-dire\\\/#primaryimage\"},\"thumbnailUrl\":\"https:\\\/\\\/www.bellunopress.it\\\/wp-content\\\/uploads\\\/2026\\\/08\\\/Giusy-2026.jpg\",\"articleSection\":[\"Arte, Cultura, Spettacoli, Scienza\",\"Featured\",\"Pausa Caff\u00e8\"],\"inLanguage\":\"fr-FR\"},{\"@type\":\"WebPage\",\"@id\":\"https:\\\/\\\/www.bellunopress.it\\\/2026\\\/08\\\/17\\\/intervista-a-giusy-trifero-la-musica-vera-e-di-chi-ha-ancora-qualcosa-da-dire\\\/\",\"url\":\"https:\\\/\\\/www.bellunopress.it\\\/2026\\\/08\\\/17\\\/intervista-a-giusy-trifero-la-musica-vera-e-di-chi-ha-ancora-qualcosa-da-dire\\\/\",\"name\":\"Intervista a Giusy Trifer\u00f2: \\\"La musica vera \u00e8 di chi ha ancora qualcosa da dire\\\" - Bellunopress - Dolomiti\",\"isPartOf\":{\"@id\":\"https:\\\/\\\/www.bellunopress.it\\\/#website\"},\"primaryImageOfPage\":{\"@id\":\"https:\\\/\\\/www.bellunopress.it\\\/2026\\\/08\\\/17\\\/intervista-a-giusy-trifero-la-musica-vera-e-di-chi-ha-ancora-qualcosa-da-dire\\\/#primaryimage\"},\"image\":{\"@id\":\"https:\\\/\\\/www.bellunopress.it\\\/2026\\\/08\\\/17\\\/intervista-a-giusy-trifero-la-musica-vera-e-di-chi-ha-ancora-qualcosa-da-dire\\\/#primaryimage\"},\"thumbnailUrl\":\"https:\\\/\\\/www.bellunopress.it\\\/wp-content\\\/uploads\\\/2026\\\/08\\\/Giusy-2026.jpg\",\"datePublished\":\"2026-08-17T08:56:30+00:00\",\"dateModified\":\"2026-08-17T12:58:04+00:00\",\"breadcrumb\":{\"@id\":\"https:\\\/\\\/www.bellunopress.it\\\/2026\\\/08\\\/17\\\/intervista-a-giusy-trifero-la-musica-vera-e-di-chi-ha-ancora-qualcosa-da-dire\\\/#breadcrumb\"},\"inLanguage\":\"fr-FR\",\"potentialAction\":[{\"@type\":\"ReadAction\",\"target\":[\"https:\\\/\\\/www.bellunopress.it\\\/2026\\\/08\\\/17\\\/intervista-a-giusy-trifero-la-musica-vera-e-di-chi-ha-ancora-qualcosa-da-dire\\\/\"]}]},{\"@type\":\"ImageObject\",\"inLanguage\":\"fr-FR\",\"@id\":\"https:\\\/\\\/www.bellunopress.it\\\/2026\\\/08\\\/17\\\/intervista-a-giusy-trifero-la-musica-vera-e-di-chi-ha-ancora-qualcosa-da-dire\\\/#primaryimage\",\"url\":\"https:\\\/\\\/www.bellunopress.it\\\/wp-content\\\/uploads\\\/2026\\\/08\\\/Giusy-2026.jpg\",\"contentUrl\":\"https:\\\/\\\/www.bellunopress.it\\\/wp-content\\\/uploads\\\/2026\\\/08\\\/Giusy-2026.jpg\",\"width\":450,\"height\":600,\"caption\":\"Giusy Trifer\u00f2\"},{\"@type\":\"BreadcrumbList\",\"@id\":\"https:\\\/\\\/www.bellunopress.it\\\/2026\\\/08\\\/17\\\/intervista-a-giusy-trifero-la-musica-vera-e-di-chi-ha-ancora-qualcosa-da-dire\\\/#breadcrumb\",\"itemListElement\":[{\"@type\":\"ListItem\",\"position\":1,\"name\":\"Home\",\"item\":\"https:\\\/\\\/www.bellunopress.it\\\/\"},{\"@type\":\"ListItem\",\"position\":2,\"name\":\"Intervista a Giusy Trifer\u00f2: &#8220;La musica vera \u00e8 di chi ha ancora qualcosa da dire&#8221;\"}]},{\"@type\":\"WebSite\",\"@id\":\"https:\\\/\\\/www.bellunopress.it\\\/#website\",\"url\":\"https:\\\/\\\/www.bellunopress.it\\\/\",\"name\":\"Bellunopress - Dolomiti\",\"description\":\"e-mail: redazione@bellunopress.it\",\"publisher\":{\"@id\":\"https:\\\/\\\/www.bellunopress.it\\\/#organization\"},\"potentialAction\":[{\"@type\":\"SearchAction\",\"target\":{\"@type\":\"EntryPoint\",\"urlTemplate\":\"https:\\\/\\\/www.bellunopress.it\\\/?s={search_term_string}\"},\"query-input\":{\"@type\":\"PropertyValueSpecification\",\"valueRequired\":true,\"valueName\":\"search_term_string\"}}],\"inLanguage\":\"fr-FR\"},{\"@type\":\"Organization\",\"@id\":\"https:\\\/\\\/www.bellunopress.it\\\/#organization\",\"name\":\"Bellunopress\",\"url\":\"https:\\\/\\\/www.bellunopress.it\\\/\",\"logo\":{\"@type\":\"ImageObject\",\"inLanguage\":\"fr-FR\",\"@id\":\"https:\\\/\\\/www.bellunopress.it\\\/#\\\/schema\\\/logo\\\/image\\\/\",\"url\":\"https:\\\/\\\/www.bellunopress.it\\\/wp-content\\\/uploads\\\/2011\\\/05\\\/cropped-logo-bellunopress-.jpg\",\"contentUrl\":\"https:\\\/\\\/www.bellunopress.it\\\/wp-content\\\/uploads\\\/2011\\\/05\\\/cropped-logo-bellunopress-.jpg\",\"width\":512,\"height\":512,\"caption\":\"Bellunopress\"},\"image\":{\"@id\":\"https:\\\/\\\/www.bellunopress.it\\\/#\\\/schema\\\/logo\\\/image\\\/\"},\"sameAs\":[\"https:\\\/\\\/www.facebook.com\\\/profile.php?id=100008943462799\",\"https:\\\/\\\/x.com\\\/bellunopress\",\"https:\\\/\\\/www.linkedin.com\\\/hp\\\/?dnr=JBzUWaJfMUw8vbXJJ2tVW5-I3jZKvC4wsoxE&amp;amp;amp;amp;amp;amp;trk=nav_responsive_tab_home\",\"https:\\\/\\\/www.youtube.com\\\/channel\\\/UCxL0wu1uN0_3_7hGG0306cw\"]},{\"@type\":\"Person\",\"@id\":\"https:\\\/\\\/www.bellunopress.it\\\/#\\\/schema\\\/person\\\/79bb06722b37ece1c03d3e94beb30d73\",\"name\":\"redazione\",\"image\":{\"@type\":\"ImageObject\",\"inLanguage\":\"fr-FR\",\"@id\":\"https:\\\/\\\/secure.gravatar.com\\\/avatar\\\/37d968a2e67a6fd04c169c4bdef102d0bc5d31b2546345219e348575eb80e9a0?s=96&d=mm&r=g\",\"url\":\"https:\\\/\\\/secure.gravatar.com\\\/avatar\\\/37d968a2e67a6fd04c169c4bdef102d0bc5d31b2546345219e348575eb80e9a0?s=96&d=mm&r=g\",\"contentUrl\":\"https:\\\/\\\/secure.gravatar.com\\\/avatar\\\/37d968a2e67a6fd04c169c4bdef102d0bc5d31b2546345219e348575eb80e9a0?s=96&d=mm&r=g\",\"caption\":\"redazione\"},\"sameAs\":[\"http:\\\/\\\/www.bellunopress.it\",\"https:\\\/\\\/x.com\\\/bellunopress\"],\"url\":\"https:\\\/\\\/www.bellunopress.it\\\/fr\\\/author\\\/redazione\\\/\"}]}<\/script>\n<!-- \/ Yoast SEO plugin. -->","yoast_head_json":{"title":"Intervista a Giusy Trifer\u00f2: \"La musica vera \u00e8 di chi ha ancora qualcosa da dire\" - Bellunopress - Dolomiti","robots":{"index":"index","follow":"follow","max-snippet":"max-snippet:-1","max-image-preview":"max-image-preview:large","max-video-preview":"max-video-preview:-1"},"canonical":"https:\/\/www.bellunopress.it\/fr\/2026\/08\/17\/intervista-a-giusy-trifero-la-musica-vera-e-di-chi-ha-ancora-qualcosa-da-dire\/","og_locale":"fr_FR","og_type":"article","og_title":"Intervista a Giusy Trifer\u00f2: \"La musica vera \u00e8 di chi ha ancora qualcosa da dire\" - Bellunopress - Dolomiti","og_description":"Giusy, lei appartiene a una generazione che ha vissuto la musica in modo viscerale. Che rapporto ha oggi con questo mondo e come lo vive attraverso lo sguardo dei suoi figli? &#8220;Appartengo sicuramente a un&#8217;altra generazione, e forse \u00e8 proprio per questo che guardo alla musica di oggi con occhi diversi. Ma la musica, per [&hellip;]","og_url":"https:\/\/www.bellunopress.it\/fr\/2026\/08\/17\/intervista-a-giusy-trifero-la-musica-vera-e-di-chi-ha-ancora-qualcosa-da-dire\/","og_site_name":"Bellunopress - Dolomiti","article_publisher":"https:\/\/www.facebook.com\/profile.php?id=100008943462799","article_published_time":"2026-08-17T08:56:30+00:00","article_modified_time":"2026-08-17T12:58:04+00:00","og_image":[{"width":450,"height":600,"url":"https:\/\/www.bellunopress.it\/wp-content\/uploads\/2026\/08\/Giusy-2026.jpg","type":"image\/jpeg"}],"author":"redazione","twitter_card":"summary_large_image","twitter_creator":"@bellunopress","twitter_site":"@bellunopress","twitter_misc":{"Written by":"redazione","Est. reading time":"9 minutes"},"schema":{"@context":"https:\/\/schema.org","@graph":[{"@type":"Article","@id":"https:\/\/www.bellunopress.it\/2026\/08\/17\/intervista-a-giusy-trifero-la-musica-vera-e-di-chi-ha-ancora-qualcosa-da-dire\/#article","isPartOf":{"@id":"https:\/\/www.bellunopress.it\/2026\/08\/17\/intervista-a-giusy-trifero-la-musica-vera-e-di-chi-ha-ancora-qualcosa-da-dire\/"},"author":{"name":"redazione","@id":"https:\/\/www.bellunopress.it\/#\/schema\/person\/79bb06722b37ece1c03d3e94beb30d73"},"headline":"Intervista a Giusy Trifer\u00f2: &#8220;La musica vera \u00e8 di chi ha ancora qualcosa da dire&#8221;","datePublished":"2026-08-17T08:56:30+00:00","dateModified":"2026-08-17T12:58:04+00:00","mainEntityOfPage":{"@id":"https:\/\/www.bellunopress.it\/2026\/08\/17\/intervista-a-giusy-trifero-la-musica-vera-e-di-chi-ha-ancora-qualcosa-da-dire\/"},"wordCount":1490,"publisher":{"@id":"https:\/\/www.bellunopress.it\/#organization"},"image":{"@id":"https:\/\/www.bellunopress.it\/2026\/08\/17\/intervista-a-giusy-trifero-la-musica-vera-e-di-chi-ha-ancora-qualcosa-da-dire\/#primaryimage"},"thumbnailUrl":"https:\/\/www.bellunopress.it\/wp-content\/uploads\/2026\/08\/Giusy-2026.jpg","articleSection":["Arte, Cultura, Spettacoli, Scienza","Featured","Pausa Caff\u00e8"],"inLanguage":"fr-FR"},{"@type":"WebPage","@id":"https:\/\/www.bellunopress.it\/2026\/08\/17\/intervista-a-giusy-trifero-la-musica-vera-e-di-chi-ha-ancora-qualcosa-da-dire\/","url":"https:\/\/www.bellunopress.it\/2026\/08\/17\/intervista-a-giusy-trifero-la-musica-vera-e-di-chi-ha-ancora-qualcosa-da-dire\/","name":"Intervista a Giusy Trifer\u00f2: \"La musica vera \u00e8 di chi ha ancora qualcosa da dire\" - Bellunopress - Dolomiti","isPartOf":{"@id":"https:\/\/www.bellunopress.it\/#website"},"primaryImageOfPage":{"@id":"https:\/\/www.bellunopress.it\/2026\/08\/17\/intervista-a-giusy-trifero-la-musica-vera-e-di-chi-ha-ancora-qualcosa-da-dire\/#primaryimage"},"image":{"@id":"https:\/\/www.bellunopress.it\/2026\/08\/17\/intervista-a-giusy-trifero-la-musica-vera-e-di-chi-ha-ancora-qualcosa-da-dire\/#primaryimage"},"thumbnailUrl":"https:\/\/www.bellunopress.it\/wp-content\/uploads\/2026\/08\/Giusy-2026.jpg","datePublished":"2026-08-17T08:56:30+00:00","dateModified":"2026-08-17T12:58:04+00:00","breadcrumb":{"@id":"https:\/\/www.bellunopress.it\/2026\/08\/17\/intervista-a-giusy-trifero-la-musica-vera-e-di-chi-ha-ancora-qualcosa-da-dire\/#breadcrumb"},"inLanguage":"fr-FR","potentialAction":[{"@type":"ReadAction","target":["https:\/\/www.bellunopress.it\/2026\/08\/17\/intervista-a-giusy-trifero-la-musica-vera-e-di-chi-ha-ancora-qualcosa-da-dire\/"]}]},{"@type":"ImageObject","inLanguage":"fr-FR","@id":"https:\/\/www.bellunopress.it\/2026\/08\/17\/intervista-a-giusy-trifero-la-musica-vera-e-di-chi-ha-ancora-qualcosa-da-dire\/#primaryimage","url":"https:\/\/www.bellunopress.it\/wp-content\/uploads\/2026\/08\/Giusy-2026.jpg","contentUrl":"https:\/\/www.bellunopress.it\/wp-content\/uploads\/2026\/08\/Giusy-2026.jpg","width":450,"height":600,"caption":"Giusy Trifer\u00f2"},{"@type":"BreadcrumbList","@id":"https:\/\/www.bellunopress.it\/2026\/08\/17\/intervista-a-giusy-trifero-la-musica-vera-e-di-chi-ha-ancora-qualcosa-da-dire\/#breadcrumb","itemListElement":[{"@type":"ListItem","position":1,"name":"Home","item":"https:\/\/www.bellunopress.it\/"},{"@type":"ListItem","position":2,"name":"Intervista a Giusy Trifer\u00f2: &#8220;La musica vera \u00e8 di chi ha ancora qualcosa da dire&#8221;"}]},{"@type":"WebSite","@id":"https:\/\/www.bellunopress.it\/#website","url":"https:\/\/www.bellunopress.it\/","name":"Bellunopress - Dolomiti","description":"e-mail: redazione@bellunopress.it","publisher":{"@id":"https:\/\/www.bellunopress.it\/#organization"},"potentialAction":[{"@type":"SearchAction","target":{"@type":"EntryPoint","urlTemplate":"https:\/\/www.bellunopress.it\/?s={search_term_string}"},"query-input":{"@type":"PropertyValueSpecification","valueRequired":true,"valueName":"search_term_string"}}],"inLanguage":"fr-FR"},{"@type":"Organization","@id":"https:\/\/www.bellunopress.it\/#organization","name":"Bellunopress","url":"https:\/\/www.bellunopress.it\/","logo":{"@type":"ImageObject","inLanguage":"fr-FR","@id":"https:\/\/www.bellunopress.it\/#\/schema\/logo\/image\/","url":"https:\/\/www.bellunopress.it\/wp-content\/uploads\/2011\/05\/cropped-logo-bellunopress-.jpg","contentUrl":"https:\/\/www.bellunopress.it\/wp-content\/uploads\/2011\/05\/cropped-logo-bellunopress-.jpg","width":512,"height":512,"caption":"Bellunopress"},"image":{"@id":"https:\/\/www.bellunopress.it\/#\/schema\/logo\/image\/"},"sameAs":["https:\/\/www.facebook.com\/profile.php?id=100008943462799","https:\/\/x.com\/bellunopress","https:\/\/www.linkedin.com\/hp\/?dnr=JBzUWaJfMUw8vbXJJ2tVW5-I3jZKvC4wsoxE&amp;amp;amp;amp;amp;amp;trk=nav_responsive_tab_home","https:\/\/www.youtube.com\/channel\/UCxL0wu1uN0_3_7hGG0306cw"]},{"@type":"Person","@id":"https:\/\/www.bellunopress.it\/#\/schema\/person\/79bb06722b37ece1c03d3e94beb30d73","name":"r\u00e9daction","image":{"@type":"ImageObject","inLanguage":"fr-FR","@id":"https:\/\/secure.gravatar.com\/avatar\/37d968a2e67a6fd04c169c4bdef102d0bc5d31b2546345219e348575eb80e9a0?s=96&d=mm&r=g","url":"https:\/\/secure.gravatar.com\/avatar\/37d968a2e67a6fd04c169c4bdef102d0bc5d31b2546345219e348575eb80e9a0?s=96&d=mm&r=g","contentUrl":"https:\/\/secure.gravatar.com\/avatar\/37d968a2e67a6fd04c169c4bdef102d0bc5d31b2546345219e348575eb80e9a0?s=96&d=mm&r=g","caption":"redazione"},"sameAs":["http:\/\/www.bellunopress.it","https:\/\/x.com\/bellunopress"],"url":"https:\/\/www.bellunopress.it\/fr\/author\/redazione\/"}]}},"_links":{"self":[{"href":"https:\/\/www.bellunopress.it\/fr\/wp-json\/wp\/v2\/posts\/172689","targetHints":{"allow":["GET"]}}],"collection":[{"href":"https:\/\/www.bellunopress.it\/fr\/wp-json\/wp\/v2\/posts"}],"about":[{"href":"https:\/\/www.bellunopress.it\/fr\/wp-json\/wp\/v2\/types\/post"}],"author":[{"embeddable":true,"href":"https:\/\/www.bellunopress.it\/fr\/wp-json\/wp\/v2\/users\/2"}],"replies":[{"embeddable":true,"href":"https:\/\/www.bellunopress.it\/fr\/wp-json\/wp\/v2\/comments?post=172689"}],"version-history":[{"count":1,"href":"https:\/\/www.bellunopress.it\/fr\/wp-json\/wp\/v2\/posts\/172689\/revisions"}],"predecessor-version":[{"id":172691,"href":"https:\/\/www.bellunopress.it\/fr\/wp-json\/wp\/v2\/posts\/172689\/revisions\/172691"}],"wp:featuredmedia":[{"embeddable":true,"href":"https:\/\/www.bellunopress.it\/fr\/wp-json\/wp\/v2\/media\/172690"}],"wp:attachment":[{"href":"https:\/\/www.bellunopress.it\/fr\/wp-json\/wp\/v2\/media?parent=172689"}],"wp:term":[{"taxonomy":"category","embeddable":true,"href":"https:\/\/www.bellunopress.it\/fr\/wp-json\/wp\/v2\/categories?post=172689"},{"taxonomy":"post_tag","embeddable":true,"href":"https:\/\/www.bellunopress.it\/fr\/wp-json\/wp\/v2\/tags?post=172689"}],"curies":[{"name":"wp","href":"https:\/\/api.w.org\/{rel}","templated":true}]}}