{"id":172682,"date":"2026-08-17T06:36:34","date_gmt":"2026-08-17T04:36:34","guid":{"rendered":"https:\/\/www.bellunopress.it\/?p=172682"},"modified":"2026-08-19T10:15:06","modified_gmt":"2026-08-19T08:15:06","slug":"autonomia-ventanni-tra-pifferai-belle-addormentate-e-treni-persi-di-enzo-de-biasi","status":"publish","type":"post","link":"https:\/\/www.bellunopress.it\/fr\/2026\/08\/17\/autonomia-ventanni-tra-pifferai-belle-addormentate-e-treni-persi-di-enzo-de-biasi\/","title":{"rendered":"Autonomia: vent\u2019anni tra pifferai, belle addormentate e treni persi   * di Enzo De Biasi"},"content":{"rendered":"<p><strong>Dalla Catalogna mancata al referendum farlocco: anatomia di un ventennio<\/strong><\/p>\n<p>Viviamo in un\u2019epoca in cui la realt\u00e0 <strong>non \u00e8 ci\u00f2 che \u00e8<\/strong>: non ci\u00f2 che si vede, si tocca, si sente o si legge stampato sulla Gazzetta Ufficiale (G.U.) o sul Bollettino Ufficiale Regionale (B.U.R.), ma \u00e8 \u201caltro\u201d. La realt\u00e0 \u201cvera\u201d tende ad essere quella fabbricata da chi ha il potere di costruirla a proprio uso e consumo e\/o per il partito (la coalizione) che rappresenta.<\/p>\n<p>Da una parte c\u2019\u00e8 chi, trovandosi in posizioni di comando \u2014 i politici di professione, ad esempio \u2014 punta a mistificare e distorcere i fatti di cui \u00e8 o \u00e8 stato protagonista, cos\u00ec da trarne vantaggio al momento del voto sfruttando la credulit\u00e0 popolare. Dall\u2019altra ci sono i social media e i molteplici mezzi di comunicazione di massa che, una volta che la realt\u00e0 \u00e8 stata adulterata da chi ne ha facolt\u00e0, si prestano a veicolarla, propagarla, diffonderla senza troppi controlli e riscontri sulla veridicit\u00e0 delle informazioni ricevute. Di conseguenza, nell\u2019agor\u00e0, nel dibattito pubblico distinguere ci\u00f2 che \u00e8 vero, falso o parzialmente corretto \u00e8 diventato un esercizio arduo, riservato \u2014 oramai \u2014 a gruppi ristretti. Per gran parte della popolazione, ci\u00f2 che trasmette il <strong>\u201cconvento mediatico\u201d<\/strong> diventa faro di <em>luce, realt\u00e0 e verit\u00e0<\/em>.<\/p>\n<p>Oltre ai politici, sempre pi\u00f9 attori che recitano la \u201cloro parte\u201d in diretta o in differita, un ruolo incisivo lo hanno gli \u201coperatori della comunicazione e dell\u2019informazione\u201d, i pi\u00f9 noti sono i giornalisti. Costoro, sovente, anzich\u00e9 tenere distinti e distanti i fatti dalle opinioni personali \u2014 sottraendosi alla <em>\u201cmoral suasion\u201d<\/em> dei loro direttori \u2014 mescolano gli uni con le altre, non agevolano la formazione di un\u2019opinione pubblica informata ma non omologata al mainstream, alla tendenza dominante del momento. Di conseguenza, l\u2019informazione autentica, non manipolata, non adulterata \u2014 alimento essenziale per il cittadino, come l\u2019acqua per la persona \u2014 \u00e8 una merce sempre pi\u00f9 rara.\u00a0 Non casualmente, nel report pubblicato nel 2025 sullo stato dei diritti, l\u2019Italia per le libert\u00e0 di <strong>\u201cespressione, dissenso e pensiero<\/strong>\u201d \u00e8 scivolata di altre tre posizioni rispetto al 2024 ed \u00e8 ora al 49\u00b0 posto: <em>\u201cil risultato pi\u00f9 grave in Europa Occidentale<\/em>\u201d, <a href=\"https:\/\/www.rapportodiritti.it\/liberta-di-espressione-e-di-informazione\">qui1<\/a><\/p>\n<p>Questi ed altri pensieri venivano in mente mentre leggevo le dichiarazioni rese il 22 luglio scorso dall\u2019ex Presidente del Veneto ed ora Presidente del Consiglio Regionale: <strong>Luca Zaia<\/strong>.<\/p>\n<p>Il punto centrale delle sue esternazioni \u00e8 il seguente: \u00a0<em><u>\u201cQuesta giornata \u00e8 il frutto di un cammino lungo, complesso e spesso accidentato\u2026 Tutto \u00e8 cominciato con la legge regionale del giugno 2014\u2026\u201d, concludendo con: \u201cFu un autentico plebiscito democratico\u2026 non un dettaglio della storia.\u201d<\/u><\/em><a href=\"https:\/\/www.consiglioveneto.it\/web\/crv\/dettaglio?id=74708394&amp;backLink=https%3A%2F%2Fwww.consiglioveneto.it%2Fcomunicati-stampa%3Fp_p_id&amp;p_p_lifecycle=0&amp;p_p_state=normal&amp;p_p_mode=view&amp;_newscomunicati_INSTANCE_O5i8XPKXKCxp_pageType=LIST&amp;_newscomunicati_INSTANCE_O5i8XPKXKCxp_textSearch=&amp;_newscomunicati_INSTANCE_O5i8XPKXKCxp_pageNext=0&amp;_newscomunicati_INSTANCE_O5i8XPKXKCxp_formDate=1787117416182&amp;_newscomunicati_INSTANCE_O5i8XPKXKCxp_al=&amp;_newscomunicati_INSTANCE_O5i8XPKXKCxp_keyword=Zaia%20&amp;_newscomunicati_INSTANCE_O5i8XPKXKCxp_type=filtra-documenti-bykey&amp;_newscomunicati_INSTANCE_O5i8XPKXKCxp_dal=&amp;_newscomunicati_INSTANCE_O5i8XPKXKCxp_cardLimit=0&amp;type=comunicato&amp;pageTitle=&amp;title=Autonomia.%20Presidente%20Zaia%3A%20%E2%80%9COggi%20un%20passo%20importante%2C%20l%E2%80%99obiettivo%20restano%20le%2023%20materie%E2%80%9D&amp;image=%2Fdocuments%2F34871%2F19916db3-5be2-fc53-7921-656a6b81e08f\">qui LZ<\/a><\/p>\n<p>L\u2019assenza <strong>totale <\/strong>dei passi iniziali della Regione del Veneto per l\u2019Autonomia Differenziata, risalenti a vent\u2019anni fa, \u00e8 davvero macroscopica. In effetti, in questa occasione e senza apparente motivo, c\u2019\u00e8 un abissale <em>\u201cvuoto di cose accadute, di realt\u00e0<\/em>\u201d.<\/p>\n<p>Luca Zaia, da trent\u2019anni votato da milioni di veneti, \u00e8 stato insediato in importanti \u201cposti di potere\u201d. Negli ultimi vent\u2019anni, nella citt\u00e0 di Venezia, ha operato dapprima al terzo piano e poi, con un grado pi\u00f9 elevato, al piano nobile di Palazzo Balbi, residenza storica con affaccio sul Canal Grande, sede ufficiale dei governanti l\u2019ente Regione. <strong>Omettendo<\/strong> i primi step dell\u2019iter intrapreso per l\u2019Autonomia Differenziata, egli risulta persino irriverente verso precise volont\u00e0 politiche (al di l\u00e0 degli esiti poi ottenuti) fatte proprie dagli organi decisionali di cui \u00e8 stato componente, financo parte attiva e propositiva, in perfetta sintonia con la sequenza degli atti adottati e pubblicati nel BUR d\u2019annata.<\/p>\n<p><strong>Per chiarire<\/strong>: le <strong>7<\/strong> materie dell\u2019Autonomia Differenziata deliberate dalla Giunta Galan ter nel <strong>2006 <\/strong>(ottobre), poi aumentate a <strong>13 <\/strong>dal Consiglio regionale nel <strong>2007 <\/strong>(dicembre), sono state decisioni possibili grazie alla legge costituzionale <strong>n. 3 del 2001<\/strong> (ottobre). \u00c8 banale ricordarlo, ma data la smemoratezza imperante, tutti questi documenti si trovano negli archivi digitali e cartacei della Regione del Veneto. Alla stessa stregua \u00e8 facilmente rinvenibile che il Governo Berlusconi quater (2008\u20132011) \u2014 in cui Luca Zaia era ministro \u2014 non ha dato al Veneto le <strong>13<\/strong> materie richieste ai sensi dell\u2019art. 116, comma 3, della Costituzione, <a href=\"https:\/\/www.governo.it\/it\/i-governi-dal-1943-ad-oggi\/xvi-legislatura-dal-29-aprile-2008-al-23-dicembre-2012\/governo-berlusconi\">qui2<\/a> .<\/p>\n<p>\u00c8 davvero successo, anche se i media non ne hanno fatto pubblicit\u00e0 eccessiva. Dice il saggio: <em>\u201cnon far sapere al contadino quanto \u00e8 buono il formaggio con le pere<\/em>\u201d: l\u2019Autonomia Differenziata affossata da chi l\u2019aveva promessa in campagna elettorale (\u201cparoni a casa nostra\u201d). Capita che il rurale privato del \u201cformaggio con le pere\u201d (le <strong>13<\/strong> materie) si agiti, pensi, maturi, non voti \u201ci rossi\u201d, ma dopo vent\u2019anni resti a casa. Proprio cos\u00ec \u00e8 andata a novembre scorso, <a href=\"https:\/\/www.bellunopress.it\/fr\/2025\/11\/25\/il-veneto-rimane-al-centrodestra-ma-perde-consiglieri-il-centrosinistra-aumenta-i-consiglieri-di-enzo-de-biasi\/\">qui3<\/a> \u00a0 Gli atti, i fatti e le mancate decisioni sono prove \u201cprovate\u201d del perch\u00e9, a due decadi dal primo passo verso l\u2019Autonomia Differenziata, il Veneto \u00e8 a bocca asciutta e a stomaco vuoto.<\/p>\n<p>Lo svolgimento del tema Autonomia Differenziata qui districato \u00e8 una contro\u2011narrazione utile a compensare (<em>in proporzione miserrima<\/em>) propaganda e disinformazione <strong>\u2014 a tonnellate ! \u2014<\/strong> finora circolate a livello nazionale, regionale, locale nei quotidiani , nei talk show, nei bar e nei mercati rionali. Tuttavia, si sa ben\u00a0 che \u201c<strong>cosa fatta (o non fatta) capo ha<\/strong>\u201d, ogni azione (attuata o rinunciata) produce un suo effetto, una sua conclusione, non pi\u00f9 modificabile. Il calendario <strong>solare<\/strong> non \u00e8 <strong>retrodatabile<\/strong>, n\u00e9 il ventennio perso \u00e8 <strong>recuperabile<\/strong>.<\/p>\n<p><strong>2001 \u2014 anno di start\u2011up dell\u2019Autonomia Differenziata in Italia promossa dalle \u201c forze illiberali\u201d <\/strong><\/p>\n<p><strong>Il via all\u2019Autonomia Differenziata<\/strong>\u00a0avvenne con la legge costituzionale n. 3\/2001, che ampliava la sfera d\u2019azione delle Regioni ordinarie, stabilendo che -tranne le materie riservate allo Stato e quelle in cui entrambi i soggetti dovevano cooperare- tutto il resto stava nella competenza regionale. Nel contempo la norma aboliva il controllo di legittimit\u00e0 dello Stato sugli atti amministrativi della Regione e, a ricaduta, quello regionale su quelli di Province e Comuni.<\/p>\n<p>Il Governo manteneva (e mantiene) la facolt\u00e0 di opporsi ad una legge regionale se ritenuta lesiva dell\u2019unit\u00e0 nazionale o dei principi della Carta Repubblicana. Di questa chance si avvalse nel <strong>2014 <\/strong>il Governo Renzi (PD) avverso <strong>due<\/strong> leggi venete.<\/p>\n<p>La riforma del tiolo V\u00a0 di\u00a0 <strong>\u201cfederalismo vero\u201d<\/strong>\u00a0 ne ha davvero poco, anche se la lacuna \u00e8 stata colmata dalla informazione e propaganda creative dei media con maggiore o minore fantasia e diligenza a seconda della vicinanza (distanza) da chi l\u2019aveva voluta e votata.<\/p>\n<p>In effetti, la Repubblica Italiana <strong><u>non \u00e8 uno Stato Federale<\/u><\/strong> non ha singoli Stati Indipendenti, Sovrani ed Autonomi che \u2013 <em>in base al patto federativo e fondativo inziale<\/em>&#8211; devolvono alla Confederazione parte dei loro poteri. \u00a0La riforma del 2001 conferma, invece, uno Stato meno centralizzato, rafforza \u00a0il principio\u00a0 di decentramento verso gli enti locali che restano subordinati all\u2019ordinamento nazionale, introduce il principio di sussidiariet\u00e0 verticale, ma non cambia il regime delle Regioni a statuto speciale, quelle di serie A, le altre restano in\u00a0 <strong>serie B<\/strong>, il Veneto ad esempio. Questi concetti sono richiamato nella sentenza della Consulta che ha <strong>cassato<\/strong> nel 2015 le velleit\u00e0 di forte\u00a0 \u201cAutonomia\u201d\u00a0 da parte di Zaia, Lega concordi anche le altre forze politiche presenti in Consiglio Regionale. Cionondimeno, la norma era un\u2019opportunit\u00e0 da sfruttare fino in fondo , <em>cosa che il Centrodestra nazional\/regionale non ha voluto\/saputo realizzare pur governando soprattutto a Venezia ininterrottamente dal 1995 ad oggi, <\/em><a href=\"https:\/\/www.bellunopress.it\/fr\/2025\/08\/13\/luca-zaia-il-presidente-che-per-ben-due-volte-ha-perso-il-treno-che-passa-una-volta-sola-nella-storia\/\">qui4<\/a><\/p>\n<p>\u00c8 del cavalier Berlusconi- Forza Italia sceso in campo nel 1994, l\u2019intuizione geniale di mettere assieme nel governo nazionale un partito a forte vocazione statalista,\u00a0 Alleanza Nazionale con un movimento\u00a0 \u201c secessionista\u201d, la Lega Nord. La formula inedita regge ancor oggi le sorti del Paese, ma &#8211; nello specifico- non arriv\u00f2 ad alcun risultato utile.\u00a0 A rispondere alle motivate richieste di chi lavora e produce,\u00a0 spostando un pi\u00f9 in su il baricentro del potere centralista\u00a0 sono state le <strong>\u201cforze illiberali\u201d (cfr. Berlusconi) <\/strong>\u00a0della Sinistra aggregatasi ai partiti di Centro.\u00a0 Il nuovo assetto istituzionale, per\u00f2,\u00a0 \u00e8 arrivato 31 anni dopo l\u2019istituzione delle Regioni(<strong>1970<\/strong>) e a 51 anni dalla previsione della Magna Carta (<strong>1949<\/strong>). Il triste e amaro epilogo veneto, al di l\u00e0 delle pesanti responsabilit\u00e0 di Zaia, soci di maggioranza e quella minoranza, dimostra che il\u00a0 modello del \u201cregionalismo ordinario\u201d ha dato il \u201cmassimo ottenibile\u201d. E\u2019\u00a0 tempo ed ora per il bene del Paese che s\u2019imbocchi con decisione la strada per arrivare ad uno Stato Federale come gi\u00e0 chiedeva Carlo Cattaneo (1801-1869), <strong>primo federalista<\/strong>, deputato eletto a Milano che non giur\u00f2 mai fedelt\u00e0 al re.<\/p>\n<p><strong>2006\u20132007 \u2014 il \u201cpopolo veneto\u201d in cammino verso la terra promessa: l\u2019A.D. Il promotore \u00e8 stato l\u2019On.le Giancarlo Galan, Presidente del Veneto. <\/strong><\/p>\n<p>Tornando all\u2019iter procedimentale, il\u00a0 Veneto &#8211; <strong>iper autonomista<\/strong> \u2013 attende ben <strong>cinque<\/strong> anni prima di mettersi in cammino. \u00a0Infatti, correva l\u2019anno <strong>2006 <\/strong>quando, con Dgr n. <strong>3255<\/strong> del 24 ottobre 2006 , intitolata \u201c<strong>Avvio<\/strong> <strong>del percorso<\/strong> per il riconoscimento di ulteriori forme e condizioni di autonomia alla Regione del Veneto, ai sensi dell\u2019articolo 116, terzo comma, della Costituzione\u201d, parte l\u2019iter recante una prima proposta per avviare il <strong>negoziato <\/strong>nei settori: rapporti internazionali della Regione, tutela della salute, istruzione, ricerca scientifica e tecnologica, sostegno all\u2019innovazione per i settori produttivi, polizia regionale e locale, tutela e valorizzazione dei beni culturali e ambientali, organizzazione della giustizia di pace, <a href=\"https:\/\/bur.regione.veneto.it\/BurvServices\/Pubblica\/DettaglioDgr.aspx?id=192713\">qui 5<\/a> .\u00a0 Perplessi e sorridenti, ancor oggi, \u00e8 leggere l\u2019atto che annuncia l\u2019impegno del Presidente -del tempo- di presentare tre iniziative di legge: una per delegare il Governo ad intervenire <strong>pro federalismo fiscale<\/strong>; una per riconoscere al Veneto un\u2019Autonomia simile a quella acquisita dalla <strong>Catalogna<\/strong>; una per aggiungere in Costituzione, all\u2019art. 116 comma 1, un\u2019altra Regione Speciale: il <strong>\u201cVeneto\u201d. <\/strong>Proposte non ancora apparse in G.U.<\/p>\n<p>Il <strong>28 dicembre<\/strong> dello stesso anno, con Dgr n. <strong>4167<\/strong>, l\u2019allora <strong>Vice Presidente<\/strong> Luca Zaia rafforz\u00f2 lo staff dei gi\u00e0 numerosi dirigenti regionali sovraintendenti l\u2019 <strong>A.D<\/strong>. con il prof. Lucio Pegoraro, docente di Diritto pubblico comparato presso la Facolt\u00e0 di Giurisprudenza dell\u2019Universit\u00e0 di Bologna, specializzato in attuazione dell\u2019autonomia differenziata delle regioni. Costo della consulenza 12.000 \u20ac .<\/p>\n<p><em>\u201cTutto \u00e8 cominciato\u2026 nel <strong>2014\u201d (cfr. L Zaia), <\/strong>in realt\u00e0 tutto \u00e8 cominciato nel\u00a0 <strong>2006, <\/strong><a href=\"https:\/\/bur.regione.veneto.it\/BurvServices\/Pubblica\/DettaglioDgr.aspx?id=194543\">qui5bis<\/a> .\u00a0 <\/em><\/p>\n<p>L\u2019On.le Giancarlo Galan, <strong>primo promotore dell\u2019Autonomia Differenziata<\/strong> nel biennio 2006\u20132007, una volta cessato da Presidente del Veneto, venne travolto dalla vicenda MOSE: patteggi\u00f2 una pena di 2 anni e 10 mesi, trascorse 78 giorni tra custodia cautelare e detenzione domiciliare e restitu\u00ec 2,5 milioni di euro, a fronte di un indebito arricchimento accertato in oltre 15 milioni. La sentenza comport\u00f2 la sua decadenza da parlamentare nell\u2019aprile 2016. Fosse rimasto \u201cin campo\u201d, avrebbe verosimilmente continuato ad \u201caiutare\u201d il Veneto. Vero \u00e8 che gi\u00e0 l\u2019incipit dell\u2019Autonomia Differenziata fu, come ricorda Luca Zaia, <em><u>\u201ccomplesso e accidentato\u201d.\u00a0\u00a0<\/u><\/em><\/p>\n<p>Per completezza, occorre ricordare che G. Galan (di matrice liberale) venne scelto da Silvio Berlusconi tra i propri dirigenti aziendali. Nel 1994 il fondatore di Forza Italia scese in campo promettendo la <strong>\u201crivoluzione liberale\u201d, chi l\u2019ha vista?<\/strong> L\u2019anno successivo design\u00f2 due suoi dipendenti quali candidati Presidenti al vertice di Veneto e Piemonte: Giancarlo Galan, direttore generale di Publitalia\u2011Fininvest, ed Enzo Chigo, proveniente dallo stesso gruppo. A Roberto Formigoni, D.C. moderata aderente a Comunione e Liberazione, venne offerta l\u2019opportunit\u00e0 di diventare Presidente della Lombardia. Un colpo di mano felice del magnate di Arcore. Tutti e tre iniziarono la loro nuova vita da Presidenti di Regione. Il pi\u00f9 longevo fu Roberto Formigoni, ben quattro volte: nel 2019 \u00e8 stato condannato in via definitiva per corruzione a 5 anni e 10 mesi; tre anni pi\u00f9 del suo collega del Veneto.<\/p>\n<p><strong>Il \u201cnuovo\u201d annunciato nel 1994 si rivel\u00f2, sorprendentemente simile al vecchio che avrebbe dovuto sostituire: la promessa di una rivoluzione liberale si infranse contro la realt\u00e0 dei fatti, politici e giudiziari del fondatore e della dirigenza politica pre-scelta.<\/strong><\/p>\n<p>Il centrosinistra regionale avrebbe potuto fronteggiare il ciclone <strong>Berlusconi\/Galan<\/strong> con l\u2019On.le <strong>Tina Anselmi<\/strong>: staffetta partigiana, primo ministro donna nel <strong>1976<\/strong>, madrina del Servizio Sanitario Nazionale, espressione della pi\u00f9 <em>solida cultura autonomistica della D.C. veneta<\/em>. All\u2019epoca aveva 62 anni, una statura politica nazionale e una popolarit\u00e0 radicata nel territorio che nessun altro leader del centrosinistra n\u00e9 allora n\u00e9 dopo ha \u00a0potuto vantare, <a href=\"https:\/\/www.bellunopress.it\/fr\/2024\/03\/26\/fantastoria-il-veneto-che-poteva-essere-ma-non-si-e-voluto-di-marco-zanetti\/\">qui6<\/a><\/p>\n<p>La scarsa lungimiranza e il prevalere delle ambizioni personali\u00a0 la \u201ccarriera di ciascun leader\u201d, chiusero la strada alla Tina Nazionale, la migliore competitor possibile. Il risultato del 1995 fu un testa a testa: <strong>Centrodestra 38%,<\/strong> <strong>Centrosinistra 36%.<\/strong>\u00a0 Da allora il centrosinistra \u00e8 sceso fino al <strong>16%<\/strong> nel 2020, per poi risalire nel 2025 al <strong>28%<\/strong>, aggregazione dei voti di partiti e cespugli prima <em>\u201csparpagliati<\/em>\u201d, presentatisi <em>\u201cvincolati\u201d<\/em>. Ancora <strong>otto<\/strong> punti sotto quota <strong>1995<\/strong>.<\/p>\n<p>Non stava scolpito nelle tavole di <strong>Mos\u00e8 <\/strong>che il Veneto <strong>\u201cdovesse essere\u201d<\/strong> del <strong>Centrodestra<\/strong>: a quel nefasto esito contribu\u00ec la nomenklatura partitocratica ex DC e PCI, restia a mettere in gara la migliore candidatura. Lor signori preferirono\u00a0 conservare s\u00e9 stessi, piuttosto che pensare e agire <strong>\u201cda collettivo e fare squadra\u201d,<\/strong> come direbbe Bersani.\u00a0 E il risultato, <strong>trent\u2019anni dopo<\/strong>, \u00e8 sotto gli occhi di tutti: il centrosinistra ha gi\u00e0 perso tre volte la stessa partita e oggi non dispone di una strategia alternativa alle destre. Di ci\u00f2 pi\u00f9 avanti.\u201d<\/p>\n<p><strong>2008\u20132011 \u2014 Il Governo Berlusconi IV: quattro ministri leghisti, tredici materie richieste, zero risultati<\/strong><\/p>\n<p>L\u2019atto consiliare del 2007 -la Deliberazione n. 98, pubblicata nel BUR n. 11\/2008- venne preso in carico dal Governo Berlusconi IV, insediatosi nel maggio 2008. Da allora rimase nei cassetti ministeriali fino alla caduta dell\u2019esecutivo l\u201911 novembre 2011, travolto dal rischio di bancarotta del Paese, <a href=\"https:\/\/bur.regione.veneto.it\/BurvServices\/pubblica\/DettaglioDcr.aspx?id=203663\">qui 7.<\/a>\u00a0\u00a0 Eppure, quella compagine includeva il \u201ctop di gamma\u201d leghista: Umberto Bossi ( Federalismo), Roberto Maroni (Interno), Roberto Calderoli (Semplificazione), Luca Zaia (Agricoltura<strong>). \u00a0Mai<\/strong> nella storia della Repubblica, nei precedenti <strong>39 esecutivi<\/strong>, il Veneto aveva avuto un \u201cparterre\u201d cos\u00ec favorevole. <strong>Mai <\/strong>cos\u00ec tanti <em><u>\u201cpadri fondatori dell\u2019autonomia\u201d<\/u><\/em> erano stati contemporaneamente seduti al Governo, a Palazzo Chigi, <a href=\"https:\/\/www.governo.it\/it\/i-governi-dal-1943-ad-oggi\/xvi-legislatura-dal-29-aprile-2008-al-23-dicembre-2012\/governo-berlusconi\">qui8<\/a> .<\/p>\n<p><em>Risultato: <strong>nessuna<\/strong> risposta alle richieste del Veneto. <strong>Nessuna<\/strong> trattativa. <strong>Nessuna<\/strong> intesa.<\/em> <strong>Nessun <\/strong>avanzamento. Il dossier veneto dorm\u00ec per tre anni, indisturbato, in qualche armadio ministeriale. Una prima, sonora bocciatura politica del progetto autonomista, proprio da parte di chi lo rivendicava e lo rivendica come bandiera identitaria.<\/p>\n<p>Nel frattempo, il Governo trov\u00f2 il tempo per istituire nuove Province: <em>Monza e Brianza, Fermo e Barletta\u2011Andria\u2011Trani- B.A.T.<\/em> La sigla <strong>B.A.T<\/strong>. fa scena, sembra uscita da un fumetto. Per far sorridere il lettore, si potrebbe dire che in quegli anni anche il Veneto aveva il suo <strong>\u201cBatman \u201d,<\/strong> sempre pronto a recriminare, rivendicare, giudicare,\u00a0 salvo poi incassare <strong><em>\u201czero tituli<\/em> \u201c<\/strong> ( cfr. Jos\u00e9 Mourinho ex-allenatore dell\u2019Inter).\u00a0 Il \u201cpopol veneto\u201d \u00e8 ancora in attesa di sapere <strong>perch\u00e9 <\/strong>il <strong>centrodestra <\/strong>governante \u00a0sia a Roma che a Venezia, \u00a0non abbia <strong>\u201cportato a casa\u201d<\/strong> una prima tranche di Autonomia Differenziata <strong>\u201ctaylor made\u201d,<\/strong> entrambe locuzioni tanto care a L. Zaia.<\/p>\n<p>Il Veneto aveva chiesto <strong>13 <\/strong>materie a fine dicembre 2007. Il Governo Berlusconi IV aveva quattro ministri leghisti. La matematica direbbe che 4 &gt; 13. La politica ha dimostrato che <strong>4 =<\/strong> <strong>0, zero<\/strong>.\u00a0 E chi oggi parla di <em>\u201ccammino lungo e accidentato<\/em>\u201d dimentica che il primo incidente fu causato proprio da chi guidava il veicolo stando dalla stessa parte \u00a0politica <strong>reclamante<\/strong>.<\/p>\n<p>Una noticina a latere. Nell\u2019ultimo esecutivo berlusconiano, \u00a0era presente Giorgia Meloni allora Ministro, quota A.N., Alleanza Nazionale gemmata dal MSI, Movimento Sociale Italiano guidata per oltre vent\u2019anni da Giorgio Almirante, fascista convinto della Repubblica Sociale Italiana (RSI) di Sal\u00f2 e redattore della rivista <strong>\u201c La difesa della razza\u201d<\/strong> L\u2019allora giovane ministro della giovent\u00f9 ha fatto carriera, oggi \u00e8 sia Presidente del Consiglio dei ministri che Presidente di Fratelli d\u2019Italia con a capo della Segreteria Politica la sorella Arianna Meloni.<\/p>\n<p><strong>Fdi <\/strong>conserva nel proprio simbolo la fiamma tricolore icona del MSI, partito erede della R.S.I con salde radici nella cultura fascista,\u00a0 che nel 1970 vot\u00f2 <strong>contro l\u2019istituzione delle Regioni<\/strong>.<\/p>\n<p>La sentenza n. 118\/2015 della Corte costituzionale chiude definitivamente la stagione dei referendum del 2014. Dei sei quesiti approvati dal Consiglio regionale, cinque vengono dichiarati incostituzionali; l\u2019unico che sopravvive \u00e8 il pi\u00f9 innocuo, il pi\u00f9 generico, il pi\u00f9 inoffensivo: \u201cVuoi che alla Regione del Veneto siano attribuite ulteriori forme e condizioni particolari di autonomia?\u201d. Una domanda talmente vaga da ricordare quella che si rivolge a un bambino: \u201cVuoi tu bene alla mamma?\u201d <a href=\"https:\/\/www.cortecostituzionale.it\/scheda-pronuncia\/2015\/118\">qui9 <\/a>.<\/p>\n<p>Probabilmente gi\u00e0 in sede di redazione della legge regionale n. 15\/2014 questo quesito era stato predisposto come <strong>\u201cvia di fuga\u201d,<\/strong> temendo \u2014 come poi avvenne \u2014 la bocciatura dell\u2019intero pacchetto. La Corte, con un humour quasi britannico, al punto 6.1 della sentenza, recepisce la tesi della difesa regionale definendo il quesito un <strong>\u201csondaggio<\/strong> formalizzato\u201d: altri lo chiameranno <strong>\u201csondaggio popolare<\/strong>\u201d, chi scrive <strong>\u201creferendum farlocco\u201d. <\/strong>Il risultato \u00e8 che il popolo veneto, per <strong>\u201cfarsi un sondaggio<\/strong>\u201d, sbors\u00f2 14 milioni di euro, a carico del bilancio regionale. E a quasi dieci anni di distanza siamo ancora qui, in attesa di vedere qualche effetto concreto. Un capolavoro: <em>un referendum consultivo che consulta, una domanda che domanda, una spesa che spende, e un\u2019autonomia che non arriva<\/em>.<\/p>\n<p>Da qui in avanti, il cammino dell\u2019Autonomia Differenziata diventa una fiaba stonata: il Pifferaio Magico che promette, la Bella Addormentata che attende , il coro muto ( il popolo sovrano di Puccini che accompagna, e un\u2019opposizione che, <strong>dormiente, ossequente, ininfluente<\/strong>.<\/p>\n<p>Il referendum del 2017 &#8211; presentato come <strong>\u201cstorico<\/strong>\u201d \u2014 si riveler\u00e0 un esercizio politico irrilevante per le decisioni dei Governi succedetesi dopo il famoso 22 ottobre, al di l\u00e0 della questua fatta dall\u2019ex-Presidente in Roma. Il patto Bressa\u2013Zaia del 2018, che avrebbe potuto portare a casa nove materie ricche di contenuto e incidenti sul tessuto economico-sociale-ambientale del Veneto, a partire dall\u2019esecutivo dal Governo Giallo-Verde, con massiccia presenza leghista Capitan Salvini Vice-Presidente non se n\u2019\u00e8 dato cura. L\u2019accoppiata di puro conio leghista made in Veneto, Zaia-Stefani, Ministro Affari Regionali: niente di niente.<\/p>\n<p>La Lega, nel frattempo, cambier\u00e0 pelle, priorit\u00e0 e geografia politica. L\u2019accordo Calderoli\u2013Zaia di novembre 2025 consegner\u00e0 al Veneto poche funzioni ancillari rastrellate all\u2019interno di quattro materie No-Lep , senza risorse e senza impatto significativo. Altri dettagli sono <a href=\"https:\/\/www.bellunopress.it\/fr\/2026\/01\/10\/autonomia-laccordo-bidone-calderoli-zaia-la-lega-lascia-a-roma-18-miliardi-di-euro-di-enzo-de-biasi\/\">qui10<\/a><\/p>\n<p>La risoluzione del 22 luglio 2026 \u00e8 una <strong>\u201cpacca sulla spalla\u201d<\/strong> al Governo Meloni affinch\u00e9 si affretti a presentare in Parlamento l\u2019intesa definitiva \u00a0da approvata con legge, \u00a0cos\u00ec ha stabilito la Consulta dopo attento esame della legge \u201cCalderoli\u201d. Nel 2018 firmata la pre-intesa tra le parti interessate Governo\/Regione, si sarebbe potuto procedere con i decreti attuativi, adesso l\u2019iter, la strada fare\u00a0 si \u00e8 prolungato . Come direbbe Luca Zaia il percorso \u00e8 ancora \u201clungo e accidentato\u201d<\/p>\n<p>Il centrodestra ha promesso ci\u00f2 che non ha mai <strong>voluto o saputo<\/strong> realizzare; il centrosinistra ha assistito ci\u00f2 che non ha mai avuto il coraggio di contrastare, tranne l\u2019assenso doveroso per responsabilit\u00e0 istituzionale del 2007. E oggi, dopo vent\u2019anni di annunci, omissioni e occasioni mancate, resta solo la lunga scia del <strong>non fatto<\/strong>.<\/p>\n<p>L\u2019A.D. \u00e8 un treno che non torner\u00e0. Ha per\u00f2 chiarito <strong>una verit\u00e0<\/strong>: il regionalismo di serie B \u00e8 arrivato al capolinea. Il <strong>futuro \u00e8<\/strong> un assetto federale che affronti il vero tema che paralizza l\u2019Italia ed ogni governo: <strong>un debito pubblico da 3.200 miliardi, pari al 140% del PIL. Una montagna che nessuna riforma pu\u00f2 aggirare<\/strong>.<\/p>\n<p>16 agosto 2026\u00a0 Enzo De Biasi<\/p>\n<p>Fonti: \u00a0<a href=\"https:\/\/www.rapportodiritti.it\/liberta-di-espressione-e-di-informazione\">qui1<\/a> \u00a0<a href=\"https:\/\/www.governo.it\/it\/i-governi-dal-1943-ad-oggi\/xvi-legislatura-dal-29-aprile-2008-al-23-dicembre-2012\/governo-berlusconi\">qui2<\/a> . <a href=\"https:\/\/www.bellunopress.it\/fr\/2025\/11\/25\/il-veneto-rimane-al-centrodestra-ma-perde-consiglieri-il-centrosinistra-aumenta-i-consiglieri-di-enzo-de-biasi\/\">qui3<\/a> \u00a0\u00a0\u00a0\u00a0\u00a0\u00a0\u00a0<a href=\"https:\/\/www.bellunopress.it\/fr\/2025\/08\/13\/luca-zaia-il-presidente-che-per-ben-due-volte-ha-perso-il-treno-che-passa-una-volta-sola-nella-storia\/\">qui4<\/a>\u00a0 \u00a0\u00a0\u00a0\u00a0<a href=\"https:\/\/bur.regione.veneto.it\/BurvServices\/Pubblica\/DettaglioDgr.aspx?id=192713\">qui 5<\/a>\u00a0\u00a0 <em><a href=\"https:\/\/bur.regione.veneto.it\/BurvServices\/Pubblica\/DettaglioDgr.aspx?id=194543\">qui5bis<\/a><\/em> \u00a0\u00a0\u00a0\u00a0\u00a0\u00a0\u00a0\u00a0<a href=\"https:\/\/www.bellunopress.it\/fr\/2024\/03\/26\/fantastoria-il-veneto-che-poteva-essere-ma-non-si-e-voluto-di-marco-zanetti\/\">qui6<\/a>\u00a0 <a href=\"https:\/\/bur.regione.veneto.it\/BurvServices\/pubblica\/DettaglioDcr.aspx?id=203663\">qui 7.<\/a>\u00a0\u00a0\u00a0\u00a0\u00a0\u00a0\u00a0 \u00a0\u00a0<a href=\"https:\/\/www.governo.it\/it\/i-governi-dal-1943-ad-oggi\/xvi-legislatura-dal-29-aprile-2008-al-23-dicembre-2012\/governo-berlusconi\">qui8<\/a> \u00a0\u00a0<a href=\"https:\/\/www.cortecostituzionale.it\/scheda-pronuncia\/2015\/118\">qui9 <\/a>\u00a0\u00a0\u00a0\u00a0<a href=\"https:\/\/www.bellunopress.it\/fr\/2026\/01\/10\/autonomia-laccordo-bidone-calderoli-zaia-la-lega-lascia-a-roma-18-miliardi-di-euro-di-enzo-de-biasi\/\">qui10<\/a><\/p>\n<p>&nbsp;<\/p>","protected":false},"excerpt":{"rendered":"<p>Dalla Catalogna mancata al referendum farlocco: anatomia di un ventennio Viviamo in un\u2019epoca in cui la realt\u00e0 non \u00e8 ci\u00f2 che \u00e8: non ci\u00f2 che si vede, si tocca, si sente o si legge stampato sulla Gazzetta Ufficiale (G.U.) o sul Bollettino Ufficiale Regionale (B.U.R.), ma \u00e8 \u201caltro\u201d. La realt\u00e0 \u201cvera\u201d tende ad essere quella [&hellip;]<\/p>\n","protected":false},"author":2,"featured_media":90826,"comment_status":"closed","ping_status":"open","sticky":false,"template":"","format":"standard","meta":{"footnotes":""},"categories":[5,3446,26],"tags":[],"class_list":["post-172682","post","type-post","status-publish","format-standard","has-post-thumbnail","category-cronaca","category-featured","category-prima-pagina"],"yoast_head":"<!-- This site is optimized with the Yoast SEO plugin v28.4 - https:\/\/yoast.com\/product\/yoast-seo-wordpress\/ -->\n<title>Autonomia: vent\u2019anni tra pifferai, belle addormentate e treni persi  * di Enzo De Biasi - Bellunopress - Dolomiti<\/title>\n<meta name=\"robots\" content=\"index, follow, max-snippet:-1, max-image-preview:large, max-video-preview:-1\" \/>\n<link rel=\"canonical\" href=\"https:\/\/www.bellunopress.it\/fr\/2026\/08\/17\/autonomia-ventanni-tra-pifferai-belle-addormentate-e-treni-persi-di-enzo-de-biasi\/\" \/>\n<meta property=\"og:locale\" content=\"fr_FR\" \/>\n<meta property=\"og:type\" content=\"article\" \/>\n<meta property=\"og:title\" content=\"Autonomia: vent\u2019anni tra pifferai, belle addormentate e treni persi  * di Enzo De Biasi - Bellunopress - Dolomiti\" \/>\n<meta property=\"og:description\" content=\"Dalla Catalogna mancata al referendum farlocco: anatomia di un ventennio Viviamo in un\u2019epoca in cui la realt\u00e0 non \u00e8 ci\u00f2 che \u00e8: non ci\u00f2 che si vede, si tocca, si sente o si legge stampato sulla Gazzetta Ufficiale (G.U.) o sul Bollettino Ufficiale Regionale (B.U.R.), ma \u00e8 \u201caltro\u201d. La realt\u00e0 \u201cvera\u201d tende ad essere quella [&hellip;]\" \/>\n<meta property=\"og:url\" content=\"https:\/\/www.bellunopress.it\/fr\/2026\/08\/17\/autonomia-ventanni-tra-pifferai-belle-addormentate-e-treni-persi-di-enzo-de-biasi\/\" \/>\n<meta property=\"og:site_name\" content=\"Bellunopress - Dolomiti\" \/>\n<meta property=\"article:publisher\" content=\"https:\/\/www.facebook.com\/profile.php?id=100008943462799\" \/>\n<meta property=\"article:published_time\" content=\"2026-08-17T04:36:34+00:00\" \/>\n<meta property=\"article:modified_time\" content=\"2026-08-19T08:15:06+00:00\" \/>\n<meta property=\"og:image\" content=\"https:\/\/www.bellunopress.it\/wp-content\/uploads\/2017\/11\/Enzo-De-Biasi-Riscossa-Civica-Veneta.jpg\" \/>\n\t<meta property=\"og:image:width\" content=\"254\" \/>\n\t<meta property=\"og:image:height\" content=\"300\" \/>\n\t<meta property=\"og:image:type\" content=\"image\/jpeg\" \/>\n<meta name=\"author\" content=\"redazione\" \/>\n<meta name=\"twitter:card\" content=\"summary_large_image\" \/>\n<meta name=\"twitter:creator\" content=\"@bellunopress\" \/>\n<meta name=\"twitter:site\" content=\"@bellunopress\" \/>\n<meta name=\"twitter:label1\" content=\"Written by\" \/>\n\t<meta name=\"twitter:data1\" content=\"redazione\" \/>\n\t<meta name=\"twitter:label2\" content=\"Est. reading time\" \/>\n\t<meta name=\"twitter:data2\" content=\"17 minutes\" \/>\n<script type=\"application\/ld+json\" class=\"yoast-schema-graph\">{\"@context\":\"https:\\\/\\\/schema.org\",\"@graph\":[{\"@type\":\"Article\",\"@id\":\"https:\\\/\\\/www.bellunopress.it\\\/2026\\\/08\\\/17\\\/autonomia-ventanni-tra-pifferai-belle-addormentate-e-treni-persi-di-enzo-de-biasi\\\/#article\",\"isPartOf\":{\"@id\":\"https:\\\/\\\/www.bellunopress.it\\\/2026\\\/08\\\/17\\\/autonomia-ventanni-tra-pifferai-belle-addormentate-e-treni-persi-di-enzo-de-biasi\\\/\"},\"author\":{\"name\":\"redazione\",\"@id\":\"https:\\\/\\\/www.bellunopress.it\\\/#\\\/schema\\\/person\\\/79bb06722b37ece1c03d3e94beb30d73\"},\"headline\":\"Autonomia: vent\u2019anni tra pifferai, belle addormentate e treni persi * di Enzo De Biasi\",\"datePublished\":\"2026-08-17T04:36:34+00:00\",\"dateModified\":\"2026-08-19T08:15:06+00:00\",\"mainEntityOfPage\":{\"@id\":\"https:\\\/\\\/www.bellunopress.it\\\/2026\\\/08\\\/17\\\/autonomia-ventanni-tra-pifferai-belle-addormentate-e-treni-persi-di-enzo-de-biasi\\\/\"},\"wordCount\":3083,\"publisher\":{\"@id\":\"https:\\\/\\\/www.bellunopress.it\\\/#organization\"},\"image\":{\"@id\":\"https:\\\/\\\/www.bellunopress.it\\\/2026\\\/08\\\/17\\\/autonomia-ventanni-tra-pifferai-belle-addormentate-e-treni-persi-di-enzo-de-biasi\\\/#primaryimage\"},\"thumbnailUrl\":\"https:\\\/\\\/www.bellunopress.it\\\/wp-content\\\/uploads\\\/2017\\\/11\\\/Enzo-De-Biasi-Riscossa-Civica-Veneta.jpg\",\"articleSection\":[\"Cronaca\\\/Politica\",\"Featured\",\"Prima Pagina\"],\"inLanguage\":\"fr-FR\"},{\"@type\":\"WebPage\",\"@id\":\"https:\\\/\\\/www.bellunopress.it\\\/2026\\\/08\\\/17\\\/autonomia-ventanni-tra-pifferai-belle-addormentate-e-treni-persi-di-enzo-de-biasi\\\/\",\"url\":\"https:\\\/\\\/www.bellunopress.it\\\/2026\\\/08\\\/17\\\/autonomia-ventanni-tra-pifferai-belle-addormentate-e-treni-persi-di-enzo-de-biasi\\\/\",\"name\":\"Autonomia: vent\u2019anni tra pifferai, belle addormentate e treni persi * di Enzo De Biasi - Bellunopress - Dolomiti\",\"isPartOf\":{\"@id\":\"https:\\\/\\\/www.bellunopress.it\\\/#website\"},\"primaryImageOfPage\":{\"@id\":\"https:\\\/\\\/www.bellunopress.it\\\/2026\\\/08\\\/17\\\/autonomia-ventanni-tra-pifferai-belle-addormentate-e-treni-persi-di-enzo-de-biasi\\\/#primaryimage\"},\"image\":{\"@id\":\"https:\\\/\\\/www.bellunopress.it\\\/2026\\\/08\\\/17\\\/autonomia-ventanni-tra-pifferai-belle-addormentate-e-treni-persi-di-enzo-de-biasi\\\/#primaryimage\"},\"thumbnailUrl\":\"https:\\\/\\\/www.bellunopress.it\\\/wp-content\\\/uploads\\\/2017\\\/11\\\/Enzo-De-Biasi-Riscossa-Civica-Veneta.jpg\",\"datePublished\":\"2026-08-17T04:36:34+00:00\",\"dateModified\":\"2026-08-19T08:15:06+00:00\",\"breadcrumb\":{\"@id\":\"https:\\\/\\\/www.bellunopress.it\\\/2026\\\/08\\\/17\\\/autonomia-ventanni-tra-pifferai-belle-addormentate-e-treni-persi-di-enzo-de-biasi\\\/#breadcrumb\"},\"inLanguage\":\"fr-FR\",\"potentialAction\":[{\"@type\":\"ReadAction\",\"target\":[\"https:\\\/\\\/www.bellunopress.it\\\/2026\\\/08\\\/17\\\/autonomia-ventanni-tra-pifferai-belle-addormentate-e-treni-persi-di-enzo-de-biasi\\\/\"]}]},{\"@type\":\"ImageObject\",\"inLanguage\":\"fr-FR\",\"@id\":\"https:\\\/\\\/www.bellunopress.it\\\/2026\\\/08\\\/17\\\/autonomia-ventanni-tra-pifferai-belle-addormentate-e-treni-persi-di-enzo-de-biasi\\\/#primaryimage\",\"url\":\"https:\\\/\\\/www.bellunopress.it\\\/wp-content\\\/uploads\\\/2017\\\/11\\\/Enzo-De-Biasi-Riscossa-Civica-Veneta.jpg\",\"contentUrl\":\"https:\\\/\\\/www.bellunopress.it\\\/wp-content\\\/uploads\\\/2017\\\/11\\\/Enzo-De-Biasi-Riscossa-Civica-Veneta.jpg\",\"width\":254,\"height\":300,\"caption\":\"Dr. Enzo De Biasi\"},{\"@type\":\"BreadcrumbList\",\"@id\":\"https:\\\/\\\/www.bellunopress.it\\\/2026\\\/08\\\/17\\\/autonomia-ventanni-tra-pifferai-belle-addormentate-e-treni-persi-di-enzo-de-biasi\\\/#breadcrumb\",\"itemListElement\":[{\"@type\":\"ListItem\",\"position\":1,\"name\":\"Home\",\"item\":\"https:\\\/\\\/www.bellunopress.it\\\/\"},{\"@type\":\"ListItem\",\"position\":2,\"name\":\"Autonomia: vent\u2019anni tra pifferai, belle addormentate e treni persi * di Enzo De Biasi\"}]},{\"@type\":\"WebSite\",\"@id\":\"https:\\\/\\\/www.bellunopress.it\\\/#website\",\"url\":\"https:\\\/\\\/www.bellunopress.it\\\/\",\"name\":\"Bellunopress - Dolomiti\",\"description\":\"e-mail: redazione@bellunopress.it\",\"publisher\":{\"@id\":\"https:\\\/\\\/www.bellunopress.it\\\/#organization\"},\"potentialAction\":[{\"@type\":\"SearchAction\",\"target\":{\"@type\":\"EntryPoint\",\"urlTemplate\":\"https:\\\/\\\/www.bellunopress.it\\\/?s={search_term_string}\"},\"query-input\":{\"@type\":\"PropertyValueSpecification\",\"valueRequired\":true,\"valueName\":\"search_term_string\"}}],\"inLanguage\":\"fr-FR\"},{\"@type\":\"Organization\",\"@id\":\"https:\\\/\\\/www.bellunopress.it\\\/#organization\",\"name\":\"Bellunopress\",\"url\":\"https:\\\/\\\/www.bellunopress.it\\\/\",\"logo\":{\"@type\":\"ImageObject\",\"inLanguage\":\"fr-FR\",\"@id\":\"https:\\\/\\\/www.bellunopress.it\\\/#\\\/schema\\\/logo\\\/image\\\/\",\"url\":\"https:\\\/\\\/www.bellunopress.it\\\/wp-content\\\/uploads\\\/2011\\\/05\\\/cropped-logo-bellunopress-.jpg\",\"contentUrl\":\"https:\\\/\\\/www.bellunopress.it\\\/wp-content\\\/uploads\\\/2011\\\/05\\\/cropped-logo-bellunopress-.jpg\",\"width\":512,\"height\":512,\"caption\":\"Bellunopress\"},\"image\":{\"@id\":\"https:\\\/\\\/www.bellunopress.it\\\/#\\\/schema\\\/logo\\\/image\\\/\"},\"sameAs\":[\"https:\\\/\\\/www.facebook.com\\\/profile.php?id=100008943462799\",\"https:\\\/\\\/x.com\\\/bellunopress\",\"https:\\\/\\\/www.linkedin.com\\\/hp\\\/?dnr=JBzUWaJfMUw8vbXJJ2tVW5-I3jZKvC4wsoxE&amp;amp;amp;amp;amp;amp;trk=nav_responsive_tab_home\",\"https:\\\/\\\/www.youtube.com\\\/channel\\\/UCxL0wu1uN0_3_7hGG0306cw\"]},{\"@type\":\"Person\",\"@id\":\"https:\\\/\\\/www.bellunopress.it\\\/#\\\/schema\\\/person\\\/79bb06722b37ece1c03d3e94beb30d73\",\"name\":\"redazione\",\"image\":{\"@type\":\"ImageObject\",\"inLanguage\":\"fr-FR\",\"@id\":\"https:\\\/\\\/secure.gravatar.com\\\/avatar\\\/37d968a2e67a6fd04c169c4bdef102d0bc5d31b2546345219e348575eb80e9a0?s=96&d=mm&r=g\",\"url\":\"https:\\\/\\\/secure.gravatar.com\\\/avatar\\\/37d968a2e67a6fd04c169c4bdef102d0bc5d31b2546345219e348575eb80e9a0?s=96&d=mm&r=g\",\"contentUrl\":\"https:\\\/\\\/secure.gravatar.com\\\/avatar\\\/37d968a2e67a6fd04c169c4bdef102d0bc5d31b2546345219e348575eb80e9a0?s=96&d=mm&r=g\",\"caption\":\"redazione\"},\"sameAs\":[\"http:\\\/\\\/www.bellunopress.it\",\"https:\\\/\\\/x.com\\\/bellunopress\"],\"url\":\"https:\\\/\\\/www.bellunopress.it\\\/fr\\\/author\\\/redazione\\\/\"}]}<\/script>\n<!-- \/ Yoast SEO plugin. -->","yoast_head_json":{"title":"Autonomia: vent\u2019anni tra pifferai, belle addormentate e treni persi  * di Enzo De Biasi - Bellunopress - Dolomiti","robots":{"index":"index","follow":"follow","max-snippet":"max-snippet:-1","max-image-preview":"max-image-preview:large","max-video-preview":"max-video-preview:-1"},"canonical":"https:\/\/www.bellunopress.it\/fr\/2026\/08\/17\/autonomia-ventanni-tra-pifferai-belle-addormentate-e-treni-persi-di-enzo-de-biasi\/","og_locale":"fr_FR","og_type":"article","og_title":"Autonomia: vent\u2019anni tra pifferai, belle addormentate e treni persi  * di Enzo De Biasi - Bellunopress - Dolomiti","og_description":"Dalla Catalogna mancata al referendum farlocco: anatomia di un ventennio Viviamo in un\u2019epoca in cui la realt\u00e0 non \u00e8 ci\u00f2 che \u00e8: non ci\u00f2 che si vede, si tocca, si sente o si legge stampato sulla Gazzetta Ufficiale (G.U.) o sul Bollettino Ufficiale Regionale (B.U.R.), ma \u00e8 \u201caltro\u201d. La realt\u00e0 \u201cvera\u201d tende ad essere quella [&hellip;]","og_url":"https:\/\/www.bellunopress.it\/fr\/2026\/08\/17\/autonomia-ventanni-tra-pifferai-belle-addormentate-e-treni-persi-di-enzo-de-biasi\/","og_site_name":"Bellunopress - Dolomiti","article_publisher":"https:\/\/www.facebook.com\/profile.php?id=100008943462799","article_published_time":"2026-08-17T04:36:34+00:00","article_modified_time":"2026-08-19T08:15:06+00:00","og_image":[{"width":254,"height":300,"url":"https:\/\/www.bellunopress.it\/wp-content\/uploads\/2017\/11\/Enzo-De-Biasi-Riscossa-Civica-Veneta.jpg","type":"image\/jpeg"}],"author":"redazione","twitter_card":"summary_large_image","twitter_creator":"@bellunopress","twitter_site":"@bellunopress","twitter_misc":{"Written by":"redazione","Est. reading time":"17 minutes"},"schema":{"@context":"https:\/\/schema.org","@graph":[{"@type":"Article","@id":"https:\/\/www.bellunopress.it\/2026\/08\/17\/autonomia-ventanni-tra-pifferai-belle-addormentate-e-treni-persi-di-enzo-de-biasi\/#article","isPartOf":{"@id":"https:\/\/www.bellunopress.it\/2026\/08\/17\/autonomia-ventanni-tra-pifferai-belle-addormentate-e-treni-persi-di-enzo-de-biasi\/"},"author":{"name":"redazione","@id":"https:\/\/www.bellunopress.it\/#\/schema\/person\/79bb06722b37ece1c03d3e94beb30d73"},"headline":"Autonomia: vent\u2019anni tra pifferai, belle addormentate e treni persi * di Enzo De Biasi","datePublished":"2026-08-17T04:36:34+00:00","dateModified":"2026-08-19T08:15:06+00:00","mainEntityOfPage":{"@id":"https:\/\/www.bellunopress.it\/2026\/08\/17\/autonomia-ventanni-tra-pifferai-belle-addormentate-e-treni-persi-di-enzo-de-biasi\/"},"wordCount":3083,"publisher":{"@id":"https:\/\/www.bellunopress.it\/#organization"},"image":{"@id":"https:\/\/www.bellunopress.it\/2026\/08\/17\/autonomia-ventanni-tra-pifferai-belle-addormentate-e-treni-persi-di-enzo-de-biasi\/#primaryimage"},"thumbnailUrl":"https:\/\/www.bellunopress.it\/wp-content\/uploads\/2017\/11\/Enzo-De-Biasi-Riscossa-Civica-Veneta.jpg","articleSection":["Cronaca\/Politica","Featured","Prima Pagina"],"inLanguage":"fr-FR"},{"@type":"WebPage","@id":"https:\/\/www.bellunopress.it\/2026\/08\/17\/autonomia-ventanni-tra-pifferai-belle-addormentate-e-treni-persi-di-enzo-de-biasi\/","url":"https:\/\/www.bellunopress.it\/2026\/08\/17\/autonomia-ventanni-tra-pifferai-belle-addormentate-e-treni-persi-di-enzo-de-biasi\/","name":"Autonomia: vent\u2019anni tra pifferai, belle addormentate e treni persi * di Enzo De Biasi - Bellunopress - Dolomiti","isPartOf":{"@id":"https:\/\/www.bellunopress.it\/#website"},"primaryImageOfPage":{"@id":"https:\/\/www.bellunopress.it\/2026\/08\/17\/autonomia-ventanni-tra-pifferai-belle-addormentate-e-treni-persi-di-enzo-de-biasi\/#primaryimage"},"image":{"@id":"https:\/\/www.bellunopress.it\/2026\/08\/17\/autonomia-ventanni-tra-pifferai-belle-addormentate-e-treni-persi-di-enzo-de-biasi\/#primaryimage"},"thumbnailUrl":"https:\/\/www.bellunopress.it\/wp-content\/uploads\/2017\/11\/Enzo-De-Biasi-Riscossa-Civica-Veneta.jpg","datePublished":"2026-08-17T04:36:34+00:00","dateModified":"2026-08-19T08:15:06+00:00","breadcrumb":{"@id":"https:\/\/www.bellunopress.it\/2026\/08\/17\/autonomia-ventanni-tra-pifferai-belle-addormentate-e-treni-persi-di-enzo-de-biasi\/#breadcrumb"},"inLanguage":"fr-FR","potentialAction":[{"@type":"ReadAction","target":["https:\/\/www.bellunopress.it\/2026\/08\/17\/autonomia-ventanni-tra-pifferai-belle-addormentate-e-treni-persi-di-enzo-de-biasi\/"]}]},{"@type":"ImageObject","inLanguage":"fr-FR","@id":"https:\/\/www.bellunopress.it\/2026\/08\/17\/autonomia-ventanni-tra-pifferai-belle-addormentate-e-treni-persi-di-enzo-de-biasi\/#primaryimage","url":"https:\/\/www.bellunopress.it\/wp-content\/uploads\/2017\/11\/Enzo-De-Biasi-Riscossa-Civica-Veneta.jpg","contentUrl":"https:\/\/www.bellunopress.it\/wp-content\/uploads\/2017\/11\/Enzo-De-Biasi-Riscossa-Civica-Veneta.jpg","width":254,"height":300,"caption":"Dr. Enzo De Biasi"},{"@type":"BreadcrumbList","@id":"https:\/\/www.bellunopress.it\/2026\/08\/17\/autonomia-ventanni-tra-pifferai-belle-addormentate-e-treni-persi-di-enzo-de-biasi\/#breadcrumb","itemListElement":[{"@type":"ListItem","position":1,"name":"Home","item":"https:\/\/www.bellunopress.it\/"},{"@type":"ListItem","position":2,"name":"Autonomia: vent\u2019anni tra pifferai, belle addormentate e treni persi * di Enzo De Biasi"}]},{"@type":"WebSite","@id":"https:\/\/www.bellunopress.it\/#website","url":"https:\/\/www.bellunopress.it\/","name":"Bellunopress - Dolomiti","description":"e-mail: redazione@bellunopress.it","publisher":{"@id":"https:\/\/www.bellunopress.it\/#organization"},"potentialAction":[{"@type":"SearchAction","target":{"@type":"EntryPoint","urlTemplate":"https:\/\/www.bellunopress.it\/?s={search_term_string}"},"query-input":{"@type":"PropertyValueSpecification","valueRequired":true,"valueName":"search_term_string"}}],"inLanguage":"fr-FR"},{"@type":"Organization","@id":"https:\/\/www.bellunopress.it\/#organization","name":"Bellunopress","url":"https:\/\/www.bellunopress.it\/","logo":{"@type":"ImageObject","inLanguage":"fr-FR","@id":"https:\/\/www.bellunopress.it\/#\/schema\/logo\/image\/","url":"https:\/\/www.bellunopress.it\/wp-content\/uploads\/2011\/05\/cropped-logo-bellunopress-.jpg","contentUrl":"https:\/\/www.bellunopress.it\/wp-content\/uploads\/2011\/05\/cropped-logo-bellunopress-.jpg","width":512,"height":512,"caption":"Bellunopress"},"image":{"@id":"https:\/\/www.bellunopress.it\/#\/schema\/logo\/image\/"},"sameAs":["https:\/\/www.facebook.com\/profile.php?id=100008943462799","https:\/\/x.com\/bellunopress","https:\/\/www.linkedin.com\/hp\/?dnr=JBzUWaJfMUw8vbXJJ2tVW5-I3jZKvC4wsoxE&amp;amp;amp;amp;amp;amp;trk=nav_responsive_tab_home","https:\/\/www.youtube.com\/channel\/UCxL0wu1uN0_3_7hGG0306cw"]},{"@type":"Person","@id":"https:\/\/www.bellunopress.it\/#\/schema\/person\/79bb06722b37ece1c03d3e94beb30d73","name":"r\u00e9daction","image":{"@type":"ImageObject","inLanguage":"fr-FR","@id":"https:\/\/secure.gravatar.com\/avatar\/37d968a2e67a6fd04c169c4bdef102d0bc5d31b2546345219e348575eb80e9a0?s=96&d=mm&r=g","url":"https:\/\/secure.gravatar.com\/avatar\/37d968a2e67a6fd04c169c4bdef102d0bc5d31b2546345219e348575eb80e9a0?s=96&d=mm&r=g","contentUrl":"https:\/\/secure.gravatar.com\/avatar\/37d968a2e67a6fd04c169c4bdef102d0bc5d31b2546345219e348575eb80e9a0?s=96&d=mm&r=g","caption":"redazione"},"sameAs":["http:\/\/www.bellunopress.it","https:\/\/x.com\/bellunopress"],"url":"https:\/\/www.bellunopress.it\/fr\/author\/redazione\/"}]}},"_links":{"self":[{"href":"https:\/\/www.bellunopress.it\/fr\/wp-json\/wp\/v2\/posts\/172682","targetHints":{"allow":["GET"]}}],"collection":[{"href":"https:\/\/www.bellunopress.it\/fr\/wp-json\/wp\/v2\/posts"}],"about":[{"href":"https:\/\/www.bellunopress.it\/fr\/wp-json\/wp\/v2\/types\/post"}],"author":[{"embeddable":true,"href":"https:\/\/www.bellunopress.it\/fr\/wp-json\/wp\/v2\/users\/2"}],"replies":[{"embeddable":true,"href":"https:\/\/www.bellunopress.it\/fr\/wp-json\/wp\/v2\/comments?post=172682"}],"version-history":[{"count":4,"href":"https:\/\/www.bellunopress.it\/fr\/wp-json\/wp\/v2\/posts\/172682\/revisions"}],"predecessor-version":[{"id":172742,"href":"https:\/\/www.bellunopress.it\/fr\/wp-json\/wp\/v2\/posts\/172682\/revisions\/172742"}],"wp:featuredmedia":[{"embeddable":true,"href":"https:\/\/www.bellunopress.it\/fr\/wp-json\/wp\/v2\/media\/90826"}],"wp:attachment":[{"href":"https:\/\/www.bellunopress.it\/fr\/wp-json\/wp\/v2\/media?parent=172682"}],"wp:term":[{"taxonomy":"category","embeddable":true,"href":"https:\/\/www.bellunopress.it\/fr\/wp-json\/wp\/v2\/categories?post=172682"},{"taxonomy":"post_tag","embeddable":true,"href":"https:\/\/www.bellunopress.it\/fr\/wp-json\/wp\/v2\/tags?post=172682"}],"curies":[{"name":"wp","href":"https:\/\/api.w.org\/{rel}","templated":true}]}}