{"id":172670,"date":"2026-08-16T12:20:36","date_gmt":"2026-08-16T10:20:36","guid":{"rendered":"https:\/\/www.bellunopress.it\/?p=172670"},"modified":"2026-08-16T20:16:35","modified_gmt":"2026-08-16T18:16:35","slug":"ricerca-in-corso-sugli-spalti-di-toro","status":"publish","type":"post","link":"https:\/\/www.bellunopress.it\/fr\/2026\/08\/16\/ricerca-in-corso-sugli-spalti-di-toro\/","title":{"rendered":"Ritrovato senza vita l&#8217;escursionista disperso. Alpinisti colpiti da un fulmine. Altri interventi"},"content":{"rendered":"<p>Pieve di Cadore (BL), 16 &#8211; 08 &#8211; 2026 &#8211; \u00c8 stato purtroppo ritrovato senza vita L.D.S., il 79enne di Domegge di Cadore non rientrato ieri da un&#8217;uscita in montagna.<\/p>\n<p>Poco prima delle 13, durante uno dei sorvoli, l&#8217;elicottero dei Vigili del fuoco con a bordo due tecnici del Soccorso alpino del Centro Cadore ha individuato il corpo senza vita. Nel rientrare dal Bivacco Gervasutti sul sentiero alto in cresta, l&#8217;uomo deve essere scivolato nei pressi della Cima del Ciadin degli Elmi, sugli Spalti di Toro, cadendo per una quarantina metri e finendo bloccato in una fessura della roccia.<\/p>\n<p>Ottenuto il nulla osta per la rimozione, la salma \u00e8 stata recuperata e trasportata al Campo sportivo di Domegge, per essere affidata al carro funebre. Alla ricerca hanno preso parte oltre 50 persone del Soccorso alpino della zona del Cadore e del Friuli, Guardia di finanza, Vigili del fuoco e Carabinieri forestali.<\/p>\n<p style=\"text-align: center;\">**************<\/p>\n<p>Domegge di Cadore (BL), 16 &#8211; 08 &#8211; 2026\u00a0 \u00a0 \u00a0Sono in corso da ieri sera le ricerche di un ottantenne di Domegge di Cadore (BL) non rientrato da un giro in montagna.<\/p>\n<p>Abile camminatore e conoscitore del territorio, l&#8217;uomo \u00e8 uscito ieri in mattinata, quando a sera non si \u00e8 ripresentato, il fratello ha lanciato l&#8217;allarme attorno alle 22 ed \u00e8 stato chiesto l&#8217;intervento del Soccorso alpino del Centro Cadore. La sua macchina \u00e8 stata rinvenuta parcheggiata sotto il Rifugio Padova e nella notte sono stati perlustrati i sentieri principali attorno alla struttura. Al momento oltre cinquanta persone si stanno muovendo in tutta l&#8217;area.<\/p>\n<p>\u00c8 stata chiesta la collaborazione delle Stazioni limitrofe del Soccorso alpino di Pieve di Cadore e Auronzo, sono presenti i Vigili del fuoco, i Carabinieri forestali e il Soccorso alpino della Guardia di finanza, operative unit\u00e0 cinofile e droni. Stanno volando gli elicotteri della Guardia di finanza, dei Vigili del fuoco e dell&#8217;Air service center, convenzionato con il Soccorso alpino Dolomiti Bellunesi, questi ultimi due anche per il trasporto in quota delle squadre, distribuite sui sentieri primari e sulle tracce secondarie.<\/p>\n<p>Una squadra ha rintracciato da poco la firma dell&#8217;uomo, risalente a ieri e riconosciuta dai familiari, sul libro del Bivacco Gervasutti a Forcella Spe, al confine tra il Cadore e il Friuli. La ricerca si sta concentrando quindi in quella zona &#8211; dove peraltro arrivava il tracciato dismesso del sentiero alpinistico Arturo Marini &#8211; ed \u00e8 stato richiesto il supporto del Soccorso alpino friulano. Il cellulare dell&#8217;uomo risulta non raggiungibile.<\/p>\n<p>_______________________________________________________________________________________________<\/p>\n<p>Belluno, 16 &#8211; 08 &#8211; 2026 Falco 2 \u00e8 intervenuto sopra il Bivacco Brunner per un escursionista in difficolt\u00e0, impaurito dalla situazione in cui si era venuto a trovare da solo. Salito partendo da San Martino di Castrozza, un 25enne di Firenze era infatti arrivato in alta Val Strut a 2.600 metri di quota. Complice la stanchezza e il freddo, il ragazzo \u00e8 stato colto da paura e ha chiesto aiuto. Individuato il punto in cui si trovava, l&#8217;elicottero ha calato il tecnico di elisoccorso che, appurate le condizioni del giovane, lo ha issato a bordo con 15 metri di verricello. L&#8217;escursionista \u00e8 stato lasciato in piazzola a Falcade, dove era presente una squadra del Soccorso alpino della Val Biois.<br \/>\nVerso le 15.30 \u00e8 stato invece allertato il Soccorso alpino di Alleghe &#8211; Val Fiorentina, che \u00e8 intervenuto lungo la strada bianca che collega Col dei Baldi a Malga Vescov\u00e0. Arrivata assieme a familiari e amici 500 metri a monte della malga, una 49enne di Pordenone era scivolata sopra un sasso, riportando la probabile frattura di una caviglia. Essendo sia lei che il marito dottori hanno provveduto a medicare il piede, poi immobilizzato con gli opportuni presidi sanitari dai soccorritori sopraggiunti in fuoristrada. L&#8217;infortunata \u00e8 stata quindi accompagnata, col marito e il figlio, fino all&#8217;intersezione con la strada di Passo Staulanza e affidata all&#8217;ambulanza di Zoldo, diretta all&#8217;ospedale di Agordo.<\/p>\n<p><strong>Alpinisti colpiti da un fulmine sulla Ra Gusela<\/strong><\/p>\n<p>Cortina d&#8217;Ampezzo (BL), 16 &#8211; 08 &#8211; 2026\u00a0 \u00a0 Due cordate di rocciatori polacchi in difficolt\u00e0 per il maltempo sulla Ra Gusela, una colpita da un fulmine in parete. Attorno alle 16.20 la Centrale del Suem \u00e8 stata contattata da due cordate di alpinisti, una formata da due persone che si trovavano in cima alla Ra Gusela impossibilitate a muoversi, l&#8217;altra bloccata in parete sull&#8217;ultimo tiro della Via Mamma e pap\u00e0, con un uomo e, soprattutto una donna, feriti in seguito alla caduta di un fulmine. Entrambe le cordate sono state recuperate dall&#8217;equipaggio dell&#8217;Aiut Alpin Dolomites di Bolzano: i due infortunati sono stati trasportati all&#8217;ospedale di Bolzano, i due illesi sono stati lasciati al Passo Giau.<\/p>\n<p><strong>Recuperati due escursionisti sulla Tofana di Mezzo<\/strong><\/p>\n<p>Cortina d&#8217;Ampezzo (BL), 16 &#8211; 08 &#8211; 2026\u00a0 \u00a0 \u00a0L&#8217;elicottero del Suem di Pieve di Cadore \u00e8 riuscito ad approfittare di una pausa nel maltempo e a recuperare due escursionisti della Repubblica Ceca, rimasti bloccati sulle creste sopra Forcella del Vallon, sullaTofana di Mezzo. I due, dopo aver completato la Ferrata di Punta Anna e la Olivieri, arrivati a 3.200 metri di altitudine, si trovavano ancora a diverse centinaia di metri dall&#8217;arrivo della cabinovia della Tofana, quando erano stati investiti da una tempesta di grandine e avevano chiesto aiuto verso le 16.30. Poich\u00e9 le operazioni di avvicinamento erano impedite dalla perturbazione in corso, non appena si \u00e8 aperto un varco nelle nuvole, \u00e8 decollato Falco 2 che li ha raggiunti, imbarcati e trasportati al Rifugio Dibona.<\/p>","protected":false},"excerpt":{"rendered":"<p>Pieve di Cadore (BL), 16 &#8211; 08 &#8211; 2026 &#8211; \u00c8 stato purtroppo ritrovato senza vita L.D.S., il 79enne di Domegge di Cadore non rientrato ieri da un&#8217;uscita in montagna. Poco prima delle 13, durante uno dei sorvoli, l&#8217;elicottero dei Vigili del fuoco con a bordo due tecnici del Soccorso alpino del Centro Cadore ha [&hellip;]<\/p>\n","protected":false},"author":2,"featured_media":119120,"comment_status":"closed","ping_status":"open","sticky":false,"template":"","format":"standard","meta":{"footnotes":""},"categories":[5],"tags":[],"class_list":["post-172670","post","type-post","status-publish","format-standard","has-post-thumbnail","category-cronaca"],"yoast_head":"<!-- This site is optimized with the Yoast SEO plugin v28.4 - https:\/\/yoast.com\/product\/yoast-seo-wordpress\/ -->\n<title>Ritrovato senza vita l&#039;escursionista disperso. Alpinisti colpiti da un fulmine. Altri interventi - Bellunopress - Dolomiti<\/title>\n<meta name=\"robots\" content=\"index, follow, max-snippet:-1, max-image-preview:large, max-video-preview:-1\" \/>\n<link rel=\"canonical\" href=\"https:\/\/www.bellunopress.it\/fr\/2026\/08\/16\/ricerca-in-corso-sugli-spalti-di-toro\/\" \/>\n<meta property=\"og:locale\" content=\"fr_FR\" \/>\n<meta property=\"og:type\" content=\"article\" \/>\n<meta property=\"og:title\" content=\"Ritrovato senza vita l&#039;escursionista disperso. Alpinisti colpiti da un fulmine. Altri interventi - Bellunopress - Dolomiti\" \/>\n<meta property=\"og:description\" content=\"Pieve di Cadore (BL), 16 &#8211; 08 &#8211; 2026 &#8211; \u00c8 stato purtroppo ritrovato senza vita L.D.S., il 79enne di Domegge di Cadore non rientrato ieri da un&#8217;uscita in montagna. Poco prima delle 13, durante uno dei sorvoli, l&#8217;elicottero dei Vigili del fuoco con a bordo due tecnici del Soccorso alpino del Centro Cadore ha [&hellip;]\" \/>\n<meta property=\"og:url\" content=\"https:\/\/www.bellunopress.it\/fr\/2026\/08\/16\/ricerca-in-corso-sugli-spalti-di-toro\/\" \/>\n<meta property=\"og:site_name\" content=\"Bellunopress - Dolomiti\" \/>\n<meta property=\"article:publisher\" content=\"https:\/\/www.facebook.com\/profile.php?id=100008943462799\" \/>\n<meta property=\"article:published_time\" content=\"2026-08-16T10:20:36+00:00\" \/>\n<meta property=\"article:modified_time\" content=\"2026-08-16T18:16:35+00:00\" \/>\n<meta property=\"og:image\" content=\"https:\/\/www.bellunopress.it\/wp-content\/uploads\/2020\/11\/cnsas-corpo-nazionale-soccorso-alpino-e-speleologico_edited.jpg\" \/>\n\t<meta property=\"og:image:width\" content=\"790\" \/>\n\t<meta property=\"og:image:height\" content=\"423\" \/>\n\t<meta property=\"og:image:type\" content=\"image\/jpeg\" \/>\n<meta name=\"author\" content=\"redazione\" \/>\n<meta name=\"twitter:card\" content=\"summary_large_image\" \/>\n<meta name=\"twitter:creator\" content=\"@bellunopress\" \/>\n<meta name=\"twitter:site\" content=\"@bellunopress\" \/>\n<meta name=\"twitter:label1\" content=\"\u00c9crit par\" \/>\n\t<meta name=\"twitter:data1\" content=\"redazione\" \/>\n\t<meta name=\"twitter:label2\" content=\"Dur\u00e9e de lecture estim\u00e9e\" \/>\n\t<meta name=\"twitter:data2\" content=\"5 minutes\" \/>\n<script type=\"application\/ld+json\" class=\"yoast-schema-graph\">{\"@context\":\"https:\\\/\\\/schema.org\",\"@graph\":[{\"@type\":\"Article\",\"@id\":\"https:\\\/\\\/www.bellunopress.it\\\/2026\\\/08\\\/16\\\/ricerca-in-corso-sugli-spalti-di-toro\\\/#article\",\"isPartOf\":{\"@id\":\"https:\\\/\\\/www.bellunopress.it\\\/2026\\\/08\\\/16\\\/ricerca-in-corso-sugli-spalti-di-toro\\\/\"},\"author\":{\"name\":\"redazione\",\"@id\":\"https:\\\/\\\/www.bellunopress.it\\\/#\\\/schema\\\/person\\\/79bb06722b37ece1c03d3e94beb30d73\"},\"headline\":\"Ritrovato senza vita l&#8217;escursionista disperso. Alpinisti colpiti da un fulmine. Altri interventi\",\"datePublished\":\"2026-08-16T10:20:36+00:00\",\"dateModified\":\"2026-08-16T18:16:35+00:00\",\"mainEntityOfPage\":{\"@id\":\"https:\\\/\\\/www.bellunopress.it\\\/2026\\\/08\\\/16\\\/ricerca-in-corso-sugli-spalti-di-toro\\\/\"},\"wordCount\":886,\"publisher\":{\"@id\":\"https:\\\/\\\/www.bellunopress.it\\\/#organization\"},\"image\":{\"@id\":\"https:\\\/\\\/www.bellunopress.it\\\/2026\\\/08\\\/16\\\/ricerca-in-corso-sugli-spalti-di-toro\\\/#primaryimage\"},\"thumbnailUrl\":\"https:\\\/\\\/www.bellunopress.it\\\/wp-content\\\/uploads\\\/2020\\\/11\\\/cnsas-corpo-nazionale-soccorso-alpino-e-speleologico_edited.jpg\",\"articleSection\":[\"Cronaca\\\/Politica\"],\"inLanguage\":\"fr-FR\"},{\"@type\":\"WebPage\",\"@id\":\"https:\\\/\\\/www.bellunopress.it\\\/2026\\\/08\\\/16\\\/ricerca-in-corso-sugli-spalti-di-toro\\\/\",\"url\":\"https:\\\/\\\/www.bellunopress.it\\\/2026\\\/08\\\/16\\\/ricerca-in-corso-sugli-spalti-di-toro\\\/\",\"name\":\"Ritrovato senza vita l'escursionista disperso. Alpinisti colpiti da un fulmine. Altri interventi - Bellunopress - Dolomiti\",\"isPartOf\":{\"@id\":\"https:\\\/\\\/www.bellunopress.it\\\/#website\"},\"primaryImageOfPage\":{\"@id\":\"https:\\\/\\\/www.bellunopress.it\\\/2026\\\/08\\\/16\\\/ricerca-in-corso-sugli-spalti-di-toro\\\/#primaryimage\"},\"image\":{\"@id\":\"https:\\\/\\\/www.bellunopress.it\\\/2026\\\/08\\\/16\\\/ricerca-in-corso-sugli-spalti-di-toro\\\/#primaryimage\"},\"thumbnailUrl\":\"https:\\\/\\\/www.bellunopress.it\\\/wp-content\\\/uploads\\\/2020\\\/11\\\/cnsas-corpo-nazionale-soccorso-alpino-e-speleologico_edited.jpg\",\"datePublished\":\"2026-08-16T10:20:36+00:00\",\"dateModified\":\"2026-08-16T18:16:35+00:00\",\"breadcrumb\":{\"@id\":\"https:\\\/\\\/www.bellunopress.it\\\/2026\\\/08\\\/16\\\/ricerca-in-corso-sugli-spalti-di-toro\\\/#breadcrumb\"},\"inLanguage\":\"fr-FR\",\"potentialAction\":[{\"@type\":\"ReadAction\",\"target\":[\"https:\\\/\\\/www.bellunopress.it\\\/2026\\\/08\\\/16\\\/ricerca-in-corso-sugli-spalti-di-toro\\\/\"]}]},{\"@type\":\"ImageObject\",\"inLanguage\":\"fr-FR\",\"@id\":\"https:\\\/\\\/www.bellunopress.it\\\/2026\\\/08\\\/16\\\/ricerca-in-corso-sugli-spalti-di-toro\\\/#primaryimage\",\"url\":\"https:\\\/\\\/www.bellunopress.it\\\/wp-content\\\/uploads\\\/2020\\\/11\\\/cnsas-corpo-nazionale-soccorso-alpino-e-speleologico_edited.jpg\",\"contentUrl\":\"https:\\\/\\\/www.bellunopress.it\\\/wp-content\\\/uploads\\\/2020\\\/11\\\/cnsas-corpo-nazionale-soccorso-alpino-e-speleologico_edited.jpg\",\"width\":790,\"height\":423,\"caption\":\"Soccorso 118\"},{\"@type\":\"BreadcrumbList\",\"@id\":\"https:\\\/\\\/www.bellunopress.it\\\/2026\\\/08\\\/16\\\/ricerca-in-corso-sugli-spalti-di-toro\\\/#breadcrumb\",\"itemListElement\":[{\"@type\":\"ListItem\",\"position\":1,\"name\":\"Home\",\"item\":\"https:\\\/\\\/www.bellunopress.it\\\/\"},{\"@type\":\"ListItem\",\"position\":2,\"name\":\"Ritrovato senza vita l&#8217;escursionista disperso. Alpinisti colpiti da un fulmine. Altri interventi\"}]},{\"@type\":\"WebSite\",\"@id\":\"https:\\\/\\\/www.bellunopress.it\\\/#website\",\"url\":\"https:\\\/\\\/www.bellunopress.it\\\/\",\"name\":\"Bellunopress - Dolomiti\",\"description\":\"e-mail: redazione@bellunopress.it\",\"publisher\":{\"@id\":\"https:\\\/\\\/www.bellunopress.it\\\/#organization\"},\"potentialAction\":[{\"@type\":\"SearchAction\",\"target\":{\"@type\":\"EntryPoint\",\"urlTemplate\":\"https:\\\/\\\/www.bellunopress.it\\\/?s={search_term_string}\"},\"query-input\":{\"@type\":\"PropertyValueSpecification\",\"valueRequired\":true,\"valueName\":\"search_term_string\"}}],\"inLanguage\":\"fr-FR\"},{\"@type\":\"Organization\",\"@id\":\"https:\\\/\\\/www.bellunopress.it\\\/#organization\",\"name\":\"Bellunopress\",\"url\":\"https:\\\/\\\/www.bellunopress.it\\\/\",\"logo\":{\"@type\":\"ImageObject\",\"inLanguage\":\"fr-FR\",\"@id\":\"https:\\\/\\\/www.bellunopress.it\\\/#\\\/schema\\\/logo\\\/image\\\/\",\"url\":\"https:\\\/\\\/www.bellunopress.it\\\/wp-content\\\/uploads\\\/2011\\\/05\\\/cropped-logo-bellunopress-.jpg\",\"contentUrl\":\"https:\\\/\\\/www.bellunopress.it\\\/wp-content\\\/uploads\\\/2011\\\/05\\\/cropped-logo-bellunopress-.jpg\",\"width\":512,\"height\":512,\"caption\":\"Bellunopress\"},\"image\":{\"@id\":\"https:\\\/\\\/www.bellunopress.it\\\/#\\\/schema\\\/logo\\\/image\\\/\"},\"sameAs\":[\"https:\\\/\\\/www.facebook.com\\\/profile.php?id=100008943462799\",\"https:\\\/\\\/x.com\\\/bellunopress\",\"https:\\\/\\\/www.linkedin.com\\\/hp\\\/?dnr=JBzUWaJfMUw8vbXJJ2tVW5-I3jZKvC4wsoxE&amp;amp;amp;amp;amp;amp;trk=nav_responsive_tab_home\",\"https:\\\/\\\/www.youtube.com\\\/channel\\\/UCxL0wu1uN0_3_7hGG0306cw\"]},{\"@type\":\"Person\",\"@id\":\"https:\\\/\\\/www.bellunopress.it\\\/#\\\/schema\\\/person\\\/79bb06722b37ece1c03d3e94beb30d73\",\"name\":\"redazione\",\"image\":{\"@type\":\"ImageObject\",\"inLanguage\":\"fr-FR\",\"@id\":\"https:\\\/\\\/secure.gravatar.com\\\/avatar\\\/37d968a2e67a6fd04c169c4bdef102d0bc5d31b2546345219e348575eb80e9a0?s=96&d=mm&r=g\",\"url\":\"https:\\\/\\\/secure.gravatar.com\\\/avatar\\\/37d968a2e67a6fd04c169c4bdef102d0bc5d31b2546345219e348575eb80e9a0?s=96&d=mm&r=g\",\"contentUrl\":\"https:\\\/\\\/secure.gravatar.com\\\/avatar\\\/37d968a2e67a6fd04c169c4bdef102d0bc5d31b2546345219e348575eb80e9a0?s=96&d=mm&r=g\",\"caption\":\"redazione\"},\"sameAs\":[\"http:\\\/\\\/www.bellunopress.it\",\"https:\\\/\\\/x.com\\\/bellunopress\"],\"url\":\"https:\\\/\\\/www.bellunopress.it\\\/fr\\\/author\\\/redazione\\\/\"}]}<\/script>\n<!-- \/ Yoast SEO plugin. -->","yoast_head_json":{"title":"Ritrovato senza vita l'escursionista disperso. Alpinisti colpiti da un fulmine. Altri interventi - Bellunopress - Dolomiti","robots":{"index":"index","follow":"follow","max-snippet":"max-snippet:-1","max-image-preview":"max-image-preview:large","max-video-preview":"max-video-preview:-1"},"canonical":"https:\/\/www.bellunopress.it\/fr\/2026\/08\/16\/ricerca-in-corso-sugli-spalti-di-toro\/","og_locale":"fr_FR","og_type":"article","og_title":"Ritrovato senza vita l'escursionista disperso. Alpinisti colpiti da un fulmine. Altri interventi - Bellunopress - Dolomiti","og_description":"Pieve di Cadore (BL), 16 &#8211; 08 &#8211; 2026 &#8211; \u00c8 stato purtroppo ritrovato senza vita L.D.S., il 79enne di Domegge di Cadore non rientrato ieri da un&#8217;uscita in montagna. Poco prima delle 13, durante uno dei sorvoli, l&#8217;elicottero dei Vigili del fuoco con a bordo due tecnici del Soccorso alpino del Centro Cadore ha [&hellip;]","og_url":"https:\/\/www.bellunopress.it\/fr\/2026\/08\/16\/ricerca-in-corso-sugli-spalti-di-toro\/","og_site_name":"Bellunopress - Dolomiti","article_publisher":"https:\/\/www.facebook.com\/profile.php?id=100008943462799","article_published_time":"2026-08-16T10:20:36+00:00","article_modified_time":"2026-08-16T18:16:35+00:00","og_image":[{"width":790,"height":423,"url":"https:\/\/www.bellunopress.it\/wp-content\/uploads\/2020\/11\/cnsas-corpo-nazionale-soccorso-alpino-e-speleologico_edited.jpg","type":"image\/jpeg"}],"author":"redazione","twitter_card":"summary_large_image","twitter_creator":"@bellunopress","twitter_site":"@bellunopress","twitter_misc":{"\u00c9crit par":"redazione","Dur\u00e9e de lecture estim\u00e9e":"5 minutes"},"schema":{"@context":"https:\/\/schema.org","@graph":[{"@type":"Article","@id":"https:\/\/www.bellunopress.it\/2026\/08\/16\/ricerca-in-corso-sugli-spalti-di-toro\/#article","isPartOf":{"@id":"https:\/\/www.bellunopress.it\/2026\/08\/16\/ricerca-in-corso-sugli-spalti-di-toro\/"},"author":{"name":"redazione","@id":"https:\/\/www.bellunopress.it\/#\/schema\/person\/79bb06722b37ece1c03d3e94beb30d73"},"headline":"Ritrovato senza vita l&#8217;escursionista disperso. Alpinisti colpiti da un fulmine. Altri interventi","datePublished":"2026-08-16T10:20:36+00:00","dateModified":"2026-08-16T18:16:35+00:00","mainEntityOfPage":{"@id":"https:\/\/www.bellunopress.it\/2026\/08\/16\/ricerca-in-corso-sugli-spalti-di-toro\/"},"wordCount":886,"publisher":{"@id":"https:\/\/www.bellunopress.it\/#organization"},"image":{"@id":"https:\/\/www.bellunopress.it\/2026\/08\/16\/ricerca-in-corso-sugli-spalti-di-toro\/#primaryimage"},"thumbnailUrl":"https:\/\/www.bellunopress.it\/wp-content\/uploads\/2020\/11\/cnsas-corpo-nazionale-soccorso-alpino-e-speleologico_edited.jpg","articleSection":["Cronaca\/Politica"],"inLanguage":"fr-FR"},{"@type":"WebPage","@id":"https:\/\/www.bellunopress.it\/2026\/08\/16\/ricerca-in-corso-sugli-spalti-di-toro\/","url":"https:\/\/www.bellunopress.it\/2026\/08\/16\/ricerca-in-corso-sugli-spalti-di-toro\/","name":"Ritrovato senza vita l'escursionista disperso. Alpinisti colpiti da un fulmine. Altri interventi - Bellunopress - Dolomiti","isPartOf":{"@id":"https:\/\/www.bellunopress.it\/#website"},"primaryImageOfPage":{"@id":"https:\/\/www.bellunopress.it\/2026\/08\/16\/ricerca-in-corso-sugli-spalti-di-toro\/#primaryimage"},"image":{"@id":"https:\/\/www.bellunopress.it\/2026\/08\/16\/ricerca-in-corso-sugli-spalti-di-toro\/#primaryimage"},"thumbnailUrl":"https:\/\/www.bellunopress.it\/wp-content\/uploads\/2020\/11\/cnsas-corpo-nazionale-soccorso-alpino-e-speleologico_edited.jpg","datePublished":"2026-08-16T10:20:36+00:00","dateModified":"2026-08-16T18:16:35+00:00","breadcrumb":{"@id":"https:\/\/www.bellunopress.it\/2026\/08\/16\/ricerca-in-corso-sugli-spalti-di-toro\/#breadcrumb"},"inLanguage":"fr-FR","potentialAction":[{"@type":"ReadAction","target":["https:\/\/www.bellunopress.it\/2026\/08\/16\/ricerca-in-corso-sugli-spalti-di-toro\/"]}]},{"@type":"ImageObject","inLanguage":"fr-FR","@id":"https:\/\/www.bellunopress.it\/2026\/08\/16\/ricerca-in-corso-sugli-spalti-di-toro\/#primaryimage","url":"https:\/\/www.bellunopress.it\/wp-content\/uploads\/2020\/11\/cnsas-corpo-nazionale-soccorso-alpino-e-speleologico_edited.jpg","contentUrl":"https:\/\/www.bellunopress.it\/wp-content\/uploads\/2020\/11\/cnsas-corpo-nazionale-soccorso-alpino-e-speleologico_edited.jpg","width":790,"height":423,"caption":"Soccorso 118"},{"@type":"BreadcrumbList","@id":"https:\/\/www.bellunopress.it\/2026\/08\/16\/ricerca-in-corso-sugli-spalti-di-toro\/#breadcrumb","itemListElement":[{"@type":"ListItem","position":1,"name":"Home","item":"https:\/\/www.bellunopress.it\/"},{"@type":"ListItem","position":2,"name":"Ritrovato senza vita l&#8217;escursionista disperso. Alpinisti colpiti da un fulmine. Altri interventi"}]},{"@type":"WebSite","@id":"https:\/\/www.bellunopress.it\/#website","url":"https:\/\/www.bellunopress.it\/","name":"Bellunopress - Dolomiti","description":"e-mail: redazione@bellunopress.it","publisher":{"@id":"https:\/\/www.bellunopress.it\/#organization"},"potentialAction":[{"@type":"SearchAction","target":{"@type":"EntryPoint","urlTemplate":"https:\/\/www.bellunopress.it\/?s={search_term_string}"},"query-input":{"@type":"PropertyValueSpecification","valueRequired":true,"valueName":"search_term_string"}}],"inLanguage":"fr-FR"},{"@type":"Organization","@id":"https:\/\/www.bellunopress.it\/#organization","name":"Bellunopress","url":"https:\/\/www.bellunopress.it\/","logo":{"@type":"ImageObject","inLanguage":"fr-FR","@id":"https:\/\/www.bellunopress.it\/#\/schema\/logo\/image\/","url":"https:\/\/www.bellunopress.it\/wp-content\/uploads\/2011\/05\/cropped-logo-bellunopress-.jpg","contentUrl":"https:\/\/www.bellunopress.it\/wp-content\/uploads\/2011\/05\/cropped-logo-bellunopress-.jpg","width":512,"height":512,"caption":"Bellunopress"},"image":{"@id":"https:\/\/www.bellunopress.it\/#\/schema\/logo\/image\/"},"sameAs":["https:\/\/www.facebook.com\/profile.php?id=100008943462799","https:\/\/x.com\/bellunopress","https:\/\/www.linkedin.com\/hp\/?dnr=JBzUWaJfMUw8vbXJJ2tVW5-I3jZKvC4wsoxE&amp;amp;amp;amp;amp;amp;trk=nav_responsive_tab_home","https:\/\/www.youtube.com\/channel\/UCxL0wu1uN0_3_7hGG0306cw"]},{"@type":"Person","@id":"https:\/\/www.bellunopress.it\/#\/schema\/person\/79bb06722b37ece1c03d3e94beb30d73","name":"r\u00e9daction","image":{"@type":"ImageObject","inLanguage":"fr-FR","@id":"https:\/\/secure.gravatar.com\/avatar\/37d968a2e67a6fd04c169c4bdef102d0bc5d31b2546345219e348575eb80e9a0?s=96&d=mm&r=g","url":"https:\/\/secure.gravatar.com\/avatar\/37d968a2e67a6fd04c169c4bdef102d0bc5d31b2546345219e348575eb80e9a0?s=96&d=mm&r=g","contentUrl":"https:\/\/secure.gravatar.com\/avatar\/37d968a2e67a6fd04c169c4bdef102d0bc5d31b2546345219e348575eb80e9a0?s=96&d=mm&r=g","caption":"redazione"},"sameAs":["http:\/\/www.bellunopress.it","https:\/\/x.com\/bellunopress"],"url":"https:\/\/www.bellunopress.it\/fr\/author\/redazione\/"}]}},"_links":{"self":[{"href":"https:\/\/www.bellunopress.it\/fr\/wp-json\/wp\/v2\/posts\/172670","targetHints":{"allow":["GET"]}}],"collection":[{"href":"https:\/\/www.bellunopress.it\/fr\/wp-json\/wp\/v2\/posts"}],"about":[{"href":"https:\/\/www.bellunopress.it\/fr\/wp-json\/wp\/v2\/types\/post"}],"author":[{"embeddable":true,"href":"https:\/\/www.bellunopress.it\/fr\/wp-json\/wp\/v2\/users\/2"}],"replies":[{"embeddable":true,"href":"https:\/\/www.bellunopress.it\/fr\/wp-json\/wp\/v2\/comments?post=172670"}],"version-history":[{"count":6,"href":"https:\/\/www.bellunopress.it\/fr\/wp-json\/wp\/v2\/posts\/172670\/revisions"}],"predecessor-version":[{"id":172681,"href":"https:\/\/www.bellunopress.it\/fr\/wp-json\/wp\/v2\/posts\/172670\/revisions\/172681"}],"wp:featuredmedia":[{"embeddable":true,"href":"https:\/\/www.bellunopress.it\/fr\/wp-json\/wp\/v2\/media\/119120"}],"wp:attachment":[{"href":"https:\/\/www.bellunopress.it\/fr\/wp-json\/wp\/v2\/media?parent=172670"}],"wp:term":[{"taxonomy":"category","embeddable":true,"href":"https:\/\/www.bellunopress.it\/fr\/wp-json\/wp\/v2\/categories?post=172670"},{"taxonomy":"post_tag","embeddable":true,"href":"https:\/\/www.bellunopress.it\/fr\/wp-json\/wp\/v2\/tags?post=172670"}],"curies":[{"name":"wp","href":"https:\/\/api.w.org\/{rel}","templated":true}]}}