{"id":172661,"date":"2026-08-15T19:19:12","date_gmt":"2026-08-15T17:19:12","guid":{"rendered":"https:\/\/www.bellunopress.it\/?p=172661"},"modified":"2026-08-15T19:19:12","modified_gmt":"2026-08-15T17:19:12","slug":"ferragosto-interventi-in-montagna","status":"publish","type":"post","link":"https:\/\/www.bellunopress.it\/fr\/2026\/08\/15\/ferragosto-interventi-in-montagna\/","title":{"rendered":"Ferragosto, interventi in montagna"},"content":{"rendered":"<p>Belluno, 15 &#8211; 08 &#8211; 2026\u00a0 \u00a0&#8211;\u00a0 \u00a0Questa mattina verso le 11 Falco 2 \u00e8 stato inviato sui Cadini di Misurina, per un escursionista francese in difficolt\u00e0. L&#8217;uomo, salito con l&#8217;intenzione di attraversare Forcella Verzi percorrendo il sentiero attrezzato, aveva sbagliato canale, ritrovandosi incrodato a 2.550 metri di quota. Individuato dall&#8217;equipaggio, il 38enne, che non aveva n\u00e9 caschetto, n\u00e9 kit da ferrata, \u00e8 stato issato a bordo dal tecnico di elisoccorso con un verricello di 30 metri e poi lasciato a Misurina.<\/p>\n<p>Attorno a mezzogiorno Falco 1 ha soccorso un uomo che aveva manifestato problemi a seguito della puntura di una vespa. Il 61enne bellunese, che si trovava in una baita a una decina di minuti a piedi di distanza dalla strada per Passo Cibiana, \u00e8 stato raggiunto dal tecnico di elisoccorso e dal medico, calati con 30 metri di verricello e seguiti dall&#8217;infermiere con la barella. Valutate le sue condizioni, l&#8217;uomo \u00e8 stato caricato sull&#8217;eliambulanza atterrata nelle vicinanze e trasportato all&#8217;ospedale di Pieve di Cadore.<\/p>\n<p>Di seguito Falco 1 \u00e8 stato dirottato a Domegge di Cadore per un 65enne bellunese, colto da malore in una baita in localit\u00e0 Somacros. Verricellati a terra, equipe medica e tecnico di elisoccorso hanno prestato le prime cure all&#8217;uomo poi portato per gli accertamenti del caso all&#8217;ospedale di Belluno.<\/p>\n<p>Una squadra del Soccorso alpino della Val di Zoldo \u00e8 intervenuta nella zona di Casera Malga Grava, per alcuni escursionisti aggrediti dai cani da guardiania, mentre rientravano dallo Spiz Zuel lungo la strada forestale. In particolare due avevano cercato riparo in mezzo agli alberi e altri due avevano riportato ferite da morsi su gambe e mani. Riaccompagnati tutti in zona sicura, gli infortunati si sono autonomamente recati al pronto soccorso di Agordo per farsi medicare. I soccorritori, avvertiti che altre quattro persone dovevano ancora transitare e si trovavano pi\u00f9 a monte, le hanno raggiunte e trasportate a valle. Il Soccorso alpino della Guardia di finanza di Cortina \u00e8 invece salito al Museo all&#8217;aperto della Grande Guerra, per un infortunio alla caviglia lungo il percorso storico.<\/p>\n<p>Falco 1 \u00e8 stato mandato sulla parete sud della Marmolada, sul 12\u00b0 tiro della Via don Quixote, per un&#8217;alpinista che era caduta scalando da prima e aveva riportato nell&#8217;urto con la roccia un trauma alla spalla. Dopo aver fatto campo base al Rifugio Falier, l&#8217;elicottero \u00e8 salito e ha individuato l&#8217;infortunata, una 44enne piemontese, che si era nel frattempo calata per due tiri assieme al compagno all&#8217;altezza della cengia. Entrambi sono stati recuperati con un verricello di 40 metri e trasportati al Rifugio, dove la scalatrice \u00e8 stata controllata dal personale medico e dove ha rifiutato il trasporto in ospedale.<\/p>\n<p>&nbsp;<\/p>","protected":false},"excerpt":{"rendered":"<p>Belluno, 15 &#8211; 08 &#8211; 2026\u00a0 \u00a0&#8211;\u00a0 \u00a0Questa mattina verso le 11 Falco 2 \u00e8 stato inviato sui Cadini di Misurina, per un escursionista francese in difficolt\u00e0. L&#8217;uomo, salito con l&#8217;intenzione di attraversare Forcella Verzi percorrendo il sentiero attrezzato, aveva sbagliato canale, ritrovandosi incrodato a 2.550 metri di quota. Individuato dall&#8217;equipaggio, il 38enne, che non [&hellip;]<\/p>\n","protected":false},"author":2,"featured_media":143586,"comment_status":"closed","ping_status":"open","sticky":false,"template":"","format":"standard","meta":{"footnotes":""},"categories":[5,26],"tags":[],"class_list":["post-172661","post","type-post","status-publish","format-standard","has-post-thumbnail","category-cronaca","category-prima-pagina"],"yoast_head":"<!-- This site is optimized with the Yoast SEO plugin v28.4 - https:\/\/yoast.com\/product\/yoast-seo-wordpress\/ -->\n<title>Ferragosto, interventi in montagna - Bellunopress - Dolomiti<\/title>\n<meta name=\"robots\" content=\"index, follow, max-snippet:-1, max-image-preview:large, max-video-preview:-1\" \/>\n<link rel=\"canonical\" href=\"https:\/\/www.bellunopress.it\/fr\/2026\/08\/15\/ferragosto-interventi-in-montagna\/\" \/>\n<meta property=\"og:locale\" content=\"fr_FR\" \/>\n<meta property=\"og:type\" content=\"article\" \/>\n<meta property=\"og:title\" content=\"Ferragosto, interventi in montagna - Bellunopress - Dolomiti\" \/>\n<meta property=\"og:description\" content=\"Belluno, 15 &#8211; 08 &#8211; 2026\u00a0 \u00a0&#8211;\u00a0 \u00a0Questa mattina verso le 11 Falco 2 \u00e8 stato inviato sui Cadini di Misurina, per un escursionista francese in difficolt\u00e0. L&#8217;uomo, salito con l&#8217;intenzione di attraversare Forcella Verzi percorrendo il sentiero attrezzato, aveva sbagliato canale, ritrovandosi incrodato a 2.550 metri di quota. Individuato dall&#8217;equipaggio, il 38enne, che non [&hellip;]\" \/>\n<meta property=\"og:url\" content=\"https:\/\/www.bellunopress.it\/fr\/2026\/08\/15\/ferragosto-interventi-in-montagna\/\" \/>\n<meta property=\"og:site_name\" content=\"Bellunopress - Dolomiti\" \/>\n<meta property=\"article:publisher\" content=\"https:\/\/www.facebook.com\/profile.php?id=100008943462799\" \/>\n<meta property=\"article:published_time\" content=\"2026-08-15T17:19:12+00:00\" \/>\n<meta property=\"og:image\" content=\"https:\/\/www.bellunopress.it\/wp-content\/uploads\/2023\/08\/Falco-1-elicottero-118_edited.jpg\" \/>\n\t<meta property=\"og:image:width\" content=\"946\" \/>\n\t<meta property=\"og:image:height\" content=\"604\" \/>\n\t<meta property=\"og:image:type\" content=\"image\/jpeg\" \/>\n<meta name=\"author\" content=\"redazione\" \/>\n<meta name=\"twitter:card\" content=\"summary_large_image\" \/>\n<meta name=\"twitter:creator\" content=\"@bellunopress\" \/>\n<meta name=\"twitter:site\" content=\"@bellunopress\" \/>\n<meta name=\"twitter:label1\" content=\"Written by\" \/>\n\t<meta name=\"twitter:data1\" content=\"redazione\" \/>\n\t<meta name=\"twitter:label2\" content=\"Est. reading time\" \/>\n\t<meta name=\"twitter:data2\" content=\"3 minutes\" \/>\n<script type=\"application\/ld+json\" class=\"yoast-schema-graph\">{\"@context\":\"https:\\\/\\\/schema.org\",\"@graph\":[{\"@type\":\"Article\",\"@id\":\"https:\\\/\\\/www.bellunopress.it\\\/2026\\\/08\\\/15\\\/ferragosto-interventi-in-montagna\\\/#article\",\"isPartOf\":{\"@id\":\"https:\\\/\\\/www.bellunopress.it\\\/2026\\\/08\\\/15\\\/ferragosto-interventi-in-montagna\\\/\"},\"author\":{\"name\":\"redazione\",\"@id\":\"https:\\\/\\\/www.bellunopress.it\\\/#\\\/schema\\\/person\\\/79bb06722b37ece1c03d3e94beb30d73\"},\"headline\":\"Ferragosto, interventi in montagna\",\"datePublished\":\"2026-08-15T17:19:12+00:00\",\"mainEntityOfPage\":{\"@id\":\"https:\\\/\\\/www.bellunopress.it\\\/2026\\\/08\\\/15\\\/ferragosto-interventi-in-montagna\\\/\"},\"wordCount\":437,\"publisher\":{\"@id\":\"https:\\\/\\\/www.bellunopress.it\\\/#organization\"},\"image\":{\"@id\":\"https:\\\/\\\/www.bellunopress.it\\\/2026\\\/08\\\/15\\\/ferragosto-interventi-in-montagna\\\/#primaryimage\"},\"thumbnailUrl\":\"https:\\\/\\\/www.bellunopress.it\\\/wp-content\\\/uploads\\\/2023\\\/08\\\/Falco-1-elicottero-118_edited.jpg\",\"articleSection\":[\"Cronaca\\\/Politica\",\"Prima Pagina\"],\"inLanguage\":\"fr-FR\"},{\"@type\":\"WebPage\",\"@id\":\"https:\\\/\\\/www.bellunopress.it\\\/2026\\\/08\\\/15\\\/ferragosto-interventi-in-montagna\\\/\",\"url\":\"https:\\\/\\\/www.bellunopress.it\\\/2026\\\/08\\\/15\\\/ferragosto-interventi-in-montagna\\\/\",\"name\":\"Ferragosto, interventi in montagna - Bellunopress - Dolomiti\",\"isPartOf\":{\"@id\":\"https:\\\/\\\/www.bellunopress.it\\\/#website\"},\"primaryImageOfPage\":{\"@id\":\"https:\\\/\\\/www.bellunopress.it\\\/2026\\\/08\\\/15\\\/ferragosto-interventi-in-montagna\\\/#primaryimage\"},\"image\":{\"@id\":\"https:\\\/\\\/www.bellunopress.it\\\/2026\\\/08\\\/15\\\/ferragosto-interventi-in-montagna\\\/#primaryimage\"},\"thumbnailUrl\":\"https:\\\/\\\/www.bellunopress.it\\\/wp-content\\\/uploads\\\/2023\\\/08\\\/Falco-1-elicottero-118_edited.jpg\",\"datePublished\":\"2026-08-15T17:19:12+00:00\",\"breadcrumb\":{\"@id\":\"https:\\\/\\\/www.bellunopress.it\\\/2026\\\/08\\\/15\\\/ferragosto-interventi-in-montagna\\\/#breadcrumb\"},\"inLanguage\":\"fr-FR\",\"potentialAction\":[{\"@type\":\"ReadAction\",\"target\":[\"https:\\\/\\\/www.bellunopress.it\\\/2026\\\/08\\\/15\\\/ferragosto-interventi-in-montagna\\\/\"]}]},{\"@type\":\"ImageObject\",\"inLanguage\":\"fr-FR\",\"@id\":\"https:\\\/\\\/www.bellunopress.it\\\/2026\\\/08\\\/15\\\/ferragosto-interventi-in-montagna\\\/#primaryimage\",\"url\":\"https:\\\/\\\/www.bellunopress.it\\\/wp-content\\\/uploads\\\/2023\\\/08\\\/Falco-1-elicottero-118_edited.jpg\",\"contentUrl\":\"https:\\\/\\\/www.bellunopress.it\\\/wp-content\\\/uploads\\\/2023\\\/08\\\/Falco-1-elicottero-118_edited.jpg\",\"width\":946,\"height\":604},{\"@type\":\"BreadcrumbList\",\"@id\":\"https:\\\/\\\/www.bellunopress.it\\\/2026\\\/08\\\/15\\\/ferragosto-interventi-in-montagna\\\/#breadcrumb\",\"itemListElement\":[{\"@type\":\"ListItem\",\"position\":1,\"name\":\"Home\",\"item\":\"https:\\\/\\\/www.bellunopress.it\\\/\"},{\"@type\":\"ListItem\",\"position\":2,\"name\":\"Ferragosto, interventi in montagna\"}]},{\"@type\":\"WebSite\",\"@id\":\"https:\\\/\\\/www.bellunopress.it\\\/#website\",\"url\":\"https:\\\/\\\/www.bellunopress.it\\\/\",\"name\":\"Bellunopress - Dolomiti\",\"description\":\"e-mail: redazione@bellunopress.it\",\"publisher\":{\"@id\":\"https:\\\/\\\/www.bellunopress.it\\\/#organization\"},\"potentialAction\":[{\"@type\":\"SearchAction\",\"target\":{\"@type\":\"EntryPoint\",\"urlTemplate\":\"https:\\\/\\\/www.bellunopress.it\\\/?s={search_term_string}\"},\"query-input\":{\"@type\":\"PropertyValueSpecification\",\"valueRequired\":true,\"valueName\":\"search_term_string\"}}],\"inLanguage\":\"fr-FR\"},{\"@type\":\"Organization\",\"@id\":\"https:\\\/\\\/www.bellunopress.it\\\/#organization\",\"name\":\"Bellunopress\",\"url\":\"https:\\\/\\\/www.bellunopress.it\\\/\",\"logo\":{\"@type\":\"ImageObject\",\"inLanguage\":\"fr-FR\",\"@id\":\"https:\\\/\\\/www.bellunopress.it\\\/#\\\/schema\\\/logo\\\/image\\\/\",\"url\":\"https:\\\/\\\/www.bellunopress.it\\\/wp-content\\\/uploads\\\/2011\\\/05\\\/cropped-logo-bellunopress-.jpg\",\"contentUrl\":\"https:\\\/\\\/www.bellunopress.it\\\/wp-content\\\/uploads\\\/2011\\\/05\\\/cropped-logo-bellunopress-.jpg\",\"width\":512,\"height\":512,\"caption\":\"Bellunopress\"},\"image\":{\"@id\":\"https:\\\/\\\/www.bellunopress.it\\\/#\\\/schema\\\/logo\\\/image\\\/\"},\"sameAs\":[\"https:\\\/\\\/www.facebook.com\\\/profile.php?id=100008943462799\",\"https:\\\/\\\/x.com\\\/bellunopress\",\"https:\\\/\\\/www.linkedin.com\\\/hp\\\/?dnr=JBzUWaJfMUw8vbXJJ2tVW5-I3jZKvC4wsoxE&amp;amp;amp;amp;amp;amp;trk=nav_responsive_tab_home\",\"https:\\\/\\\/www.youtube.com\\\/channel\\\/UCxL0wu1uN0_3_7hGG0306cw\"]},{\"@type\":\"Person\",\"@id\":\"https:\\\/\\\/www.bellunopress.it\\\/#\\\/schema\\\/person\\\/79bb06722b37ece1c03d3e94beb30d73\",\"name\":\"redazione\",\"image\":{\"@type\":\"ImageObject\",\"inLanguage\":\"fr-FR\",\"@id\":\"https:\\\/\\\/secure.gravatar.com\\\/avatar\\\/37d968a2e67a6fd04c169c4bdef102d0bc5d31b2546345219e348575eb80e9a0?s=96&d=mm&r=g\",\"url\":\"https:\\\/\\\/secure.gravatar.com\\\/avatar\\\/37d968a2e67a6fd04c169c4bdef102d0bc5d31b2546345219e348575eb80e9a0?s=96&d=mm&r=g\",\"contentUrl\":\"https:\\\/\\\/secure.gravatar.com\\\/avatar\\\/37d968a2e67a6fd04c169c4bdef102d0bc5d31b2546345219e348575eb80e9a0?s=96&d=mm&r=g\",\"caption\":\"redazione\"},\"sameAs\":[\"http:\\\/\\\/www.bellunopress.it\",\"https:\\\/\\\/x.com\\\/bellunopress\"],\"url\":\"https:\\\/\\\/www.bellunopress.it\\\/fr\\\/author\\\/redazione\\\/\"}]}<\/script>\n<!-- \/ Yoast SEO plugin. -->","yoast_head_json":{"title":"Ferragosto, interventi in montagna - Bellunopress - Dolomiti","robots":{"index":"index","follow":"follow","max-snippet":"max-snippet:-1","max-image-preview":"max-image-preview:large","max-video-preview":"max-video-preview:-1"},"canonical":"https:\/\/www.bellunopress.it\/fr\/2026\/08\/15\/ferragosto-interventi-in-montagna\/","og_locale":"fr_FR","og_type":"article","og_title":"Ferragosto, interventi in montagna - Bellunopress - Dolomiti","og_description":"Belluno, 15 &#8211; 08 &#8211; 2026\u00a0 \u00a0&#8211;\u00a0 \u00a0Questa mattina verso le 11 Falco 2 \u00e8 stato inviato sui Cadini di Misurina, per un escursionista francese in difficolt\u00e0. L&#8217;uomo, salito con l&#8217;intenzione di attraversare Forcella Verzi percorrendo il sentiero attrezzato, aveva sbagliato canale, ritrovandosi incrodato a 2.550 metri di quota. Individuato dall&#8217;equipaggio, il 38enne, che non [&hellip;]","og_url":"https:\/\/www.bellunopress.it\/fr\/2026\/08\/15\/ferragosto-interventi-in-montagna\/","og_site_name":"Bellunopress - Dolomiti","article_publisher":"https:\/\/www.facebook.com\/profile.php?id=100008943462799","article_published_time":"2026-08-15T17:19:12+00:00","og_image":[{"width":946,"height":604,"url":"https:\/\/www.bellunopress.it\/wp-content\/uploads\/2023\/08\/Falco-1-elicottero-118_edited.jpg","type":"image\/jpeg"}],"author":"redazione","twitter_card":"summary_large_image","twitter_creator":"@bellunopress","twitter_site":"@bellunopress","twitter_misc":{"Written by":"redazione","Est. reading time":"3 minutes"},"schema":{"@context":"https:\/\/schema.org","@graph":[{"@type":"Article","@id":"https:\/\/www.bellunopress.it\/2026\/08\/15\/ferragosto-interventi-in-montagna\/#article","isPartOf":{"@id":"https:\/\/www.bellunopress.it\/2026\/08\/15\/ferragosto-interventi-in-montagna\/"},"author":{"name":"redazione","@id":"https:\/\/www.bellunopress.it\/#\/schema\/person\/79bb06722b37ece1c03d3e94beb30d73"},"headline":"Ferragosto, interventi in montagna","datePublished":"2026-08-15T17:19:12+00:00","mainEntityOfPage":{"@id":"https:\/\/www.bellunopress.it\/2026\/08\/15\/ferragosto-interventi-in-montagna\/"},"wordCount":437,"publisher":{"@id":"https:\/\/www.bellunopress.it\/#organization"},"image":{"@id":"https:\/\/www.bellunopress.it\/2026\/08\/15\/ferragosto-interventi-in-montagna\/#primaryimage"},"thumbnailUrl":"https:\/\/www.bellunopress.it\/wp-content\/uploads\/2023\/08\/Falco-1-elicottero-118_edited.jpg","articleSection":["Cronaca\/Politica","Prima Pagina"],"inLanguage":"fr-FR"},{"@type":"WebPage","@id":"https:\/\/www.bellunopress.it\/2026\/08\/15\/ferragosto-interventi-in-montagna\/","url":"https:\/\/www.bellunopress.it\/2026\/08\/15\/ferragosto-interventi-in-montagna\/","name":"Ferragosto, interventi in montagna - Bellunopress - Dolomiti","isPartOf":{"@id":"https:\/\/www.bellunopress.it\/#website"},"primaryImageOfPage":{"@id":"https:\/\/www.bellunopress.it\/2026\/08\/15\/ferragosto-interventi-in-montagna\/#primaryimage"},"image":{"@id":"https:\/\/www.bellunopress.it\/2026\/08\/15\/ferragosto-interventi-in-montagna\/#primaryimage"},"thumbnailUrl":"https:\/\/www.bellunopress.it\/wp-content\/uploads\/2023\/08\/Falco-1-elicottero-118_edited.jpg","datePublished":"2026-08-15T17:19:12+00:00","breadcrumb":{"@id":"https:\/\/www.bellunopress.it\/2026\/08\/15\/ferragosto-interventi-in-montagna\/#breadcrumb"},"inLanguage":"fr-FR","potentialAction":[{"@type":"ReadAction","target":["https:\/\/www.bellunopress.it\/2026\/08\/15\/ferragosto-interventi-in-montagna\/"]}]},{"@type":"ImageObject","inLanguage":"fr-FR","@id":"https:\/\/www.bellunopress.it\/2026\/08\/15\/ferragosto-interventi-in-montagna\/#primaryimage","url":"https:\/\/www.bellunopress.it\/wp-content\/uploads\/2023\/08\/Falco-1-elicottero-118_edited.jpg","contentUrl":"https:\/\/www.bellunopress.it\/wp-content\/uploads\/2023\/08\/Falco-1-elicottero-118_edited.jpg","width":946,"height":604},{"@type":"BreadcrumbList","@id":"https:\/\/www.bellunopress.it\/2026\/08\/15\/ferragosto-interventi-in-montagna\/#breadcrumb","itemListElement":[{"@type":"ListItem","position":1,"name":"Home","item":"https:\/\/www.bellunopress.it\/"},{"@type":"ListItem","position":2,"name":"Ferragosto, interventi in montagna"}]},{"@type":"WebSite","@id":"https:\/\/www.bellunopress.it\/#website","url":"https:\/\/www.bellunopress.it\/","name":"Bellunopress - Dolomiti","description":"e-mail: redazione@bellunopress.it","publisher":{"@id":"https:\/\/www.bellunopress.it\/#organization"},"potentialAction":[{"@type":"SearchAction","target":{"@type":"EntryPoint","urlTemplate":"https:\/\/www.bellunopress.it\/?s={search_term_string}"},"query-input":{"@type":"PropertyValueSpecification","valueRequired":true,"valueName":"search_term_string"}}],"inLanguage":"fr-FR"},{"@type":"Organization","@id":"https:\/\/www.bellunopress.it\/#organization","name":"Bellunopress","url":"https:\/\/www.bellunopress.it\/","logo":{"@type":"ImageObject","inLanguage":"fr-FR","@id":"https:\/\/www.bellunopress.it\/#\/schema\/logo\/image\/","url":"https:\/\/www.bellunopress.it\/wp-content\/uploads\/2011\/05\/cropped-logo-bellunopress-.jpg","contentUrl":"https:\/\/www.bellunopress.it\/wp-content\/uploads\/2011\/05\/cropped-logo-bellunopress-.jpg","width":512,"height":512,"caption":"Bellunopress"},"image":{"@id":"https:\/\/www.bellunopress.it\/#\/schema\/logo\/image\/"},"sameAs":["https:\/\/www.facebook.com\/profile.php?id=100008943462799","https:\/\/x.com\/bellunopress","https:\/\/www.linkedin.com\/hp\/?dnr=JBzUWaJfMUw8vbXJJ2tVW5-I3jZKvC4wsoxE&amp;amp;amp;amp;amp;amp;trk=nav_responsive_tab_home","https:\/\/www.youtube.com\/channel\/UCxL0wu1uN0_3_7hGG0306cw"]},{"@type":"Person","@id":"https:\/\/www.bellunopress.it\/#\/schema\/person\/79bb06722b37ece1c03d3e94beb30d73","name":"r\u00e9daction","image":{"@type":"ImageObject","inLanguage":"fr-FR","@id":"https:\/\/secure.gravatar.com\/avatar\/37d968a2e67a6fd04c169c4bdef102d0bc5d31b2546345219e348575eb80e9a0?s=96&d=mm&r=g","url":"https:\/\/secure.gravatar.com\/avatar\/37d968a2e67a6fd04c169c4bdef102d0bc5d31b2546345219e348575eb80e9a0?s=96&d=mm&r=g","contentUrl":"https:\/\/secure.gravatar.com\/avatar\/37d968a2e67a6fd04c169c4bdef102d0bc5d31b2546345219e348575eb80e9a0?s=96&d=mm&r=g","caption":"redazione"},"sameAs":["http:\/\/www.bellunopress.it","https:\/\/x.com\/bellunopress"],"url":"https:\/\/www.bellunopress.it\/fr\/author\/redazione\/"}]}},"_links":{"self":[{"href":"https:\/\/www.bellunopress.it\/fr\/wp-json\/wp\/v2\/posts\/172661","targetHints":{"allow":["GET"]}}],"collection":[{"href":"https:\/\/www.bellunopress.it\/fr\/wp-json\/wp\/v2\/posts"}],"about":[{"href":"https:\/\/www.bellunopress.it\/fr\/wp-json\/wp\/v2\/types\/post"}],"author":[{"embeddable":true,"href":"https:\/\/www.bellunopress.it\/fr\/wp-json\/wp\/v2\/users\/2"}],"replies":[{"embeddable":true,"href":"https:\/\/www.bellunopress.it\/fr\/wp-json\/wp\/v2\/comments?post=172661"}],"version-history":[{"count":1,"href":"https:\/\/www.bellunopress.it\/fr\/wp-json\/wp\/v2\/posts\/172661\/revisions"}],"predecessor-version":[{"id":172662,"href":"https:\/\/www.bellunopress.it\/fr\/wp-json\/wp\/v2\/posts\/172661\/revisions\/172662"}],"wp:featuredmedia":[{"embeddable":true,"href":"https:\/\/www.bellunopress.it\/fr\/wp-json\/wp\/v2\/media\/143586"}],"wp:attachment":[{"href":"https:\/\/www.bellunopress.it\/fr\/wp-json\/wp\/v2\/media?parent=172661"}],"wp:term":[{"taxonomy":"category","embeddable":true,"href":"https:\/\/www.bellunopress.it\/fr\/wp-json\/wp\/v2\/categories?post=172661"},{"taxonomy":"post_tag","embeddable":true,"href":"https:\/\/www.bellunopress.it\/fr\/wp-json\/wp\/v2\/tags?post=172661"}],"curies":[{"name":"wp","href":"https:\/\/api.w.org\/{rel}","templated":true}]}}