{"id":172658,"date":"2026-08-15T18:06:21","date_gmt":"2026-08-15T16:06:21","guid":{"rendered":"https:\/\/www.bellunopress.it\/?p=172658"},"modified":"2026-08-15T19:14:50","modified_gmt":"2026-08-15T17:14:50","slug":"acque-calde-e-reattori-bloccati-in-europa-lallarme-climatico-ignorato-dai-media-nel-racconto-di-filiberto-dal-molin","status":"publish","type":"post","link":"https:\/\/www.bellunopress.it\/fr\/2026\/08\/15\/acque-calde-e-reattori-bloccati-in-europa-lallarme-climatico-ignorato-dai-media-nel-racconto-di-filiberto-dal-molin\/","title":{"rendered":"Acque calde e reattori bloccati in Europa: l&#8217;allarme climatico ignorato dai media nel racconto di Filiberto Dal Molin"},"content":{"rendered":"<p><strong>Ferragosto 431<\/strong><\/p>\n<p><strong>A Belluno siamo stati invitati a misurare il consumo dell&#8217;acqua<\/strong><\/p>\n<p>In Europa numerosi reattori nucleari sono stati bloccati o costretti ad un funzionamento ridotto per problematiche legate all&#8217;acqua degli impianti termoelettrici e nucleari. Per due motivi: volume insufficiente o temperatura elevata dell&#8217;acqua (quando supera i 25\u00b0C)<\/p>\n<p>I reattori interessati sono numerosi e riguardano le centrali di Cernavoda in Romania; di Paks in Ungheria; di EDF in Francia e di Beznau in Svizzera. I fiumi sono Danubio, Rodano, Garonna, Loira, e Aare<\/p>\n<p>Ormai il termine &#8220;canicola&#8221; \u00e8 superato dai fatti. Le temperature estive che ci accompagnavano soltanto quando il sole aveva oltrepassato le costellazioni del Cane maggiore e del Cane minore, nelle quali brilla fortemente Sirio, ora le dobbiamo registrare anche in primavera e in autunno, con tutte le innumerevoli conseguenze.<\/p>\n<p>La gente seguita a credere nella informazione prevalente e a considerarlo un fenomeno molto seccante ma passeggero, come quelli che compaiono ciclicamente, per motivi naturali. Dei fiumi in secca e dei reattori nucleari che non possono funzionare non si parla sui giornali; non ne ho sentito parlare nei giornali radio.<\/p>\n<p>La Scienza invece ha dati chiarissimi per sostenere con certezza quali siano i fattori causali da almeno 130 anni. E cio\u00e8 il principio fisico per cui la molecola di CO2 assorbe e riemette la radiazione infrarossa termica \u00e8 noto e verificato sperimentale fin dalla met\u00e0 del XIX secolo (esperimenti di John Tyndall e modelli di Svante Arrhenius).<\/p>\n<p>Dalla I.A. tra gli scienziati che si occupano attivamente di fisica dell&#8217;atmosfera, climatologia e scienze della Terra, la percentuale di coloro che non attribuiscono un ruolo determinante all&#8217;aumento della concentrazione di CO2 sul clima attuale \u00e8 inferiore all&#8217;1% (con stime analitiche sulle pubblicazioni scientifiche peer-reviewed che indicano un consenso compreso tra il 97% e oltre il 99,9%).<\/p>\n<p>I fisici o gli scienziati di altre discipline che esprimono scetticismo sull&#8217;impatto della CO2 o ne ridimensionano l&#8217;importanza rappresentano una frazione estremamente ridotta sul totale della comunit\u00e0 scientifica globale. Tra le figure note vi sono William Happer e Richard Lindzen, Antonino Zichichi, Franco Prodi e Franco Battaglia.<\/p>\n<p>Tuttavia, tali posizioni rimangono circoscritte a opinioni individuali o documenti divulgativi: quando si analizza la letteratura scientifica sottoposta a revisione dei pari (peer-review), le ricerche che negano il ruolo della CO2 sono nell&#8217;ordine di poche decine su quasi 90.000 studi esaminati nelle pi\u00f9 recenti meta-analisi.<\/p>\n<p>Il presidente Trump su questo argomento non ci delude: non ama parlare sul cambiamento climatico; il suo interesse \u00e8 il petrolio, che vorrebbe gestire a livello mondiale e che \u00e8 sempre stato il primo interesse dell&#8217;economia americana. Per questo ha avviato la dismissione di oltre 900 strumenti e sensori scientifici subacquei eliminando i dati continui sugli ecosistemi marini che possono creare un allarme climatico, contro le energie fossili. Per questo il livello dell&#8217;informazione e della autonomia dei Paesi della Nato \u00e8 molto basso.<\/p>\n<p>Il vero elemento di allarme \u00e8 stato identificato nella COP di Parigi del 2015 quando i Paesi del mondo hanno firmato un accordo mantenere l&#8217;aumento della temperatura media globale limitata a 1,5\u00b0C che abbiamo gi\u00e0 raggiunto quest&#8217;anno.<\/p>\n<p>Con aumento superiore si apre il baratro dello scioglimento del permafrost che potrebbe liberare una quantit\u00e0 di CO2 doppia di quella attualmente presente nella atmosfera e cio\u00e8 portare la nostra atmosfera a circa 1200 ppm. di CO2. Diventando in tal modo simile a Venere!<\/p>\n<p>Il dominio della politica e dell&#8217;economia sull&#8217;impiego dei combustibili fossili ripete, in una scala molto maggiore, la gestione del Covid: il mercato mondiale nel suo complesso, come quello dei farmaci, dipende dal dominio americano e dalle stesse \u00e9lites.<\/p>\n<p>Dr. Filiberto Dal Molin<\/p>\n<p>&nbsp;<\/p>\n<p>&nbsp;<\/p>","protected":false},"excerpt":{"rendered":"<p>Ferragosto 431 A Belluno siamo stati invitati a misurare il consumo dell&#8217;acqua In Europa numerosi reattori nucleari sono stati bloccati o costretti ad un funzionamento ridotto per problematiche legate all&#8217;acqua degli impianti termoelettrici e nucleari. Per due motivi: volume insufficiente o temperatura elevata dell&#8217;acqua (quando supera i 25\u00b0C) I reattori interessati sono numerosi e riguardano [&hellip;]<\/p>\n","protected":false},"author":2,"featured_media":172659,"comment_status":"closed","ping_status":"open","sticky":false,"template":"","format":"standard","meta":{"footnotes":""},"categories":[3614],"tags":[],"class_list":["post-172658","post","type-post","status-publish","format-standard","has-post-thumbnail","category-controcorrente"],"yoast_head":"<!-- This site is optimized with the Yoast SEO plugin v28.4 - https:\/\/yoast.com\/product\/yoast-seo-wordpress\/ -->\n<title>Acque calde e reattori bloccati in Europa: l&#039;allarme climatico ignorato dai media nel racconto di Filiberto Dal Molin - Bellunopress - Dolomiti<\/title>\n<meta name=\"robots\" content=\"index, follow, max-snippet:-1, max-image-preview:large, max-video-preview:-1\" \/>\n<link rel=\"canonical\" href=\"https:\/\/www.bellunopress.it\/fr\/2026\/08\/15\/acque-calde-e-reattori-bloccati-in-europa-lallarme-climatico-ignorato-dai-media-nel-racconto-di-filiberto-dal-molin\/\" \/>\n<meta property=\"og:locale\" content=\"fr_FR\" \/>\n<meta property=\"og:type\" content=\"article\" \/>\n<meta property=\"og:title\" content=\"Acque calde e reattori bloccati in Europa: l&#039;allarme climatico ignorato dai media nel racconto di Filiberto Dal Molin - Bellunopress - Dolomiti\" \/>\n<meta property=\"og:description\" content=\"Ferragosto 431 A Belluno siamo stati invitati a misurare il consumo dell&#8217;acqua In Europa numerosi reattori nucleari sono stati bloccati o costretti ad un funzionamento ridotto per problematiche legate all&#8217;acqua degli impianti termoelettrici e nucleari. Per due motivi: volume insufficiente o temperatura elevata dell&#8217;acqua (quando supera i 25\u00b0C) I reattori interessati sono numerosi e riguardano [&hellip;]\" \/>\n<meta property=\"og:url\" content=\"https:\/\/www.bellunopress.it\/fr\/2026\/08\/15\/acque-calde-e-reattori-bloccati-in-europa-lallarme-climatico-ignorato-dai-media-nel-racconto-di-filiberto-dal-molin\/\" \/>\n<meta property=\"og:site_name\" content=\"Bellunopress - Dolomiti\" \/>\n<meta property=\"article:publisher\" content=\"https:\/\/www.facebook.com\/profile.php?id=100008943462799\" \/>\n<meta property=\"article:published_time\" content=\"2026-08-15T16:06:21+00:00\" \/>\n<meta property=\"article:modified_time\" content=\"2026-08-15T17:14:50+00:00\" \/>\n<meta property=\"og:image\" content=\"https:\/\/www.bellunopress.it\/wp-content\/uploads\/2026\/08\/centrale-nucleare.jpg\" \/>\n\t<meta property=\"og:image:width\" content=\"500\" \/>\n\t<meta property=\"og:image:height\" content=\"318\" \/>\n\t<meta property=\"og:image:type\" content=\"image\/jpeg\" \/>\n<meta name=\"author\" content=\"redazione\" \/>\n<meta name=\"twitter:card\" content=\"summary_large_image\" \/>\n<meta name=\"twitter:creator\" content=\"@bellunopress\" \/>\n<meta name=\"twitter:site\" content=\"@bellunopress\" \/>\n<meta name=\"twitter:label1\" content=\"Written by\" \/>\n\t<meta name=\"twitter:data1\" content=\"redazione\" \/>\n\t<meta name=\"twitter:label2\" content=\"Est. reading time\" \/>\n\t<meta name=\"twitter:data2\" content=\"4 minutes\" \/>\n<script type=\"application\/ld+json\" class=\"yoast-schema-graph\">{\"@context\":\"https:\\\/\\\/schema.org\",\"@graph\":[{\"@type\":\"Article\",\"@id\":\"https:\\\/\\\/www.bellunopress.it\\\/2026\\\/08\\\/15\\\/acque-calde-e-reattori-bloccati-in-europa-lallarme-climatico-ignorato-dai-media-nel-racconto-di-filiberto-dal-molin\\\/#article\",\"isPartOf\":{\"@id\":\"https:\\\/\\\/www.bellunopress.it\\\/2026\\\/08\\\/15\\\/acque-calde-e-reattori-bloccati-in-europa-lallarme-climatico-ignorato-dai-media-nel-racconto-di-filiberto-dal-molin\\\/\"},\"author\":{\"name\":\"redazione\",\"@id\":\"https:\\\/\\\/www.bellunopress.it\\\/#\\\/schema\\\/person\\\/79bb06722b37ece1c03d3e94beb30d73\"},\"headline\":\"Acque calde e reattori bloccati in Europa: l&#8217;allarme climatico ignorato dai media nel racconto di Filiberto Dal Molin\",\"datePublished\":\"2026-08-15T16:06:21+00:00\",\"dateModified\":\"2026-08-15T17:14:50+00:00\",\"mainEntityOfPage\":{\"@id\":\"https:\\\/\\\/www.bellunopress.it\\\/2026\\\/08\\\/15\\\/acque-calde-e-reattori-bloccati-in-europa-lallarme-climatico-ignorato-dai-media-nel-racconto-di-filiberto-dal-molin\\\/\"},\"wordCount\":615,\"publisher\":{\"@id\":\"https:\\\/\\\/www.bellunopress.it\\\/#organization\"},\"image\":{\"@id\":\"https:\\\/\\\/www.bellunopress.it\\\/2026\\\/08\\\/15\\\/acque-calde-e-reattori-bloccati-in-europa-lallarme-climatico-ignorato-dai-media-nel-racconto-di-filiberto-dal-molin\\\/#primaryimage\"},\"thumbnailUrl\":\"https:\\\/\\\/www.bellunopress.it\\\/wp-content\\\/uploads\\\/2026\\\/08\\\/centrale-nucleare.jpg\",\"articleSection\":[\"Controcorrente Dr Filiberto Dal Molin\"],\"inLanguage\":\"fr-FR\"},{\"@type\":\"WebPage\",\"@id\":\"https:\\\/\\\/www.bellunopress.it\\\/2026\\\/08\\\/15\\\/acque-calde-e-reattori-bloccati-in-europa-lallarme-climatico-ignorato-dai-media-nel-racconto-di-filiberto-dal-molin\\\/\",\"url\":\"https:\\\/\\\/www.bellunopress.it\\\/2026\\\/08\\\/15\\\/acque-calde-e-reattori-bloccati-in-europa-lallarme-climatico-ignorato-dai-media-nel-racconto-di-filiberto-dal-molin\\\/\",\"name\":\"Acque calde e reattori bloccati in Europa: l'allarme climatico ignorato dai media nel racconto di Filiberto Dal Molin - Bellunopress - Dolomiti\",\"isPartOf\":{\"@id\":\"https:\\\/\\\/www.bellunopress.it\\\/#website\"},\"primaryImageOfPage\":{\"@id\":\"https:\\\/\\\/www.bellunopress.it\\\/2026\\\/08\\\/15\\\/acque-calde-e-reattori-bloccati-in-europa-lallarme-climatico-ignorato-dai-media-nel-racconto-di-filiberto-dal-molin\\\/#primaryimage\"},\"image\":{\"@id\":\"https:\\\/\\\/www.bellunopress.it\\\/2026\\\/08\\\/15\\\/acque-calde-e-reattori-bloccati-in-europa-lallarme-climatico-ignorato-dai-media-nel-racconto-di-filiberto-dal-molin\\\/#primaryimage\"},\"thumbnailUrl\":\"https:\\\/\\\/www.bellunopress.it\\\/wp-content\\\/uploads\\\/2026\\\/08\\\/centrale-nucleare.jpg\",\"datePublished\":\"2026-08-15T16:06:21+00:00\",\"dateModified\":\"2026-08-15T17:14:50+00:00\",\"breadcrumb\":{\"@id\":\"https:\\\/\\\/www.bellunopress.it\\\/2026\\\/08\\\/15\\\/acque-calde-e-reattori-bloccati-in-europa-lallarme-climatico-ignorato-dai-media-nel-racconto-di-filiberto-dal-molin\\\/#breadcrumb\"},\"inLanguage\":\"fr-FR\",\"potentialAction\":[{\"@type\":\"ReadAction\",\"target\":[\"https:\\\/\\\/www.bellunopress.it\\\/2026\\\/08\\\/15\\\/acque-calde-e-reattori-bloccati-in-europa-lallarme-climatico-ignorato-dai-media-nel-racconto-di-filiberto-dal-molin\\\/\"]}]},{\"@type\":\"ImageObject\",\"inLanguage\":\"fr-FR\",\"@id\":\"https:\\\/\\\/www.bellunopress.it\\\/2026\\\/08\\\/15\\\/acque-calde-e-reattori-bloccati-in-europa-lallarme-climatico-ignorato-dai-media-nel-racconto-di-filiberto-dal-molin\\\/#primaryimage\",\"url\":\"https:\\\/\\\/www.bellunopress.it\\\/wp-content\\\/uploads\\\/2026\\\/08\\\/centrale-nucleare.jpg\",\"contentUrl\":\"https:\\\/\\\/www.bellunopress.it\\\/wp-content\\\/uploads\\\/2026\\\/08\\\/centrale-nucleare.jpg\",\"width\":500,\"height\":318},{\"@type\":\"BreadcrumbList\",\"@id\":\"https:\\\/\\\/www.bellunopress.it\\\/2026\\\/08\\\/15\\\/acque-calde-e-reattori-bloccati-in-europa-lallarme-climatico-ignorato-dai-media-nel-racconto-di-filiberto-dal-molin\\\/#breadcrumb\",\"itemListElement\":[{\"@type\":\"ListItem\",\"position\":1,\"name\":\"Home\",\"item\":\"https:\\\/\\\/www.bellunopress.it\\\/\"},{\"@type\":\"ListItem\",\"position\":2,\"name\":\"Acque calde e reattori bloccati in Europa: l&#8217;allarme climatico ignorato dai media nel racconto di Filiberto Dal Molin\"}]},{\"@type\":\"WebSite\",\"@id\":\"https:\\\/\\\/www.bellunopress.it\\\/#website\",\"url\":\"https:\\\/\\\/www.bellunopress.it\\\/\",\"name\":\"Bellunopress - Dolomiti\",\"description\":\"e-mail: redazione@bellunopress.it\",\"publisher\":{\"@id\":\"https:\\\/\\\/www.bellunopress.it\\\/#organization\"},\"potentialAction\":[{\"@type\":\"SearchAction\",\"target\":{\"@type\":\"EntryPoint\",\"urlTemplate\":\"https:\\\/\\\/www.bellunopress.it\\\/?s={search_term_string}\"},\"query-input\":{\"@type\":\"PropertyValueSpecification\",\"valueRequired\":true,\"valueName\":\"search_term_string\"}}],\"inLanguage\":\"fr-FR\"},{\"@type\":\"Organization\",\"@id\":\"https:\\\/\\\/www.bellunopress.it\\\/#organization\",\"name\":\"Bellunopress\",\"url\":\"https:\\\/\\\/www.bellunopress.it\\\/\",\"logo\":{\"@type\":\"ImageObject\",\"inLanguage\":\"fr-FR\",\"@id\":\"https:\\\/\\\/www.bellunopress.it\\\/#\\\/schema\\\/logo\\\/image\\\/\",\"url\":\"https:\\\/\\\/www.bellunopress.it\\\/wp-content\\\/uploads\\\/2011\\\/05\\\/cropped-logo-bellunopress-.jpg\",\"contentUrl\":\"https:\\\/\\\/www.bellunopress.it\\\/wp-content\\\/uploads\\\/2011\\\/05\\\/cropped-logo-bellunopress-.jpg\",\"width\":512,\"height\":512,\"caption\":\"Bellunopress\"},\"image\":{\"@id\":\"https:\\\/\\\/www.bellunopress.it\\\/#\\\/schema\\\/logo\\\/image\\\/\"},\"sameAs\":[\"https:\\\/\\\/www.facebook.com\\\/profile.php?id=100008943462799\",\"https:\\\/\\\/x.com\\\/bellunopress\",\"https:\\\/\\\/www.linkedin.com\\\/hp\\\/?dnr=JBzUWaJfMUw8vbXJJ2tVW5-I3jZKvC4wsoxE&amp;amp;amp;amp;amp;amp;trk=nav_responsive_tab_home\",\"https:\\\/\\\/www.youtube.com\\\/channel\\\/UCxL0wu1uN0_3_7hGG0306cw\"]},{\"@type\":\"Person\",\"@id\":\"https:\\\/\\\/www.bellunopress.it\\\/#\\\/schema\\\/person\\\/79bb06722b37ece1c03d3e94beb30d73\",\"name\":\"redazione\",\"image\":{\"@type\":\"ImageObject\",\"inLanguage\":\"fr-FR\",\"@id\":\"https:\\\/\\\/secure.gravatar.com\\\/avatar\\\/37d968a2e67a6fd04c169c4bdef102d0bc5d31b2546345219e348575eb80e9a0?s=96&d=mm&r=g\",\"url\":\"https:\\\/\\\/secure.gravatar.com\\\/avatar\\\/37d968a2e67a6fd04c169c4bdef102d0bc5d31b2546345219e348575eb80e9a0?s=96&d=mm&r=g\",\"contentUrl\":\"https:\\\/\\\/secure.gravatar.com\\\/avatar\\\/37d968a2e67a6fd04c169c4bdef102d0bc5d31b2546345219e348575eb80e9a0?s=96&d=mm&r=g\",\"caption\":\"redazione\"},\"sameAs\":[\"http:\\\/\\\/www.bellunopress.it\",\"https:\\\/\\\/x.com\\\/bellunopress\"],\"url\":\"https:\\\/\\\/www.bellunopress.it\\\/fr\\\/author\\\/redazione\\\/\"}]}<\/script>\n<!-- \/ Yoast SEO plugin. -->","yoast_head_json":{"title":"Acque calde e reattori bloccati in Europa: l'allarme climatico ignorato dai media nel racconto di Filiberto Dal Molin - Bellunopress - Dolomiti","robots":{"index":"index","follow":"follow","max-snippet":"max-snippet:-1","max-image-preview":"max-image-preview:large","max-video-preview":"max-video-preview:-1"},"canonical":"https:\/\/www.bellunopress.it\/fr\/2026\/08\/15\/acque-calde-e-reattori-bloccati-in-europa-lallarme-climatico-ignorato-dai-media-nel-racconto-di-filiberto-dal-molin\/","og_locale":"fr_FR","og_type":"article","og_title":"Acque calde e reattori bloccati in Europa: l'allarme climatico ignorato dai media nel racconto di Filiberto Dal Molin - Bellunopress - Dolomiti","og_description":"Ferragosto 431 A Belluno siamo stati invitati a misurare il consumo dell&#8217;acqua In Europa numerosi reattori nucleari sono stati bloccati o costretti ad un funzionamento ridotto per problematiche legate all&#8217;acqua degli impianti termoelettrici e nucleari. Per due motivi: volume insufficiente o temperatura elevata dell&#8217;acqua (quando supera i 25\u00b0C) I reattori interessati sono numerosi e riguardano [&hellip;]","og_url":"https:\/\/www.bellunopress.it\/fr\/2026\/08\/15\/acque-calde-e-reattori-bloccati-in-europa-lallarme-climatico-ignorato-dai-media-nel-racconto-di-filiberto-dal-molin\/","og_site_name":"Bellunopress - Dolomiti","article_publisher":"https:\/\/www.facebook.com\/profile.php?id=100008943462799","article_published_time":"2026-08-15T16:06:21+00:00","article_modified_time":"2026-08-15T17:14:50+00:00","og_image":[{"width":500,"height":318,"url":"https:\/\/www.bellunopress.it\/wp-content\/uploads\/2026\/08\/centrale-nucleare.jpg","type":"image\/jpeg"}],"author":"redazione","twitter_card":"summary_large_image","twitter_creator":"@bellunopress","twitter_site":"@bellunopress","twitter_misc":{"Written by":"redazione","Est. reading time":"4 minutes"},"schema":{"@context":"https:\/\/schema.org","@graph":[{"@type":"Article","@id":"https:\/\/www.bellunopress.it\/2026\/08\/15\/acque-calde-e-reattori-bloccati-in-europa-lallarme-climatico-ignorato-dai-media-nel-racconto-di-filiberto-dal-molin\/#article","isPartOf":{"@id":"https:\/\/www.bellunopress.it\/2026\/08\/15\/acque-calde-e-reattori-bloccati-in-europa-lallarme-climatico-ignorato-dai-media-nel-racconto-di-filiberto-dal-molin\/"},"author":{"name":"redazione","@id":"https:\/\/www.bellunopress.it\/#\/schema\/person\/79bb06722b37ece1c03d3e94beb30d73"},"headline":"Acque calde e reattori bloccati in Europa: l&#8217;allarme climatico ignorato dai media nel racconto di Filiberto Dal Molin","datePublished":"2026-08-15T16:06:21+00:00","dateModified":"2026-08-15T17:14:50+00:00","mainEntityOfPage":{"@id":"https:\/\/www.bellunopress.it\/2026\/08\/15\/acque-calde-e-reattori-bloccati-in-europa-lallarme-climatico-ignorato-dai-media-nel-racconto-di-filiberto-dal-molin\/"},"wordCount":615,"publisher":{"@id":"https:\/\/www.bellunopress.it\/#organization"},"image":{"@id":"https:\/\/www.bellunopress.it\/2026\/08\/15\/acque-calde-e-reattori-bloccati-in-europa-lallarme-climatico-ignorato-dai-media-nel-racconto-di-filiberto-dal-molin\/#primaryimage"},"thumbnailUrl":"https:\/\/www.bellunopress.it\/wp-content\/uploads\/2026\/08\/centrale-nucleare.jpg","articleSection":["Controcorrente Dr Filiberto Dal Molin"],"inLanguage":"fr-FR"},{"@type":"WebPage","@id":"https:\/\/www.bellunopress.it\/2026\/08\/15\/acque-calde-e-reattori-bloccati-in-europa-lallarme-climatico-ignorato-dai-media-nel-racconto-di-filiberto-dal-molin\/","url":"https:\/\/www.bellunopress.it\/2026\/08\/15\/acque-calde-e-reattori-bloccati-in-europa-lallarme-climatico-ignorato-dai-media-nel-racconto-di-filiberto-dal-molin\/","name":"Acque calde e reattori bloccati in Europa: l'allarme climatico ignorato dai media nel racconto di Filiberto Dal Molin - Bellunopress - Dolomiti","isPartOf":{"@id":"https:\/\/www.bellunopress.it\/#website"},"primaryImageOfPage":{"@id":"https:\/\/www.bellunopress.it\/2026\/08\/15\/acque-calde-e-reattori-bloccati-in-europa-lallarme-climatico-ignorato-dai-media-nel-racconto-di-filiberto-dal-molin\/#primaryimage"},"image":{"@id":"https:\/\/www.bellunopress.it\/2026\/08\/15\/acque-calde-e-reattori-bloccati-in-europa-lallarme-climatico-ignorato-dai-media-nel-racconto-di-filiberto-dal-molin\/#primaryimage"},"thumbnailUrl":"https:\/\/www.bellunopress.it\/wp-content\/uploads\/2026\/08\/centrale-nucleare.jpg","datePublished":"2026-08-15T16:06:21+00:00","dateModified":"2026-08-15T17:14:50+00:00","breadcrumb":{"@id":"https:\/\/www.bellunopress.it\/2026\/08\/15\/acque-calde-e-reattori-bloccati-in-europa-lallarme-climatico-ignorato-dai-media-nel-racconto-di-filiberto-dal-molin\/#breadcrumb"},"inLanguage":"fr-FR","potentialAction":[{"@type":"ReadAction","target":["https:\/\/www.bellunopress.it\/2026\/08\/15\/acque-calde-e-reattori-bloccati-in-europa-lallarme-climatico-ignorato-dai-media-nel-racconto-di-filiberto-dal-molin\/"]}]},{"@type":"ImageObject","inLanguage":"fr-FR","@id":"https:\/\/www.bellunopress.it\/2026\/08\/15\/acque-calde-e-reattori-bloccati-in-europa-lallarme-climatico-ignorato-dai-media-nel-racconto-di-filiberto-dal-molin\/#primaryimage","url":"https:\/\/www.bellunopress.it\/wp-content\/uploads\/2026\/08\/centrale-nucleare.jpg","contentUrl":"https:\/\/www.bellunopress.it\/wp-content\/uploads\/2026\/08\/centrale-nucleare.jpg","width":500,"height":318},{"@type":"BreadcrumbList","@id":"https:\/\/www.bellunopress.it\/2026\/08\/15\/acque-calde-e-reattori-bloccati-in-europa-lallarme-climatico-ignorato-dai-media-nel-racconto-di-filiberto-dal-molin\/#breadcrumb","itemListElement":[{"@type":"ListItem","position":1,"name":"Home","item":"https:\/\/www.bellunopress.it\/"},{"@type":"ListItem","position":2,"name":"Acque calde e reattori bloccati in Europa: l&#8217;allarme climatico ignorato dai media nel racconto di Filiberto Dal Molin"}]},{"@type":"WebSite","@id":"https:\/\/www.bellunopress.it\/#website","url":"https:\/\/www.bellunopress.it\/","name":"Bellunopress - Dolomiti","description":"e-mail: redazione@bellunopress.it","publisher":{"@id":"https:\/\/www.bellunopress.it\/#organization"},"potentialAction":[{"@type":"SearchAction","target":{"@type":"EntryPoint","urlTemplate":"https:\/\/www.bellunopress.it\/?s={search_term_string}"},"query-input":{"@type":"PropertyValueSpecification","valueRequired":true,"valueName":"search_term_string"}}],"inLanguage":"fr-FR"},{"@type":"Organization","@id":"https:\/\/www.bellunopress.it\/#organization","name":"Bellunopress","url":"https:\/\/www.bellunopress.it\/","logo":{"@type":"ImageObject","inLanguage":"fr-FR","@id":"https:\/\/www.bellunopress.it\/#\/schema\/logo\/image\/","url":"https:\/\/www.bellunopress.it\/wp-content\/uploads\/2011\/05\/cropped-logo-bellunopress-.jpg","contentUrl":"https:\/\/www.bellunopress.it\/wp-content\/uploads\/2011\/05\/cropped-logo-bellunopress-.jpg","width":512,"height":512,"caption":"Bellunopress"},"image":{"@id":"https:\/\/www.bellunopress.it\/#\/schema\/logo\/image\/"},"sameAs":["https:\/\/www.facebook.com\/profile.php?id=100008943462799","https:\/\/x.com\/bellunopress","https:\/\/www.linkedin.com\/hp\/?dnr=JBzUWaJfMUw8vbXJJ2tVW5-I3jZKvC4wsoxE&amp;amp;amp;amp;amp;amp;trk=nav_responsive_tab_home","https:\/\/www.youtube.com\/channel\/UCxL0wu1uN0_3_7hGG0306cw"]},{"@type":"Person","@id":"https:\/\/www.bellunopress.it\/#\/schema\/person\/79bb06722b37ece1c03d3e94beb30d73","name":"r\u00e9daction","image":{"@type":"ImageObject","inLanguage":"fr-FR","@id":"https:\/\/secure.gravatar.com\/avatar\/37d968a2e67a6fd04c169c4bdef102d0bc5d31b2546345219e348575eb80e9a0?s=96&d=mm&r=g","url":"https:\/\/secure.gravatar.com\/avatar\/37d968a2e67a6fd04c169c4bdef102d0bc5d31b2546345219e348575eb80e9a0?s=96&d=mm&r=g","contentUrl":"https:\/\/secure.gravatar.com\/avatar\/37d968a2e67a6fd04c169c4bdef102d0bc5d31b2546345219e348575eb80e9a0?s=96&d=mm&r=g","caption":"redazione"},"sameAs":["http:\/\/www.bellunopress.it","https:\/\/x.com\/bellunopress"],"url":"https:\/\/www.bellunopress.it\/fr\/author\/redazione\/"}]}},"_links":{"self":[{"href":"https:\/\/www.bellunopress.it\/fr\/wp-json\/wp\/v2\/posts\/172658","targetHints":{"allow":["GET"]}}],"collection":[{"href":"https:\/\/www.bellunopress.it\/fr\/wp-json\/wp\/v2\/posts"}],"about":[{"href":"https:\/\/www.bellunopress.it\/fr\/wp-json\/wp\/v2\/types\/post"}],"author":[{"embeddable":true,"href":"https:\/\/www.bellunopress.it\/fr\/wp-json\/wp\/v2\/users\/2"}],"replies":[{"embeddable":true,"href":"https:\/\/www.bellunopress.it\/fr\/wp-json\/wp\/v2\/comments?post=172658"}],"version-history":[{"count":1,"href":"https:\/\/www.bellunopress.it\/fr\/wp-json\/wp\/v2\/posts\/172658\/revisions"}],"predecessor-version":[{"id":172660,"href":"https:\/\/www.bellunopress.it\/fr\/wp-json\/wp\/v2\/posts\/172658\/revisions\/172660"}],"wp:featuredmedia":[{"embeddable":true,"href":"https:\/\/www.bellunopress.it\/fr\/wp-json\/wp\/v2\/media\/172659"}],"wp:attachment":[{"href":"https:\/\/www.bellunopress.it\/fr\/wp-json\/wp\/v2\/media?parent=172658"}],"wp:term":[{"taxonomy":"category","embeddable":true,"href":"https:\/\/www.bellunopress.it\/fr\/wp-json\/wp\/v2\/categories?post=172658"},{"taxonomy":"post_tag","embeddable":true,"href":"https:\/\/www.bellunopress.it\/fr\/wp-json\/wp\/v2\/tags?post=172658"}],"curies":[{"name":"wp","href":"https:\/\/api.w.org\/{rel}","templated":true}]}}