{"id":172655,"date":"2026-08-15T19:05:20","date_gmt":"2026-08-15T17:05:20","guid":{"rendered":"https:\/\/www.bellunopress.it\/?p=172655"},"modified":"2026-08-16T10:58:35","modified_gmt":"2026-08-16T08:58:35","slug":"il-massacro-di-le-mans-lorrore-nato-nel-silenzio-delle-sorelle-papin","status":"publish","type":"post","link":"https:\/\/www.bellunopress.it\/fr\/2026\/08\/15\/il-massacro-di-le-mans-lorrore-nato-nel-silenzio-delle-sorelle-papin\/","title":{"rendered":"Il massacro di Le Mans: l&#8217;orrore nato nel silenzio delle sorelle Papin"},"content":{"rendered":"<p>\u00c8 il 2 febbraio 1933 quando la tranquilla cittadina francese di Le Mans viene sconvolta da uno dei delitti pi\u00f9 feroci e inspiegabili della cronaca nera del Novecento. Al numero 41 (o 6, secondo le cronache dell&#8217;epoca) di Rue Bruy\u00e8re, in una villa borghese impeccabile, si consuma l&#8217;omicidio di Madame Lancelin e di sua figlia per mano delle due domestiche di casa, le sorelle Christine e L\u00e9a Papin.<\/p>\n<p>Le due sorelle lavoravano come tuttofare presso la famiglia dell&#8217;avvocato in pensione Ren\u00e9 Lancelin da circa sette anni, stimate dai padroni per la loro proverbiale riservatezza e obbedienza. Ma dietro quella facciata di perfetta normalit\u00e0 si celava un legame patologico e claustrofobico: Christine e L\u00e9a vivevano come &#8220;siamesi psicologiche&#8221;, chiuse in un isolamento totale, con la minore (L\u00e9a) completamente sottomessa e dominata dalla personalit\u00e0 totalizzante di Christine. Per la provincia pettegola erano le domestiche perfette, prive di vita sociale, senza uomini e senza distrazioni.<\/p>\n<p>La sera del 2 febbraio, mentre le padrone di casa sono fuori per commissioni, nella villa salta la corrente elettrica a causa di un guasto al ferro da stiro. Al rientro anticipato di Madame Lancelin e della figlia, l&#8217;assenza di luce e la cena non pronta scatenano un aspro rimprovero.<\/p>\n<p>\u00c8 in quel momento che nella mente di Christine si spezza qualcosa. Anni di frustrazioni represse esplodono improvvisamente: Christine si avventa sulla padrona di casa cavandole gli occhi a mani nude, mentre L\u00e9a \u2014 mossa da un riflesso automatico e simbiotico \u2014 fa lo stesso con la figlia. L&#8217;aggressione degenera in un vero e proprio massacro compiuto con un martello e un coltello, lasciando i corpi orribilmente sfigurati.<\/p>\n<p>Terminato l&#8217;orrore, le sorelle non cercano alcuna via di fuga. Senza mostrare panico, salgono in bagno, si lavano accuratamente il sangue di dosso, indossano i pigiami e si mettono a letto insieme sotto le coperte. Quando la polizia fa irruzione, allertata dal capofamiglia, trova una scena raccapricciante. Accanto alle coperte, alla domanda degli agenti, Christine risponde con gelida impassibilit\u00e0: &#8220;abbiamo pulito tutto&#8221;.<\/p>\n<p><strong>Tra tribunali, psicoanalisi e cultura pop<\/strong><br \/>\nIl processo, celebrato nel settembre del 1933, divise l&#8217;opinione pubblica e gli intellettuali:<\/p>\n<p>Per la sinistra dell&#8217;epoca, il gesto rappresentava una forma di ribellione feroce del proletariato contro lo sfruttamento padronale.<\/p>\n<p>Per i surrealisti (come Andr\u00e9 Breton, Paul Eluard e Jacques Lacan), le sorelle erano eroine di un istinto primordiale e libero.<\/p>\n<p>Per gli psichiatri, si trattava di un evidente caso di delirio paranoico e follia a due.<\/p>\n<p>Christine fu riconosciuta interamente colpevole e condannata alla ghigliottina pubblica, mentre a L\u00e9a furono inflitti otto anni di reclusione. La condanna a morte di Christine fu successivamente commutata in ergastolo dal presidente della Repubblica Albert Doumergue, ma la donna mor\u00ec nel 1937, appena tre anni dopo, in un manicomio di Rennes tra continui deliri e il disperato tentativo di strapparsi nuovamente gli occhi. L\u00e9a scont\u00f2 la sua pena ridotta e visse il resto della sua vita nell&#8217;ombra.<\/p>\n<p>Nel corso dei decenni, questa storia maledetta ha continuato ad affascinare scrittori e cineasti: da Jean-Paul Sartre e Simone de Beauvoir fino alle opere teatrali di Jean Genet (Le cameriere) e ai numerosi adattamenti cinematografici, come Il buio nella mente di Claude Chabrol.<\/p>","protected":false},"excerpt":{"rendered":"<p>\u00c8 il 2 febbraio 1933 quando la tranquilla cittadina francese di Le Mans viene sconvolta da uno dei delitti pi\u00f9 feroci e inspiegabili della cronaca nera del Novecento. Al numero 41 (o 6, secondo le cronache dell&#8217;epoca) di Rue Bruy\u00e8re, in una villa borghese impeccabile, si consuma l&#8217;omicidio di Madame Lancelin e di sua figlia [&hellip;]<\/p>\n","protected":false},"author":2,"featured_media":172656,"comment_status":"closed","ping_status":"open","sticky":false,"template":"","format":"standard","meta":{"footnotes":""},"categories":[5,1,25],"tags":[],"class_list":["post-172655","post","type-post","status-publish","format-standard","has-post-thumbnail","category-cronaca","category-leo","category-pausa-caffe"],"yoast_head":"<!-- This site is optimized with the Yoast SEO plugin v28.4 - https:\/\/yoast.com\/product\/yoast-seo-wordpress\/ -->\n<title>Il massacro di Le Mans: l&#039;orrore nato nel silenzio delle sorelle Papin - Bellunopress - Dolomiti<\/title>\n<meta name=\"robots\" content=\"index, follow, max-snippet:-1, max-image-preview:large, max-video-preview:-1\" \/>\n<link rel=\"canonical\" href=\"https:\/\/www.bellunopress.it\/fr\/2026\/08\/15\/il-massacro-di-le-mans-lorrore-nato-nel-silenzio-delle-sorelle-papin\/\" \/>\n<meta property=\"og:locale\" content=\"fr_FR\" \/>\n<meta property=\"og:type\" content=\"article\" \/>\n<meta property=\"og:title\" content=\"Il massacro di Le Mans: l&#039;orrore nato nel silenzio delle sorelle Papin - Bellunopress - Dolomiti\" \/>\n<meta property=\"og:description\" content=\"\u00c8 il 2 febbraio 1933 quando la tranquilla cittadina francese di Le Mans viene sconvolta da uno dei delitti pi\u00f9 feroci e inspiegabili della cronaca nera del Novecento. Al numero 41 (o 6, secondo le cronache dell&#8217;epoca) di Rue Bruy\u00e8re, in una villa borghese impeccabile, si consuma l&#8217;omicidio di Madame Lancelin e di sua figlia [&hellip;]\" \/>\n<meta property=\"og:url\" content=\"https:\/\/www.bellunopress.it\/fr\/2026\/08\/15\/il-massacro-di-le-mans-lorrore-nato-nel-silenzio-delle-sorelle-papin\/\" \/>\n<meta property=\"og:site_name\" content=\"Bellunopress - Dolomiti\" \/>\n<meta property=\"article:publisher\" content=\"https:\/\/www.facebook.com\/profile.php?id=100008943462799\" \/>\n<meta property=\"article:published_time\" content=\"2026-08-15T17:05:20+00:00\" \/>\n<meta property=\"article:modified_time\" content=\"2026-08-16T08:58:35+00:00\" \/>\n<meta property=\"og:image\" content=\"https:\/\/www.bellunopress.it\/wp-content\/uploads\/2026\/08\/sorelle-Papin-1933-Le-Mans.jpg\" \/>\n\t<meta property=\"og:image:width\" content=\"1035\" \/>\n\t<meta property=\"og:image:height\" content=\"903\" \/>\n\t<meta property=\"og:image:type\" content=\"image\/jpeg\" \/>\n<meta name=\"author\" content=\"redazione\" \/>\n<meta name=\"twitter:card\" content=\"summary_large_image\" \/>\n<meta name=\"twitter:creator\" content=\"@bellunopress\" \/>\n<meta name=\"twitter:site\" content=\"@bellunopress\" \/>\n<meta name=\"twitter:label1\" content=\"Written by\" \/>\n\t<meta name=\"twitter:data1\" content=\"redazione\" \/>\n\t<meta name=\"twitter:label2\" content=\"Est. reading time\" \/>\n\t<meta name=\"twitter:data2\" content=\"3 minutes\" \/>\n<script type=\"application\/ld+json\" class=\"yoast-schema-graph\">{\"@context\":\"https:\\\/\\\/schema.org\",\"@graph\":[{\"@type\":\"Article\",\"@id\":\"https:\\\/\\\/www.bellunopress.it\\\/2026\\\/08\\\/15\\\/il-massacro-di-le-mans-lorrore-nato-nel-silenzio-delle-sorelle-papin\\\/#article\",\"isPartOf\":{\"@id\":\"https:\\\/\\\/www.bellunopress.it\\\/2026\\\/08\\\/15\\\/il-massacro-di-le-mans-lorrore-nato-nel-silenzio-delle-sorelle-papin\\\/\"},\"author\":{\"name\":\"redazione\",\"@id\":\"https:\\\/\\\/www.bellunopress.it\\\/#\\\/schema\\\/person\\\/79bb06722b37ece1c03d3e94beb30d73\"},\"headline\":\"Il massacro di Le Mans: l&#8217;orrore nato nel silenzio delle sorelle Papin\",\"datePublished\":\"2026-08-15T17:05:20+00:00\",\"dateModified\":\"2026-08-16T08:58:35+00:00\",\"mainEntityOfPage\":{\"@id\":\"https:\\\/\\\/www.bellunopress.it\\\/2026\\\/08\\\/15\\\/il-massacro-di-le-mans-lorrore-nato-nel-silenzio-delle-sorelle-papin\\\/\"},\"wordCount\":544,\"publisher\":{\"@id\":\"https:\\\/\\\/www.bellunopress.it\\\/#organization\"},\"image\":{\"@id\":\"https:\\\/\\\/www.bellunopress.it\\\/2026\\\/08\\\/15\\\/il-massacro-di-le-mans-lorrore-nato-nel-silenzio-delle-sorelle-papin\\\/#primaryimage\"},\"thumbnailUrl\":\"https:\\\/\\\/www.bellunopress.it\\\/wp-content\\\/uploads\\\/2026\\\/08\\\/sorelle-Papin-1933-Le-Mans.jpg\",\"articleSection\":[\"Cronaca\\\/Politica\",\"Lettere Opinioni\",\"Pausa Caff\u00e8\"],\"inLanguage\":\"fr-FR\"},{\"@type\":\"WebPage\",\"@id\":\"https:\\\/\\\/www.bellunopress.it\\\/2026\\\/08\\\/15\\\/il-massacro-di-le-mans-lorrore-nato-nel-silenzio-delle-sorelle-papin\\\/\",\"url\":\"https:\\\/\\\/www.bellunopress.it\\\/2026\\\/08\\\/15\\\/il-massacro-di-le-mans-lorrore-nato-nel-silenzio-delle-sorelle-papin\\\/\",\"name\":\"Il massacro di Le Mans: l'orrore nato nel silenzio delle sorelle Papin - Bellunopress - Dolomiti\",\"isPartOf\":{\"@id\":\"https:\\\/\\\/www.bellunopress.it\\\/#website\"},\"primaryImageOfPage\":{\"@id\":\"https:\\\/\\\/www.bellunopress.it\\\/2026\\\/08\\\/15\\\/il-massacro-di-le-mans-lorrore-nato-nel-silenzio-delle-sorelle-papin\\\/#primaryimage\"},\"image\":{\"@id\":\"https:\\\/\\\/www.bellunopress.it\\\/2026\\\/08\\\/15\\\/il-massacro-di-le-mans-lorrore-nato-nel-silenzio-delle-sorelle-papin\\\/#primaryimage\"},\"thumbnailUrl\":\"https:\\\/\\\/www.bellunopress.it\\\/wp-content\\\/uploads\\\/2026\\\/08\\\/sorelle-Papin-1933-Le-Mans.jpg\",\"datePublished\":\"2026-08-15T17:05:20+00:00\",\"dateModified\":\"2026-08-16T08:58:35+00:00\",\"breadcrumb\":{\"@id\":\"https:\\\/\\\/www.bellunopress.it\\\/2026\\\/08\\\/15\\\/il-massacro-di-le-mans-lorrore-nato-nel-silenzio-delle-sorelle-papin\\\/#breadcrumb\"},\"inLanguage\":\"fr-FR\",\"potentialAction\":[{\"@type\":\"ReadAction\",\"target\":[\"https:\\\/\\\/www.bellunopress.it\\\/2026\\\/08\\\/15\\\/il-massacro-di-le-mans-lorrore-nato-nel-silenzio-delle-sorelle-papin\\\/\"]}]},{\"@type\":\"ImageObject\",\"inLanguage\":\"fr-FR\",\"@id\":\"https:\\\/\\\/www.bellunopress.it\\\/2026\\\/08\\\/15\\\/il-massacro-di-le-mans-lorrore-nato-nel-silenzio-delle-sorelle-papin\\\/#primaryimage\",\"url\":\"https:\\\/\\\/www.bellunopress.it\\\/wp-content\\\/uploads\\\/2026\\\/08\\\/sorelle-Papin-1933-Le-Mans.jpg\",\"contentUrl\":\"https:\\\/\\\/www.bellunopress.it\\\/wp-content\\\/uploads\\\/2026\\\/08\\\/sorelle-Papin-1933-Le-Mans.jpg\",\"width\":1035,\"height\":903,\"caption\":\"Le sorelle Papin\"},{\"@type\":\"BreadcrumbList\",\"@id\":\"https:\\\/\\\/www.bellunopress.it\\\/2026\\\/08\\\/15\\\/il-massacro-di-le-mans-lorrore-nato-nel-silenzio-delle-sorelle-papin\\\/#breadcrumb\",\"itemListElement\":[{\"@type\":\"ListItem\",\"position\":1,\"name\":\"Home\",\"item\":\"https:\\\/\\\/www.bellunopress.it\\\/\"},{\"@type\":\"ListItem\",\"position\":2,\"name\":\"Il massacro di Le Mans: l&#8217;orrore nato nel silenzio delle sorelle Papin\"}]},{\"@type\":\"WebSite\",\"@id\":\"https:\\\/\\\/www.bellunopress.it\\\/#website\",\"url\":\"https:\\\/\\\/www.bellunopress.it\\\/\",\"name\":\"Bellunopress - Dolomiti\",\"description\":\"e-mail: redazione@bellunopress.it\",\"publisher\":{\"@id\":\"https:\\\/\\\/www.bellunopress.it\\\/#organization\"},\"potentialAction\":[{\"@type\":\"SearchAction\",\"target\":{\"@type\":\"EntryPoint\",\"urlTemplate\":\"https:\\\/\\\/www.bellunopress.it\\\/?s={search_term_string}\"},\"query-input\":{\"@type\":\"PropertyValueSpecification\",\"valueRequired\":true,\"valueName\":\"search_term_string\"}}],\"inLanguage\":\"fr-FR\"},{\"@type\":\"Organization\",\"@id\":\"https:\\\/\\\/www.bellunopress.it\\\/#organization\",\"name\":\"Bellunopress\",\"url\":\"https:\\\/\\\/www.bellunopress.it\\\/\",\"logo\":{\"@type\":\"ImageObject\",\"inLanguage\":\"fr-FR\",\"@id\":\"https:\\\/\\\/www.bellunopress.it\\\/#\\\/schema\\\/logo\\\/image\\\/\",\"url\":\"https:\\\/\\\/www.bellunopress.it\\\/wp-content\\\/uploads\\\/2011\\\/05\\\/cropped-logo-bellunopress-.jpg\",\"contentUrl\":\"https:\\\/\\\/www.bellunopress.it\\\/wp-content\\\/uploads\\\/2011\\\/05\\\/cropped-logo-bellunopress-.jpg\",\"width\":512,\"height\":512,\"caption\":\"Bellunopress\"},\"image\":{\"@id\":\"https:\\\/\\\/www.bellunopress.it\\\/#\\\/schema\\\/logo\\\/image\\\/\"},\"sameAs\":[\"https:\\\/\\\/www.facebook.com\\\/profile.php?id=100008943462799\",\"https:\\\/\\\/x.com\\\/bellunopress\",\"https:\\\/\\\/www.linkedin.com\\\/hp\\\/?dnr=JBzUWaJfMUw8vbXJJ2tVW5-I3jZKvC4wsoxE&amp;amp;amp;amp;amp;amp;trk=nav_responsive_tab_home\",\"https:\\\/\\\/www.youtube.com\\\/channel\\\/UCxL0wu1uN0_3_7hGG0306cw\"]},{\"@type\":\"Person\",\"@id\":\"https:\\\/\\\/www.bellunopress.it\\\/#\\\/schema\\\/person\\\/79bb06722b37ece1c03d3e94beb30d73\",\"name\":\"redazione\",\"image\":{\"@type\":\"ImageObject\",\"inLanguage\":\"fr-FR\",\"@id\":\"https:\\\/\\\/secure.gravatar.com\\\/avatar\\\/37d968a2e67a6fd04c169c4bdef102d0bc5d31b2546345219e348575eb80e9a0?s=96&d=mm&r=g\",\"url\":\"https:\\\/\\\/secure.gravatar.com\\\/avatar\\\/37d968a2e67a6fd04c169c4bdef102d0bc5d31b2546345219e348575eb80e9a0?s=96&d=mm&r=g\",\"contentUrl\":\"https:\\\/\\\/secure.gravatar.com\\\/avatar\\\/37d968a2e67a6fd04c169c4bdef102d0bc5d31b2546345219e348575eb80e9a0?s=96&d=mm&r=g\",\"caption\":\"redazione\"},\"sameAs\":[\"http:\\\/\\\/www.bellunopress.it\",\"https:\\\/\\\/x.com\\\/bellunopress\"],\"url\":\"https:\\\/\\\/www.bellunopress.it\\\/fr\\\/author\\\/redazione\\\/\"}]}<\/script>\n<!-- \/ Yoast SEO plugin. -->","yoast_head_json":{"title":"Il massacro di Le Mans: l'orrore nato nel silenzio delle sorelle Papin - Bellunopress - Dolomiti","robots":{"index":"index","follow":"follow","max-snippet":"max-snippet:-1","max-image-preview":"max-image-preview:large","max-video-preview":"max-video-preview:-1"},"canonical":"https:\/\/www.bellunopress.it\/fr\/2026\/08\/15\/il-massacro-di-le-mans-lorrore-nato-nel-silenzio-delle-sorelle-papin\/","og_locale":"fr_FR","og_type":"article","og_title":"Il massacro di Le Mans: l'orrore nato nel silenzio delle sorelle Papin - Bellunopress - Dolomiti","og_description":"\u00c8 il 2 febbraio 1933 quando la tranquilla cittadina francese di Le Mans viene sconvolta da uno dei delitti pi\u00f9 feroci e inspiegabili della cronaca nera del Novecento. Al numero 41 (o 6, secondo le cronache dell&#8217;epoca) di Rue Bruy\u00e8re, in una villa borghese impeccabile, si consuma l&#8217;omicidio di Madame Lancelin e di sua figlia [&hellip;]","og_url":"https:\/\/www.bellunopress.it\/fr\/2026\/08\/15\/il-massacro-di-le-mans-lorrore-nato-nel-silenzio-delle-sorelle-papin\/","og_site_name":"Bellunopress - Dolomiti","article_publisher":"https:\/\/www.facebook.com\/profile.php?id=100008943462799","article_published_time":"2026-08-15T17:05:20+00:00","article_modified_time":"2026-08-16T08:58:35+00:00","og_image":[{"width":1035,"height":903,"url":"https:\/\/www.bellunopress.it\/wp-content\/uploads\/2026\/08\/sorelle-Papin-1933-Le-Mans.jpg","type":"image\/jpeg"}],"author":"redazione","twitter_card":"summary_large_image","twitter_creator":"@bellunopress","twitter_site":"@bellunopress","twitter_misc":{"Written by":"redazione","Est. reading time":"3 minutes"},"schema":{"@context":"https:\/\/schema.org","@graph":[{"@type":"Article","@id":"https:\/\/www.bellunopress.it\/2026\/08\/15\/il-massacro-di-le-mans-lorrore-nato-nel-silenzio-delle-sorelle-papin\/#article","isPartOf":{"@id":"https:\/\/www.bellunopress.it\/2026\/08\/15\/il-massacro-di-le-mans-lorrore-nato-nel-silenzio-delle-sorelle-papin\/"},"author":{"name":"redazione","@id":"https:\/\/www.bellunopress.it\/#\/schema\/person\/79bb06722b37ece1c03d3e94beb30d73"},"headline":"Il massacro di Le Mans: l&#8217;orrore nato nel silenzio delle sorelle Papin","datePublished":"2026-08-15T17:05:20+00:00","dateModified":"2026-08-16T08:58:35+00:00","mainEntityOfPage":{"@id":"https:\/\/www.bellunopress.it\/2026\/08\/15\/il-massacro-di-le-mans-lorrore-nato-nel-silenzio-delle-sorelle-papin\/"},"wordCount":544,"publisher":{"@id":"https:\/\/www.bellunopress.it\/#organization"},"image":{"@id":"https:\/\/www.bellunopress.it\/2026\/08\/15\/il-massacro-di-le-mans-lorrore-nato-nel-silenzio-delle-sorelle-papin\/#primaryimage"},"thumbnailUrl":"https:\/\/www.bellunopress.it\/wp-content\/uploads\/2026\/08\/sorelle-Papin-1933-Le-Mans.jpg","articleSection":["Cronaca\/Politica","Lettere Opinioni","Pausa Caff\u00e8"],"inLanguage":"fr-FR"},{"@type":"WebPage","@id":"https:\/\/www.bellunopress.it\/2026\/08\/15\/il-massacro-di-le-mans-lorrore-nato-nel-silenzio-delle-sorelle-papin\/","url":"https:\/\/www.bellunopress.it\/2026\/08\/15\/il-massacro-di-le-mans-lorrore-nato-nel-silenzio-delle-sorelle-papin\/","name":"Il massacro di Le Mans: l'orrore nato nel silenzio delle sorelle Papin - Bellunopress - Dolomiti","isPartOf":{"@id":"https:\/\/www.bellunopress.it\/#website"},"primaryImageOfPage":{"@id":"https:\/\/www.bellunopress.it\/2026\/08\/15\/il-massacro-di-le-mans-lorrore-nato-nel-silenzio-delle-sorelle-papin\/#primaryimage"},"image":{"@id":"https:\/\/www.bellunopress.it\/2026\/08\/15\/il-massacro-di-le-mans-lorrore-nato-nel-silenzio-delle-sorelle-papin\/#primaryimage"},"thumbnailUrl":"https:\/\/www.bellunopress.it\/wp-content\/uploads\/2026\/08\/sorelle-Papin-1933-Le-Mans.jpg","datePublished":"2026-08-15T17:05:20+00:00","dateModified":"2026-08-16T08:58:35+00:00","breadcrumb":{"@id":"https:\/\/www.bellunopress.it\/2026\/08\/15\/il-massacro-di-le-mans-lorrore-nato-nel-silenzio-delle-sorelle-papin\/#breadcrumb"},"inLanguage":"fr-FR","potentialAction":[{"@type":"ReadAction","target":["https:\/\/www.bellunopress.it\/2026\/08\/15\/il-massacro-di-le-mans-lorrore-nato-nel-silenzio-delle-sorelle-papin\/"]}]},{"@type":"ImageObject","inLanguage":"fr-FR","@id":"https:\/\/www.bellunopress.it\/2026\/08\/15\/il-massacro-di-le-mans-lorrore-nato-nel-silenzio-delle-sorelle-papin\/#primaryimage","url":"https:\/\/www.bellunopress.it\/wp-content\/uploads\/2026\/08\/sorelle-Papin-1933-Le-Mans.jpg","contentUrl":"https:\/\/www.bellunopress.it\/wp-content\/uploads\/2026\/08\/sorelle-Papin-1933-Le-Mans.jpg","width":1035,"height":903,"caption":"Le sorelle Papin"},{"@type":"BreadcrumbList","@id":"https:\/\/www.bellunopress.it\/2026\/08\/15\/il-massacro-di-le-mans-lorrore-nato-nel-silenzio-delle-sorelle-papin\/#breadcrumb","itemListElement":[{"@type":"ListItem","position":1,"name":"Home","item":"https:\/\/www.bellunopress.it\/"},{"@type":"ListItem","position":2,"name":"Il massacro di Le Mans: l&#8217;orrore nato nel silenzio delle sorelle Papin"}]},{"@type":"WebSite","@id":"https:\/\/www.bellunopress.it\/#website","url":"https:\/\/www.bellunopress.it\/","name":"Bellunopress - Dolomiti","description":"e-mail: redazione@bellunopress.it","publisher":{"@id":"https:\/\/www.bellunopress.it\/#organization"},"potentialAction":[{"@type":"SearchAction","target":{"@type":"EntryPoint","urlTemplate":"https:\/\/www.bellunopress.it\/?s={search_term_string}"},"query-input":{"@type":"PropertyValueSpecification","valueRequired":true,"valueName":"search_term_string"}}],"inLanguage":"fr-FR"},{"@type":"Organization","@id":"https:\/\/www.bellunopress.it\/#organization","name":"Bellunopress","url":"https:\/\/www.bellunopress.it\/","logo":{"@type":"ImageObject","inLanguage":"fr-FR","@id":"https:\/\/www.bellunopress.it\/#\/schema\/logo\/image\/","url":"https:\/\/www.bellunopress.it\/wp-content\/uploads\/2011\/05\/cropped-logo-bellunopress-.jpg","contentUrl":"https:\/\/www.bellunopress.it\/wp-content\/uploads\/2011\/05\/cropped-logo-bellunopress-.jpg","width":512,"height":512,"caption":"Bellunopress"},"image":{"@id":"https:\/\/www.bellunopress.it\/#\/schema\/logo\/image\/"},"sameAs":["https:\/\/www.facebook.com\/profile.php?id=100008943462799","https:\/\/x.com\/bellunopress","https:\/\/www.linkedin.com\/hp\/?dnr=JBzUWaJfMUw8vbXJJ2tVW5-I3jZKvC4wsoxE&amp;amp;amp;amp;amp;amp;trk=nav_responsive_tab_home","https:\/\/www.youtube.com\/channel\/UCxL0wu1uN0_3_7hGG0306cw"]},{"@type":"Person","@id":"https:\/\/www.bellunopress.it\/#\/schema\/person\/79bb06722b37ece1c03d3e94beb30d73","name":"r\u00e9daction","image":{"@type":"ImageObject","inLanguage":"fr-FR","@id":"https:\/\/secure.gravatar.com\/avatar\/37d968a2e67a6fd04c169c4bdef102d0bc5d31b2546345219e348575eb80e9a0?s=96&d=mm&r=g","url":"https:\/\/secure.gravatar.com\/avatar\/37d968a2e67a6fd04c169c4bdef102d0bc5d31b2546345219e348575eb80e9a0?s=96&d=mm&r=g","contentUrl":"https:\/\/secure.gravatar.com\/avatar\/37d968a2e67a6fd04c169c4bdef102d0bc5d31b2546345219e348575eb80e9a0?s=96&d=mm&r=g","caption":"redazione"},"sameAs":["http:\/\/www.bellunopress.it","https:\/\/x.com\/bellunopress"],"url":"https:\/\/www.bellunopress.it\/fr\/author\/redazione\/"}]}},"_links":{"self":[{"href":"https:\/\/www.bellunopress.it\/fr\/wp-json\/wp\/v2\/posts\/172655","targetHints":{"allow":["GET"]}}],"collection":[{"href":"https:\/\/www.bellunopress.it\/fr\/wp-json\/wp\/v2\/posts"}],"about":[{"href":"https:\/\/www.bellunopress.it\/fr\/wp-json\/wp\/v2\/types\/post"}],"author":[{"embeddable":true,"href":"https:\/\/www.bellunopress.it\/fr\/wp-json\/wp\/v2\/users\/2"}],"replies":[{"embeddable":true,"href":"https:\/\/www.bellunopress.it\/fr\/wp-json\/wp\/v2\/comments?post=172655"}],"version-history":[{"count":1,"href":"https:\/\/www.bellunopress.it\/fr\/wp-json\/wp\/v2\/posts\/172655\/revisions"}],"predecessor-version":[{"id":172657,"href":"https:\/\/www.bellunopress.it\/fr\/wp-json\/wp\/v2\/posts\/172655\/revisions\/172657"}],"wp:featuredmedia":[{"embeddable":true,"href":"https:\/\/www.bellunopress.it\/fr\/wp-json\/wp\/v2\/media\/172656"}],"wp:attachment":[{"href":"https:\/\/www.bellunopress.it\/fr\/wp-json\/wp\/v2\/media?parent=172655"}],"wp:term":[{"taxonomy":"category","embeddable":true,"href":"https:\/\/www.bellunopress.it\/fr\/wp-json\/wp\/v2\/categories?post=172655"},{"taxonomy":"post_tag","embeddable":true,"href":"https:\/\/www.bellunopress.it\/fr\/wp-json\/wp\/v2\/tags?post=172655"}],"curies":[{"name":"wp","href":"https:\/\/api.w.org\/{rel}","templated":true}]}}