{"id":172650,"date":"2026-08-15T07:24:53","date_gmt":"2026-08-15T05:24:53","guid":{"rendered":"https:\/\/www.bellunopress.it\/?p=172650"},"modified":"2026-08-15T07:24:53","modified_gmt":"2026-08-15T05:24:53","slug":"belluno-sanita-il-dottor-roberto-agnoli-e-il-nuovo-medico-di-base-a-castion","status":"publish","type":"post","link":"https:\/\/www.bellunopress.it\/fr\/2026\/08\/15\/belluno-sanita-il-dottor-roberto-agnoli-e-il-nuovo-medico-di-base-a-castion\/","title":{"rendered":"Belluno, sanit\u00e0: il dottor Roberto Agnoli \u00e8 il nuovo medico di base a Castion"},"content":{"rendered":"<p data-path-to-node=\"3\"><b data-path-to-node=\"3\" data-index-in-node=\"0\">Dal 1\u00b0 settembre il medico feltrino prender\u00e0 servizio nell\u2019ambulatorio di via Primo Maggio. Gli assistiti dell\u2019ex dottoressa Pavan saranno assegnati d\u2019ufficio al nuovo professionista.<\/b><\/p>\n<p data-path-to-node=\"4\">Castion (Belluno), 15\/08\/2026 &#8211; \u00a0Novit\u00e0 importanti per la medicina territoriale a Castion. A partire dal prossimo 1\u00b0 settembre 2026, la comunit\u00e0 bellunese accoglier\u00e0 il dottor Roberto Agnoli come nuovo medico di famiglia.<\/p>\n<p data-path-to-node=\"5\">Il dottor Agnoli, di origini feltrine, ha completato il suo percorso accademico laureandosi in Medicina e Chirurgia presso l&#8217;Universit\u00e0 di Padova e ha recentemente conseguito il diploma di formazione specifica in medicina generale.<\/p>\n<p data-path-to-node=\"7\">Per agevolare il passaggio di consegne e garantire continuit\u00e0 assistenziale, l\u2019Ulss 1 Dolomiti ha stabilito che gli assistiti che erano in carico alla dottoressa Pavan saranno assegnati automaticamente al dottor Agnoli, senza la necessit\u00e0 di ulteriori passaggi burocratici da parte dei cittadini.<\/p>\n<p data-path-to-node=\"9\">Il medico ricever\u00e0 i pazienti presso l\u2019ambulatorio situato in via Primo Maggio, 22, a Castion. Le visite si svolgeranno esclusivamente su appuntamento secondo il seguente calendario:<\/p>\n<ul data-path-to-node=\"10\">\n<li>\n<p data-path-to-node=\"10,0,0\">Luned\u00ec: 10:30 \u2013 13:00<\/p>\n<\/li>\n<li>\n<p data-path-to-node=\"10,1,0\">Marted\u00ec: 15:00 \u2013 17:00<\/p>\n<\/li>\n<li>\n<p data-path-to-node=\"10,2,0\">Mercoled\u00ec: 10:30 \u2013 13:00<\/p>\n<\/li>\n<li>\n<p data-path-to-node=\"10,3,0\">Gioved\u00ec: 15:00 \u2013 17:00<\/p>\n<\/li>\n<li>\n<p data-path-to-node=\"10,4,0\">Venerd\u00ec: 10:30 \u2013 13:00<\/p>\n<\/li>\n<\/ul>\n<p data-path-to-node=\"11\">Per quanto riguarda la reperibilit\u00e0 telefonica, il dottor Agnoli sar\u00e0 contattabile dal luned\u00ec al venerd\u00ec, dalle ore 9:00 alle 10:30, al numero 329 5625382. \u00c8 inoltre possibile comunicare via email all&#8217;indirizzo mmg.agnoli@gmail.com.<\/p>\n<p data-path-to-node=\"13\">Il dottor Agnoli ha espresso grande entusiasmo per questo nuovo incarico: \u00abSono felice di iniziare la mia attivit\u00e0 come medico di famiglia nel bellunese. Spero di diventare un valido aiuto per la comunit\u00e0 di Castion e di riuscire ad instaurare un buon rapporto di fiducia con i miei futuri assistiti\u00bb.<\/p>\n<p data-path-to-node=\"14\">Il nuovo medico ha inoltre rivolto un ringraziamento speciale alla dottoressa Pavan e alla segretaria Tania per aver facilitato il suo inserimento, alla direzione dell&#8217;Ulss Dolomiti per il supporto ricevuto e al parroco don Marco, che ha messo a disposizione i locali dell&#8217;ambulatorio.<\/p>\n<p data-path-to-node=\"15\">L\u2019Ulss 1 Dolomiti ha dato il benvenuto al nuovo medico, confermando il massimo supporto per il suo insediamento e per la futura attivit\u00e0 al servizio della popolazione di Castion.<\/p>","protected":false},"excerpt":{"rendered":"<p>Dal 1\u00b0 settembre il medico feltrino prender\u00e0 servizio nell\u2019ambulatorio di via Primo Maggio. Gli assistiti dell\u2019ex dottoressa Pavan saranno assegnati d\u2019ufficio al nuovo professionista. Castion (Belluno), 15\/08\/2026 &#8211; \u00a0Novit\u00e0 importanti per la medicina territoriale a Castion. A partire dal prossimo 1\u00b0 settembre 2026, la comunit\u00e0 bellunese accoglier\u00e0 il dottor Roberto Agnoli come nuovo medico di [&hellip;]<\/p>\n","protected":false},"author":2,"featured_media":172651,"comment_status":"closed","ping_status":"open","sticky":false,"template":"","format":"standard","meta":{"footnotes":""},"categories":[26,17],"tags":[],"class_list":["post-172650","post","type-post","status-publish","format-standard","has-post-thumbnail","category-prima-pagina","category-sanita"],"yoast_head":"<!-- This site is optimized with the Yoast SEO plugin v28.4 - https:\/\/yoast.com\/product\/yoast-seo-wordpress\/ -->\n<title>Belluno, sanit\u00e0: il dottor Roberto Agnoli \u00e8 il nuovo medico di base a Castion - Bellunopress - Dolomiti<\/title>\n<meta name=\"robots\" content=\"index, follow, max-snippet:-1, max-image-preview:large, max-video-preview:-1\" \/>\n<link rel=\"canonical\" href=\"https:\/\/www.bellunopress.it\/fr\/2026\/08\/15\/belluno-sanita-il-dottor-roberto-agnoli-e-il-nuovo-medico-di-base-a-castion\/\" \/>\n<meta property=\"og:locale\" content=\"fr_FR\" \/>\n<meta property=\"og:type\" content=\"article\" \/>\n<meta property=\"og:title\" content=\"Belluno, sanit\u00e0: il dottor Roberto Agnoli \u00e8 il nuovo medico di base a Castion - Bellunopress - Dolomiti\" \/>\n<meta property=\"og:description\" content=\"Dal 1\u00b0 settembre il medico feltrino prender\u00e0 servizio nell\u2019ambulatorio di via Primo Maggio. Gli assistiti dell\u2019ex dottoressa Pavan saranno assegnati d\u2019ufficio al nuovo professionista. Castion (Belluno), 15\/08\/2026 &#8211; \u00a0Novit\u00e0 importanti per la medicina territoriale a Castion. A partire dal prossimo 1\u00b0 settembre 2026, la comunit\u00e0 bellunese accoglier\u00e0 il dottor Roberto Agnoli come nuovo medico di [&hellip;]\" \/>\n<meta property=\"og:url\" content=\"https:\/\/www.bellunopress.it\/fr\/2026\/08\/15\/belluno-sanita-il-dottor-roberto-agnoli-e-il-nuovo-medico-di-base-a-castion\/\" \/>\n<meta property=\"og:site_name\" content=\"Bellunopress - Dolomiti\" \/>\n<meta property=\"article:publisher\" content=\"https:\/\/www.facebook.com\/profile.php?id=100008943462799\" \/>\n<meta property=\"article:published_time\" content=\"2026-08-15T05:24:53+00:00\" \/>\n<meta property=\"og:image\" content=\"https:\/\/www.bellunopress.it\/wp-content\/uploads\/2026\/08\/Roberto-Agnoli-medico-di-Base-a-Castion.jpg\" \/>\n\t<meta property=\"og:image:width\" content=\"303\" \/>\n\t<meta property=\"og:image:height\" content=\"373\" \/>\n\t<meta property=\"og:image:type\" content=\"image\/jpeg\" \/>\n<meta name=\"author\" content=\"redazione\" \/>\n<meta name=\"twitter:card\" content=\"summary_large_image\" \/>\n<meta name=\"twitter:creator\" content=\"@bellunopress\" \/>\n<meta name=\"twitter:site\" content=\"@bellunopress\" \/>\n<meta name=\"twitter:label1\" content=\"Written by\" \/>\n\t<meta name=\"twitter:data1\" content=\"redazione\" \/>\n\t<meta name=\"twitter:label2\" content=\"Est. reading time\" \/>\n\t<meta name=\"twitter:data2\" content=\"2 minutes\" \/>\n<script type=\"application\/ld+json\" class=\"yoast-schema-graph\">{\"@context\":\"https:\\\/\\\/schema.org\",\"@graph\":[{\"@type\":\"Article\",\"@id\":\"https:\\\/\\\/www.bellunopress.it\\\/2026\\\/08\\\/15\\\/belluno-sanita-il-dottor-roberto-agnoli-e-il-nuovo-medico-di-base-a-castion\\\/#article\",\"isPartOf\":{\"@id\":\"https:\\\/\\\/www.bellunopress.it\\\/2026\\\/08\\\/15\\\/belluno-sanita-il-dottor-roberto-agnoli-e-il-nuovo-medico-di-base-a-castion\\\/\"},\"author\":{\"name\":\"redazione\",\"@id\":\"https:\\\/\\\/www.bellunopress.it\\\/#\\\/schema\\\/person\\\/79bb06722b37ece1c03d3e94beb30d73\"},\"headline\":\"Belluno, sanit\u00e0: il dottor Roberto Agnoli \u00e8 il nuovo medico di base a Castion\",\"datePublished\":\"2026-08-15T05:24:53+00:00\",\"mainEntityOfPage\":{\"@id\":\"https:\\\/\\\/www.bellunopress.it\\\/2026\\\/08\\\/15\\\/belluno-sanita-il-dottor-roberto-agnoli-e-il-nuovo-medico-di-base-a-castion\\\/\"},\"wordCount\":330,\"publisher\":{\"@id\":\"https:\\\/\\\/www.bellunopress.it\\\/#organization\"},\"image\":{\"@id\":\"https:\\\/\\\/www.bellunopress.it\\\/2026\\\/08\\\/15\\\/belluno-sanita-il-dottor-roberto-agnoli-e-il-nuovo-medico-di-base-a-castion\\\/#primaryimage\"},\"thumbnailUrl\":\"https:\\\/\\\/www.bellunopress.it\\\/wp-content\\\/uploads\\\/2026\\\/08\\\/Roberto-Agnoli-medico-di-Base-a-Castion.jpg\",\"articleSection\":[\"Prima Pagina\",\"Sanit\u00e0 Medicina\"],\"inLanguage\":\"fr-FR\"},{\"@type\":\"WebPage\",\"@id\":\"https:\\\/\\\/www.bellunopress.it\\\/2026\\\/08\\\/15\\\/belluno-sanita-il-dottor-roberto-agnoli-e-il-nuovo-medico-di-base-a-castion\\\/\",\"url\":\"https:\\\/\\\/www.bellunopress.it\\\/2026\\\/08\\\/15\\\/belluno-sanita-il-dottor-roberto-agnoli-e-il-nuovo-medico-di-base-a-castion\\\/\",\"name\":\"Belluno, sanit\u00e0: il dottor Roberto Agnoli \u00e8 il nuovo medico di base a Castion - Bellunopress - Dolomiti\",\"isPartOf\":{\"@id\":\"https:\\\/\\\/www.bellunopress.it\\\/#website\"},\"primaryImageOfPage\":{\"@id\":\"https:\\\/\\\/www.bellunopress.it\\\/2026\\\/08\\\/15\\\/belluno-sanita-il-dottor-roberto-agnoli-e-il-nuovo-medico-di-base-a-castion\\\/#primaryimage\"},\"image\":{\"@id\":\"https:\\\/\\\/www.bellunopress.it\\\/2026\\\/08\\\/15\\\/belluno-sanita-il-dottor-roberto-agnoli-e-il-nuovo-medico-di-base-a-castion\\\/#primaryimage\"},\"thumbnailUrl\":\"https:\\\/\\\/www.bellunopress.it\\\/wp-content\\\/uploads\\\/2026\\\/08\\\/Roberto-Agnoli-medico-di-Base-a-Castion.jpg\",\"datePublished\":\"2026-08-15T05:24:53+00:00\",\"breadcrumb\":{\"@id\":\"https:\\\/\\\/www.bellunopress.it\\\/2026\\\/08\\\/15\\\/belluno-sanita-il-dottor-roberto-agnoli-e-il-nuovo-medico-di-base-a-castion\\\/#breadcrumb\"},\"inLanguage\":\"fr-FR\",\"potentialAction\":[{\"@type\":\"ReadAction\",\"target\":[\"https:\\\/\\\/www.bellunopress.it\\\/2026\\\/08\\\/15\\\/belluno-sanita-il-dottor-roberto-agnoli-e-il-nuovo-medico-di-base-a-castion\\\/\"]}]},{\"@type\":\"ImageObject\",\"inLanguage\":\"fr-FR\",\"@id\":\"https:\\\/\\\/www.bellunopress.it\\\/2026\\\/08\\\/15\\\/belluno-sanita-il-dottor-roberto-agnoli-e-il-nuovo-medico-di-base-a-castion\\\/#primaryimage\",\"url\":\"https:\\\/\\\/www.bellunopress.it\\\/wp-content\\\/uploads\\\/2026\\\/08\\\/Roberto-Agnoli-medico-di-Base-a-Castion.jpg\",\"contentUrl\":\"https:\\\/\\\/www.bellunopress.it\\\/wp-content\\\/uploads\\\/2026\\\/08\\\/Roberto-Agnoli-medico-di-Base-a-Castion.jpg\",\"width\":303,\"height\":373,\"caption\":\"Roberto Agnoli, medico di Base a Castion (Belluno)\"},{\"@type\":\"BreadcrumbList\",\"@id\":\"https:\\\/\\\/www.bellunopress.it\\\/2026\\\/08\\\/15\\\/belluno-sanita-il-dottor-roberto-agnoli-e-il-nuovo-medico-di-base-a-castion\\\/#breadcrumb\",\"itemListElement\":[{\"@type\":\"ListItem\",\"position\":1,\"name\":\"Home\",\"item\":\"https:\\\/\\\/www.bellunopress.it\\\/\"},{\"@type\":\"ListItem\",\"position\":2,\"name\":\"Belluno, sanit\u00e0: il dottor Roberto Agnoli \u00e8 il nuovo medico di base a Castion\"}]},{\"@type\":\"WebSite\",\"@id\":\"https:\\\/\\\/www.bellunopress.it\\\/#website\",\"url\":\"https:\\\/\\\/www.bellunopress.it\\\/\",\"name\":\"Bellunopress - Dolomiti\",\"description\":\"e-mail: redazione@bellunopress.it\",\"publisher\":{\"@id\":\"https:\\\/\\\/www.bellunopress.it\\\/#organization\"},\"potentialAction\":[{\"@type\":\"SearchAction\",\"target\":{\"@type\":\"EntryPoint\",\"urlTemplate\":\"https:\\\/\\\/www.bellunopress.it\\\/?s={search_term_string}\"},\"query-input\":{\"@type\":\"PropertyValueSpecification\",\"valueRequired\":true,\"valueName\":\"search_term_string\"}}],\"inLanguage\":\"fr-FR\"},{\"@type\":\"Organization\",\"@id\":\"https:\\\/\\\/www.bellunopress.it\\\/#organization\",\"name\":\"Bellunopress\",\"url\":\"https:\\\/\\\/www.bellunopress.it\\\/\",\"logo\":{\"@type\":\"ImageObject\",\"inLanguage\":\"fr-FR\",\"@id\":\"https:\\\/\\\/www.bellunopress.it\\\/#\\\/schema\\\/logo\\\/image\\\/\",\"url\":\"https:\\\/\\\/www.bellunopress.it\\\/wp-content\\\/uploads\\\/2011\\\/05\\\/cropped-logo-bellunopress-.jpg\",\"contentUrl\":\"https:\\\/\\\/www.bellunopress.it\\\/wp-content\\\/uploads\\\/2011\\\/05\\\/cropped-logo-bellunopress-.jpg\",\"width\":512,\"height\":512,\"caption\":\"Bellunopress\"},\"image\":{\"@id\":\"https:\\\/\\\/www.bellunopress.it\\\/#\\\/schema\\\/logo\\\/image\\\/\"},\"sameAs\":[\"https:\\\/\\\/www.facebook.com\\\/profile.php?id=100008943462799\",\"https:\\\/\\\/x.com\\\/bellunopress\",\"https:\\\/\\\/www.linkedin.com\\\/hp\\\/?dnr=JBzUWaJfMUw8vbXJJ2tVW5-I3jZKvC4wsoxE&amp;amp;amp;amp;amp;amp;trk=nav_responsive_tab_home\",\"https:\\\/\\\/www.youtube.com\\\/channel\\\/UCxL0wu1uN0_3_7hGG0306cw\"]},{\"@type\":\"Person\",\"@id\":\"https:\\\/\\\/www.bellunopress.it\\\/#\\\/schema\\\/person\\\/79bb06722b37ece1c03d3e94beb30d73\",\"name\":\"redazione\",\"image\":{\"@type\":\"ImageObject\",\"inLanguage\":\"fr-FR\",\"@id\":\"https:\\\/\\\/secure.gravatar.com\\\/avatar\\\/37d968a2e67a6fd04c169c4bdef102d0bc5d31b2546345219e348575eb80e9a0?s=96&d=mm&r=g\",\"url\":\"https:\\\/\\\/secure.gravatar.com\\\/avatar\\\/37d968a2e67a6fd04c169c4bdef102d0bc5d31b2546345219e348575eb80e9a0?s=96&d=mm&r=g\",\"contentUrl\":\"https:\\\/\\\/secure.gravatar.com\\\/avatar\\\/37d968a2e67a6fd04c169c4bdef102d0bc5d31b2546345219e348575eb80e9a0?s=96&d=mm&r=g\",\"caption\":\"redazione\"},\"sameAs\":[\"http:\\\/\\\/www.bellunopress.it\",\"https:\\\/\\\/x.com\\\/bellunopress\"],\"url\":\"https:\\\/\\\/www.bellunopress.it\\\/fr\\\/author\\\/redazione\\\/\"}]}<\/script>\n<!-- \/ Yoast SEO plugin. -->","yoast_head_json":{"title":"Belluno, sanit\u00e0: il dottor Roberto Agnoli \u00e8 il nuovo medico di base a Castion - Bellunopress - Dolomiti","robots":{"index":"index","follow":"follow","max-snippet":"max-snippet:-1","max-image-preview":"max-image-preview:large","max-video-preview":"max-video-preview:-1"},"canonical":"https:\/\/www.bellunopress.it\/fr\/2026\/08\/15\/belluno-sanita-il-dottor-roberto-agnoli-e-il-nuovo-medico-di-base-a-castion\/","og_locale":"fr_FR","og_type":"article","og_title":"Belluno, sanit\u00e0: il dottor Roberto Agnoli \u00e8 il nuovo medico di base a Castion - Bellunopress - Dolomiti","og_description":"Dal 1\u00b0 settembre il medico feltrino prender\u00e0 servizio nell\u2019ambulatorio di via Primo Maggio. Gli assistiti dell\u2019ex dottoressa Pavan saranno assegnati d\u2019ufficio al nuovo professionista. Castion (Belluno), 15\/08\/2026 &#8211; \u00a0Novit\u00e0 importanti per la medicina territoriale a Castion. A partire dal prossimo 1\u00b0 settembre 2026, la comunit\u00e0 bellunese accoglier\u00e0 il dottor Roberto Agnoli come nuovo medico di [&hellip;]","og_url":"https:\/\/www.bellunopress.it\/fr\/2026\/08\/15\/belluno-sanita-il-dottor-roberto-agnoli-e-il-nuovo-medico-di-base-a-castion\/","og_site_name":"Bellunopress - Dolomiti","article_publisher":"https:\/\/www.facebook.com\/profile.php?id=100008943462799","article_published_time":"2026-08-15T05:24:53+00:00","og_image":[{"width":303,"height":373,"url":"https:\/\/www.bellunopress.it\/wp-content\/uploads\/2026\/08\/Roberto-Agnoli-medico-di-Base-a-Castion.jpg","type":"image\/jpeg"}],"author":"redazione","twitter_card":"summary_large_image","twitter_creator":"@bellunopress","twitter_site":"@bellunopress","twitter_misc":{"Written by":"redazione","Est. reading time":"2 minutes"},"schema":{"@context":"https:\/\/schema.org","@graph":[{"@type":"Article","@id":"https:\/\/www.bellunopress.it\/2026\/08\/15\/belluno-sanita-il-dottor-roberto-agnoli-e-il-nuovo-medico-di-base-a-castion\/#article","isPartOf":{"@id":"https:\/\/www.bellunopress.it\/2026\/08\/15\/belluno-sanita-il-dottor-roberto-agnoli-e-il-nuovo-medico-di-base-a-castion\/"},"author":{"name":"redazione","@id":"https:\/\/www.bellunopress.it\/#\/schema\/person\/79bb06722b37ece1c03d3e94beb30d73"},"headline":"Belluno, sanit\u00e0: il dottor Roberto Agnoli \u00e8 il nuovo medico di base a Castion","datePublished":"2026-08-15T05:24:53+00:00","mainEntityOfPage":{"@id":"https:\/\/www.bellunopress.it\/2026\/08\/15\/belluno-sanita-il-dottor-roberto-agnoli-e-il-nuovo-medico-di-base-a-castion\/"},"wordCount":330,"publisher":{"@id":"https:\/\/www.bellunopress.it\/#organization"},"image":{"@id":"https:\/\/www.bellunopress.it\/2026\/08\/15\/belluno-sanita-il-dottor-roberto-agnoli-e-il-nuovo-medico-di-base-a-castion\/#primaryimage"},"thumbnailUrl":"https:\/\/www.bellunopress.it\/wp-content\/uploads\/2026\/08\/Roberto-Agnoli-medico-di-Base-a-Castion.jpg","articleSection":["Prima Pagina","Sanit\u00e0 Medicina"],"inLanguage":"fr-FR"},{"@type":"WebPage","@id":"https:\/\/www.bellunopress.it\/2026\/08\/15\/belluno-sanita-il-dottor-roberto-agnoli-e-il-nuovo-medico-di-base-a-castion\/","url":"https:\/\/www.bellunopress.it\/2026\/08\/15\/belluno-sanita-il-dottor-roberto-agnoli-e-il-nuovo-medico-di-base-a-castion\/","name":"Belluno, sanit\u00e0: il dottor Roberto Agnoli \u00e8 il nuovo medico di base a Castion - Bellunopress - Dolomiti","isPartOf":{"@id":"https:\/\/www.bellunopress.it\/#website"},"primaryImageOfPage":{"@id":"https:\/\/www.bellunopress.it\/2026\/08\/15\/belluno-sanita-il-dottor-roberto-agnoli-e-il-nuovo-medico-di-base-a-castion\/#primaryimage"},"image":{"@id":"https:\/\/www.bellunopress.it\/2026\/08\/15\/belluno-sanita-il-dottor-roberto-agnoli-e-il-nuovo-medico-di-base-a-castion\/#primaryimage"},"thumbnailUrl":"https:\/\/www.bellunopress.it\/wp-content\/uploads\/2026\/08\/Roberto-Agnoli-medico-di-Base-a-Castion.jpg","datePublished":"2026-08-15T05:24:53+00:00","breadcrumb":{"@id":"https:\/\/www.bellunopress.it\/2026\/08\/15\/belluno-sanita-il-dottor-roberto-agnoli-e-il-nuovo-medico-di-base-a-castion\/#breadcrumb"},"inLanguage":"fr-FR","potentialAction":[{"@type":"ReadAction","target":["https:\/\/www.bellunopress.it\/2026\/08\/15\/belluno-sanita-il-dottor-roberto-agnoli-e-il-nuovo-medico-di-base-a-castion\/"]}]},{"@type":"ImageObject","inLanguage":"fr-FR","@id":"https:\/\/www.bellunopress.it\/2026\/08\/15\/belluno-sanita-il-dottor-roberto-agnoli-e-il-nuovo-medico-di-base-a-castion\/#primaryimage","url":"https:\/\/www.bellunopress.it\/wp-content\/uploads\/2026\/08\/Roberto-Agnoli-medico-di-Base-a-Castion.jpg","contentUrl":"https:\/\/www.bellunopress.it\/wp-content\/uploads\/2026\/08\/Roberto-Agnoli-medico-di-Base-a-Castion.jpg","width":303,"height":373,"caption":"Roberto Agnoli, medico di Base a Castion (Belluno)"},{"@type":"BreadcrumbList","@id":"https:\/\/www.bellunopress.it\/2026\/08\/15\/belluno-sanita-il-dottor-roberto-agnoli-e-il-nuovo-medico-di-base-a-castion\/#breadcrumb","itemListElement":[{"@type":"ListItem","position":1,"name":"Home","item":"https:\/\/www.bellunopress.it\/"},{"@type":"ListItem","position":2,"name":"Belluno, sanit\u00e0: il dottor Roberto Agnoli \u00e8 il nuovo medico di base a Castion"}]},{"@type":"WebSite","@id":"https:\/\/www.bellunopress.it\/#website","url":"https:\/\/www.bellunopress.it\/","name":"Bellunopress - Dolomiti","description":"e-mail: redazione@bellunopress.it","publisher":{"@id":"https:\/\/www.bellunopress.it\/#organization"},"potentialAction":[{"@type":"SearchAction","target":{"@type":"EntryPoint","urlTemplate":"https:\/\/www.bellunopress.it\/?s={search_term_string}"},"query-input":{"@type":"PropertyValueSpecification","valueRequired":true,"valueName":"search_term_string"}}],"inLanguage":"fr-FR"},{"@type":"Organization","@id":"https:\/\/www.bellunopress.it\/#organization","name":"Bellunopress","url":"https:\/\/www.bellunopress.it\/","logo":{"@type":"ImageObject","inLanguage":"fr-FR","@id":"https:\/\/www.bellunopress.it\/#\/schema\/logo\/image\/","url":"https:\/\/www.bellunopress.it\/wp-content\/uploads\/2011\/05\/cropped-logo-bellunopress-.jpg","contentUrl":"https:\/\/www.bellunopress.it\/wp-content\/uploads\/2011\/05\/cropped-logo-bellunopress-.jpg","width":512,"height":512,"caption":"Bellunopress"},"image":{"@id":"https:\/\/www.bellunopress.it\/#\/schema\/logo\/image\/"},"sameAs":["https:\/\/www.facebook.com\/profile.php?id=100008943462799","https:\/\/x.com\/bellunopress","https:\/\/www.linkedin.com\/hp\/?dnr=JBzUWaJfMUw8vbXJJ2tVW5-I3jZKvC4wsoxE&amp;amp;amp;amp;amp;amp;trk=nav_responsive_tab_home","https:\/\/www.youtube.com\/channel\/UCxL0wu1uN0_3_7hGG0306cw"]},{"@type":"Person","@id":"https:\/\/www.bellunopress.it\/#\/schema\/person\/79bb06722b37ece1c03d3e94beb30d73","name":"r\u00e9daction","image":{"@type":"ImageObject","inLanguage":"fr-FR","@id":"https:\/\/secure.gravatar.com\/avatar\/37d968a2e67a6fd04c169c4bdef102d0bc5d31b2546345219e348575eb80e9a0?s=96&d=mm&r=g","url":"https:\/\/secure.gravatar.com\/avatar\/37d968a2e67a6fd04c169c4bdef102d0bc5d31b2546345219e348575eb80e9a0?s=96&d=mm&r=g","contentUrl":"https:\/\/secure.gravatar.com\/avatar\/37d968a2e67a6fd04c169c4bdef102d0bc5d31b2546345219e348575eb80e9a0?s=96&d=mm&r=g","caption":"redazione"},"sameAs":["http:\/\/www.bellunopress.it","https:\/\/x.com\/bellunopress"],"url":"https:\/\/www.bellunopress.it\/fr\/author\/redazione\/"}]}},"_links":{"self":[{"href":"https:\/\/www.bellunopress.it\/fr\/wp-json\/wp\/v2\/posts\/172650","targetHints":{"allow":["GET"]}}],"collection":[{"href":"https:\/\/www.bellunopress.it\/fr\/wp-json\/wp\/v2\/posts"}],"about":[{"href":"https:\/\/www.bellunopress.it\/fr\/wp-json\/wp\/v2\/types\/post"}],"author":[{"embeddable":true,"href":"https:\/\/www.bellunopress.it\/fr\/wp-json\/wp\/v2\/users\/2"}],"replies":[{"embeddable":true,"href":"https:\/\/www.bellunopress.it\/fr\/wp-json\/wp\/v2\/comments?post=172650"}],"version-history":[{"count":1,"href":"https:\/\/www.bellunopress.it\/fr\/wp-json\/wp\/v2\/posts\/172650\/revisions"}],"predecessor-version":[{"id":172652,"href":"https:\/\/www.bellunopress.it\/fr\/wp-json\/wp\/v2\/posts\/172650\/revisions\/172652"}],"wp:featuredmedia":[{"embeddable":true,"href":"https:\/\/www.bellunopress.it\/fr\/wp-json\/wp\/v2\/media\/172651"}],"wp:attachment":[{"href":"https:\/\/www.bellunopress.it\/fr\/wp-json\/wp\/v2\/media?parent=172650"}],"wp:term":[{"taxonomy":"category","embeddable":true,"href":"https:\/\/www.bellunopress.it\/fr\/wp-json\/wp\/v2\/categories?post=172650"},{"taxonomy":"post_tag","embeddable":true,"href":"https:\/\/www.bellunopress.it\/fr\/wp-json\/wp\/v2\/tags?post=172650"}],"curies":[{"name":"wp","href":"https:\/\/api.w.org\/{rel}","templated":true}]}}