{"id":172648,"date":"2026-08-14T16:19:56","date_gmt":"2026-08-14T14:19:56","guid":{"rendered":"https:\/\/www.bellunopress.it\/?p=172648"},"modified":"2026-08-14T16:19:56","modified_gmt":"2026-08-14T14:19:56","slug":"hydro-feltre-sindaco-fusaro-lo-stabilimento-puo-continuare-a-produrre","status":"publish","type":"post","link":"https:\/\/www.bellunopress.it\/fr\/2026\/08\/14\/hydro-feltre-sindaco-fusaro-lo-stabilimento-puo-continuare-a-produrre\/","title":{"rendered":"Hydro Feltre. Sindaco Fusaro: &#8220;Lo stabilimento pu\u00f2 continuare a produrre&#8221;"},"content":{"rendered":"<p>Feltre, 14\/08\/2026 &#8211; &#8220;La notizia che la cabina elettrica \u00e8 stata ripristinata \u00e8 sicuramente positiva: significa che non ci sono scuse, lo stabilimento \u00e8 nelle condizioni di ripartire e, in un momento in cui stiamo cercando di costruire un futuro per lo stabilimento Hydro di Feltre, non \u00e8 un aspetto secondario&#8221;.<\/p>\n<p>Lo afferma il sindaco di Feltre Viviana Fusaro in una nota stampa odierna.<\/p>\n<p>&#8220;Naturalmente &#8211; prosegie il sinfaco &#8211;\u00a0 sappiamo che questo, da solo, non risolve la situazione. La questione vera rimane la cessione dello sito e soprattutto capire a quali condizioni potr\u00e0 avvenire e quali garanzie ci saranno per i lavoratori.<\/p>\n<p>Per questo l&#8217;incontro al Ministero dei primi di settembre sar\u00e0 un passaggio molto importante. Dopo quanto emerso nelle ultime settimane, credo che sia arrivato il momento di capire concretamente le prossime azioni e quali tempistiche intende seguire la propriet\u00e0.<\/p>\n<p>Oggi per\u00f2 una cosa possiamo dirla: sapere che lo stabilimento pu\u00f2 tornare a produrre \u00e8 un aspetto positivo e concreto. Lo prendiamo come tale e vogliamo guardare con fiducia ai prossimi passaggi, senza nasconderci le difficolt\u00e0 che ancora ci sono. Perch\u00e9 alla fine di questa vicenda ci sono i lavoratori, le loro famiglie e un&#8217;attivit\u00e0 industriale importante per tutto il nostro territorio: \u00e8 per loro che dobbiamo riuscire a trovare una soluzione&#8221;.<\/p>","protected":false},"excerpt":{"rendered":"<p>Feltre, 14\/08\/2026 &#8211; &#8220;La notizia che la cabina elettrica \u00e8 stata ripristinata \u00e8 sicuramente positiva: significa che non ci sono scuse, lo stabilimento \u00e8 nelle condizioni di ripartire e, in un momento in cui stiamo cercando di costruire un futuro per lo stabilimento Hydro di Feltre, non \u00e8 un aspetto secondario&#8221;. Lo afferma il sindaco [&hellip;]<\/p>\n","protected":false},"author":2,"featured_media":156504,"comment_status":"closed","ping_status":"open","sticky":false,"template":"","format":"standard","meta":{"footnotes":""},"categories":[36,26],"tags":[],"class_list":["post-172648","post","type-post","status-publish","format-standard","has-post-thumbnail","category-lavoro-economia","category-prima-pagina"],"yoast_head":"<!-- This site is optimized with the Yoast SEO plugin v28.4 - https:\/\/yoast.com\/product\/yoast-seo-wordpress\/ -->\n<title>Hydro Feltre. Sindaco Fusaro: &quot;Lo stabilimento pu\u00f2 continuare a produrre&quot; - Bellunopress - Dolomiti<\/title>\n<meta name=\"robots\" content=\"index, follow, max-snippet:-1, max-image-preview:large, max-video-preview:-1\" \/>\n<link rel=\"canonical\" href=\"https:\/\/www.bellunopress.it\/fr\/2026\/08\/14\/hydro-feltre-sindaco-fusaro-lo-stabilimento-puo-continuare-a-produrre\/\" \/>\n<meta property=\"og:locale\" content=\"fr_FR\" \/>\n<meta property=\"og:type\" content=\"article\" \/>\n<meta property=\"og:title\" content=\"Hydro Feltre. Sindaco Fusaro: &quot;Lo stabilimento pu\u00f2 continuare a produrre&quot; - Bellunopress - Dolomiti\" \/>\n<meta property=\"og:description\" content=\"Feltre, 14\/08\/2026 &#8211; &#8220;La notizia che la cabina elettrica \u00e8 stata ripristinata \u00e8 sicuramente positiva: significa che non ci sono scuse, lo stabilimento \u00e8 nelle condizioni di ripartire e, in un momento in cui stiamo cercando di costruire un futuro per lo stabilimento Hydro di Feltre, non \u00e8 un aspetto secondario&#8221;. Lo afferma il sindaco [&hellip;]\" \/>\n<meta property=\"og:url\" content=\"https:\/\/www.bellunopress.it\/fr\/2026\/08\/14\/hydro-feltre-sindaco-fusaro-lo-stabilimento-puo-continuare-a-produrre\/\" \/>\n<meta property=\"og:site_name\" content=\"Bellunopress - Dolomiti\" \/>\n<meta property=\"article:publisher\" content=\"https:\/\/www.facebook.com\/profile.php?id=100008943462799\" \/>\n<meta property=\"article:published_time\" content=\"2026-08-14T14:19:56+00:00\" \/>\n<meta property=\"og:image\" content=\"https:\/\/www.bellunopress.it\/wp-content\/uploads\/2024\/12\/Viviana-Fusaro-sindco-di-Feltre-in-Piazza-Maggiore_edited.jpg\" \/>\n\t<meta property=\"og:image:width\" content=\"1000\" \/>\n\t<meta property=\"og:image:height\" content=\"750\" \/>\n\t<meta property=\"og:image:type\" content=\"image\/jpeg\" \/>\n<meta name=\"author\" content=\"redazione\" \/>\n<meta name=\"twitter:card\" content=\"summary_large_image\" \/>\n<meta name=\"twitter:creator\" content=\"@bellunopress\" \/>\n<meta name=\"twitter:site\" content=\"@bellunopress\" \/>\n<meta name=\"twitter:label1\" content=\"Written by\" \/>\n\t<meta name=\"twitter:data1\" content=\"redazione\" \/>\n\t<meta name=\"twitter:label2\" content=\"Est. reading time\" \/>\n\t<meta name=\"twitter:data2\" content=\"2 minutes\" \/>\n<script type=\"application\/ld+json\" class=\"yoast-schema-graph\">{\"@context\":\"https:\\\/\\\/schema.org\",\"@graph\":[{\"@type\":\"Article\",\"@id\":\"https:\\\/\\\/www.bellunopress.it\\\/2026\\\/08\\\/14\\\/hydro-feltre-sindaco-fusaro-lo-stabilimento-puo-continuare-a-produrre\\\/#article\",\"isPartOf\":{\"@id\":\"https:\\\/\\\/www.bellunopress.it\\\/2026\\\/08\\\/14\\\/hydro-feltre-sindaco-fusaro-lo-stabilimento-puo-continuare-a-produrre\\\/\"},\"author\":{\"name\":\"redazione\",\"@id\":\"https:\\\/\\\/www.bellunopress.it\\\/#\\\/schema\\\/person\\\/79bb06722b37ece1c03d3e94beb30d73\"},\"headline\":\"Hydro Feltre. Sindaco Fusaro: &#8220;Lo stabilimento pu\u00f2 continuare a produrre&#8221;\",\"datePublished\":\"2026-08-14T14:19:56+00:00\",\"mainEntityOfPage\":{\"@id\":\"https:\\\/\\\/www.bellunopress.it\\\/2026\\\/08\\\/14\\\/hydro-feltre-sindaco-fusaro-lo-stabilimento-puo-continuare-a-produrre\\\/\"},\"wordCount\":219,\"publisher\":{\"@id\":\"https:\\\/\\\/www.bellunopress.it\\\/#organization\"},\"image\":{\"@id\":\"https:\\\/\\\/www.bellunopress.it\\\/2026\\\/08\\\/14\\\/hydro-feltre-sindaco-fusaro-lo-stabilimento-puo-continuare-a-produrre\\\/#primaryimage\"},\"thumbnailUrl\":\"https:\\\/\\\/www.bellunopress.it\\\/wp-content\\\/uploads\\\/2024\\\/12\\\/Viviana-Fusaro-sindco-di-Feltre-in-Piazza-Maggiore_edited.jpg\",\"articleSection\":[\"Lavoro, Economia, Turismo\",\"Prima Pagina\"],\"inLanguage\":\"fr-FR\"},{\"@type\":\"WebPage\",\"@id\":\"https:\\\/\\\/www.bellunopress.it\\\/2026\\\/08\\\/14\\\/hydro-feltre-sindaco-fusaro-lo-stabilimento-puo-continuare-a-produrre\\\/\",\"url\":\"https:\\\/\\\/www.bellunopress.it\\\/2026\\\/08\\\/14\\\/hydro-feltre-sindaco-fusaro-lo-stabilimento-puo-continuare-a-produrre\\\/\",\"name\":\"Hydro Feltre. Sindaco Fusaro: \\\"Lo stabilimento pu\u00f2 continuare a produrre\\\" - Bellunopress - Dolomiti\",\"isPartOf\":{\"@id\":\"https:\\\/\\\/www.bellunopress.it\\\/#website\"},\"primaryImageOfPage\":{\"@id\":\"https:\\\/\\\/www.bellunopress.it\\\/2026\\\/08\\\/14\\\/hydro-feltre-sindaco-fusaro-lo-stabilimento-puo-continuare-a-produrre\\\/#primaryimage\"},\"image\":{\"@id\":\"https:\\\/\\\/www.bellunopress.it\\\/2026\\\/08\\\/14\\\/hydro-feltre-sindaco-fusaro-lo-stabilimento-puo-continuare-a-produrre\\\/#primaryimage\"},\"thumbnailUrl\":\"https:\\\/\\\/www.bellunopress.it\\\/wp-content\\\/uploads\\\/2024\\\/12\\\/Viviana-Fusaro-sindco-di-Feltre-in-Piazza-Maggiore_edited.jpg\",\"datePublished\":\"2026-08-14T14:19:56+00:00\",\"breadcrumb\":{\"@id\":\"https:\\\/\\\/www.bellunopress.it\\\/2026\\\/08\\\/14\\\/hydro-feltre-sindaco-fusaro-lo-stabilimento-puo-continuare-a-produrre\\\/#breadcrumb\"},\"inLanguage\":\"fr-FR\",\"potentialAction\":[{\"@type\":\"ReadAction\",\"target\":[\"https:\\\/\\\/www.bellunopress.it\\\/2026\\\/08\\\/14\\\/hydro-feltre-sindaco-fusaro-lo-stabilimento-puo-continuare-a-produrre\\\/\"]}]},{\"@type\":\"ImageObject\",\"inLanguage\":\"fr-FR\",\"@id\":\"https:\\\/\\\/www.bellunopress.it\\\/2026\\\/08\\\/14\\\/hydro-feltre-sindaco-fusaro-lo-stabilimento-puo-continuare-a-produrre\\\/#primaryimage\",\"url\":\"https:\\\/\\\/www.bellunopress.it\\\/wp-content\\\/uploads\\\/2024\\\/12\\\/Viviana-Fusaro-sindco-di-Feltre-in-Piazza-Maggiore_edited.jpg\",\"contentUrl\":\"https:\\\/\\\/www.bellunopress.it\\\/wp-content\\\/uploads\\\/2024\\\/12\\\/Viviana-Fusaro-sindco-di-Feltre-in-Piazza-Maggiore_edited.jpg\",\"width\":1000,\"height\":750,\"caption\":\"Viviana Fusaro, sindaco di Feltre - Piazza Maggiore, Feltre\"},{\"@type\":\"BreadcrumbList\",\"@id\":\"https:\\\/\\\/www.bellunopress.it\\\/2026\\\/08\\\/14\\\/hydro-feltre-sindaco-fusaro-lo-stabilimento-puo-continuare-a-produrre\\\/#breadcrumb\",\"itemListElement\":[{\"@type\":\"ListItem\",\"position\":1,\"name\":\"Home\",\"item\":\"https:\\\/\\\/www.bellunopress.it\\\/\"},{\"@type\":\"ListItem\",\"position\":2,\"name\":\"Hydro Feltre. Sindaco Fusaro: &#8220;Lo stabilimento pu\u00f2 continuare a produrre&#8221;\"}]},{\"@type\":\"WebSite\",\"@id\":\"https:\\\/\\\/www.bellunopress.it\\\/#website\",\"url\":\"https:\\\/\\\/www.bellunopress.it\\\/\",\"name\":\"Bellunopress - Dolomiti\",\"description\":\"e-mail: redazione@bellunopress.it\",\"publisher\":{\"@id\":\"https:\\\/\\\/www.bellunopress.it\\\/#organization\"},\"potentialAction\":[{\"@type\":\"SearchAction\",\"target\":{\"@type\":\"EntryPoint\",\"urlTemplate\":\"https:\\\/\\\/www.bellunopress.it\\\/?s={search_term_string}\"},\"query-input\":{\"@type\":\"PropertyValueSpecification\",\"valueRequired\":true,\"valueName\":\"search_term_string\"}}],\"inLanguage\":\"fr-FR\"},{\"@type\":\"Organization\",\"@id\":\"https:\\\/\\\/www.bellunopress.it\\\/#organization\",\"name\":\"Bellunopress\",\"url\":\"https:\\\/\\\/www.bellunopress.it\\\/\",\"logo\":{\"@type\":\"ImageObject\",\"inLanguage\":\"fr-FR\",\"@id\":\"https:\\\/\\\/www.bellunopress.it\\\/#\\\/schema\\\/logo\\\/image\\\/\",\"url\":\"https:\\\/\\\/www.bellunopress.it\\\/wp-content\\\/uploads\\\/2011\\\/05\\\/cropped-logo-bellunopress-.jpg\",\"contentUrl\":\"https:\\\/\\\/www.bellunopress.it\\\/wp-content\\\/uploads\\\/2011\\\/05\\\/cropped-logo-bellunopress-.jpg\",\"width\":512,\"height\":512,\"caption\":\"Bellunopress\"},\"image\":{\"@id\":\"https:\\\/\\\/www.bellunopress.it\\\/#\\\/schema\\\/logo\\\/image\\\/\"},\"sameAs\":[\"https:\\\/\\\/www.facebook.com\\\/profile.php?id=100008943462799\",\"https:\\\/\\\/x.com\\\/bellunopress\",\"https:\\\/\\\/www.linkedin.com\\\/hp\\\/?dnr=JBzUWaJfMUw8vbXJJ2tVW5-I3jZKvC4wsoxE&amp;amp;amp;amp;amp;amp;trk=nav_responsive_tab_home\",\"https:\\\/\\\/www.youtube.com\\\/channel\\\/UCxL0wu1uN0_3_7hGG0306cw\"]},{\"@type\":\"Person\",\"@id\":\"https:\\\/\\\/www.bellunopress.it\\\/#\\\/schema\\\/person\\\/79bb06722b37ece1c03d3e94beb30d73\",\"name\":\"redazione\",\"image\":{\"@type\":\"ImageObject\",\"inLanguage\":\"fr-FR\",\"@id\":\"https:\\\/\\\/secure.gravatar.com\\\/avatar\\\/37d968a2e67a6fd04c169c4bdef102d0bc5d31b2546345219e348575eb80e9a0?s=96&d=mm&r=g\",\"url\":\"https:\\\/\\\/secure.gravatar.com\\\/avatar\\\/37d968a2e67a6fd04c169c4bdef102d0bc5d31b2546345219e348575eb80e9a0?s=96&d=mm&r=g\",\"contentUrl\":\"https:\\\/\\\/secure.gravatar.com\\\/avatar\\\/37d968a2e67a6fd04c169c4bdef102d0bc5d31b2546345219e348575eb80e9a0?s=96&d=mm&r=g\",\"caption\":\"redazione\"},\"sameAs\":[\"http:\\\/\\\/www.bellunopress.it\",\"https:\\\/\\\/x.com\\\/bellunopress\"],\"url\":\"https:\\\/\\\/www.bellunopress.it\\\/fr\\\/author\\\/redazione\\\/\"}]}<\/script>\n<!-- \/ Yoast SEO plugin. -->","yoast_head_json":{"title":"Hydro Feltre. Sindaco Fusaro: \"Lo stabilimento pu\u00f2 continuare a produrre\" - Bellunopress - Dolomiti","robots":{"index":"index","follow":"follow","max-snippet":"max-snippet:-1","max-image-preview":"max-image-preview:large","max-video-preview":"max-video-preview:-1"},"canonical":"https:\/\/www.bellunopress.it\/fr\/2026\/08\/14\/hydro-feltre-sindaco-fusaro-lo-stabilimento-puo-continuare-a-produrre\/","og_locale":"fr_FR","og_type":"article","og_title":"Hydro Feltre. Sindaco Fusaro: \"Lo stabilimento pu\u00f2 continuare a produrre\" - Bellunopress - Dolomiti","og_description":"Feltre, 14\/08\/2026 &#8211; &#8220;La notizia che la cabina elettrica \u00e8 stata ripristinata \u00e8 sicuramente positiva: significa che non ci sono scuse, lo stabilimento \u00e8 nelle condizioni di ripartire e, in un momento in cui stiamo cercando di costruire un futuro per lo stabilimento Hydro di Feltre, non \u00e8 un aspetto secondario&#8221;. Lo afferma il sindaco [&hellip;]","og_url":"https:\/\/www.bellunopress.it\/fr\/2026\/08\/14\/hydro-feltre-sindaco-fusaro-lo-stabilimento-puo-continuare-a-produrre\/","og_site_name":"Bellunopress - Dolomiti","article_publisher":"https:\/\/www.facebook.com\/profile.php?id=100008943462799","article_published_time":"2026-08-14T14:19:56+00:00","og_image":[{"width":1000,"height":750,"url":"https:\/\/www.bellunopress.it\/wp-content\/uploads\/2024\/12\/Viviana-Fusaro-sindco-di-Feltre-in-Piazza-Maggiore_edited.jpg","type":"image\/jpeg"}],"author":"redazione","twitter_card":"summary_large_image","twitter_creator":"@bellunopress","twitter_site":"@bellunopress","twitter_misc":{"Written by":"redazione","Est. reading time":"2 minutes"},"schema":{"@context":"https:\/\/schema.org","@graph":[{"@type":"Article","@id":"https:\/\/www.bellunopress.it\/2026\/08\/14\/hydro-feltre-sindaco-fusaro-lo-stabilimento-puo-continuare-a-produrre\/#article","isPartOf":{"@id":"https:\/\/www.bellunopress.it\/2026\/08\/14\/hydro-feltre-sindaco-fusaro-lo-stabilimento-puo-continuare-a-produrre\/"},"author":{"name":"redazione","@id":"https:\/\/www.bellunopress.it\/#\/schema\/person\/79bb06722b37ece1c03d3e94beb30d73"},"headline":"Hydro Feltre. Sindaco Fusaro: &#8220;Lo stabilimento pu\u00f2 continuare a produrre&#8221;","datePublished":"2026-08-14T14:19:56+00:00","mainEntityOfPage":{"@id":"https:\/\/www.bellunopress.it\/2026\/08\/14\/hydro-feltre-sindaco-fusaro-lo-stabilimento-puo-continuare-a-produrre\/"},"wordCount":219,"publisher":{"@id":"https:\/\/www.bellunopress.it\/#organization"},"image":{"@id":"https:\/\/www.bellunopress.it\/2026\/08\/14\/hydro-feltre-sindaco-fusaro-lo-stabilimento-puo-continuare-a-produrre\/#primaryimage"},"thumbnailUrl":"https:\/\/www.bellunopress.it\/wp-content\/uploads\/2024\/12\/Viviana-Fusaro-sindco-di-Feltre-in-Piazza-Maggiore_edited.jpg","articleSection":["Lavoro, Economia, Turismo","Prima Pagina"],"inLanguage":"fr-FR"},{"@type":"WebPage","@id":"https:\/\/www.bellunopress.it\/2026\/08\/14\/hydro-feltre-sindaco-fusaro-lo-stabilimento-puo-continuare-a-produrre\/","url":"https:\/\/www.bellunopress.it\/2026\/08\/14\/hydro-feltre-sindaco-fusaro-lo-stabilimento-puo-continuare-a-produrre\/","name":"Hydro Feltre. Sindaco Fusaro: \"Lo stabilimento pu\u00f2 continuare a produrre\" - Bellunopress - Dolomiti","isPartOf":{"@id":"https:\/\/www.bellunopress.it\/#website"},"primaryImageOfPage":{"@id":"https:\/\/www.bellunopress.it\/2026\/08\/14\/hydro-feltre-sindaco-fusaro-lo-stabilimento-puo-continuare-a-produrre\/#primaryimage"},"image":{"@id":"https:\/\/www.bellunopress.it\/2026\/08\/14\/hydro-feltre-sindaco-fusaro-lo-stabilimento-puo-continuare-a-produrre\/#primaryimage"},"thumbnailUrl":"https:\/\/www.bellunopress.it\/wp-content\/uploads\/2024\/12\/Viviana-Fusaro-sindco-di-Feltre-in-Piazza-Maggiore_edited.jpg","datePublished":"2026-08-14T14:19:56+00:00","breadcrumb":{"@id":"https:\/\/www.bellunopress.it\/2026\/08\/14\/hydro-feltre-sindaco-fusaro-lo-stabilimento-puo-continuare-a-produrre\/#breadcrumb"},"inLanguage":"fr-FR","potentialAction":[{"@type":"ReadAction","target":["https:\/\/www.bellunopress.it\/2026\/08\/14\/hydro-feltre-sindaco-fusaro-lo-stabilimento-puo-continuare-a-produrre\/"]}]},{"@type":"ImageObject","inLanguage":"fr-FR","@id":"https:\/\/www.bellunopress.it\/2026\/08\/14\/hydro-feltre-sindaco-fusaro-lo-stabilimento-puo-continuare-a-produrre\/#primaryimage","url":"https:\/\/www.bellunopress.it\/wp-content\/uploads\/2024\/12\/Viviana-Fusaro-sindco-di-Feltre-in-Piazza-Maggiore_edited.jpg","contentUrl":"https:\/\/www.bellunopress.it\/wp-content\/uploads\/2024\/12\/Viviana-Fusaro-sindco-di-Feltre-in-Piazza-Maggiore_edited.jpg","width":1000,"height":750,"caption":"Viviana Fusaro, sindaco di Feltre - Piazza Maggiore, Feltre"},{"@type":"BreadcrumbList","@id":"https:\/\/www.bellunopress.it\/2026\/08\/14\/hydro-feltre-sindaco-fusaro-lo-stabilimento-puo-continuare-a-produrre\/#breadcrumb","itemListElement":[{"@type":"ListItem","position":1,"name":"Home","item":"https:\/\/www.bellunopress.it\/"},{"@type":"ListItem","position":2,"name":"Hydro Feltre. Sindaco Fusaro: &#8220;Lo stabilimento pu\u00f2 continuare a produrre&#8221;"}]},{"@type":"WebSite","@id":"https:\/\/www.bellunopress.it\/#website","url":"https:\/\/www.bellunopress.it\/","name":"Bellunopress - Dolomiti","description":"e-mail: redazione@bellunopress.it","publisher":{"@id":"https:\/\/www.bellunopress.it\/#organization"},"potentialAction":[{"@type":"SearchAction","target":{"@type":"EntryPoint","urlTemplate":"https:\/\/www.bellunopress.it\/?s={search_term_string}"},"query-input":{"@type":"PropertyValueSpecification","valueRequired":true,"valueName":"search_term_string"}}],"inLanguage":"fr-FR"},{"@type":"Organization","@id":"https:\/\/www.bellunopress.it\/#organization","name":"Bellunopress","url":"https:\/\/www.bellunopress.it\/","logo":{"@type":"ImageObject","inLanguage":"fr-FR","@id":"https:\/\/www.bellunopress.it\/#\/schema\/logo\/image\/","url":"https:\/\/www.bellunopress.it\/wp-content\/uploads\/2011\/05\/cropped-logo-bellunopress-.jpg","contentUrl":"https:\/\/www.bellunopress.it\/wp-content\/uploads\/2011\/05\/cropped-logo-bellunopress-.jpg","width":512,"height":512,"caption":"Bellunopress"},"image":{"@id":"https:\/\/www.bellunopress.it\/#\/schema\/logo\/image\/"},"sameAs":["https:\/\/www.facebook.com\/profile.php?id=100008943462799","https:\/\/x.com\/bellunopress","https:\/\/www.linkedin.com\/hp\/?dnr=JBzUWaJfMUw8vbXJJ2tVW5-I3jZKvC4wsoxE&amp;amp;amp;amp;amp;amp;trk=nav_responsive_tab_home","https:\/\/www.youtube.com\/channel\/UCxL0wu1uN0_3_7hGG0306cw"]},{"@type":"Person","@id":"https:\/\/www.bellunopress.it\/#\/schema\/person\/79bb06722b37ece1c03d3e94beb30d73","name":"r\u00e9daction","image":{"@type":"ImageObject","inLanguage":"fr-FR","@id":"https:\/\/secure.gravatar.com\/avatar\/37d968a2e67a6fd04c169c4bdef102d0bc5d31b2546345219e348575eb80e9a0?s=96&d=mm&r=g","url":"https:\/\/secure.gravatar.com\/avatar\/37d968a2e67a6fd04c169c4bdef102d0bc5d31b2546345219e348575eb80e9a0?s=96&d=mm&r=g","contentUrl":"https:\/\/secure.gravatar.com\/avatar\/37d968a2e67a6fd04c169c4bdef102d0bc5d31b2546345219e348575eb80e9a0?s=96&d=mm&r=g","caption":"redazione"},"sameAs":["http:\/\/www.bellunopress.it","https:\/\/x.com\/bellunopress"],"url":"https:\/\/www.bellunopress.it\/fr\/author\/redazione\/"}]}},"_links":{"self":[{"href":"https:\/\/www.bellunopress.it\/fr\/wp-json\/wp\/v2\/posts\/172648","targetHints":{"allow":["GET"]}}],"collection":[{"href":"https:\/\/www.bellunopress.it\/fr\/wp-json\/wp\/v2\/posts"}],"about":[{"href":"https:\/\/www.bellunopress.it\/fr\/wp-json\/wp\/v2\/types\/post"}],"author":[{"embeddable":true,"href":"https:\/\/www.bellunopress.it\/fr\/wp-json\/wp\/v2\/users\/2"}],"replies":[{"embeddable":true,"href":"https:\/\/www.bellunopress.it\/fr\/wp-json\/wp\/v2\/comments?post=172648"}],"version-history":[{"count":1,"href":"https:\/\/www.bellunopress.it\/fr\/wp-json\/wp\/v2\/posts\/172648\/revisions"}],"predecessor-version":[{"id":172649,"href":"https:\/\/www.bellunopress.it\/fr\/wp-json\/wp\/v2\/posts\/172648\/revisions\/172649"}],"wp:featuredmedia":[{"embeddable":true,"href":"https:\/\/www.bellunopress.it\/fr\/wp-json\/wp\/v2\/media\/156504"}],"wp:attachment":[{"href":"https:\/\/www.bellunopress.it\/fr\/wp-json\/wp\/v2\/media?parent=172648"}],"wp:term":[{"taxonomy":"category","embeddable":true,"href":"https:\/\/www.bellunopress.it\/fr\/wp-json\/wp\/v2\/categories?post=172648"},{"taxonomy":"post_tag","embeddable":true,"href":"https:\/\/www.bellunopress.it\/fr\/wp-json\/wp\/v2\/tags?post=172648"}],"curies":[{"name":"wp","href":"https:\/\/api.w.org\/{rel}","templated":true}]}}