{"id":172646,"date":"2026-08-14T13:44:44","date_gmt":"2026-08-14T11:44:44","guid":{"rendered":"https:\/\/www.bellunopress.it\/?p=172646"},"modified":"2026-08-14T13:44:44","modified_gmt":"2026-08-14T11:44:44","slug":"nuove-assunzioni-in-ulss-1-dolomiti-e-valorizzazione-retributiva-per-404-dipendenti","status":"publish","type":"post","link":"https:\/\/www.bellunopress.it\/fr\/2026\/08\/14\/nuove-assunzioni-in-ulss-1-dolomiti-e-valorizzazione-retributiva-per-404-dipendenti\/","title":{"rendered":"Nuove assunzioni in Ulss 1 Dolomiti e valorizzazione retributiva per 404 dipendenti"},"content":{"rendered":"<p>Belluno, 14 agosto 2026 &#8211; Prosegue con determinazione il programma di potenziamento degli organici e di valorizzazione delle risorse umane nell&#8217;Azienda ULSS n. 1 Dolomiti. Attraverso una serie di recenti provvedimenti adottati dalla Direzione Generale guidata da Achille Di Falco, l&#8217;Azienda ha deliberato nuove assunzioni strategiche per diversi profili professionali del ruolo sanitario e sociosanitario. Al contempo, \u00e8 stato dato il via libera a un importante piano di progressione economica volto a premiare l&#8217;esperienza e la professionalit\u00e0 del personale gi\u00e0 in servizio.<\/p>\n<p><strong>Le ultime assunzioni<\/strong><br \/>\nI nuovi provvedimenti di reclutamento hanno portato una boccata d\u2019ossigeno con nuovi innesti che saranno distribuiti nei vari servizi ospedalieri e territoriali:<br \/>\n\u2022 Fisioterapisti (9 assunzioni): A seguito della conclusione della procedura concorsuale gestita da Azienda Zero, l&#8217;ULSS 1 Dolomiti ha deliberato l&#8217;assunzione a tempo indeterminato di 9 fisioterapisti. L&#8217;operazione permette l&#8217;ingresso di 7 nuovi professionisti a tempo indeterminato e la contestuale stabilizzazione di 2 fisioterapisti (il cui contratto di lavoro viene trasformato da tempo determinato a tempo indeterminato), consolidando cos\u00ec l&#8217;organico dell&#8217;area riabilitativa.<br \/>\n\u2022 Infermieri per mobilit\u00e0 esterna (2 ingressi): Sono state accolte le domande di trasferimento di 2 infermieri a tempo indeterminato da altre Ulss. Grazie a questo bando di mobilit\u00e0 volontaria, l&#8217;Azienda registra un saldo estremamente positivo nel &#8220;concorsone&#8221;, con due ingressi e zero uscite a beneficio dei reparti ospedalieri.<br \/>\n\u2022 Operatori Socio-Sanitari (5 assunzioni): \u00c8 stata approvata la prima graduatoria dell&#8217;avviso pubblico per l&#8217;assunzione a tempo determinato di 5 OSS, che garantiranno l&#8217;immediato supporto assistenziale nelle more del completamento dei concorsi a tempo indeterminato.<br \/>\n\u2022 Logopedisti (1 assunzione): Viene assunto a tempo determinato 1 logopedista tramite l&#8217;utilizzo della seconda graduatoria del relativo avviso pubblico, assicurando la continuit\u00e0 delle terapie riabilitative dei servizi per l\u2019infanzia.<br \/>\nValorizzazione del personale: sblocco dei DEP 2025 per 404 dipendenti<br \/>\nIn parallelo con l&#8217;inserimento di nuove risorse, l&#8217;ULSS 1 Dolomiti compie un passo fondamentale per la valorizzazione del proprio capitale umano in servizio. \u00c8 stata infatti approvata la graduatoria definitiva per l&#8217;attribuzione dei Differenziali Economici di Professionalit\u00e0 (DEP) per l&#8217;anno 2025.<\/p>\n<p>In attuazione dell&#8217;accordo integrativo sottoscritto con la RSU e le Organizzazioni Sindacali del Comparto, che ha destinato a questo scopo risorse per 400.000,00 euro, il provvedimento riconosce un incremento economico stabile a un totale di 404 dipendenti. I beneficiari sono cos\u00ec suddivisi in base alle aree di classificazione del personale:<br \/>\n\u2022 14 dipendenti dell&#8217;Area del Personale di Supporto (ASU);<br \/>\n\u2022 97 dipendenti dell&#8217;Area degli Operatori (ADO);<br \/>\n\u2022 15 dipendenti dell&#8217;Area degli Assistenti (ADA);<br \/>\n\u2022 278 dipendenti dell&#8217;Area dei Professionisti della Salute e dei Funzionari (APSF).<\/p>\n<p>Il differenziale economico decorrer\u00e0 con effetto retroattivo dal 1\u00b0 gennaio 2025, garantendo la liquidazione delle spettanze maturate come concreto riconoscimento dell&#8217;impegno e delle competenze progressivamente acquisite nello svolgimento delle attivit\u00e0 di cura e assistenza.<\/p>\n<p>&nbsp;<\/p>","protected":false},"excerpt":{"rendered":"<p>Belluno, 14 agosto 2026 &#8211; Prosegue con determinazione il programma di potenziamento degli organici e di valorizzazione delle risorse umane nell&#8217;Azienda ULSS n. 1 Dolomiti. Attraverso una serie di recenti provvedimenti adottati dalla Direzione Generale guidata da Achille Di Falco, l&#8217;Azienda ha deliberato nuove assunzioni strategiche per diversi profili professionali del ruolo sanitario e sociosanitario. [&hellip;]<\/p>\n","protected":false},"author":2,"featured_media":122834,"comment_status":"closed","ping_status":"open","sticky":false,"template":"","format":"standard","meta":{"footnotes":""},"categories":[26,17],"tags":[],"class_list":["post-172646","post","type-post","status-publish","format-standard","has-post-thumbnail","category-prima-pagina","category-sanita"],"yoast_head":"<!-- This site is optimized with the Yoast SEO plugin v28.4 - https:\/\/yoast.com\/product\/yoast-seo-wordpress\/ -->\n<title>Nuove assunzioni in Ulss 1 Dolomiti e valorizzazione retributiva per 404 dipendenti - Bellunopress - Dolomiti<\/title>\n<meta name=\"robots\" content=\"index, follow, max-snippet:-1, max-image-preview:large, max-video-preview:-1\" \/>\n<link rel=\"canonical\" href=\"https:\/\/www.bellunopress.it\/fr\/2026\/08\/14\/nuove-assunzioni-in-ulss-1-dolomiti-e-valorizzazione-retributiva-per-404-dipendenti\/\" \/>\n<meta property=\"og:locale\" content=\"fr_FR\" \/>\n<meta property=\"og:type\" content=\"article\" \/>\n<meta property=\"og:title\" content=\"Nuove assunzioni in Ulss 1 Dolomiti e valorizzazione retributiva per 404 dipendenti - Bellunopress - Dolomiti\" \/>\n<meta property=\"og:description\" content=\"Belluno, 14 agosto 2026 &#8211; Prosegue con determinazione il programma di potenziamento degli organici e di valorizzazione delle risorse umane nell&#8217;Azienda ULSS n. 1 Dolomiti. Attraverso una serie di recenti provvedimenti adottati dalla Direzione Generale guidata da Achille Di Falco, l&#8217;Azienda ha deliberato nuove assunzioni strategiche per diversi profili professionali del ruolo sanitario e sociosanitario. [&hellip;]\" \/>\n<meta property=\"og:url\" content=\"https:\/\/www.bellunopress.it\/fr\/2026\/08\/14\/nuove-assunzioni-in-ulss-1-dolomiti-e-valorizzazione-retributiva-per-404-dipendenti\/\" \/>\n<meta property=\"og:site_name\" content=\"Bellunopress - Dolomiti\" \/>\n<meta property=\"article:publisher\" content=\"https:\/\/www.facebook.com\/profile.php?id=100008943462799\" \/>\n<meta property=\"article:published_time\" content=\"2026-08-14T11:44:44+00:00\" \/>\n<meta property=\"og:image\" content=\"https:\/\/www.bellunopress.it\/wp-content\/uploads\/2021\/03\/Ulss-Dolomiti_edited.jpg\" \/>\n\t<meta property=\"og:image:width\" content=\"900\" \/>\n\t<meta property=\"og:image:height\" content=\"900\" \/>\n\t<meta property=\"og:image:type\" content=\"image\/jpeg\" \/>\n<meta name=\"author\" content=\"redazione\" \/>\n<meta name=\"twitter:card\" content=\"summary_large_image\" \/>\n<meta name=\"twitter:creator\" content=\"@bellunopress\" \/>\n<meta name=\"twitter:site\" content=\"@bellunopress\" \/>\n<meta name=\"twitter:label1\" content=\"\u00c9crit par\" \/>\n\t<meta name=\"twitter:data1\" content=\"redazione\" \/>\n\t<meta name=\"twitter:label2\" content=\"Dur\u00e9e de lecture estim\u00e9e\" \/>\n\t<meta name=\"twitter:data2\" content=\"3 minutes\" \/>\n<script type=\"application\/ld+json\" class=\"yoast-schema-graph\">{\"@context\":\"https:\\\/\\\/schema.org\",\"@graph\":[{\"@type\":\"Article\",\"@id\":\"https:\\\/\\\/www.bellunopress.it\\\/2026\\\/08\\\/14\\\/nuove-assunzioni-in-ulss-1-dolomiti-e-valorizzazione-retributiva-per-404-dipendenti\\\/#article\",\"isPartOf\":{\"@id\":\"https:\\\/\\\/www.bellunopress.it\\\/2026\\\/08\\\/14\\\/nuove-assunzioni-in-ulss-1-dolomiti-e-valorizzazione-retributiva-per-404-dipendenti\\\/\"},\"author\":{\"name\":\"redazione\",\"@id\":\"https:\\\/\\\/www.bellunopress.it\\\/#\\\/schema\\\/person\\\/79bb06722b37ece1c03d3e94beb30d73\"},\"headline\":\"Nuove assunzioni in Ulss 1 Dolomiti e valorizzazione retributiva per 404 dipendenti\",\"datePublished\":\"2026-08-14T11:44:44+00:00\",\"mainEntityOfPage\":{\"@id\":\"https:\\\/\\\/www.bellunopress.it\\\/2026\\\/08\\\/14\\\/nuove-assunzioni-in-ulss-1-dolomiti-e-valorizzazione-retributiva-per-404-dipendenti\\\/\"},\"wordCount\":453,\"publisher\":{\"@id\":\"https:\\\/\\\/www.bellunopress.it\\\/#organization\"},\"image\":{\"@id\":\"https:\\\/\\\/www.bellunopress.it\\\/2026\\\/08\\\/14\\\/nuove-assunzioni-in-ulss-1-dolomiti-e-valorizzazione-retributiva-per-404-dipendenti\\\/#primaryimage\"},\"thumbnailUrl\":\"https:\\\/\\\/www.bellunopress.it\\\/wp-content\\\/uploads\\\/2021\\\/03\\\/Ulss-Dolomiti_edited.jpg\",\"articleSection\":[\"Prima Pagina\",\"Sanit\u00e0 Medicina\"],\"inLanguage\":\"fr-FR\"},{\"@type\":\"WebPage\",\"@id\":\"https:\\\/\\\/www.bellunopress.it\\\/2026\\\/08\\\/14\\\/nuove-assunzioni-in-ulss-1-dolomiti-e-valorizzazione-retributiva-per-404-dipendenti\\\/\",\"url\":\"https:\\\/\\\/www.bellunopress.it\\\/2026\\\/08\\\/14\\\/nuove-assunzioni-in-ulss-1-dolomiti-e-valorizzazione-retributiva-per-404-dipendenti\\\/\",\"name\":\"Nuove assunzioni in Ulss 1 Dolomiti e valorizzazione retributiva per 404 dipendenti - Bellunopress - Dolomiti\",\"isPartOf\":{\"@id\":\"https:\\\/\\\/www.bellunopress.it\\\/#website\"},\"primaryImageOfPage\":{\"@id\":\"https:\\\/\\\/www.bellunopress.it\\\/2026\\\/08\\\/14\\\/nuove-assunzioni-in-ulss-1-dolomiti-e-valorizzazione-retributiva-per-404-dipendenti\\\/#primaryimage\"},\"image\":{\"@id\":\"https:\\\/\\\/www.bellunopress.it\\\/2026\\\/08\\\/14\\\/nuove-assunzioni-in-ulss-1-dolomiti-e-valorizzazione-retributiva-per-404-dipendenti\\\/#primaryimage\"},\"thumbnailUrl\":\"https:\\\/\\\/www.bellunopress.it\\\/wp-content\\\/uploads\\\/2021\\\/03\\\/Ulss-Dolomiti_edited.jpg\",\"datePublished\":\"2026-08-14T11:44:44+00:00\",\"breadcrumb\":{\"@id\":\"https:\\\/\\\/www.bellunopress.it\\\/2026\\\/08\\\/14\\\/nuove-assunzioni-in-ulss-1-dolomiti-e-valorizzazione-retributiva-per-404-dipendenti\\\/#breadcrumb\"},\"inLanguage\":\"fr-FR\",\"potentialAction\":[{\"@type\":\"ReadAction\",\"target\":[\"https:\\\/\\\/www.bellunopress.it\\\/2026\\\/08\\\/14\\\/nuove-assunzioni-in-ulss-1-dolomiti-e-valorizzazione-retributiva-per-404-dipendenti\\\/\"]}]},{\"@type\":\"ImageObject\",\"inLanguage\":\"fr-FR\",\"@id\":\"https:\\\/\\\/www.bellunopress.it\\\/2026\\\/08\\\/14\\\/nuove-assunzioni-in-ulss-1-dolomiti-e-valorizzazione-retributiva-per-404-dipendenti\\\/#primaryimage\",\"url\":\"https:\\\/\\\/www.bellunopress.it\\\/wp-content\\\/uploads\\\/2021\\\/03\\\/Ulss-Dolomiti_edited.jpg\",\"contentUrl\":\"https:\\\/\\\/www.bellunopress.it\\\/wp-content\\\/uploads\\\/2021\\\/03\\\/Ulss-Dolomiti_edited.jpg\",\"width\":900,\"height\":900},{\"@type\":\"BreadcrumbList\",\"@id\":\"https:\\\/\\\/www.bellunopress.it\\\/2026\\\/08\\\/14\\\/nuove-assunzioni-in-ulss-1-dolomiti-e-valorizzazione-retributiva-per-404-dipendenti\\\/#breadcrumb\",\"itemListElement\":[{\"@type\":\"ListItem\",\"position\":1,\"name\":\"Home\",\"item\":\"https:\\\/\\\/www.bellunopress.it\\\/\"},{\"@type\":\"ListItem\",\"position\":2,\"name\":\"Nuove assunzioni in Ulss 1 Dolomiti e valorizzazione retributiva per 404 dipendenti\"}]},{\"@type\":\"WebSite\",\"@id\":\"https:\\\/\\\/www.bellunopress.it\\\/#website\",\"url\":\"https:\\\/\\\/www.bellunopress.it\\\/\",\"name\":\"Bellunopress - Dolomiti\",\"description\":\"e-mail: redazione@bellunopress.it\",\"publisher\":{\"@id\":\"https:\\\/\\\/www.bellunopress.it\\\/#organization\"},\"potentialAction\":[{\"@type\":\"SearchAction\",\"target\":{\"@type\":\"EntryPoint\",\"urlTemplate\":\"https:\\\/\\\/www.bellunopress.it\\\/?s={search_term_string}\"},\"query-input\":{\"@type\":\"PropertyValueSpecification\",\"valueRequired\":true,\"valueName\":\"search_term_string\"}}],\"inLanguage\":\"fr-FR\"},{\"@type\":\"Organization\",\"@id\":\"https:\\\/\\\/www.bellunopress.it\\\/#organization\",\"name\":\"Bellunopress\",\"url\":\"https:\\\/\\\/www.bellunopress.it\\\/\",\"logo\":{\"@type\":\"ImageObject\",\"inLanguage\":\"fr-FR\",\"@id\":\"https:\\\/\\\/www.bellunopress.it\\\/#\\\/schema\\\/logo\\\/image\\\/\",\"url\":\"https:\\\/\\\/www.bellunopress.it\\\/wp-content\\\/uploads\\\/2011\\\/05\\\/cropped-logo-bellunopress-.jpg\",\"contentUrl\":\"https:\\\/\\\/www.bellunopress.it\\\/wp-content\\\/uploads\\\/2011\\\/05\\\/cropped-logo-bellunopress-.jpg\",\"width\":512,\"height\":512,\"caption\":\"Bellunopress\"},\"image\":{\"@id\":\"https:\\\/\\\/www.bellunopress.it\\\/#\\\/schema\\\/logo\\\/image\\\/\"},\"sameAs\":[\"https:\\\/\\\/www.facebook.com\\\/profile.php?id=100008943462799\",\"https:\\\/\\\/x.com\\\/bellunopress\",\"https:\\\/\\\/www.linkedin.com\\\/hp\\\/?dnr=JBzUWaJfMUw8vbXJJ2tVW5-I3jZKvC4wsoxE&amp;amp;amp;amp;amp;amp;trk=nav_responsive_tab_home\",\"https:\\\/\\\/www.youtube.com\\\/channel\\\/UCxL0wu1uN0_3_7hGG0306cw\"]},{\"@type\":\"Person\",\"@id\":\"https:\\\/\\\/www.bellunopress.it\\\/#\\\/schema\\\/person\\\/79bb06722b37ece1c03d3e94beb30d73\",\"name\":\"redazione\",\"image\":{\"@type\":\"ImageObject\",\"inLanguage\":\"fr-FR\",\"@id\":\"https:\\\/\\\/secure.gravatar.com\\\/avatar\\\/37d968a2e67a6fd04c169c4bdef102d0bc5d31b2546345219e348575eb80e9a0?s=96&d=mm&r=g\",\"url\":\"https:\\\/\\\/secure.gravatar.com\\\/avatar\\\/37d968a2e67a6fd04c169c4bdef102d0bc5d31b2546345219e348575eb80e9a0?s=96&d=mm&r=g\",\"contentUrl\":\"https:\\\/\\\/secure.gravatar.com\\\/avatar\\\/37d968a2e67a6fd04c169c4bdef102d0bc5d31b2546345219e348575eb80e9a0?s=96&d=mm&r=g\",\"caption\":\"redazione\"},\"sameAs\":[\"http:\\\/\\\/www.bellunopress.it\",\"https:\\\/\\\/x.com\\\/bellunopress\"],\"url\":\"https:\\\/\\\/www.bellunopress.it\\\/fr\\\/author\\\/redazione\\\/\"}]}<\/script>\n<!-- \/ Yoast SEO plugin. -->","yoast_head_json":{"title":"Nuove assunzioni in Ulss 1 Dolomiti e valorizzazione retributiva per 404 dipendenti - Bellunopress - Dolomiti","robots":{"index":"index","follow":"follow","max-snippet":"max-snippet:-1","max-image-preview":"max-image-preview:large","max-video-preview":"max-video-preview:-1"},"canonical":"https:\/\/www.bellunopress.it\/fr\/2026\/08\/14\/nuove-assunzioni-in-ulss-1-dolomiti-e-valorizzazione-retributiva-per-404-dipendenti\/","og_locale":"fr_FR","og_type":"article","og_title":"Nuove assunzioni in Ulss 1 Dolomiti e valorizzazione retributiva per 404 dipendenti - Bellunopress - Dolomiti","og_description":"Belluno, 14 agosto 2026 &#8211; Prosegue con determinazione il programma di potenziamento degli organici e di valorizzazione delle risorse umane nell&#8217;Azienda ULSS n. 1 Dolomiti. Attraverso una serie di recenti provvedimenti adottati dalla Direzione Generale guidata da Achille Di Falco, l&#8217;Azienda ha deliberato nuove assunzioni strategiche per diversi profili professionali del ruolo sanitario e sociosanitario. [&hellip;]","og_url":"https:\/\/www.bellunopress.it\/fr\/2026\/08\/14\/nuove-assunzioni-in-ulss-1-dolomiti-e-valorizzazione-retributiva-per-404-dipendenti\/","og_site_name":"Bellunopress - Dolomiti","article_publisher":"https:\/\/www.facebook.com\/profile.php?id=100008943462799","article_published_time":"2026-08-14T11:44:44+00:00","og_image":[{"width":900,"height":900,"url":"https:\/\/www.bellunopress.it\/wp-content\/uploads\/2021\/03\/Ulss-Dolomiti_edited.jpg","type":"image\/jpeg"}],"author":"redazione","twitter_card":"summary_large_image","twitter_creator":"@bellunopress","twitter_site":"@bellunopress","twitter_misc":{"\u00c9crit par":"redazione","Dur\u00e9e de lecture estim\u00e9e":"3 minutes"},"schema":{"@context":"https:\/\/schema.org","@graph":[{"@type":"Article","@id":"https:\/\/www.bellunopress.it\/2026\/08\/14\/nuove-assunzioni-in-ulss-1-dolomiti-e-valorizzazione-retributiva-per-404-dipendenti\/#article","isPartOf":{"@id":"https:\/\/www.bellunopress.it\/2026\/08\/14\/nuove-assunzioni-in-ulss-1-dolomiti-e-valorizzazione-retributiva-per-404-dipendenti\/"},"author":{"name":"redazione","@id":"https:\/\/www.bellunopress.it\/#\/schema\/person\/79bb06722b37ece1c03d3e94beb30d73"},"headline":"Nuove assunzioni in Ulss 1 Dolomiti e valorizzazione retributiva per 404 dipendenti","datePublished":"2026-08-14T11:44:44+00:00","mainEntityOfPage":{"@id":"https:\/\/www.bellunopress.it\/2026\/08\/14\/nuove-assunzioni-in-ulss-1-dolomiti-e-valorizzazione-retributiva-per-404-dipendenti\/"},"wordCount":453,"publisher":{"@id":"https:\/\/www.bellunopress.it\/#organization"},"image":{"@id":"https:\/\/www.bellunopress.it\/2026\/08\/14\/nuove-assunzioni-in-ulss-1-dolomiti-e-valorizzazione-retributiva-per-404-dipendenti\/#primaryimage"},"thumbnailUrl":"https:\/\/www.bellunopress.it\/wp-content\/uploads\/2021\/03\/Ulss-Dolomiti_edited.jpg","articleSection":["Prima Pagina","Sanit\u00e0 Medicina"],"inLanguage":"fr-FR"},{"@type":"WebPage","@id":"https:\/\/www.bellunopress.it\/2026\/08\/14\/nuove-assunzioni-in-ulss-1-dolomiti-e-valorizzazione-retributiva-per-404-dipendenti\/","url":"https:\/\/www.bellunopress.it\/2026\/08\/14\/nuove-assunzioni-in-ulss-1-dolomiti-e-valorizzazione-retributiva-per-404-dipendenti\/","name":"Nuove assunzioni in Ulss 1 Dolomiti e valorizzazione retributiva per 404 dipendenti - Bellunopress - Dolomiti","isPartOf":{"@id":"https:\/\/www.bellunopress.it\/#website"},"primaryImageOfPage":{"@id":"https:\/\/www.bellunopress.it\/2026\/08\/14\/nuove-assunzioni-in-ulss-1-dolomiti-e-valorizzazione-retributiva-per-404-dipendenti\/#primaryimage"},"image":{"@id":"https:\/\/www.bellunopress.it\/2026\/08\/14\/nuove-assunzioni-in-ulss-1-dolomiti-e-valorizzazione-retributiva-per-404-dipendenti\/#primaryimage"},"thumbnailUrl":"https:\/\/www.bellunopress.it\/wp-content\/uploads\/2021\/03\/Ulss-Dolomiti_edited.jpg","datePublished":"2026-08-14T11:44:44+00:00","breadcrumb":{"@id":"https:\/\/www.bellunopress.it\/2026\/08\/14\/nuove-assunzioni-in-ulss-1-dolomiti-e-valorizzazione-retributiva-per-404-dipendenti\/#breadcrumb"},"inLanguage":"fr-FR","potentialAction":[{"@type":"ReadAction","target":["https:\/\/www.bellunopress.it\/2026\/08\/14\/nuove-assunzioni-in-ulss-1-dolomiti-e-valorizzazione-retributiva-per-404-dipendenti\/"]}]},{"@type":"ImageObject","inLanguage":"fr-FR","@id":"https:\/\/www.bellunopress.it\/2026\/08\/14\/nuove-assunzioni-in-ulss-1-dolomiti-e-valorizzazione-retributiva-per-404-dipendenti\/#primaryimage","url":"https:\/\/www.bellunopress.it\/wp-content\/uploads\/2021\/03\/Ulss-Dolomiti_edited.jpg","contentUrl":"https:\/\/www.bellunopress.it\/wp-content\/uploads\/2021\/03\/Ulss-Dolomiti_edited.jpg","width":900,"height":900},{"@type":"BreadcrumbList","@id":"https:\/\/www.bellunopress.it\/2026\/08\/14\/nuove-assunzioni-in-ulss-1-dolomiti-e-valorizzazione-retributiva-per-404-dipendenti\/#breadcrumb","itemListElement":[{"@type":"ListItem","position":1,"name":"Home","item":"https:\/\/www.bellunopress.it\/"},{"@type":"ListItem","position":2,"name":"Nuove assunzioni in Ulss 1 Dolomiti e valorizzazione retributiva per 404 dipendenti"}]},{"@type":"WebSite","@id":"https:\/\/www.bellunopress.it\/#website","url":"https:\/\/www.bellunopress.it\/","name":"Bellunopress - Dolomiti","description":"e-mail: redazione@bellunopress.it","publisher":{"@id":"https:\/\/www.bellunopress.it\/#organization"},"potentialAction":[{"@type":"SearchAction","target":{"@type":"EntryPoint","urlTemplate":"https:\/\/www.bellunopress.it\/?s={search_term_string}"},"query-input":{"@type":"PropertyValueSpecification","valueRequired":true,"valueName":"search_term_string"}}],"inLanguage":"fr-FR"},{"@type":"Organization","@id":"https:\/\/www.bellunopress.it\/#organization","name":"Bellunopress","url":"https:\/\/www.bellunopress.it\/","logo":{"@type":"ImageObject","inLanguage":"fr-FR","@id":"https:\/\/www.bellunopress.it\/#\/schema\/logo\/image\/","url":"https:\/\/www.bellunopress.it\/wp-content\/uploads\/2011\/05\/cropped-logo-bellunopress-.jpg","contentUrl":"https:\/\/www.bellunopress.it\/wp-content\/uploads\/2011\/05\/cropped-logo-bellunopress-.jpg","width":512,"height":512,"caption":"Bellunopress"},"image":{"@id":"https:\/\/www.bellunopress.it\/#\/schema\/logo\/image\/"},"sameAs":["https:\/\/www.facebook.com\/profile.php?id=100008943462799","https:\/\/x.com\/bellunopress","https:\/\/www.linkedin.com\/hp\/?dnr=JBzUWaJfMUw8vbXJJ2tVW5-I3jZKvC4wsoxE&amp;amp;amp;amp;amp;amp;trk=nav_responsive_tab_home","https:\/\/www.youtube.com\/channel\/UCxL0wu1uN0_3_7hGG0306cw"]},{"@type":"Person","@id":"https:\/\/www.bellunopress.it\/#\/schema\/person\/79bb06722b37ece1c03d3e94beb30d73","name":"r\u00e9daction","image":{"@type":"ImageObject","inLanguage":"fr-FR","@id":"https:\/\/secure.gravatar.com\/avatar\/37d968a2e67a6fd04c169c4bdef102d0bc5d31b2546345219e348575eb80e9a0?s=96&d=mm&r=g","url":"https:\/\/secure.gravatar.com\/avatar\/37d968a2e67a6fd04c169c4bdef102d0bc5d31b2546345219e348575eb80e9a0?s=96&d=mm&r=g","contentUrl":"https:\/\/secure.gravatar.com\/avatar\/37d968a2e67a6fd04c169c4bdef102d0bc5d31b2546345219e348575eb80e9a0?s=96&d=mm&r=g","caption":"redazione"},"sameAs":["http:\/\/www.bellunopress.it","https:\/\/x.com\/bellunopress"],"url":"https:\/\/www.bellunopress.it\/fr\/author\/redazione\/"}]}},"_links":{"self":[{"href":"https:\/\/www.bellunopress.it\/fr\/wp-json\/wp\/v2\/posts\/172646","targetHints":{"allow":["GET"]}}],"collection":[{"href":"https:\/\/www.bellunopress.it\/fr\/wp-json\/wp\/v2\/posts"}],"about":[{"href":"https:\/\/www.bellunopress.it\/fr\/wp-json\/wp\/v2\/types\/post"}],"author":[{"embeddable":true,"href":"https:\/\/www.bellunopress.it\/fr\/wp-json\/wp\/v2\/users\/2"}],"replies":[{"embeddable":true,"href":"https:\/\/www.bellunopress.it\/fr\/wp-json\/wp\/v2\/comments?post=172646"}],"version-history":[{"count":1,"href":"https:\/\/www.bellunopress.it\/fr\/wp-json\/wp\/v2\/posts\/172646\/revisions"}],"predecessor-version":[{"id":172647,"href":"https:\/\/www.bellunopress.it\/fr\/wp-json\/wp\/v2\/posts\/172646\/revisions\/172647"}],"wp:featuredmedia":[{"embeddable":true,"href":"https:\/\/www.bellunopress.it\/fr\/wp-json\/wp\/v2\/media\/122834"}],"wp:attachment":[{"href":"https:\/\/www.bellunopress.it\/fr\/wp-json\/wp\/v2\/media?parent=172646"}],"wp:term":[{"taxonomy":"category","embeddable":true,"href":"https:\/\/www.bellunopress.it\/fr\/wp-json\/wp\/v2\/categories?post=172646"},{"taxonomy":"post_tag","embeddable":true,"href":"https:\/\/www.bellunopress.it\/fr\/wp-json\/wp\/v2\/tags?post=172646"}],"curies":[{"name":"wp","href":"https:\/\/api.w.org\/{rel}","templated":true}]}}