{"id":172641,"date":"2026-08-14T12:16:57","date_gmt":"2026-08-14T10:16:57","guid":{"rendered":"https:\/\/www.bellunopress.it\/?p=172641"},"modified":"2026-08-14T12:16:57","modified_gmt":"2026-08-14T10:16:57","slug":"il-cadore-tra-storia-e-attualita-ad-auronzo-walter-musizza-alla-scoperta-delle-case-di-tiziano","status":"publish","type":"post","link":"https:\/\/www.bellunopress.it\/fr\/2026\/08\/14\/il-cadore-tra-storia-e-attualita-ad-auronzo-walter-musizza-alla-scoperta-delle-case-di-tiziano\/","title":{"rendered":"Il Cadore tra storia e attualit\u00e0: ad Auronzo Walter Musizza alla scoperta delle case di Tiziano"},"content":{"rendered":"<p>Anche quest\u2019anno si rinnova l\u2019appuntamento con la storia locale ai piedi delle Tre Cime di Lavaredo. Luned\u00ec 17 agosto alle 21.00 nella Sala consiliare del Municipio, ricorrendo anche a preziose immagini d\u2019epoca, con il professore triestino appassionato di storia cadorina si indagher\u00e0 la storia della casa natale del grande pittore rinascimentale, tra passaggi di propriet\u00e0 e restauri, ma anche quella, meno nota, di altre tre dimore legate alla sua figura.<\/p>\n<p>Ad Auronzo di Cadore si rinnova, com\u2019\u00e8 tradizione da ormai oltre quindici anni, l\u2019appuntamento estivo con la storia locale: cicerone in questo viaggio temporale, che si sviluppa in due tappe nella Sala consiliare del Municipio di Auronzo di Cadore, sar\u00e0 ancora una volta Walter Musizza*, professore triestino e grande appassionato e studioso di storia cadorina. Dopo la serata dedicata alle Olimpiadi invernali del 1956 e al ruolo giocato dal Lago di Misurina, trasformato nella pista di pattinaggio su ghiaccio pi\u00f9 veloce del mondo, luned\u00ec 17 agosto alle 21.00, collegandosi alla ricorrenza dei 450 anni dalla morte di Tiziano, Musizza condurr\u00e0 il pubblico alla scoperta di uno dei lati pi\u00f9 intimi del genio rinascimentale, \u201cvarcando la soglia\u201d delle case legate alla sua figura, a cominciare da quella natale a Pieve di Cadore.<\/p>\n<p>\u201cL\u2019appuntamento con la storia locale, della quale il professor Musizza \u00e8 un attento interprete e un eccezionale divulgatore, \u2013 spiega Anna Zandegiacomo De Zorzi, consigliere con delega alla cultura del Comune di Auronzo di Cadore \u2013 contribuisce ad arricchire la proposta culturale dell\u2019estate auronzana, garantendo anno dopo anno di scoprire qualcosa di nuovo, talvolta inedito, sul nostro passato e sul nostro territorio. L\u2019invito a partecipare \u00e8 rivolto sia ai cittadini che ai turisti, ai quali ricordo che conoscere il passato \u00e8 il primo passo per comprendere e migliorare il presente\u201d.<\/p>\n<p>L\u2019attenzione luned\u00ec 17 agosto si focalizzer\u00e0 su un grande focus che connota profondamente il 2026 del Cadore, la vita personale e artistica di Tiziano Vecellio; in particolare, l\u2019appuntamento intitolato \u201cLe case di Tiziano Vecellio tra realt\u00e0 e fantasia\u201d esplorer\u00e0 quali siano state le abitazioni, vere o presunte, del genio rinascimentale.<br \/>\nPieve di Cadore, Cortina, Venezia e Colle Umberto: le case appartenute o attribuite a Tiziano scandiranno un viaggio affascinante, accompagnato da un centinaio di foto d\u2019epoca e moderne.<br \/>\n\u201cAl centro ci sar\u00e0 la ricostruzione delle vicende della casa di Pieve di Cadore, \u2013 anticipa Musizza &#8211; propriet\u00e0 di Gregorio Vecellio, padre di Tiziano, in cui il pittore cadorino visse fino all\u2019adolescenza, prima di essere mandato a Venezia per imparare il mestiere assieme al fratello Francesco, ma in cui ritorn\u00f2 poi pi\u00f9 volte nel corso della sua vita. Saranno passati in rassegna i proprietari che nei secoli si sono avvicendati, le trasformazioni intervenute, la dichiarazione di monumento nazionale del 1922 e l\u2019inaugurazione, dopo i lavori di restauro effettuati dall\u2019ingegnere Giuseppe Palatini, il 7 agosto 1932, con oratore ufficiale Ugo Ojetti\u201d.<\/p>\n<p>Oltre che sulla dimora pi\u00f9 famosa, ci si soffermer\u00e0 pure sulla presunta casa di Tiziano a Campo di Sotto a Cortina d\u2019Ampezzo, dove una tradizione locale lo voleva nato e cresciuto, sulla casa di Venezia, che sorge dove oggi vi sono le Fondamente Nove e nella quale l\u2019artista visse e lavor\u00f2 dal 1531 alla morte, e sulla casa sul Col di Manza a Colle Umberto (Treviso), oggi Villa Fabris, in un punto per lui geograficamente strategico, a met\u00e0 strada tra il Cadore e Venezia e vicina a Serravalle, dove dimorava la figlia Lavinia dopo aver sposato il nobile Cornelio Sarcinelli.<\/p>\n<p>Ingresso libero e gratuito.<br \/>\nInfo: Auronzo.info<\/p>\n<p>*Walter Musizza \u00e8 nato a Trieste nel 1951 e risiede a Gorizia, pur frequentando da molti anni Auronzo di Cadore. Ha insegnato lettere italiane nelle scuole superiori fino al 2009. Appassionato di storia cadorina, \u00e8 autore di molti libri, dedicati in particolare agli eventi del primo conflitto mondiale e alle fortificazioni italiane del periodo 1866-1915.<br \/>\nTra i riconoscimenti ottenuti, si ricordano il Premio ANA Cadore nel 2002, il Premio Pelmo d\u2019Oro (Sezione Cultura Alpina) nel 2013 e il Premio Auronzo nel 2015.<\/p>\n<p>&nbsp;<\/p>","protected":false},"excerpt":{"rendered":"<p>Anche quest\u2019anno si rinnova l\u2019appuntamento con la storia locale ai piedi delle Tre Cime di Lavaredo. Luned\u00ec 17 agosto alle 21.00 nella Sala consiliare del Municipio, ricorrendo anche a preziose immagini d\u2019epoca, con il professore triestino appassionato di storia cadorina si indagher\u00e0 la storia della casa natale del grande pittore rinascimentale, tra passaggi di propriet\u00e0 [&hellip;]<\/p>\n","protected":false},"author":2,"featured_media":172642,"comment_status":"closed","ping_status":"open","sticky":false,"template":"","format":"standard","meta":{"footnotes":""},"categories":[27,3,25],"tags":[],"class_list":["post-172641","post","type-post","status-publish","format-standard","has-post-thumbnail","category-appuntamenti","category-arte-cultura-spettacoli-scienza-archivi","category-pausa-caffe"],"yoast_head":"<!-- This site is optimized with the Yoast SEO plugin v28.4 - https:\/\/yoast.com\/product\/yoast-seo-wordpress\/ -->\n<title>Il Cadore tra storia e attualit\u00e0: ad Auronzo Walter Musizza alla scoperta delle case di Tiziano - Bellunopress - Dolomiti<\/title>\n<meta name=\"robots\" content=\"index, follow, max-snippet:-1, max-image-preview:large, max-video-preview:-1\" \/>\n<link rel=\"canonical\" href=\"https:\/\/www.bellunopress.it\/fr\/2026\/08\/14\/il-cadore-tra-storia-e-attualita-ad-auronzo-walter-musizza-alla-scoperta-delle-case-di-tiziano\/\" \/>\n<meta property=\"og:locale\" content=\"fr_FR\" \/>\n<meta property=\"og:type\" content=\"article\" \/>\n<meta property=\"og:title\" content=\"Il Cadore tra storia e attualit\u00e0: ad Auronzo Walter Musizza alla scoperta delle case di Tiziano - Bellunopress - Dolomiti\" \/>\n<meta property=\"og:description\" content=\"Anche quest\u2019anno si rinnova l\u2019appuntamento con la storia locale ai piedi delle Tre Cime di Lavaredo. Luned\u00ec 17 agosto alle 21.00 nella Sala consiliare del Municipio, ricorrendo anche a preziose immagini d\u2019epoca, con il professore triestino appassionato di storia cadorina si indagher\u00e0 la storia della casa natale del grande pittore rinascimentale, tra passaggi di propriet\u00e0 [&hellip;]\" \/>\n<meta property=\"og:url\" content=\"https:\/\/www.bellunopress.it\/fr\/2026\/08\/14\/il-cadore-tra-storia-e-attualita-ad-auronzo-walter-musizza-alla-scoperta-delle-case-di-tiziano\/\" \/>\n<meta property=\"og:site_name\" content=\"Bellunopress - Dolomiti\" \/>\n<meta property=\"article:publisher\" content=\"https:\/\/www.facebook.com\/profile.php?id=100008943462799\" \/>\n<meta property=\"article:published_time\" content=\"2026-08-14T10:16:57+00:00\" \/>\n<meta property=\"og:image\" content=\"https:\/\/www.bellunopress.it\/wp-content\/uploads\/2026\/08\/Casa-Tiziano-con-fontana-1896-circa.jpg\" \/>\n\t<meta property=\"og:image:width\" content=\"600\" \/>\n\t<meta property=\"og:image:height\" content=\"512\" \/>\n\t<meta property=\"og:image:type\" content=\"image\/jpeg\" \/>\n<meta name=\"author\" content=\"redazione\" \/>\n<meta name=\"twitter:card\" content=\"summary_large_image\" \/>\n<meta name=\"twitter:creator\" content=\"@bellunopress\" \/>\n<meta name=\"twitter:site\" content=\"@bellunopress\" \/>\n<meta name=\"twitter:label1\" content=\"\u00c9crit par\" \/>\n\t<meta name=\"twitter:data1\" content=\"redazione\" \/>\n\t<meta name=\"twitter:label2\" content=\"Dur\u00e9e de lecture estim\u00e9e\" \/>\n\t<meta name=\"twitter:data2\" content=\"4 minutes\" \/>\n<script type=\"application\/ld+json\" class=\"yoast-schema-graph\">{\"@context\":\"https:\\\/\\\/schema.org\",\"@graph\":[{\"@type\":\"Article\",\"@id\":\"https:\\\/\\\/www.bellunopress.it\\\/2026\\\/08\\\/14\\\/il-cadore-tra-storia-e-attualita-ad-auronzo-walter-musizza-alla-scoperta-delle-case-di-tiziano\\\/#article\",\"isPartOf\":{\"@id\":\"https:\\\/\\\/www.bellunopress.it\\\/2026\\\/08\\\/14\\\/il-cadore-tra-storia-e-attualita-ad-auronzo-walter-musizza-alla-scoperta-delle-case-di-tiziano\\\/\"},\"author\":{\"name\":\"redazione\",\"@id\":\"https:\\\/\\\/www.bellunopress.it\\\/#\\\/schema\\\/person\\\/79bb06722b37ece1c03d3e94beb30d73\"},\"headline\":\"Il Cadore tra storia e attualit\u00e0: ad Auronzo Walter Musizza alla scoperta delle case di Tiziano\",\"datePublished\":\"2026-08-14T10:16:57+00:00\",\"mainEntityOfPage\":{\"@id\":\"https:\\\/\\\/www.bellunopress.it\\\/2026\\\/08\\\/14\\\/il-cadore-tra-storia-e-attualita-ad-auronzo-walter-musizza-alla-scoperta-delle-case-di-tiziano\\\/\"},\"wordCount\":667,\"publisher\":{\"@id\":\"https:\\\/\\\/www.bellunopress.it\\\/#organization\"},\"image\":{\"@id\":\"https:\\\/\\\/www.bellunopress.it\\\/2026\\\/08\\\/14\\\/il-cadore-tra-storia-e-attualita-ad-auronzo-walter-musizza-alla-scoperta-delle-case-di-tiziano\\\/#primaryimage\"},\"thumbnailUrl\":\"https:\\\/\\\/www.bellunopress.it\\\/wp-content\\\/uploads\\\/2026\\\/08\\\/Casa-Tiziano-con-fontana-1896-circa.jpg\",\"articleSection\":[\"Appuntamenti, Eventi\",\"Arte, Cultura, Spettacoli, Scienza\",\"Pausa Caff\u00e8\"],\"inLanguage\":\"fr-FR\"},{\"@type\":\"WebPage\",\"@id\":\"https:\\\/\\\/www.bellunopress.it\\\/2026\\\/08\\\/14\\\/il-cadore-tra-storia-e-attualita-ad-auronzo-walter-musizza-alla-scoperta-delle-case-di-tiziano\\\/\",\"url\":\"https:\\\/\\\/www.bellunopress.it\\\/2026\\\/08\\\/14\\\/il-cadore-tra-storia-e-attualita-ad-auronzo-walter-musizza-alla-scoperta-delle-case-di-tiziano\\\/\",\"name\":\"Il Cadore tra storia e attualit\u00e0: ad Auronzo Walter Musizza alla scoperta delle case di Tiziano - Bellunopress - Dolomiti\",\"isPartOf\":{\"@id\":\"https:\\\/\\\/www.bellunopress.it\\\/#website\"},\"primaryImageOfPage\":{\"@id\":\"https:\\\/\\\/www.bellunopress.it\\\/2026\\\/08\\\/14\\\/il-cadore-tra-storia-e-attualita-ad-auronzo-walter-musizza-alla-scoperta-delle-case-di-tiziano\\\/#primaryimage\"},\"image\":{\"@id\":\"https:\\\/\\\/www.bellunopress.it\\\/2026\\\/08\\\/14\\\/il-cadore-tra-storia-e-attualita-ad-auronzo-walter-musizza-alla-scoperta-delle-case-di-tiziano\\\/#primaryimage\"},\"thumbnailUrl\":\"https:\\\/\\\/www.bellunopress.it\\\/wp-content\\\/uploads\\\/2026\\\/08\\\/Casa-Tiziano-con-fontana-1896-circa.jpg\",\"datePublished\":\"2026-08-14T10:16:57+00:00\",\"breadcrumb\":{\"@id\":\"https:\\\/\\\/www.bellunopress.it\\\/2026\\\/08\\\/14\\\/il-cadore-tra-storia-e-attualita-ad-auronzo-walter-musizza-alla-scoperta-delle-case-di-tiziano\\\/#breadcrumb\"},\"inLanguage\":\"fr-FR\",\"potentialAction\":[{\"@type\":\"ReadAction\",\"target\":[\"https:\\\/\\\/www.bellunopress.it\\\/2026\\\/08\\\/14\\\/il-cadore-tra-storia-e-attualita-ad-auronzo-walter-musizza-alla-scoperta-delle-case-di-tiziano\\\/\"]}]},{\"@type\":\"ImageObject\",\"inLanguage\":\"fr-FR\",\"@id\":\"https:\\\/\\\/www.bellunopress.it\\\/2026\\\/08\\\/14\\\/il-cadore-tra-storia-e-attualita-ad-auronzo-walter-musizza-alla-scoperta-delle-case-di-tiziano\\\/#primaryimage\",\"url\":\"https:\\\/\\\/www.bellunopress.it\\\/wp-content\\\/uploads\\\/2026\\\/08\\\/Casa-Tiziano-con-fontana-1896-circa.jpg\",\"contentUrl\":\"https:\\\/\\\/www.bellunopress.it\\\/wp-content\\\/uploads\\\/2026\\\/08\\\/Casa-Tiziano-con-fontana-1896-circa.jpg\",\"width\":600,\"height\":512,\"caption\":\"Casa del Tiziano (anno 1896)\"},{\"@type\":\"BreadcrumbList\",\"@id\":\"https:\\\/\\\/www.bellunopress.it\\\/2026\\\/08\\\/14\\\/il-cadore-tra-storia-e-attualita-ad-auronzo-walter-musizza-alla-scoperta-delle-case-di-tiziano\\\/#breadcrumb\",\"itemListElement\":[{\"@type\":\"ListItem\",\"position\":1,\"name\":\"Home\",\"item\":\"https:\\\/\\\/www.bellunopress.it\\\/\"},{\"@type\":\"ListItem\",\"position\":2,\"name\":\"Il Cadore tra storia e attualit\u00e0: ad Auronzo Walter Musizza alla scoperta delle case di Tiziano\"}]},{\"@type\":\"WebSite\",\"@id\":\"https:\\\/\\\/www.bellunopress.it\\\/#website\",\"url\":\"https:\\\/\\\/www.bellunopress.it\\\/\",\"name\":\"Bellunopress - Dolomiti\",\"description\":\"e-mail: redazione@bellunopress.it\",\"publisher\":{\"@id\":\"https:\\\/\\\/www.bellunopress.it\\\/#organization\"},\"potentialAction\":[{\"@type\":\"SearchAction\",\"target\":{\"@type\":\"EntryPoint\",\"urlTemplate\":\"https:\\\/\\\/www.bellunopress.it\\\/?s={search_term_string}\"},\"query-input\":{\"@type\":\"PropertyValueSpecification\",\"valueRequired\":true,\"valueName\":\"search_term_string\"}}],\"inLanguage\":\"fr-FR\"},{\"@type\":\"Organization\",\"@id\":\"https:\\\/\\\/www.bellunopress.it\\\/#organization\",\"name\":\"Bellunopress\",\"url\":\"https:\\\/\\\/www.bellunopress.it\\\/\",\"logo\":{\"@type\":\"ImageObject\",\"inLanguage\":\"fr-FR\",\"@id\":\"https:\\\/\\\/www.bellunopress.it\\\/#\\\/schema\\\/logo\\\/image\\\/\",\"url\":\"https:\\\/\\\/www.bellunopress.it\\\/wp-content\\\/uploads\\\/2011\\\/05\\\/cropped-logo-bellunopress-.jpg\",\"contentUrl\":\"https:\\\/\\\/www.bellunopress.it\\\/wp-content\\\/uploads\\\/2011\\\/05\\\/cropped-logo-bellunopress-.jpg\",\"width\":512,\"height\":512,\"caption\":\"Bellunopress\"},\"image\":{\"@id\":\"https:\\\/\\\/www.bellunopress.it\\\/#\\\/schema\\\/logo\\\/image\\\/\"},\"sameAs\":[\"https:\\\/\\\/www.facebook.com\\\/profile.php?id=100008943462799\",\"https:\\\/\\\/x.com\\\/bellunopress\",\"https:\\\/\\\/www.linkedin.com\\\/hp\\\/?dnr=JBzUWaJfMUw8vbXJJ2tVW5-I3jZKvC4wsoxE&amp;amp;amp;amp;amp;amp;trk=nav_responsive_tab_home\",\"https:\\\/\\\/www.youtube.com\\\/channel\\\/UCxL0wu1uN0_3_7hGG0306cw\"]},{\"@type\":\"Person\",\"@id\":\"https:\\\/\\\/www.bellunopress.it\\\/#\\\/schema\\\/person\\\/79bb06722b37ece1c03d3e94beb30d73\",\"name\":\"redazione\",\"image\":{\"@type\":\"ImageObject\",\"inLanguage\":\"fr-FR\",\"@id\":\"https:\\\/\\\/secure.gravatar.com\\\/avatar\\\/37d968a2e67a6fd04c169c4bdef102d0bc5d31b2546345219e348575eb80e9a0?s=96&d=mm&r=g\",\"url\":\"https:\\\/\\\/secure.gravatar.com\\\/avatar\\\/37d968a2e67a6fd04c169c4bdef102d0bc5d31b2546345219e348575eb80e9a0?s=96&d=mm&r=g\",\"contentUrl\":\"https:\\\/\\\/secure.gravatar.com\\\/avatar\\\/37d968a2e67a6fd04c169c4bdef102d0bc5d31b2546345219e348575eb80e9a0?s=96&d=mm&r=g\",\"caption\":\"redazione\"},\"sameAs\":[\"http:\\\/\\\/www.bellunopress.it\",\"https:\\\/\\\/x.com\\\/bellunopress\"],\"url\":\"https:\\\/\\\/www.bellunopress.it\\\/fr\\\/author\\\/redazione\\\/\"}]}<\/script>\n<!-- \/ Yoast SEO plugin. -->","yoast_head_json":{"title":"Il Cadore tra storia e attualit\u00e0: ad Auronzo Walter Musizza alla scoperta delle case di Tiziano - Bellunopress - Dolomiti","robots":{"index":"index","follow":"follow","max-snippet":"max-snippet:-1","max-image-preview":"max-image-preview:large","max-video-preview":"max-video-preview:-1"},"canonical":"https:\/\/www.bellunopress.it\/fr\/2026\/08\/14\/il-cadore-tra-storia-e-attualita-ad-auronzo-walter-musizza-alla-scoperta-delle-case-di-tiziano\/","og_locale":"fr_FR","og_type":"article","og_title":"Il Cadore tra storia e attualit\u00e0: ad Auronzo Walter Musizza alla scoperta delle case di Tiziano - Bellunopress - Dolomiti","og_description":"Anche quest\u2019anno si rinnova l\u2019appuntamento con la storia locale ai piedi delle Tre Cime di Lavaredo. Luned\u00ec 17 agosto alle 21.00 nella Sala consiliare del Municipio, ricorrendo anche a preziose immagini d\u2019epoca, con il professore triestino appassionato di storia cadorina si indagher\u00e0 la storia della casa natale del grande pittore rinascimentale, tra passaggi di propriet\u00e0 [&hellip;]","og_url":"https:\/\/www.bellunopress.it\/fr\/2026\/08\/14\/il-cadore-tra-storia-e-attualita-ad-auronzo-walter-musizza-alla-scoperta-delle-case-di-tiziano\/","og_site_name":"Bellunopress - Dolomiti","article_publisher":"https:\/\/www.facebook.com\/profile.php?id=100008943462799","article_published_time":"2026-08-14T10:16:57+00:00","og_image":[{"width":600,"height":512,"url":"https:\/\/www.bellunopress.it\/wp-content\/uploads\/2026\/08\/Casa-Tiziano-con-fontana-1896-circa.jpg","type":"image\/jpeg"}],"author":"redazione","twitter_card":"summary_large_image","twitter_creator":"@bellunopress","twitter_site":"@bellunopress","twitter_misc":{"\u00c9crit par":"redazione","Dur\u00e9e de lecture estim\u00e9e":"4 minutes"},"schema":{"@context":"https:\/\/schema.org","@graph":[{"@type":"Article","@id":"https:\/\/www.bellunopress.it\/2026\/08\/14\/il-cadore-tra-storia-e-attualita-ad-auronzo-walter-musizza-alla-scoperta-delle-case-di-tiziano\/#article","isPartOf":{"@id":"https:\/\/www.bellunopress.it\/2026\/08\/14\/il-cadore-tra-storia-e-attualita-ad-auronzo-walter-musizza-alla-scoperta-delle-case-di-tiziano\/"},"author":{"name":"redazione","@id":"https:\/\/www.bellunopress.it\/#\/schema\/person\/79bb06722b37ece1c03d3e94beb30d73"},"headline":"Il Cadore tra storia e attualit\u00e0: ad Auronzo Walter Musizza alla scoperta delle case di Tiziano","datePublished":"2026-08-14T10:16:57+00:00","mainEntityOfPage":{"@id":"https:\/\/www.bellunopress.it\/2026\/08\/14\/il-cadore-tra-storia-e-attualita-ad-auronzo-walter-musizza-alla-scoperta-delle-case-di-tiziano\/"},"wordCount":667,"publisher":{"@id":"https:\/\/www.bellunopress.it\/#organization"},"image":{"@id":"https:\/\/www.bellunopress.it\/2026\/08\/14\/il-cadore-tra-storia-e-attualita-ad-auronzo-walter-musizza-alla-scoperta-delle-case-di-tiziano\/#primaryimage"},"thumbnailUrl":"https:\/\/www.bellunopress.it\/wp-content\/uploads\/2026\/08\/Casa-Tiziano-con-fontana-1896-circa.jpg","articleSection":["Appuntamenti, Eventi","Arte, Cultura, Spettacoli, Scienza","Pausa Caff\u00e8"],"inLanguage":"fr-FR"},{"@type":"WebPage","@id":"https:\/\/www.bellunopress.it\/2026\/08\/14\/il-cadore-tra-storia-e-attualita-ad-auronzo-walter-musizza-alla-scoperta-delle-case-di-tiziano\/","url":"https:\/\/www.bellunopress.it\/2026\/08\/14\/il-cadore-tra-storia-e-attualita-ad-auronzo-walter-musizza-alla-scoperta-delle-case-di-tiziano\/","name":"Il Cadore tra storia e attualit\u00e0: ad Auronzo Walter Musizza alla scoperta delle case di Tiziano - Bellunopress - Dolomiti","isPartOf":{"@id":"https:\/\/www.bellunopress.it\/#website"},"primaryImageOfPage":{"@id":"https:\/\/www.bellunopress.it\/2026\/08\/14\/il-cadore-tra-storia-e-attualita-ad-auronzo-walter-musizza-alla-scoperta-delle-case-di-tiziano\/#primaryimage"},"image":{"@id":"https:\/\/www.bellunopress.it\/2026\/08\/14\/il-cadore-tra-storia-e-attualita-ad-auronzo-walter-musizza-alla-scoperta-delle-case-di-tiziano\/#primaryimage"},"thumbnailUrl":"https:\/\/www.bellunopress.it\/wp-content\/uploads\/2026\/08\/Casa-Tiziano-con-fontana-1896-circa.jpg","datePublished":"2026-08-14T10:16:57+00:00","breadcrumb":{"@id":"https:\/\/www.bellunopress.it\/2026\/08\/14\/il-cadore-tra-storia-e-attualita-ad-auronzo-walter-musizza-alla-scoperta-delle-case-di-tiziano\/#breadcrumb"},"inLanguage":"fr-FR","potentialAction":[{"@type":"ReadAction","target":["https:\/\/www.bellunopress.it\/2026\/08\/14\/il-cadore-tra-storia-e-attualita-ad-auronzo-walter-musizza-alla-scoperta-delle-case-di-tiziano\/"]}]},{"@type":"ImageObject","inLanguage":"fr-FR","@id":"https:\/\/www.bellunopress.it\/2026\/08\/14\/il-cadore-tra-storia-e-attualita-ad-auronzo-walter-musizza-alla-scoperta-delle-case-di-tiziano\/#primaryimage","url":"https:\/\/www.bellunopress.it\/wp-content\/uploads\/2026\/08\/Casa-Tiziano-con-fontana-1896-circa.jpg","contentUrl":"https:\/\/www.bellunopress.it\/wp-content\/uploads\/2026\/08\/Casa-Tiziano-con-fontana-1896-circa.jpg","width":600,"height":512,"caption":"Casa del Tiziano (anno 1896)"},{"@type":"BreadcrumbList","@id":"https:\/\/www.bellunopress.it\/2026\/08\/14\/il-cadore-tra-storia-e-attualita-ad-auronzo-walter-musizza-alla-scoperta-delle-case-di-tiziano\/#breadcrumb","itemListElement":[{"@type":"ListItem","position":1,"name":"Home","item":"https:\/\/www.bellunopress.it\/"},{"@type":"ListItem","position":2,"name":"Il Cadore tra storia e attualit\u00e0: ad Auronzo Walter Musizza alla scoperta delle case di Tiziano"}]},{"@type":"WebSite","@id":"https:\/\/www.bellunopress.it\/#website","url":"https:\/\/www.bellunopress.it\/","name":"Bellunopress - Dolomiti","description":"e-mail: redazione@bellunopress.it","publisher":{"@id":"https:\/\/www.bellunopress.it\/#organization"},"potentialAction":[{"@type":"SearchAction","target":{"@type":"EntryPoint","urlTemplate":"https:\/\/www.bellunopress.it\/?s={search_term_string}"},"query-input":{"@type":"PropertyValueSpecification","valueRequired":true,"valueName":"search_term_string"}}],"inLanguage":"fr-FR"},{"@type":"Organization","@id":"https:\/\/www.bellunopress.it\/#organization","name":"Bellunopress","url":"https:\/\/www.bellunopress.it\/","logo":{"@type":"ImageObject","inLanguage":"fr-FR","@id":"https:\/\/www.bellunopress.it\/#\/schema\/logo\/image\/","url":"https:\/\/www.bellunopress.it\/wp-content\/uploads\/2011\/05\/cropped-logo-bellunopress-.jpg","contentUrl":"https:\/\/www.bellunopress.it\/wp-content\/uploads\/2011\/05\/cropped-logo-bellunopress-.jpg","width":512,"height":512,"caption":"Bellunopress"},"image":{"@id":"https:\/\/www.bellunopress.it\/#\/schema\/logo\/image\/"},"sameAs":["https:\/\/www.facebook.com\/profile.php?id=100008943462799","https:\/\/x.com\/bellunopress","https:\/\/www.linkedin.com\/hp\/?dnr=JBzUWaJfMUw8vbXJJ2tVW5-I3jZKvC4wsoxE&amp;amp;amp;amp;amp;amp;trk=nav_responsive_tab_home","https:\/\/www.youtube.com\/channel\/UCxL0wu1uN0_3_7hGG0306cw"]},{"@type":"Person","@id":"https:\/\/www.bellunopress.it\/#\/schema\/person\/79bb06722b37ece1c03d3e94beb30d73","name":"r\u00e9daction","image":{"@type":"ImageObject","inLanguage":"fr-FR","@id":"https:\/\/secure.gravatar.com\/avatar\/37d968a2e67a6fd04c169c4bdef102d0bc5d31b2546345219e348575eb80e9a0?s=96&d=mm&r=g","url":"https:\/\/secure.gravatar.com\/avatar\/37d968a2e67a6fd04c169c4bdef102d0bc5d31b2546345219e348575eb80e9a0?s=96&d=mm&r=g","contentUrl":"https:\/\/secure.gravatar.com\/avatar\/37d968a2e67a6fd04c169c4bdef102d0bc5d31b2546345219e348575eb80e9a0?s=96&d=mm&r=g","caption":"redazione"},"sameAs":["http:\/\/www.bellunopress.it","https:\/\/x.com\/bellunopress"],"url":"https:\/\/www.bellunopress.it\/fr\/author\/redazione\/"}]}},"_links":{"self":[{"href":"https:\/\/www.bellunopress.it\/fr\/wp-json\/wp\/v2\/posts\/172641","targetHints":{"allow":["GET"]}}],"collection":[{"href":"https:\/\/www.bellunopress.it\/fr\/wp-json\/wp\/v2\/posts"}],"about":[{"href":"https:\/\/www.bellunopress.it\/fr\/wp-json\/wp\/v2\/types\/post"}],"author":[{"embeddable":true,"href":"https:\/\/www.bellunopress.it\/fr\/wp-json\/wp\/v2\/users\/2"}],"replies":[{"embeddable":true,"href":"https:\/\/www.bellunopress.it\/fr\/wp-json\/wp\/v2\/comments?post=172641"}],"version-history":[{"count":1,"href":"https:\/\/www.bellunopress.it\/fr\/wp-json\/wp\/v2\/posts\/172641\/revisions"}],"predecessor-version":[{"id":172643,"href":"https:\/\/www.bellunopress.it\/fr\/wp-json\/wp\/v2\/posts\/172641\/revisions\/172643"}],"wp:featuredmedia":[{"embeddable":true,"href":"https:\/\/www.bellunopress.it\/fr\/wp-json\/wp\/v2\/media\/172642"}],"wp:attachment":[{"href":"https:\/\/www.bellunopress.it\/fr\/wp-json\/wp\/v2\/media?parent=172641"}],"wp:term":[{"taxonomy":"category","embeddable":true,"href":"https:\/\/www.bellunopress.it\/fr\/wp-json\/wp\/v2\/categories?post=172641"},{"taxonomy":"post_tag","embeddable":true,"href":"https:\/\/www.bellunopress.it\/fr\/wp-json\/wp\/v2\/tags?post=172641"}],"curies":[{"name":"wp","href":"https:\/\/api.w.org\/{rel}","templated":true}]}}