{"id":172636,"date":"2026-08-13T22:29:04","date_gmt":"2026-08-13T20:29:04","guid":{"rendered":"https:\/\/www.bellunopress.it\/?p=172636"},"modified":"2026-08-13T22:29:04","modified_gmt":"2026-08-13T20:29:04","slug":"belluno-riaperti-gran-parte-dei-giardini-di-piazza-martiri-dopo-i-danni-provocati-dal-maltempo","status":"publish","type":"post","link":"https:\/\/www.bellunopress.it\/fr\/2026\/08\/13\/belluno-riaperti-gran-parte-dei-giardini-di-piazza-martiri-dopo-i-danni-provocati-dal-maltempo\/","title":{"rendered":"Belluno, riaperti gran parte dei giardini di piazza Martiri dopo i danni provocati dal maltempo"},"content":{"rendered":"<p>Belluno, 13\/08\/2026\u00a0 &#8211;\u00a0 Gran parte dell\u2019area giardini di piazza dei Martiri \u00e8 nuovamente aperta al pubblico. Dopo i danni provocati dal forte maltempo del 6 agosto, l\u2019intervento effettuato ieri mattina dai Vigili del Fuoco ha permesso di mettere in sicurezza buona parte della zona e, dopo le operazioni di pulizia, di restituirla alla Citt\u00e0.<\/p>\n<p>\u201cDopo un evento che ha colpito duramente anche il patrimonio arboreo della piazza, la priorit\u00e0 era intervenire rapidamente per garantire la sicurezza e riuscire a restituire quanto prima questi spazi ai bellunesi \u2013 commenta il sindaco Oscar De Pellegrin \u2013. Il lavoro svolto ieri ci ha permesso di riaprire gran parte dei giardini e anche la traversa sud, mentre continueremo a mantenere interdette soltanto le zone che richiedono ulteriori verifiche. Voglio ringraziare i Vigili del Fuoco, il cui intervento e i mezzi a disposizione sono stati determinanti per poter lavorare sulle parti pi\u00f9 alte degli alberi e procedere alla messa in sicurezza dell\u2019area. Grazie anche al dottor Coden, ai tecnici e agli operai comunali che hanno lavorato in questi giorni. Continueremo ora con gli approfondimenti necessari, con l\u2019obiettivo di recuperare progressivamente anche le porzioni che rimangono chiuse\u201d.<\/p>\n<p>I Vigili del Fuoco sono intervenuti con l\u2019autoscala sulle alberature danneggiate, raggiungendo le parti pi\u00f9 alte delle chiome e rimuovendo i rami lesionati, pendenti o pericolosi. Proprio il lavoro in quota ha consentito di controllare anche parti degli alberi non visibili da terra e di eliminare ulteriori situazioni di rischio. Alle operazioni era presente anche il dottor forestale Marco Coden, incaricato dal Comune per il censimento e la valutazione del verde urbano, che ha seguito l\u2019intervento effettuando una ricognizione delle alberature e indicando le situazioni di criticit\u00e0 rilevabili da terra. Al termine dei lavori, i rami pericolanti individuati risultavano rimossi.<br \/>\nNon tutta l\u2019area pu\u00f2 per\u00f2 essere ancora restituita alla piena fruibilit\u00e0. Restano interdette le zone attorno a tre cedri, identificati con i numeri 9, 10 e 27, sui quali sono necessari controlli pi\u00f9 approfonditi. Nelle prossime settimane saranno effettuate verifiche direttamente in quota attraverso il tree climbing, cos\u00ec da poter osservare da vicino anche quelle parti delle chiome che non \u00e8 stato possibile raggiungere con l\u2019autoscala e stabilire gli eventuali, ulteriori, interventi necessari.<\/p>\n<p>&nbsp;<\/p>","protected":false},"excerpt":{"rendered":"<p>Belluno, 13\/08\/2026\u00a0 &#8211;\u00a0 Gran parte dell\u2019area giardini di piazza dei Martiri \u00e8 nuovamente aperta al pubblico. Dopo i danni provocati dal forte maltempo del 6 agosto, l\u2019intervento effettuato ieri mattina dai Vigili del Fuoco ha permesso di mettere in sicurezza buona parte della zona e, dopo le operazioni di pulizia, di restituirla alla Citt\u00e0. \u201cDopo [&hellip;]<\/p>\n","protected":false},"author":2,"featured_media":172637,"comment_status":"closed","ping_status":"open","sticky":false,"template":"","format":"standard","meta":{"footnotes":""},"categories":[26,8],"tags":[],"class_list":["post-172636","post","type-post","status-publish","format-standard","has-post-thumbnail","category-prima-pagina","category-societa-istituzioni"],"yoast_head":"<!-- This site is optimized with the Yoast SEO plugin v28.4 - https:\/\/yoast.com\/product\/yoast-seo-wordpress\/ -->\n<title>Belluno, riaperti gran parte dei giardini di piazza Martiri dopo i danni provocati dal maltempo - Bellunopress - Dolomiti<\/title>\n<meta name=\"robots\" content=\"index, follow, max-snippet:-1, max-image-preview:large, max-video-preview:-1\" \/>\n<link rel=\"canonical\" href=\"https:\/\/www.bellunopress.it\/fr\/2026\/08\/13\/belluno-riaperti-gran-parte-dei-giardini-di-piazza-martiri-dopo-i-danni-provocati-dal-maltempo\/\" \/>\n<meta property=\"og:locale\" content=\"fr_FR\" \/>\n<meta property=\"og:type\" content=\"article\" \/>\n<meta property=\"og:title\" content=\"Belluno, riaperti gran parte dei giardini di piazza Martiri dopo i danni provocati dal maltempo - Bellunopress - Dolomiti\" \/>\n<meta property=\"og:description\" content=\"Belluno, 13\/08\/2026\u00a0 &#8211;\u00a0 Gran parte dell\u2019area giardini di piazza dei Martiri \u00e8 nuovamente aperta al pubblico. Dopo i danni provocati dal forte maltempo del 6 agosto, l\u2019intervento effettuato ieri mattina dai Vigili del Fuoco ha permesso di mettere in sicurezza buona parte della zona e, dopo le operazioni di pulizia, di restituirla alla Citt\u00e0. \u201cDopo [&hellip;]\" \/>\n<meta property=\"og:url\" content=\"https:\/\/www.bellunopress.it\/fr\/2026\/08\/13\/belluno-riaperti-gran-parte-dei-giardini-di-piazza-martiri-dopo-i-danni-provocati-dal-maltempo\/\" \/>\n<meta property=\"og:site_name\" content=\"Bellunopress - Dolomiti\" \/>\n<meta property=\"article:publisher\" content=\"https:\/\/www.facebook.com\/profile.php?id=100008943462799\" \/>\n<meta property=\"article:published_time\" content=\"2026-08-13T20:29:04+00:00\" \/>\n<meta property=\"og:image\" content=\"https:\/\/www.bellunopress.it\/wp-content\/uploads\/2026\/08\/Piazza-Martiri-ripristinata.jpeg\" \/>\n\t<meta property=\"og:image:width\" content=\"500\" \/>\n\t<meta property=\"og:image:height\" content=\"281\" \/>\n\t<meta property=\"og:image:type\" content=\"image\/jpeg\" \/>\n<meta name=\"author\" content=\"redazione\" \/>\n<meta name=\"twitter:card\" content=\"summary_large_image\" \/>\n<meta name=\"twitter:creator\" content=\"@bellunopress\" \/>\n<meta name=\"twitter:site\" content=\"@bellunopress\" \/>\n<meta name=\"twitter:label1\" content=\"Written by\" \/>\n\t<meta name=\"twitter:data1\" content=\"redazione\" \/>\n\t<meta name=\"twitter:label2\" content=\"Est. reading time\" \/>\n\t<meta name=\"twitter:data2\" content=\"3 minutes\" \/>\n<script type=\"application\/ld+json\" class=\"yoast-schema-graph\">{\"@context\":\"https:\\\/\\\/schema.org\",\"@graph\":[{\"@type\":\"Article\",\"@id\":\"https:\\\/\\\/www.bellunopress.it\\\/2026\\\/08\\\/13\\\/belluno-riaperti-gran-parte-dei-giardini-di-piazza-martiri-dopo-i-danni-provocati-dal-maltempo\\\/#article\",\"isPartOf\":{\"@id\":\"https:\\\/\\\/www.bellunopress.it\\\/2026\\\/08\\\/13\\\/belluno-riaperti-gran-parte-dei-giardini-di-piazza-martiri-dopo-i-danni-provocati-dal-maltempo\\\/\"},\"author\":{\"name\":\"redazione\",\"@id\":\"https:\\\/\\\/www.bellunopress.it\\\/#\\\/schema\\\/person\\\/79bb06722b37ece1c03d3e94beb30d73\"},\"headline\":\"Belluno, riaperti gran parte dei giardini di piazza Martiri dopo i danni provocati dal maltempo\",\"datePublished\":\"2026-08-13T20:29:04+00:00\",\"mainEntityOfPage\":{\"@id\":\"https:\\\/\\\/www.bellunopress.it\\\/2026\\\/08\\\/13\\\/belluno-riaperti-gran-parte-dei-giardini-di-piazza-martiri-dopo-i-danni-provocati-dal-maltempo\\\/\"},\"wordCount\":379,\"publisher\":{\"@id\":\"https:\\\/\\\/www.bellunopress.it\\\/#organization\"},\"image\":{\"@id\":\"https:\\\/\\\/www.bellunopress.it\\\/2026\\\/08\\\/13\\\/belluno-riaperti-gran-parte-dei-giardini-di-piazza-martiri-dopo-i-danni-provocati-dal-maltempo\\\/#primaryimage\"},\"thumbnailUrl\":\"https:\\\/\\\/www.bellunopress.it\\\/wp-content\\\/uploads\\\/2026\\\/08\\\/Piazza-Martiri-ripristinata.jpeg\",\"articleSection\":[\"Prima Pagina\",\"Societ\u00e0, Associazioni, Istituzioni\"],\"inLanguage\":\"fr-FR\"},{\"@type\":\"WebPage\",\"@id\":\"https:\\\/\\\/www.bellunopress.it\\\/2026\\\/08\\\/13\\\/belluno-riaperti-gran-parte-dei-giardini-di-piazza-martiri-dopo-i-danni-provocati-dal-maltempo\\\/\",\"url\":\"https:\\\/\\\/www.bellunopress.it\\\/2026\\\/08\\\/13\\\/belluno-riaperti-gran-parte-dei-giardini-di-piazza-martiri-dopo-i-danni-provocati-dal-maltempo\\\/\",\"name\":\"Belluno, riaperti gran parte dei giardini di piazza Martiri dopo i danni provocati dal maltempo - Bellunopress - Dolomiti\",\"isPartOf\":{\"@id\":\"https:\\\/\\\/www.bellunopress.it\\\/#website\"},\"primaryImageOfPage\":{\"@id\":\"https:\\\/\\\/www.bellunopress.it\\\/2026\\\/08\\\/13\\\/belluno-riaperti-gran-parte-dei-giardini-di-piazza-martiri-dopo-i-danni-provocati-dal-maltempo\\\/#primaryimage\"},\"image\":{\"@id\":\"https:\\\/\\\/www.bellunopress.it\\\/2026\\\/08\\\/13\\\/belluno-riaperti-gran-parte-dei-giardini-di-piazza-martiri-dopo-i-danni-provocati-dal-maltempo\\\/#primaryimage\"},\"thumbnailUrl\":\"https:\\\/\\\/www.bellunopress.it\\\/wp-content\\\/uploads\\\/2026\\\/08\\\/Piazza-Martiri-ripristinata.jpeg\",\"datePublished\":\"2026-08-13T20:29:04+00:00\",\"breadcrumb\":{\"@id\":\"https:\\\/\\\/www.bellunopress.it\\\/2026\\\/08\\\/13\\\/belluno-riaperti-gran-parte-dei-giardini-di-piazza-martiri-dopo-i-danni-provocati-dal-maltempo\\\/#breadcrumb\"},\"inLanguage\":\"fr-FR\",\"potentialAction\":[{\"@type\":\"ReadAction\",\"target\":[\"https:\\\/\\\/www.bellunopress.it\\\/2026\\\/08\\\/13\\\/belluno-riaperti-gran-parte-dei-giardini-di-piazza-martiri-dopo-i-danni-provocati-dal-maltempo\\\/\"]}]},{\"@type\":\"ImageObject\",\"inLanguage\":\"fr-FR\",\"@id\":\"https:\\\/\\\/www.bellunopress.it\\\/2026\\\/08\\\/13\\\/belluno-riaperti-gran-parte-dei-giardini-di-piazza-martiri-dopo-i-danni-provocati-dal-maltempo\\\/#primaryimage\",\"url\":\"https:\\\/\\\/www.bellunopress.it\\\/wp-content\\\/uploads\\\/2026\\\/08\\\/Piazza-Martiri-ripristinata.jpeg\",\"contentUrl\":\"https:\\\/\\\/www.bellunopress.it\\\/wp-content\\\/uploads\\\/2026\\\/08\\\/Piazza-Martiri-ripristinata.jpeg\",\"width\":500,\"height\":281,\"caption\":\"Belluno. Giardini di piazza dei Martiri ripristinati dopo il maltempo\"},{\"@type\":\"BreadcrumbList\",\"@id\":\"https:\\\/\\\/www.bellunopress.it\\\/2026\\\/08\\\/13\\\/belluno-riaperti-gran-parte-dei-giardini-di-piazza-martiri-dopo-i-danni-provocati-dal-maltempo\\\/#breadcrumb\",\"itemListElement\":[{\"@type\":\"ListItem\",\"position\":1,\"name\":\"Home\",\"item\":\"https:\\\/\\\/www.bellunopress.it\\\/\"},{\"@type\":\"ListItem\",\"position\":2,\"name\":\"Belluno, riaperti gran parte dei giardini di piazza Martiri dopo i danni provocati dal maltempo\"}]},{\"@type\":\"WebSite\",\"@id\":\"https:\\\/\\\/www.bellunopress.it\\\/#website\",\"url\":\"https:\\\/\\\/www.bellunopress.it\\\/\",\"name\":\"Bellunopress - Dolomiti\",\"description\":\"e-mail: redazione@bellunopress.it\",\"publisher\":{\"@id\":\"https:\\\/\\\/www.bellunopress.it\\\/#organization\"},\"potentialAction\":[{\"@type\":\"SearchAction\",\"target\":{\"@type\":\"EntryPoint\",\"urlTemplate\":\"https:\\\/\\\/www.bellunopress.it\\\/?s={search_term_string}\"},\"query-input\":{\"@type\":\"PropertyValueSpecification\",\"valueRequired\":true,\"valueName\":\"search_term_string\"}}],\"inLanguage\":\"fr-FR\"},{\"@type\":\"Organization\",\"@id\":\"https:\\\/\\\/www.bellunopress.it\\\/#organization\",\"name\":\"Bellunopress\",\"url\":\"https:\\\/\\\/www.bellunopress.it\\\/\",\"logo\":{\"@type\":\"ImageObject\",\"inLanguage\":\"fr-FR\",\"@id\":\"https:\\\/\\\/www.bellunopress.it\\\/#\\\/schema\\\/logo\\\/image\\\/\",\"url\":\"https:\\\/\\\/www.bellunopress.it\\\/wp-content\\\/uploads\\\/2011\\\/05\\\/cropped-logo-bellunopress-.jpg\",\"contentUrl\":\"https:\\\/\\\/www.bellunopress.it\\\/wp-content\\\/uploads\\\/2011\\\/05\\\/cropped-logo-bellunopress-.jpg\",\"width\":512,\"height\":512,\"caption\":\"Bellunopress\"},\"image\":{\"@id\":\"https:\\\/\\\/www.bellunopress.it\\\/#\\\/schema\\\/logo\\\/image\\\/\"},\"sameAs\":[\"https:\\\/\\\/www.facebook.com\\\/profile.php?id=100008943462799\",\"https:\\\/\\\/x.com\\\/bellunopress\",\"https:\\\/\\\/www.linkedin.com\\\/hp\\\/?dnr=JBzUWaJfMUw8vbXJJ2tVW5-I3jZKvC4wsoxE&amp;amp;amp;amp;amp;amp;trk=nav_responsive_tab_home\",\"https:\\\/\\\/www.youtube.com\\\/channel\\\/UCxL0wu1uN0_3_7hGG0306cw\"]},{\"@type\":\"Person\",\"@id\":\"https:\\\/\\\/www.bellunopress.it\\\/#\\\/schema\\\/person\\\/79bb06722b37ece1c03d3e94beb30d73\",\"name\":\"redazione\",\"image\":{\"@type\":\"ImageObject\",\"inLanguage\":\"fr-FR\",\"@id\":\"https:\\\/\\\/secure.gravatar.com\\\/avatar\\\/37d968a2e67a6fd04c169c4bdef102d0bc5d31b2546345219e348575eb80e9a0?s=96&d=mm&r=g\",\"url\":\"https:\\\/\\\/secure.gravatar.com\\\/avatar\\\/37d968a2e67a6fd04c169c4bdef102d0bc5d31b2546345219e348575eb80e9a0?s=96&d=mm&r=g\",\"contentUrl\":\"https:\\\/\\\/secure.gravatar.com\\\/avatar\\\/37d968a2e67a6fd04c169c4bdef102d0bc5d31b2546345219e348575eb80e9a0?s=96&d=mm&r=g\",\"caption\":\"redazione\"},\"sameAs\":[\"http:\\\/\\\/www.bellunopress.it\",\"https:\\\/\\\/x.com\\\/bellunopress\"],\"url\":\"https:\\\/\\\/www.bellunopress.it\\\/fr\\\/author\\\/redazione\\\/\"}]}<\/script>\n<!-- \/ Yoast SEO plugin. -->","yoast_head_json":{"title":"Belluno, riaperti gran parte dei giardini di piazza Martiri dopo i danni provocati dal maltempo - Bellunopress - Dolomiti","robots":{"index":"index","follow":"follow","max-snippet":"max-snippet:-1","max-image-preview":"max-image-preview:large","max-video-preview":"max-video-preview:-1"},"canonical":"https:\/\/www.bellunopress.it\/fr\/2026\/08\/13\/belluno-riaperti-gran-parte-dei-giardini-di-piazza-martiri-dopo-i-danni-provocati-dal-maltempo\/","og_locale":"fr_FR","og_type":"article","og_title":"Belluno, riaperti gran parte dei giardini di piazza Martiri dopo i danni provocati dal maltempo - Bellunopress - Dolomiti","og_description":"Belluno, 13\/08\/2026\u00a0 &#8211;\u00a0 Gran parte dell\u2019area giardini di piazza dei Martiri \u00e8 nuovamente aperta al pubblico. Dopo i danni provocati dal forte maltempo del 6 agosto, l\u2019intervento effettuato ieri mattina dai Vigili del Fuoco ha permesso di mettere in sicurezza buona parte della zona e, dopo le operazioni di pulizia, di restituirla alla Citt\u00e0. \u201cDopo [&hellip;]","og_url":"https:\/\/www.bellunopress.it\/fr\/2026\/08\/13\/belluno-riaperti-gran-parte-dei-giardini-di-piazza-martiri-dopo-i-danni-provocati-dal-maltempo\/","og_site_name":"Bellunopress - Dolomiti","article_publisher":"https:\/\/www.facebook.com\/profile.php?id=100008943462799","article_published_time":"2026-08-13T20:29:04+00:00","og_image":[{"width":500,"height":281,"url":"https:\/\/www.bellunopress.it\/wp-content\/uploads\/2026\/08\/Piazza-Martiri-ripristinata.jpeg","type":"image\/jpeg"}],"author":"redazione","twitter_card":"summary_large_image","twitter_creator":"@bellunopress","twitter_site":"@bellunopress","twitter_misc":{"Written by":"redazione","Est. reading time":"3 minutes"},"schema":{"@context":"https:\/\/schema.org","@graph":[{"@type":"Article","@id":"https:\/\/www.bellunopress.it\/2026\/08\/13\/belluno-riaperti-gran-parte-dei-giardini-di-piazza-martiri-dopo-i-danni-provocati-dal-maltempo\/#article","isPartOf":{"@id":"https:\/\/www.bellunopress.it\/2026\/08\/13\/belluno-riaperti-gran-parte-dei-giardini-di-piazza-martiri-dopo-i-danni-provocati-dal-maltempo\/"},"author":{"name":"redazione","@id":"https:\/\/www.bellunopress.it\/#\/schema\/person\/79bb06722b37ece1c03d3e94beb30d73"},"headline":"Belluno, riaperti gran parte dei giardini di piazza Martiri dopo i danni provocati dal maltempo","datePublished":"2026-08-13T20:29:04+00:00","mainEntityOfPage":{"@id":"https:\/\/www.bellunopress.it\/2026\/08\/13\/belluno-riaperti-gran-parte-dei-giardini-di-piazza-martiri-dopo-i-danni-provocati-dal-maltempo\/"},"wordCount":379,"publisher":{"@id":"https:\/\/www.bellunopress.it\/#organization"},"image":{"@id":"https:\/\/www.bellunopress.it\/2026\/08\/13\/belluno-riaperti-gran-parte-dei-giardini-di-piazza-martiri-dopo-i-danni-provocati-dal-maltempo\/#primaryimage"},"thumbnailUrl":"https:\/\/www.bellunopress.it\/wp-content\/uploads\/2026\/08\/Piazza-Martiri-ripristinata.jpeg","articleSection":["Prima Pagina","Societ\u00e0, Associazioni, Istituzioni"],"inLanguage":"fr-FR"},{"@type":"WebPage","@id":"https:\/\/www.bellunopress.it\/2026\/08\/13\/belluno-riaperti-gran-parte-dei-giardini-di-piazza-martiri-dopo-i-danni-provocati-dal-maltempo\/","url":"https:\/\/www.bellunopress.it\/2026\/08\/13\/belluno-riaperti-gran-parte-dei-giardini-di-piazza-martiri-dopo-i-danni-provocati-dal-maltempo\/","name":"Belluno, riaperti gran parte dei giardini di piazza Martiri dopo i danni provocati dal maltempo - Bellunopress - Dolomiti","isPartOf":{"@id":"https:\/\/www.bellunopress.it\/#website"},"primaryImageOfPage":{"@id":"https:\/\/www.bellunopress.it\/2026\/08\/13\/belluno-riaperti-gran-parte-dei-giardini-di-piazza-martiri-dopo-i-danni-provocati-dal-maltempo\/#primaryimage"},"image":{"@id":"https:\/\/www.bellunopress.it\/2026\/08\/13\/belluno-riaperti-gran-parte-dei-giardini-di-piazza-martiri-dopo-i-danni-provocati-dal-maltempo\/#primaryimage"},"thumbnailUrl":"https:\/\/www.bellunopress.it\/wp-content\/uploads\/2026\/08\/Piazza-Martiri-ripristinata.jpeg","datePublished":"2026-08-13T20:29:04+00:00","breadcrumb":{"@id":"https:\/\/www.bellunopress.it\/2026\/08\/13\/belluno-riaperti-gran-parte-dei-giardini-di-piazza-martiri-dopo-i-danni-provocati-dal-maltempo\/#breadcrumb"},"inLanguage":"fr-FR","potentialAction":[{"@type":"ReadAction","target":["https:\/\/www.bellunopress.it\/2026\/08\/13\/belluno-riaperti-gran-parte-dei-giardini-di-piazza-martiri-dopo-i-danni-provocati-dal-maltempo\/"]}]},{"@type":"ImageObject","inLanguage":"fr-FR","@id":"https:\/\/www.bellunopress.it\/2026\/08\/13\/belluno-riaperti-gran-parte-dei-giardini-di-piazza-martiri-dopo-i-danni-provocati-dal-maltempo\/#primaryimage","url":"https:\/\/www.bellunopress.it\/wp-content\/uploads\/2026\/08\/Piazza-Martiri-ripristinata.jpeg","contentUrl":"https:\/\/www.bellunopress.it\/wp-content\/uploads\/2026\/08\/Piazza-Martiri-ripristinata.jpeg","width":500,"height":281,"caption":"Belluno. Giardini di piazza dei Martiri ripristinati dopo il maltempo"},{"@type":"BreadcrumbList","@id":"https:\/\/www.bellunopress.it\/2026\/08\/13\/belluno-riaperti-gran-parte-dei-giardini-di-piazza-martiri-dopo-i-danni-provocati-dal-maltempo\/#breadcrumb","itemListElement":[{"@type":"ListItem","position":1,"name":"Home","item":"https:\/\/www.bellunopress.it\/"},{"@type":"ListItem","position":2,"name":"Belluno, riaperti gran parte dei giardini di piazza Martiri dopo i danni provocati dal maltempo"}]},{"@type":"WebSite","@id":"https:\/\/www.bellunopress.it\/#website","url":"https:\/\/www.bellunopress.it\/","name":"Bellunopress - Dolomiti","description":"e-mail: redazione@bellunopress.it","publisher":{"@id":"https:\/\/www.bellunopress.it\/#organization"},"potentialAction":[{"@type":"SearchAction","target":{"@type":"EntryPoint","urlTemplate":"https:\/\/www.bellunopress.it\/?s={search_term_string}"},"query-input":{"@type":"PropertyValueSpecification","valueRequired":true,"valueName":"search_term_string"}}],"inLanguage":"fr-FR"},{"@type":"Organization","@id":"https:\/\/www.bellunopress.it\/#organization","name":"Bellunopress","url":"https:\/\/www.bellunopress.it\/","logo":{"@type":"ImageObject","inLanguage":"fr-FR","@id":"https:\/\/www.bellunopress.it\/#\/schema\/logo\/image\/","url":"https:\/\/www.bellunopress.it\/wp-content\/uploads\/2011\/05\/cropped-logo-bellunopress-.jpg","contentUrl":"https:\/\/www.bellunopress.it\/wp-content\/uploads\/2011\/05\/cropped-logo-bellunopress-.jpg","width":512,"height":512,"caption":"Bellunopress"},"image":{"@id":"https:\/\/www.bellunopress.it\/#\/schema\/logo\/image\/"},"sameAs":["https:\/\/www.facebook.com\/profile.php?id=100008943462799","https:\/\/x.com\/bellunopress","https:\/\/www.linkedin.com\/hp\/?dnr=JBzUWaJfMUw8vbXJJ2tVW5-I3jZKvC4wsoxE&amp;amp;amp;amp;amp;amp;trk=nav_responsive_tab_home","https:\/\/www.youtube.com\/channel\/UCxL0wu1uN0_3_7hGG0306cw"]},{"@type":"Person","@id":"https:\/\/www.bellunopress.it\/#\/schema\/person\/79bb06722b37ece1c03d3e94beb30d73","name":"r\u00e9daction","image":{"@type":"ImageObject","inLanguage":"fr-FR","@id":"https:\/\/secure.gravatar.com\/avatar\/37d968a2e67a6fd04c169c4bdef102d0bc5d31b2546345219e348575eb80e9a0?s=96&d=mm&r=g","url":"https:\/\/secure.gravatar.com\/avatar\/37d968a2e67a6fd04c169c4bdef102d0bc5d31b2546345219e348575eb80e9a0?s=96&d=mm&r=g","contentUrl":"https:\/\/secure.gravatar.com\/avatar\/37d968a2e67a6fd04c169c4bdef102d0bc5d31b2546345219e348575eb80e9a0?s=96&d=mm&r=g","caption":"redazione"},"sameAs":["http:\/\/www.bellunopress.it","https:\/\/x.com\/bellunopress"],"url":"https:\/\/www.bellunopress.it\/fr\/author\/redazione\/"}]}},"_links":{"self":[{"href":"https:\/\/www.bellunopress.it\/fr\/wp-json\/wp\/v2\/posts\/172636","targetHints":{"allow":["GET"]}}],"collection":[{"href":"https:\/\/www.bellunopress.it\/fr\/wp-json\/wp\/v2\/posts"}],"about":[{"href":"https:\/\/www.bellunopress.it\/fr\/wp-json\/wp\/v2\/types\/post"}],"author":[{"embeddable":true,"href":"https:\/\/www.bellunopress.it\/fr\/wp-json\/wp\/v2\/users\/2"}],"replies":[{"embeddable":true,"href":"https:\/\/www.bellunopress.it\/fr\/wp-json\/wp\/v2\/comments?post=172636"}],"version-history":[{"count":1,"href":"https:\/\/www.bellunopress.it\/fr\/wp-json\/wp\/v2\/posts\/172636\/revisions"}],"predecessor-version":[{"id":172638,"href":"https:\/\/www.bellunopress.it\/fr\/wp-json\/wp\/v2\/posts\/172636\/revisions\/172638"}],"wp:featuredmedia":[{"embeddable":true,"href":"https:\/\/www.bellunopress.it\/fr\/wp-json\/wp\/v2\/media\/172637"}],"wp:attachment":[{"href":"https:\/\/www.bellunopress.it\/fr\/wp-json\/wp\/v2\/media?parent=172636"}],"wp:term":[{"taxonomy":"category","embeddable":true,"href":"https:\/\/www.bellunopress.it\/fr\/wp-json\/wp\/v2\/categories?post=172636"},{"taxonomy":"post_tag","embeddable":true,"href":"https:\/\/www.bellunopress.it\/fr\/wp-json\/wp\/v2\/tags?post=172636"}],"curies":[{"name":"wp","href":"https:\/\/api.w.org\/{rel}","templated":true}]}}