{"id":172634,"date":"2026-08-13T13:55:23","date_gmt":"2026-08-13T11:55:23","guid":{"rendered":"https:\/\/www.bellunopress.it\/?p=172634"},"modified":"2026-08-13T13:55:23","modified_gmt":"2026-08-13T11:55:23","slug":"32ma-edizione-del-giro-del-lago-di-santa-croce-domenica-16-agosto","status":"publish","type":"post","link":"https:\/\/www.bellunopress.it\/fr\/2026\/08\/13\/32ma-edizione-del-giro-del-lago-di-santa-croce-domenica-16-agosto\/","title":{"rendered":"32ma edizione del Giro del Lago di Santa Croce, domenica 16 agosto"},"content":{"rendered":"<p><strong>L&#8217;iniziativa \u00e8 proposta dal Comitato Alpago 2 Ruote &amp; Solidariet\u00e0 e sosterr\u00e0 Via di Natale, Associazione Cucchini e Alpago Solidale. L&#8217;organizzazione cura con grandissima attenzione alla sicurezza: dalle 9.30 alle 12.30 sospensione della circolazione. Iscrizioni (al momento sfiorata quota 2 mila) possibili all&#8217;Ostello per la Giovent\u00f9 di Bastia fino a sabato e domenica mattina in zona partenza<\/strong><\/p>\n<p>Alpago (Belluno), 13 agosto 2026 \u2013 Si rinnover\u00e0 domenica, 16 agosto, l&#8217;appuntamento con il Giro del Lago di Santa Croce, la manifestazione multisport organizzata dal Comitato Alpago 2 Ruote &amp; Solidariet\u00e0 dove non sono cronometro e classifiche ma dove a vincere \u00e8 unicamente l&#8217;attenzione agli altri.<\/p>\n<p>Come consuetudine, anche per questa 32.ma edizione partenza e arrivo sono fissati a Puos d&#8217;Alpago. In programma una prova di podismo sulla distanza di 17,4 chilometri (partenza alle 9,30), una prova di ciclismo di eguale lunghezza (il via alle 10), una riservata alle handbike (sempre sulla medesima distanza, start alle 9.50), una sui roller (4.8 chilometri, partenza alle 10.10) e una pedonata (7 chilometri, partenza alle 10.20). Per quanto riguarda la prova sulle due ruote, quest&#8217;anno ci sar\u00e0 la presenza di concorrenti con biciclette e abbigliamento d&#8217;epoca (partenza alle 9.55). La quota di iscrizione, di 8 euro, sar\u00e0 cos\u00ec devoluta: 3,5 euro al Fondo di Gestione della Casa &#8220;Via di Natale&#8221; di Aviano (nata per dare assistenza ai malati terminali oncologici dell&#8217; &#8220;Hospice Via di Natale&#8221; e ospitalit\u00e0 gratuita ai familiari dei malati ricoverati al Cro di Aviano ed ai pazienti oncologici in terapia ambulatoriale presso lo stesso Istituto), 3,5 euro all&#8217;Associazione Cucchini di Belluno (nata per fornire assistenza ai malati gravi e ai loro familiari a domicilio o presso l&#8217;Hospice Casa Tua Due dell&#8217;Ospedale San Martino di Belluno) e 1 euro al Progetto Alpago Solidale (nato per fornire sollievo e sostegno alle famiglie dell&#8217;Alpago con familiari in casa che manifestano i primi segni di Alzheimer).<\/p>\n<p>Le iscrizioni &#8211; Le iscrizioni (che nelle ore scorse si sono avvicinate a quota 2 mila) si possono perfezionare venerd\u00ec 14 e sabato 15 agosto, dalle 9 alle 12.30 e dalle 15 alle 18.30 presso la sede del Comitato Alpago 2 ruote &amp; solidariet\u00e0, all&#8217;Ostello per la giovent\u00f9 &#8211; Via del Mulino, 7 &#8211; Bastia d&#8217;Alpago. Domenica 16 agosto dalle ore 8 e \ufb01no a 15 minuti prima dell&#8217;inizio della rispettiva partenza (salvo diversa decisione degli organizzatori) davanti alla Casa della Giovent\u00f9 di Puos d&#8217;Alpago. Premi alle societ\u00e0 o gruppi pi\u00f9 numerosi che si iscriveranno entro sabato 16 agosto. In zona arrivo ci sar\u00e0 l&#8217;estrazione di premi a sorteggio tra tutti i partecipanti.<\/p>\n<p>La maglietta &#8211; I partecipanti riceveranno la tradizionale maglietta che accompagna ogni edizione del Giro. Quest&#8217;anno il disegno della t-shirt \u00e8 stato realizzato dall&#8217;artista bellunese Maria Meraglia. Sulla maglietta campeggia anche il logo dell&#8217;Associazione Bellunesi nel Mondo, realt\u00e0 che in questo 2026 festeggia i 60 anni di vita.<\/p>\n<p>Chiusura strade \u2013 L&#8217;organizzazione del Giro del Lago cura con molta attenzione la sicurezza: nei tratti di strada interessati al passaggio della manifestazione (statale 51 e provinciali 422 e 423), infatti, \u00e8 disposta, con decreto della Prefettura di Belluno, la sospensione della circolazione nel senso di marcia dalle 9.30 alle 12.30. Il via libera al traffico verr\u00e0 comunque dato progressivamente, a cominciare da Sella Fadalto verso Farra d&#8217;Alpago, una volta passati tutti i concorrenti. Sono previste limitazioni al traffico e alla sosta anche in comune di Alpago e, in particolare, in piazza Papa Luciani, via Roma, via Verdi, via Marconi, via al Lago, via Sonego e via Turati. Ove possibile, sono stati predisposti un servizio e una specifica segnaletica indicante i percorsi alternativi. Il comitato organizzatore ha predisposto anche una serie di parcheggi tra le localit\u00e0 di Paludi, Bastia, Farra e Puos.<\/p>\n<p>Sempre in tema di sicurezza, l&#8217;organizzazione raccomanda vivamente l&#8217;uso del casco per coloro che affronteranno il Giro del Lago in bicicletta o sui pattini.<\/p>\n<p>Per approfondimenti si pu\u00f2 consultare il sito www.2ruotealpago.it oppure telefonare al 378 084 6846 (dalle 15 alle 18, domenica esclusa) o, ancora, scrivere a info@2ruotealpago.it.<\/p>\n<p>&nbsp;<\/p>\n<p>&nbsp;<\/p>\n<p>&nbsp;<\/p>","protected":false},"excerpt":{"rendered":"<p>L&#8217;iniziativa \u00e8 proposta dal Comitato Alpago 2 Ruote &amp; Solidariet\u00e0 e sosterr\u00e0 Via di Natale, Associazione Cucchini e Alpago Solidale. L&#8217;organizzazione cura con grandissima attenzione alla sicurezza: dalle 9.30 alle 12.30 sospensione della circolazione. Iscrizioni (al momento sfiorata quota 2 mila) possibili all&#8217;Ostello per la Giovent\u00f9 di Bastia fino a sabato e domenica mattina in [&hellip;]<\/p>\n","protected":false},"author":2,"featured_media":126990,"comment_status":"closed","ping_status":"open","sticky":false,"template":"","format":"standard","meta":{"footnotes":""},"categories":[25,4],"tags":[],"class_list":["post-172634","post","type-post","status-publish","format-standard","has-post-thumbnail","category-pausa-caffe","category-sport"],"yoast_head":"<!-- This site is optimized with the Yoast SEO plugin v28.4 - https:\/\/yoast.com\/product\/yoast-seo-wordpress\/ -->\n<title>32ma edizione del Giro del Lago di Santa Croce, domenica 16 agosto - Bellunopress - Dolomiti<\/title>\n<meta name=\"robots\" content=\"index, follow, max-snippet:-1, max-image-preview:large, max-video-preview:-1\" \/>\n<link rel=\"canonical\" href=\"https:\/\/www.bellunopress.it\/fr\/2026\/08\/13\/32ma-edizione-del-giro-del-lago-di-santa-croce-domenica-16-agosto\/\" \/>\n<meta property=\"og:locale\" content=\"fr_FR\" \/>\n<meta property=\"og:type\" content=\"article\" \/>\n<meta property=\"og:title\" content=\"32ma edizione del Giro del Lago di Santa Croce, domenica 16 agosto - Bellunopress - Dolomiti\" \/>\n<meta property=\"og:description\" content=\"L&#8217;iniziativa \u00e8 proposta dal Comitato Alpago 2 Ruote &amp; Solidariet\u00e0 e sosterr\u00e0 Via di Natale, Associazione Cucchini e Alpago Solidale. L&#8217;organizzazione cura con grandissima attenzione alla sicurezza: dalle 9.30 alle 12.30 sospensione della circolazione. Iscrizioni (al momento sfiorata quota 2 mila) possibili all&#8217;Ostello per la Giovent\u00f9 di Bastia fino a sabato e domenica mattina in [&hellip;]\" \/>\n<meta property=\"og:url\" content=\"https:\/\/www.bellunopress.it\/fr\/2026\/08\/13\/32ma-edizione-del-giro-del-lago-di-santa-croce-domenica-16-agosto\/\" \/>\n<meta property=\"og:site_name\" content=\"Bellunopress - Dolomiti\" \/>\n<meta property=\"article:publisher\" content=\"https:\/\/www.facebook.com\/profile.php?id=100008943462799\" \/>\n<meta property=\"article:published_time\" content=\"2026-08-13T11:55:23+00:00\" \/>\n<meta property=\"og:image\" content=\"https:\/\/www.bellunopress.it\/wp-content\/uploads\/2021\/08\/Giro-del-Lago-\u00a9TiComunicazione_edited.jpg\" \/>\n\t<meta property=\"og:image:width\" content=\"721\" \/>\n\t<meta property=\"og:image:height\" content=\"397\" \/>\n\t<meta property=\"og:image:type\" content=\"image\/jpeg\" \/>\n<meta name=\"author\" content=\"redazione\" \/>\n<meta name=\"twitter:card\" content=\"summary_large_image\" \/>\n<meta name=\"twitter:creator\" content=\"@bellunopress\" \/>\n<meta name=\"twitter:site\" content=\"@bellunopress\" \/>\n<meta name=\"twitter:label1\" content=\"\u00c9crit par\" \/>\n\t<meta name=\"twitter:data1\" content=\"redazione\" \/>\n\t<meta name=\"twitter:label2\" content=\"Dur\u00e9e de lecture estim\u00e9e\" \/>\n\t<meta name=\"twitter:data2\" content=\"4 minutes\" \/>\n<script type=\"application\/ld+json\" class=\"yoast-schema-graph\">{\"@context\":\"https:\\\/\\\/schema.org\",\"@graph\":[{\"@type\":\"Article\",\"@id\":\"https:\\\/\\\/www.bellunopress.it\\\/2026\\\/08\\\/13\\\/32ma-edizione-del-giro-del-lago-di-santa-croce-domenica-16-agosto\\\/#article\",\"isPartOf\":{\"@id\":\"https:\\\/\\\/www.bellunopress.it\\\/2026\\\/08\\\/13\\\/32ma-edizione-del-giro-del-lago-di-santa-croce-domenica-16-agosto\\\/\"},\"author\":{\"name\":\"redazione\",\"@id\":\"https:\\\/\\\/www.bellunopress.it\\\/#\\\/schema\\\/person\\\/79bb06722b37ece1c03d3e94beb30d73\"},\"headline\":\"32ma edizione del Giro del Lago di Santa Croce, domenica 16 agosto\",\"datePublished\":\"2026-08-13T11:55:23+00:00\",\"mainEntityOfPage\":{\"@id\":\"https:\\\/\\\/www.bellunopress.it\\\/2026\\\/08\\\/13\\\/32ma-edizione-del-giro-del-lago-di-santa-croce-domenica-16-agosto\\\/\"},\"wordCount\":651,\"publisher\":{\"@id\":\"https:\\\/\\\/www.bellunopress.it\\\/#organization\"},\"image\":{\"@id\":\"https:\\\/\\\/www.bellunopress.it\\\/2026\\\/08\\\/13\\\/32ma-edizione-del-giro-del-lago-di-santa-croce-domenica-16-agosto\\\/#primaryimage\"},\"thumbnailUrl\":\"https:\\\/\\\/www.bellunopress.it\\\/wp-content\\\/uploads\\\/2021\\\/08\\\/Giro-del-Lago-\u00a9TiComunicazione_edited.jpg\",\"articleSection\":[\"Pausa Caff\u00e8\",\"Sport, tempo libero\"],\"inLanguage\":\"fr-FR\"},{\"@type\":\"WebPage\",\"@id\":\"https:\\\/\\\/www.bellunopress.it\\\/2026\\\/08\\\/13\\\/32ma-edizione-del-giro-del-lago-di-santa-croce-domenica-16-agosto\\\/\",\"url\":\"https:\\\/\\\/www.bellunopress.it\\\/2026\\\/08\\\/13\\\/32ma-edizione-del-giro-del-lago-di-santa-croce-domenica-16-agosto\\\/\",\"name\":\"32ma edizione del Giro del Lago di Santa Croce, domenica 16 agosto - Bellunopress - Dolomiti\",\"isPartOf\":{\"@id\":\"https:\\\/\\\/www.bellunopress.it\\\/#website\"},\"primaryImageOfPage\":{\"@id\":\"https:\\\/\\\/www.bellunopress.it\\\/2026\\\/08\\\/13\\\/32ma-edizione-del-giro-del-lago-di-santa-croce-domenica-16-agosto\\\/#primaryimage\"},\"image\":{\"@id\":\"https:\\\/\\\/www.bellunopress.it\\\/2026\\\/08\\\/13\\\/32ma-edizione-del-giro-del-lago-di-santa-croce-domenica-16-agosto\\\/#primaryimage\"},\"thumbnailUrl\":\"https:\\\/\\\/www.bellunopress.it\\\/wp-content\\\/uploads\\\/2021\\\/08\\\/Giro-del-Lago-\u00a9TiComunicazione_edited.jpg\",\"datePublished\":\"2026-08-13T11:55:23+00:00\",\"breadcrumb\":{\"@id\":\"https:\\\/\\\/www.bellunopress.it\\\/2026\\\/08\\\/13\\\/32ma-edizione-del-giro-del-lago-di-santa-croce-domenica-16-agosto\\\/#breadcrumb\"},\"inLanguage\":\"fr-FR\",\"potentialAction\":[{\"@type\":\"ReadAction\",\"target\":[\"https:\\\/\\\/www.bellunopress.it\\\/2026\\\/08\\\/13\\\/32ma-edizione-del-giro-del-lago-di-santa-croce-domenica-16-agosto\\\/\"]}]},{\"@type\":\"ImageObject\",\"inLanguage\":\"fr-FR\",\"@id\":\"https:\\\/\\\/www.bellunopress.it\\\/2026\\\/08\\\/13\\\/32ma-edizione-del-giro-del-lago-di-santa-croce-domenica-16-agosto\\\/#primaryimage\",\"url\":\"https:\\\/\\\/www.bellunopress.it\\\/wp-content\\\/uploads\\\/2021\\\/08\\\/Giro-del-Lago-\u00a9TiComunicazione_edited.jpg\",\"contentUrl\":\"https:\\\/\\\/www.bellunopress.it\\\/wp-content\\\/uploads\\\/2021\\\/08\\\/Giro-del-Lago-\u00a9TiComunicazione_edited.jpg\",\"width\":721,\"height\":397},{\"@type\":\"BreadcrumbList\",\"@id\":\"https:\\\/\\\/www.bellunopress.it\\\/2026\\\/08\\\/13\\\/32ma-edizione-del-giro-del-lago-di-santa-croce-domenica-16-agosto\\\/#breadcrumb\",\"itemListElement\":[{\"@type\":\"ListItem\",\"position\":1,\"name\":\"Home\",\"item\":\"https:\\\/\\\/www.bellunopress.it\\\/\"},{\"@type\":\"ListItem\",\"position\":2,\"name\":\"32ma edizione del Giro del Lago di Santa Croce, domenica 16 agosto\"}]},{\"@type\":\"WebSite\",\"@id\":\"https:\\\/\\\/www.bellunopress.it\\\/#website\",\"url\":\"https:\\\/\\\/www.bellunopress.it\\\/\",\"name\":\"Bellunopress - Dolomiti\",\"description\":\"e-mail: redazione@bellunopress.it\",\"publisher\":{\"@id\":\"https:\\\/\\\/www.bellunopress.it\\\/#organization\"},\"potentialAction\":[{\"@type\":\"SearchAction\",\"target\":{\"@type\":\"EntryPoint\",\"urlTemplate\":\"https:\\\/\\\/www.bellunopress.it\\\/?s={search_term_string}\"},\"query-input\":{\"@type\":\"PropertyValueSpecification\",\"valueRequired\":true,\"valueName\":\"search_term_string\"}}],\"inLanguage\":\"fr-FR\"},{\"@type\":\"Organization\",\"@id\":\"https:\\\/\\\/www.bellunopress.it\\\/#organization\",\"name\":\"Bellunopress\",\"url\":\"https:\\\/\\\/www.bellunopress.it\\\/\",\"logo\":{\"@type\":\"ImageObject\",\"inLanguage\":\"fr-FR\",\"@id\":\"https:\\\/\\\/www.bellunopress.it\\\/#\\\/schema\\\/logo\\\/image\\\/\",\"url\":\"https:\\\/\\\/www.bellunopress.it\\\/wp-content\\\/uploads\\\/2011\\\/05\\\/cropped-logo-bellunopress-.jpg\",\"contentUrl\":\"https:\\\/\\\/www.bellunopress.it\\\/wp-content\\\/uploads\\\/2011\\\/05\\\/cropped-logo-bellunopress-.jpg\",\"width\":512,\"height\":512,\"caption\":\"Bellunopress\"},\"image\":{\"@id\":\"https:\\\/\\\/www.bellunopress.it\\\/#\\\/schema\\\/logo\\\/image\\\/\"},\"sameAs\":[\"https:\\\/\\\/www.facebook.com\\\/profile.php?id=100008943462799\",\"https:\\\/\\\/x.com\\\/bellunopress\",\"https:\\\/\\\/www.linkedin.com\\\/hp\\\/?dnr=JBzUWaJfMUw8vbXJJ2tVW5-I3jZKvC4wsoxE&amp;amp;amp;amp;amp;amp;trk=nav_responsive_tab_home\",\"https:\\\/\\\/www.youtube.com\\\/channel\\\/UCxL0wu1uN0_3_7hGG0306cw\"]},{\"@type\":\"Person\",\"@id\":\"https:\\\/\\\/www.bellunopress.it\\\/#\\\/schema\\\/person\\\/79bb06722b37ece1c03d3e94beb30d73\",\"name\":\"redazione\",\"image\":{\"@type\":\"ImageObject\",\"inLanguage\":\"fr-FR\",\"@id\":\"https:\\\/\\\/secure.gravatar.com\\\/avatar\\\/37d968a2e67a6fd04c169c4bdef102d0bc5d31b2546345219e348575eb80e9a0?s=96&d=mm&r=g\",\"url\":\"https:\\\/\\\/secure.gravatar.com\\\/avatar\\\/37d968a2e67a6fd04c169c4bdef102d0bc5d31b2546345219e348575eb80e9a0?s=96&d=mm&r=g\",\"contentUrl\":\"https:\\\/\\\/secure.gravatar.com\\\/avatar\\\/37d968a2e67a6fd04c169c4bdef102d0bc5d31b2546345219e348575eb80e9a0?s=96&d=mm&r=g\",\"caption\":\"redazione\"},\"sameAs\":[\"http:\\\/\\\/www.bellunopress.it\",\"https:\\\/\\\/x.com\\\/bellunopress\"],\"url\":\"https:\\\/\\\/www.bellunopress.it\\\/fr\\\/author\\\/redazione\\\/\"}]}<\/script>\n<!-- \/ Yoast SEO plugin. -->","yoast_head_json":{"title":"32ma edizione del Giro del Lago di Santa Croce, domenica 16 agosto - Bellunopress - Dolomiti","robots":{"index":"index","follow":"follow","max-snippet":"max-snippet:-1","max-image-preview":"max-image-preview:large","max-video-preview":"max-video-preview:-1"},"canonical":"https:\/\/www.bellunopress.it\/fr\/2026\/08\/13\/32ma-edizione-del-giro-del-lago-di-santa-croce-domenica-16-agosto\/","og_locale":"fr_FR","og_type":"article","og_title":"32ma edizione del Giro del Lago di Santa Croce, domenica 16 agosto - Bellunopress - Dolomiti","og_description":"L&#8217;iniziativa \u00e8 proposta dal Comitato Alpago 2 Ruote &amp; Solidariet\u00e0 e sosterr\u00e0 Via di Natale, Associazione Cucchini e Alpago Solidale. L&#8217;organizzazione cura con grandissima attenzione alla sicurezza: dalle 9.30 alle 12.30 sospensione della circolazione. Iscrizioni (al momento sfiorata quota 2 mila) possibili all&#8217;Ostello per la Giovent\u00f9 di Bastia fino a sabato e domenica mattina in [&hellip;]","og_url":"https:\/\/www.bellunopress.it\/fr\/2026\/08\/13\/32ma-edizione-del-giro-del-lago-di-santa-croce-domenica-16-agosto\/","og_site_name":"Bellunopress - Dolomiti","article_publisher":"https:\/\/www.facebook.com\/profile.php?id=100008943462799","article_published_time":"2026-08-13T11:55:23+00:00","og_image":[{"width":721,"height":397,"url":"https:\/\/www.bellunopress.it\/wp-content\/uploads\/2021\/08\/Giro-del-Lago-\u00a9TiComunicazione_edited.jpg","type":"image\/jpeg"}],"author":"redazione","twitter_card":"summary_large_image","twitter_creator":"@bellunopress","twitter_site":"@bellunopress","twitter_misc":{"\u00c9crit par":"redazione","Dur\u00e9e de lecture estim\u00e9e":"4 minutes"},"schema":{"@context":"https:\/\/schema.org","@graph":[{"@type":"Article","@id":"https:\/\/www.bellunopress.it\/2026\/08\/13\/32ma-edizione-del-giro-del-lago-di-santa-croce-domenica-16-agosto\/#article","isPartOf":{"@id":"https:\/\/www.bellunopress.it\/2026\/08\/13\/32ma-edizione-del-giro-del-lago-di-santa-croce-domenica-16-agosto\/"},"author":{"name":"redazione","@id":"https:\/\/www.bellunopress.it\/#\/schema\/person\/79bb06722b37ece1c03d3e94beb30d73"},"headline":"32ma edizione del Giro del Lago di Santa Croce, domenica 16 agosto","datePublished":"2026-08-13T11:55:23+00:00","mainEntityOfPage":{"@id":"https:\/\/www.bellunopress.it\/2026\/08\/13\/32ma-edizione-del-giro-del-lago-di-santa-croce-domenica-16-agosto\/"},"wordCount":651,"publisher":{"@id":"https:\/\/www.bellunopress.it\/#organization"},"image":{"@id":"https:\/\/www.bellunopress.it\/2026\/08\/13\/32ma-edizione-del-giro-del-lago-di-santa-croce-domenica-16-agosto\/#primaryimage"},"thumbnailUrl":"https:\/\/www.bellunopress.it\/wp-content\/uploads\/2021\/08\/Giro-del-Lago-\u00a9TiComunicazione_edited.jpg","articleSection":["Pausa Caff\u00e8","Sport, tempo libero"],"inLanguage":"fr-FR"},{"@type":"WebPage","@id":"https:\/\/www.bellunopress.it\/2026\/08\/13\/32ma-edizione-del-giro-del-lago-di-santa-croce-domenica-16-agosto\/","url":"https:\/\/www.bellunopress.it\/2026\/08\/13\/32ma-edizione-del-giro-del-lago-di-santa-croce-domenica-16-agosto\/","name":"32ma edizione del Giro del Lago di Santa Croce, domenica 16 agosto - Bellunopress - Dolomiti","isPartOf":{"@id":"https:\/\/www.bellunopress.it\/#website"},"primaryImageOfPage":{"@id":"https:\/\/www.bellunopress.it\/2026\/08\/13\/32ma-edizione-del-giro-del-lago-di-santa-croce-domenica-16-agosto\/#primaryimage"},"image":{"@id":"https:\/\/www.bellunopress.it\/2026\/08\/13\/32ma-edizione-del-giro-del-lago-di-santa-croce-domenica-16-agosto\/#primaryimage"},"thumbnailUrl":"https:\/\/www.bellunopress.it\/wp-content\/uploads\/2021\/08\/Giro-del-Lago-\u00a9TiComunicazione_edited.jpg","datePublished":"2026-08-13T11:55:23+00:00","breadcrumb":{"@id":"https:\/\/www.bellunopress.it\/2026\/08\/13\/32ma-edizione-del-giro-del-lago-di-santa-croce-domenica-16-agosto\/#breadcrumb"},"inLanguage":"fr-FR","potentialAction":[{"@type":"ReadAction","target":["https:\/\/www.bellunopress.it\/2026\/08\/13\/32ma-edizione-del-giro-del-lago-di-santa-croce-domenica-16-agosto\/"]}]},{"@type":"ImageObject","inLanguage":"fr-FR","@id":"https:\/\/www.bellunopress.it\/2026\/08\/13\/32ma-edizione-del-giro-del-lago-di-santa-croce-domenica-16-agosto\/#primaryimage","url":"https:\/\/www.bellunopress.it\/wp-content\/uploads\/2021\/08\/Giro-del-Lago-\u00a9TiComunicazione_edited.jpg","contentUrl":"https:\/\/www.bellunopress.it\/wp-content\/uploads\/2021\/08\/Giro-del-Lago-\u00a9TiComunicazione_edited.jpg","width":721,"height":397},{"@type":"BreadcrumbList","@id":"https:\/\/www.bellunopress.it\/2026\/08\/13\/32ma-edizione-del-giro-del-lago-di-santa-croce-domenica-16-agosto\/#breadcrumb","itemListElement":[{"@type":"ListItem","position":1,"name":"Home","item":"https:\/\/www.bellunopress.it\/"},{"@type":"ListItem","position":2,"name":"32ma edizione del Giro del Lago di Santa Croce, domenica 16 agosto"}]},{"@type":"WebSite","@id":"https:\/\/www.bellunopress.it\/#website","url":"https:\/\/www.bellunopress.it\/","name":"Bellunopress - Dolomiti","description":"e-mail: redazione@bellunopress.it","publisher":{"@id":"https:\/\/www.bellunopress.it\/#organization"},"potentialAction":[{"@type":"SearchAction","target":{"@type":"EntryPoint","urlTemplate":"https:\/\/www.bellunopress.it\/?s={search_term_string}"},"query-input":{"@type":"PropertyValueSpecification","valueRequired":true,"valueName":"search_term_string"}}],"inLanguage":"fr-FR"},{"@type":"Organization","@id":"https:\/\/www.bellunopress.it\/#organization","name":"Bellunopress","url":"https:\/\/www.bellunopress.it\/","logo":{"@type":"ImageObject","inLanguage":"fr-FR","@id":"https:\/\/www.bellunopress.it\/#\/schema\/logo\/image\/","url":"https:\/\/www.bellunopress.it\/wp-content\/uploads\/2011\/05\/cropped-logo-bellunopress-.jpg","contentUrl":"https:\/\/www.bellunopress.it\/wp-content\/uploads\/2011\/05\/cropped-logo-bellunopress-.jpg","width":512,"height":512,"caption":"Bellunopress"},"image":{"@id":"https:\/\/www.bellunopress.it\/#\/schema\/logo\/image\/"},"sameAs":["https:\/\/www.facebook.com\/profile.php?id=100008943462799","https:\/\/x.com\/bellunopress","https:\/\/www.linkedin.com\/hp\/?dnr=JBzUWaJfMUw8vbXJJ2tVW5-I3jZKvC4wsoxE&amp;amp;amp;amp;amp;amp;trk=nav_responsive_tab_home","https:\/\/www.youtube.com\/channel\/UCxL0wu1uN0_3_7hGG0306cw"]},{"@type":"Person","@id":"https:\/\/www.bellunopress.it\/#\/schema\/person\/79bb06722b37ece1c03d3e94beb30d73","name":"r\u00e9daction","image":{"@type":"ImageObject","inLanguage":"fr-FR","@id":"https:\/\/secure.gravatar.com\/avatar\/37d968a2e67a6fd04c169c4bdef102d0bc5d31b2546345219e348575eb80e9a0?s=96&d=mm&r=g","url":"https:\/\/secure.gravatar.com\/avatar\/37d968a2e67a6fd04c169c4bdef102d0bc5d31b2546345219e348575eb80e9a0?s=96&d=mm&r=g","contentUrl":"https:\/\/secure.gravatar.com\/avatar\/37d968a2e67a6fd04c169c4bdef102d0bc5d31b2546345219e348575eb80e9a0?s=96&d=mm&r=g","caption":"redazione"},"sameAs":["http:\/\/www.bellunopress.it","https:\/\/x.com\/bellunopress"],"url":"https:\/\/www.bellunopress.it\/fr\/author\/redazione\/"}]}},"_links":{"self":[{"href":"https:\/\/www.bellunopress.it\/fr\/wp-json\/wp\/v2\/posts\/172634","targetHints":{"allow":["GET"]}}],"collection":[{"href":"https:\/\/www.bellunopress.it\/fr\/wp-json\/wp\/v2\/posts"}],"about":[{"href":"https:\/\/www.bellunopress.it\/fr\/wp-json\/wp\/v2\/types\/post"}],"author":[{"embeddable":true,"href":"https:\/\/www.bellunopress.it\/fr\/wp-json\/wp\/v2\/users\/2"}],"replies":[{"embeddable":true,"href":"https:\/\/www.bellunopress.it\/fr\/wp-json\/wp\/v2\/comments?post=172634"}],"version-history":[{"count":1,"href":"https:\/\/www.bellunopress.it\/fr\/wp-json\/wp\/v2\/posts\/172634\/revisions"}],"predecessor-version":[{"id":172635,"href":"https:\/\/www.bellunopress.it\/fr\/wp-json\/wp\/v2\/posts\/172634\/revisions\/172635"}],"wp:featuredmedia":[{"embeddable":true,"href":"https:\/\/www.bellunopress.it\/fr\/wp-json\/wp\/v2\/media\/126990"}],"wp:attachment":[{"href":"https:\/\/www.bellunopress.it\/fr\/wp-json\/wp\/v2\/media?parent=172634"}],"wp:term":[{"taxonomy":"category","embeddable":true,"href":"https:\/\/www.bellunopress.it\/fr\/wp-json\/wp\/v2\/categories?post=172634"},{"taxonomy":"post_tag","embeddable":true,"href":"https:\/\/www.bellunopress.it\/fr\/wp-json\/wp\/v2\/tags?post=172634"}],"curies":[{"name":"wp","href":"https:\/\/api.w.org\/{rel}","templated":true}]}}