{"id":172626,"date":"2026-08-13T09:55:26","date_gmt":"2026-08-13T07:55:26","guid":{"rendered":"https:\/\/www.bellunopress.it\/?p=172626"},"modified":"2026-08-13T09:55:26","modified_gmt":"2026-08-13T07:55:26","slug":"ferragosto-alla-scoperta-di-feltre-il-fondaco-apre-chiese-e-palazzi-storici","status":"publish","type":"post","link":"https:\/\/www.bellunopress.it\/fr\/2026\/08\/13\/ferragosto-alla-scoperta-di-feltre-il-fondaco-apre-chiese-e-palazzi-storici\/","title":{"rendered":"Ferragosto alla scoperta di Feltre: il Fondaco apre chiese e palazzi storici"},"content":{"rendered":"<p>Sabato 15 e domenica 16 agosto, dalle 16 alle 19, numerosi luoghi simbolo della storia e dell\u2019arte feltrina saranno aperti gratuitamente al pubblico grazie ai volontari dell\u2019associazione Fondaco per Feltre.<\/p>\n<p>In occasione del fine settimana di Ferragosto, l\u2019associazione Fondaco per Feltre rinnova il proprio impegno a favore della valorizzazione e della conoscenza del patrimonio storico e artistico della citt\u00e0, offrendo ai numerosi visitatori attesi la<br \/>\npossibilit\u00e0 di accostarsi gratuitamente a molti dei suoi luoghi pi\u00f9 significativi.<\/p>\n<p>Sabato 15 agosto, giorno di Ferragosto, e domenica 16 agosto, dalle ore 16 alle 19, i volontari del Fondaco saranno presenti per garantire l\u2019apertura e l\u2019accompagnamento dei visitatori nei principali siti storici e artistici della citt\u00e0.<br \/>\nSaranno aperti:<br \/>\n&#8211; Duomo<br \/>\n&#8211; Battistero<br \/>\n&#8211; Chiesa della Santissima Trinit\u00e0<br \/>\n&#8211; Chiesa di San Rocco<br \/>\n&#8211; Chiesa di San Giacomo<br \/>\n&#8211; Sala degli Stemmi<br \/>\n&#8211; Sala del Consiglio Comunale<br \/>\n&#8211; Monte di Piet\u00e0<\/p>\n<p>L\u2019iniziativa vuole offrire a cittadini e turisti un\u2019occasione speciale per conoscere e apprezzare il patrimonio di Feltre attraverso la disponibilit\u00e0 e la passione dei volontari, che saranno lieti di accompagnare i visitatori alla scoperta di luoghi che raccontano secoli di storia, arte, fede e vita civile della citt\u00e0.<br \/>\nSar\u00e0 inoltre visitabile l\u2019area archeologica sotto il sagrato del Duomo, con aperture straordinarie da gioved\u00ec 13 a luned\u00ec 17 agosto, dalle 10 alle 13 e dalle 16 alle 19.<br \/>\nL\u2019accesso a tutti i luoghi aperti dal Fondaco e il servizio di accompagnamento dei volontari sono gratuiti.<\/p>\n<p>Un invito, dunque, a feltrini e visitatori a trascorrere il Ferragosto riscoprendo il patrimonio della citt\u00e0 e lasciandosi guidare dai volontari del Fondaco alla conoscenza di alcuni dei suoi luoghi pi\u00f9 preziosi e suggestivi.<br \/>\nSi ringraziano il Comune di Feltre e le Parrocchie del Duomo per la preziosa collaborazione.<br \/>\nUlteriori info a segreteria@fondacofeltre.it<\/p>\n<p>&nbsp;<\/p>\n<p>&nbsp;<\/p>\n<p>&nbsp;<\/p>","protected":false},"excerpt":{"rendered":"<p>Sabato 15 e domenica 16 agosto, dalle 16 alle 19, numerosi luoghi simbolo della storia e dell\u2019arte feltrina saranno aperti gratuitamente al pubblico grazie ai volontari dell\u2019associazione Fondaco per Feltre. In occasione del fine settimana di Ferragosto, l\u2019associazione Fondaco per Feltre rinnova il proprio impegno a favore della valorizzazione e della conoscenza del patrimonio storico [&hellip;]<\/p>\n","protected":false},"author":2,"featured_media":172627,"comment_status":"closed","ping_status":"open","sticky":false,"template":"","format":"standard","meta":{"footnotes":""},"categories":[27,3,25],"tags":[],"class_list":["post-172626","post","type-post","status-publish","format-standard","has-post-thumbnail","category-appuntamenti","category-arte-cultura-spettacoli-scienza-archivi","category-pausa-caffe"],"yoast_head":"<!-- This site is optimized with the Yoast SEO plugin v28.4 - https:\/\/yoast.com\/product\/yoast-seo-wordpress\/ -->\n<title>Ferragosto alla scoperta di Feltre: il Fondaco apre chiese e palazzi storici - Bellunopress - Dolomiti<\/title>\n<meta name=\"robots\" content=\"index, follow, max-snippet:-1, max-image-preview:large, max-video-preview:-1\" \/>\n<link rel=\"canonical\" href=\"https:\/\/www.bellunopress.it\/fr\/2026\/08\/13\/ferragosto-alla-scoperta-di-feltre-il-fondaco-apre-chiese-e-palazzi-storici\/\" \/>\n<meta property=\"og:locale\" content=\"fr_FR\" \/>\n<meta property=\"og:type\" content=\"article\" \/>\n<meta property=\"og:title\" content=\"Ferragosto alla scoperta di Feltre: il Fondaco apre chiese e palazzi storici - Bellunopress - Dolomiti\" \/>\n<meta property=\"og:description\" content=\"Sabato 15 e domenica 16 agosto, dalle 16 alle 19, numerosi luoghi simbolo della storia e dell\u2019arte feltrina saranno aperti gratuitamente al pubblico grazie ai volontari dell\u2019associazione Fondaco per Feltre. In occasione del fine settimana di Ferragosto, l\u2019associazione Fondaco per Feltre rinnova il proprio impegno a favore della valorizzazione e della conoscenza del patrimonio storico [&hellip;]\" \/>\n<meta property=\"og:url\" content=\"https:\/\/www.bellunopress.it\/fr\/2026\/08\/13\/ferragosto-alla-scoperta-di-feltre-il-fondaco-apre-chiese-e-palazzi-storici\/\" \/>\n<meta property=\"og:site_name\" content=\"Bellunopress - Dolomiti\" \/>\n<meta property=\"article:publisher\" content=\"https:\/\/www.facebook.com\/profile.php?id=100008943462799\" \/>\n<meta property=\"article:published_time\" content=\"2026-08-13T07:55:26+00:00\" \/>\n<meta property=\"og:image\" content=\"https:\/\/www.bellunopress.it\/wp-content\/uploads\/2026\/08\/Fondaco-per-Feltre.jpg\" \/>\n\t<meta property=\"og:image:width\" content=\"500\" \/>\n\t<meta property=\"og:image:height\" content=\"344\" \/>\n\t<meta property=\"og:image:type\" content=\"image\/jpeg\" \/>\n<meta name=\"author\" content=\"redazione\" \/>\n<meta name=\"twitter:card\" content=\"summary_large_image\" \/>\n<meta name=\"twitter:creator\" content=\"@bellunopress\" \/>\n<meta name=\"twitter:site\" content=\"@bellunopress\" \/>\n<meta name=\"twitter:label1\" content=\"\u00c9crit par\" \/>\n\t<meta name=\"twitter:data1\" content=\"redazione\" \/>\n\t<meta name=\"twitter:label2\" content=\"Dur\u00e9e de lecture estim\u00e9e\" \/>\n\t<meta name=\"twitter:data2\" content=\"2 minutes\" \/>\n<script type=\"application\/ld+json\" class=\"yoast-schema-graph\">{\"@context\":\"https:\\\/\\\/schema.org\",\"@graph\":[{\"@type\":\"Article\",\"@id\":\"https:\\\/\\\/www.bellunopress.it\\\/2026\\\/08\\\/13\\\/ferragosto-alla-scoperta-di-feltre-il-fondaco-apre-chiese-e-palazzi-storici\\\/#article\",\"isPartOf\":{\"@id\":\"https:\\\/\\\/www.bellunopress.it\\\/2026\\\/08\\\/13\\\/ferragosto-alla-scoperta-di-feltre-il-fondaco-apre-chiese-e-palazzi-storici\\\/\"},\"author\":{\"name\":\"redazione\",\"@id\":\"https:\\\/\\\/www.bellunopress.it\\\/#\\\/schema\\\/person\\\/79bb06722b37ece1c03d3e94beb30d73\"},\"headline\":\"Ferragosto alla scoperta di Feltre: il Fondaco apre chiese e palazzi storici\",\"datePublished\":\"2026-08-13T07:55:26+00:00\",\"mainEntityOfPage\":{\"@id\":\"https:\\\/\\\/www.bellunopress.it\\\/2026\\\/08\\\/13\\\/ferragosto-alla-scoperta-di-feltre-il-fondaco-apre-chiese-e-palazzi-storici\\\/\"},\"wordCount\":305,\"publisher\":{\"@id\":\"https:\\\/\\\/www.bellunopress.it\\\/#organization\"},\"image\":{\"@id\":\"https:\\\/\\\/www.bellunopress.it\\\/2026\\\/08\\\/13\\\/ferragosto-alla-scoperta-di-feltre-il-fondaco-apre-chiese-e-palazzi-storici\\\/#primaryimage\"},\"thumbnailUrl\":\"https:\\\/\\\/www.bellunopress.it\\\/wp-content\\\/uploads\\\/2026\\\/08\\\/Fondaco-per-Feltre.jpg\",\"articleSection\":[\"Appuntamenti, Eventi\",\"Arte, Cultura, Spettacoli, Scienza\",\"Pausa Caff\u00e8\"],\"inLanguage\":\"fr-FR\"},{\"@type\":\"WebPage\",\"@id\":\"https:\\\/\\\/www.bellunopress.it\\\/2026\\\/08\\\/13\\\/ferragosto-alla-scoperta-di-feltre-il-fondaco-apre-chiese-e-palazzi-storici\\\/\",\"url\":\"https:\\\/\\\/www.bellunopress.it\\\/2026\\\/08\\\/13\\\/ferragosto-alla-scoperta-di-feltre-il-fondaco-apre-chiese-e-palazzi-storici\\\/\",\"name\":\"Ferragosto alla scoperta di Feltre: il Fondaco apre chiese e palazzi storici - Bellunopress - Dolomiti\",\"isPartOf\":{\"@id\":\"https:\\\/\\\/www.bellunopress.it\\\/#website\"},\"primaryImageOfPage\":{\"@id\":\"https:\\\/\\\/www.bellunopress.it\\\/2026\\\/08\\\/13\\\/ferragosto-alla-scoperta-di-feltre-il-fondaco-apre-chiese-e-palazzi-storici\\\/#primaryimage\"},\"image\":{\"@id\":\"https:\\\/\\\/www.bellunopress.it\\\/2026\\\/08\\\/13\\\/ferragosto-alla-scoperta-di-feltre-il-fondaco-apre-chiese-e-palazzi-storici\\\/#primaryimage\"},\"thumbnailUrl\":\"https:\\\/\\\/www.bellunopress.it\\\/wp-content\\\/uploads\\\/2026\\\/08\\\/Fondaco-per-Feltre.jpg\",\"datePublished\":\"2026-08-13T07:55:26+00:00\",\"breadcrumb\":{\"@id\":\"https:\\\/\\\/www.bellunopress.it\\\/2026\\\/08\\\/13\\\/ferragosto-alla-scoperta-di-feltre-il-fondaco-apre-chiese-e-palazzi-storici\\\/#breadcrumb\"},\"inLanguage\":\"fr-FR\",\"potentialAction\":[{\"@type\":\"ReadAction\",\"target\":[\"https:\\\/\\\/www.bellunopress.it\\\/2026\\\/08\\\/13\\\/ferragosto-alla-scoperta-di-feltre-il-fondaco-apre-chiese-e-palazzi-storici\\\/\"]}]},{\"@type\":\"ImageObject\",\"inLanguage\":\"fr-FR\",\"@id\":\"https:\\\/\\\/www.bellunopress.it\\\/2026\\\/08\\\/13\\\/ferragosto-alla-scoperta-di-feltre-il-fondaco-apre-chiese-e-palazzi-storici\\\/#primaryimage\",\"url\":\"https:\\\/\\\/www.bellunopress.it\\\/wp-content\\\/uploads\\\/2026\\\/08\\\/Fondaco-per-Feltre.jpg\",\"contentUrl\":\"https:\\\/\\\/www.bellunopress.it\\\/wp-content\\\/uploads\\\/2026\\\/08\\\/Fondaco-per-Feltre.jpg\",\"width\":500,\"height\":344},{\"@type\":\"BreadcrumbList\",\"@id\":\"https:\\\/\\\/www.bellunopress.it\\\/2026\\\/08\\\/13\\\/ferragosto-alla-scoperta-di-feltre-il-fondaco-apre-chiese-e-palazzi-storici\\\/#breadcrumb\",\"itemListElement\":[{\"@type\":\"ListItem\",\"position\":1,\"name\":\"Home\",\"item\":\"https:\\\/\\\/www.bellunopress.it\\\/\"},{\"@type\":\"ListItem\",\"position\":2,\"name\":\"Ferragosto alla scoperta di Feltre: il Fondaco apre chiese e palazzi storici\"}]},{\"@type\":\"WebSite\",\"@id\":\"https:\\\/\\\/www.bellunopress.it\\\/#website\",\"url\":\"https:\\\/\\\/www.bellunopress.it\\\/\",\"name\":\"Bellunopress - Dolomiti\",\"description\":\"e-mail: redazione@bellunopress.it\",\"publisher\":{\"@id\":\"https:\\\/\\\/www.bellunopress.it\\\/#organization\"},\"potentialAction\":[{\"@type\":\"SearchAction\",\"target\":{\"@type\":\"EntryPoint\",\"urlTemplate\":\"https:\\\/\\\/www.bellunopress.it\\\/?s={search_term_string}\"},\"query-input\":{\"@type\":\"PropertyValueSpecification\",\"valueRequired\":true,\"valueName\":\"search_term_string\"}}],\"inLanguage\":\"fr-FR\"},{\"@type\":\"Organization\",\"@id\":\"https:\\\/\\\/www.bellunopress.it\\\/#organization\",\"name\":\"Bellunopress\",\"url\":\"https:\\\/\\\/www.bellunopress.it\\\/\",\"logo\":{\"@type\":\"ImageObject\",\"inLanguage\":\"fr-FR\",\"@id\":\"https:\\\/\\\/www.bellunopress.it\\\/#\\\/schema\\\/logo\\\/image\\\/\",\"url\":\"https:\\\/\\\/www.bellunopress.it\\\/wp-content\\\/uploads\\\/2011\\\/05\\\/cropped-logo-bellunopress-.jpg\",\"contentUrl\":\"https:\\\/\\\/www.bellunopress.it\\\/wp-content\\\/uploads\\\/2011\\\/05\\\/cropped-logo-bellunopress-.jpg\",\"width\":512,\"height\":512,\"caption\":\"Bellunopress\"},\"image\":{\"@id\":\"https:\\\/\\\/www.bellunopress.it\\\/#\\\/schema\\\/logo\\\/image\\\/\"},\"sameAs\":[\"https:\\\/\\\/www.facebook.com\\\/profile.php?id=100008943462799\",\"https:\\\/\\\/x.com\\\/bellunopress\",\"https:\\\/\\\/www.linkedin.com\\\/hp\\\/?dnr=JBzUWaJfMUw8vbXJJ2tVW5-I3jZKvC4wsoxE&amp;amp;amp;amp;amp;amp;trk=nav_responsive_tab_home\",\"https:\\\/\\\/www.youtube.com\\\/channel\\\/UCxL0wu1uN0_3_7hGG0306cw\"]},{\"@type\":\"Person\",\"@id\":\"https:\\\/\\\/www.bellunopress.it\\\/#\\\/schema\\\/person\\\/79bb06722b37ece1c03d3e94beb30d73\",\"name\":\"redazione\",\"image\":{\"@type\":\"ImageObject\",\"inLanguage\":\"fr-FR\",\"@id\":\"https:\\\/\\\/secure.gravatar.com\\\/avatar\\\/37d968a2e67a6fd04c169c4bdef102d0bc5d31b2546345219e348575eb80e9a0?s=96&d=mm&r=g\",\"url\":\"https:\\\/\\\/secure.gravatar.com\\\/avatar\\\/37d968a2e67a6fd04c169c4bdef102d0bc5d31b2546345219e348575eb80e9a0?s=96&d=mm&r=g\",\"contentUrl\":\"https:\\\/\\\/secure.gravatar.com\\\/avatar\\\/37d968a2e67a6fd04c169c4bdef102d0bc5d31b2546345219e348575eb80e9a0?s=96&d=mm&r=g\",\"caption\":\"redazione\"},\"sameAs\":[\"http:\\\/\\\/www.bellunopress.it\",\"https:\\\/\\\/x.com\\\/bellunopress\"],\"url\":\"https:\\\/\\\/www.bellunopress.it\\\/fr\\\/author\\\/redazione\\\/\"}]}<\/script>\n<!-- \/ Yoast SEO plugin. -->","yoast_head_json":{"title":"Ferragosto alla scoperta di Feltre: il Fondaco apre chiese e palazzi storici - Bellunopress - Dolomiti","robots":{"index":"index","follow":"follow","max-snippet":"max-snippet:-1","max-image-preview":"max-image-preview:large","max-video-preview":"max-video-preview:-1"},"canonical":"https:\/\/www.bellunopress.it\/fr\/2026\/08\/13\/ferragosto-alla-scoperta-di-feltre-il-fondaco-apre-chiese-e-palazzi-storici\/","og_locale":"fr_FR","og_type":"article","og_title":"Ferragosto alla scoperta di Feltre: il Fondaco apre chiese e palazzi storici - Bellunopress - Dolomiti","og_description":"Sabato 15 e domenica 16 agosto, dalle 16 alle 19, numerosi luoghi simbolo della storia e dell\u2019arte feltrina saranno aperti gratuitamente al pubblico grazie ai volontari dell\u2019associazione Fondaco per Feltre. In occasione del fine settimana di Ferragosto, l\u2019associazione Fondaco per Feltre rinnova il proprio impegno a favore della valorizzazione e della conoscenza del patrimonio storico [&hellip;]","og_url":"https:\/\/www.bellunopress.it\/fr\/2026\/08\/13\/ferragosto-alla-scoperta-di-feltre-il-fondaco-apre-chiese-e-palazzi-storici\/","og_site_name":"Bellunopress - Dolomiti","article_publisher":"https:\/\/www.facebook.com\/profile.php?id=100008943462799","article_published_time":"2026-08-13T07:55:26+00:00","og_image":[{"width":500,"height":344,"url":"https:\/\/www.bellunopress.it\/wp-content\/uploads\/2026\/08\/Fondaco-per-Feltre.jpg","type":"image\/jpeg"}],"author":"redazione","twitter_card":"summary_large_image","twitter_creator":"@bellunopress","twitter_site":"@bellunopress","twitter_misc":{"\u00c9crit par":"redazione","Dur\u00e9e de lecture estim\u00e9e":"2 minutes"},"schema":{"@context":"https:\/\/schema.org","@graph":[{"@type":"Article","@id":"https:\/\/www.bellunopress.it\/2026\/08\/13\/ferragosto-alla-scoperta-di-feltre-il-fondaco-apre-chiese-e-palazzi-storici\/#article","isPartOf":{"@id":"https:\/\/www.bellunopress.it\/2026\/08\/13\/ferragosto-alla-scoperta-di-feltre-il-fondaco-apre-chiese-e-palazzi-storici\/"},"author":{"name":"redazione","@id":"https:\/\/www.bellunopress.it\/#\/schema\/person\/79bb06722b37ece1c03d3e94beb30d73"},"headline":"Ferragosto alla scoperta di Feltre: il Fondaco apre chiese e palazzi storici","datePublished":"2026-08-13T07:55:26+00:00","mainEntityOfPage":{"@id":"https:\/\/www.bellunopress.it\/2026\/08\/13\/ferragosto-alla-scoperta-di-feltre-il-fondaco-apre-chiese-e-palazzi-storici\/"},"wordCount":305,"publisher":{"@id":"https:\/\/www.bellunopress.it\/#organization"},"image":{"@id":"https:\/\/www.bellunopress.it\/2026\/08\/13\/ferragosto-alla-scoperta-di-feltre-il-fondaco-apre-chiese-e-palazzi-storici\/#primaryimage"},"thumbnailUrl":"https:\/\/www.bellunopress.it\/wp-content\/uploads\/2026\/08\/Fondaco-per-Feltre.jpg","articleSection":["Appuntamenti, Eventi","Arte, Cultura, Spettacoli, Scienza","Pausa Caff\u00e8"],"inLanguage":"fr-FR"},{"@type":"WebPage","@id":"https:\/\/www.bellunopress.it\/2026\/08\/13\/ferragosto-alla-scoperta-di-feltre-il-fondaco-apre-chiese-e-palazzi-storici\/","url":"https:\/\/www.bellunopress.it\/2026\/08\/13\/ferragosto-alla-scoperta-di-feltre-il-fondaco-apre-chiese-e-palazzi-storici\/","name":"Ferragosto alla scoperta di Feltre: il Fondaco apre chiese e palazzi storici - Bellunopress - Dolomiti","isPartOf":{"@id":"https:\/\/www.bellunopress.it\/#website"},"primaryImageOfPage":{"@id":"https:\/\/www.bellunopress.it\/2026\/08\/13\/ferragosto-alla-scoperta-di-feltre-il-fondaco-apre-chiese-e-palazzi-storici\/#primaryimage"},"image":{"@id":"https:\/\/www.bellunopress.it\/2026\/08\/13\/ferragosto-alla-scoperta-di-feltre-il-fondaco-apre-chiese-e-palazzi-storici\/#primaryimage"},"thumbnailUrl":"https:\/\/www.bellunopress.it\/wp-content\/uploads\/2026\/08\/Fondaco-per-Feltre.jpg","datePublished":"2026-08-13T07:55:26+00:00","breadcrumb":{"@id":"https:\/\/www.bellunopress.it\/2026\/08\/13\/ferragosto-alla-scoperta-di-feltre-il-fondaco-apre-chiese-e-palazzi-storici\/#breadcrumb"},"inLanguage":"fr-FR","potentialAction":[{"@type":"ReadAction","target":["https:\/\/www.bellunopress.it\/2026\/08\/13\/ferragosto-alla-scoperta-di-feltre-il-fondaco-apre-chiese-e-palazzi-storici\/"]}]},{"@type":"ImageObject","inLanguage":"fr-FR","@id":"https:\/\/www.bellunopress.it\/2026\/08\/13\/ferragosto-alla-scoperta-di-feltre-il-fondaco-apre-chiese-e-palazzi-storici\/#primaryimage","url":"https:\/\/www.bellunopress.it\/wp-content\/uploads\/2026\/08\/Fondaco-per-Feltre.jpg","contentUrl":"https:\/\/www.bellunopress.it\/wp-content\/uploads\/2026\/08\/Fondaco-per-Feltre.jpg","width":500,"height":344},{"@type":"BreadcrumbList","@id":"https:\/\/www.bellunopress.it\/2026\/08\/13\/ferragosto-alla-scoperta-di-feltre-il-fondaco-apre-chiese-e-palazzi-storici\/#breadcrumb","itemListElement":[{"@type":"ListItem","position":1,"name":"Home","item":"https:\/\/www.bellunopress.it\/"},{"@type":"ListItem","position":2,"name":"Ferragosto alla scoperta di Feltre: il Fondaco apre chiese e palazzi storici"}]},{"@type":"WebSite","@id":"https:\/\/www.bellunopress.it\/#website","url":"https:\/\/www.bellunopress.it\/","name":"Bellunopress - Dolomiti","description":"e-mail: redazione@bellunopress.it","publisher":{"@id":"https:\/\/www.bellunopress.it\/#organization"},"potentialAction":[{"@type":"SearchAction","target":{"@type":"EntryPoint","urlTemplate":"https:\/\/www.bellunopress.it\/?s={search_term_string}"},"query-input":{"@type":"PropertyValueSpecification","valueRequired":true,"valueName":"search_term_string"}}],"inLanguage":"fr-FR"},{"@type":"Organization","@id":"https:\/\/www.bellunopress.it\/#organization","name":"Bellunopress","url":"https:\/\/www.bellunopress.it\/","logo":{"@type":"ImageObject","inLanguage":"fr-FR","@id":"https:\/\/www.bellunopress.it\/#\/schema\/logo\/image\/","url":"https:\/\/www.bellunopress.it\/wp-content\/uploads\/2011\/05\/cropped-logo-bellunopress-.jpg","contentUrl":"https:\/\/www.bellunopress.it\/wp-content\/uploads\/2011\/05\/cropped-logo-bellunopress-.jpg","width":512,"height":512,"caption":"Bellunopress"},"image":{"@id":"https:\/\/www.bellunopress.it\/#\/schema\/logo\/image\/"},"sameAs":["https:\/\/www.facebook.com\/profile.php?id=100008943462799","https:\/\/x.com\/bellunopress","https:\/\/www.linkedin.com\/hp\/?dnr=JBzUWaJfMUw8vbXJJ2tVW5-I3jZKvC4wsoxE&amp;amp;amp;amp;amp;amp;trk=nav_responsive_tab_home","https:\/\/www.youtube.com\/channel\/UCxL0wu1uN0_3_7hGG0306cw"]},{"@type":"Person","@id":"https:\/\/www.bellunopress.it\/#\/schema\/person\/79bb06722b37ece1c03d3e94beb30d73","name":"r\u00e9daction","image":{"@type":"ImageObject","inLanguage":"fr-FR","@id":"https:\/\/secure.gravatar.com\/avatar\/37d968a2e67a6fd04c169c4bdef102d0bc5d31b2546345219e348575eb80e9a0?s=96&d=mm&r=g","url":"https:\/\/secure.gravatar.com\/avatar\/37d968a2e67a6fd04c169c4bdef102d0bc5d31b2546345219e348575eb80e9a0?s=96&d=mm&r=g","contentUrl":"https:\/\/secure.gravatar.com\/avatar\/37d968a2e67a6fd04c169c4bdef102d0bc5d31b2546345219e348575eb80e9a0?s=96&d=mm&r=g","caption":"redazione"},"sameAs":["http:\/\/www.bellunopress.it","https:\/\/x.com\/bellunopress"],"url":"https:\/\/www.bellunopress.it\/fr\/author\/redazione\/"}]}},"_links":{"self":[{"href":"https:\/\/www.bellunopress.it\/fr\/wp-json\/wp\/v2\/posts\/172626","targetHints":{"allow":["GET"]}}],"collection":[{"href":"https:\/\/www.bellunopress.it\/fr\/wp-json\/wp\/v2\/posts"}],"about":[{"href":"https:\/\/www.bellunopress.it\/fr\/wp-json\/wp\/v2\/types\/post"}],"author":[{"embeddable":true,"href":"https:\/\/www.bellunopress.it\/fr\/wp-json\/wp\/v2\/users\/2"}],"replies":[{"embeddable":true,"href":"https:\/\/www.bellunopress.it\/fr\/wp-json\/wp\/v2\/comments?post=172626"}],"version-history":[{"count":1,"href":"https:\/\/www.bellunopress.it\/fr\/wp-json\/wp\/v2\/posts\/172626\/revisions"}],"predecessor-version":[{"id":172628,"href":"https:\/\/www.bellunopress.it\/fr\/wp-json\/wp\/v2\/posts\/172626\/revisions\/172628"}],"wp:featuredmedia":[{"embeddable":true,"href":"https:\/\/www.bellunopress.it\/fr\/wp-json\/wp\/v2\/media\/172627"}],"wp:attachment":[{"href":"https:\/\/www.bellunopress.it\/fr\/wp-json\/wp\/v2\/media?parent=172626"}],"wp:term":[{"taxonomy":"category","embeddable":true,"href":"https:\/\/www.bellunopress.it\/fr\/wp-json\/wp\/v2\/categories?post=172626"},{"taxonomy":"post_tag","embeddable":true,"href":"https:\/\/www.bellunopress.it\/fr\/wp-json\/wp\/v2\/tags?post=172626"}],"curies":[{"name":"wp","href":"https:\/\/api.w.org\/{rel}","templated":true}]}}