{"id":172619,"date":"2026-08-12T18:27:11","date_gmt":"2026-08-12T16:27:11","guid":{"rendered":"https:\/\/www.bellunopress.it\/?p=172619"},"modified":"2026-08-12T18:27:11","modified_gmt":"2026-08-12T16:27:11","slug":"crisi-idrica-il-calendario-delle-temporanee-interruzioni-dellacqua-nei-prossimi-giorni","status":"publish","type":"post","link":"https:\/\/www.bellunopress.it\/fr\/2026\/08\/12\/crisi-idrica-il-calendario-delle-temporanee-interruzioni-dellacqua-nei-prossimi-giorni\/","title":{"rendered":"Crisi idrica. Il calendario delle temporanee interruzioni dell&#8217;acqua nei prossimi giorni"},"content":{"rendered":"<p>Servizi Integrati Bellunesi informa che, visto il perdurare dello stato di crisi idrica in diverse aree della provincia di Belluno,\u00a0proseguiranno fino alle ore 6:00\u00a0di gioved\u00ec 20 agosto\u00a02026\u00a0le manovre notturne su acquedotto.<\/p>\n<p>Nella fascia oraria dalle 22:00 alle 6:00 di ogni notte, pertanto, potranno verificarsi cali di pressione e\/o temporanee mancanze d&#8217;acqua nelle zone di seguito elencate:<\/p>\n<ul>\n<li><strong>Belluno:<\/strong><br \/>\nvie Al Fol, S. Antonio e Vittorio Veneto fino al civico 60<br \/>\nvia Feltre dal Bar Mercato al Cimitero Prade, Mier, San Gervasio, San Lorenzo, Parco Maraga, Stazione, Tribunale, Borgo Piave;<\/li>\n<li><strong>Limana:\u00a0<\/strong>tutto il comune esclusi Casa di riposo e Baorche.<\/li>\n<li><strong>Borgo Valbelluna (Lentiai):\u00a0<\/strong>Cesana, Ronchena, Villapiana, Villaghe.<\/li>\n<li><strong>Sedico:\u00a0<\/strong>Bribano, Villa Brosa.<\/li>\n<li><strong>Arsi\u00e8:\u00a0<\/strong>Tanisoi, Incino, Saccon, Corlo, Guerra, Vigli, Gat, Roveri, Tommasini;<\/li>\n<\/ul>\n<ul>\n<li><strong>San Gregorio nelle Alpi<\/strong>: tutto il Comune;<\/li>\n<li><strong>Sovramonte<\/strong>: tutto il Comune;<\/li>\n<li><strong>Pedavena<\/strong>: Pian d\u2019Avena, Anconetta Alta e Bassa, Paluch e parte alta di via Trento.<\/li>\n<\/ul>\n<p>Dalle\u00a0<strong>ore 22:00 di venerd\u00ec 14 agosto<\/strong>\u00a0e\u00a0<strong>fino alle ore 6:00 di gioved\u00ec 20 agosto<\/strong>, inoltre, potranno verificarsi cali di pressione e\/o temporanee mancanze d\u2019acqua, nella fascia oraria dalle 22:00 alle 6:00 di ogni notte, anche nelle zone di:<\/p>\n<ul>\n<li><strong>Borgo Valbelluna:\u00a0<\/strong>Sant\u2019Antonio Tortal e Case Balzan;<\/li>\n<li><strong>Pedavena:<\/strong>\u00a0Fiere, Spiesa, Venezia Secca, Canaletto, Bojon.<\/li>\n<\/ul>\n<p>Maggiori dettagli a questo link:\u00a0<a href=\"https:\/\/68fb2569b0360200136b2f4a.trk.mailchef.4dem.it\/track\/click?q=eyJkYXRhIjoiNTdiY01WQk1peFwvdVdsN0srTXNsbTNCeDIwZDQwKzNKYkMwSWwrZjljSEZpN21uQ0UzNWV5T016ek9oZmFrRUZVN05laTRWdmpRU3U1T1pNNzJldWRNNFFkdDhEbGRUWVRZaElSb2pwRlJQck5QSWlIb0hUbDh2d0tkT0ptbExkNUlISzFhamJiMDdwelwvMVgwS3hmcHlWa3NJVXFuUURlcmJFS1ExSXg4YjJyUlczM1A5QlhTWW5RenEzeWV6VXZiS3NIcVFocHVrYWcrNVBnSGtEMWdmbmZRVkIwekNkUlpUYVE1cHZLYWYwQmtYaFNmbkdERmRndlFJWXlVenh2TUh1aTg3dGwzMkhCQVwvS3F0V0IzSStlWDZpR2Vvd1VrOEM3M3Q1a0ZXOEorTWN3VjZyWlhnMjg4cUtmcFlVb2M3TkJOWUwrbGc5eVhrQU1JZUVJMlh4V3MxWkJkMW0rOTVrb01PU0tuRDZiNHdzUlVseENwZHJNZ1lkRGxkVkdEaFgrRTcyd0xuY1YwRit0MFlRUk9xc0FqMHp4ZUZ1M0ZYd1YydVwvb2g1XC9lODUxb3Zwd1NrV0NnRmUzQ3lUMm9ZU1pVSUNvK3ZZT1RadzlMOHNrbHluQVJUNHp2NDF5QmhTNGozbitQVGh2bDRsZFVEdW15MlVVcVpveWlTaHFIcW9wQ3ZDVG0rcGUyQVR0SzJcLzRFc0dVQ3JRNGN0RkhQbHQ3bG1CVDJybzFaZ2lwRlBLeHdDYWZ0XC85YnpjQzQ2Z3hsZ1ZueHAycVQ4cEFZZTNDU0ZcL3NpaW83NXcxbjEwQk1NNWJkVmQxWU5kak9BTXdpMlB1ZjBGd0xWVVBlZnF1TkoxdGlmTnVMVEY4RldOc3Z5K21nb1Q0Y1JRXC9HNU5UQ09wdVk3MHNOTklncDNsQWROSkVINk1mU3dWaHQ0bWhicU1VSEZySURTcnJETElsd0poNVR3cXlPT2t0QVM2ekkxY3V0bDBLQmdKNW4rZXgzdEFCXC81UUxcL29MTHBWSDdOdWErOWVoS1loNTBQOEpEd0E4NnZONWxDaUxuMmNmT3R6TnJKTDR0enZ1YUFINWRwRGFHUm9qNE05dXY2RlN4d0FnTmdyN1V0N2tEYTNSXC9wXC9TM0o1MUhjTzBGV1BPeU12UEp2OUF2aUYxT3FlVStOMENJbFhzQkRweDM5bExwcjlPYWJPeGZWSGZ3dm9cL055NXNRcjZvNXhyNEZJalVucUVabEN1VHl1NmhDR3hqY3VlV2FpUVhGNXhkY1JkOEluS3FWU2YwbkFjOGk0UTF5TUFSS2JmeFJWN1paRE84bXorUWpLUmVsd3BMdVgzSUM2RndFdVoxSGFuellpK3pIQmhiNm1DUW05N0JoUFwvTDFCYXZMNVd0dVpJSDloQkowaERcL0VhZzZ6dm9DXC9BQTV3WEtScHJIR3lCNTljMlwvYlwvcXNZRzlmSHRwaFNTWExnXC9wYUF0bk5CUFFYazlYS2hIaGJ5SVwvOSs4MkFscm45THF6QXFjaWN2UEJBanB6U3NHMGtVMEFaWEJTTXF2VGRBNFkxcndhRW80NXpFM25PNUxYWFFoQmVrK3J0eVp2d1k4aW1wQk9lZ0RjUzR3RnZQb2Y2UFNiZ252NCtTV0RESlh6UmdKVGlrSG9XY0c5eUtIODlxak1pV2E5QmxcL0I4SlBmMkRwMmtMZ1M0cGZGYkJnZlJyQklwNXZyOVdIMlFFXC93citcL3l6dVB6eUpTSkZVRjlsMUtPcHJxMHFcL2lCSXpCcEFtTkNVQ0xZcjdRbGtiVmNKOU1JQlcyZWNreERac0hHYmUxTVlFSytkb0NpejNuQzVwNFFcL21KczlrWUQ2MDBaNWZ5VVdWdXJDVXBUTmljU2hSUGtsZ3d4elBuNlBGNnVrOW9DUWVTXC9KYkFSRDZWRnUyUE10N0hXNWZjZ3lQVW1LcVwvb0NBNTJKTXlzOXZVIiwiaXYiOiJhMURUazF1TEVqQXMxV0o4VkJZWE1RPT0ifQ==\" target=\"_blank\" rel=\"noopener\">https:\/\/sibspa.it\/news\/post\/2026\/agosto\/emergenza-idrica\/<\/a><\/p>\n<p>SIB invita l\u2019utenza a limitare i prelievi da acquedotto allo stretto necessario.<\/p>\n<p>Ulteriori aggiornamenti saranno pubblicati nei seguenti canali:\u00a0<a href=\"https:\/\/68fb2569b0360200136b2f4a.trk.mailchef.4dem.it\/track\/click?q=eyJkYXRhIjoiczY4UFBkSVVocVRVb1RXOStXMTNzdlwvVXltWkY0d2Yydkt4ZDM0R3JydlRnRXVMYVRDYkdZc2czOFBPXC93U3ZBNEFmRU9mRWhFMEpuMnhwM0plY1wvVFNsb0FKYmlMWGxkdm1KKzdSeDFpUElMMndRNDB0ZGdaTjc1RG9lYVJXaFd2K1wveU9lUkVYNjczRGVnelNyZDQ1Y3dSSDBoTmk4QlFzUGczczVzVjQrMXg3dkxjbFwvdFFqS1FuY0FkM0ZRUFNWWHgzeGo3WFZKSGYzWEYrRmpnajRcL05tZG1UVjIyblJxdXFEWmQwZlBscGdYS3FiVlFzRVhkbGM2ZWQ2K3p2cGhIRkJrU3dGSGdiYnorcDZ6QzV0bDN3RzRLT3NBR0ttVzEzc1BLUmhXWkdKdEtJdXpOQllrckM1SFNmU1QwejJxalp6RUZ6dmlTTWR4ak9vVjBPQ1ZPcjNaelA4bER4MGsrZ0NBS09peW5QUXpRaURaMXdWNnYydkZsSCtoTmdcL0Z6KzRrM2dGTFFWbGRiZGE3K1wvVmpaZ1wvUFdyTWh3TE4yT0R4bGlTWTBJODdvNzBWSkx0R2ZnaTRYbjBwSHhKVVNCaUU5QXdnZUMyd1RxUUNjcXlFOEUxZFdyYjVwQlF4TkxkcXVmSmxPUk16UTNTYml3Y1JoaUNXVmYrOGZmdm8rMHB2SnhhY1dzN1ppcmdKaFNzYXUyRkMwSW44a2szeWR0UmFxdm5pXC9sTHVxR013QWZLN1I3Qk82M0pZUUFlNmlXakc2aDBzbnFxWnRIbGloYTlyRmdPdG5XanRaR3ZaSWQwYnBxdEtCWkNKV1E0cnF4TElUVjF1SG11aFRLbkc1TTRKWW9IVHBzb3BQUG9IRUdHa1wvaUp1YkV5UnA4d1pNa0x5dXhieis5QWlpUDJhY1BrWTluMkE1WU9LV0dOK0c3RGIrYllJMWoydStvb0N3eWVjT3lIVWFiTmx6MXdEZ2JPbmNoU2d5aW5DMkViQk5NREhMQ21tZWVCbW0ycEFjVjYza0JXV05OV24rdkRNMFZoMjFWcE9aNWNqc29CQ0FSek5OdDdCQVVCWnRIbUJxdHNoK1BQMW1iU1M4TG95YjFQMzhmem1VaWltdE0xZ3JGQUtHamNuVmVraSt1a2V0R0EySHd6XC9RY3dla3FMMEFJSnZnZWZJcVlaZXR1NEQ0Q29pT1dMZ2FzZ0NUSEhqNkFydjBBc3IzMXZ3V1l3S2xHMmxHVThDV3ZoSGVtQ2lVUUlsTEVlWWFkckE1a2NabkFqbFp6Zkd0YkIwclwvaG5ObUJEZnZNVFwvWklJdTVaczUrZ1UybVFnRjg2WGNTT3gwalBLTVdhNkxzT2tJamhwbm1kczhsU01EcE9sZFE3NnNaaDlnWk9mVHlCWjJteGFON25zT2ZaNEpFOEJhRm45dzBwQXdpVU1RY2JBK3NYUDRiUGZVanpwQVwvZ2poZXVyUlBXOHU0N29DUlE3QmJwS2JcLzNJeTJMd1wvM05kaFhaYXBHZ2UyZmVyd0g4bTB6M05ldDlsRjJkWVg2ZlwvSldPc1g1OFozSWgzVVpqYlI4bFwvU01IT29IU3hhb2RKMGpRMFY2R2cwNGJCQ1NiK2I3XC9CSzV1ZDhXSStsWUpsa1lqSUtQUTliTVBqSm9DM1pJbmpVa1N2dHZVTVNFNnA2VVIwMlhLNmVhTjh4ZHRBaVpKeHFkVTdzK0g5dGRidXJQS2VqNlhqRmRsclM5eDFaN2FnM1hqYnNmcmZaWlliQUJnWW96YXV4VUc5UG1qQVJcL0R6IiwiaXYiOiI2WWpWRjl2MGk1MWpBRGFobEZYS05nPT0ifQ==\" target=\"_blank\" rel=\"noopener\">Sito<\/a>\u00a0\u00a0\u00a0<a href=\"https:\/\/68fb2569b0360200136b2f4a.trk.mailchef.4dem.it\/track\/click?q=eyJkYXRhIjoiOFZaQTNzQWN3YTlkK1JDWUFFNHcwcDZQVHpYQTd1cjNIM2dPbmhrdjBFaUNxM1d3dlZWVlwvRGNwNnNOMG5iVHB6Tjh6OVBkdXZ3QlYyVjZSSHNqZm1CWko1R1NaQ2VBRWxnSDRWSEV2Qnk4ZHN1eGFETTVOODZvTkp6c3Q1TlB3YkJyZGs1dFhWUHNtUTFLQ09uT2p3MEpSeXd1YUhhXC9DaTJsR1BsK0RvcUJjeDB0YkFFK28zZFRcL1wvZ0FGK1lpZ0NhNVVTWVFBdmFkN2Y5QlZybHhOMDdlWWhGTkNzSE9yTExldTVuZ0plcGk0TGJtNzdPTGlZOGRuTWs5bkZvY2dBRXlGajJYV0ozWks4VEpmcjJ5cFpaVVRrQXRvRnAwOVI4VGh5TXY4ZCtMOHJtaGF5SGE5bW5MdDBrSjFWdEI0cmZCNjJnQjVkVnc5OVZtMkIwSGFBTmRPWHhKeFN5M0owMlNvREE2cGgxMkFDbktJWm9rcm9MWHp0MUJwSHBXTHRhU1FMQ0cyN2pyS1NNZk1xdFAySVdQR1IwVlJGc2NBN0tVbDNaaHY5dDdrKzFMclMzNGI0OFhGZFY0SjFDMUtGNGJpaXozTTd3SDZcL2Jmd09aMTBTb3oya1NWOGh6MkFLdFZNTm15WVdFSWY2Z3NkOGppTjV2ODhISk9vY2hyQVVSSCtldXUzam14TlZzZ2NTQ0c5RWEzcVJwNEpTTU1rWEFXbVZOb1dqZ29JSHZUWUl1N2xhWElYd05rYlhsMUhrWHZkbys4Z0c3WTQyZWtma1lXa2lqVDVKVWFRWXdzaThsNmNjWERaT3ZZUU4wSnR1TU5qT3NNVnNZbGVkUUJOZmFFMEpGZHAxYUw5WXk0MUhyYlJPVnhuWUI4alhDeUErOEVXdFhXb3FKUnhPYWhkcm5yRmZLRmZXMHJyVTFlSUl0TlNFNHBTTEcxYkJ1dXNOaDk3bmRIZGNJQWVYVzBrcUhubitUSEZtRmdjazZZXC82aktpb2V5QVwvRHZCc21pdFY4XC8rKzA0NHE5bFFBOXcraVQ5alR3cmdFa0VBZjdJUmNTK2hndlFSU0xjRVl1eU9EXC9CNGRNenpGZllSb0dLOXBaTkhcL1ByeXFxdThlczZYeGRIZXEyTkxYS0hIUTNNaEZFZ0ZacnJiRzd6QWhEeVhqSjk1U2NPQ1FuUXZGNzdFY2VKSStHakJFQkFmUEZjcnNPME5IREZsaGpzTzFYSG5md0c5M1ZwbDYxcU1iRkNHT2FoZ3pheUZzTWYydU5CcWFXTEZTUjNoZGhoWVpabnhmUmlqbEltSFpGeFI0bDdEXC9zWFlkVVlmVnM2NXRxdXRoOG9vSW1IZTBSV2dJY05LeDZvaEZDaE5lalhMeDVSSzFZaXBOdXMrYU96S0ZVaDltcU5KVjBlcEtkb05iRUszYXBFd09cLzJqOW5mU3BNaWFtM1BtMEtJakpIeGVwcnp4Z1p4RXVHOXhEbm9zUVRrcmlpSkVQeXBieWtRSkN4WWNSTmV0ejloYk55MUtoemhJd3lBWUNxVzd2aU4xKzQxNnI4eXQ1TGd6amM3amhDcmwyQjJuMkJUNUhqOTBmelpqbzlaN0ViTDB5WDBJU0xSZWRqSVwvOVdmV3RZWUtibTlpU1wvMGhGbFZLVEpCNTBKZm1aQ282cnMya08yaFF2RGJSUVZma1l0bU5Lc3ZrOEw2Q1wvaFdNZTZiTWhuZlN3UlRzU1dnOFFGR0s1M1h0Tkd2ZGQ1dlRLR05oSUc0S3JKUkd1UkR3c1FyWVNjeENzeG5ycldYZ1BnRURUeUM0b0JGQWg0WDlmQnI1d0pqZWc4MDk0TFwvRU1qZ1RoZGFXaCtPcVNzdDFXaVwvZ2w0cVdJOGlkSEd2RXRSWWFBZXI0YVRYQjdKa2V6UT09IiwiaXYiOiJtcFRWcFpsREt2bjRcLzFkY1pVaEVFdz09In0=\" target=\"_blank\" rel=\"noopener\">Facebook<\/a>\u00a0\u00a0\u00a0<a href=\"https:\/\/68fb2569b0360200136b2f4a.trk.mailchef.4dem.it\/track\/click?q=eyJkYXRhIjoibE1qdWVTYlMrdlZ1aDkyWXR3cm1ONm5xcHdLYWkxYXhKOTYwcXIxbUxkd2dUckpJYkRtNk8wUHptU2U2YW9XTFNpRENTbWo4N3VPcXdIeUs3NWl0QWNuVkh1bVFUZWloTllhVGFJRjBwekM5MDZCdFM2Rk1aekNZTm1YaFE2VHBZV1Q4d2lVakNFRkF6K2ozdWtYZEp6bWFrYkMyN3R6MHJYSWxpVjZNMm16bDlrejlYVTQ0TGN3ZmdUcVJla2srajUreGVyQUV2Ykc2T2h0T2Rla3Q1eVYyeUJUXC9xcFVQNTladllTZlRxV3lqczlHTHBrcElkOElMaVNrazROYTdIV29LUlk2eHJ1QmFRazNIVDV4eXZDNTVvS2tRYThLSUNPcm1nYllOUkFqaVVBSDlhbkM4ZGFkeG9HZXhwN2xmZmJwMG5KTGFjRXhmZ3BxdUswUDhMbFwvXC9TS2szSGZHWTZERUpIK3M1RURpRmVFQWhMXC9ISndlODZsdm5Nd29lWDJcL0NyOXpraGZ5Sm5Id1NFMTJtM3BKT2xKbGkrT0VXTERYZGtIZlcyc1BhakZaaWNlb3BQQk1oaXlDVVFDMUM2VmhNT0FMbzExZzdYOVk0bERBZHBwTHBzVzA3WjBjTUl3elc1YUh4WTBVak1FcU41cDhPTDdva0xzd1llZ2lTUFYwY2x6bFNqcXAxcmpPOWF4T0tNMVZcLzM0SkVLWTJ4V2lcLzhVK0ZmTFBGSmZwZGZDK1ZYUEcyXC9IRU1lR2szWFltQkFjN3NlU3VBV0F0QVAyQWhHRlN0c2l1RXQ1NTlSYzBnNXd6RFdBVUk4VnVNUXhKRHJKd3NcLzJwVGdnUCtWelc5d2lBQ3NZdVg2YkR0NXpKOGNrSTQwTkFQTDZYNjNhZHdjcDBoTGd2NGYrbk45TG5BV1pWdCtcL0hORXBZN2JydXd0ZHlTQnIzN0tDSEkxdEZ2SytqV2U1R05LRmdkV3ZveXZCOFpzZDRUUHdhOHBNczFjWTB5UzJQVHVQbUZ3NVdJSUtPWUZnQXVPdGlDbVJBVEtuRk9vY1B0bU0zWHBydGd2bytCSmk4ZVF1NlwvRlMrUFdBVlwvT29GOGUzV0NhbUE4QTdNWWpsdExpUzlWZzdnc1ZNUlZyclhWdzRKVUhMSE9IOHowRWxNUFFuS0ZlZzlnTjBlMUVLWWFRajJId1VidmxHSFlqNjF0QmxHZGdJY2F3VnozcHBqRFZkbDNWWTVDM29VWGVyQ3JWUVM1bmE5RWhQb1dIbmJCVkNTUDhqcjZHdTZVUGtlWjFKemlVMTFFdWphK3dVdXpDWXNNa2VkaStYQlNqdGhicG5GalVwRXBxMEMyVU1rMUVvMVJKSEk4U1NoQUpkWUJmYm85ZTNVTEhIenFVWE00czhqUXRcL0c1Sm1JZ2Jrb2xxSGsxRTYxdHRzZlFNU25WXC84TDkyNHNVdnlDNkwyNGtQUTlCb00rOURmWnYzYzJGMHdcL1FieDZueDJTSTBaMTFPSGFPenNuaUI0ajdKc2FZSnNWRVZaNEcxYk0wbUVIWjhicDlwb3hheFRDMXM3WkN1ekh6WTVlSEJyV0dJdGJybFYrVWFMRHU3UGZNd1ppazdDMVgwbjhwaTdneTF4TFN6RW5MQWtxXC83UlQzVVV4c3paZmJKSjBlVjdZd2hZVndjT0RsR0RFN05kT1RZUmpPMTh5dnJMUXgrcTkyRU15NUdIWkMyaklOK3ZvcGRhOWo1Q25RVmc0K1hcL2xzSGVHZkhtekoyUmtoVE44K2Z4R1Nxa1Qxa0VqZ0R5XC92NmhwUSt4VnJHQ2dxd09KXC9xT1VXQ3Fsc3RJT09WOUcrcEM0MG89IiwiaXYiOiJ0ZUdPQUxocUQ1U3FFTW51MVEyaVRnPT0ifQ==\" target=\"_blank\" rel=\"noopener\">Instagram<\/a><\/p>\n<p><strong>Per essere sempre informati<\/strong>\u00a0sulle attivit\u00e0 programmate nel Comune dove \u00e8 attiva la fornitura, \u00e8 disponibile il\u00a0<strong>servizio gratuito SIB Alert<\/strong>, che consente di ricevere, via\u00a0<strong>SMS o Email<\/strong>, avvisi su interruzioni programmate, non potabilit\u00e0, emergenze o guasti. Per iscriversi \u00e8 sufficiente compilare la form presente a questo link\u00a0<a href=\"https:\/\/68fb2569b0360200136b2f4a.trk.mailchef.4dem.it\/track\/click?q=eyJkYXRhIjoiTnNBamRid0MrQnlPV0hNWlZLTElXVTRqTkhFMjRoZHJEMnR5WFVEa3RJWDdrWkpMZ3lcL1Q2NTU2SFdMUWlHRzNwdmh3NkE0UTk4bXlTUXFCcjhQVElvZW54WUxVNm5LVjEzbU00QmNyQno3aXI1NlVmM0ZoblwvODR2d0owVjVldTliY2gxTm55S1NDWXE4MXNaOHVRZVpzazVVdEJiTE9TdXhMZ2swY1wvZlJhdUpjT3hyOFdHRENTbVFoMmdtR1N5Sjl6RDRTUmRuc3Q5K2xiUUh0dkJoZFZkeEdiTzZLWkVQcUNHekVnOU54T1V2Zmh4UURzZzFkYldlQ0ZuXC9nRTY1N05zSlJtWXVMbTBHdFBsY1lmbXRrbU5FMVwva1hpV2ptaU41bXFwN0g1V0NwNlR5OVpPbUhqV1VyeGhxM0J6UlZWeG1ONThpbVBVMXl3WWsycFUySjZUTGRObjR2V1lYVGdGQnp6U3VHN0dQOG5PdVk3THdldWtOQlwvNytVYjIwK2tGcU1McEpOYWFwdnhodlg2bG9WTHFKdVRSVTg3N0ljUG1DT09sd2NGd1NzRzBxaDhwbmlHZ21HcnFTOVVydlhNZXg3eVJwXC9YRFhreVIxZlViQ0xXRElsTHVVUHpBaXNTcnNTUml2VUZnRVpoSHFXVGd4ZkVjdjdMTzNKSkVtaG40RjlrdW1TQ2pzajArRTAwamcwQ1g5clJDZDk3QlhIYlRZSWRGMDFVWG9UUEZiYlBXa2U4amJvNVFXRXI5QkxZSzJ4M1huNXBhYXJNT2Z5MkFCRmpEV3NGbUJSWjJGR29ld3pObWRtY3o0NFlzWHJnb1g0S2dyS2I5WkFaM3o0RUdGWXdmdDdYN1lVcXFDRE1BeGlWSFN3dkFoZ2d6RmNFcDdvODhjRHV3UmQreXhGeHZKNnF3R1hXWDAwNFpLSWd4MkNrcmxic0tcL1V5SjJoczVzOGlneEEzS283UjMxOGN1bldSZ3hna0tWQ2hqNWdCbXQ5ck5lUXdpR1dXZHFaRVcxNHZsNEJhSEY0VUxobHEzMDZcLzE2aEZSWHdWVEpDdUFEWUNIXC84UnBBNFFQYnBxb0NqbWM3NkJKMWVtQ3dwc0NTdzFaY1pSRXJQMVZ5enRwN09lZWVuUk1DK1BpTE0xaHo2UCtkMUxlVWlpXC9HdUc5dVdOb3pxdHpMZjBhXC80SmhQZCtMaGJjdkZYQ3BnOWxXeFNsY1d3ZXZZSzZpMFdEYnlqalhjampcL2NIbzgzbXU0dHpkRmMyU0lxandDOG5CWmhpSnZYZU1cL0FRQkZ6a00yWDdvakRqQkROVjdGcHJuaE5Cc1JVN0swWTBCRXllRlMyblh0VU1jMk5KcjBFckFWbmlrVHFzYTd0aDNZSFgxVHVrQ0FPQmYxeUZXcjlON3dMVndwMldDV2RGWGlSb1p4VWpxckVnYXAza1NcL1E4VjR1cU5KbnR5aWNxdTdlaVwvT3MxaFRRbUFTSTU2R3pDbFF3bFEzUDdsNlp1WVZUMXFVOTFWV1FnRTIwSW5OOFVHZk82ZVUwTmxja0libU9JK1wvbXhMempTSmNEU3JrWXlaaTdlVXpwSXRYelVBbWxrXC9iR0dcL29uMjZZZHF6U2tPVUNmTDlIV1grU1VSTnpweFd6eE81cDl6UFBmR2tVY1c2ZEJZWmtTYkVMYlBKdm02b1RJVk1vT2VDUHJtOEtMRTNuemVqdWlYZG8xYWhUcGxxS3NndllCNEJFTDBSM0xwQmF3ODJcL1VBaTdDS1VSZFZRZGduQVJhaktXVUN1WlcwQmhjTjVNRUtJK1JCZFdMNmNLSmVHdzRxaTdsUnJoXC9oakFUcHNmaEVraz0iLCJpdiI6IlV0ZER5dlBFUWVYVlFSZ0hiMEJVeEE9PSJ9\" target=\"_blank\" rel=\"noopener\">https:\/\/sibspa.it\/idrico\/sib-alert\/<\/a><\/p>","protected":false},"excerpt":{"rendered":"<p>Servizi Integrati Bellunesi informa che, visto il perdurare dello stato di crisi idrica in diverse aree della provincia di Belluno,\u00a0proseguiranno fino alle ore 6:00\u00a0di gioved\u00ec 20 agosto\u00a02026\u00a0le manovre notturne su acquedotto. Nella fascia oraria dalle 22:00 alle 6:00 di ogni notte, pertanto, potranno verificarsi cali di pressione e\/o temporanee mancanze d&#8217;acqua nelle zone di seguito [&hellip;]<\/p>\n","protected":false},"author":2,"featured_media":132280,"comment_status":"closed","ping_status":"open","sticky":false,"template":"","format":"standard","meta":{"footnotes":""},"categories":[26,8],"tags":[],"class_list":["post-172619","post","type-post","status-publish","format-standard","has-post-thumbnail","category-prima-pagina","category-societa-istituzioni"],"yoast_head":"<!-- This site is optimized with the Yoast SEO plugin v28.4 - https:\/\/yoast.com\/product\/yoast-seo-wordpress\/ -->\n<title>Crisi idrica. Il calendario delle temporanee interruzioni dell&#039;acqua nei prossimi giorni - Bellunopress - Dolomiti<\/title>\n<meta name=\"robots\" content=\"index, follow, max-snippet:-1, max-image-preview:large, max-video-preview:-1\" \/>\n<link rel=\"canonical\" href=\"https:\/\/www.bellunopress.it\/fr\/2026\/08\/12\/crisi-idrica-il-calendario-delle-temporanee-interruzioni-dellacqua-nei-prossimi-giorni\/\" \/>\n<meta property=\"og:locale\" content=\"fr_FR\" \/>\n<meta property=\"og:type\" content=\"article\" \/>\n<meta property=\"og:title\" content=\"Crisi idrica. Il calendario delle temporanee interruzioni dell&#039;acqua nei prossimi giorni - Bellunopress - Dolomiti\" \/>\n<meta property=\"og:description\" content=\"Servizi Integrati Bellunesi informa che, visto il perdurare dello stato di crisi idrica in diverse aree della provincia di Belluno,\u00a0proseguiranno fino alle ore 6:00\u00a0di gioved\u00ec 20 agosto\u00a02026\u00a0le manovre notturne su acquedotto. Nella fascia oraria dalle 22:00 alle 6:00 di ogni notte, pertanto, potranno verificarsi cali di pressione e\/o temporanee mancanze d&#8217;acqua nelle zone di seguito [&hellip;]\" \/>\n<meta property=\"og:url\" content=\"https:\/\/www.bellunopress.it\/fr\/2026\/08\/12\/crisi-idrica-il-calendario-delle-temporanee-interruzioni-dellacqua-nei-prossimi-giorni\/\" \/>\n<meta property=\"og:site_name\" content=\"Bellunopress - Dolomiti\" \/>\n<meta property=\"article:publisher\" content=\"https:\/\/www.facebook.com\/profile.php?id=100008943462799\" \/>\n<meta property=\"article:published_time\" content=\"2026-08-12T16:27:11+00:00\" \/>\n<meta property=\"og:image\" content=\"https:\/\/www.bellunopress.it\/wp-content\/uploads\/2022\/03\/rubinetto-acqua_edited.jpg\" \/>\n\t<meta property=\"og:image:width\" content=\"859\" \/>\n\t<meta property=\"og:image:height\" content=\"584\" \/>\n\t<meta property=\"og:image:type\" content=\"image\/jpeg\" \/>\n<meta name=\"author\" content=\"redazione\" \/>\n<meta name=\"twitter:card\" content=\"summary_large_image\" \/>\n<meta name=\"twitter:creator\" content=\"@bellunopress\" \/>\n<meta name=\"twitter:site\" content=\"@bellunopress\" \/>\n<meta name=\"twitter:label1\" content=\"Written by\" \/>\n\t<meta name=\"twitter:data1\" content=\"redazione\" \/>\n\t<meta name=\"twitter:label2\" content=\"Est. reading time\" \/>\n\t<meta name=\"twitter:data2\" content=\"2 minutes\" \/>\n<script type=\"application\/ld+json\" class=\"yoast-schema-graph\">{\"@context\":\"https:\\\/\\\/schema.org\",\"@graph\":[{\"@type\":\"Article\",\"@id\":\"https:\\\/\\\/www.bellunopress.it\\\/2026\\\/08\\\/12\\\/crisi-idrica-il-calendario-delle-temporanee-interruzioni-dellacqua-nei-prossimi-giorni\\\/#article\",\"isPartOf\":{\"@id\":\"https:\\\/\\\/www.bellunopress.it\\\/2026\\\/08\\\/12\\\/crisi-idrica-il-calendario-delle-temporanee-interruzioni-dellacqua-nei-prossimi-giorni\\\/\"},\"author\":{\"name\":\"redazione\",\"@id\":\"https:\\\/\\\/www.bellunopress.it\\\/#\\\/schema\\\/person\\\/79bb06722b37ece1c03d3e94beb30d73\"},\"headline\":\"Crisi idrica. Il calendario delle temporanee interruzioni dell&#8217;acqua nei prossimi giorni\",\"datePublished\":\"2026-08-12T16:27:11+00:00\",\"mainEntityOfPage\":{\"@id\":\"https:\\\/\\\/www.bellunopress.it\\\/2026\\\/08\\\/12\\\/crisi-idrica-il-calendario-delle-temporanee-interruzioni-dellacqua-nei-prossimi-giorni\\\/\"},\"wordCount\":294,\"publisher\":{\"@id\":\"https:\\\/\\\/www.bellunopress.it\\\/#organization\"},\"image\":{\"@id\":\"https:\\\/\\\/www.bellunopress.it\\\/2026\\\/08\\\/12\\\/crisi-idrica-il-calendario-delle-temporanee-interruzioni-dellacqua-nei-prossimi-giorni\\\/#primaryimage\"},\"thumbnailUrl\":\"https:\\\/\\\/www.bellunopress.it\\\/wp-content\\\/uploads\\\/2022\\\/03\\\/rubinetto-acqua_edited.jpg\",\"articleSection\":[\"Prima Pagina\",\"Societ\u00e0, Associazioni, Istituzioni\"],\"inLanguage\":\"fr-FR\"},{\"@type\":\"WebPage\",\"@id\":\"https:\\\/\\\/www.bellunopress.it\\\/2026\\\/08\\\/12\\\/crisi-idrica-il-calendario-delle-temporanee-interruzioni-dellacqua-nei-prossimi-giorni\\\/\",\"url\":\"https:\\\/\\\/www.bellunopress.it\\\/2026\\\/08\\\/12\\\/crisi-idrica-il-calendario-delle-temporanee-interruzioni-dellacqua-nei-prossimi-giorni\\\/\",\"name\":\"Crisi idrica. Il calendario delle temporanee interruzioni dell'acqua nei prossimi giorni - Bellunopress - Dolomiti\",\"isPartOf\":{\"@id\":\"https:\\\/\\\/www.bellunopress.it\\\/#website\"},\"primaryImageOfPage\":{\"@id\":\"https:\\\/\\\/www.bellunopress.it\\\/2026\\\/08\\\/12\\\/crisi-idrica-il-calendario-delle-temporanee-interruzioni-dellacqua-nei-prossimi-giorni\\\/#primaryimage\"},\"image\":{\"@id\":\"https:\\\/\\\/www.bellunopress.it\\\/2026\\\/08\\\/12\\\/crisi-idrica-il-calendario-delle-temporanee-interruzioni-dellacqua-nei-prossimi-giorni\\\/#primaryimage\"},\"thumbnailUrl\":\"https:\\\/\\\/www.bellunopress.it\\\/wp-content\\\/uploads\\\/2022\\\/03\\\/rubinetto-acqua_edited.jpg\",\"datePublished\":\"2026-08-12T16:27:11+00:00\",\"breadcrumb\":{\"@id\":\"https:\\\/\\\/www.bellunopress.it\\\/2026\\\/08\\\/12\\\/crisi-idrica-il-calendario-delle-temporanee-interruzioni-dellacqua-nei-prossimi-giorni\\\/#breadcrumb\"},\"inLanguage\":\"fr-FR\",\"potentialAction\":[{\"@type\":\"ReadAction\",\"target\":[\"https:\\\/\\\/www.bellunopress.it\\\/2026\\\/08\\\/12\\\/crisi-idrica-il-calendario-delle-temporanee-interruzioni-dellacqua-nei-prossimi-giorni\\\/\"]}]},{\"@type\":\"ImageObject\",\"inLanguage\":\"fr-FR\",\"@id\":\"https:\\\/\\\/www.bellunopress.it\\\/2026\\\/08\\\/12\\\/crisi-idrica-il-calendario-delle-temporanee-interruzioni-dellacqua-nei-prossimi-giorni\\\/#primaryimage\",\"url\":\"https:\\\/\\\/www.bellunopress.it\\\/wp-content\\\/uploads\\\/2022\\\/03\\\/rubinetto-acqua_edited.jpg\",\"contentUrl\":\"https:\\\/\\\/www.bellunopress.it\\\/wp-content\\\/uploads\\\/2022\\\/03\\\/rubinetto-acqua_edited.jpg\",\"width\":859,\"height\":584},{\"@type\":\"BreadcrumbList\",\"@id\":\"https:\\\/\\\/www.bellunopress.it\\\/2026\\\/08\\\/12\\\/crisi-idrica-il-calendario-delle-temporanee-interruzioni-dellacqua-nei-prossimi-giorni\\\/#breadcrumb\",\"itemListElement\":[{\"@type\":\"ListItem\",\"position\":1,\"name\":\"Home\",\"item\":\"https:\\\/\\\/www.bellunopress.it\\\/\"},{\"@type\":\"ListItem\",\"position\":2,\"name\":\"Crisi idrica. Il calendario delle temporanee interruzioni dell&#8217;acqua nei prossimi giorni\"}]},{\"@type\":\"WebSite\",\"@id\":\"https:\\\/\\\/www.bellunopress.it\\\/#website\",\"url\":\"https:\\\/\\\/www.bellunopress.it\\\/\",\"name\":\"Bellunopress - Dolomiti\",\"description\":\"e-mail: redazione@bellunopress.it\",\"publisher\":{\"@id\":\"https:\\\/\\\/www.bellunopress.it\\\/#organization\"},\"potentialAction\":[{\"@type\":\"SearchAction\",\"target\":{\"@type\":\"EntryPoint\",\"urlTemplate\":\"https:\\\/\\\/www.bellunopress.it\\\/?s={search_term_string}\"},\"query-input\":{\"@type\":\"PropertyValueSpecification\",\"valueRequired\":true,\"valueName\":\"search_term_string\"}}],\"inLanguage\":\"fr-FR\"},{\"@type\":\"Organization\",\"@id\":\"https:\\\/\\\/www.bellunopress.it\\\/#organization\",\"name\":\"Bellunopress\",\"url\":\"https:\\\/\\\/www.bellunopress.it\\\/\",\"logo\":{\"@type\":\"ImageObject\",\"inLanguage\":\"fr-FR\",\"@id\":\"https:\\\/\\\/www.bellunopress.it\\\/#\\\/schema\\\/logo\\\/image\\\/\",\"url\":\"https:\\\/\\\/www.bellunopress.it\\\/wp-content\\\/uploads\\\/2011\\\/05\\\/cropped-logo-bellunopress-.jpg\",\"contentUrl\":\"https:\\\/\\\/www.bellunopress.it\\\/wp-content\\\/uploads\\\/2011\\\/05\\\/cropped-logo-bellunopress-.jpg\",\"width\":512,\"height\":512,\"caption\":\"Bellunopress\"},\"image\":{\"@id\":\"https:\\\/\\\/www.bellunopress.it\\\/#\\\/schema\\\/logo\\\/image\\\/\"},\"sameAs\":[\"https:\\\/\\\/www.facebook.com\\\/profile.php?id=100008943462799\",\"https:\\\/\\\/x.com\\\/bellunopress\",\"https:\\\/\\\/www.linkedin.com\\\/hp\\\/?dnr=JBzUWaJfMUw8vbXJJ2tVW5-I3jZKvC4wsoxE&amp;amp;amp;amp;amp;amp;trk=nav_responsive_tab_home\",\"https:\\\/\\\/www.youtube.com\\\/channel\\\/UCxL0wu1uN0_3_7hGG0306cw\"]},{\"@type\":\"Person\",\"@id\":\"https:\\\/\\\/www.bellunopress.it\\\/#\\\/schema\\\/person\\\/79bb06722b37ece1c03d3e94beb30d73\",\"name\":\"redazione\",\"image\":{\"@type\":\"ImageObject\",\"inLanguage\":\"fr-FR\",\"@id\":\"https:\\\/\\\/secure.gravatar.com\\\/avatar\\\/37d968a2e67a6fd04c169c4bdef102d0bc5d31b2546345219e348575eb80e9a0?s=96&d=mm&r=g\",\"url\":\"https:\\\/\\\/secure.gravatar.com\\\/avatar\\\/37d968a2e67a6fd04c169c4bdef102d0bc5d31b2546345219e348575eb80e9a0?s=96&d=mm&r=g\",\"contentUrl\":\"https:\\\/\\\/secure.gravatar.com\\\/avatar\\\/37d968a2e67a6fd04c169c4bdef102d0bc5d31b2546345219e348575eb80e9a0?s=96&d=mm&r=g\",\"caption\":\"redazione\"},\"sameAs\":[\"http:\\\/\\\/www.bellunopress.it\",\"https:\\\/\\\/x.com\\\/bellunopress\"],\"url\":\"https:\\\/\\\/www.bellunopress.it\\\/fr\\\/author\\\/redazione\\\/\"}]}<\/script>\n<!-- \/ Yoast SEO plugin. -->","yoast_head_json":{"title":"Crisi idrica. Il calendario delle temporanee interruzioni dell'acqua nei prossimi giorni - Bellunopress - Dolomiti","robots":{"index":"index","follow":"follow","max-snippet":"max-snippet:-1","max-image-preview":"max-image-preview:large","max-video-preview":"max-video-preview:-1"},"canonical":"https:\/\/www.bellunopress.it\/fr\/2026\/08\/12\/crisi-idrica-il-calendario-delle-temporanee-interruzioni-dellacqua-nei-prossimi-giorni\/","og_locale":"fr_FR","og_type":"article","og_title":"Crisi idrica. Il calendario delle temporanee interruzioni dell'acqua nei prossimi giorni - Bellunopress - Dolomiti","og_description":"Servizi Integrati Bellunesi informa che, visto il perdurare dello stato di crisi idrica in diverse aree della provincia di Belluno,\u00a0proseguiranno fino alle ore 6:00\u00a0di gioved\u00ec 20 agosto\u00a02026\u00a0le manovre notturne su acquedotto. Nella fascia oraria dalle 22:00 alle 6:00 di ogni notte, pertanto, potranno verificarsi cali di pressione e\/o temporanee mancanze d&#8217;acqua nelle zone di seguito [&hellip;]","og_url":"https:\/\/www.bellunopress.it\/fr\/2026\/08\/12\/crisi-idrica-il-calendario-delle-temporanee-interruzioni-dellacqua-nei-prossimi-giorni\/","og_site_name":"Bellunopress - Dolomiti","article_publisher":"https:\/\/www.facebook.com\/profile.php?id=100008943462799","article_published_time":"2026-08-12T16:27:11+00:00","og_image":[{"width":859,"height":584,"url":"https:\/\/www.bellunopress.it\/wp-content\/uploads\/2022\/03\/rubinetto-acqua_edited.jpg","type":"image\/jpeg"}],"author":"redazione","twitter_card":"summary_large_image","twitter_creator":"@bellunopress","twitter_site":"@bellunopress","twitter_misc":{"Written by":"redazione","Est. reading time":"2 minutes"},"schema":{"@context":"https:\/\/schema.org","@graph":[{"@type":"Article","@id":"https:\/\/www.bellunopress.it\/2026\/08\/12\/crisi-idrica-il-calendario-delle-temporanee-interruzioni-dellacqua-nei-prossimi-giorni\/#article","isPartOf":{"@id":"https:\/\/www.bellunopress.it\/2026\/08\/12\/crisi-idrica-il-calendario-delle-temporanee-interruzioni-dellacqua-nei-prossimi-giorni\/"},"author":{"name":"redazione","@id":"https:\/\/www.bellunopress.it\/#\/schema\/person\/79bb06722b37ece1c03d3e94beb30d73"},"headline":"Crisi idrica. Il calendario delle temporanee interruzioni dell&#8217;acqua nei prossimi giorni","datePublished":"2026-08-12T16:27:11+00:00","mainEntityOfPage":{"@id":"https:\/\/www.bellunopress.it\/2026\/08\/12\/crisi-idrica-il-calendario-delle-temporanee-interruzioni-dellacqua-nei-prossimi-giorni\/"},"wordCount":294,"publisher":{"@id":"https:\/\/www.bellunopress.it\/#organization"},"image":{"@id":"https:\/\/www.bellunopress.it\/2026\/08\/12\/crisi-idrica-il-calendario-delle-temporanee-interruzioni-dellacqua-nei-prossimi-giorni\/#primaryimage"},"thumbnailUrl":"https:\/\/www.bellunopress.it\/wp-content\/uploads\/2022\/03\/rubinetto-acqua_edited.jpg","articleSection":["Prima Pagina","Societ\u00e0, Associazioni, Istituzioni"],"inLanguage":"fr-FR"},{"@type":"WebPage","@id":"https:\/\/www.bellunopress.it\/2026\/08\/12\/crisi-idrica-il-calendario-delle-temporanee-interruzioni-dellacqua-nei-prossimi-giorni\/","url":"https:\/\/www.bellunopress.it\/2026\/08\/12\/crisi-idrica-il-calendario-delle-temporanee-interruzioni-dellacqua-nei-prossimi-giorni\/","name":"Crisi idrica. Il calendario delle temporanee interruzioni dell'acqua nei prossimi giorni - Bellunopress - Dolomiti","isPartOf":{"@id":"https:\/\/www.bellunopress.it\/#website"},"primaryImageOfPage":{"@id":"https:\/\/www.bellunopress.it\/2026\/08\/12\/crisi-idrica-il-calendario-delle-temporanee-interruzioni-dellacqua-nei-prossimi-giorni\/#primaryimage"},"image":{"@id":"https:\/\/www.bellunopress.it\/2026\/08\/12\/crisi-idrica-il-calendario-delle-temporanee-interruzioni-dellacqua-nei-prossimi-giorni\/#primaryimage"},"thumbnailUrl":"https:\/\/www.bellunopress.it\/wp-content\/uploads\/2022\/03\/rubinetto-acqua_edited.jpg","datePublished":"2026-08-12T16:27:11+00:00","breadcrumb":{"@id":"https:\/\/www.bellunopress.it\/2026\/08\/12\/crisi-idrica-il-calendario-delle-temporanee-interruzioni-dellacqua-nei-prossimi-giorni\/#breadcrumb"},"inLanguage":"fr-FR","potentialAction":[{"@type":"ReadAction","target":["https:\/\/www.bellunopress.it\/2026\/08\/12\/crisi-idrica-il-calendario-delle-temporanee-interruzioni-dellacqua-nei-prossimi-giorni\/"]}]},{"@type":"ImageObject","inLanguage":"fr-FR","@id":"https:\/\/www.bellunopress.it\/2026\/08\/12\/crisi-idrica-il-calendario-delle-temporanee-interruzioni-dellacqua-nei-prossimi-giorni\/#primaryimage","url":"https:\/\/www.bellunopress.it\/wp-content\/uploads\/2022\/03\/rubinetto-acqua_edited.jpg","contentUrl":"https:\/\/www.bellunopress.it\/wp-content\/uploads\/2022\/03\/rubinetto-acqua_edited.jpg","width":859,"height":584},{"@type":"BreadcrumbList","@id":"https:\/\/www.bellunopress.it\/2026\/08\/12\/crisi-idrica-il-calendario-delle-temporanee-interruzioni-dellacqua-nei-prossimi-giorni\/#breadcrumb","itemListElement":[{"@type":"ListItem","position":1,"name":"Home","item":"https:\/\/www.bellunopress.it\/"},{"@type":"ListItem","position":2,"name":"Crisi idrica. Il calendario delle temporanee interruzioni dell&#8217;acqua nei prossimi giorni"}]},{"@type":"WebSite","@id":"https:\/\/www.bellunopress.it\/#website","url":"https:\/\/www.bellunopress.it\/","name":"Bellunopress - Dolomiti","description":"e-mail: redazione@bellunopress.it","publisher":{"@id":"https:\/\/www.bellunopress.it\/#organization"},"potentialAction":[{"@type":"SearchAction","target":{"@type":"EntryPoint","urlTemplate":"https:\/\/www.bellunopress.it\/?s={search_term_string}"},"query-input":{"@type":"PropertyValueSpecification","valueRequired":true,"valueName":"search_term_string"}}],"inLanguage":"fr-FR"},{"@type":"Organization","@id":"https:\/\/www.bellunopress.it\/#organization","name":"Bellunopress","url":"https:\/\/www.bellunopress.it\/","logo":{"@type":"ImageObject","inLanguage":"fr-FR","@id":"https:\/\/www.bellunopress.it\/#\/schema\/logo\/image\/","url":"https:\/\/www.bellunopress.it\/wp-content\/uploads\/2011\/05\/cropped-logo-bellunopress-.jpg","contentUrl":"https:\/\/www.bellunopress.it\/wp-content\/uploads\/2011\/05\/cropped-logo-bellunopress-.jpg","width":512,"height":512,"caption":"Bellunopress"},"image":{"@id":"https:\/\/www.bellunopress.it\/#\/schema\/logo\/image\/"},"sameAs":["https:\/\/www.facebook.com\/profile.php?id=100008943462799","https:\/\/x.com\/bellunopress","https:\/\/www.linkedin.com\/hp\/?dnr=JBzUWaJfMUw8vbXJJ2tVW5-I3jZKvC4wsoxE&amp;amp;amp;amp;amp;amp;trk=nav_responsive_tab_home","https:\/\/www.youtube.com\/channel\/UCxL0wu1uN0_3_7hGG0306cw"]},{"@type":"Person","@id":"https:\/\/www.bellunopress.it\/#\/schema\/person\/79bb06722b37ece1c03d3e94beb30d73","name":"r\u00e9daction","image":{"@type":"ImageObject","inLanguage":"fr-FR","@id":"https:\/\/secure.gravatar.com\/avatar\/37d968a2e67a6fd04c169c4bdef102d0bc5d31b2546345219e348575eb80e9a0?s=96&d=mm&r=g","url":"https:\/\/secure.gravatar.com\/avatar\/37d968a2e67a6fd04c169c4bdef102d0bc5d31b2546345219e348575eb80e9a0?s=96&d=mm&r=g","contentUrl":"https:\/\/secure.gravatar.com\/avatar\/37d968a2e67a6fd04c169c4bdef102d0bc5d31b2546345219e348575eb80e9a0?s=96&d=mm&r=g","caption":"redazione"},"sameAs":["http:\/\/www.bellunopress.it","https:\/\/x.com\/bellunopress"],"url":"https:\/\/www.bellunopress.it\/fr\/author\/redazione\/"}]}},"_links":{"self":[{"href":"https:\/\/www.bellunopress.it\/fr\/wp-json\/wp\/v2\/posts\/172619","targetHints":{"allow":["GET"]}}],"collection":[{"href":"https:\/\/www.bellunopress.it\/fr\/wp-json\/wp\/v2\/posts"}],"about":[{"href":"https:\/\/www.bellunopress.it\/fr\/wp-json\/wp\/v2\/types\/post"}],"author":[{"embeddable":true,"href":"https:\/\/www.bellunopress.it\/fr\/wp-json\/wp\/v2\/users\/2"}],"replies":[{"embeddable":true,"href":"https:\/\/www.bellunopress.it\/fr\/wp-json\/wp\/v2\/comments?post=172619"}],"version-history":[{"count":1,"href":"https:\/\/www.bellunopress.it\/fr\/wp-json\/wp\/v2\/posts\/172619\/revisions"}],"predecessor-version":[{"id":172620,"href":"https:\/\/www.bellunopress.it\/fr\/wp-json\/wp\/v2\/posts\/172619\/revisions\/172620"}],"wp:featuredmedia":[{"embeddable":true,"href":"https:\/\/www.bellunopress.it\/fr\/wp-json\/wp\/v2\/media\/132280"}],"wp:attachment":[{"href":"https:\/\/www.bellunopress.it\/fr\/wp-json\/wp\/v2\/media?parent=172619"}],"wp:term":[{"taxonomy":"category","embeddable":true,"href":"https:\/\/www.bellunopress.it\/fr\/wp-json\/wp\/v2\/categories?post=172619"},{"taxonomy":"post_tag","embeddable":true,"href":"https:\/\/www.bellunopress.it\/fr\/wp-json\/wp\/v2\/tags?post=172619"}],"curies":[{"name":"wp","href":"https:\/\/api.w.org\/{rel}","templated":true}]}}