{"id":172617,"date":"2026-08-12T14:01:05","date_gmt":"2026-08-12T12:01:05","guid":{"rendered":"https:\/\/www.bellunopress.it\/?p=172617"},"modified":"2026-08-12T14:01:05","modified_gmt":"2026-08-12T12:01:05","slug":"cortina-ferragosto-allhotel-de-la-poste-tra-grande-musica-e-impegno-solidale","status":"publish","type":"post","link":"https:\/\/www.bellunopress.it\/fr\/2026\/08\/12\/cortina-ferragosto-allhotel-de-la-poste-tra-grande-musica-e-impegno-solidale\/","title":{"rendered":"Cortina. Ferragosto all&#8217;Hotel de la Poste tra grande musica e impegno solidale"},"content":{"rendered":"<p><em>Il pomeriggio del 14 agosto il recital del soprano Monica De Rosa McKay e del pianista Marco Santi\u00e0 offrir\u00e0 al pubblico un&#8217;esperienza di alto profilo artistico, trasformando la musica in un gesto concreto di solidariet\u00e0 a sostegno di un progetto educativo in Ghana<\/em><\/p>\n<p>Cortina d&#8217;Ampezzo, 12 agosto 2026 _ Musica e solidariet\u00e0 saranno protagoniste il 14 agosto all&#8217;Hotel de la Poste di Cortina d&#8217;Ampezzo, dove il soprano Monica De Rosa McKay e il pianista Marco Santi\u00e0 daranno vita a un recital lirico aperto al pubblico. Il concerto avr\u00e0 inizio alle 18.30 e sar\u00e0 seguito dalla cena di Ferragosto dell&#8217;Hotel de la Poste.<\/p>\n<p>Il programma accompagner\u00e0 il pubblico in un viaggio attraverso alcune delle pi\u00f9 belle pagine del repertorio cameristico e operistico italiano e francese. Le romanze di Francesco Paolo Tosti, Stefano Donaudy e Pietro Cimara si alterneranno alle pagine di Francesco Cilea, Ruggero Leoncavallo e Pietro Mascagni insieme alle composizioni di Henri Duparc. Tra i brani in programma figurano, tra gli altri, &#8216;A vucchella, Ideale, O del mio amato ben, Stornello, O mio babbino caro dal Gianni Schicchi, Io son l&#8217;umile ancella ed anche l&#8217;Intermezzo da Cavalleria rusticana e Chi il bel sogno di Doretta da La rondine di Giacomo Puccini. Un percorso musicale che mette in dialogo alcune delle espressioni pi\u00f9 significative della tradizione lirica europea.<\/p>\n<p>Protagonista della serata sar\u00e0 proprio Monica De Rosa McKay, soprano formatasi al Conservatorio &#8220;G.B. Martini&#8221; di Bologna sotto la guida del maestro Leone Magiera e successivamente perfezionatasi con Luciano Pavarotti e Carlo Bergonzi all&#8217;Accademia Musicale Chigiana di Siena. Nel corso della sua carriera si \u00e8 esibita in Italia, Francia, Regno Unito, Stati Uniti, Messico, Venezuela ed Emirati Arabi Uniti, contribuendo alla diffusione dell&#8217;opera italiana anche oltre i confini nazionali. Tra il 2005 e il 2019 ha vissuto a Dubai, dove ha promosso produzioni dedicate ai grandi compositori del nostro repertorio. Nel 2014 il Presidente della Repubblica Giorgio Napolitano le ha conferito l&#8217;onorificenza di Cavaliere dell&#8217;Ordine della Stella d&#8217;Italia per il contributo alla promozione della cultura italiana nel mondo. Negli ultimi anni ha continuato a esibirsi in recital, concerti e iniziative dedicate alla musica sacra e cameristica, affiancando all&#8217;attivit\u00e0 artistica un costante impegno in progetti di carattere sociale.<\/p>\n<p>Al pianoforte, accanto a lei, ci sar\u00e0 Marco Santi\u00e0, musicista ravennate diplomato con il massimo dei voti in pianoforte, composizione, direzione d&#8217;orchestra e musica da camera. Dopo il perfezionamento al Mozarteum di Salisburgo e all&#8217;Accademia Pianistica Internazionale di Imola ha sviluppato un&#8217;intensa attivit\u00e0 concertistica come pianista, compositore, arrangiatore e direttore. Da anni collabora con importanti interpreti della lirica, portando il repertorio cameristico e operistico in numerosi festival e rassegne.<\/p>\n<p>Il concerto sar\u00e0 inoltre anche un&#8217;occasione per sostenere concretamente il progetto educativo della missione In My Father&#8217;s House, fondata in Ghana dal missionario comboniano Padre Giuseppe Rabbiosi, conosciuto come Padre Peppino. Da oltre vent&#8217;anni la missione opera nella regione del Volta promuovendo istruzione, accoglienza e formazione per bambini e ragazzi che vivono in condizioni di particolare fragilit\u00e0. Oggi rappresenta un punto di riferimento per migliaia di giovani, grazie a una rete di scuole e servizi educativi costruita nel tempo. Nello specifico, le offerte raccolte durante il recital contribuiranno alla realizzazione di una nuova scuola, inserita in un progetto gi\u00e0 avviato che punta ad ampliare gli spazi dedicati alle attivit\u00e0 didattiche e ad accogliere un numero sempre maggiore di bambini. Un intervento concreto dunque che consentir\u00e0 di rafforzare un percorso educativo gi\u00e0 attivo, offrendo nuove opportunit\u00e0 di crescita e formazione in un territorio dove l&#8217;accesso all&#8217;istruzione continua a rappresentare una delle principali sfide per il futuro delle nuove generazioni.<\/p>\n<p>Venerd\u00ec 14 agosto, ore 18.30 Recital<\/p>\n<p>A seguire Cena di Ferragosto su prenotazione. Info e prenotazioni: tel. 0436 4271<\/p>\n<p>Il recital si inserisce nel calendario degli appuntamenti estivi dell&#8217;Hotel de la Poste, che continua a promuovere eventi capaci di valorizzare la cultura e il territorio, aprendo al tempo stesso una finestra su progetti di respiro internazionale. Un concerto che offrir\u00e0 al pubblico non solo l&#8217;emozione della grande musica, ma anche la possibilit\u00e0 di contribuire concretamente alla crescita di una comunit\u00e0 attraverso l&#8217;istruzione.<\/p>\n<p>Hotel de la Poste \u2013 Cortina d&#8217;Ampezzo<\/p>\n<p>L&#8217;Hotel de la Poste, storico 4 stelle nel cuore di Cortina d&#8217;Ampezzo, \u00e8 molto pi\u00f9 di un albergo: \u00e8 un salotto alpino che racconta oltre due secoli di ospitalit\u00e0 e storia familiare. Fondato nel 1804 dalla famiglia Manaigo, rappresenta un simbolo della tradizione ampezzana, unendo eleganza, autenticit\u00e0 e accoglienza senza tempo. Da sempre punto d&#8217;incontro di reali, celebrit\u00e0 e intellettuali \u2013 da Hemingway ai reali di Svezia, da Liz Taylor a John Malkovich \u2013 il &#8220;Posta&#8221; conserva il fascino delle origini con ambienti raffinati, camere storiche come la Hemingway&#8217;s Room, ristoranti di alto livello e uno dei bar pi\u00f9 iconici delle Dolomiti. Oggi guidato da Gherardo Manaigo e Michela Esposito Menardi, il Posta prosegue la sua vocazione di crocevia culturale e lifestyle alpino, con nuovi spazi come Il Posticino, la VilleVenete Lounge e la Cigar Room. Riconosciuto &#8220;Locale Storico d&#8217;Italia&#8221;, \u00e8 pet-friendly, bike-friendly e cuore pulsante della vita mondana cortinese.<\/p>","protected":false},"excerpt":{"rendered":"<p>Il pomeriggio del 14 agosto il recital del soprano Monica De Rosa McKay e del pianista Marco Santi\u00e0 offrir\u00e0 al pubblico un&#8217;esperienza di alto profilo artistico, trasformando la musica in un gesto concreto di solidariet\u00e0 a sostegno di un progetto educativo in Ghana Cortina d&#8217;Ampezzo, 12 agosto 2026 _ Musica e solidariet\u00e0 saranno protagoniste il [&hellip;]<\/p>\n","protected":false},"author":2,"featured_media":127227,"comment_status":"closed","ping_status":"open","sticky":false,"template":"","format":"standard","meta":{"footnotes":""},"categories":[1],"tags":[],"class_list":["post-172617","post","type-post","status-publish","format-standard","has-post-thumbnail","category-leo"],"yoast_head":"<!-- This site is optimized with the Yoast SEO plugin v28.4 - https:\/\/yoast.com\/product\/yoast-seo-wordpress\/ -->\n<title>Cortina. Ferragosto all&#039;Hotel de la Poste tra grande musica e impegno solidale - Bellunopress - Dolomiti<\/title>\n<meta name=\"robots\" content=\"index, follow, max-snippet:-1, max-image-preview:large, max-video-preview:-1\" \/>\n<link rel=\"canonical\" href=\"https:\/\/www.bellunopress.it\/fr\/2026\/08\/12\/cortina-ferragosto-allhotel-de-la-poste-tra-grande-musica-e-impegno-solidale\/\" \/>\n<meta property=\"og:locale\" content=\"fr_FR\" \/>\n<meta property=\"og:type\" content=\"article\" \/>\n<meta property=\"og:title\" content=\"Cortina. Ferragosto all&#039;Hotel de la Poste tra grande musica e impegno solidale - Bellunopress - Dolomiti\" \/>\n<meta property=\"og:description\" content=\"Il pomeriggio del 14 agosto il recital del soprano Monica De Rosa McKay e del pianista Marco Santi\u00e0 offrir\u00e0 al pubblico un&#8217;esperienza di alto profilo artistico, trasformando la musica in un gesto concreto di solidariet\u00e0 a sostegno di un progetto educativo in Ghana Cortina d&#8217;Ampezzo, 12 agosto 2026 _ Musica e solidariet\u00e0 saranno protagoniste il [&hellip;]\" \/>\n<meta property=\"og:url\" content=\"https:\/\/www.bellunopress.it\/fr\/2026\/08\/12\/cortina-ferragosto-allhotel-de-la-poste-tra-grande-musica-e-impegno-solidale\/\" \/>\n<meta property=\"og:site_name\" content=\"Bellunopress - Dolomiti\" \/>\n<meta property=\"article:publisher\" content=\"https:\/\/www.facebook.com\/profile.php?id=100008943462799\" \/>\n<meta property=\"article:published_time\" content=\"2026-08-12T12:01:05+00:00\" \/>\n<meta property=\"og:image\" content=\"https:\/\/www.bellunopress.it\/wp-content\/uploads\/2021\/08\/Hotel-de-la-Poste-Cortina_edited.jpg\" \/>\n\t<meta property=\"og:image:width\" content=\"800\" \/>\n\t<meta property=\"og:image:height\" content=\"579\" \/>\n\t<meta property=\"og:image:type\" content=\"image\/jpeg\" \/>\n<meta name=\"author\" content=\"redazione\" \/>\n<meta name=\"twitter:card\" content=\"summary_large_image\" \/>\n<meta name=\"twitter:creator\" content=\"@bellunopress\" \/>\n<meta name=\"twitter:site\" content=\"@bellunopress\" \/>\n<meta name=\"twitter:label1\" content=\"\u00c9crit par\" \/>\n\t<meta name=\"twitter:data1\" content=\"redazione\" \/>\n\t<meta name=\"twitter:label2\" content=\"Dur\u00e9e de lecture estim\u00e9e\" \/>\n\t<meta name=\"twitter:data2\" content=\"5 minutes\" \/>\n<script type=\"application\/ld+json\" class=\"yoast-schema-graph\">{\"@context\":\"https:\\\/\\\/schema.org\",\"@graph\":[{\"@type\":\"Article\",\"@id\":\"https:\\\/\\\/www.bellunopress.it\\\/2026\\\/08\\\/12\\\/cortina-ferragosto-allhotel-de-la-poste-tra-grande-musica-e-impegno-solidale\\\/#article\",\"isPartOf\":{\"@id\":\"https:\\\/\\\/www.bellunopress.it\\\/2026\\\/08\\\/12\\\/cortina-ferragosto-allhotel-de-la-poste-tra-grande-musica-e-impegno-solidale\\\/\"},\"author\":{\"name\":\"redazione\",\"@id\":\"https:\\\/\\\/www.bellunopress.it\\\/#\\\/schema\\\/person\\\/79bb06722b37ece1c03d3e94beb30d73\"},\"headline\":\"Cortina. Ferragosto all&#8217;Hotel de la Poste tra grande musica e impegno solidale\",\"datePublished\":\"2026-08-12T12:01:05+00:00\",\"mainEntityOfPage\":{\"@id\":\"https:\\\/\\\/www.bellunopress.it\\\/2026\\\/08\\\/12\\\/cortina-ferragosto-allhotel-de-la-poste-tra-grande-musica-e-impegno-solidale\\\/\"},\"wordCount\":852,\"publisher\":{\"@id\":\"https:\\\/\\\/www.bellunopress.it\\\/#organization\"},\"image\":{\"@id\":\"https:\\\/\\\/www.bellunopress.it\\\/2026\\\/08\\\/12\\\/cortina-ferragosto-allhotel-de-la-poste-tra-grande-musica-e-impegno-solidale\\\/#primaryimage\"},\"thumbnailUrl\":\"https:\\\/\\\/www.bellunopress.it\\\/wp-content\\\/uploads\\\/2021\\\/08\\\/Hotel-de-la-Poste-Cortina_edited.jpg\",\"articleSection\":[\"Lettere Opinioni\"],\"inLanguage\":\"fr-FR\"},{\"@type\":\"WebPage\",\"@id\":\"https:\\\/\\\/www.bellunopress.it\\\/2026\\\/08\\\/12\\\/cortina-ferragosto-allhotel-de-la-poste-tra-grande-musica-e-impegno-solidale\\\/\",\"url\":\"https:\\\/\\\/www.bellunopress.it\\\/2026\\\/08\\\/12\\\/cortina-ferragosto-allhotel-de-la-poste-tra-grande-musica-e-impegno-solidale\\\/\",\"name\":\"Cortina. Ferragosto all'Hotel de la Poste tra grande musica e impegno solidale - Bellunopress - Dolomiti\",\"isPartOf\":{\"@id\":\"https:\\\/\\\/www.bellunopress.it\\\/#website\"},\"primaryImageOfPage\":{\"@id\":\"https:\\\/\\\/www.bellunopress.it\\\/2026\\\/08\\\/12\\\/cortina-ferragosto-allhotel-de-la-poste-tra-grande-musica-e-impegno-solidale\\\/#primaryimage\"},\"image\":{\"@id\":\"https:\\\/\\\/www.bellunopress.it\\\/2026\\\/08\\\/12\\\/cortina-ferragosto-allhotel-de-la-poste-tra-grande-musica-e-impegno-solidale\\\/#primaryimage\"},\"thumbnailUrl\":\"https:\\\/\\\/www.bellunopress.it\\\/wp-content\\\/uploads\\\/2021\\\/08\\\/Hotel-de-la-Poste-Cortina_edited.jpg\",\"datePublished\":\"2026-08-12T12:01:05+00:00\",\"breadcrumb\":{\"@id\":\"https:\\\/\\\/www.bellunopress.it\\\/2026\\\/08\\\/12\\\/cortina-ferragosto-allhotel-de-la-poste-tra-grande-musica-e-impegno-solidale\\\/#breadcrumb\"},\"inLanguage\":\"fr-FR\",\"potentialAction\":[{\"@type\":\"ReadAction\",\"target\":[\"https:\\\/\\\/www.bellunopress.it\\\/2026\\\/08\\\/12\\\/cortina-ferragosto-allhotel-de-la-poste-tra-grande-musica-e-impegno-solidale\\\/\"]}]},{\"@type\":\"ImageObject\",\"inLanguage\":\"fr-FR\",\"@id\":\"https:\\\/\\\/www.bellunopress.it\\\/2026\\\/08\\\/12\\\/cortina-ferragosto-allhotel-de-la-poste-tra-grande-musica-e-impegno-solidale\\\/#primaryimage\",\"url\":\"https:\\\/\\\/www.bellunopress.it\\\/wp-content\\\/uploads\\\/2021\\\/08\\\/Hotel-de-la-Poste-Cortina_edited.jpg\",\"contentUrl\":\"https:\\\/\\\/www.bellunopress.it\\\/wp-content\\\/uploads\\\/2021\\\/08\\\/Hotel-de-la-Poste-Cortina_edited.jpg\",\"width\":800,\"height\":579,\"caption\":\"Hotel de la Poste - Cortina d'Ampezzo\"},{\"@type\":\"BreadcrumbList\",\"@id\":\"https:\\\/\\\/www.bellunopress.it\\\/2026\\\/08\\\/12\\\/cortina-ferragosto-allhotel-de-la-poste-tra-grande-musica-e-impegno-solidale\\\/#breadcrumb\",\"itemListElement\":[{\"@type\":\"ListItem\",\"position\":1,\"name\":\"Home\",\"item\":\"https:\\\/\\\/www.bellunopress.it\\\/\"},{\"@type\":\"ListItem\",\"position\":2,\"name\":\"Cortina. Ferragosto all&#8217;Hotel de la Poste tra grande musica e impegno solidale\"}]},{\"@type\":\"WebSite\",\"@id\":\"https:\\\/\\\/www.bellunopress.it\\\/#website\",\"url\":\"https:\\\/\\\/www.bellunopress.it\\\/\",\"name\":\"Bellunopress - Dolomiti\",\"description\":\"e-mail: redazione@bellunopress.it\",\"publisher\":{\"@id\":\"https:\\\/\\\/www.bellunopress.it\\\/#organization\"},\"potentialAction\":[{\"@type\":\"SearchAction\",\"target\":{\"@type\":\"EntryPoint\",\"urlTemplate\":\"https:\\\/\\\/www.bellunopress.it\\\/?s={search_term_string}\"},\"query-input\":{\"@type\":\"PropertyValueSpecification\",\"valueRequired\":true,\"valueName\":\"search_term_string\"}}],\"inLanguage\":\"fr-FR\"},{\"@type\":\"Organization\",\"@id\":\"https:\\\/\\\/www.bellunopress.it\\\/#organization\",\"name\":\"Bellunopress\",\"url\":\"https:\\\/\\\/www.bellunopress.it\\\/\",\"logo\":{\"@type\":\"ImageObject\",\"inLanguage\":\"fr-FR\",\"@id\":\"https:\\\/\\\/www.bellunopress.it\\\/#\\\/schema\\\/logo\\\/image\\\/\",\"url\":\"https:\\\/\\\/www.bellunopress.it\\\/wp-content\\\/uploads\\\/2011\\\/05\\\/cropped-logo-bellunopress-.jpg\",\"contentUrl\":\"https:\\\/\\\/www.bellunopress.it\\\/wp-content\\\/uploads\\\/2011\\\/05\\\/cropped-logo-bellunopress-.jpg\",\"width\":512,\"height\":512,\"caption\":\"Bellunopress\"},\"image\":{\"@id\":\"https:\\\/\\\/www.bellunopress.it\\\/#\\\/schema\\\/logo\\\/image\\\/\"},\"sameAs\":[\"https:\\\/\\\/www.facebook.com\\\/profile.php?id=100008943462799\",\"https:\\\/\\\/x.com\\\/bellunopress\",\"https:\\\/\\\/www.linkedin.com\\\/hp\\\/?dnr=JBzUWaJfMUw8vbXJJ2tVW5-I3jZKvC4wsoxE&amp;amp;amp;amp;amp;amp;trk=nav_responsive_tab_home\",\"https:\\\/\\\/www.youtube.com\\\/channel\\\/UCxL0wu1uN0_3_7hGG0306cw\"]},{\"@type\":\"Person\",\"@id\":\"https:\\\/\\\/www.bellunopress.it\\\/#\\\/schema\\\/person\\\/79bb06722b37ece1c03d3e94beb30d73\",\"name\":\"redazione\",\"image\":{\"@type\":\"ImageObject\",\"inLanguage\":\"fr-FR\",\"@id\":\"https:\\\/\\\/secure.gravatar.com\\\/avatar\\\/37d968a2e67a6fd04c169c4bdef102d0bc5d31b2546345219e348575eb80e9a0?s=96&d=mm&r=g\",\"url\":\"https:\\\/\\\/secure.gravatar.com\\\/avatar\\\/37d968a2e67a6fd04c169c4bdef102d0bc5d31b2546345219e348575eb80e9a0?s=96&d=mm&r=g\",\"contentUrl\":\"https:\\\/\\\/secure.gravatar.com\\\/avatar\\\/37d968a2e67a6fd04c169c4bdef102d0bc5d31b2546345219e348575eb80e9a0?s=96&d=mm&r=g\",\"caption\":\"redazione\"},\"sameAs\":[\"http:\\\/\\\/www.bellunopress.it\",\"https:\\\/\\\/x.com\\\/bellunopress\"],\"url\":\"https:\\\/\\\/www.bellunopress.it\\\/fr\\\/author\\\/redazione\\\/\"}]}<\/script>\n<!-- \/ Yoast SEO plugin. -->","yoast_head_json":{"title":"Cortina. Ferragosto all'Hotel de la Poste tra grande musica e impegno solidale - Bellunopress - Dolomiti","robots":{"index":"index","follow":"follow","max-snippet":"max-snippet:-1","max-image-preview":"max-image-preview:large","max-video-preview":"max-video-preview:-1"},"canonical":"https:\/\/www.bellunopress.it\/fr\/2026\/08\/12\/cortina-ferragosto-allhotel-de-la-poste-tra-grande-musica-e-impegno-solidale\/","og_locale":"fr_FR","og_type":"article","og_title":"Cortina. Ferragosto all'Hotel de la Poste tra grande musica e impegno solidale - Bellunopress - Dolomiti","og_description":"Il pomeriggio del 14 agosto il recital del soprano Monica De Rosa McKay e del pianista Marco Santi\u00e0 offrir\u00e0 al pubblico un&#8217;esperienza di alto profilo artistico, trasformando la musica in un gesto concreto di solidariet\u00e0 a sostegno di un progetto educativo in Ghana Cortina d&#8217;Ampezzo, 12 agosto 2026 _ Musica e solidariet\u00e0 saranno protagoniste il [&hellip;]","og_url":"https:\/\/www.bellunopress.it\/fr\/2026\/08\/12\/cortina-ferragosto-allhotel-de-la-poste-tra-grande-musica-e-impegno-solidale\/","og_site_name":"Bellunopress - Dolomiti","article_publisher":"https:\/\/www.facebook.com\/profile.php?id=100008943462799","article_published_time":"2026-08-12T12:01:05+00:00","og_image":[{"width":800,"height":579,"url":"https:\/\/www.bellunopress.it\/wp-content\/uploads\/2021\/08\/Hotel-de-la-Poste-Cortina_edited.jpg","type":"image\/jpeg"}],"author":"redazione","twitter_card":"summary_large_image","twitter_creator":"@bellunopress","twitter_site":"@bellunopress","twitter_misc":{"\u00c9crit par":"redazione","Dur\u00e9e de lecture estim\u00e9e":"5 minutes"},"schema":{"@context":"https:\/\/schema.org","@graph":[{"@type":"Article","@id":"https:\/\/www.bellunopress.it\/2026\/08\/12\/cortina-ferragosto-allhotel-de-la-poste-tra-grande-musica-e-impegno-solidale\/#article","isPartOf":{"@id":"https:\/\/www.bellunopress.it\/2026\/08\/12\/cortina-ferragosto-allhotel-de-la-poste-tra-grande-musica-e-impegno-solidale\/"},"author":{"name":"redazione","@id":"https:\/\/www.bellunopress.it\/#\/schema\/person\/79bb06722b37ece1c03d3e94beb30d73"},"headline":"Cortina. Ferragosto all&#8217;Hotel de la Poste tra grande musica e impegno solidale","datePublished":"2026-08-12T12:01:05+00:00","mainEntityOfPage":{"@id":"https:\/\/www.bellunopress.it\/2026\/08\/12\/cortina-ferragosto-allhotel-de-la-poste-tra-grande-musica-e-impegno-solidale\/"},"wordCount":852,"publisher":{"@id":"https:\/\/www.bellunopress.it\/#organization"},"image":{"@id":"https:\/\/www.bellunopress.it\/2026\/08\/12\/cortina-ferragosto-allhotel-de-la-poste-tra-grande-musica-e-impegno-solidale\/#primaryimage"},"thumbnailUrl":"https:\/\/www.bellunopress.it\/wp-content\/uploads\/2021\/08\/Hotel-de-la-Poste-Cortina_edited.jpg","articleSection":["Lettere Opinioni"],"inLanguage":"fr-FR"},{"@type":"WebPage","@id":"https:\/\/www.bellunopress.it\/2026\/08\/12\/cortina-ferragosto-allhotel-de-la-poste-tra-grande-musica-e-impegno-solidale\/","url":"https:\/\/www.bellunopress.it\/2026\/08\/12\/cortina-ferragosto-allhotel-de-la-poste-tra-grande-musica-e-impegno-solidale\/","name":"Cortina. Ferragosto all'Hotel de la Poste tra grande musica e impegno solidale - Bellunopress - Dolomiti","isPartOf":{"@id":"https:\/\/www.bellunopress.it\/#website"},"primaryImageOfPage":{"@id":"https:\/\/www.bellunopress.it\/2026\/08\/12\/cortina-ferragosto-allhotel-de-la-poste-tra-grande-musica-e-impegno-solidale\/#primaryimage"},"image":{"@id":"https:\/\/www.bellunopress.it\/2026\/08\/12\/cortina-ferragosto-allhotel-de-la-poste-tra-grande-musica-e-impegno-solidale\/#primaryimage"},"thumbnailUrl":"https:\/\/www.bellunopress.it\/wp-content\/uploads\/2021\/08\/Hotel-de-la-Poste-Cortina_edited.jpg","datePublished":"2026-08-12T12:01:05+00:00","breadcrumb":{"@id":"https:\/\/www.bellunopress.it\/2026\/08\/12\/cortina-ferragosto-allhotel-de-la-poste-tra-grande-musica-e-impegno-solidale\/#breadcrumb"},"inLanguage":"fr-FR","potentialAction":[{"@type":"ReadAction","target":["https:\/\/www.bellunopress.it\/2026\/08\/12\/cortina-ferragosto-allhotel-de-la-poste-tra-grande-musica-e-impegno-solidale\/"]}]},{"@type":"ImageObject","inLanguage":"fr-FR","@id":"https:\/\/www.bellunopress.it\/2026\/08\/12\/cortina-ferragosto-allhotel-de-la-poste-tra-grande-musica-e-impegno-solidale\/#primaryimage","url":"https:\/\/www.bellunopress.it\/wp-content\/uploads\/2021\/08\/Hotel-de-la-Poste-Cortina_edited.jpg","contentUrl":"https:\/\/www.bellunopress.it\/wp-content\/uploads\/2021\/08\/Hotel-de-la-Poste-Cortina_edited.jpg","width":800,"height":579,"caption":"Hotel de la Poste - Cortina d'Ampezzo"},{"@type":"BreadcrumbList","@id":"https:\/\/www.bellunopress.it\/2026\/08\/12\/cortina-ferragosto-allhotel-de-la-poste-tra-grande-musica-e-impegno-solidale\/#breadcrumb","itemListElement":[{"@type":"ListItem","position":1,"name":"Home","item":"https:\/\/www.bellunopress.it\/"},{"@type":"ListItem","position":2,"name":"Cortina. Ferragosto all&#8217;Hotel de la Poste tra grande musica e impegno solidale"}]},{"@type":"WebSite","@id":"https:\/\/www.bellunopress.it\/#website","url":"https:\/\/www.bellunopress.it\/","name":"Bellunopress - Dolomiti","description":"e-mail: redazione@bellunopress.it","publisher":{"@id":"https:\/\/www.bellunopress.it\/#organization"},"potentialAction":[{"@type":"SearchAction","target":{"@type":"EntryPoint","urlTemplate":"https:\/\/www.bellunopress.it\/?s={search_term_string}"},"query-input":{"@type":"PropertyValueSpecification","valueRequired":true,"valueName":"search_term_string"}}],"inLanguage":"fr-FR"},{"@type":"Organization","@id":"https:\/\/www.bellunopress.it\/#organization","name":"Bellunopress","url":"https:\/\/www.bellunopress.it\/","logo":{"@type":"ImageObject","inLanguage":"fr-FR","@id":"https:\/\/www.bellunopress.it\/#\/schema\/logo\/image\/","url":"https:\/\/www.bellunopress.it\/wp-content\/uploads\/2011\/05\/cropped-logo-bellunopress-.jpg","contentUrl":"https:\/\/www.bellunopress.it\/wp-content\/uploads\/2011\/05\/cropped-logo-bellunopress-.jpg","width":512,"height":512,"caption":"Bellunopress"},"image":{"@id":"https:\/\/www.bellunopress.it\/#\/schema\/logo\/image\/"},"sameAs":["https:\/\/www.facebook.com\/profile.php?id=100008943462799","https:\/\/x.com\/bellunopress","https:\/\/www.linkedin.com\/hp\/?dnr=JBzUWaJfMUw8vbXJJ2tVW5-I3jZKvC4wsoxE&amp;amp;amp;amp;amp;amp;trk=nav_responsive_tab_home","https:\/\/www.youtube.com\/channel\/UCxL0wu1uN0_3_7hGG0306cw"]},{"@type":"Person","@id":"https:\/\/www.bellunopress.it\/#\/schema\/person\/79bb06722b37ece1c03d3e94beb30d73","name":"r\u00e9daction","image":{"@type":"ImageObject","inLanguage":"fr-FR","@id":"https:\/\/secure.gravatar.com\/avatar\/37d968a2e67a6fd04c169c4bdef102d0bc5d31b2546345219e348575eb80e9a0?s=96&d=mm&r=g","url":"https:\/\/secure.gravatar.com\/avatar\/37d968a2e67a6fd04c169c4bdef102d0bc5d31b2546345219e348575eb80e9a0?s=96&d=mm&r=g","contentUrl":"https:\/\/secure.gravatar.com\/avatar\/37d968a2e67a6fd04c169c4bdef102d0bc5d31b2546345219e348575eb80e9a0?s=96&d=mm&r=g","caption":"redazione"},"sameAs":["http:\/\/www.bellunopress.it","https:\/\/x.com\/bellunopress"],"url":"https:\/\/www.bellunopress.it\/fr\/author\/redazione\/"}]}},"_links":{"self":[{"href":"https:\/\/www.bellunopress.it\/fr\/wp-json\/wp\/v2\/posts\/172617","targetHints":{"allow":["GET"]}}],"collection":[{"href":"https:\/\/www.bellunopress.it\/fr\/wp-json\/wp\/v2\/posts"}],"about":[{"href":"https:\/\/www.bellunopress.it\/fr\/wp-json\/wp\/v2\/types\/post"}],"author":[{"embeddable":true,"href":"https:\/\/www.bellunopress.it\/fr\/wp-json\/wp\/v2\/users\/2"}],"replies":[{"embeddable":true,"href":"https:\/\/www.bellunopress.it\/fr\/wp-json\/wp\/v2\/comments?post=172617"}],"version-history":[{"count":1,"href":"https:\/\/www.bellunopress.it\/fr\/wp-json\/wp\/v2\/posts\/172617\/revisions"}],"predecessor-version":[{"id":172618,"href":"https:\/\/www.bellunopress.it\/fr\/wp-json\/wp\/v2\/posts\/172617\/revisions\/172618"}],"wp:featuredmedia":[{"embeddable":true,"href":"https:\/\/www.bellunopress.it\/fr\/wp-json\/wp\/v2\/media\/127227"}],"wp:attachment":[{"href":"https:\/\/www.bellunopress.it\/fr\/wp-json\/wp\/v2\/media?parent=172617"}],"wp:term":[{"taxonomy":"category","embeddable":true,"href":"https:\/\/www.bellunopress.it\/fr\/wp-json\/wp\/v2\/categories?post=172617"},{"taxonomy":"post_tag","embeddable":true,"href":"https:\/\/www.bellunopress.it\/fr\/wp-json\/wp\/v2\/tags?post=172617"}],"curies":[{"name":"wp","href":"https:\/\/api.w.org\/{rel}","templated":true}]}}