{"id":172614,"date":"2026-08-12T10:47:45","date_gmt":"2026-08-12T08:47:45","guid":{"rendered":"https:\/\/www.bellunopress.it\/?p=172614"},"modified":"2026-08-17T14:57:14","modified_gmt":"2026-08-17T12:57:14","slug":"tre-milioni-di-euro-per-il-veneto-artigiano-2026-pubblicato-il-bando-della-regione-per-le-imprese-artigiane","status":"publish","type":"post","link":"https:\/\/www.bellunopress.it\/fr\/2026\/08\/12\/tre-milioni-di-euro-per-il-veneto-artigiano-2026-pubblicato-il-bando-della-regione-per-le-imprese-artigiane\/","title":{"rendered":"Tre milioni di euro per il Veneto Artigiano 2026. Pubblicato il bando della Regione per le imprese artigiane"},"content":{"rendered":"<p><strong>Innovazione, valorizzazione e Maestri artigiani. Priorit\u00e0 a giovani, donne e realt\u00e0 montane<\/strong><\/p>\n<p>\u201cSostenere le imprese artigiane venete nel loro complesso,valorizzandone le caratteristiche e incrementando la loro capacit\u00e0 diinnovare e affrontare nuove sfide\u201d: questo l&#8217;obiettivo del bando dellaRegione Veneto \u201cIl Veneto artigiano\u201d che pu\u00f2 contare su un fondocomplessivo da 3 milioni di euro.<\/p>\n<p>La dotazione \u00e8 divisa in due parti uguali: una \u00e8 destinata a tutte le imprese artigiane venete, l&#8217;altra \u00e8 riservata ai Maestri Artigiani (iscritti nell&#8217;elenco regionale entro il 30 giugno 2026). A rilanciare la notizia \u00e8 Appia CNA Belluno, che guarda con interesse aquesta nuova edizione del bando: \u00abSi tratta di un&#8217;iniziativa che, perquanto riguarda i Maestri Artigiani, interessa 29 nostri associati, ma che nella sua missione generale coinvolge tutte le imprese artigiane. &#8211; evidenzia il direttore Cristian Sacchet \u2013 Parliamo di contributi a fondo perduto pari al 30% della spesa rendicontata ammissibile per la realizzazione degli interventi, nei limiti di 60mile euro per la linea ordinaria e di 30mila euro per quella dedicata ai Maestri Artigiani. \u00c8 importante evidenziare come non si tratter\u00e0 di un \u201cclick day\u201d, ma verr\u00e0 stilata una graduatoria sulla base delle priorit\u00e0 indicate dal bando; particolarmente interessante per il nostro territorio \u00e8 il valore dato alleimprese giovanili, a quelle femminili e \u2013 soprattutto \u2013 a quelle localizzate nei territori montani\u00bb.<\/p>\n<p>Saranno ritenuti ammissibili i \u201cprogetti di investimento volti a introdurre nelle imprese artigiane innovazioni tecnologiche di prodotto e di processo, ad ammodernare i macchinari e gli impianti e ad accompagnare i processi di riorganizzazione e ristrutturazione aziendale, anche in un\u2019ottica di sviluppo sostenibile; gli investimenti perl&#8217;acquisto di beni materiali, immateriali e di servizi devono essere statiavviati dopo il 1\u00b0 giugno 2026 e completati entro il 9 maggio 2028. Gli interventi possono riguardare \u2013 a titolo di esempio &#8211; opere murarie e di impiantistica, nuovi macchinari e attrezzature, l&#8217;installazione di impiantia fonti rinnovabili, la realizzazione di siti web e di e-commerce, la posadi sistemi e apparati di sicurezza, l&#8217;acquisto di nuovi arredi.<\/p>\n<p>\u00abLe domande devono essere presentate a partire dalle ore 10.00 dimarted\u00ec 8 settembre fino alle ore 12.00 di marted\u00ec 29 settembre, esclusivamente per via telematica attraverso il Sistema InformativoUnificato della Programmazione Unitaria della Regione del Veneto. &#8211; ricorda Sacchet &#8211; In questi giorni, stiamo contattando tutti i nostri associati tramite la newsletter dell&#8217;associazione, ma i nostri uffici sono a disposizione di tutti gli artigiani bellunesi per aiutarli nella partecipazione a un bando cos\u00ec significativo per il territorio e per il momento socio-economiche che stiamo attraversando. Il radicamento di Appia CNA in provincia ci permette di dare risposta e supporto alle imprese bellunesi che vogliono investire nel nostro territorio\u00bb. Oltre che nella sede centrale di Via San Gervasio a Belluno, quindi, le imprese artigiane bellunesi potranno richiedere supporto nelle sedi diAppia CNA di Agordo, Cortina d&#8217;Ampezzo, Feltre, Pieve di Cadore e Santo Stefano di Cadore.<\/p>","protected":false},"excerpt":{"rendered":"<p>Innovazione, valorizzazione e Maestri artigiani. Priorit\u00e0 a giovani, donne e realt\u00e0 montane \u201cSostenere le imprese artigiane venete nel loro complesso,valorizzandone le caratteristiche e incrementando la loro capacit\u00e0 diinnovare e affrontare nuove sfide\u201d: questo l&#8217;obiettivo del bando dellaRegione Veneto \u201cIl Veneto artigiano\u201d che pu\u00f2 contare su un fondocomplessivo da 3 milioni di euro. La dotazione \u00e8 [&hellip;]<\/p>\n","protected":false},"author":2,"featured_media":160735,"comment_status":"closed","ping_status":"open","sticky":false,"template":"","format":"standard","meta":{"footnotes":""},"categories":[36,26,8],"tags":[],"class_list":["post-172614","post","type-post","status-publish","format-standard","has-post-thumbnail","category-lavoro-economia","category-prima-pagina","category-societa-istituzioni"],"yoast_head":"<!-- This site is optimized with the Yoast SEO plugin v28.4 - https:\/\/yoast.com\/product\/yoast-seo-wordpress\/ -->\n<title>Tre milioni di euro per il Veneto Artigiano 2026. Pubblicato il bando della Regione per le imprese artigiane - Bellunopress - Dolomiti<\/title>\n<meta name=\"robots\" content=\"index, follow, max-snippet:-1, max-image-preview:large, max-video-preview:-1\" \/>\n<link rel=\"canonical\" href=\"https:\/\/www.bellunopress.it\/fr\/2026\/08\/12\/tre-milioni-di-euro-per-il-veneto-artigiano-2026-pubblicato-il-bando-della-regione-per-le-imprese-artigiane\/\" \/>\n<meta property=\"og:locale\" content=\"fr_FR\" \/>\n<meta property=\"og:type\" content=\"article\" \/>\n<meta property=\"og:title\" content=\"Tre milioni di euro per il Veneto Artigiano 2026. Pubblicato il bando della Regione per le imprese artigiane - Bellunopress - Dolomiti\" \/>\n<meta property=\"og:description\" content=\"Innovazione, valorizzazione e Maestri artigiani. Priorit\u00e0 a giovani, donne e realt\u00e0 montane \u201cSostenere le imprese artigiane venete nel loro complesso,valorizzandone le caratteristiche e incrementando la loro capacit\u00e0 diinnovare e affrontare nuove sfide\u201d: questo l&#8217;obiettivo del bando dellaRegione Veneto \u201cIl Veneto artigiano\u201d che pu\u00f2 contare su un fondocomplessivo da 3 milioni di euro. La dotazione \u00e8 [&hellip;]\" \/>\n<meta property=\"og:url\" content=\"https:\/\/www.bellunopress.it\/fr\/2026\/08\/12\/tre-milioni-di-euro-per-il-veneto-artigiano-2026-pubblicato-il-bando-della-regione-per-le-imprese-artigiane\/\" \/>\n<meta property=\"og:site_name\" content=\"Bellunopress - Dolomiti\" \/>\n<meta property=\"article:publisher\" content=\"https:\/\/www.facebook.com\/profile.php?id=100008943462799\" \/>\n<meta property=\"article:published_time\" content=\"2026-08-12T08:47:45+00:00\" \/>\n<meta property=\"article:modified_time\" content=\"2026-08-17T12:57:14+00:00\" \/>\n<meta property=\"og:image\" content=\"https:\/\/www.bellunopress.it\/wp-content\/uploads\/2025\/06\/Cristian-Sacchet-direttore-Appia-Belluno.jpg\" \/>\n\t<meta property=\"og:image:width\" content=\"1000\" \/>\n\t<meta property=\"og:image:height\" content=\"667\" \/>\n\t<meta property=\"og:image:type\" content=\"image\/jpeg\" \/>\n<meta name=\"author\" content=\"redazione\" \/>\n<meta name=\"twitter:card\" content=\"summary_large_image\" \/>\n<meta name=\"twitter:creator\" content=\"@bellunopress\" \/>\n<meta name=\"twitter:site\" content=\"@bellunopress\" \/>\n<meta name=\"twitter:label1\" content=\"Written by\" \/>\n\t<meta name=\"twitter:data1\" content=\"redazione\" \/>\n\t<meta name=\"twitter:label2\" content=\"Est. reading time\" \/>\n\t<meta name=\"twitter:data2\" content=\"3 minutes\" \/>\n<script type=\"application\/ld+json\" class=\"yoast-schema-graph\">{\"@context\":\"https:\\\/\\\/schema.org\",\"@graph\":[{\"@type\":\"Article\",\"@id\":\"https:\\\/\\\/www.bellunopress.it\\\/2026\\\/08\\\/12\\\/tre-milioni-di-euro-per-il-veneto-artigiano-2026-pubblicato-il-bando-della-regione-per-le-imprese-artigiane\\\/#article\",\"isPartOf\":{\"@id\":\"https:\\\/\\\/www.bellunopress.it\\\/2026\\\/08\\\/12\\\/tre-milioni-di-euro-per-il-veneto-artigiano-2026-pubblicato-il-bando-della-regione-per-le-imprese-artigiane\\\/\"},\"author\":{\"name\":\"redazione\",\"@id\":\"https:\\\/\\\/www.bellunopress.it\\\/#\\\/schema\\\/person\\\/79bb06722b37ece1c03d3e94beb30d73\"},\"headline\":\"Tre milioni di euro per il Veneto Artigiano 2026. Pubblicato il bando della Regione per le imprese artigiane\",\"datePublished\":\"2026-08-12T08:47:45+00:00\",\"dateModified\":\"2026-08-17T12:57:14+00:00\",\"mainEntityOfPage\":{\"@id\":\"https:\\\/\\\/www.bellunopress.it\\\/2026\\\/08\\\/12\\\/tre-milioni-di-euro-per-il-veneto-artigiano-2026-pubblicato-il-bando-della-regione-per-le-imprese-artigiane\\\/\"},\"wordCount\":477,\"publisher\":{\"@id\":\"https:\\\/\\\/www.bellunopress.it\\\/#organization\"},\"image\":{\"@id\":\"https:\\\/\\\/www.bellunopress.it\\\/2026\\\/08\\\/12\\\/tre-milioni-di-euro-per-il-veneto-artigiano-2026-pubblicato-il-bando-della-regione-per-le-imprese-artigiane\\\/#primaryimage\"},\"thumbnailUrl\":\"https:\\\/\\\/www.bellunopress.it\\\/wp-content\\\/uploads\\\/2025\\\/06\\\/Cristian-Sacchet-direttore-Appia-Belluno.jpg\",\"articleSection\":[\"Lavoro, Economia, Turismo\",\"Prima Pagina\",\"Societ\u00e0, Associazioni, Istituzioni\"],\"inLanguage\":\"fr-FR\"},{\"@type\":\"WebPage\",\"@id\":\"https:\\\/\\\/www.bellunopress.it\\\/2026\\\/08\\\/12\\\/tre-milioni-di-euro-per-il-veneto-artigiano-2026-pubblicato-il-bando-della-regione-per-le-imprese-artigiane\\\/\",\"url\":\"https:\\\/\\\/www.bellunopress.it\\\/2026\\\/08\\\/12\\\/tre-milioni-di-euro-per-il-veneto-artigiano-2026-pubblicato-il-bando-della-regione-per-le-imprese-artigiane\\\/\",\"name\":\"Tre milioni di euro per il Veneto Artigiano 2026. Pubblicato il bando della Regione per le imprese artigiane - Bellunopress - Dolomiti\",\"isPartOf\":{\"@id\":\"https:\\\/\\\/www.bellunopress.it\\\/#website\"},\"primaryImageOfPage\":{\"@id\":\"https:\\\/\\\/www.bellunopress.it\\\/2026\\\/08\\\/12\\\/tre-milioni-di-euro-per-il-veneto-artigiano-2026-pubblicato-il-bando-della-regione-per-le-imprese-artigiane\\\/#primaryimage\"},\"image\":{\"@id\":\"https:\\\/\\\/www.bellunopress.it\\\/2026\\\/08\\\/12\\\/tre-milioni-di-euro-per-il-veneto-artigiano-2026-pubblicato-il-bando-della-regione-per-le-imprese-artigiane\\\/#primaryimage\"},\"thumbnailUrl\":\"https:\\\/\\\/www.bellunopress.it\\\/wp-content\\\/uploads\\\/2025\\\/06\\\/Cristian-Sacchet-direttore-Appia-Belluno.jpg\",\"datePublished\":\"2026-08-12T08:47:45+00:00\",\"dateModified\":\"2026-08-17T12:57:14+00:00\",\"breadcrumb\":{\"@id\":\"https:\\\/\\\/www.bellunopress.it\\\/2026\\\/08\\\/12\\\/tre-milioni-di-euro-per-il-veneto-artigiano-2026-pubblicato-il-bando-della-regione-per-le-imprese-artigiane\\\/#breadcrumb\"},\"inLanguage\":\"fr-FR\",\"potentialAction\":[{\"@type\":\"ReadAction\",\"target\":[\"https:\\\/\\\/www.bellunopress.it\\\/2026\\\/08\\\/12\\\/tre-milioni-di-euro-per-il-veneto-artigiano-2026-pubblicato-il-bando-della-regione-per-le-imprese-artigiane\\\/\"]}]},{\"@type\":\"ImageObject\",\"inLanguage\":\"fr-FR\",\"@id\":\"https:\\\/\\\/www.bellunopress.it\\\/2026\\\/08\\\/12\\\/tre-milioni-di-euro-per-il-veneto-artigiano-2026-pubblicato-il-bando-della-regione-per-le-imprese-artigiane\\\/#primaryimage\",\"url\":\"https:\\\/\\\/www.bellunopress.it\\\/wp-content\\\/uploads\\\/2025\\\/06\\\/Cristian-Sacchet-direttore-Appia-Belluno.jpg\",\"contentUrl\":\"https:\\\/\\\/www.bellunopress.it\\\/wp-content\\\/uploads\\\/2025\\\/06\\\/Cristian-Sacchet-direttore-Appia-Belluno.jpg\",\"width\":1000,\"height\":667,\"caption\":\"Cristian Sacchet, direttore Appia Belluno\"},{\"@type\":\"BreadcrumbList\",\"@id\":\"https:\\\/\\\/www.bellunopress.it\\\/2026\\\/08\\\/12\\\/tre-milioni-di-euro-per-il-veneto-artigiano-2026-pubblicato-il-bando-della-regione-per-le-imprese-artigiane\\\/#breadcrumb\",\"itemListElement\":[{\"@type\":\"ListItem\",\"position\":1,\"name\":\"Home\",\"item\":\"https:\\\/\\\/www.bellunopress.it\\\/\"},{\"@type\":\"ListItem\",\"position\":2,\"name\":\"Tre milioni di euro per il Veneto Artigiano 2026. Pubblicato il bando della Regione per le imprese artigiane\"}]},{\"@type\":\"WebSite\",\"@id\":\"https:\\\/\\\/www.bellunopress.it\\\/#website\",\"url\":\"https:\\\/\\\/www.bellunopress.it\\\/\",\"name\":\"Bellunopress - Dolomiti\",\"description\":\"e-mail: redazione@bellunopress.it\",\"publisher\":{\"@id\":\"https:\\\/\\\/www.bellunopress.it\\\/#organization\"},\"potentialAction\":[{\"@type\":\"SearchAction\",\"target\":{\"@type\":\"EntryPoint\",\"urlTemplate\":\"https:\\\/\\\/www.bellunopress.it\\\/?s={search_term_string}\"},\"query-input\":{\"@type\":\"PropertyValueSpecification\",\"valueRequired\":true,\"valueName\":\"search_term_string\"}}],\"inLanguage\":\"fr-FR\"},{\"@type\":\"Organization\",\"@id\":\"https:\\\/\\\/www.bellunopress.it\\\/#organization\",\"name\":\"Bellunopress\",\"url\":\"https:\\\/\\\/www.bellunopress.it\\\/\",\"logo\":{\"@type\":\"ImageObject\",\"inLanguage\":\"fr-FR\",\"@id\":\"https:\\\/\\\/www.bellunopress.it\\\/#\\\/schema\\\/logo\\\/image\\\/\",\"url\":\"https:\\\/\\\/www.bellunopress.it\\\/wp-content\\\/uploads\\\/2011\\\/05\\\/cropped-logo-bellunopress-.jpg\",\"contentUrl\":\"https:\\\/\\\/www.bellunopress.it\\\/wp-content\\\/uploads\\\/2011\\\/05\\\/cropped-logo-bellunopress-.jpg\",\"width\":512,\"height\":512,\"caption\":\"Bellunopress\"},\"image\":{\"@id\":\"https:\\\/\\\/www.bellunopress.it\\\/#\\\/schema\\\/logo\\\/image\\\/\"},\"sameAs\":[\"https:\\\/\\\/www.facebook.com\\\/profile.php?id=100008943462799\",\"https:\\\/\\\/x.com\\\/bellunopress\",\"https:\\\/\\\/www.linkedin.com\\\/hp\\\/?dnr=JBzUWaJfMUw8vbXJJ2tVW5-I3jZKvC4wsoxE&amp;amp;amp;amp;amp;amp;trk=nav_responsive_tab_home\",\"https:\\\/\\\/www.youtube.com\\\/channel\\\/UCxL0wu1uN0_3_7hGG0306cw\"]},{\"@type\":\"Person\",\"@id\":\"https:\\\/\\\/www.bellunopress.it\\\/#\\\/schema\\\/person\\\/79bb06722b37ece1c03d3e94beb30d73\",\"name\":\"redazione\",\"image\":{\"@type\":\"ImageObject\",\"inLanguage\":\"fr-FR\",\"@id\":\"https:\\\/\\\/secure.gravatar.com\\\/avatar\\\/37d968a2e67a6fd04c169c4bdef102d0bc5d31b2546345219e348575eb80e9a0?s=96&d=mm&r=g\",\"url\":\"https:\\\/\\\/secure.gravatar.com\\\/avatar\\\/37d968a2e67a6fd04c169c4bdef102d0bc5d31b2546345219e348575eb80e9a0?s=96&d=mm&r=g\",\"contentUrl\":\"https:\\\/\\\/secure.gravatar.com\\\/avatar\\\/37d968a2e67a6fd04c169c4bdef102d0bc5d31b2546345219e348575eb80e9a0?s=96&d=mm&r=g\",\"caption\":\"redazione\"},\"sameAs\":[\"http:\\\/\\\/www.bellunopress.it\",\"https:\\\/\\\/x.com\\\/bellunopress\"],\"url\":\"https:\\\/\\\/www.bellunopress.it\\\/fr\\\/author\\\/redazione\\\/\"}]}<\/script>\n<!-- \/ Yoast SEO plugin. -->","yoast_head_json":{"title":"Tre milioni di euro per il Veneto Artigiano 2026. Pubblicato il bando della Regione per le imprese artigiane - Bellunopress - Dolomiti","robots":{"index":"index","follow":"follow","max-snippet":"max-snippet:-1","max-image-preview":"max-image-preview:large","max-video-preview":"max-video-preview:-1"},"canonical":"https:\/\/www.bellunopress.it\/fr\/2026\/08\/12\/tre-milioni-di-euro-per-il-veneto-artigiano-2026-pubblicato-il-bando-della-regione-per-le-imprese-artigiane\/","og_locale":"fr_FR","og_type":"article","og_title":"Tre milioni di euro per il Veneto Artigiano 2026. Pubblicato il bando della Regione per le imprese artigiane - Bellunopress - Dolomiti","og_description":"Innovazione, valorizzazione e Maestri artigiani. Priorit\u00e0 a giovani, donne e realt\u00e0 montane \u201cSostenere le imprese artigiane venete nel loro complesso,valorizzandone le caratteristiche e incrementando la loro capacit\u00e0 diinnovare e affrontare nuove sfide\u201d: questo l&#8217;obiettivo del bando dellaRegione Veneto \u201cIl Veneto artigiano\u201d che pu\u00f2 contare su un fondocomplessivo da 3 milioni di euro. La dotazione \u00e8 [&hellip;]","og_url":"https:\/\/www.bellunopress.it\/fr\/2026\/08\/12\/tre-milioni-di-euro-per-il-veneto-artigiano-2026-pubblicato-il-bando-della-regione-per-le-imprese-artigiane\/","og_site_name":"Bellunopress - Dolomiti","article_publisher":"https:\/\/www.facebook.com\/profile.php?id=100008943462799","article_published_time":"2026-08-12T08:47:45+00:00","article_modified_time":"2026-08-17T12:57:14+00:00","og_image":[{"width":1000,"height":667,"url":"https:\/\/www.bellunopress.it\/wp-content\/uploads\/2025\/06\/Cristian-Sacchet-direttore-Appia-Belluno.jpg","type":"image\/jpeg"}],"author":"redazione","twitter_card":"summary_large_image","twitter_creator":"@bellunopress","twitter_site":"@bellunopress","twitter_misc":{"Written by":"redazione","Est. reading time":"3 minutes"},"schema":{"@context":"https:\/\/schema.org","@graph":[{"@type":"Article","@id":"https:\/\/www.bellunopress.it\/2026\/08\/12\/tre-milioni-di-euro-per-il-veneto-artigiano-2026-pubblicato-il-bando-della-regione-per-le-imprese-artigiane\/#article","isPartOf":{"@id":"https:\/\/www.bellunopress.it\/2026\/08\/12\/tre-milioni-di-euro-per-il-veneto-artigiano-2026-pubblicato-il-bando-della-regione-per-le-imprese-artigiane\/"},"author":{"name":"redazione","@id":"https:\/\/www.bellunopress.it\/#\/schema\/person\/79bb06722b37ece1c03d3e94beb30d73"},"headline":"Tre milioni di euro per il Veneto Artigiano 2026. Pubblicato il bando della Regione per le imprese artigiane","datePublished":"2026-08-12T08:47:45+00:00","dateModified":"2026-08-17T12:57:14+00:00","mainEntityOfPage":{"@id":"https:\/\/www.bellunopress.it\/2026\/08\/12\/tre-milioni-di-euro-per-il-veneto-artigiano-2026-pubblicato-il-bando-della-regione-per-le-imprese-artigiane\/"},"wordCount":477,"publisher":{"@id":"https:\/\/www.bellunopress.it\/#organization"},"image":{"@id":"https:\/\/www.bellunopress.it\/2026\/08\/12\/tre-milioni-di-euro-per-il-veneto-artigiano-2026-pubblicato-il-bando-della-regione-per-le-imprese-artigiane\/#primaryimage"},"thumbnailUrl":"https:\/\/www.bellunopress.it\/wp-content\/uploads\/2025\/06\/Cristian-Sacchet-direttore-Appia-Belluno.jpg","articleSection":["Lavoro, Economia, Turismo","Prima Pagina","Societ\u00e0, Associazioni, Istituzioni"],"inLanguage":"fr-FR"},{"@type":"WebPage","@id":"https:\/\/www.bellunopress.it\/2026\/08\/12\/tre-milioni-di-euro-per-il-veneto-artigiano-2026-pubblicato-il-bando-della-regione-per-le-imprese-artigiane\/","url":"https:\/\/www.bellunopress.it\/2026\/08\/12\/tre-milioni-di-euro-per-il-veneto-artigiano-2026-pubblicato-il-bando-della-regione-per-le-imprese-artigiane\/","name":"Tre milioni di euro per il Veneto Artigiano 2026. Pubblicato il bando della Regione per le imprese artigiane - Bellunopress - Dolomiti","isPartOf":{"@id":"https:\/\/www.bellunopress.it\/#website"},"primaryImageOfPage":{"@id":"https:\/\/www.bellunopress.it\/2026\/08\/12\/tre-milioni-di-euro-per-il-veneto-artigiano-2026-pubblicato-il-bando-della-regione-per-le-imprese-artigiane\/#primaryimage"},"image":{"@id":"https:\/\/www.bellunopress.it\/2026\/08\/12\/tre-milioni-di-euro-per-il-veneto-artigiano-2026-pubblicato-il-bando-della-regione-per-le-imprese-artigiane\/#primaryimage"},"thumbnailUrl":"https:\/\/www.bellunopress.it\/wp-content\/uploads\/2025\/06\/Cristian-Sacchet-direttore-Appia-Belluno.jpg","datePublished":"2026-08-12T08:47:45+00:00","dateModified":"2026-08-17T12:57:14+00:00","breadcrumb":{"@id":"https:\/\/www.bellunopress.it\/2026\/08\/12\/tre-milioni-di-euro-per-il-veneto-artigiano-2026-pubblicato-il-bando-della-regione-per-le-imprese-artigiane\/#breadcrumb"},"inLanguage":"fr-FR","potentialAction":[{"@type":"ReadAction","target":["https:\/\/www.bellunopress.it\/2026\/08\/12\/tre-milioni-di-euro-per-il-veneto-artigiano-2026-pubblicato-il-bando-della-regione-per-le-imprese-artigiane\/"]}]},{"@type":"ImageObject","inLanguage":"fr-FR","@id":"https:\/\/www.bellunopress.it\/2026\/08\/12\/tre-milioni-di-euro-per-il-veneto-artigiano-2026-pubblicato-il-bando-della-regione-per-le-imprese-artigiane\/#primaryimage","url":"https:\/\/www.bellunopress.it\/wp-content\/uploads\/2025\/06\/Cristian-Sacchet-direttore-Appia-Belluno.jpg","contentUrl":"https:\/\/www.bellunopress.it\/wp-content\/uploads\/2025\/06\/Cristian-Sacchet-direttore-Appia-Belluno.jpg","width":1000,"height":667,"caption":"Cristian Sacchet, direttore Appia Belluno"},{"@type":"BreadcrumbList","@id":"https:\/\/www.bellunopress.it\/2026\/08\/12\/tre-milioni-di-euro-per-il-veneto-artigiano-2026-pubblicato-il-bando-della-regione-per-le-imprese-artigiane\/#breadcrumb","itemListElement":[{"@type":"ListItem","position":1,"name":"Home","item":"https:\/\/www.bellunopress.it\/"},{"@type":"ListItem","position":2,"name":"Tre milioni di euro per il Veneto Artigiano 2026. Pubblicato il bando della Regione per le imprese artigiane"}]},{"@type":"WebSite","@id":"https:\/\/www.bellunopress.it\/#website","url":"https:\/\/www.bellunopress.it\/","name":"Bellunopress - Dolomiti","description":"e-mail: redazione@bellunopress.it","publisher":{"@id":"https:\/\/www.bellunopress.it\/#organization"},"potentialAction":[{"@type":"SearchAction","target":{"@type":"EntryPoint","urlTemplate":"https:\/\/www.bellunopress.it\/?s={search_term_string}"},"query-input":{"@type":"PropertyValueSpecification","valueRequired":true,"valueName":"search_term_string"}}],"inLanguage":"fr-FR"},{"@type":"Organization","@id":"https:\/\/www.bellunopress.it\/#organization","name":"Bellunopress","url":"https:\/\/www.bellunopress.it\/","logo":{"@type":"ImageObject","inLanguage":"fr-FR","@id":"https:\/\/www.bellunopress.it\/#\/schema\/logo\/image\/","url":"https:\/\/www.bellunopress.it\/wp-content\/uploads\/2011\/05\/cropped-logo-bellunopress-.jpg","contentUrl":"https:\/\/www.bellunopress.it\/wp-content\/uploads\/2011\/05\/cropped-logo-bellunopress-.jpg","width":512,"height":512,"caption":"Bellunopress"},"image":{"@id":"https:\/\/www.bellunopress.it\/#\/schema\/logo\/image\/"},"sameAs":["https:\/\/www.facebook.com\/profile.php?id=100008943462799","https:\/\/x.com\/bellunopress","https:\/\/www.linkedin.com\/hp\/?dnr=JBzUWaJfMUw8vbXJJ2tVW5-I3jZKvC4wsoxE&amp;amp;amp;amp;amp;amp;trk=nav_responsive_tab_home","https:\/\/www.youtube.com\/channel\/UCxL0wu1uN0_3_7hGG0306cw"]},{"@type":"Person","@id":"https:\/\/www.bellunopress.it\/#\/schema\/person\/79bb06722b37ece1c03d3e94beb30d73","name":"r\u00e9daction","image":{"@type":"ImageObject","inLanguage":"fr-FR","@id":"https:\/\/secure.gravatar.com\/avatar\/37d968a2e67a6fd04c169c4bdef102d0bc5d31b2546345219e348575eb80e9a0?s=96&d=mm&r=g","url":"https:\/\/secure.gravatar.com\/avatar\/37d968a2e67a6fd04c169c4bdef102d0bc5d31b2546345219e348575eb80e9a0?s=96&d=mm&r=g","contentUrl":"https:\/\/secure.gravatar.com\/avatar\/37d968a2e67a6fd04c169c4bdef102d0bc5d31b2546345219e348575eb80e9a0?s=96&d=mm&r=g","caption":"redazione"},"sameAs":["http:\/\/www.bellunopress.it","https:\/\/x.com\/bellunopress"],"url":"https:\/\/www.bellunopress.it\/fr\/author\/redazione\/"}]}},"_links":{"self":[{"href":"https:\/\/www.bellunopress.it\/fr\/wp-json\/wp\/v2\/posts\/172614","targetHints":{"allow":["GET"]}}],"collection":[{"href":"https:\/\/www.bellunopress.it\/fr\/wp-json\/wp\/v2\/posts"}],"about":[{"href":"https:\/\/www.bellunopress.it\/fr\/wp-json\/wp\/v2\/types\/post"}],"author":[{"embeddable":true,"href":"https:\/\/www.bellunopress.it\/fr\/wp-json\/wp\/v2\/users\/2"}],"replies":[{"embeddable":true,"href":"https:\/\/www.bellunopress.it\/fr\/wp-json\/wp\/v2\/comments?post=172614"}],"version-history":[{"count":2,"href":"https:\/\/www.bellunopress.it\/fr\/wp-json\/wp\/v2\/posts\/172614\/revisions"}],"predecessor-version":[{"id":172616,"href":"https:\/\/www.bellunopress.it\/fr\/wp-json\/wp\/v2\/posts\/172614\/revisions\/172616"}],"wp:featuredmedia":[{"embeddable":true,"href":"https:\/\/www.bellunopress.it\/fr\/wp-json\/wp\/v2\/media\/160735"}],"wp:attachment":[{"href":"https:\/\/www.bellunopress.it\/fr\/wp-json\/wp\/v2\/media?parent=172614"}],"wp:term":[{"taxonomy":"category","embeddable":true,"href":"https:\/\/www.bellunopress.it\/fr\/wp-json\/wp\/v2\/categories?post=172614"},{"taxonomy":"post_tag","embeddable":true,"href":"https:\/\/www.bellunopress.it\/fr\/wp-json\/wp\/v2\/tags?post=172614"}],"curies":[{"name":"wp","href":"https:\/\/api.w.org\/{rel}","templated":true}]}}