{"id":172606,"date":"2026-08-11T18:43:48","date_gmt":"2026-08-11T16:43:48","guid":{"rendered":"https:\/\/www.bellunopress.it\/?p=172606"},"modified":"2026-08-11T18:47:18","modified_gmt":"2026-08-11T16:47:18","slug":"cade-un-fulmine-escursionista-sbalzato-per-quindici-metri","status":"publish","type":"post","link":"https:\/\/www.bellunopress.it\/fr\/2026\/08\/11\/cade-un-fulmine-escursionista-sbalzato-per-quindici-metri\/","title":{"rendered":"Cade un fulmine, escursionista sbalzato per quindici metri. Altri interventi"},"content":{"rendered":"<p>San Pietro di Cadore (BL), 11 &#8211; 08 &#8211; 2026\u00a0 \u00a0 Durante la discesa di tre escursionisti dal Monte Palombino lungo il sentiero attrezzato denominato Ferrata del Camoscio, la caduta di un fulmine ha sbalzato quello che si trovava pi\u00f9 avanti di una quindicina di metri, facendolo cadere tra le balze di roccia sotto l&#8217;itinerario.<\/p>\n<p>Uno degli amici lo ha raggiunto dandogli prima assistenza e iniziando a scendere lentamente a valle assieme a lui, mentre l&#8217;altro \u00e8 rimasto nell&#8217;unico punto in cui c&#8217;era copertura telefonica, per continuare a dare le indicazioni alla Centrale del 118, dopo aver lanciato l&#8217;allarme attorno alle 16. L&#8217;infortunato \u00e8 quindi arrivato fino alla strada forestale sopra Malga Dignas, dove \u00e8 sopraggiunta la jeep dei gestori allertati da altre persone. Nelle vicinanze \u00e8 quindi atterrato Falco 2, sbarcando tecnico di elisoccorso ed equipe medica, che hanno subito provveduto alle prime cure del 43enne di Dueville, che aveva riportato possibili traumi ed escoriazioni ed \u00e8 stato trasportato all&#8217;ospedale di Belluno.<\/p>\n<p>Belluno, 11 &#8211; 08 &#8211; 2026\u00a0 \u00a0 Attorno alle 9.40 il Soccorso alpino della Val Biois \u00e8 stato attivato per un infortunio accaduto all&#8217;imbocco del sentiero in localit\u00e0 Pisoliva, a Caviola. Una escursionista 74enne di Milano, messo male un piede, aveva infatti riportato la sospetta frattura di una caviglia. La donna, che era in compagnia della sorella, \u00e8 stata presa in carico dai soccorritori e trasferita poco distante sull&#8217;ambulanza di Alleghe, partita in direzione dell&#8217;ospedale di Agordo.<\/p>\n<p>Alle 10.15 Falco 2 \u00e8 stato inviato sul Civetta, nelle vicinanze di Forcella Casamatta, dove si trovava una 29enne di Firenze che si era fatta male. La ragazza, che stava percorrendo il sentiero 563, aveva infatti riportato la probabile frattura di un polso. Sceso nel bosco con un verricello di 25 metri, il tecnico di elisoccorso ha issato a bordo l&#8217;escursionista, affidata all&#8217;equipe sanitaria lungo il tragitto verso l&#8217;ospedale di Agordo. La persona che era con lei ha proseguito autonomamente.<\/p>","protected":false},"excerpt":{"rendered":"<p>San Pietro di Cadore (BL), 11 &#8211; 08 &#8211; 2026\u00a0 \u00a0 Durante la discesa di tre escursionisti dal Monte Palombino lungo il sentiero attrezzato denominato Ferrata del Camoscio, la caduta di un fulmine ha sbalzato quello che si trovava pi\u00f9 avanti di una quindicina di metri, facendolo cadere tra le balze di roccia sotto l&#8217;itinerario. [&hellip;]<\/p>\n","protected":false},"author":2,"featured_media":170567,"comment_status":"closed","ping_status":"open","sticky":false,"template":"","format":"standard","meta":{"footnotes":""},"categories":[5,26],"tags":[],"class_list":["post-172606","post","type-post","status-publish","format-standard","has-post-thumbnail","category-cronaca","category-prima-pagina"],"yoast_head":"<!-- This site is optimized with the Yoast SEO plugin v28.4 - https:\/\/yoast.com\/product\/yoast-seo-wordpress\/ -->\n<title>Cade un fulmine, escursionista sbalzato per quindici metri. Altri interventi - Bellunopress - Dolomiti<\/title>\n<meta name=\"robots\" content=\"index, follow, max-snippet:-1, max-image-preview:large, max-video-preview:-1\" \/>\n<link rel=\"canonical\" href=\"https:\/\/www.bellunopress.it\/fr\/2026\/08\/11\/cade-un-fulmine-escursionista-sbalzato-per-quindici-metri\/\" \/>\n<meta property=\"og:locale\" content=\"fr_FR\" \/>\n<meta property=\"og:type\" content=\"article\" \/>\n<meta property=\"og:title\" content=\"Cade un fulmine, escursionista sbalzato per quindici metri. Altri interventi - Bellunopress - Dolomiti\" \/>\n<meta property=\"og:description\" content=\"San Pietro di Cadore (BL), 11 &#8211; 08 &#8211; 2026\u00a0 \u00a0 Durante la discesa di tre escursionisti dal Monte Palombino lungo il sentiero attrezzato denominato Ferrata del Camoscio, la caduta di un fulmine ha sbalzato quello che si trovava pi\u00f9 avanti di una quindicina di metri, facendolo cadere tra le balze di roccia sotto l&#8217;itinerario. [&hellip;]\" \/>\n<meta property=\"og:url\" content=\"https:\/\/www.bellunopress.it\/fr\/2026\/08\/11\/cade-un-fulmine-escursionista-sbalzato-per-quindici-metri\/\" \/>\n<meta property=\"og:site_name\" content=\"Bellunopress - Dolomiti\" \/>\n<meta property=\"article:publisher\" content=\"https:\/\/www.facebook.com\/profile.php?id=100008943462799\" \/>\n<meta property=\"article:published_time\" content=\"2026-08-11T16:43:48+00:00\" \/>\n<meta property=\"article:modified_time\" content=\"2026-08-11T16:47:18+00:00\" \/>\n<meta property=\"og:image\" content=\"https:\/\/www.bellunopress.it\/wp-content\/uploads\/2026\/05\/soccorso-118.jpg\" \/>\n\t<meta property=\"og:image:width\" content=\"600\" \/>\n\t<meta property=\"og:image:height\" content=\"269\" \/>\n\t<meta property=\"og:image:type\" content=\"image\/jpeg\" \/>\n<meta name=\"author\" content=\"redazione\" \/>\n<meta name=\"twitter:card\" content=\"summary_large_image\" \/>\n<meta name=\"twitter:creator\" content=\"@bellunopress\" \/>\n<meta name=\"twitter:site\" content=\"@bellunopress\" \/>\n<meta name=\"twitter:label1\" content=\"Written by\" \/>\n\t<meta name=\"twitter:data1\" content=\"redazione\" \/>\n\t<meta name=\"twitter:label2\" content=\"Est. reading time\" \/>\n\t<meta name=\"twitter:data2\" content=\"2 minutes\" \/>\n<script type=\"application\/ld+json\" class=\"yoast-schema-graph\">{\"@context\":\"https:\\\/\\\/schema.org\",\"@graph\":[{\"@type\":\"Article\",\"@id\":\"https:\\\/\\\/www.bellunopress.it\\\/2026\\\/08\\\/11\\\/cade-un-fulmine-escursionista-sbalzato-per-quindici-metri\\\/#article\",\"isPartOf\":{\"@id\":\"https:\\\/\\\/www.bellunopress.it\\\/2026\\\/08\\\/11\\\/cade-un-fulmine-escursionista-sbalzato-per-quindici-metri\\\/\"},\"author\":{\"name\":\"redazione\",\"@id\":\"https:\\\/\\\/www.bellunopress.it\\\/#\\\/schema\\\/person\\\/79bb06722b37ece1c03d3e94beb30d73\"},\"headline\":\"Cade un fulmine, escursionista sbalzato per quindici metri. Altri interventi\",\"datePublished\":\"2026-08-11T16:43:48+00:00\",\"dateModified\":\"2026-08-11T16:47:18+00:00\",\"mainEntityOfPage\":{\"@id\":\"https:\\\/\\\/www.bellunopress.it\\\/2026\\\/08\\\/11\\\/cade-un-fulmine-escursionista-sbalzato-per-quindici-metri\\\/\"},\"wordCount\":319,\"publisher\":{\"@id\":\"https:\\\/\\\/www.bellunopress.it\\\/#organization\"},\"image\":{\"@id\":\"https:\\\/\\\/www.bellunopress.it\\\/2026\\\/08\\\/11\\\/cade-un-fulmine-escursionista-sbalzato-per-quindici-metri\\\/#primaryimage\"},\"thumbnailUrl\":\"https:\\\/\\\/www.bellunopress.it\\\/wp-content\\\/uploads\\\/2026\\\/05\\\/soccorso-118.jpg\",\"articleSection\":[\"Cronaca\\\/Politica\",\"Prima Pagina\"],\"inLanguage\":\"fr-FR\"},{\"@type\":\"WebPage\",\"@id\":\"https:\\\/\\\/www.bellunopress.it\\\/2026\\\/08\\\/11\\\/cade-un-fulmine-escursionista-sbalzato-per-quindici-metri\\\/\",\"url\":\"https:\\\/\\\/www.bellunopress.it\\\/2026\\\/08\\\/11\\\/cade-un-fulmine-escursionista-sbalzato-per-quindici-metri\\\/\",\"name\":\"Cade un fulmine, escursionista sbalzato per quindici metri. Altri interventi - Bellunopress - Dolomiti\",\"isPartOf\":{\"@id\":\"https:\\\/\\\/www.bellunopress.it\\\/#website\"},\"primaryImageOfPage\":{\"@id\":\"https:\\\/\\\/www.bellunopress.it\\\/2026\\\/08\\\/11\\\/cade-un-fulmine-escursionista-sbalzato-per-quindici-metri\\\/#primaryimage\"},\"image\":{\"@id\":\"https:\\\/\\\/www.bellunopress.it\\\/2026\\\/08\\\/11\\\/cade-un-fulmine-escursionista-sbalzato-per-quindici-metri\\\/#primaryimage\"},\"thumbnailUrl\":\"https:\\\/\\\/www.bellunopress.it\\\/wp-content\\\/uploads\\\/2026\\\/05\\\/soccorso-118.jpg\",\"datePublished\":\"2026-08-11T16:43:48+00:00\",\"dateModified\":\"2026-08-11T16:47:18+00:00\",\"breadcrumb\":{\"@id\":\"https:\\\/\\\/www.bellunopress.it\\\/2026\\\/08\\\/11\\\/cade-un-fulmine-escursionista-sbalzato-per-quindici-metri\\\/#breadcrumb\"},\"inLanguage\":\"fr-FR\",\"potentialAction\":[{\"@type\":\"ReadAction\",\"target\":[\"https:\\\/\\\/www.bellunopress.it\\\/2026\\\/08\\\/11\\\/cade-un-fulmine-escursionista-sbalzato-per-quindici-metri\\\/\"]}]},{\"@type\":\"ImageObject\",\"inLanguage\":\"fr-FR\",\"@id\":\"https:\\\/\\\/www.bellunopress.it\\\/2026\\\/08\\\/11\\\/cade-un-fulmine-escursionista-sbalzato-per-quindici-metri\\\/#primaryimage\",\"url\":\"https:\\\/\\\/www.bellunopress.it\\\/wp-content\\\/uploads\\\/2026\\\/05\\\/soccorso-118.jpg\",\"contentUrl\":\"https:\\\/\\\/www.bellunopress.it\\\/wp-content\\\/uploads\\\/2026\\\/05\\\/soccorso-118.jpg\",\"width\":600,\"height\":269},{\"@type\":\"BreadcrumbList\",\"@id\":\"https:\\\/\\\/www.bellunopress.it\\\/2026\\\/08\\\/11\\\/cade-un-fulmine-escursionista-sbalzato-per-quindici-metri\\\/#breadcrumb\",\"itemListElement\":[{\"@type\":\"ListItem\",\"position\":1,\"name\":\"Home\",\"item\":\"https:\\\/\\\/www.bellunopress.it\\\/\"},{\"@type\":\"ListItem\",\"position\":2,\"name\":\"Cade un fulmine, escursionista sbalzato per quindici metri. Altri interventi\"}]},{\"@type\":\"WebSite\",\"@id\":\"https:\\\/\\\/www.bellunopress.it\\\/#website\",\"url\":\"https:\\\/\\\/www.bellunopress.it\\\/\",\"name\":\"Bellunopress - Dolomiti\",\"description\":\"e-mail: redazione@bellunopress.it\",\"publisher\":{\"@id\":\"https:\\\/\\\/www.bellunopress.it\\\/#organization\"},\"potentialAction\":[{\"@type\":\"SearchAction\",\"target\":{\"@type\":\"EntryPoint\",\"urlTemplate\":\"https:\\\/\\\/www.bellunopress.it\\\/?s={search_term_string}\"},\"query-input\":{\"@type\":\"PropertyValueSpecification\",\"valueRequired\":true,\"valueName\":\"search_term_string\"}}],\"inLanguage\":\"fr-FR\"},{\"@type\":\"Organization\",\"@id\":\"https:\\\/\\\/www.bellunopress.it\\\/#organization\",\"name\":\"Bellunopress\",\"url\":\"https:\\\/\\\/www.bellunopress.it\\\/\",\"logo\":{\"@type\":\"ImageObject\",\"inLanguage\":\"fr-FR\",\"@id\":\"https:\\\/\\\/www.bellunopress.it\\\/#\\\/schema\\\/logo\\\/image\\\/\",\"url\":\"https:\\\/\\\/www.bellunopress.it\\\/wp-content\\\/uploads\\\/2011\\\/05\\\/cropped-logo-bellunopress-.jpg\",\"contentUrl\":\"https:\\\/\\\/www.bellunopress.it\\\/wp-content\\\/uploads\\\/2011\\\/05\\\/cropped-logo-bellunopress-.jpg\",\"width\":512,\"height\":512,\"caption\":\"Bellunopress\"},\"image\":{\"@id\":\"https:\\\/\\\/www.bellunopress.it\\\/#\\\/schema\\\/logo\\\/image\\\/\"},\"sameAs\":[\"https:\\\/\\\/www.facebook.com\\\/profile.php?id=100008943462799\",\"https:\\\/\\\/x.com\\\/bellunopress\",\"https:\\\/\\\/www.linkedin.com\\\/hp\\\/?dnr=JBzUWaJfMUw8vbXJJ2tVW5-I3jZKvC4wsoxE&amp;amp;amp;amp;amp;amp;trk=nav_responsive_tab_home\",\"https:\\\/\\\/www.youtube.com\\\/channel\\\/UCxL0wu1uN0_3_7hGG0306cw\"]},{\"@type\":\"Person\",\"@id\":\"https:\\\/\\\/www.bellunopress.it\\\/#\\\/schema\\\/person\\\/79bb06722b37ece1c03d3e94beb30d73\",\"name\":\"redazione\",\"image\":{\"@type\":\"ImageObject\",\"inLanguage\":\"fr-FR\",\"@id\":\"https:\\\/\\\/secure.gravatar.com\\\/avatar\\\/37d968a2e67a6fd04c169c4bdef102d0bc5d31b2546345219e348575eb80e9a0?s=96&d=mm&r=g\",\"url\":\"https:\\\/\\\/secure.gravatar.com\\\/avatar\\\/37d968a2e67a6fd04c169c4bdef102d0bc5d31b2546345219e348575eb80e9a0?s=96&d=mm&r=g\",\"contentUrl\":\"https:\\\/\\\/secure.gravatar.com\\\/avatar\\\/37d968a2e67a6fd04c169c4bdef102d0bc5d31b2546345219e348575eb80e9a0?s=96&d=mm&r=g\",\"caption\":\"redazione\"},\"sameAs\":[\"http:\\\/\\\/www.bellunopress.it\",\"https:\\\/\\\/x.com\\\/bellunopress\"],\"url\":\"https:\\\/\\\/www.bellunopress.it\\\/fr\\\/author\\\/redazione\\\/\"}]}<\/script>\n<!-- \/ Yoast SEO plugin. -->","yoast_head_json":{"title":"Cade un fulmine, escursionista sbalzato per quindici metri. Altri interventi - Bellunopress - Dolomiti","robots":{"index":"index","follow":"follow","max-snippet":"max-snippet:-1","max-image-preview":"max-image-preview:large","max-video-preview":"max-video-preview:-1"},"canonical":"https:\/\/www.bellunopress.it\/fr\/2026\/08\/11\/cade-un-fulmine-escursionista-sbalzato-per-quindici-metri\/","og_locale":"fr_FR","og_type":"article","og_title":"Cade un fulmine, escursionista sbalzato per quindici metri. Altri interventi - Bellunopress - Dolomiti","og_description":"San Pietro di Cadore (BL), 11 &#8211; 08 &#8211; 2026\u00a0 \u00a0 Durante la discesa di tre escursionisti dal Monte Palombino lungo il sentiero attrezzato denominato Ferrata del Camoscio, la caduta di un fulmine ha sbalzato quello che si trovava pi\u00f9 avanti di una quindicina di metri, facendolo cadere tra le balze di roccia sotto l&#8217;itinerario. [&hellip;]","og_url":"https:\/\/www.bellunopress.it\/fr\/2026\/08\/11\/cade-un-fulmine-escursionista-sbalzato-per-quindici-metri\/","og_site_name":"Bellunopress - Dolomiti","article_publisher":"https:\/\/www.facebook.com\/profile.php?id=100008943462799","article_published_time":"2026-08-11T16:43:48+00:00","article_modified_time":"2026-08-11T16:47:18+00:00","og_image":[{"width":600,"height":269,"url":"https:\/\/www.bellunopress.it\/wp-content\/uploads\/2026\/05\/soccorso-118.jpg","type":"image\/jpeg"}],"author":"redazione","twitter_card":"summary_large_image","twitter_creator":"@bellunopress","twitter_site":"@bellunopress","twitter_misc":{"Written by":"redazione","Est. reading time":"2 minutes"},"schema":{"@context":"https:\/\/schema.org","@graph":[{"@type":"Article","@id":"https:\/\/www.bellunopress.it\/2026\/08\/11\/cade-un-fulmine-escursionista-sbalzato-per-quindici-metri\/#article","isPartOf":{"@id":"https:\/\/www.bellunopress.it\/2026\/08\/11\/cade-un-fulmine-escursionista-sbalzato-per-quindici-metri\/"},"author":{"name":"redazione","@id":"https:\/\/www.bellunopress.it\/#\/schema\/person\/79bb06722b37ece1c03d3e94beb30d73"},"headline":"Cade un fulmine, escursionista sbalzato per quindici metri. Altri interventi","datePublished":"2026-08-11T16:43:48+00:00","dateModified":"2026-08-11T16:47:18+00:00","mainEntityOfPage":{"@id":"https:\/\/www.bellunopress.it\/2026\/08\/11\/cade-un-fulmine-escursionista-sbalzato-per-quindici-metri\/"},"wordCount":319,"publisher":{"@id":"https:\/\/www.bellunopress.it\/#organization"},"image":{"@id":"https:\/\/www.bellunopress.it\/2026\/08\/11\/cade-un-fulmine-escursionista-sbalzato-per-quindici-metri\/#primaryimage"},"thumbnailUrl":"https:\/\/www.bellunopress.it\/wp-content\/uploads\/2026\/05\/soccorso-118.jpg","articleSection":["Cronaca\/Politica","Prima Pagina"],"inLanguage":"fr-FR"},{"@type":"WebPage","@id":"https:\/\/www.bellunopress.it\/2026\/08\/11\/cade-un-fulmine-escursionista-sbalzato-per-quindici-metri\/","url":"https:\/\/www.bellunopress.it\/2026\/08\/11\/cade-un-fulmine-escursionista-sbalzato-per-quindici-metri\/","name":"Cade un fulmine, escursionista sbalzato per quindici metri. Altri interventi - Bellunopress - Dolomiti","isPartOf":{"@id":"https:\/\/www.bellunopress.it\/#website"},"primaryImageOfPage":{"@id":"https:\/\/www.bellunopress.it\/2026\/08\/11\/cade-un-fulmine-escursionista-sbalzato-per-quindici-metri\/#primaryimage"},"image":{"@id":"https:\/\/www.bellunopress.it\/2026\/08\/11\/cade-un-fulmine-escursionista-sbalzato-per-quindici-metri\/#primaryimage"},"thumbnailUrl":"https:\/\/www.bellunopress.it\/wp-content\/uploads\/2026\/05\/soccorso-118.jpg","datePublished":"2026-08-11T16:43:48+00:00","dateModified":"2026-08-11T16:47:18+00:00","breadcrumb":{"@id":"https:\/\/www.bellunopress.it\/2026\/08\/11\/cade-un-fulmine-escursionista-sbalzato-per-quindici-metri\/#breadcrumb"},"inLanguage":"fr-FR","potentialAction":[{"@type":"ReadAction","target":["https:\/\/www.bellunopress.it\/2026\/08\/11\/cade-un-fulmine-escursionista-sbalzato-per-quindici-metri\/"]}]},{"@type":"ImageObject","inLanguage":"fr-FR","@id":"https:\/\/www.bellunopress.it\/2026\/08\/11\/cade-un-fulmine-escursionista-sbalzato-per-quindici-metri\/#primaryimage","url":"https:\/\/www.bellunopress.it\/wp-content\/uploads\/2026\/05\/soccorso-118.jpg","contentUrl":"https:\/\/www.bellunopress.it\/wp-content\/uploads\/2026\/05\/soccorso-118.jpg","width":600,"height":269},{"@type":"BreadcrumbList","@id":"https:\/\/www.bellunopress.it\/2026\/08\/11\/cade-un-fulmine-escursionista-sbalzato-per-quindici-metri\/#breadcrumb","itemListElement":[{"@type":"ListItem","position":1,"name":"Home","item":"https:\/\/www.bellunopress.it\/"},{"@type":"ListItem","position":2,"name":"Cade un fulmine, escursionista sbalzato per quindici metri. Altri interventi"}]},{"@type":"WebSite","@id":"https:\/\/www.bellunopress.it\/#website","url":"https:\/\/www.bellunopress.it\/","name":"Bellunopress - Dolomiti","description":"e-mail: redazione@bellunopress.it","publisher":{"@id":"https:\/\/www.bellunopress.it\/#organization"},"potentialAction":[{"@type":"SearchAction","target":{"@type":"EntryPoint","urlTemplate":"https:\/\/www.bellunopress.it\/?s={search_term_string}"},"query-input":{"@type":"PropertyValueSpecification","valueRequired":true,"valueName":"search_term_string"}}],"inLanguage":"fr-FR"},{"@type":"Organization","@id":"https:\/\/www.bellunopress.it\/#organization","name":"Bellunopress","url":"https:\/\/www.bellunopress.it\/","logo":{"@type":"ImageObject","inLanguage":"fr-FR","@id":"https:\/\/www.bellunopress.it\/#\/schema\/logo\/image\/","url":"https:\/\/www.bellunopress.it\/wp-content\/uploads\/2011\/05\/cropped-logo-bellunopress-.jpg","contentUrl":"https:\/\/www.bellunopress.it\/wp-content\/uploads\/2011\/05\/cropped-logo-bellunopress-.jpg","width":512,"height":512,"caption":"Bellunopress"},"image":{"@id":"https:\/\/www.bellunopress.it\/#\/schema\/logo\/image\/"},"sameAs":["https:\/\/www.facebook.com\/profile.php?id=100008943462799","https:\/\/x.com\/bellunopress","https:\/\/www.linkedin.com\/hp\/?dnr=JBzUWaJfMUw8vbXJJ2tVW5-I3jZKvC4wsoxE&amp;amp;amp;amp;amp;amp;trk=nav_responsive_tab_home","https:\/\/www.youtube.com\/channel\/UCxL0wu1uN0_3_7hGG0306cw"]},{"@type":"Person","@id":"https:\/\/www.bellunopress.it\/#\/schema\/person\/79bb06722b37ece1c03d3e94beb30d73","name":"r\u00e9daction","image":{"@type":"ImageObject","inLanguage":"fr-FR","@id":"https:\/\/secure.gravatar.com\/avatar\/37d968a2e67a6fd04c169c4bdef102d0bc5d31b2546345219e348575eb80e9a0?s=96&d=mm&r=g","url":"https:\/\/secure.gravatar.com\/avatar\/37d968a2e67a6fd04c169c4bdef102d0bc5d31b2546345219e348575eb80e9a0?s=96&d=mm&r=g","contentUrl":"https:\/\/secure.gravatar.com\/avatar\/37d968a2e67a6fd04c169c4bdef102d0bc5d31b2546345219e348575eb80e9a0?s=96&d=mm&r=g","caption":"redazione"},"sameAs":["http:\/\/www.bellunopress.it","https:\/\/x.com\/bellunopress"],"url":"https:\/\/www.bellunopress.it\/fr\/author\/redazione\/"}]}},"_links":{"self":[{"href":"https:\/\/www.bellunopress.it\/fr\/wp-json\/wp\/v2\/posts\/172606","targetHints":{"allow":["GET"]}}],"collection":[{"href":"https:\/\/www.bellunopress.it\/fr\/wp-json\/wp\/v2\/posts"}],"about":[{"href":"https:\/\/www.bellunopress.it\/fr\/wp-json\/wp\/v2\/types\/post"}],"author":[{"embeddable":true,"href":"https:\/\/www.bellunopress.it\/fr\/wp-json\/wp\/v2\/users\/2"}],"replies":[{"embeddable":true,"href":"https:\/\/www.bellunopress.it\/fr\/wp-json\/wp\/v2\/comments?post=172606"}],"version-history":[{"count":2,"href":"https:\/\/www.bellunopress.it\/fr\/wp-json\/wp\/v2\/posts\/172606\/revisions"}],"predecessor-version":[{"id":172608,"href":"https:\/\/www.bellunopress.it\/fr\/wp-json\/wp\/v2\/posts\/172606\/revisions\/172608"}],"wp:featuredmedia":[{"embeddable":true,"href":"https:\/\/www.bellunopress.it\/fr\/wp-json\/wp\/v2\/media\/170567"}],"wp:attachment":[{"href":"https:\/\/www.bellunopress.it\/fr\/wp-json\/wp\/v2\/media?parent=172606"}],"wp:term":[{"taxonomy":"category","embeddable":true,"href":"https:\/\/www.bellunopress.it\/fr\/wp-json\/wp\/v2\/categories?post=172606"},{"taxonomy":"post_tag","embeddable":true,"href":"https:\/\/www.bellunopress.it\/fr\/wp-json\/wp\/v2\/tags?post=172606"}],"curies":[{"name":"wp","href":"https:\/\/api.w.org\/{rel}","templated":true}]}}