{"id":172601,"date":"2026-08-11T14:03:52","date_gmt":"2026-08-11T12:03:52","guid":{"rendered":"https:\/\/www.bellunopress.it\/?p=172601"},"modified":"2026-08-11T14:03:52","modified_gmt":"2026-08-11T12:03:52","slug":"albe-magiche-in-vetta-al-passo-san-pellegrino","status":"publish","type":"post","link":"https:\/\/www.bellunopress.it\/fr\/2026\/08\/11\/albe-magiche-in-vetta-al-passo-san-pellegrino\/","title":{"rendered":"Albe magiche in vetta al Passo San Pellegrino"},"content":{"rendered":"<p><strong>Due appuntamenti all&#8217;alba sul Col Margherita tra geologia, musica e letteratura<\/strong><\/p>\n<p>Il sole che sorge sulle Dolomiti, il silenzio dell&#8217;alta quota e un panorama che abbraccia alcune delle montagne pi\u00f9 iconiche dell&#8217;arco alpino diventano il palcoscenico di Alba al Col Margherita, il ciclo di appuntamenti che, nelle mattine del 13 e 20 agosto, invita a vivere un&#8217;esperienza fuori dal tempo al Passo San Pellegrino.<\/p>\n<p>L&#8217;iniziativa propone la salita in funivia fino ai 2.500 metri del Col Margherita, dove il Dolomiti Viewpoint regala una vista spettacolare sulla Marmolada, il Civetta, il Pelmo, le Pale di San Martino e la catena del Lagorai. Qui, mentre il sole illumina progressivamente le cime dolomitiche, gli appuntamenti offriranno un modo diverso di vivere e interpretare la montagna, attraverso la scienza, la musica e la letteratura.<\/p>\n<p>L\u2019appuntamento del 13 agosto \u00e8 dedicato all&#8217;Alba della Terra, un viaggio nel tempo alla scoperta della nascita delle Dolomiti. Il geologo Claudio Valle, insieme a Riccardo Tomasoni del MUSE \u2013 Museo delle Scienze di Trento, accompagner\u00e0 il pubblico in un racconto affascinante dedicato all&#8217;origine geologica delle montagne, oggi Patrimonio Mondiale UNESCO. Ad arricchire l&#8217;esperienza saranno le suggestive esecuzioni dal vivo dei violoncellisti Francesco Ciech e Federica Ragnini, che accompagneranno il sorgere del sole con un repertorio capace di fondere musica e natura. Iscrizione gratuita QUI. Al termine sar\u00e0 inoltre possibile partecipare gratuitamente, prenotazione QUI, a una camminata di approfondimento con gli esperti di geologia lungo il percorso Geo Walk, con partenze alle ore 7.30, 8.00, 8.30 e 9.00.<\/p>\n<p>In quello di gioved\u00ec 20 agosto, sar\u00e0 invece protagonista l&#8217;Alba della Parola. Lo scrittore Matteo Righetto accompagner\u00e0 il pubblico attraverso la lettura di alcuni brani dei suoi romanzi, in un percorso tra paesaggi, storie ed emozioni delle Dolomiti. A dialogare con lui sar\u00e0 la giornalista Elisa Salvi, in una conversazione dedicata alla montagna come luogo di contemplazione, memoria e relazione con la natura. Iscrizione gratuita <a href=\"https:\/\/fareharbor.com\/embeds\/book\/fassasport\/items\/742196\/calendar\/?flow=1426264&amp;full-items=yes\">QUI<\/a><\/p>\n<p>Per chi desidera aggiungere un\u2019esperienza gustosa, il ristorante panoramico InAlto sar\u00e0 aperto in occasione di tutti e tre gli appuntamenti.<br \/>\nRitrovo presso partenza Funivia Col Margherita alle 04.45 il 06,13, 20\/08. Attivit\u00e0 gratuite escluso costo impianto. Biglietteria aperta all\u2019alba per acquistare il biglietto.<\/p>\n<p>Nota: in caso di maltempo gli eventi potranno essere annullati.<\/p>\n<p>Destinazione Passo San Pellegrino e Falcade<br \/>\nQuello di San Pellegrino \u00e8 un passo dolomitico che collega Moena, in Trentino, a Falcade, in provincia di Belluno. Territorio di pascoli e via di scambio fin dal medioevo, e teatro di battaglia durante la Prima Guerra Mondiale, il Passo San Pellegrino \u00e8 oggi una destinazione turistica di punta, sia d\u2019inverno \u2013 con il comprensorio Ski Area San Pellegrino parte del Dolomiti Superski e la pista di Coppa del Mondo La VolatA \u2013 che d\u2019estate, per gli spettacolari trekking e i panorami unici. Per soggiornare, si pu\u00f2 risiedere in uno degli hotel direttamente al Passo, oppure scegliere Falcade o Moena. Per ulteriori informazioni: www.skiareasanpellegrino.it<\/p>","protected":false},"excerpt":{"rendered":"<p>Due appuntamenti all&#8217;alba sul Col Margherita tra geologia, musica e letteratura Il sole che sorge sulle Dolomiti, il silenzio dell&#8217;alta quota e un panorama che abbraccia alcune delle montagne pi\u00f9 iconiche dell&#8217;arco alpino diventano il palcoscenico di Alba al Col Margherita, il ciclo di appuntamenti che, nelle mattine del 13 e 20 agosto, invita a [&hellip;]<\/p>\n","protected":false},"author":2,"featured_media":172602,"comment_status":"closed","ping_status":"open","sticky":false,"template":"","format":"standard","meta":{"footnotes":""},"categories":[4],"tags":[],"class_list":["post-172601","post","type-post","status-publish","format-standard","has-post-thumbnail","category-sport"],"yoast_head":"<!-- This site is optimized with the Yoast SEO plugin v28.4 - https:\/\/yoast.com\/product\/yoast-seo-wordpress\/ -->\n<title>Albe magiche in vetta al Passo San Pellegrino - Bellunopress - Dolomiti<\/title>\n<meta name=\"robots\" content=\"index, follow, max-snippet:-1, max-image-preview:large, max-video-preview:-1\" \/>\n<link rel=\"canonical\" href=\"https:\/\/www.bellunopress.it\/fr\/2026\/08\/11\/albe-magiche-in-vetta-al-passo-san-pellegrino\/\" \/>\n<meta property=\"og:locale\" content=\"fr_FR\" \/>\n<meta property=\"og:type\" content=\"article\" \/>\n<meta property=\"og:title\" content=\"Albe magiche in vetta al Passo San Pellegrino - Bellunopress - Dolomiti\" \/>\n<meta property=\"og:description\" content=\"Due appuntamenti all&#8217;alba sul Col Margherita tra geologia, musica e letteratura Il sole che sorge sulle Dolomiti, il silenzio dell&#8217;alta quota e un panorama che abbraccia alcune delle montagne pi\u00f9 iconiche dell&#8217;arco alpino diventano il palcoscenico di Alba al Col Margherita, il ciclo di appuntamenti che, nelle mattine del 13 e 20 agosto, invita a [&hellip;]\" \/>\n<meta property=\"og:url\" content=\"https:\/\/www.bellunopress.it\/fr\/2026\/08\/11\/albe-magiche-in-vetta-al-passo-san-pellegrino\/\" \/>\n<meta property=\"og:site_name\" content=\"Bellunopress - Dolomiti\" \/>\n<meta property=\"article:publisher\" content=\"https:\/\/www.facebook.com\/profile.php?id=100008943462799\" \/>\n<meta property=\"article:published_time\" content=\"2026-08-11T12:03:52+00:00\" \/>\n<meta property=\"og:image\" content=\"https:\/\/www.bellunopress.it\/wp-content\/uploads\/2026\/08\/Col-Margherita_Alba-della-Parola_Riflessioni-in-quota.jpg\" \/>\n\t<meta property=\"og:image:width\" content=\"600\" \/>\n\t<meta property=\"og:image:height\" content=\"393\" \/>\n\t<meta property=\"og:image:type\" content=\"image\/jpeg\" \/>\n<meta name=\"author\" content=\"redazione\" \/>\n<meta name=\"twitter:card\" content=\"summary_large_image\" \/>\n<meta name=\"twitter:creator\" content=\"@bellunopress\" \/>\n<meta name=\"twitter:site\" content=\"@bellunopress\" \/>\n<meta name=\"twitter:label1\" content=\"\u00c9crit par\" \/>\n\t<meta name=\"twitter:data1\" content=\"redazione\" \/>\n\t<meta name=\"twitter:label2\" content=\"Dur\u00e9e de lecture estim\u00e9e\" \/>\n\t<meta name=\"twitter:data2\" content=\"3 minutes\" \/>\n<script type=\"application\/ld+json\" class=\"yoast-schema-graph\">{\"@context\":\"https:\\\/\\\/schema.org\",\"@graph\":[{\"@type\":\"Article\",\"@id\":\"https:\\\/\\\/www.bellunopress.it\\\/2026\\\/08\\\/11\\\/albe-magiche-in-vetta-al-passo-san-pellegrino\\\/#article\",\"isPartOf\":{\"@id\":\"https:\\\/\\\/www.bellunopress.it\\\/2026\\\/08\\\/11\\\/albe-magiche-in-vetta-al-passo-san-pellegrino\\\/\"},\"author\":{\"name\":\"redazione\",\"@id\":\"https:\\\/\\\/www.bellunopress.it\\\/#\\\/schema\\\/person\\\/79bb06722b37ece1c03d3e94beb30d73\"},\"headline\":\"Albe magiche in vetta al Passo San Pellegrino\",\"datePublished\":\"2026-08-11T12:03:52+00:00\",\"mainEntityOfPage\":{\"@id\":\"https:\\\/\\\/www.bellunopress.it\\\/2026\\\/08\\\/11\\\/albe-magiche-in-vetta-al-passo-san-pellegrino\\\/\"},\"wordCount\":483,\"publisher\":{\"@id\":\"https:\\\/\\\/www.bellunopress.it\\\/#organization\"},\"image\":{\"@id\":\"https:\\\/\\\/www.bellunopress.it\\\/2026\\\/08\\\/11\\\/albe-magiche-in-vetta-al-passo-san-pellegrino\\\/#primaryimage\"},\"thumbnailUrl\":\"https:\\\/\\\/www.bellunopress.it\\\/wp-content\\\/uploads\\\/2026\\\/08\\\/Col-Margherita_Alba-della-Parola_Riflessioni-in-quota.jpg\",\"articleSection\":[\"Sport, tempo libero\"],\"inLanguage\":\"fr-FR\"},{\"@type\":\"WebPage\",\"@id\":\"https:\\\/\\\/www.bellunopress.it\\\/2026\\\/08\\\/11\\\/albe-magiche-in-vetta-al-passo-san-pellegrino\\\/\",\"url\":\"https:\\\/\\\/www.bellunopress.it\\\/2026\\\/08\\\/11\\\/albe-magiche-in-vetta-al-passo-san-pellegrino\\\/\",\"name\":\"Albe magiche in vetta al Passo San Pellegrino - Bellunopress - Dolomiti\",\"isPartOf\":{\"@id\":\"https:\\\/\\\/www.bellunopress.it\\\/#website\"},\"primaryImageOfPage\":{\"@id\":\"https:\\\/\\\/www.bellunopress.it\\\/2026\\\/08\\\/11\\\/albe-magiche-in-vetta-al-passo-san-pellegrino\\\/#primaryimage\"},\"image\":{\"@id\":\"https:\\\/\\\/www.bellunopress.it\\\/2026\\\/08\\\/11\\\/albe-magiche-in-vetta-al-passo-san-pellegrino\\\/#primaryimage\"},\"thumbnailUrl\":\"https:\\\/\\\/www.bellunopress.it\\\/wp-content\\\/uploads\\\/2026\\\/08\\\/Col-Margherita_Alba-della-Parola_Riflessioni-in-quota.jpg\",\"datePublished\":\"2026-08-11T12:03:52+00:00\",\"breadcrumb\":{\"@id\":\"https:\\\/\\\/www.bellunopress.it\\\/2026\\\/08\\\/11\\\/albe-magiche-in-vetta-al-passo-san-pellegrino\\\/#breadcrumb\"},\"inLanguage\":\"fr-FR\",\"potentialAction\":[{\"@type\":\"ReadAction\",\"target\":[\"https:\\\/\\\/www.bellunopress.it\\\/2026\\\/08\\\/11\\\/albe-magiche-in-vetta-al-passo-san-pellegrino\\\/\"]}]},{\"@type\":\"ImageObject\",\"inLanguage\":\"fr-FR\",\"@id\":\"https:\\\/\\\/www.bellunopress.it\\\/2026\\\/08\\\/11\\\/albe-magiche-in-vetta-al-passo-san-pellegrino\\\/#primaryimage\",\"url\":\"https:\\\/\\\/www.bellunopress.it\\\/wp-content\\\/uploads\\\/2026\\\/08\\\/Col-Margherita_Alba-della-Parola_Riflessioni-in-quota.jpg\",\"contentUrl\":\"https:\\\/\\\/www.bellunopress.it\\\/wp-content\\\/uploads\\\/2026\\\/08\\\/Col-Margherita_Alba-della-Parola_Riflessioni-in-quota.jpg\",\"width\":600,\"height\":393},{\"@type\":\"BreadcrumbList\",\"@id\":\"https:\\\/\\\/www.bellunopress.it\\\/2026\\\/08\\\/11\\\/albe-magiche-in-vetta-al-passo-san-pellegrino\\\/#breadcrumb\",\"itemListElement\":[{\"@type\":\"ListItem\",\"position\":1,\"name\":\"Home\",\"item\":\"https:\\\/\\\/www.bellunopress.it\\\/\"},{\"@type\":\"ListItem\",\"position\":2,\"name\":\"Albe magiche in vetta al Passo San Pellegrino\"}]},{\"@type\":\"WebSite\",\"@id\":\"https:\\\/\\\/www.bellunopress.it\\\/#website\",\"url\":\"https:\\\/\\\/www.bellunopress.it\\\/\",\"name\":\"Bellunopress - Dolomiti\",\"description\":\"e-mail: redazione@bellunopress.it\",\"publisher\":{\"@id\":\"https:\\\/\\\/www.bellunopress.it\\\/#organization\"},\"potentialAction\":[{\"@type\":\"SearchAction\",\"target\":{\"@type\":\"EntryPoint\",\"urlTemplate\":\"https:\\\/\\\/www.bellunopress.it\\\/?s={search_term_string}\"},\"query-input\":{\"@type\":\"PropertyValueSpecification\",\"valueRequired\":true,\"valueName\":\"search_term_string\"}}],\"inLanguage\":\"fr-FR\"},{\"@type\":\"Organization\",\"@id\":\"https:\\\/\\\/www.bellunopress.it\\\/#organization\",\"name\":\"Bellunopress\",\"url\":\"https:\\\/\\\/www.bellunopress.it\\\/\",\"logo\":{\"@type\":\"ImageObject\",\"inLanguage\":\"fr-FR\",\"@id\":\"https:\\\/\\\/www.bellunopress.it\\\/#\\\/schema\\\/logo\\\/image\\\/\",\"url\":\"https:\\\/\\\/www.bellunopress.it\\\/wp-content\\\/uploads\\\/2011\\\/05\\\/cropped-logo-bellunopress-.jpg\",\"contentUrl\":\"https:\\\/\\\/www.bellunopress.it\\\/wp-content\\\/uploads\\\/2011\\\/05\\\/cropped-logo-bellunopress-.jpg\",\"width\":512,\"height\":512,\"caption\":\"Bellunopress\"},\"image\":{\"@id\":\"https:\\\/\\\/www.bellunopress.it\\\/#\\\/schema\\\/logo\\\/image\\\/\"},\"sameAs\":[\"https:\\\/\\\/www.facebook.com\\\/profile.php?id=100008943462799\",\"https:\\\/\\\/x.com\\\/bellunopress\",\"https:\\\/\\\/www.linkedin.com\\\/hp\\\/?dnr=JBzUWaJfMUw8vbXJJ2tVW5-I3jZKvC4wsoxE&amp;amp;amp;amp;amp;amp;trk=nav_responsive_tab_home\",\"https:\\\/\\\/www.youtube.com\\\/channel\\\/UCxL0wu1uN0_3_7hGG0306cw\"]},{\"@type\":\"Person\",\"@id\":\"https:\\\/\\\/www.bellunopress.it\\\/#\\\/schema\\\/person\\\/79bb06722b37ece1c03d3e94beb30d73\",\"name\":\"redazione\",\"image\":{\"@type\":\"ImageObject\",\"inLanguage\":\"fr-FR\",\"@id\":\"https:\\\/\\\/secure.gravatar.com\\\/avatar\\\/37d968a2e67a6fd04c169c4bdef102d0bc5d31b2546345219e348575eb80e9a0?s=96&d=mm&r=g\",\"url\":\"https:\\\/\\\/secure.gravatar.com\\\/avatar\\\/37d968a2e67a6fd04c169c4bdef102d0bc5d31b2546345219e348575eb80e9a0?s=96&d=mm&r=g\",\"contentUrl\":\"https:\\\/\\\/secure.gravatar.com\\\/avatar\\\/37d968a2e67a6fd04c169c4bdef102d0bc5d31b2546345219e348575eb80e9a0?s=96&d=mm&r=g\",\"caption\":\"redazione\"},\"sameAs\":[\"http:\\\/\\\/www.bellunopress.it\",\"https:\\\/\\\/x.com\\\/bellunopress\"],\"url\":\"https:\\\/\\\/www.bellunopress.it\\\/fr\\\/author\\\/redazione\\\/\"}]}<\/script>\n<!-- \/ Yoast SEO plugin. -->","yoast_head_json":{"title":"Albe magiche in vetta al Passo San Pellegrino - Bellunopress - Dolomiti","robots":{"index":"index","follow":"follow","max-snippet":"max-snippet:-1","max-image-preview":"max-image-preview:large","max-video-preview":"max-video-preview:-1"},"canonical":"https:\/\/www.bellunopress.it\/fr\/2026\/08\/11\/albe-magiche-in-vetta-al-passo-san-pellegrino\/","og_locale":"fr_FR","og_type":"article","og_title":"Albe magiche in vetta al Passo San Pellegrino - Bellunopress - Dolomiti","og_description":"Due appuntamenti all&#8217;alba sul Col Margherita tra geologia, musica e letteratura Il sole che sorge sulle Dolomiti, il silenzio dell&#8217;alta quota e un panorama che abbraccia alcune delle montagne pi\u00f9 iconiche dell&#8217;arco alpino diventano il palcoscenico di Alba al Col Margherita, il ciclo di appuntamenti che, nelle mattine del 13 e 20 agosto, invita a [&hellip;]","og_url":"https:\/\/www.bellunopress.it\/fr\/2026\/08\/11\/albe-magiche-in-vetta-al-passo-san-pellegrino\/","og_site_name":"Bellunopress - Dolomiti","article_publisher":"https:\/\/www.facebook.com\/profile.php?id=100008943462799","article_published_time":"2026-08-11T12:03:52+00:00","og_image":[{"width":600,"height":393,"url":"https:\/\/www.bellunopress.it\/wp-content\/uploads\/2026\/08\/Col-Margherita_Alba-della-Parola_Riflessioni-in-quota.jpg","type":"image\/jpeg"}],"author":"redazione","twitter_card":"summary_large_image","twitter_creator":"@bellunopress","twitter_site":"@bellunopress","twitter_misc":{"\u00c9crit par":"redazione","Dur\u00e9e de lecture estim\u00e9e":"3 minutes"},"schema":{"@context":"https:\/\/schema.org","@graph":[{"@type":"Article","@id":"https:\/\/www.bellunopress.it\/2026\/08\/11\/albe-magiche-in-vetta-al-passo-san-pellegrino\/#article","isPartOf":{"@id":"https:\/\/www.bellunopress.it\/2026\/08\/11\/albe-magiche-in-vetta-al-passo-san-pellegrino\/"},"author":{"name":"redazione","@id":"https:\/\/www.bellunopress.it\/#\/schema\/person\/79bb06722b37ece1c03d3e94beb30d73"},"headline":"Albe magiche in vetta al Passo San Pellegrino","datePublished":"2026-08-11T12:03:52+00:00","mainEntityOfPage":{"@id":"https:\/\/www.bellunopress.it\/2026\/08\/11\/albe-magiche-in-vetta-al-passo-san-pellegrino\/"},"wordCount":483,"publisher":{"@id":"https:\/\/www.bellunopress.it\/#organization"},"image":{"@id":"https:\/\/www.bellunopress.it\/2026\/08\/11\/albe-magiche-in-vetta-al-passo-san-pellegrino\/#primaryimage"},"thumbnailUrl":"https:\/\/www.bellunopress.it\/wp-content\/uploads\/2026\/08\/Col-Margherita_Alba-della-Parola_Riflessioni-in-quota.jpg","articleSection":["Sport, tempo libero"],"inLanguage":"fr-FR"},{"@type":"WebPage","@id":"https:\/\/www.bellunopress.it\/2026\/08\/11\/albe-magiche-in-vetta-al-passo-san-pellegrino\/","url":"https:\/\/www.bellunopress.it\/2026\/08\/11\/albe-magiche-in-vetta-al-passo-san-pellegrino\/","name":"Albe magiche in vetta al Passo San Pellegrino - Bellunopress - Dolomiti","isPartOf":{"@id":"https:\/\/www.bellunopress.it\/#website"},"primaryImageOfPage":{"@id":"https:\/\/www.bellunopress.it\/2026\/08\/11\/albe-magiche-in-vetta-al-passo-san-pellegrino\/#primaryimage"},"image":{"@id":"https:\/\/www.bellunopress.it\/2026\/08\/11\/albe-magiche-in-vetta-al-passo-san-pellegrino\/#primaryimage"},"thumbnailUrl":"https:\/\/www.bellunopress.it\/wp-content\/uploads\/2026\/08\/Col-Margherita_Alba-della-Parola_Riflessioni-in-quota.jpg","datePublished":"2026-08-11T12:03:52+00:00","breadcrumb":{"@id":"https:\/\/www.bellunopress.it\/2026\/08\/11\/albe-magiche-in-vetta-al-passo-san-pellegrino\/#breadcrumb"},"inLanguage":"fr-FR","potentialAction":[{"@type":"ReadAction","target":["https:\/\/www.bellunopress.it\/2026\/08\/11\/albe-magiche-in-vetta-al-passo-san-pellegrino\/"]}]},{"@type":"ImageObject","inLanguage":"fr-FR","@id":"https:\/\/www.bellunopress.it\/2026\/08\/11\/albe-magiche-in-vetta-al-passo-san-pellegrino\/#primaryimage","url":"https:\/\/www.bellunopress.it\/wp-content\/uploads\/2026\/08\/Col-Margherita_Alba-della-Parola_Riflessioni-in-quota.jpg","contentUrl":"https:\/\/www.bellunopress.it\/wp-content\/uploads\/2026\/08\/Col-Margherita_Alba-della-Parola_Riflessioni-in-quota.jpg","width":600,"height":393},{"@type":"BreadcrumbList","@id":"https:\/\/www.bellunopress.it\/2026\/08\/11\/albe-magiche-in-vetta-al-passo-san-pellegrino\/#breadcrumb","itemListElement":[{"@type":"ListItem","position":1,"name":"Home","item":"https:\/\/www.bellunopress.it\/"},{"@type":"ListItem","position":2,"name":"Albe magiche in vetta al Passo San Pellegrino"}]},{"@type":"WebSite","@id":"https:\/\/www.bellunopress.it\/#website","url":"https:\/\/www.bellunopress.it\/","name":"Bellunopress - Dolomiti","description":"e-mail: redazione@bellunopress.it","publisher":{"@id":"https:\/\/www.bellunopress.it\/#organization"},"potentialAction":[{"@type":"SearchAction","target":{"@type":"EntryPoint","urlTemplate":"https:\/\/www.bellunopress.it\/?s={search_term_string}"},"query-input":{"@type":"PropertyValueSpecification","valueRequired":true,"valueName":"search_term_string"}}],"inLanguage":"fr-FR"},{"@type":"Organization","@id":"https:\/\/www.bellunopress.it\/#organization","name":"Bellunopress","url":"https:\/\/www.bellunopress.it\/","logo":{"@type":"ImageObject","inLanguage":"fr-FR","@id":"https:\/\/www.bellunopress.it\/#\/schema\/logo\/image\/","url":"https:\/\/www.bellunopress.it\/wp-content\/uploads\/2011\/05\/cropped-logo-bellunopress-.jpg","contentUrl":"https:\/\/www.bellunopress.it\/wp-content\/uploads\/2011\/05\/cropped-logo-bellunopress-.jpg","width":512,"height":512,"caption":"Bellunopress"},"image":{"@id":"https:\/\/www.bellunopress.it\/#\/schema\/logo\/image\/"},"sameAs":["https:\/\/www.facebook.com\/profile.php?id=100008943462799","https:\/\/x.com\/bellunopress","https:\/\/www.linkedin.com\/hp\/?dnr=JBzUWaJfMUw8vbXJJ2tVW5-I3jZKvC4wsoxE&amp;amp;amp;amp;amp;amp;trk=nav_responsive_tab_home","https:\/\/www.youtube.com\/channel\/UCxL0wu1uN0_3_7hGG0306cw"]},{"@type":"Person","@id":"https:\/\/www.bellunopress.it\/#\/schema\/person\/79bb06722b37ece1c03d3e94beb30d73","name":"r\u00e9daction","image":{"@type":"ImageObject","inLanguage":"fr-FR","@id":"https:\/\/secure.gravatar.com\/avatar\/37d968a2e67a6fd04c169c4bdef102d0bc5d31b2546345219e348575eb80e9a0?s=96&d=mm&r=g","url":"https:\/\/secure.gravatar.com\/avatar\/37d968a2e67a6fd04c169c4bdef102d0bc5d31b2546345219e348575eb80e9a0?s=96&d=mm&r=g","contentUrl":"https:\/\/secure.gravatar.com\/avatar\/37d968a2e67a6fd04c169c4bdef102d0bc5d31b2546345219e348575eb80e9a0?s=96&d=mm&r=g","caption":"redazione"},"sameAs":["http:\/\/www.bellunopress.it","https:\/\/x.com\/bellunopress"],"url":"https:\/\/www.bellunopress.it\/fr\/author\/redazione\/"}]}},"_links":{"self":[{"href":"https:\/\/www.bellunopress.it\/fr\/wp-json\/wp\/v2\/posts\/172601","targetHints":{"allow":["GET"]}}],"collection":[{"href":"https:\/\/www.bellunopress.it\/fr\/wp-json\/wp\/v2\/posts"}],"about":[{"href":"https:\/\/www.bellunopress.it\/fr\/wp-json\/wp\/v2\/types\/post"}],"author":[{"embeddable":true,"href":"https:\/\/www.bellunopress.it\/fr\/wp-json\/wp\/v2\/users\/2"}],"replies":[{"embeddable":true,"href":"https:\/\/www.bellunopress.it\/fr\/wp-json\/wp\/v2\/comments?post=172601"}],"version-history":[{"count":1,"href":"https:\/\/www.bellunopress.it\/fr\/wp-json\/wp\/v2\/posts\/172601\/revisions"}],"predecessor-version":[{"id":172603,"href":"https:\/\/www.bellunopress.it\/fr\/wp-json\/wp\/v2\/posts\/172601\/revisions\/172603"}],"wp:featuredmedia":[{"embeddable":true,"href":"https:\/\/www.bellunopress.it\/fr\/wp-json\/wp\/v2\/media\/172602"}],"wp:attachment":[{"href":"https:\/\/www.bellunopress.it\/fr\/wp-json\/wp\/v2\/media?parent=172601"}],"wp:term":[{"taxonomy":"category","embeddable":true,"href":"https:\/\/www.bellunopress.it\/fr\/wp-json\/wp\/v2\/categories?post=172601"},{"taxonomy":"post_tag","embeddable":true,"href":"https:\/\/www.bellunopress.it\/fr\/wp-json\/wp\/v2\/tags?post=172601"}],"curies":[{"name":"wp","href":"https:\/\/api.w.org\/{rel}","templated":true}]}}