{"id":172594,"date":"2026-08-11T10:56:35","date_gmt":"2026-08-11T08:56:35","guid":{"rendered":"https:\/\/www.bellunopress.it\/?p=172594"},"modified":"2026-08-11T10:56:35","modified_gmt":"2026-08-11T08:56:35","slug":"leuropa-alla-32esima-edizione-del-giro-del-lago-di-santa-croce-informazione-solidarieta-e-dialogo-con-i-cittadini","status":"publish","type":"post","link":"https:\/\/www.bellunopress.it\/fr\/2026\/08\/11\/leuropa-alla-32esima-edizione-del-giro-del-lago-di-santa-croce-informazione-solidarieta-e-dialogo-con-i-cittadini\/","title":{"rendered":"L\u2019Europa alla 32esima edizione del Giro del Lago di Santa Croce: informazione, solidariet\u00e0 e dialogo con i cittadini"},"content":{"rendered":"<p>Alpago, 11\/08\/2026 &#8211; Anche quest\u2019anno Bruxelles avr\u00e0 uno stand stand informativo alla 32esima edizione del Giro del Lago di Santa Croce (16 agosto 2026). L&#8217; iniziativa, promossa dalla consigliera del Comune di Alpago con delega alle politiche comunitarie Elisabetta Bortoluzzi, in collaborazione con il Centro Europe Direct Montagna Veneta e il Comitato Alpago 2 Ruote &amp; Solidariet\u00e0, dar\u00e0 la possibilit\u00e0 ai partecipanti di chiedere informazioni sulle politiche, sui programmi e priorit\u00e0 dell&#8217;Unione europea.<\/p>\n<p>\u201cLo stand sull\u2019Europa vuole essere un\u2019occasione, per i partecipanti del Giro del Lago di Santa Croce, di entrare in contatto con la realt\u00e0 dell\u2019Unione europea spesso percepita lontana ed inaccessibile. Presso lo stand &#8211; dichiara la consigliera Elisabetta Bortoluzzi &#8211; saranno fornite pubblicazioni specifiche sulle tematiche europee d\u2019attualit\u00e0, guide rivolte ad adulti e studenti sulla storia dell\u2019Unione europea in relazione al suo funzionamento e alle sue Istituzioni nonch\u00e9 una guida ai finanziamenti e ai programmi europei per coloro che sono interessati a conoscere e a partecipare alle opportunit\u00e0 di finanziamento messe a disposizione dalla Commissione Europea\u201d.<\/p>\n<p>Lo stand informativo, divenuto ormai una presenza fissa ed apprezzata dai partecipanti al Giro, si collega alle varie iniziative promosse dalla consigliera Bortoluzzi in occasione delle precedenti edizioni del Giro del Lago di Santa Croce. All\u2019ottenimento del Patrocinio del Parlamento europeo, negli anni 2022 e 2024, si \u00e8 aggiunta la collaborazione con il Centro finlandese Europe Direct Pohjois Satakunta grazie alla quale \u00e8 nata la maglietta ufficiale del Giro del Lago 2024, realizzata dalle artiste finlandesi Jaana Viilo e Viivi Jalonen. L\u2019opera \u00e8 stata esposta, insieme ad altri lavori delle due artiste, nella mostra organizzata dal Comune di Alpago presso il municipio di Pieve d\u2019Alpago.<\/p>\n<p>Quest\u2019ultima esperienza ha successivamente assunto una dimensione internazionale con l\u2019approdo della mostra, nel febbraio 2025, a Ikaalinen, in Finlandia, citt\u00e0 di residenza delle artiste. L\u2019iniziativa, promossa dall\u2019ufficio Europe Direct finlandese insieme alla consigliera Elisabetta Bortoluzzi, ha raccontato al pubblico finlandese il Giro del Lago di Santa Croce attraverso l\u2019esposizione della maglietta ufficiale, delle opere artistiche collegate al progetto, dei video della manifestazione e di materiale promozionale dedicato alla Conca dell\u2019Alpago, fornito da Alpago Cansiglio APS.<\/p>\n<p>&#8220;Lo stand dedicato all\u2019Unione europea\u00a0 &#8211; conclude Elisabetta BOrtoluzzi &#8211; rappresenta un\u2019opportunit\u00e0 concreta per avvicinare l\u2019Europa ai cittadini. Il Giro del Lago di Santa Croce, dunque, non \u00e8 soltanto un evento sportivo e solidale ma anche un\u2019occasione di incontro e partecipazione capace di generare nuove opportunit\u00e0 per il nostro territorio\u201d.<\/p>","protected":false},"excerpt":{"rendered":"<p>Alpago, 11\/08\/2026 &#8211; Anche quest\u2019anno Bruxelles avr\u00e0 uno stand stand informativo alla 32esima edizione del Giro del Lago di Santa Croce (16 agosto 2026). L&#8217; iniziativa, promossa dalla consigliera del Comune di Alpago con delega alle politiche comunitarie Elisabetta Bortoluzzi, in collaborazione con il Centro Europe Direct Montagna Veneta e il Comitato Alpago 2 Ruote [&hellip;]<\/p>\n","protected":false},"author":2,"featured_media":167537,"comment_status":"closed","ping_status":"open","sticky":false,"template":"","format":"standard","meta":{"footnotes":""},"categories":[26,8],"tags":[],"class_list":["post-172594","post","type-post","status-publish","format-standard","has-post-thumbnail","category-prima-pagina","category-societa-istituzioni"],"yoast_head":"<!-- This site is optimized with the Yoast SEO plugin v28.4 - https:\/\/yoast.com\/product\/yoast-seo-wordpress\/ -->\n<title>L\u2019Europa alla 32esima edizione del Giro del Lago di Santa Croce: informazione, solidariet\u00e0 e dialogo con i cittadini - Bellunopress - Dolomiti<\/title>\n<meta name=\"robots\" content=\"index, follow, max-snippet:-1, max-image-preview:large, max-video-preview:-1\" \/>\n<link rel=\"canonical\" href=\"https:\/\/www.bellunopress.it\/fr\/2026\/08\/11\/leuropa-alla-32esima-edizione-del-giro-del-lago-di-santa-croce-informazione-solidarieta-e-dialogo-con-i-cittadini\/\" \/>\n<meta property=\"og:locale\" content=\"fr_FR\" \/>\n<meta property=\"og:type\" content=\"article\" \/>\n<meta property=\"og:title\" content=\"L\u2019Europa alla 32esima edizione del Giro del Lago di Santa Croce: informazione, solidariet\u00e0 e dialogo con i cittadini - Bellunopress - Dolomiti\" \/>\n<meta property=\"og:description\" content=\"Alpago, 11\/08\/2026 &#8211; Anche quest\u2019anno Bruxelles avr\u00e0 uno stand stand informativo alla 32esima edizione del Giro del Lago di Santa Croce (16 agosto 2026). L&#8217; iniziativa, promossa dalla consigliera del Comune di Alpago con delega alle politiche comunitarie Elisabetta Bortoluzzi, in collaborazione con il Centro Europe Direct Montagna Veneta e il Comitato Alpago 2 Ruote [&hellip;]\" \/>\n<meta property=\"og:url\" content=\"https:\/\/www.bellunopress.it\/fr\/2026\/08\/11\/leuropa-alla-32esima-edizione-del-giro-del-lago-di-santa-croce-informazione-solidarieta-e-dialogo-con-i-cittadini\/\" \/>\n<meta property=\"og:site_name\" content=\"Bellunopress - Dolomiti\" \/>\n<meta property=\"article:publisher\" content=\"https:\/\/www.facebook.com\/profile.php?id=100008943462799\" \/>\n<meta property=\"article:published_time\" content=\"2026-08-11T08:56:35+00:00\" \/>\n<meta property=\"og:image\" content=\"https:\/\/www.bellunopress.it\/wp-content\/uploads\/2026\/02\/Elisabetta-Bortoluzzi-consigliere-com-Alpago.jpg\" \/>\n\t<meta property=\"og:image:width\" content=\"500\" \/>\n\t<meta property=\"og:image:height\" content=\"380\" \/>\n\t<meta property=\"og:image:type\" content=\"image\/jpeg\" \/>\n<meta name=\"author\" content=\"redazione\" \/>\n<meta name=\"twitter:card\" content=\"summary_large_image\" \/>\n<meta name=\"twitter:creator\" content=\"@bellunopress\" \/>\n<meta name=\"twitter:site\" content=\"@bellunopress\" \/>\n<meta name=\"twitter:label1\" content=\"\u00c9crit par\" \/>\n\t<meta name=\"twitter:data1\" content=\"redazione\" \/>\n\t<meta name=\"twitter:label2\" content=\"Dur\u00e9e de lecture estim\u00e9e\" \/>\n\t<meta name=\"twitter:data2\" content=\"3 minutes\" \/>\n<script type=\"application\/ld+json\" class=\"yoast-schema-graph\">{\"@context\":\"https:\\\/\\\/schema.org\",\"@graph\":[{\"@type\":\"Article\",\"@id\":\"https:\\\/\\\/www.bellunopress.it\\\/2026\\\/08\\\/11\\\/leuropa-alla-32esima-edizione-del-giro-del-lago-di-santa-croce-informazione-solidarieta-e-dialogo-con-i-cittadini\\\/#article\",\"isPartOf\":{\"@id\":\"https:\\\/\\\/www.bellunopress.it\\\/2026\\\/08\\\/11\\\/leuropa-alla-32esima-edizione-del-giro-del-lago-di-santa-croce-informazione-solidarieta-e-dialogo-con-i-cittadini\\\/\"},\"author\":{\"name\":\"redazione\",\"@id\":\"https:\\\/\\\/www.bellunopress.it\\\/#\\\/schema\\\/person\\\/79bb06722b37ece1c03d3e94beb30d73\"},\"headline\":\"L\u2019Europa alla 32esima edizione del Giro del Lago di Santa Croce: informazione, solidariet\u00e0 e dialogo con i cittadini\",\"datePublished\":\"2026-08-11T08:56:35+00:00\",\"mainEntityOfPage\":{\"@id\":\"https:\\\/\\\/www.bellunopress.it\\\/2026\\\/08\\\/11\\\/leuropa-alla-32esima-edizione-del-giro-del-lago-di-santa-croce-informazione-solidarieta-e-dialogo-con-i-cittadini\\\/\"},\"wordCount\":426,\"publisher\":{\"@id\":\"https:\\\/\\\/www.bellunopress.it\\\/#organization\"},\"image\":{\"@id\":\"https:\\\/\\\/www.bellunopress.it\\\/2026\\\/08\\\/11\\\/leuropa-alla-32esima-edizione-del-giro-del-lago-di-santa-croce-informazione-solidarieta-e-dialogo-con-i-cittadini\\\/#primaryimage\"},\"thumbnailUrl\":\"https:\\\/\\\/www.bellunopress.it\\\/wp-content\\\/uploads\\\/2026\\\/02\\\/Elisabetta-Bortoluzzi-consigliere-com-Alpago.jpg\",\"articleSection\":[\"Prima Pagina\",\"Societ\u00e0, Associazioni, Istituzioni\"],\"inLanguage\":\"fr-FR\"},{\"@type\":\"WebPage\",\"@id\":\"https:\\\/\\\/www.bellunopress.it\\\/2026\\\/08\\\/11\\\/leuropa-alla-32esima-edizione-del-giro-del-lago-di-santa-croce-informazione-solidarieta-e-dialogo-con-i-cittadini\\\/\",\"url\":\"https:\\\/\\\/www.bellunopress.it\\\/2026\\\/08\\\/11\\\/leuropa-alla-32esima-edizione-del-giro-del-lago-di-santa-croce-informazione-solidarieta-e-dialogo-con-i-cittadini\\\/\",\"name\":\"L\u2019Europa alla 32esima edizione del Giro del Lago di Santa Croce: informazione, solidariet\u00e0 e dialogo con i cittadini - Bellunopress - Dolomiti\",\"isPartOf\":{\"@id\":\"https:\\\/\\\/www.bellunopress.it\\\/#website\"},\"primaryImageOfPage\":{\"@id\":\"https:\\\/\\\/www.bellunopress.it\\\/2026\\\/08\\\/11\\\/leuropa-alla-32esima-edizione-del-giro-del-lago-di-santa-croce-informazione-solidarieta-e-dialogo-con-i-cittadini\\\/#primaryimage\"},\"image\":{\"@id\":\"https:\\\/\\\/www.bellunopress.it\\\/2026\\\/08\\\/11\\\/leuropa-alla-32esima-edizione-del-giro-del-lago-di-santa-croce-informazione-solidarieta-e-dialogo-con-i-cittadini\\\/#primaryimage\"},\"thumbnailUrl\":\"https:\\\/\\\/www.bellunopress.it\\\/wp-content\\\/uploads\\\/2026\\\/02\\\/Elisabetta-Bortoluzzi-consigliere-com-Alpago.jpg\",\"datePublished\":\"2026-08-11T08:56:35+00:00\",\"breadcrumb\":{\"@id\":\"https:\\\/\\\/www.bellunopress.it\\\/2026\\\/08\\\/11\\\/leuropa-alla-32esima-edizione-del-giro-del-lago-di-santa-croce-informazione-solidarieta-e-dialogo-con-i-cittadini\\\/#breadcrumb\"},\"inLanguage\":\"fr-FR\",\"potentialAction\":[{\"@type\":\"ReadAction\",\"target\":[\"https:\\\/\\\/www.bellunopress.it\\\/2026\\\/08\\\/11\\\/leuropa-alla-32esima-edizione-del-giro-del-lago-di-santa-croce-informazione-solidarieta-e-dialogo-con-i-cittadini\\\/\"]}]},{\"@type\":\"ImageObject\",\"inLanguage\":\"fr-FR\",\"@id\":\"https:\\\/\\\/www.bellunopress.it\\\/2026\\\/08\\\/11\\\/leuropa-alla-32esima-edizione-del-giro-del-lago-di-santa-croce-informazione-solidarieta-e-dialogo-con-i-cittadini\\\/#primaryimage\",\"url\":\"https:\\\/\\\/www.bellunopress.it\\\/wp-content\\\/uploads\\\/2026\\\/02\\\/Elisabetta-Bortoluzzi-consigliere-com-Alpago.jpg\",\"contentUrl\":\"https:\\\/\\\/www.bellunopress.it\\\/wp-content\\\/uploads\\\/2026\\\/02\\\/Elisabetta-Bortoluzzi-consigliere-com-Alpago.jpg\",\"width\":500,\"height\":380,\"caption\":\"Elisabetta Bortoluzzi, Consigliere comunale del Comune di Alpago con delega alle politiche comunitarie\"},{\"@type\":\"BreadcrumbList\",\"@id\":\"https:\\\/\\\/www.bellunopress.it\\\/2026\\\/08\\\/11\\\/leuropa-alla-32esima-edizione-del-giro-del-lago-di-santa-croce-informazione-solidarieta-e-dialogo-con-i-cittadini\\\/#breadcrumb\",\"itemListElement\":[{\"@type\":\"ListItem\",\"position\":1,\"name\":\"Home\",\"item\":\"https:\\\/\\\/www.bellunopress.it\\\/\"},{\"@type\":\"ListItem\",\"position\":2,\"name\":\"L\u2019Europa alla 32esima edizione del Giro del Lago di Santa Croce: informazione, solidariet\u00e0 e dialogo con i cittadini\"}]},{\"@type\":\"WebSite\",\"@id\":\"https:\\\/\\\/www.bellunopress.it\\\/#website\",\"url\":\"https:\\\/\\\/www.bellunopress.it\\\/\",\"name\":\"Bellunopress - Dolomiti\",\"description\":\"e-mail: redazione@bellunopress.it\",\"publisher\":{\"@id\":\"https:\\\/\\\/www.bellunopress.it\\\/#organization\"},\"potentialAction\":[{\"@type\":\"SearchAction\",\"target\":{\"@type\":\"EntryPoint\",\"urlTemplate\":\"https:\\\/\\\/www.bellunopress.it\\\/?s={search_term_string}\"},\"query-input\":{\"@type\":\"PropertyValueSpecification\",\"valueRequired\":true,\"valueName\":\"search_term_string\"}}],\"inLanguage\":\"fr-FR\"},{\"@type\":\"Organization\",\"@id\":\"https:\\\/\\\/www.bellunopress.it\\\/#organization\",\"name\":\"Bellunopress\",\"url\":\"https:\\\/\\\/www.bellunopress.it\\\/\",\"logo\":{\"@type\":\"ImageObject\",\"inLanguage\":\"fr-FR\",\"@id\":\"https:\\\/\\\/www.bellunopress.it\\\/#\\\/schema\\\/logo\\\/image\\\/\",\"url\":\"https:\\\/\\\/www.bellunopress.it\\\/wp-content\\\/uploads\\\/2011\\\/05\\\/cropped-logo-bellunopress-.jpg\",\"contentUrl\":\"https:\\\/\\\/www.bellunopress.it\\\/wp-content\\\/uploads\\\/2011\\\/05\\\/cropped-logo-bellunopress-.jpg\",\"width\":512,\"height\":512,\"caption\":\"Bellunopress\"},\"image\":{\"@id\":\"https:\\\/\\\/www.bellunopress.it\\\/#\\\/schema\\\/logo\\\/image\\\/\"},\"sameAs\":[\"https:\\\/\\\/www.facebook.com\\\/profile.php?id=100008943462799\",\"https:\\\/\\\/x.com\\\/bellunopress\",\"https:\\\/\\\/www.linkedin.com\\\/hp\\\/?dnr=JBzUWaJfMUw8vbXJJ2tVW5-I3jZKvC4wsoxE&amp;amp;amp;amp;amp;amp;trk=nav_responsive_tab_home\",\"https:\\\/\\\/www.youtube.com\\\/channel\\\/UCxL0wu1uN0_3_7hGG0306cw\"]},{\"@type\":\"Person\",\"@id\":\"https:\\\/\\\/www.bellunopress.it\\\/#\\\/schema\\\/person\\\/79bb06722b37ece1c03d3e94beb30d73\",\"name\":\"redazione\",\"image\":{\"@type\":\"ImageObject\",\"inLanguage\":\"fr-FR\",\"@id\":\"https:\\\/\\\/secure.gravatar.com\\\/avatar\\\/37d968a2e67a6fd04c169c4bdef102d0bc5d31b2546345219e348575eb80e9a0?s=96&d=mm&r=g\",\"url\":\"https:\\\/\\\/secure.gravatar.com\\\/avatar\\\/37d968a2e67a6fd04c169c4bdef102d0bc5d31b2546345219e348575eb80e9a0?s=96&d=mm&r=g\",\"contentUrl\":\"https:\\\/\\\/secure.gravatar.com\\\/avatar\\\/37d968a2e67a6fd04c169c4bdef102d0bc5d31b2546345219e348575eb80e9a0?s=96&d=mm&r=g\",\"caption\":\"redazione\"},\"sameAs\":[\"http:\\\/\\\/www.bellunopress.it\",\"https:\\\/\\\/x.com\\\/bellunopress\"],\"url\":\"https:\\\/\\\/www.bellunopress.it\\\/fr\\\/author\\\/redazione\\\/\"}]}<\/script>\n<!-- \/ Yoast SEO plugin. -->","yoast_head_json":{"title":"L\u2019Europa alla 32esima edizione del Giro del Lago di Santa Croce: informazione, solidariet\u00e0 e dialogo con i cittadini - Bellunopress - Dolomiti","robots":{"index":"index","follow":"follow","max-snippet":"max-snippet:-1","max-image-preview":"max-image-preview:large","max-video-preview":"max-video-preview:-1"},"canonical":"https:\/\/www.bellunopress.it\/fr\/2026\/08\/11\/leuropa-alla-32esima-edizione-del-giro-del-lago-di-santa-croce-informazione-solidarieta-e-dialogo-con-i-cittadini\/","og_locale":"fr_FR","og_type":"article","og_title":"L\u2019Europa alla 32esima edizione del Giro del Lago di Santa Croce: informazione, solidariet\u00e0 e dialogo con i cittadini - Bellunopress - Dolomiti","og_description":"Alpago, 11\/08\/2026 &#8211; Anche quest\u2019anno Bruxelles avr\u00e0 uno stand stand informativo alla 32esima edizione del Giro del Lago di Santa Croce (16 agosto 2026). L&#8217; iniziativa, promossa dalla consigliera del Comune di Alpago con delega alle politiche comunitarie Elisabetta Bortoluzzi, in collaborazione con il Centro Europe Direct Montagna Veneta e il Comitato Alpago 2 Ruote [&hellip;]","og_url":"https:\/\/www.bellunopress.it\/fr\/2026\/08\/11\/leuropa-alla-32esima-edizione-del-giro-del-lago-di-santa-croce-informazione-solidarieta-e-dialogo-con-i-cittadini\/","og_site_name":"Bellunopress - Dolomiti","article_publisher":"https:\/\/www.facebook.com\/profile.php?id=100008943462799","article_published_time":"2026-08-11T08:56:35+00:00","og_image":[{"width":500,"height":380,"url":"https:\/\/www.bellunopress.it\/wp-content\/uploads\/2026\/02\/Elisabetta-Bortoluzzi-consigliere-com-Alpago.jpg","type":"image\/jpeg"}],"author":"redazione","twitter_card":"summary_large_image","twitter_creator":"@bellunopress","twitter_site":"@bellunopress","twitter_misc":{"\u00c9crit par":"redazione","Dur\u00e9e de lecture estim\u00e9e":"3 minutes"},"schema":{"@context":"https:\/\/schema.org","@graph":[{"@type":"Article","@id":"https:\/\/www.bellunopress.it\/2026\/08\/11\/leuropa-alla-32esima-edizione-del-giro-del-lago-di-santa-croce-informazione-solidarieta-e-dialogo-con-i-cittadini\/#article","isPartOf":{"@id":"https:\/\/www.bellunopress.it\/2026\/08\/11\/leuropa-alla-32esima-edizione-del-giro-del-lago-di-santa-croce-informazione-solidarieta-e-dialogo-con-i-cittadini\/"},"author":{"name":"redazione","@id":"https:\/\/www.bellunopress.it\/#\/schema\/person\/79bb06722b37ece1c03d3e94beb30d73"},"headline":"L\u2019Europa alla 32esima edizione del Giro del Lago di Santa Croce: informazione, solidariet\u00e0 e dialogo con i cittadini","datePublished":"2026-08-11T08:56:35+00:00","mainEntityOfPage":{"@id":"https:\/\/www.bellunopress.it\/2026\/08\/11\/leuropa-alla-32esima-edizione-del-giro-del-lago-di-santa-croce-informazione-solidarieta-e-dialogo-con-i-cittadini\/"},"wordCount":426,"publisher":{"@id":"https:\/\/www.bellunopress.it\/#organization"},"image":{"@id":"https:\/\/www.bellunopress.it\/2026\/08\/11\/leuropa-alla-32esima-edizione-del-giro-del-lago-di-santa-croce-informazione-solidarieta-e-dialogo-con-i-cittadini\/#primaryimage"},"thumbnailUrl":"https:\/\/www.bellunopress.it\/wp-content\/uploads\/2026\/02\/Elisabetta-Bortoluzzi-consigliere-com-Alpago.jpg","articleSection":["Prima Pagina","Societ\u00e0, Associazioni, Istituzioni"],"inLanguage":"fr-FR"},{"@type":"WebPage","@id":"https:\/\/www.bellunopress.it\/2026\/08\/11\/leuropa-alla-32esima-edizione-del-giro-del-lago-di-santa-croce-informazione-solidarieta-e-dialogo-con-i-cittadini\/","url":"https:\/\/www.bellunopress.it\/2026\/08\/11\/leuropa-alla-32esima-edizione-del-giro-del-lago-di-santa-croce-informazione-solidarieta-e-dialogo-con-i-cittadini\/","name":"L\u2019Europa alla 32esima edizione del Giro del Lago di Santa Croce: informazione, solidariet\u00e0 e dialogo con i cittadini - Bellunopress - Dolomiti","isPartOf":{"@id":"https:\/\/www.bellunopress.it\/#website"},"primaryImageOfPage":{"@id":"https:\/\/www.bellunopress.it\/2026\/08\/11\/leuropa-alla-32esima-edizione-del-giro-del-lago-di-santa-croce-informazione-solidarieta-e-dialogo-con-i-cittadini\/#primaryimage"},"image":{"@id":"https:\/\/www.bellunopress.it\/2026\/08\/11\/leuropa-alla-32esima-edizione-del-giro-del-lago-di-santa-croce-informazione-solidarieta-e-dialogo-con-i-cittadini\/#primaryimage"},"thumbnailUrl":"https:\/\/www.bellunopress.it\/wp-content\/uploads\/2026\/02\/Elisabetta-Bortoluzzi-consigliere-com-Alpago.jpg","datePublished":"2026-08-11T08:56:35+00:00","breadcrumb":{"@id":"https:\/\/www.bellunopress.it\/2026\/08\/11\/leuropa-alla-32esima-edizione-del-giro-del-lago-di-santa-croce-informazione-solidarieta-e-dialogo-con-i-cittadini\/#breadcrumb"},"inLanguage":"fr-FR","potentialAction":[{"@type":"ReadAction","target":["https:\/\/www.bellunopress.it\/2026\/08\/11\/leuropa-alla-32esima-edizione-del-giro-del-lago-di-santa-croce-informazione-solidarieta-e-dialogo-con-i-cittadini\/"]}]},{"@type":"ImageObject","inLanguage":"fr-FR","@id":"https:\/\/www.bellunopress.it\/2026\/08\/11\/leuropa-alla-32esima-edizione-del-giro-del-lago-di-santa-croce-informazione-solidarieta-e-dialogo-con-i-cittadini\/#primaryimage","url":"https:\/\/www.bellunopress.it\/wp-content\/uploads\/2026\/02\/Elisabetta-Bortoluzzi-consigliere-com-Alpago.jpg","contentUrl":"https:\/\/www.bellunopress.it\/wp-content\/uploads\/2026\/02\/Elisabetta-Bortoluzzi-consigliere-com-Alpago.jpg","width":500,"height":380,"caption":"Elisabetta Bortoluzzi, Consigliere comunale del Comune di Alpago con delega alle politiche comunitarie"},{"@type":"BreadcrumbList","@id":"https:\/\/www.bellunopress.it\/2026\/08\/11\/leuropa-alla-32esima-edizione-del-giro-del-lago-di-santa-croce-informazione-solidarieta-e-dialogo-con-i-cittadini\/#breadcrumb","itemListElement":[{"@type":"ListItem","position":1,"name":"Home","item":"https:\/\/www.bellunopress.it\/"},{"@type":"ListItem","position":2,"name":"L\u2019Europa alla 32esima edizione del Giro del Lago di Santa Croce: informazione, solidariet\u00e0 e dialogo con i cittadini"}]},{"@type":"WebSite","@id":"https:\/\/www.bellunopress.it\/#website","url":"https:\/\/www.bellunopress.it\/","name":"Bellunopress - Dolomiti","description":"e-mail: redazione@bellunopress.it","publisher":{"@id":"https:\/\/www.bellunopress.it\/#organization"},"potentialAction":[{"@type":"SearchAction","target":{"@type":"EntryPoint","urlTemplate":"https:\/\/www.bellunopress.it\/?s={search_term_string}"},"query-input":{"@type":"PropertyValueSpecification","valueRequired":true,"valueName":"search_term_string"}}],"inLanguage":"fr-FR"},{"@type":"Organization","@id":"https:\/\/www.bellunopress.it\/#organization","name":"Bellunopress","url":"https:\/\/www.bellunopress.it\/","logo":{"@type":"ImageObject","inLanguage":"fr-FR","@id":"https:\/\/www.bellunopress.it\/#\/schema\/logo\/image\/","url":"https:\/\/www.bellunopress.it\/wp-content\/uploads\/2011\/05\/cropped-logo-bellunopress-.jpg","contentUrl":"https:\/\/www.bellunopress.it\/wp-content\/uploads\/2011\/05\/cropped-logo-bellunopress-.jpg","width":512,"height":512,"caption":"Bellunopress"},"image":{"@id":"https:\/\/www.bellunopress.it\/#\/schema\/logo\/image\/"},"sameAs":["https:\/\/www.facebook.com\/profile.php?id=100008943462799","https:\/\/x.com\/bellunopress","https:\/\/www.linkedin.com\/hp\/?dnr=JBzUWaJfMUw8vbXJJ2tVW5-I3jZKvC4wsoxE&amp;amp;amp;amp;amp;amp;trk=nav_responsive_tab_home","https:\/\/www.youtube.com\/channel\/UCxL0wu1uN0_3_7hGG0306cw"]},{"@type":"Person","@id":"https:\/\/www.bellunopress.it\/#\/schema\/person\/79bb06722b37ece1c03d3e94beb30d73","name":"r\u00e9daction","image":{"@type":"ImageObject","inLanguage":"fr-FR","@id":"https:\/\/secure.gravatar.com\/avatar\/37d968a2e67a6fd04c169c4bdef102d0bc5d31b2546345219e348575eb80e9a0?s=96&d=mm&r=g","url":"https:\/\/secure.gravatar.com\/avatar\/37d968a2e67a6fd04c169c4bdef102d0bc5d31b2546345219e348575eb80e9a0?s=96&d=mm&r=g","contentUrl":"https:\/\/secure.gravatar.com\/avatar\/37d968a2e67a6fd04c169c4bdef102d0bc5d31b2546345219e348575eb80e9a0?s=96&d=mm&r=g","caption":"redazione"},"sameAs":["http:\/\/www.bellunopress.it","https:\/\/x.com\/bellunopress"],"url":"https:\/\/www.bellunopress.it\/fr\/author\/redazione\/"}]}},"_links":{"self":[{"href":"https:\/\/www.bellunopress.it\/fr\/wp-json\/wp\/v2\/posts\/172594","targetHints":{"allow":["GET"]}}],"collection":[{"href":"https:\/\/www.bellunopress.it\/fr\/wp-json\/wp\/v2\/posts"}],"about":[{"href":"https:\/\/www.bellunopress.it\/fr\/wp-json\/wp\/v2\/types\/post"}],"author":[{"embeddable":true,"href":"https:\/\/www.bellunopress.it\/fr\/wp-json\/wp\/v2\/users\/2"}],"replies":[{"embeddable":true,"href":"https:\/\/www.bellunopress.it\/fr\/wp-json\/wp\/v2\/comments?post=172594"}],"version-history":[{"count":1,"href":"https:\/\/www.bellunopress.it\/fr\/wp-json\/wp\/v2\/posts\/172594\/revisions"}],"predecessor-version":[{"id":172595,"href":"https:\/\/www.bellunopress.it\/fr\/wp-json\/wp\/v2\/posts\/172594\/revisions\/172595"}],"wp:featuredmedia":[{"embeddable":true,"href":"https:\/\/www.bellunopress.it\/fr\/wp-json\/wp\/v2\/media\/167537"}],"wp:attachment":[{"href":"https:\/\/www.bellunopress.it\/fr\/wp-json\/wp\/v2\/media?parent=172594"}],"wp:term":[{"taxonomy":"category","embeddable":true,"href":"https:\/\/www.bellunopress.it\/fr\/wp-json\/wp\/v2\/categories?post=172594"},{"taxonomy":"post_tag","embeddable":true,"href":"https:\/\/www.bellunopress.it\/fr\/wp-json\/wp\/v2\/tags?post=172594"}],"curies":[{"name":"wp","href":"https:\/\/api.w.org\/{rel}","templated":true}]}}