{"id":172582,"date":"2026-08-10T15:32:44","date_gmt":"2026-08-10T13:32:44","guid":{"rendered":"https:\/\/www.bellunopress.it\/?p=172582"},"modified":"2026-08-10T15:32:44","modified_gmt":"2026-08-10T13:32:44","slug":"nevegal-la-voce-della-comunita-contro-la-narrazione-del-degrado","status":"publish","type":"post","link":"https:\/\/www.bellunopress.it\/fr\/2026\/08\/10\/nevegal-la-voce-della-comunita-contro-la-narrazione-del-degrado\/","title":{"rendered":"Nevegal: la voce della comunit\u00e0 contro la narrazione del degrado"},"content":{"rendered":"<p><strong>La risposta del capo frazione Daniele Libralon: &#8220;Il nostro non \u00e8 un rilancio mancato, ma un percorso che costruiamo giorno dopo giorno&#8221;<\/strong><\/p>\n<p>Belluno, 10 agosto 2026 \u2013 Il Nevegal, storica meta montana della Valbelluna, si trova al centro di un acceso dibattito. Dopo la pubblicazione di un recente articolo sulla stampa locale che descriveva la localit\u00e0 come un &#8220;viaggio dentro un rilancio che non \u00e8 mai nato&#8221;, la comunit\u00e0 locale non ha tardato a rispondere. A farsi portavoce del malcontento dei residenti \u00e8 Daniele Libralon,<br \/>\ncapo frazione del Nevegal, che rivendica una visione del territorio ben diversa da quella di un luogo in abbandono.<\/p>\n<p>Oltre le ferite: la realt\u00e0 del territorio<br \/>\nLibralon riconosce le criticit\u00e0 che da tempo affliggono la localit\u00e0, citando apertamente strutture simbolo di un passato recente complesso, come il Rifugio Brigata Cadore, l&#8217;ex stazione della seggiovia e l&#8217;Hotel Olimpo. &#8220;Queste sono ferite aperte, segno di anni difficili e promesse mancate&#8221;, ammette. Tuttavia, il capo frazione sottolinea con fermezza che limitarsi a questo sguardo \u00e8 non solo parziale, ma ingiusto nei confronti di chi ogni giorno vive e investe nella montagna.<\/p>\n<p>Il Nevegal &#8211; sostiene Libralon &#8211; oggi \u00e8 un luogo vitale dove ogni fine settimana genitori e bambini trovano spazi per sport, gioco e relax. Una rete di operatori, B&amp;B e bar che hanno scelto di scommettere sul futuro della frazione. Volontari costantemente impegnati nella manutenzione dei sentieri e nell&#8217;organizzazione di eventi che animano il territorio. Un panorama unico sulla Valbelluna che resta una risorsa di inestimabile valore.<\/p>\n<p>Un rilancio concreto<br \/>\nIl messaggio di Libralon \u00e8 chiaro: la narrazione del &#8220;degrado&#8221; oscura il fermento positivo che sta trasformando il Nevegal. &#8220;Il Nevegal non \u00e8 morto&#8221;, ribadisce il capo frazione, definendo il processo in atto come &#8220;un rilancio che sta nascendo, un mattone alla volta&#8221;.<br \/>\nL&#8217;appello finale \u00e8 rivolto ai media e all&#8217;opinione pubblica: guardare oltre gli edifici fatiscenti per cogliere le storie di chi, con cuore e passione, sta costruendo il domani di questa montagna. La sfida, dunque, \u00e8 quella di una narrazione nuova, che sappia valorizzare la resistenza e la voglia di futuro di una comunit\u00e0 che non si arrende.<\/p>\n<p>&nbsp;<\/p>","protected":false},"excerpt":{"rendered":"<p>La risposta del capo frazione Daniele Libralon: &#8220;Il nostro non \u00e8 un rilancio mancato, ma un percorso che costruiamo giorno dopo giorno&#8221; Belluno, 10 agosto 2026 \u2013 Il Nevegal, storica meta montana della Valbelluna, si trova al centro di un acceso dibattito. Dopo la pubblicazione di un recente articolo sulla stampa locale che descriveva la [&hellip;]<\/p>\n","protected":false},"author":2,"featured_media":158391,"comment_status":"closed","ping_status":"open","sticky":false,"template":"","format":"standard","meta":{"footnotes":""},"categories":[26,8],"tags":[],"class_list":["post-172582","post","type-post","status-publish","format-standard","has-post-thumbnail","category-prima-pagina","category-societa-istituzioni"],"yoast_head":"<!-- This site is optimized with the Yoast SEO plugin v28.4 - https:\/\/yoast.com\/product\/yoast-seo-wordpress\/ -->\n<title>Nevegal: la voce della comunit\u00e0 contro la narrazione del degrado - Bellunopress - Dolomiti<\/title>\n<meta name=\"robots\" content=\"index, follow, max-snippet:-1, max-image-preview:large, max-video-preview:-1\" \/>\n<link rel=\"canonical\" href=\"https:\/\/www.bellunopress.it\/fr\/2026\/08\/10\/nevegal-la-voce-della-comunita-contro-la-narrazione-del-degrado\/\" \/>\n<meta property=\"og:locale\" content=\"fr_FR\" \/>\n<meta property=\"og:type\" content=\"article\" \/>\n<meta property=\"og:title\" content=\"Nevegal: la voce della comunit\u00e0 contro la narrazione del degrado - Bellunopress - Dolomiti\" \/>\n<meta property=\"og:description\" content=\"La risposta del capo frazione Daniele Libralon: &#8220;Il nostro non \u00e8 un rilancio mancato, ma un percorso che costruiamo giorno dopo giorno&#8221; Belluno, 10 agosto 2026 \u2013 Il Nevegal, storica meta montana della Valbelluna, si trova al centro di un acceso dibattito. Dopo la pubblicazione di un recente articolo sulla stampa locale che descriveva la [&hellip;]\" \/>\n<meta property=\"og:url\" content=\"https:\/\/www.bellunopress.it\/fr\/2026\/08\/10\/nevegal-la-voce-della-comunita-contro-la-narrazione-del-degrado\/\" \/>\n<meta property=\"og:site_name\" content=\"Bellunopress - Dolomiti\" \/>\n<meta property=\"article:publisher\" content=\"https:\/\/www.facebook.com\/profile.php?id=100008943462799\" \/>\n<meta property=\"article:published_time\" content=\"2026-08-10T13:32:44+00:00\" \/>\n<meta property=\"og:image\" content=\"https:\/\/www.bellunopress.it\/wp-content\/uploads\/2025\/03\/Daniele-Libralon_edited.jpg\" \/>\n\t<meta property=\"og:image:width\" content=\"1000\" \/>\n\t<meta property=\"og:image:height\" content=\"757\" \/>\n\t<meta property=\"og:image:type\" content=\"image\/jpeg\" \/>\n<meta name=\"author\" content=\"redazione\" \/>\n<meta name=\"twitter:card\" content=\"summary_large_image\" \/>\n<meta name=\"twitter:creator\" content=\"@bellunopress\" \/>\n<meta name=\"twitter:site\" content=\"@bellunopress\" \/>\n<meta name=\"twitter:label1\" content=\"\u00c9crit par\" \/>\n\t<meta name=\"twitter:data1\" content=\"redazione\" \/>\n\t<meta name=\"twitter:label2\" content=\"Dur\u00e9e de lecture estim\u00e9e\" \/>\n\t<meta name=\"twitter:data2\" content=\"3 minutes\" \/>\n<script type=\"application\/ld+json\" class=\"yoast-schema-graph\">{\"@context\":\"https:\\\/\\\/schema.org\",\"@graph\":[{\"@type\":\"Article\",\"@id\":\"https:\\\/\\\/www.bellunopress.it\\\/2026\\\/08\\\/10\\\/nevegal-la-voce-della-comunita-contro-la-narrazione-del-degrado\\\/#article\",\"isPartOf\":{\"@id\":\"https:\\\/\\\/www.bellunopress.it\\\/2026\\\/08\\\/10\\\/nevegal-la-voce-della-comunita-contro-la-narrazione-del-degrado\\\/\"},\"author\":{\"name\":\"redazione\",\"@id\":\"https:\\\/\\\/www.bellunopress.it\\\/#\\\/schema\\\/person\\\/79bb06722b37ece1c03d3e94beb30d73\"},\"headline\":\"Nevegal: la voce della comunit\u00e0 contro la narrazione del degrado\",\"datePublished\":\"2026-08-10T13:32:44+00:00\",\"mainEntityOfPage\":{\"@id\":\"https:\\\/\\\/www.bellunopress.it\\\/2026\\\/08\\\/10\\\/nevegal-la-voce-della-comunita-contro-la-narrazione-del-degrado\\\/\"},\"wordCount\":360,\"publisher\":{\"@id\":\"https:\\\/\\\/www.bellunopress.it\\\/#organization\"},\"image\":{\"@id\":\"https:\\\/\\\/www.bellunopress.it\\\/2026\\\/08\\\/10\\\/nevegal-la-voce-della-comunita-contro-la-narrazione-del-degrado\\\/#primaryimage\"},\"thumbnailUrl\":\"https:\\\/\\\/www.bellunopress.it\\\/wp-content\\\/uploads\\\/2025\\\/03\\\/Daniele-Libralon_edited.jpg\",\"articleSection\":[\"Prima Pagina\",\"Societ\u00e0, Associazioni, Istituzioni\"],\"inLanguage\":\"fr-FR\"},{\"@type\":\"WebPage\",\"@id\":\"https:\\\/\\\/www.bellunopress.it\\\/2026\\\/08\\\/10\\\/nevegal-la-voce-della-comunita-contro-la-narrazione-del-degrado\\\/\",\"url\":\"https:\\\/\\\/www.bellunopress.it\\\/2026\\\/08\\\/10\\\/nevegal-la-voce-della-comunita-contro-la-narrazione-del-degrado\\\/\",\"name\":\"Nevegal: la voce della comunit\u00e0 contro la narrazione del degrado - Bellunopress - Dolomiti\",\"isPartOf\":{\"@id\":\"https:\\\/\\\/www.bellunopress.it\\\/#website\"},\"primaryImageOfPage\":{\"@id\":\"https:\\\/\\\/www.bellunopress.it\\\/2026\\\/08\\\/10\\\/nevegal-la-voce-della-comunita-contro-la-narrazione-del-degrado\\\/#primaryimage\"},\"image\":{\"@id\":\"https:\\\/\\\/www.bellunopress.it\\\/2026\\\/08\\\/10\\\/nevegal-la-voce-della-comunita-contro-la-narrazione-del-degrado\\\/#primaryimage\"},\"thumbnailUrl\":\"https:\\\/\\\/www.bellunopress.it\\\/wp-content\\\/uploads\\\/2025\\\/03\\\/Daniele-Libralon_edited.jpg\",\"datePublished\":\"2026-08-10T13:32:44+00:00\",\"breadcrumb\":{\"@id\":\"https:\\\/\\\/www.bellunopress.it\\\/2026\\\/08\\\/10\\\/nevegal-la-voce-della-comunita-contro-la-narrazione-del-degrado\\\/#breadcrumb\"},\"inLanguage\":\"fr-FR\",\"potentialAction\":[{\"@type\":\"ReadAction\",\"target\":[\"https:\\\/\\\/www.bellunopress.it\\\/2026\\\/08\\\/10\\\/nevegal-la-voce-della-comunita-contro-la-narrazione-del-degrado\\\/\"]}]},{\"@type\":\"ImageObject\",\"inLanguage\":\"fr-FR\",\"@id\":\"https:\\\/\\\/www.bellunopress.it\\\/2026\\\/08\\\/10\\\/nevegal-la-voce-della-comunita-contro-la-narrazione-del-degrado\\\/#primaryimage\",\"url\":\"https:\\\/\\\/www.bellunopress.it\\\/wp-content\\\/uploads\\\/2025\\\/03\\\/Daniele-Libralon_edited.jpg\",\"contentUrl\":\"https:\\\/\\\/www.bellunopress.it\\\/wp-content\\\/uploads\\\/2025\\\/03\\\/Daniele-Libralon_edited.jpg\",\"width\":1000,\"height\":757,\"caption\":\"Daniele Libralon, capofrazione Nevegal\"},{\"@type\":\"BreadcrumbList\",\"@id\":\"https:\\\/\\\/www.bellunopress.it\\\/2026\\\/08\\\/10\\\/nevegal-la-voce-della-comunita-contro-la-narrazione-del-degrado\\\/#breadcrumb\",\"itemListElement\":[{\"@type\":\"ListItem\",\"position\":1,\"name\":\"Home\",\"item\":\"https:\\\/\\\/www.bellunopress.it\\\/\"},{\"@type\":\"ListItem\",\"position\":2,\"name\":\"Nevegal: la voce della comunit\u00e0 contro la narrazione del degrado\"}]},{\"@type\":\"WebSite\",\"@id\":\"https:\\\/\\\/www.bellunopress.it\\\/#website\",\"url\":\"https:\\\/\\\/www.bellunopress.it\\\/\",\"name\":\"Bellunopress - Dolomiti\",\"description\":\"e-mail: redazione@bellunopress.it\",\"publisher\":{\"@id\":\"https:\\\/\\\/www.bellunopress.it\\\/#organization\"},\"potentialAction\":[{\"@type\":\"SearchAction\",\"target\":{\"@type\":\"EntryPoint\",\"urlTemplate\":\"https:\\\/\\\/www.bellunopress.it\\\/?s={search_term_string}\"},\"query-input\":{\"@type\":\"PropertyValueSpecification\",\"valueRequired\":true,\"valueName\":\"search_term_string\"}}],\"inLanguage\":\"fr-FR\"},{\"@type\":\"Organization\",\"@id\":\"https:\\\/\\\/www.bellunopress.it\\\/#organization\",\"name\":\"Bellunopress\",\"url\":\"https:\\\/\\\/www.bellunopress.it\\\/\",\"logo\":{\"@type\":\"ImageObject\",\"inLanguage\":\"fr-FR\",\"@id\":\"https:\\\/\\\/www.bellunopress.it\\\/#\\\/schema\\\/logo\\\/image\\\/\",\"url\":\"https:\\\/\\\/www.bellunopress.it\\\/wp-content\\\/uploads\\\/2011\\\/05\\\/cropped-logo-bellunopress-.jpg\",\"contentUrl\":\"https:\\\/\\\/www.bellunopress.it\\\/wp-content\\\/uploads\\\/2011\\\/05\\\/cropped-logo-bellunopress-.jpg\",\"width\":512,\"height\":512,\"caption\":\"Bellunopress\"},\"image\":{\"@id\":\"https:\\\/\\\/www.bellunopress.it\\\/#\\\/schema\\\/logo\\\/image\\\/\"},\"sameAs\":[\"https:\\\/\\\/www.facebook.com\\\/profile.php?id=100008943462799\",\"https:\\\/\\\/x.com\\\/bellunopress\",\"https:\\\/\\\/www.linkedin.com\\\/hp\\\/?dnr=JBzUWaJfMUw8vbXJJ2tVW5-I3jZKvC4wsoxE&amp;amp;amp;amp;amp;amp;trk=nav_responsive_tab_home\",\"https:\\\/\\\/www.youtube.com\\\/channel\\\/UCxL0wu1uN0_3_7hGG0306cw\"]},{\"@type\":\"Person\",\"@id\":\"https:\\\/\\\/www.bellunopress.it\\\/#\\\/schema\\\/person\\\/79bb06722b37ece1c03d3e94beb30d73\",\"name\":\"redazione\",\"image\":{\"@type\":\"ImageObject\",\"inLanguage\":\"fr-FR\",\"@id\":\"https:\\\/\\\/secure.gravatar.com\\\/avatar\\\/37d968a2e67a6fd04c169c4bdef102d0bc5d31b2546345219e348575eb80e9a0?s=96&d=mm&r=g\",\"url\":\"https:\\\/\\\/secure.gravatar.com\\\/avatar\\\/37d968a2e67a6fd04c169c4bdef102d0bc5d31b2546345219e348575eb80e9a0?s=96&d=mm&r=g\",\"contentUrl\":\"https:\\\/\\\/secure.gravatar.com\\\/avatar\\\/37d968a2e67a6fd04c169c4bdef102d0bc5d31b2546345219e348575eb80e9a0?s=96&d=mm&r=g\",\"caption\":\"redazione\"},\"sameAs\":[\"http:\\\/\\\/www.bellunopress.it\",\"https:\\\/\\\/x.com\\\/bellunopress\"],\"url\":\"https:\\\/\\\/www.bellunopress.it\\\/fr\\\/author\\\/redazione\\\/\"}]}<\/script>\n<!-- \/ Yoast SEO plugin. -->","yoast_head_json":{"title":"Nevegal: la voce della comunit\u00e0 contro la narrazione del degrado - Bellunopress - Dolomiti","robots":{"index":"index","follow":"follow","max-snippet":"max-snippet:-1","max-image-preview":"max-image-preview:large","max-video-preview":"max-video-preview:-1"},"canonical":"https:\/\/www.bellunopress.it\/fr\/2026\/08\/10\/nevegal-la-voce-della-comunita-contro-la-narrazione-del-degrado\/","og_locale":"fr_FR","og_type":"article","og_title":"Nevegal: la voce della comunit\u00e0 contro la narrazione del degrado - Bellunopress - Dolomiti","og_description":"La risposta del capo frazione Daniele Libralon: &#8220;Il nostro non \u00e8 un rilancio mancato, ma un percorso che costruiamo giorno dopo giorno&#8221; Belluno, 10 agosto 2026 \u2013 Il Nevegal, storica meta montana della Valbelluna, si trova al centro di un acceso dibattito. Dopo la pubblicazione di un recente articolo sulla stampa locale che descriveva la [&hellip;]","og_url":"https:\/\/www.bellunopress.it\/fr\/2026\/08\/10\/nevegal-la-voce-della-comunita-contro-la-narrazione-del-degrado\/","og_site_name":"Bellunopress - Dolomiti","article_publisher":"https:\/\/www.facebook.com\/profile.php?id=100008943462799","article_published_time":"2026-08-10T13:32:44+00:00","og_image":[{"width":1000,"height":757,"url":"https:\/\/www.bellunopress.it\/wp-content\/uploads\/2025\/03\/Daniele-Libralon_edited.jpg","type":"image\/jpeg"}],"author":"redazione","twitter_card":"summary_large_image","twitter_creator":"@bellunopress","twitter_site":"@bellunopress","twitter_misc":{"\u00c9crit par":"redazione","Dur\u00e9e de lecture estim\u00e9e":"3 minutes"},"schema":{"@context":"https:\/\/schema.org","@graph":[{"@type":"Article","@id":"https:\/\/www.bellunopress.it\/2026\/08\/10\/nevegal-la-voce-della-comunita-contro-la-narrazione-del-degrado\/#article","isPartOf":{"@id":"https:\/\/www.bellunopress.it\/2026\/08\/10\/nevegal-la-voce-della-comunita-contro-la-narrazione-del-degrado\/"},"author":{"name":"redazione","@id":"https:\/\/www.bellunopress.it\/#\/schema\/person\/79bb06722b37ece1c03d3e94beb30d73"},"headline":"Nevegal: la voce della comunit\u00e0 contro la narrazione del degrado","datePublished":"2026-08-10T13:32:44+00:00","mainEntityOfPage":{"@id":"https:\/\/www.bellunopress.it\/2026\/08\/10\/nevegal-la-voce-della-comunita-contro-la-narrazione-del-degrado\/"},"wordCount":360,"publisher":{"@id":"https:\/\/www.bellunopress.it\/#organization"},"image":{"@id":"https:\/\/www.bellunopress.it\/2026\/08\/10\/nevegal-la-voce-della-comunita-contro-la-narrazione-del-degrado\/#primaryimage"},"thumbnailUrl":"https:\/\/www.bellunopress.it\/wp-content\/uploads\/2025\/03\/Daniele-Libralon_edited.jpg","articleSection":["Prima Pagina","Societ\u00e0, Associazioni, Istituzioni"],"inLanguage":"fr-FR"},{"@type":"WebPage","@id":"https:\/\/www.bellunopress.it\/2026\/08\/10\/nevegal-la-voce-della-comunita-contro-la-narrazione-del-degrado\/","url":"https:\/\/www.bellunopress.it\/2026\/08\/10\/nevegal-la-voce-della-comunita-contro-la-narrazione-del-degrado\/","name":"Nevegal: la voce della comunit\u00e0 contro la narrazione del degrado - Bellunopress - Dolomiti","isPartOf":{"@id":"https:\/\/www.bellunopress.it\/#website"},"primaryImageOfPage":{"@id":"https:\/\/www.bellunopress.it\/2026\/08\/10\/nevegal-la-voce-della-comunita-contro-la-narrazione-del-degrado\/#primaryimage"},"image":{"@id":"https:\/\/www.bellunopress.it\/2026\/08\/10\/nevegal-la-voce-della-comunita-contro-la-narrazione-del-degrado\/#primaryimage"},"thumbnailUrl":"https:\/\/www.bellunopress.it\/wp-content\/uploads\/2025\/03\/Daniele-Libralon_edited.jpg","datePublished":"2026-08-10T13:32:44+00:00","breadcrumb":{"@id":"https:\/\/www.bellunopress.it\/2026\/08\/10\/nevegal-la-voce-della-comunita-contro-la-narrazione-del-degrado\/#breadcrumb"},"inLanguage":"fr-FR","potentialAction":[{"@type":"ReadAction","target":["https:\/\/www.bellunopress.it\/2026\/08\/10\/nevegal-la-voce-della-comunita-contro-la-narrazione-del-degrado\/"]}]},{"@type":"ImageObject","inLanguage":"fr-FR","@id":"https:\/\/www.bellunopress.it\/2026\/08\/10\/nevegal-la-voce-della-comunita-contro-la-narrazione-del-degrado\/#primaryimage","url":"https:\/\/www.bellunopress.it\/wp-content\/uploads\/2025\/03\/Daniele-Libralon_edited.jpg","contentUrl":"https:\/\/www.bellunopress.it\/wp-content\/uploads\/2025\/03\/Daniele-Libralon_edited.jpg","width":1000,"height":757,"caption":"Daniele Libralon, capofrazione Nevegal"},{"@type":"BreadcrumbList","@id":"https:\/\/www.bellunopress.it\/2026\/08\/10\/nevegal-la-voce-della-comunita-contro-la-narrazione-del-degrado\/#breadcrumb","itemListElement":[{"@type":"ListItem","position":1,"name":"Home","item":"https:\/\/www.bellunopress.it\/"},{"@type":"ListItem","position":2,"name":"Nevegal: la voce della comunit\u00e0 contro la narrazione del degrado"}]},{"@type":"WebSite","@id":"https:\/\/www.bellunopress.it\/#website","url":"https:\/\/www.bellunopress.it\/","name":"Bellunopress - Dolomiti","description":"e-mail: redazione@bellunopress.it","publisher":{"@id":"https:\/\/www.bellunopress.it\/#organization"},"potentialAction":[{"@type":"SearchAction","target":{"@type":"EntryPoint","urlTemplate":"https:\/\/www.bellunopress.it\/?s={search_term_string}"},"query-input":{"@type":"PropertyValueSpecification","valueRequired":true,"valueName":"search_term_string"}}],"inLanguage":"fr-FR"},{"@type":"Organization","@id":"https:\/\/www.bellunopress.it\/#organization","name":"Bellunopress","url":"https:\/\/www.bellunopress.it\/","logo":{"@type":"ImageObject","inLanguage":"fr-FR","@id":"https:\/\/www.bellunopress.it\/#\/schema\/logo\/image\/","url":"https:\/\/www.bellunopress.it\/wp-content\/uploads\/2011\/05\/cropped-logo-bellunopress-.jpg","contentUrl":"https:\/\/www.bellunopress.it\/wp-content\/uploads\/2011\/05\/cropped-logo-bellunopress-.jpg","width":512,"height":512,"caption":"Bellunopress"},"image":{"@id":"https:\/\/www.bellunopress.it\/#\/schema\/logo\/image\/"},"sameAs":["https:\/\/www.facebook.com\/profile.php?id=100008943462799","https:\/\/x.com\/bellunopress","https:\/\/www.linkedin.com\/hp\/?dnr=JBzUWaJfMUw8vbXJJ2tVW5-I3jZKvC4wsoxE&amp;amp;amp;amp;amp;amp;trk=nav_responsive_tab_home","https:\/\/www.youtube.com\/channel\/UCxL0wu1uN0_3_7hGG0306cw"]},{"@type":"Person","@id":"https:\/\/www.bellunopress.it\/#\/schema\/person\/79bb06722b37ece1c03d3e94beb30d73","name":"r\u00e9daction","image":{"@type":"ImageObject","inLanguage":"fr-FR","@id":"https:\/\/secure.gravatar.com\/avatar\/37d968a2e67a6fd04c169c4bdef102d0bc5d31b2546345219e348575eb80e9a0?s=96&d=mm&r=g","url":"https:\/\/secure.gravatar.com\/avatar\/37d968a2e67a6fd04c169c4bdef102d0bc5d31b2546345219e348575eb80e9a0?s=96&d=mm&r=g","contentUrl":"https:\/\/secure.gravatar.com\/avatar\/37d968a2e67a6fd04c169c4bdef102d0bc5d31b2546345219e348575eb80e9a0?s=96&d=mm&r=g","caption":"redazione"},"sameAs":["http:\/\/www.bellunopress.it","https:\/\/x.com\/bellunopress"],"url":"https:\/\/www.bellunopress.it\/fr\/author\/redazione\/"}]}},"_links":{"self":[{"href":"https:\/\/www.bellunopress.it\/fr\/wp-json\/wp\/v2\/posts\/172582","targetHints":{"allow":["GET"]}}],"collection":[{"href":"https:\/\/www.bellunopress.it\/fr\/wp-json\/wp\/v2\/posts"}],"about":[{"href":"https:\/\/www.bellunopress.it\/fr\/wp-json\/wp\/v2\/types\/post"}],"author":[{"embeddable":true,"href":"https:\/\/www.bellunopress.it\/fr\/wp-json\/wp\/v2\/users\/2"}],"replies":[{"embeddable":true,"href":"https:\/\/www.bellunopress.it\/fr\/wp-json\/wp\/v2\/comments?post=172582"}],"version-history":[{"count":1,"href":"https:\/\/www.bellunopress.it\/fr\/wp-json\/wp\/v2\/posts\/172582\/revisions"}],"predecessor-version":[{"id":172583,"href":"https:\/\/www.bellunopress.it\/fr\/wp-json\/wp\/v2\/posts\/172582\/revisions\/172583"}],"wp:featuredmedia":[{"embeddable":true,"href":"https:\/\/www.bellunopress.it\/fr\/wp-json\/wp\/v2\/media\/158391"}],"wp:attachment":[{"href":"https:\/\/www.bellunopress.it\/fr\/wp-json\/wp\/v2\/media?parent=172582"}],"wp:term":[{"taxonomy":"category","embeddable":true,"href":"https:\/\/www.bellunopress.it\/fr\/wp-json\/wp\/v2\/categories?post=172582"},{"taxonomy":"post_tag","embeddable":true,"href":"https:\/\/www.bellunopress.it\/fr\/wp-json\/wp\/v2\/tags?post=172582"}],"curies":[{"name":"wp","href":"https:\/\/api.w.org\/{rel}","templated":true}]}}