{"id":172579,"date":"2026-08-10T14:16:02","date_gmt":"2026-08-10T12:16:02","guid":{"rendered":"https:\/\/www.bellunopress.it\/?p=172579"},"modified":"2026-08-10T14:16:02","modified_gmt":"2026-08-10T12:16:02","slug":"belluno-via-libera-al-progetto-per-lincrocio-tra-viale-europa-e-via-san-gervasio","status":"publish","type":"post","link":"https:\/\/www.bellunopress.it\/fr\/2026\/08\/10\/belluno-via-libera-al-progetto-per-lincrocio-tra-viale-europa-e-via-san-gervasio\/","title":{"rendered":"Belluno. Via libera al progetto per l\u2019incrocio tra viale Europa e via San Gervasio"},"content":{"rendered":"<p>Belluno, 10\/08\/2026 &#8211; E&#8217; stato approvato nei giorni scorsi in sede di Giunta il progetto esecutivo dell&#8217;intervento da 131.541,69 euro, finanziato con risorse del FOSMIT &#8211; Fondo per lo Sviluppo delle Montagne Italiane.<\/p>\n<p>L&#8217;opera prevede la completa riorganizzazione dell&#8217;incrocio tra viale Europa e via San Gervasio, con un nuovo impianto semaforico, attraversamenti pedonali pi\u00f9 sicuri e una nuova organizzazione della viabilit\u00e0, con l&#8217;obiettivo di migliorare la sicurezza di pedoni e automobilisti e favorire il transito delle corriere degli studenti. L&#8217;intervento interesser\u00e0 uno dei nodi viari pi\u00f9 delicati della Citt\u00e0, lungo la Statale 50, dove ogni giorno si concentrano il traffico diretto all&#8217;ospedale, gli autobus del trasporto scolastico e numerosi spostamenti pedonali. \u201c\u00c8 un investimento sulla sicurezza delle nostre strade e sulla qualit\u00e0 della vita dei nostri ragazzi &#8211; dichiara il sindaco Oscar De Pellegrin -. Molte delle opere che stiamo realizzando riqualificano parti della Citt\u00e0, ma soprattutto rendono pi\u00f9 sicuri gli spostamenti quotidiani di chi vive Belluno. Intervenire su un incrocio cos\u00ec trafficato significa ridurre i rischi per automobilisti e pedoni e migliorare la qualit\u00e0 della mobilit\u00e0 urbana, agendo in modo concreto sui punti pi\u00f9 critici della rete viaria. In questo caso il beneficio \u00e8 doppio, perch\u00e9 si andr\u00e0 a snellire il viaggio delle corriere dagli istituti scolastici alla stazione, diminuendo il tempo di percorrenza del tratto\u201d.<\/p>\n<p>L&#8217;INCROCIO E LE CRITICIT\u00c0<br \/>\nL&#8217;intervento interessa il quadrivio tra viale Europa e via San Gervasio, nella zona ovest della Citt\u00e0. Si tratta di un punto particolarmente complesso della viabilit\u00e0 cittadina: il ramo sud di via San Gervasio conduce verso via Feltre attraversando la linea ferroviaria tramite il passaggio a livello, mentre quello nord porta a via Concetto Marchesi, dove si trovano due istituti superiori e una scuola dell&#8217;infanzia. A ci\u00f2 si aggiungono la vicinanza dell&#8217;ospedale, la presenza di attivit\u00e0 commerciali e residenziali e il continuo passaggio degli autobus del trasporto pubblico, con picchi di traffico in corrispondenza dell&#8217;ingresso e dell&#8217;uscita degli studenti dalle scuole.<\/p>\n<p>A rendere particolarmente delicata la gestione dell&#8217;incrocio \u00e8 anche il traffico generato negli orari di uscita dagli istituti superiori. Le corriere che trasportano gli studenti verso il piazzale della stazione ferroviaria, dove sono previste le coincidenze con gli altri mezzi del trasporto pubblico diretti in tutta la provincia, rimangono infatti spesso rallentate dal traffico, con il rischio che gli studenti non riescano a raggiungere in tempo le coincidenze necessarie per fare rientro a casa.<\/p>\n<p>L&#8217;INTERVENTO<br \/>\nPer risolvere queste criticit\u00e0 sar\u00e0 realizzato un nuovo impianto semaforico intelligente, dotato di un sistema capace di rilevare il passaggio degli autobus e di assegnare loro la priorit\u00e0 nell&#8217;attraversamento dell&#8217;incrocio. In questo modo le corriere del trasporto scolastico potranno superare pi\u00f9 rapidamente uno dei punti pi\u00f9 congestionati della viabilit\u00e0 cittadina e raggiungere con maggiore puntualit\u00e0 il piazzale della stazione ferroviaria, facilitando le coincidenze degli studenti con gli altri mezzi pubblici. Contestualmente saranno costruite due isole spartitraffico per regolare meglio i flussi veicolari e sar\u00e0 ridisegnata l&#8217;organizzazione delle corsie: chi proviene dal tratto sud di via San Gervasio potr\u00e0 immettersi su viale Europa esclusivamente svoltando a destra verso l&#8217;ospedale, mentre dal tratto nord saranno disponibili due corsie distinte, una per la svolta verso Feltre e una per proseguire diritto o svoltare verso Belluno.<\/p>\n<p>Il progetto prevede inoltre un importante intervento dedicato alla mobilit\u00e0 pedonale. L&#8217;attuale attraversamento di viale Europa sar\u00e0 spostato e trasformato in un passaggio rettilineo regolato da semaforo, dotato di pulsanti touch, segnalazioni acustiche e percorsi tattili per le persone non vedenti e ipovedenti. Sar\u00e0 inoltre realizzato un nuovo attraversamento pedonale in via San Gervasio nord, in prossimit\u00e0 della chiesa, mentre verr\u00e0 aggiornata tutta la segnaletica necessaria alla nuova configurazione dell&#8217;incrocio.<br \/>\n\u201cNon si tratta semplicemente di installare un semaforo &#8211; sottolinea il vicesindaco e assessore ai Lavori pubblici Paolo Gamba -. Questo progetto ridisegna il funzionamento di un&#8217;intersezione che da anni presenta criticit\u00e0 dovute all&#8217;intensit\u00e0 del traffico, alla presenza del passaggio a livello, degli istituti scolastici e dei mezzi pubblici. Uno degli obiettivi \u00e8 proprio quello di favorire il trasporto pubblico negli orari di uscita dalle scuole superiori: grazie al sistema di priorit\u00e0 semaforica, le corriere potranno attraversare pi\u00f9 velocemente l&#8217;incrocio e raggiungere la stazione con maggiore puntualit\u00e0, migliorando un servizio che ogni giorno interessa centinaia di studenti. Allo stesso tempo renderemo pi\u00f9 ordinati i flussi di circolazione, ridurremo i punti di conflitto tra i veicoli e offriremo attraversamenti pi\u00f9 sicuri e accessibili ai pedoni. Non si tratta dell&#8217;unica opera prevista con i fondi FOSMIT che, per il Comune di Belluno, ammontano complessivamente a circa 300 mila euro. La restante parte delle risorse sar\u00e0 destinata alla realizzazione di passaggi pedonali rialzati in diversi punti della Citt\u00e0, sempre con l&#8217;obiettivo di migliorare la sicurezza di pedoni e ciclisti\u201d.<\/p>\n<p>&nbsp;<\/p>","protected":false},"excerpt":{"rendered":"<p>Belluno, 10\/08\/2026 &#8211; E&#8217; stato approvato nei giorni scorsi in sede di Giunta il progetto esecutivo dell&#8217;intervento da 131.541,69 euro, finanziato con risorse del FOSMIT &#8211; Fondo per lo Sviluppo delle Montagne Italiane. L&#8217;opera prevede la completa riorganizzazione dell&#8217;incrocio tra viale Europa e via San Gervasio, con un nuovo impianto semaforico, attraversamenti pedonali pi\u00f9 sicuri [&hellip;]<\/p>\n","protected":false},"author":2,"featured_media":172580,"comment_status":"closed","ping_status":"open","sticky":false,"template":"","format":"standard","meta":{"footnotes":""},"categories":[26,8],"tags":[],"class_list":["post-172579","post","type-post","status-publish","format-standard","has-post-thumbnail","category-prima-pagina","category-societa-istituzioni"],"yoast_head":"<!-- This site is optimized with the Yoast SEO plugin v28.4 - https:\/\/yoast.com\/product\/yoast-seo-wordpress\/ -->\n<title>Belluno. Via libera al progetto per l\u2019incrocio tra viale Europa e via San Gervasio - Bellunopress - Dolomiti<\/title>\n<meta name=\"robots\" content=\"index, follow, max-snippet:-1, max-image-preview:large, max-video-preview:-1\" \/>\n<link rel=\"canonical\" href=\"https:\/\/www.bellunopress.it\/fr\/2026\/08\/10\/belluno-via-libera-al-progetto-per-lincrocio-tra-viale-europa-e-via-san-gervasio\/\" \/>\n<meta property=\"og:locale\" content=\"fr_FR\" \/>\n<meta property=\"og:type\" content=\"article\" \/>\n<meta property=\"og:title\" content=\"Belluno. Via libera al progetto per l\u2019incrocio tra viale Europa e via San Gervasio - Bellunopress - Dolomiti\" \/>\n<meta property=\"og:description\" content=\"Belluno, 10\/08\/2026 &#8211; E&#8217; stato approvato nei giorni scorsi in sede di Giunta il progetto esecutivo dell&#8217;intervento da 131.541,69 euro, finanziato con risorse del FOSMIT &#8211; Fondo per lo Sviluppo delle Montagne Italiane. L&#8217;opera prevede la completa riorganizzazione dell&#8217;incrocio tra viale Europa e via San Gervasio, con un nuovo impianto semaforico, attraversamenti pedonali pi\u00f9 sicuri [&hellip;]\" \/>\n<meta property=\"og:url\" content=\"https:\/\/www.bellunopress.it\/fr\/2026\/08\/10\/belluno-via-libera-al-progetto-per-lincrocio-tra-viale-europa-e-via-san-gervasio\/\" \/>\n<meta property=\"og:site_name\" content=\"Bellunopress - Dolomiti\" \/>\n<meta property=\"article:publisher\" content=\"https:\/\/www.facebook.com\/profile.php?id=100008943462799\" \/>\n<meta property=\"article:published_time\" content=\"2026-08-10T12:16:02+00:00\" \/>\n<meta property=\"og:image\" content=\"https:\/\/www.bellunopress.it\/wp-content\/uploads\/2026\/08\/san-gervasio.jpg\" \/>\n\t<meta property=\"og:image:width\" content=\"500\" \/>\n\t<meta property=\"og:image:height\" content=\"360\" \/>\n\t<meta property=\"og:image:type\" content=\"image\/jpeg\" \/>\n<meta name=\"author\" content=\"redazione\" \/>\n<meta name=\"twitter:card\" content=\"summary_large_image\" \/>\n<meta name=\"twitter:creator\" content=\"@bellunopress\" \/>\n<meta name=\"twitter:site\" content=\"@bellunopress\" \/>\n<meta name=\"twitter:label1\" content=\"Written by\" \/>\n\t<meta name=\"twitter:data1\" content=\"redazione\" \/>\n\t<meta name=\"twitter:label2\" content=\"Est. reading time\" \/>\n\t<meta name=\"twitter:data2\" content=\"5 minutes\" \/>\n<script type=\"application\/ld+json\" class=\"yoast-schema-graph\">{\"@context\":\"https:\\\/\\\/schema.org\",\"@graph\":[{\"@type\":\"Article\",\"@id\":\"https:\\\/\\\/www.bellunopress.it\\\/2026\\\/08\\\/10\\\/belluno-via-libera-al-progetto-per-lincrocio-tra-viale-europa-e-via-san-gervasio\\\/#article\",\"isPartOf\":{\"@id\":\"https:\\\/\\\/www.bellunopress.it\\\/2026\\\/08\\\/10\\\/belluno-via-libera-al-progetto-per-lincrocio-tra-viale-europa-e-via-san-gervasio\\\/\"},\"author\":{\"name\":\"redazione\",\"@id\":\"https:\\\/\\\/www.bellunopress.it\\\/#\\\/schema\\\/person\\\/79bb06722b37ece1c03d3e94beb30d73\"},\"headline\":\"Belluno. Via libera al progetto per l\u2019incrocio tra viale Europa e via San Gervasio\",\"datePublished\":\"2026-08-10T12:16:02+00:00\",\"mainEntityOfPage\":{\"@id\":\"https:\\\/\\\/www.bellunopress.it\\\/2026\\\/08\\\/10\\\/belluno-via-libera-al-progetto-per-lincrocio-tra-viale-europa-e-via-san-gervasio\\\/\"},\"wordCount\":807,\"publisher\":{\"@id\":\"https:\\\/\\\/www.bellunopress.it\\\/#organization\"},\"image\":{\"@id\":\"https:\\\/\\\/www.bellunopress.it\\\/2026\\\/08\\\/10\\\/belluno-via-libera-al-progetto-per-lincrocio-tra-viale-europa-e-via-san-gervasio\\\/#primaryimage\"},\"thumbnailUrl\":\"https:\\\/\\\/www.bellunopress.it\\\/wp-content\\\/uploads\\\/2026\\\/08\\\/san-gervasio.jpg\",\"articleSection\":[\"Prima Pagina\",\"Societ\u00e0, Associazioni, Istituzioni\"],\"inLanguage\":\"fr-FR\"},{\"@type\":\"WebPage\",\"@id\":\"https:\\\/\\\/www.bellunopress.it\\\/2026\\\/08\\\/10\\\/belluno-via-libera-al-progetto-per-lincrocio-tra-viale-europa-e-via-san-gervasio\\\/\",\"url\":\"https:\\\/\\\/www.bellunopress.it\\\/2026\\\/08\\\/10\\\/belluno-via-libera-al-progetto-per-lincrocio-tra-viale-europa-e-via-san-gervasio\\\/\",\"name\":\"Belluno. Via libera al progetto per l\u2019incrocio tra viale Europa e via San Gervasio - Bellunopress - Dolomiti\",\"isPartOf\":{\"@id\":\"https:\\\/\\\/www.bellunopress.it\\\/#website\"},\"primaryImageOfPage\":{\"@id\":\"https:\\\/\\\/www.bellunopress.it\\\/2026\\\/08\\\/10\\\/belluno-via-libera-al-progetto-per-lincrocio-tra-viale-europa-e-via-san-gervasio\\\/#primaryimage\"},\"image\":{\"@id\":\"https:\\\/\\\/www.bellunopress.it\\\/2026\\\/08\\\/10\\\/belluno-via-libera-al-progetto-per-lincrocio-tra-viale-europa-e-via-san-gervasio\\\/#primaryimage\"},\"thumbnailUrl\":\"https:\\\/\\\/www.bellunopress.it\\\/wp-content\\\/uploads\\\/2026\\\/08\\\/san-gervasio.jpg\",\"datePublished\":\"2026-08-10T12:16:02+00:00\",\"breadcrumb\":{\"@id\":\"https:\\\/\\\/www.bellunopress.it\\\/2026\\\/08\\\/10\\\/belluno-via-libera-al-progetto-per-lincrocio-tra-viale-europa-e-via-san-gervasio\\\/#breadcrumb\"},\"inLanguage\":\"fr-FR\",\"potentialAction\":[{\"@type\":\"ReadAction\",\"target\":[\"https:\\\/\\\/www.bellunopress.it\\\/2026\\\/08\\\/10\\\/belluno-via-libera-al-progetto-per-lincrocio-tra-viale-europa-e-via-san-gervasio\\\/\"]}]},{\"@type\":\"ImageObject\",\"inLanguage\":\"fr-FR\",\"@id\":\"https:\\\/\\\/www.bellunopress.it\\\/2026\\\/08\\\/10\\\/belluno-via-libera-al-progetto-per-lincrocio-tra-viale-europa-e-via-san-gervasio\\\/#primaryimage\",\"url\":\"https:\\\/\\\/www.bellunopress.it\\\/wp-content\\\/uploads\\\/2026\\\/08\\\/san-gervasio.jpg\",\"contentUrl\":\"https:\\\/\\\/www.bellunopress.it\\\/wp-content\\\/uploads\\\/2026\\\/08\\\/san-gervasio.jpg\",\"width\":500,\"height\":360,\"caption\":\"Belluno, San Gervasio\"},{\"@type\":\"BreadcrumbList\",\"@id\":\"https:\\\/\\\/www.bellunopress.it\\\/2026\\\/08\\\/10\\\/belluno-via-libera-al-progetto-per-lincrocio-tra-viale-europa-e-via-san-gervasio\\\/#breadcrumb\",\"itemListElement\":[{\"@type\":\"ListItem\",\"position\":1,\"name\":\"Home\",\"item\":\"https:\\\/\\\/www.bellunopress.it\\\/\"},{\"@type\":\"ListItem\",\"position\":2,\"name\":\"Belluno. Via libera al progetto per l\u2019incrocio tra viale Europa e via San Gervasio\"}]},{\"@type\":\"WebSite\",\"@id\":\"https:\\\/\\\/www.bellunopress.it\\\/#website\",\"url\":\"https:\\\/\\\/www.bellunopress.it\\\/\",\"name\":\"Bellunopress - Dolomiti\",\"description\":\"e-mail: redazione@bellunopress.it\",\"publisher\":{\"@id\":\"https:\\\/\\\/www.bellunopress.it\\\/#organization\"},\"potentialAction\":[{\"@type\":\"SearchAction\",\"target\":{\"@type\":\"EntryPoint\",\"urlTemplate\":\"https:\\\/\\\/www.bellunopress.it\\\/?s={search_term_string}\"},\"query-input\":{\"@type\":\"PropertyValueSpecification\",\"valueRequired\":true,\"valueName\":\"search_term_string\"}}],\"inLanguage\":\"fr-FR\"},{\"@type\":\"Organization\",\"@id\":\"https:\\\/\\\/www.bellunopress.it\\\/#organization\",\"name\":\"Bellunopress\",\"url\":\"https:\\\/\\\/www.bellunopress.it\\\/\",\"logo\":{\"@type\":\"ImageObject\",\"inLanguage\":\"fr-FR\",\"@id\":\"https:\\\/\\\/www.bellunopress.it\\\/#\\\/schema\\\/logo\\\/image\\\/\",\"url\":\"https:\\\/\\\/www.bellunopress.it\\\/wp-content\\\/uploads\\\/2011\\\/05\\\/cropped-logo-bellunopress-.jpg\",\"contentUrl\":\"https:\\\/\\\/www.bellunopress.it\\\/wp-content\\\/uploads\\\/2011\\\/05\\\/cropped-logo-bellunopress-.jpg\",\"width\":512,\"height\":512,\"caption\":\"Bellunopress\"},\"image\":{\"@id\":\"https:\\\/\\\/www.bellunopress.it\\\/#\\\/schema\\\/logo\\\/image\\\/\"},\"sameAs\":[\"https:\\\/\\\/www.facebook.com\\\/profile.php?id=100008943462799\",\"https:\\\/\\\/x.com\\\/bellunopress\",\"https:\\\/\\\/www.linkedin.com\\\/hp\\\/?dnr=JBzUWaJfMUw8vbXJJ2tVW5-I3jZKvC4wsoxE&amp;amp;amp;amp;amp;amp;trk=nav_responsive_tab_home\",\"https:\\\/\\\/www.youtube.com\\\/channel\\\/UCxL0wu1uN0_3_7hGG0306cw\"]},{\"@type\":\"Person\",\"@id\":\"https:\\\/\\\/www.bellunopress.it\\\/#\\\/schema\\\/person\\\/79bb06722b37ece1c03d3e94beb30d73\",\"name\":\"redazione\",\"image\":{\"@type\":\"ImageObject\",\"inLanguage\":\"fr-FR\",\"@id\":\"https:\\\/\\\/secure.gravatar.com\\\/avatar\\\/37d968a2e67a6fd04c169c4bdef102d0bc5d31b2546345219e348575eb80e9a0?s=96&d=mm&r=g\",\"url\":\"https:\\\/\\\/secure.gravatar.com\\\/avatar\\\/37d968a2e67a6fd04c169c4bdef102d0bc5d31b2546345219e348575eb80e9a0?s=96&d=mm&r=g\",\"contentUrl\":\"https:\\\/\\\/secure.gravatar.com\\\/avatar\\\/37d968a2e67a6fd04c169c4bdef102d0bc5d31b2546345219e348575eb80e9a0?s=96&d=mm&r=g\",\"caption\":\"redazione\"},\"sameAs\":[\"http:\\\/\\\/www.bellunopress.it\",\"https:\\\/\\\/x.com\\\/bellunopress\"],\"url\":\"https:\\\/\\\/www.bellunopress.it\\\/fr\\\/author\\\/redazione\\\/\"}]}<\/script>\n<!-- \/ Yoast SEO plugin. -->","yoast_head_json":{"title":"Belluno. Via libera al progetto per l\u2019incrocio tra viale Europa e via San Gervasio - Bellunopress - Dolomiti","robots":{"index":"index","follow":"follow","max-snippet":"max-snippet:-1","max-image-preview":"max-image-preview:large","max-video-preview":"max-video-preview:-1"},"canonical":"https:\/\/www.bellunopress.it\/fr\/2026\/08\/10\/belluno-via-libera-al-progetto-per-lincrocio-tra-viale-europa-e-via-san-gervasio\/","og_locale":"fr_FR","og_type":"article","og_title":"Belluno. Via libera al progetto per l\u2019incrocio tra viale Europa e via San Gervasio - Bellunopress - Dolomiti","og_description":"Belluno, 10\/08\/2026 &#8211; E&#8217; stato approvato nei giorni scorsi in sede di Giunta il progetto esecutivo dell&#8217;intervento da 131.541,69 euro, finanziato con risorse del FOSMIT &#8211; Fondo per lo Sviluppo delle Montagne Italiane. L&#8217;opera prevede la completa riorganizzazione dell&#8217;incrocio tra viale Europa e via San Gervasio, con un nuovo impianto semaforico, attraversamenti pedonali pi\u00f9 sicuri [&hellip;]","og_url":"https:\/\/www.bellunopress.it\/fr\/2026\/08\/10\/belluno-via-libera-al-progetto-per-lincrocio-tra-viale-europa-e-via-san-gervasio\/","og_site_name":"Bellunopress - Dolomiti","article_publisher":"https:\/\/www.facebook.com\/profile.php?id=100008943462799","article_published_time":"2026-08-10T12:16:02+00:00","og_image":[{"width":500,"height":360,"url":"https:\/\/www.bellunopress.it\/wp-content\/uploads\/2026\/08\/san-gervasio.jpg","type":"image\/jpeg"}],"author":"redazione","twitter_card":"summary_large_image","twitter_creator":"@bellunopress","twitter_site":"@bellunopress","twitter_misc":{"Written by":"redazione","Est. reading time":"5 minutes"},"schema":{"@context":"https:\/\/schema.org","@graph":[{"@type":"Article","@id":"https:\/\/www.bellunopress.it\/2026\/08\/10\/belluno-via-libera-al-progetto-per-lincrocio-tra-viale-europa-e-via-san-gervasio\/#article","isPartOf":{"@id":"https:\/\/www.bellunopress.it\/2026\/08\/10\/belluno-via-libera-al-progetto-per-lincrocio-tra-viale-europa-e-via-san-gervasio\/"},"author":{"name":"redazione","@id":"https:\/\/www.bellunopress.it\/#\/schema\/person\/79bb06722b37ece1c03d3e94beb30d73"},"headline":"Belluno. Via libera al progetto per l\u2019incrocio tra viale Europa e via San Gervasio","datePublished":"2026-08-10T12:16:02+00:00","mainEntityOfPage":{"@id":"https:\/\/www.bellunopress.it\/2026\/08\/10\/belluno-via-libera-al-progetto-per-lincrocio-tra-viale-europa-e-via-san-gervasio\/"},"wordCount":807,"publisher":{"@id":"https:\/\/www.bellunopress.it\/#organization"},"image":{"@id":"https:\/\/www.bellunopress.it\/2026\/08\/10\/belluno-via-libera-al-progetto-per-lincrocio-tra-viale-europa-e-via-san-gervasio\/#primaryimage"},"thumbnailUrl":"https:\/\/www.bellunopress.it\/wp-content\/uploads\/2026\/08\/san-gervasio.jpg","articleSection":["Prima Pagina","Societ\u00e0, Associazioni, Istituzioni"],"inLanguage":"fr-FR"},{"@type":"WebPage","@id":"https:\/\/www.bellunopress.it\/2026\/08\/10\/belluno-via-libera-al-progetto-per-lincrocio-tra-viale-europa-e-via-san-gervasio\/","url":"https:\/\/www.bellunopress.it\/2026\/08\/10\/belluno-via-libera-al-progetto-per-lincrocio-tra-viale-europa-e-via-san-gervasio\/","name":"Belluno. Via libera al progetto per l\u2019incrocio tra viale Europa e via San Gervasio - Bellunopress - Dolomiti","isPartOf":{"@id":"https:\/\/www.bellunopress.it\/#website"},"primaryImageOfPage":{"@id":"https:\/\/www.bellunopress.it\/2026\/08\/10\/belluno-via-libera-al-progetto-per-lincrocio-tra-viale-europa-e-via-san-gervasio\/#primaryimage"},"image":{"@id":"https:\/\/www.bellunopress.it\/2026\/08\/10\/belluno-via-libera-al-progetto-per-lincrocio-tra-viale-europa-e-via-san-gervasio\/#primaryimage"},"thumbnailUrl":"https:\/\/www.bellunopress.it\/wp-content\/uploads\/2026\/08\/san-gervasio.jpg","datePublished":"2026-08-10T12:16:02+00:00","breadcrumb":{"@id":"https:\/\/www.bellunopress.it\/2026\/08\/10\/belluno-via-libera-al-progetto-per-lincrocio-tra-viale-europa-e-via-san-gervasio\/#breadcrumb"},"inLanguage":"fr-FR","potentialAction":[{"@type":"ReadAction","target":["https:\/\/www.bellunopress.it\/2026\/08\/10\/belluno-via-libera-al-progetto-per-lincrocio-tra-viale-europa-e-via-san-gervasio\/"]}]},{"@type":"ImageObject","inLanguage":"fr-FR","@id":"https:\/\/www.bellunopress.it\/2026\/08\/10\/belluno-via-libera-al-progetto-per-lincrocio-tra-viale-europa-e-via-san-gervasio\/#primaryimage","url":"https:\/\/www.bellunopress.it\/wp-content\/uploads\/2026\/08\/san-gervasio.jpg","contentUrl":"https:\/\/www.bellunopress.it\/wp-content\/uploads\/2026\/08\/san-gervasio.jpg","width":500,"height":360,"caption":"Belluno, San Gervasio"},{"@type":"BreadcrumbList","@id":"https:\/\/www.bellunopress.it\/2026\/08\/10\/belluno-via-libera-al-progetto-per-lincrocio-tra-viale-europa-e-via-san-gervasio\/#breadcrumb","itemListElement":[{"@type":"ListItem","position":1,"name":"Home","item":"https:\/\/www.bellunopress.it\/"},{"@type":"ListItem","position":2,"name":"Belluno. Via libera al progetto per l\u2019incrocio tra viale Europa e via San Gervasio"}]},{"@type":"WebSite","@id":"https:\/\/www.bellunopress.it\/#website","url":"https:\/\/www.bellunopress.it\/","name":"Bellunopress - Dolomiti","description":"e-mail: redazione@bellunopress.it","publisher":{"@id":"https:\/\/www.bellunopress.it\/#organization"},"potentialAction":[{"@type":"SearchAction","target":{"@type":"EntryPoint","urlTemplate":"https:\/\/www.bellunopress.it\/?s={search_term_string}"},"query-input":{"@type":"PropertyValueSpecification","valueRequired":true,"valueName":"search_term_string"}}],"inLanguage":"fr-FR"},{"@type":"Organization","@id":"https:\/\/www.bellunopress.it\/#organization","name":"Bellunopress","url":"https:\/\/www.bellunopress.it\/","logo":{"@type":"ImageObject","inLanguage":"fr-FR","@id":"https:\/\/www.bellunopress.it\/#\/schema\/logo\/image\/","url":"https:\/\/www.bellunopress.it\/wp-content\/uploads\/2011\/05\/cropped-logo-bellunopress-.jpg","contentUrl":"https:\/\/www.bellunopress.it\/wp-content\/uploads\/2011\/05\/cropped-logo-bellunopress-.jpg","width":512,"height":512,"caption":"Bellunopress"},"image":{"@id":"https:\/\/www.bellunopress.it\/#\/schema\/logo\/image\/"},"sameAs":["https:\/\/www.facebook.com\/profile.php?id=100008943462799","https:\/\/x.com\/bellunopress","https:\/\/www.linkedin.com\/hp\/?dnr=JBzUWaJfMUw8vbXJJ2tVW5-I3jZKvC4wsoxE&amp;amp;amp;amp;amp;amp;trk=nav_responsive_tab_home","https:\/\/www.youtube.com\/channel\/UCxL0wu1uN0_3_7hGG0306cw"]},{"@type":"Person","@id":"https:\/\/www.bellunopress.it\/#\/schema\/person\/79bb06722b37ece1c03d3e94beb30d73","name":"r\u00e9daction","image":{"@type":"ImageObject","inLanguage":"fr-FR","@id":"https:\/\/secure.gravatar.com\/avatar\/37d968a2e67a6fd04c169c4bdef102d0bc5d31b2546345219e348575eb80e9a0?s=96&d=mm&r=g","url":"https:\/\/secure.gravatar.com\/avatar\/37d968a2e67a6fd04c169c4bdef102d0bc5d31b2546345219e348575eb80e9a0?s=96&d=mm&r=g","contentUrl":"https:\/\/secure.gravatar.com\/avatar\/37d968a2e67a6fd04c169c4bdef102d0bc5d31b2546345219e348575eb80e9a0?s=96&d=mm&r=g","caption":"redazione"},"sameAs":["http:\/\/www.bellunopress.it","https:\/\/x.com\/bellunopress"],"url":"https:\/\/www.bellunopress.it\/fr\/author\/redazione\/"}]}},"_links":{"self":[{"href":"https:\/\/www.bellunopress.it\/fr\/wp-json\/wp\/v2\/posts\/172579","targetHints":{"allow":["GET"]}}],"collection":[{"href":"https:\/\/www.bellunopress.it\/fr\/wp-json\/wp\/v2\/posts"}],"about":[{"href":"https:\/\/www.bellunopress.it\/fr\/wp-json\/wp\/v2\/types\/post"}],"author":[{"embeddable":true,"href":"https:\/\/www.bellunopress.it\/fr\/wp-json\/wp\/v2\/users\/2"}],"replies":[{"embeddable":true,"href":"https:\/\/www.bellunopress.it\/fr\/wp-json\/wp\/v2\/comments?post=172579"}],"version-history":[{"count":1,"href":"https:\/\/www.bellunopress.it\/fr\/wp-json\/wp\/v2\/posts\/172579\/revisions"}],"predecessor-version":[{"id":172581,"href":"https:\/\/www.bellunopress.it\/fr\/wp-json\/wp\/v2\/posts\/172579\/revisions\/172581"}],"wp:featuredmedia":[{"embeddable":true,"href":"https:\/\/www.bellunopress.it\/fr\/wp-json\/wp\/v2\/media\/172580"}],"wp:attachment":[{"href":"https:\/\/www.bellunopress.it\/fr\/wp-json\/wp\/v2\/media?parent=172579"}],"wp:term":[{"taxonomy":"category","embeddable":true,"href":"https:\/\/www.bellunopress.it\/fr\/wp-json\/wp\/v2\/categories?post=172579"},{"taxonomy":"post_tag","embeddable":true,"href":"https:\/\/www.bellunopress.it\/fr\/wp-json\/wp\/v2\/tags?post=172579"}],"curies":[{"name":"wp","href":"https:\/\/api.w.org\/{rel}","templated":true}]}}