{"id":172575,"date":"2026-08-10T13:51:55","date_gmt":"2026-08-10T11:51:55","guid":{"rendered":"https:\/\/www.bellunopress.it\/?p=172575"},"modified":"2026-08-10T13:51:55","modified_gmt":"2026-08-10T11:51:55","slug":"pamali-festival-nel-bellunese-oltre-100-controlli-interforze-sequestrate-modeste-quantita-di-stupefacenti","status":"publish","type":"post","link":"https:\/\/www.bellunopress.it\/fr\/2026\/08\/10\/pamali-festival-nel-bellunese-oltre-100-controlli-interforze-sequestrate-modeste-quantita-di-stupefacenti\/","title":{"rendered":"Pamali Festival nel Bellunese: oltre 100 controlli interforze, sequestrate modeste quantit\u00e0 di stupefacenti"},"content":{"rendered":"<p><strong>Bilancio positivo dei servizi disposti dal Questore tra San Boldo e Borgo Valbelluna. Sanzioni amministrative e patenti ritirate<\/strong><\/p>\n<p>Belluno, 10 agosto 2026 &#8211; Si \u00e8 chiuso con un bilancio complessivamente positivo e caratterizzato da una capillare attivit\u00e0 di prevenzione e controllo del territorio, il dispositivo di sicurezza messo in campo in occasione del Pamali Festival, l&#8217;atteso evento che si \u00e8 svolto da gioved\u00ec 6 a domenica 9 agosto tra i suggestivi scenari del Passo San Boldo e di Borgo Valbelluna.<\/p>\n<p>L&#8217;imponente piano di ordine pubblico \u00e8 stato pianificato e fortemente voluto dal Questore di Belluno, Roberto Della Rocca, in qualit\u00e0 di autorit\u00e0 provinciale di pubblica sicurezza. L&#8217;obiettivo primario dell&#8217;operazione \u00e8 stato quello di garantire il regolare svolgimento della kermesse musicale e di aggregazione, tutelando al contempo l&#8217;incolumit\u00e0 dei partecipanti e la sicurezza stradale sulle arterie di collegamento.<\/p>\n<p>Il dispiegamento delle forze in campo<br \/>\nPer presidiare l&#8217;area in modo efficace, la Questura ha coordinato un imponente servizio interforze che ha visto la partecipazione sinergica di equipaggi appartenenti a diversi reparti: l&#8217;Ufficio Prevenzione Generale e Soccorso Pubblico, la Squadra Mobile, la Digos e la Polizia Stradale, affiancati dai reparti territoriali dell&#8217;Arma dei Carabinieri e della Guardia di Finanza.<br \/>\nUna presenza visibile e costante che ha operato lungo le vie di accesso al festival e all&#8217;interno delle aree di maggiore afflusso di pubblico, effettuando verifiche mirate sia sulle persone che sui veicoli in transito.<\/p>\n<p>Questi i numeri dell&#8217;operazione:<\/p>\n<p>sono state controllate complessivamente pi\u00f9 di cento persone. Due soggetti sono stati sanzionati amministrativamente per il possesso di sostanza stupefacente. Uno dei due, \u00e8 stato trovato da una pattuglia della Squadra volante della Questura in possesso di 5 grammi di cocaina, quasi 18 grammi di hashish e circa 5 grammi di marijuana, tre patenti ritirate.<\/p>\n<p>Verifiche sulla circolazione stradale<br \/>\nAccanto ai controlli di polizia giudiziaria e amministrativa, il dispositivo ha prestato particolare attenzione alla sicurezza stradale, vista la massiccia affluenza di veicoli richiamata dal festival musicale.<br \/>\nL&#8217;azione combinata dei Carabinieri e della Polizia Stradale ha portato al ritiro di ulteriori due patenti di guida per gravi violazioni al Codice della Strada, nonch\u00e9 alla contestazione di una sanzione per mancata revisione periodica del veicolo. I servizi di pattugliamento proseguiranno anche nelle prossime settimane per garantire standard elevati di sicurezza in tutto il territorio provinciale.<\/p>","protected":false},"excerpt":{"rendered":"<p>Bilancio positivo dei servizi disposti dal Questore tra San Boldo e Borgo Valbelluna. Sanzioni amministrative e patenti ritirate Belluno, 10 agosto 2026 &#8211; Si \u00e8 chiuso con un bilancio complessivamente positivo e caratterizzato da una capillare attivit\u00e0 di prevenzione e controllo del territorio, il dispositivo di sicurezza messo in campo in occasione del Pamali Festival, [&hellip;]<\/p>\n","protected":false},"author":2,"featured_media":158083,"comment_status":"closed","ping_status":"open","sticky":false,"template":"","format":"standard","meta":{"footnotes":""},"categories":[5,26],"tags":[],"class_list":["post-172575","post","type-post","status-publish","format-standard","has-post-thumbnail","category-cronaca","category-prima-pagina"],"yoast_head":"<!-- This site is optimized with the Yoast SEO plugin v28.4 - https:\/\/yoast.com\/product\/yoast-seo-wordpress\/ -->\n<title>Pamali Festival nel Bellunese: oltre 100 controlli interforze, sequestrate modeste quantit\u00e0 di stupefacenti - Bellunopress - Dolomiti<\/title>\n<meta name=\"robots\" content=\"index, follow, max-snippet:-1, max-image-preview:large, max-video-preview:-1\" \/>\n<link rel=\"canonical\" href=\"https:\/\/www.bellunopress.it\/fr\/2026\/08\/10\/pamali-festival-nel-bellunese-oltre-100-controlli-interforze-sequestrate-modeste-quantita-di-stupefacenti\/\" \/>\n<meta property=\"og:locale\" content=\"fr_FR\" \/>\n<meta property=\"og:type\" content=\"article\" \/>\n<meta property=\"og:title\" content=\"Pamali Festival nel Bellunese: oltre 100 controlli interforze, sequestrate modeste quantit\u00e0 di stupefacenti - Bellunopress - Dolomiti\" \/>\n<meta property=\"og:description\" content=\"Bilancio positivo dei servizi disposti dal Questore tra San Boldo e Borgo Valbelluna. Sanzioni amministrative e patenti ritirate Belluno, 10 agosto 2026 &#8211; Si \u00e8 chiuso con un bilancio complessivamente positivo e caratterizzato da una capillare attivit\u00e0 di prevenzione e controllo del territorio, il dispositivo di sicurezza messo in campo in occasione del Pamali Festival, [&hellip;]\" \/>\n<meta property=\"og:url\" content=\"https:\/\/www.bellunopress.it\/fr\/2026\/08\/10\/pamali-festival-nel-bellunese-oltre-100-controlli-interforze-sequestrate-modeste-quantita-di-stupefacenti\/\" \/>\n<meta property=\"og:site_name\" content=\"Bellunopress - Dolomiti\" \/>\n<meta property=\"article:publisher\" content=\"https:\/\/www.facebook.com\/profile.php?id=100008943462799\" \/>\n<meta property=\"article:published_time\" content=\"2026-08-10T11:51:55+00:00\" \/>\n<meta property=\"og:image\" content=\"https:\/\/www.bellunopress.it\/wp-content\/uploads\/2025\/02\/questore-roberto-della-rocca_edited.jpg\" \/>\n\t<meta property=\"og:image:width\" content=\"1000\" \/>\n\t<meta property=\"og:image:height\" content=\"937\" \/>\n\t<meta property=\"og:image:type\" content=\"image\/jpeg\" \/>\n<meta name=\"author\" content=\"redazione\" \/>\n<meta name=\"twitter:card\" content=\"summary_large_image\" \/>\n<meta name=\"twitter:creator\" content=\"@bellunopress\" \/>\n<meta name=\"twitter:site\" content=\"@bellunopress\" \/>\n<meta name=\"twitter:label1\" content=\"Written by\" \/>\n\t<meta name=\"twitter:data1\" content=\"redazione\" \/>\n\t<meta name=\"twitter:label2\" content=\"Est. reading time\" \/>\n\t<meta name=\"twitter:data2\" content=\"3 minutes\" \/>\n<script type=\"application\/ld+json\" class=\"yoast-schema-graph\">{\"@context\":\"https:\\\/\\\/schema.org\",\"@graph\":[{\"@type\":\"Article\",\"@id\":\"https:\\\/\\\/www.bellunopress.it\\\/2026\\\/08\\\/10\\\/pamali-festival-nel-bellunese-oltre-100-controlli-interforze-sequestrate-modeste-quantita-di-stupefacenti\\\/#article\",\"isPartOf\":{\"@id\":\"https:\\\/\\\/www.bellunopress.it\\\/2026\\\/08\\\/10\\\/pamali-festival-nel-bellunese-oltre-100-controlli-interforze-sequestrate-modeste-quantita-di-stupefacenti\\\/\"},\"author\":{\"name\":\"redazione\",\"@id\":\"https:\\\/\\\/www.bellunopress.it\\\/#\\\/schema\\\/person\\\/79bb06722b37ece1c03d3e94beb30d73\"},\"headline\":\"Pamali Festival nel Bellunese: oltre 100 controlli interforze, sequestrate modeste quantit\u00e0 di stupefacenti\",\"datePublished\":\"2026-08-10T11:51:55+00:00\",\"mainEntityOfPage\":{\"@id\":\"https:\\\/\\\/www.bellunopress.it\\\/2026\\\/08\\\/10\\\/pamali-festival-nel-bellunese-oltre-100-controlli-interforze-sequestrate-modeste-quantita-di-stupefacenti\\\/\"},\"wordCount\":389,\"publisher\":{\"@id\":\"https:\\\/\\\/www.bellunopress.it\\\/#organization\"},\"image\":{\"@id\":\"https:\\\/\\\/www.bellunopress.it\\\/2026\\\/08\\\/10\\\/pamali-festival-nel-bellunese-oltre-100-controlli-interforze-sequestrate-modeste-quantita-di-stupefacenti\\\/#primaryimage\"},\"thumbnailUrl\":\"https:\\\/\\\/www.bellunopress.it\\\/wp-content\\\/uploads\\\/2025\\\/02\\\/questore-roberto-della-rocca_edited.jpg\",\"articleSection\":[\"Cronaca\\\/Politica\",\"Prima Pagina\"],\"inLanguage\":\"fr-FR\"},{\"@type\":\"WebPage\",\"@id\":\"https:\\\/\\\/www.bellunopress.it\\\/2026\\\/08\\\/10\\\/pamali-festival-nel-bellunese-oltre-100-controlli-interforze-sequestrate-modeste-quantita-di-stupefacenti\\\/\",\"url\":\"https:\\\/\\\/www.bellunopress.it\\\/2026\\\/08\\\/10\\\/pamali-festival-nel-bellunese-oltre-100-controlli-interforze-sequestrate-modeste-quantita-di-stupefacenti\\\/\",\"name\":\"Pamali Festival nel Bellunese: oltre 100 controlli interforze, sequestrate modeste quantit\u00e0 di stupefacenti - Bellunopress - Dolomiti\",\"isPartOf\":{\"@id\":\"https:\\\/\\\/www.bellunopress.it\\\/#website\"},\"primaryImageOfPage\":{\"@id\":\"https:\\\/\\\/www.bellunopress.it\\\/2026\\\/08\\\/10\\\/pamali-festival-nel-bellunese-oltre-100-controlli-interforze-sequestrate-modeste-quantita-di-stupefacenti\\\/#primaryimage\"},\"image\":{\"@id\":\"https:\\\/\\\/www.bellunopress.it\\\/2026\\\/08\\\/10\\\/pamali-festival-nel-bellunese-oltre-100-controlli-interforze-sequestrate-modeste-quantita-di-stupefacenti\\\/#primaryimage\"},\"thumbnailUrl\":\"https:\\\/\\\/www.bellunopress.it\\\/wp-content\\\/uploads\\\/2025\\\/02\\\/questore-roberto-della-rocca_edited.jpg\",\"datePublished\":\"2026-08-10T11:51:55+00:00\",\"breadcrumb\":{\"@id\":\"https:\\\/\\\/www.bellunopress.it\\\/2026\\\/08\\\/10\\\/pamali-festival-nel-bellunese-oltre-100-controlli-interforze-sequestrate-modeste-quantita-di-stupefacenti\\\/#breadcrumb\"},\"inLanguage\":\"fr-FR\",\"potentialAction\":[{\"@type\":\"ReadAction\",\"target\":[\"https:\\\/\\\/www.bellunopress.it\\\/2026\\\/08\\\/10\\\/pamali-festival-nel-bellunese-oltre-100-controlli-interforze-sequestrate-modeste-quantita-di-stupefacenti\\\/\"]}]},{\"@type\":\"ImageObject\",\"inLanguage\":\"fr-FR\",\"@id\":\"https:\\\/\\\/www.bellunopress.it\\\/2026\\\/08\\\/10\\\/pamali-festival-nel-bellunese-oltre-100-controlli-interforze-sequestrate-modeste-quantita-di-stupefacenti\\\/#primaryimage\",\"url\":\"https:\\\/\\\/www.bellunopress.it\\\/wp-content\\\/uploads\\\/2025\\\/02\\\/questore-roberto-della-rocca_edited.jpg\",\"contentUrl\":\"https:\\\/\\\/www.bellunopress.it\\\/wp-content\\\/uploads\\\/2025\\\/02\\\/questore-roberto-della-rocca_edited.jpg\",\"width\":1000,\"height\":937,\"caption\":\"Roberto Della Rocca, questore di Belluno\"},{\"@type\":\"BreadcrumbList\",\"@id\":\"https:\\\/\\\/www.bellunopress.it\\\/2026\\\/08\\\/10\\\/pamali-festival-nel-bellunese-oltre-100-controlli-interforze-sequestrate-modeste-quantita-di-stupefacenti\\\/#breadcrumb\",\"itemListElement\":[{\"@type\":\"ListItem\",\"position\":1,\"name\":\"Home\",\"item\":\"https:\\\/\\\/www.bellunopress.it\\\/\"},{\"@type\":\"ListItem\",\"position\":2,\"name\":\"Pamali Festival nel Bellunese: oltre 100 controlli interforze, sequestrate modeste quantit\u00e0 di stupefacenti\"}]},{\"@type\":\"WebSite\",\"@id\":\"https:\\\/\\\/www.bellunopress.it\\\/#website\",\"url\":\"https:\\\/\\\/www.bellunopress.it\\\/\",\"name\":\"Bellunopress - Dolomiti\",\"description\":\"e-mail: redazione@bellunopress.it\",\"publisher\":{\"@id\":\"https:\\\/\\\/www.bellunopress.it\\\/#organization\"},\"potentialAction\":[{\"@type\":\"SearchAction\",\"target\":{\"@type\":\"EntryPoint\",\"urlTemplate\":\"https:\\\/\\\/www.bellunopress.it\\\/?s={search_term_string}\"},\"query-input\":{\"@type\":\"PropertyValueSpecification\",\"valueRequired\":true,\"valueName\":\"search_term_string\"}}],\"inLanguage\":\"fr-FR\"},{\"@type\":\"Organization\",\"@id\":\"https:\\\/\\\/www.bellunopress.it\\\/#organization\",\"name\":\"Bellunopress\",\"url\":\"https:\\\/\\\/www.bellunopress.it\\\/\",\"logo\":{\"@type\":\"ImageObject\",\"inLanguage\":\"fr-FR\",\"@id\":\"https:\\\/\\\/www.bellunopress.it\\\/#\\\/schema\\\/logo\\\/image\\\/\",\"url\":\"https:\\\/\\\/www.bellunopress.it\\\/wp-content\\\/uploads\\\/2011\\\/05\\\/cropped-logo-bellunopress-.jpg\",\"contentUrl\":\"https:\\\/\\\/www.bellunopress.it\\\/wp-content\\\/uploads\\\/2011\\\/05\\\/cropped-logo-bellunopress-.jpg\",\"width\":512,\"height\":512,\"caption\":\"Bellunopress\"},\"image\":{\"@id\":\"https:\\\/\\\/www.bellunopress.it\\\/#\\\/schema\\\/logo\\\/image\\\/\"},\"sameAs\":[\"https:\\\/\\\/www.facebook.com\\\/profile.php?id=100008943462799\",\"https:\\\/\\\/x.com\\\/bellunopress\",\"https:\\\/\\\/www.linkedin.com\\\/hp\\\/?dnr=JBzUWaJfMUw8vbXJJ2tVW5-I3jZKvC4wsoxE&amp;amp;amp;amp;amp;amp;trk=nav_responsive_tab_home\",\"https:\\\/\\\/www.youtube.com\\\/channel\\\/UCxL0wu1uN0_3_7hGG0306cw\"]},{\"@type\":\"Person\",\"@id\":\"https:\\\/\\\/www.bellunopress.it\\\/#\\\/schema\\\/person\\\/79bb06722b37ece1c03d3e94beb30d73\",\"name\":\"redazione\",\"image\":{\"@type\":\"ImageObject\",\"inLanguage\":\"fr-FR\",\"@id\":\"https:\\\/\\\/secure.gravatar.com\\\/avatar\\\/37d968a2e67a6fd04c169c4bdef102d0bc5d31b2546345219e348575eb80e9a0?s=96&d=mm&r=g\",\"url\":\"https:\\\/\\\/secure.gravatar.com\\\/avatar\\\/37d968a2e67a6fd04c169c4bdef102d0bc5d31b2546345219e348575eb80e9a0?s=96&d=mm&r=g\",\"contentUrl\":\"https:\\\/\\\/secure.gravatar.com\\\/avatar\\\/37d968a2e67a6fd04c169c4bdef102d0bc5d31b2546345219e348575eb80e9a0?s=96&d=mm&r=g\",\"caption\":\"redazione\"},\"sameAs\":[\"http:\\\/\\\/www.bellunopress.it\",\"https:\\\/\\\/x.com\\\/bellunopress\"],\"url\":\"https:\\\/\\\/www.bellunopress.it\\\/fr\\\/author\\\/redazione\\\/\"}]}<\/script>\n<!-- \/ Yoast SEO plugin. -->","yoast_head_json":{"title":"Pamali Festival nel Bellunese: oltre 100 controlli interforze, sequestrate modeste quantit\u00e0 di stupefacenti - Bellunopress - Dolomiti","robots":{"index":"index","follow":"follow","max-snippet":"max-snippet:-1","max-image-preview":"max-image-preview:large","max-video-preview":"max-video-preview:-1"},"canonical":"https:\/\/www.bellunopress.it\/fr\/2026\/08\/10\/pamali-festival-nel-bellunese-oltre-100-controlli-interforze-sequestrate-modeste-quantita-di-stupefacenti\/","og_locale":"fr_FR","og_type":"article","og_title":"Pamali Festival nel Bellunese: oltre 100 controlli interforze, sequestrate modeste quantit\u00e0 di stupefacenti - Bellunopress - Dolomiti","og_description":"Bilancio positivo dei servizi disposti dal Questore tra San Boldo e Borgo Valbelluna. Sanzioni amministrative e patenti ritirate Belluno, 10 agosto 2026 &#8211; Si \u00e8 chiuso con un bilancio complessivamente positivo e caratterizzato da una capillare attivit\u00e0 di prevenzione e controllo del territorio, il dispositivo di sicurezza messo in campo in occasione del Pamali Festival, [&hellip;]","og_url":"https:\/\/www.bellunopress.it\/fr\/2026\/08\/10\/pamali-festival-nel-bellunese-oltre-100-controlli-interforze-sequestrate-modeste-quantita-di-stupefacenti\/","og_site_name":"Bellunopress - Dolomiti","article_publisher":"https:\/\/www.facebook.com\/profile.php?id=100008943462799","article_published_time":"2026-08-10T11:51:55+00:00","og_image":[{"width":1000,"height":937,"url":"https:\/\/www.bellunopress.it\/wp-content\/uploads\/2025\/02\/questore-roberto-della-rocca_edited.jpg","type":"image\/jpeg"}],"author":"redazione","twitter_card":"summary_large_image","twitter_creator":"@bellunopress","twitter_site":"@bellunopress","twitter_misc":{"Written by":"redazione","Est. reading time":"3 minutes"},"schema":{"@context":"https:\/\/schema.org","@graph":[{"@type":"Article","@id":"https:\/\/www.bellunopress.it\/2026\/08\/10\/pamali-festival-nel-bellunese-oltre-100-controlli-interforze-sequestrate-modeste-quantita-di-stupefacenti\/#article","isPartOf":{"@id":"https:\/\/www.bellunopress.it\/2026\/08\/10\/pamali-festival-nel-bellunese-oltre-100-controlli-interforze-sequestrate-modeste-quantita-di-stupefacenti\/"},"author":{"name":"redazione","@id":"https:\/\/www.bellunopress.it\/#\/schema\/person\/79bb06722b37ece1c03d3e94beb30d73"},"headline":"Pamali Festival nel Bellunese: oltre 100 controlli interforze, sequestrate modeste quantit\u00e0 di stupefacenti","datePublished":"2026-08-10T11:51:55+00:00","mainEntityOfPage":{"@id":"https:\/\/www.bellunopress.it\/2026\/08\/10\/pamali-festival-nel-bellunese-oltre-100-controlli-interforze-sequestrate-modeste-quantita-di-stupefacenti\/"},"wordCount":389,"publisher":{"@id":"https:\/\/www.bellunopress.it\/#organization"},"image":{"@id":"https:\/\/www.bellunopress.it\/2026\/08\/10\/pamali-festival-nel-bellunese-oltre-100-controlli-interforze-sequestrate-modeste-quantita-di-stupefacenti\/#primaryimage"},"thumbnailUrl":"https:\/\/www.bellunopress.it\/wp-content\/uploads\/2025\/02\/questore-roberto-della-rocca_edited.jpg","articleSection":["Cronaca\/Politica","Prima Pagina"],"inLanguage":"fr-FR"},{"@type":"WebPage","@id":"https:\/\/www.bellunopress.it\/2026\/08\/10\/pamali-festival-nel-bellunese-oltre-100-controlli-interforze-sequestrate-modeste-quantita-di-stupefacenti\/","url":"https:\/\/www.bellunopress.it\/2026\/08\/10\/pamali-festival-nel-bellunese-oltre-100-controlli-interforze-sequestrate-modeste-quantita-di-stupefacenti\/","name":"Pamali Festival nel Bellunese: oltre 100 controlli interforze, sequestrate modeste quantit\u00e0 di stupefacenti - Bellunopress - Dolomiti","isPartOf":{"@id":"https:\/\/www.bellunopress.it\/#website"},"primaryImageOfPage":{"@id":"https:\/\/www.bellunopress.it\/2026\/08\/10\/pamali-festival-nel-bellunese-oltre-100-controlli-interforze-sequestrate-modeste-quantita-di-stupefacenti\/#primaryimage"},"image":{"@id":"https:\/\/www.bellunopress.it\/2026\/08\/10\/pamali-festival-nel-bellunese-oltre-100-controlli-interforze-sequestrate-modeste-quantita-di-stupefacenti\/#primaryimage"},"thumbnailUrl":"https:\/\/www.bellunopress.it\/wp-content\/uploads\/2025\/02\/questore-roberto-della-rocca_edited.jpg","datePublished":"2026-08-10T11:51:55+00:00","breadcrumb":{"@id":"https:\/\/www.bellunopress.it\/2026\/08\/10\/pamali-festival-nel-bellunese-oltre-100-controlli-interforze-sequestrate-modeste-quantita-di-stupefacenti\/#breadcrumb"},"inLanguage":"fr-FR","potentialAction":[{"@type":"ReadAction","target":["https:\/\/www.bellunopress.it\/2026\/08\/10\/pamali-festival-nel-bellunese-oltre-100-controlli-interforze-sequestrate-modeste-quantita-di-stupefacenti\/"]}]},{"@type":"ImageObject","inLanguage":"fr-FR","@id":"https:\/\/www.bellunopress.it\/2026\/08\/10\/pamali-festival-nel-bellunese-oltre-100-controlli-interforze-sequestrate-modeste-quantita-di-stupefacenti\/#primaryimage","url":"https:\/\/www.bellunopress.it\/wp-content\/uploads\/2025\/02\/questore-roberto-della-rocca_edited.jpg","contentUrl":"https:\/\/www.bellunopress.it\/wp-content\/uploads\/2025\/02\/questore-roberto-della-rocca_edited.jpg","width":1000,"height":937,"caption":"Roberto Della Rocca, questore di Belluno"},{"@type":"BreadcrumbList","@id":"https:\/\/www.bellunopress.it\/2026\/08\/10\/pamali-festival-nel-bellunese-oltre-100-controlli-interforze-sequestrate-modeste-quantita-di-stupefacenti\/#breadcrumb","itemListElement":[{"@type":"ListItem","position":1,"name":"Home","item":"https:\/\/www.bellunopress.it\/"},{"@type":"ListItem","position":2,"name":"Pamali Festival nel Bellunese: oltre 100 controlli interforze, sequestrate modeste quantit\u00e0 di stupefacenti"}]},{"@type":"WebSite","@id":"https:\/\/www.bellunopress.it\/#website","url":"https:\/\/www.bellunopress.it\/","name":"Bellunopress - Dolomiti","description":"e-mail: redazione@bellunopress.it","publisher":{"@id":"https:\/\/www.bellunopress.it\/#organization"},"potentialAction":[{"@type":"SearchAction","target":{"@type":"EntryPoint","urlTemplate":"https:\/\/www.bellunopress.it\/?s={search_term_string}"},"query-input":{"@type":"PropertyValueSpecification","valueRequired":true,"valueName":"search_term_string"}}],"inLanguage":"fr-FR"},{"@type":"Organization","@id":"https:\/\/www.bellunopress.it\/#organization","name":"Bellunopress","url":"https:\/\/www.bellunopress.it\/","logo":{"@type":"ImageObject","inLanguage":"fr-FR","@id":"https:\/\/www.bellunopress.it\/#\/schema\/logo\/image\/","url":"https:\/\/www.bellunopress.it\/wp-content\/uploads\/2011\/05\/cropped-logo-bellunopress-.jpg","contentUrl":"https:\/\/www.bellunopress.it\/wp-content\/uploads\/2011\/05\/cropped-logo-bellunopress-.jpg","width":512,"height":512,"caption":"Bellunopress"},"image":{"@id":"https:\/\/www.bellunopress.it\/#\/schema\/logo\/image\/"},"sameAs":["https:\/\/www.facebook.com\/profile.php?id=100008943462799","https:\/\/x.com\/bellunopress","https:\/\/www.linkedin.com\/hp\/?dnr=JBzUWaJfMUw8vbXJJ2tVW5-I3jZKvC4wsoxE&amp;amp;amp;amp;amp;amp;trk=nav_responsive_tab_home","https:\/\/www.youtube.com\/channel\/UCxL0wu1uN0_3_7hGG0306cw"]},{"@type":"Person","@id":"https:\/\/www.bellunopress.it\/#\/schema\/person\/79bb06722b37ece1c03d3e94beb30d73","name":"r\u00e9daction","image":{"@type":"ImageObject","inLanguage":"fr-FR","@id":"https:\/\/secure.gravatar.com\/avatar\/37d968a2e67a6fd04c169c4bdef102d0bc5d31b2546345219e348575eb80e9a0?s=96&d=mm&r=g","url":"https:\/\/secure.gravatar.com\/avatar\/37d968a2e67a6fd04c169c4bdef102d0bc5d31b2546345219e348575eb80e9a0?s=96&d=mm&r=g","contentUrl":"https:\/\/secure.gravatar.com\/avatar\/37d968a2e67a6fd04c169c4bdef102d0bc5d31b2546345219e348575eb80e9a0?s=96&d=mm&r=g","caption":"redazione"},"sameAs":["http:\/\/www.bellunopress.it","https:\/\/x.com\/bellunopress"],"url":"https:\/\/www.bellunopress.it\/fr\/author\/redazione\/"}]}},"_links":{"self":[{"href":"https:\/\/www.bellunopress.it\/fr\/wp-json\/wp\/v2\/posts\/172575","targetHints":{"allow":["GET"]}}],"collection":[{"href":"https:\/\/www.bellunopress.it\/fr\/wp-json\/wp\/v2\/posts"}],"about":[{"href":"https:\/\/www.bellunopress.it\/fr\/wp-json\/wp\/v2\/types\/post"}],"author":[{"embeddable":true,"href":"https:\/\/www.bellunopress.it\/fr\/wp-json\/wp\/v2\/users\/2"}],"replies":[{"embeddable":true,"href":"https:\/\/www.bellunopress.it\/fr\/wp-json\/wp\/v2\/comments?post=172575"}],"version-history":[{"count":1,"href":"https:\/\/www.bellunopress.it\/fr\/wp-json\/wp\/v2\/posts\/172575\/revisions"}],"predecessor-version":[{"id":172576,"href":"https:\/\/www.bellunopress.it\/fr\/wp-json\/wp\/v2\/posts\/172575\/revisions\/172576"}],"wp:featuredmedia":[{"embeddable":true,"href":"https:\/\/www.bellunopress.it\/fr\/wp-json\/wp\/v2\/media\/158083"}],"wp:attachment":[{"href":"https:\/\/www.bellunopress.it\/fr\/wp-json\/wp\/v2\/media?parent=172575"}],"wp:term":[{"taxonomy":"category","embeddable":true,"href":"https:\/\/www.bellunopress.it\/fr\/wp-json\/wp\/v2\/categories?post=172575"},{"taxonomy":"post_tag","embeddable":true,"href":"https:\/\/www.bellunopress.it\/fr\/wp-json\/wp\/v2\/tags?post=172575"}],"curies":[{"name":"wp","href":"https:\/\/api.w.org\/{rel}","templated":true}]}}