{"id":172573,"date":"2026-08-10T12:48:48","date_gmt":"2026-08-10T10:48:48","guid":{"rendered":"https:\/\/www.bellunopress.it\/?p=172573"},"modified":"2026-08-10T12:48:48","modified_gmt":"2026-08-10T10:48:48","slug":"nevegal-il-16-agosto-lassemblea-apn-rinnovo-del-direttivo-e-una-visione-a-lungo-termine-per-il-colle","status":"publish","type":"post","link":"https:\/\/www.bellunopress.it\/fr\/2026\/08\/10\/nevegal-il-16-agosto-lassemblea-apn-rinnovo-del-direttivo-e-una-visione-a-lungo-termine-per-il-colle\/","title":{"rendered":"Nevegal, il 16 agosto l\u2019Assemblea APN: rinnovo del direttivo e una visione a lungo termine per il Colle"},"content":{"rendered":"<p>Nevegal (Belluno) \u2013 Un appuntamento fondamentale per tracciare la rotta del futuro del Nevegal. Domenica 16 agosto l\u2019Associazione Proprietari Nevegal (APN) riunir\u00e0 i propri soci per la consueta assemblea annuale, ospitata presso la Sala \u201cCav. Giuseppe Caldart\u201d (ex Hall Le Torri).<\/p>\n<p>I lavori prenderanno il via alle ore 15:00 con la seduta riservata agli associati, chiamata tra l&#8217;altro a rinnovare i membri del Consiglio Direttivo. Successivamente, alle ore 16:00, spazio al confronto pubblico con l&#8217;incontro aperto alle autorit\u00e0 locali e ai rappresentanti delle istituzioni.<\/p>\n<p>Fondata sul finire del 2019, l\u2019APN \u00e8 diventata in pochi anni uno dei punti di riferimento pi\u00f9 autorevoli della comunit\u00e0 locale, arrivando a contare oggi oltre 230 iscritti tra proprietari di seconde case, residenti e operatori economici.<\/p>\n<p>L&#8217;incontro di quest&#8217;anno metter\u00e0 al centro il rilancio strategico e la valorizzazione del Colle. Se da un lato non si nascondono le criticit\u00e0 storiche del territorio, dall&#8217;altro l&#8217;associazione intende valorizzare i chiari segnali di vitalit\u00e0 registrati di recente: l&#8217;interesse di nuovi investitori privati, la tenuta del tessuto imprenditoriale, il successo dei grandi eventi capace di attirare migliaia di visitatori e la solidit\u00e0 del mercato immobiliare che, pur dopo il picco post-pandemico, mantiene quotazioni superiori rispetto al passato.<\/p>\n<p>\u00abDobbiamo partire dalla realt\u00e0 nel suo insieme\u00bb, evidenzia Daniele Ciani, presidente dell\u2019APN. \u00abConosciamo le criticit\u00e0 e sappiamo che alcune richiedono risposte concrete, ma sarebbe sbagliato non vedere quanto di positivo \u00e8 avvenuto: persone che hanno acquistato e ristrutturato immobili, imprese che hanno investito, attivit\u00e0 che continuano a lavorare e manifestazioni che dimostrano quanto il Nevegal sappia ancora attrarre interesse e presenze.\u00bb<\/p>\n<p><strong>Una programmazione a dieci anni e il nodo risorse<\/strong><br \/>\nPer l&#8217;APN la priorit\u00e0 attuale \u00e8 superare la logica dell&#8217;emergenza per costruire un piano strutturato a medio-lungo termine che coinvolga infrastrutture, servizi, turismo e vivibilit\u00e0.<\/p>\n<p>\u00abIl futuro del Nevegal non pu\u00f2 essere costruito inseguendo le emergenze, serve una visione a dieci anni e continuit\u00e0 nelle scelte\u00bb, prosegue Ciani. \u00abIl pubblico deve fare la sua parte, ma il percorso deve coinvolgere stabilmente proprietari, residenti, operatori economici e chi ha scelto di investire sul Colle.\u00bb In questa prospettiva di cooperazione, un ruolo strategico potr\u00e0 essere svolto dalla Frazione del Nevegal, intesa come canale permanente di dialogo con l&#8217;Amministrazione comunale di Belluno.<\/p>\n<p>Infine, l&#8217;assemblea sar\u00e0 l&#8217;occasione per proporre una riflessione sul ritorno economico e fiscale che il Colle garantisce al capoluogo. Tra gettito IMU sulle seconde case, indotto generato dalle ristrutturazioni ed entrate della tassa di soggiorno legate ai grandi eventi, il Nevegal produce un valore rilevante. La proposta di APN \u00e8 di avviare un tavolo di confronto per reinvestire stabilmente sul Colle una quota di queste risorse, destinandola a manutenzioni, servizi ed efficientamento infrastrutturale a beneficio di tutta la collettivit\u00e0 bellunese.<\/p>\n<p>\u00abIl Nevegal non parte da zero\u00bb, conclude il presidente Ciani. \u00abHa una comunit\u00e0, migliaia di proprietari, operatori economici, investimenti gi\u00e0 realizzati e un&#8217;attrattivit\u00e0 dimostrata dai fatti. Dobbiamo affrontare ci\u00f2 che non funziona, ma soprattutto mettere insieme le energie che gi\u00e0 esistono in una programmazione seria e continuativa. Il 16 agosto vogliamo partire da qui.\u00bb<\/p>\n<p>&nbsp;<\/p>","protected":false},"excerpt":{"rendered":"<p>Nevegal (Belluno) \u2013 Un appuntamento fondamentale per tracciare la rotta del futuro del Nevegal. Domenica 16 agosto l\u2019Associazione Proprietari Nevegal (APN) riunir\u00e0 i propri soci per la consueta assemblea annuale, ospitata presso la Sala \u201cCav. Giuseppe Caldart\u201d (ex Hall Le Torri). I lavori prenderanno il via alle ore 15:00 con la seduta riservata agli associati, [&hellip;]<\/p>\n","protected":false},"author":2,"featured_media":125504,"comment_status":"closed","ping_status":"open","sticky":false,"template":"","format":"standard","meta":{"footnotes":""},"categories":[8],"tags":[],"class_list":["post-172573","post","type-post","status-publish","format-standard","has-post-thumbnail","category-societa-istituzioni"],"yoast_head":"<!-- This site is optimized with the Yoast SEO plugin v28.4 - https:\/\/yoast.com\/product\/yoast-seo-wordpress\/ -->\n<title>Nevegal, il 16 agosto l\u2019Assemblea APN: rinnovo del direttivo e una visione a lungo termine per il Colle - Bellunopress - Dolomiti<\/title>\n<meta name=\"robots\" content=\"index, follow, max-snippet:-1, max-image-preview:large, max-video-preview:-1\" \/>\n<link rel=\"canonical\" href=\"https:\/\/www.bellunopress.it\/fr\/2026\/08\/10\/nevegal-il-16-agosto-lassemblea-apn-rinnovo-del-direttivo-e-una-visione-a-lungo-termine-per-il-colle\/\" \/>\n<meta property=\"og:locale\" content=\"fr_FR\" \/>\n<meta property=\"og:type\" content=\"article\" \/>\n<meta property=\"og:title\" content=\"Nevegal, il 16 agosto l\u2019Assemblea APN: rinnovo del direttivo e una visione a lungo termine per il Colle - Bellunopress - Dolomiti\" \/>\n<meta property=\"og:description\" content=\"Nevegal (Belluno) \u2013 Un appuntamento fondamentale per tracciare la rotta del futuro del Nevegal. Domenica 16 agosto l\u2019Associazione Proprietari Nevegal (APN) riunir\u00e0 i propri soci per la consueta assemblea annuale, ospitata presso la Sala \u201cCav. Giuseppe Caldart\u201d (ex Hall Le Torri). I lavori prenderanno il via alle ore 15:00 con la seduta riservata agli associati, [&hellip;]\" \/>\n<meta property=\"og:url\" content=\"https:\/\/www.bellunopress.it\/fr\/2026\/08\/10\/nevegal-il-16-agosto-lassemblea-apn-rinnovo-del-direttivo-e-una-visione-a-lungo-termine-per-il-colle\/\" \/>\n<meta property=\"og:site_name\" content=\"Bellunopress - Dolomiti\" \/>\n<meta property=\"article:publisher\" content=\"https:\/\/www.facebook.com\/profile.php?id=100008943462799\" \/>\n<meta property=\"article:published_time\" content=\"2026-08-10T10:48:48+00:00\" \/>\n<meta property=\"og:image\" content=\"https:\/\/www.bellunopress.it\/wp-content\/uploads\/2021\/06\/Daniele-Ciani_edited.jpg\" \/>\n\t<meta property=\"og:image:width\" content=\"653\" \/>\n\t<meta property=\"og:image:height\" content=\"800\" \/>\n\t<meta property=\"og:image:type\" content=\"image\/jpeg\" \/>\n<meta name=\"author\" content=\"redazione\" \/>\n<meta name=\"twitter:card\" content=\"summary_large_image\" \/>\n<meta name=\"twitter:creator\" content=\"@bellunopress\" \/>\n<meta name=\"twitter:site\" content=\"@bellunopress\" \/>\n<meta name=\"twitter:label1\" content=\"\u00c9crit par\" \/>\n\t<meta name=\"twitter:data1\" content=\"redazione\" \/>\n\t<meta name=\"twitter:label2\" content=\"Dur\u00e9e de lecture estim\u00e9e\" \/>\n\t<meta name=\"twitter:data2\" content=\"3 minutes\" \/>\n<script type=\"application\/ld+json\" class=\"yoast-schema-graph\">{\"@context\":\"https:\\\/\\\/schema.org\",\"@graph\":[{\"@type\":\"Article\",\"@id\":\"https:\\\/\\\/www.bellunopress.it\\\/2026\\\/08\\\/10\\\/nevegal-il-16-agosto-lassemblea-apn-rinnovo-del-direttivo-e-una-visione-a-lungo-termine-per-il-colle\\\/#article\",\"isPartOf\":{\"@id\":\"https:\\\/\\\/www.bellunopress.it\\\/2026\\\/08\\\/10\\\/nevegal-il-16-agosto-lassemblea-apn-rinnovo-del-direttivo-e-una-visione-a-lungo-termine-per-il-colle\\\/\"},\"author\":{\"name\":\"redazione\",\"@id\":\"https:\\\/\\\/www.bellunopress.it\\\/#\\\/schema\\\/person\\\/79bb06722b37ece1c03d3e94beb30d73\"},\"headline\":\"Nevegal, il 16 agosto l\u2019Assemblea APN: rinnovo del direttivo e una visione a lungo termine per il Colle\",\"datePublished\":\"2026-08-10T10:48:48+00:00\",\"mainEntityOfPage\":{\"@id\":\"https:\\\/\\\/www.bellunopress.it\\\/2026\\\/08\\\/10\\\/nevegal-il-16-agosto-lassemblea-apn-rinnovo-del-direttivo-e-una-visione-a-lungo-termine-per-il-colle\\\/\"},\"wordCount\":525,\"publisher\":{\"@id\":\"https:\\\/\\\/www.bellunopress.it\\\/#organization\"},\"image\":{\"@id\":\"https:\\\/\\\/www.bellunopress.it\\\/2026\\\/08\\\/10\\\/nevegal-il-16-agosto-lassemblea-apn-rinnovo-del-direttivo-e-una-visione-a-lungo-termine-per-il-colle\\\/#primaryimage\"},\"thumbnailUrl\":\"https:\\\/\\\/www.bellunopress.it\\\/wp-content\\\/uploads\\\/2021\\\/06\\\/Daniele-Ciani_edited.jpg\",\"articleSection\":[\"Societ\u00e0, Associazioni, Istituzioni\"],\"inLanguage\":\"fr-FR\"},{\"@type\":\"WebPage\",\"@id\":\"https:\\\/\\\/www.bellunopress.it\\\/2026\\\/08\\\/10\\\/nevegal-il-16-agosto-lassemblea-apn-rinnovo-del-direttivo-e-una-visione-a-lungo-termine-per-il-colle\\\/\",\"url\":\"https:\\\/\\\/www.bellunopress.it\\\/2026\\\/08\\\/10\\\/nevegal-il-16-agosto-lassemblea-apn-rinnovo-del-direttivo-e-una-visione-a-lungo-termine-per-il-colle\\\/\",\"name\":\"Nevegal, il 16 agosto l\u2019Assemblea APN: rinnovo del direttivo e una visione a lungo termine per il Colle - Bellunopress - Dolomiti\",\"isPartOf\":{\"@id\":\"https:\\\/\\\/www.bellunopress.it\\\/#website\"},\"primaryImageOfPage\":{\"@id\":\"https:\\\/\\\/www.bellunopress.it\\\/2026\\\/08\\\/10\\\/nevegal-il-16-agosto-lassemblea-apn-rinnovo-del-direttivo-e-una-visione-a-lungo-termine-per-il-colle\\\/#primaryimage\"},\"image\":{\"@id\":\"https:\\\/\\\/www.bellunopress.it\\\/2026\\\/08\\\/10\\\/nevegal-il-16-agosto-lassemblea-apn-rinnovo-del-direttivo-e-una-visione-a-lungo-termine-per-il-colle\\\/#primaryimage\"},\"thumbnailUrl\":\"https:\\\/\\\/www.bellunopress.it\\\/wp-content\\\/uploads\\\/2021\\\/06\\\/Daniele-Ciani_edited.jpg\",\"datePublished\":\"2026-08-10T10:48:48+00:00\",\"breadcrumb\":{\"@id\":\"https:\\\/\\\/www.bellunopress.it\\\/2026\\\/08\\\/10\\\/nevegal-il-16-agosto-lassemblea-apn-rinnovo-del-direttivo-e-una-visione-a-lungo-termine-per-il-colle\\\/#breadcrumb\"},\"inLanguage\":\"fr-FR\",\"potentialAction\":[{\"@type\":\"ReadAction\",\"target\":[\"https:\\\/\\\/www.bellunopress.it\\\/2026\\\/08\\\/10\\\/nevegal-il-16-agosto-lassemblea-apn-rinnovo-del-direttivo-e-una-visione-a-lungo-termine-per-il-colle\\\/\"]}]},{\"@type\":\"ImageObject\",\"inLanguage\":\"fr-FR\",\"@id\":\"https:\\\/\\\/www.bellunopress.it\\\/2026\\\/08\\\/10\\\/nevegal-il-16-agosto-lassemblea-apn-rinnovo-del-direttivo-e-una-visione-a-lungo-termine-per-il-colle\\\/#primaryimage\",\"url\":\"https:\\\/\\\/www.bellunopress.it\\\/wp-content\\\/uploads\\\/2021\\\/06\\\/Daniele-Ciani_edited.jpg\",\"contentUrl\":\"https:\\\/\\\/www.bellunopress.it\\\/wp-content\\\/uploads\\\/2021\\\/06\\\/Daniele-Ciani_edited.jpg\",\"width\":653,\"height\":800,\"caption\":\"Daniele Ciani\"},{\"@type\":\"BreadcrumbList\",\"@id\":\"https:\\\/\\\/www.bellunopress.it\\\/2026\\\/08\\\/10\\\/nevegal-il-16-agosto-lassemblea-apn-rinnovo-del-direttivo-e-una-visione-a-lungo-termine-per-il-colle\\\/#breadcrumb\",\"itemListElement\":[{\"@type\":\"ListItem\",\"position\":1,\"name\":\"Home\",\"item\":\"https:\\\/\\\/www.bellunopress.it\\\/\"},{\"@type\":\"ListItem\",\"position\":2,\"name\":\"Nevegal, il 16 agosto l\u2019Assemblea APN: rinnovo del direttivo e una visione a lungo termine per il Colle\"}]},{\"@type\":\"WebSite\",\"@id\":\"https:\\\/\\\/www.bellunopress.it\\\/#website\",\"url\":\"https:\\\/\\\/www.bellunopress.it\\\/\",\"name\":\"Bellunopress - Dolomiti\",\"description\":\"e-mail: redazione@bellunopress.it\",\"publisher\":{\"@id\":\"https:\\\/\\\/www.bellunopress.it\\\/#organization\"},\"potentialAction\":[{\"@type\":\"SearchAction\",\"target\":{\"@type\":\"EntryPoint\",\"urlTemplate\":\"https:\\\/\\\/www.bellunopress.it\\\/?s={search_term_string}\"},\"query-input\":{\"@type\":\"PropertyValueSpecification\",\"valueRequired\":true,\"valueName\":\"search_term_string\"}}],\"inLanguage\":\"fr-FR\"},{\"@type\":\"Organization\",\"@id\":\"https:\\\/\\\/www.bellunopress.it\\\/#organization\",\"name\":\"Bellunopress\",\"url\":\"https:\\\/\\\/www.bellunopress.it\\\/\",\"logo\":{\"@type\":\"ImageObject\",\"inLanguage\":\"fr-FR\",\"@id\":\"https:\\\/\\\/www.bellunopress.it\\\/#\\\/schema\\\/logo\\\/image\\\/\",\"url\":\"https:\\\/\\\/www.bellunopress.it\\\/wp-content\\\/uploads\\\/2011\\\/05\\\/cropped-logo-bellunopress-.jpg\",\"contentUrl\":\"https:\\\/\\\/www.bellunopress.it\\\/wp-content\\\/uploads\\\/2011\\\/05\\\/cropped-logo-bellunopress-.jpg\",\"width\":512,\"height\":512,\"caption\":\"Bellunopress\"},\"image\":{\"@id\":\"https:\\\/\\\/www.bellunopress.it\\\/#\\\/schema\\\/logo\\\/image\\\/\"},\"sameAs\":[\"https:\\\/\\\/www.facebook.com\\\/profile.php?id=100008943462799\",\"https:\\\/\\\/x.com\\\/bellunopress\",\"https:\\\/\\\/www.linkedin.com\\\/hp\\\/?dnr=JBzUWaJfMUw8vbXJJ2tVW5-I3jZKvC4wsoxE&amp;amp;amp;amp;amp;amp;trk=nav_responsive_tab_home\",\"https:\\\/\\\/www.youtube.com\\\/channel\\\/UCxL0wu1uN0_3_7hGG0306cw\"]},{\"@type\":\"Person\",\"@id\":\"https:\\\/\\\/www.bellunopress.it\\\/#\\\/schema\\\/person\\\/79bb06722b37ece1c03d3e94beb30d73\",\"name\":\"redazione\",\"image\":{\"@type\":\"ImageObject\",\"inLanguage\":\"fr-FR\",\"@id\":\"https:\\\/\\\/secure.gravatar.com\\\/avatar\\\/37d968a2e67a6fd04c169c4bdef102d0bc5d31b2546345219e348575eb80e9a0?s=96&d=mm&r=g\",\"url\":\"https:\\\/\\\/secure.gravatar.com\\\/avatar\\\/37d968a2e67a6fd04c169c4bdef102d0bc5d31b2546345219e348575eb80e9a0?s=96&d=mm&r=g\",\"contentUrl\":\"https:\\\/\\\/secure.gravatar.com\\\/avatar\\\/37d968a2e67a6fd04c169c4bdef102d0bc5d31b2546345219e348575eb80e9a0?s=96&d=mm&r=g\",\"caption\":\"redazione\"},\"sameAs\":[\"http:\\\/\\\/www.bellunopress.it\",\"https:\\\/\\\/x.com\\\/bellunopress\"],\"url\":\"https:\\\/\\\/www.bellunopress.it\\\/fr\\\/author\\\/redazione\\\/\"}]}<\/script>\n<!-- \/ Yoast SEO plugin. -->","yoast_head_json":{"title":"Nevegal, il 16 agosto l\u2019Assemblea APN: rinnovo del direttivo e una visione a lungo termine per il Colle - Bellunopress - Dolomiti","robots":{"index":"index","follow":"follow","max-snippet":"max-snippet:-1","max-image-preview":"max-image-preview:large","max-video-preview":"max-video-preview:-1"},"canonical":"https:\/\/www.bellunopress.it\/fr\/2026\/08\/10\/nevegal-il-16-agosto-lassemblea-apn-rinnovo-del-direttivo-e-una-visione-a-lungo-termine-per-il-colle\/","og_locale":"fr_FR","og_type":"article","og_title":"Nevegal, il 16 agosto l\u2019Assemblea APN: rinnovo del direttivo e una visione a lungo termine per il Colle - Bellunopress - Dolomiti","og_description":"Nevegal (Belluno) \u2013 Un appuntamento fondamentale per tracciare la rotta del futuro del Nevegal. Domenica 16 agosto l\u2019Associazione Proprietari Nevegal (APN) riunir\u00e0 i propri soci per la consueta assemblea annuale, ospitata presso la Sala \u201cCav. Giuseppe Caldart\u201d (ex Hall Le Torri). I lavori prenderanno il via alle ore 15:00 con la seduta riservata agli associati, [&hellip;]","og_url":"https:\/\/www.bellunopress.it\/fr\/2026\/08\/10\/nevegal-il-16-agosto-lassemblea-apn-rinnovo-del-direttivo-e-una-visione-a-lungo-termine-per-il-colle\/","og_site_name":"Bellunopress - Dolomiti","article_publisher":"https:\/\/www.facebook.com\/profile.php?id=100008943462799","article_published_time":"2026-08-10T10:48:48+00:00","og_image":[{"width":653,"height":800,"url":"https:\/\/www.bellunopress.it\/wp-content\/uploads\/2021\/06\/Daniele-Ciani_edited.jpg","type":"image\/jpeg"}],"author":"redazione","twitter_card":"summary_large_image","twitter_creator":"@bellunopress","twitter_site":"@bellunopress","twitter_misc":{"\u00c9crit par":"redazione","Dur\u00e9e de lecture estim\u00e9e":"3 minutes"},"schema":{"@context":"https:\/\/schema.org","@graph":[{"@type":"Article","@id":"https:\/\/www.bellunopress.it\/2026\/08\/10\/nevegal-il-16-agosto-lassemblea-apn-rinnovo-del-direttivo-e-una-visione-a-lungo-termine-per-il-colle\/#article","isPartOf":{"@id":"https:\/\/www.bellunopress.it\/2026\/08\/10\/nevegal-il-16-agosto-lassemblea-apn-rinnovo-del-direttivo-e-una-visione-a-lungo-termine-per-il-colle\/"},"author":{"name":"redazione","@id":"https:\/\/www.bellunopress.it\/#\/schema\/person\/79bb06722b37ece1c03d3e94beb30d73"},"headline":"Nevegal, il 16 agosto l\u2019Assemblea APN: rinnovo del direttivo e una visione a lungo termine per il Colle","datePublished":"2026-08-10T10:48:48+00:00","mainEntityOfPage":{"@id":"https:\/\/www.bellunopress.it\/2026\/08\/10\/nevegal-il-16-agosto-lassemblea-apn-rinnovo-del-direttivo-e-una-visione-a-lungo-termine-per-il-colle\/"},"wordCount":525,"publisher":{"@id":"https:\/\/www.bellunopress.it\/#organization"},"image":{"@id":"https:\/\/www.bellunopress.it\/2026\/08\/10\/nevegal-il-16-agosto-lassemblea-apn-rinnovo-del-direttivo-e-una-visione-a-lungo-termine-per-il-colle\/#primaryimage"},"thumbnailUrl":"https:\/\/www.bellunopress.it\/wp-content\/uploads\/2021\/06\/Daniele-Ciani_edited.jpg","articleSection":["Societ\u00e0, Associazioni, Istituzioni"],"inLanguage":"fr-FR"},{"@type":"WebPage","@id":"https:\/\/www.bellunopress.it\/2026\/08\/10\/nevegal-il-16-agosto-lassemblea-apn-rinnovo-del-direttivo-e-una-visione-a-lungo-termine-per-il-colle\/","url":"https:\/\/www.bellunopress.it\/2026\/08\/10\/nevegal-il-16-agosto-lassemblea-apn-rinnovo-del-direttivo-e-una-visione-a-lungo-termine-per-il-colle\/","name":"Nevegal, il 16 agosto l\u2019Assemblea APN: rinnovo del direttivo e una visione a lungo termine per il Colle - Bellunopress - Dolomiti","isPartOf":{"@id":"https:\/\/www.bellunopress.it\/#website"},"primaryImageOfPage":{"@id":"https:\/\/www.bellunopress.it\/2026\/08\/10\/nevegal-il-16-agosto-lassemblea-apn-rinnovo-del-direttivo-e-una-visione-a-lungo-termine-per-il-colle\/#primaryimage"},"image":{"@id":"https:\/\/www.bellunopress.it\/2026\/08\/10\/nevegal-il-16-agosto-lassemblea-apn-rinnovo-del-direttivo-e-una-visione-a-lungo-termine-per-il-colle\/#primaryimage"},"thumbnailUrl":"https:\/\/www.bellunopress.it\/wp-content\/uploads\/2021\/06\/Daniele-Ciani_edited.jpg","datePublished":"2026-08-10T10:48:48+00:00","breadcrumb":{"@id":"https:\/\/www.bellunopress.it\/2026\/08\/10\/nevegal-il-16-agosto-lassemblea-apn-rinnovo-del-direttivo-e-una-visione-a-lungo-termine-per-il-colle\/#breadcrumb"},"inLanguage":"fr-FR","potentialAction":[{"@type":"ReadAction","target":["https:\/\/www.bellunopress.it\/2026\/08\/10\/nevegal-il-16-agosto-lassemblea-apn-rinnovo-del-direttivo-e-una-visione-a-lungo-termine-per-il-colle\/"]}]},{"@type":"ImageObject","inLanguage":"fr-FR","@id":"https:\/\/www.bellunopress.it\/2026\/08\/10\/nevegal-il-16-agosto-lassemblea-apn-rinnovo-del-direttivo-e-una-visione-a-lungo-termine-per-il-colle\/#primaryimage","url":"https:\/\/www.bellunopress.it\/wp-content\/uploads\/2021\/06\/Daniele-Ciani_edited.jpg","contentUrl":"https:\/\/www.bellunopress.it\/wp-content\/uploads\/2021\/06\/Daniele-Ciani_edited.jpg","width":653,"height":800,"caption":"Daniele Ciani"},{"@type":"BreadcrumbList","@id":"https:\/\/www.bellunopress.it\/2026\/08\/10\/nevegal-il-16-agosto-lassemblea-apn-rinnovo-del-direttivo-e-una-visione-a-lungo-termine-per-il-colle\/#breadcrumb","itemListElement":[{"@type":"ListItem","position":1,"name":"Home","item":"https:\/\/www.bellunopress.it\/"},{"@type":"ListItem","position":2,"name":"Nevegal, il 16 agosto l\u2019Assemblea APN: rinnovo del direttivo e una visione a lungo termine per il Colle"}]},{"@type":"WebSite","@id":"https:\/\/www.bellunopress.it\/#website","url":"https:\/\/www.bellunopress.it\/","name":"Bellunopress - Dolomiti","description":"e-mail: redazione@bellunopress.it","publisher":{"@id":"https:\/\/www.bellunopress.it\/#organization"},"potentialAction":[{"@type":"SearchAction","target":{"@type":"EntryPoint","urlTemplate":"https:\/\/www.bellunopress.it\/?s={search_term_string}"},"query-input":{"@type":"PropertyValueSpecification","valueRequired":true,"valueName":"search_term_string"}}],"inLanguage":"fr-FR"},{"@type":"Organization","@id":"https:\/\/www.bellunopress.it\/#organization","name":"Bellunopress","url":"https:\/\/www.bellunopress.it\/","logo":{"@type":"ImageObject","inLanguage":"fr-FR","@id":"https:\/\/www.bellunopress.it\/#\/schema\/logo\/image\/","url":"https:\/\/www.bellunopress.it\/wp-content\/uploads\/2011\/05\/cropped-logo-bellunopress-.jpg","contentUrl":"https:\/\/www.bellunopress.it\/wp-content\/uploads\/2011\/05\/cropped-logo-bellunopress-.jpg","width":512,"height":512,"caption":"Bellunopress"},"image":{"@id":"https:\/\/www.bellunopress.it\/#\/schema\/logo\/image\/"},"sameAs":["https:\/\/www.facebook.com\/profile.php?id=100008943462799","https:\/\/x.com\/bellunopress","https:\/\/www.linkedin.com\/hp\/?dnr=JBzUWaJfMUw8vbXJJ2tVW5-I3jZKvC4wsoxE&amp;amp;amp;amp;amp;amp;trk=nav_responsive_tab_home","https:\/\/www.youtube.com\/channel\/UCxL0wu1uN0_3_7hGG0306cw"]},{"@type":"Person","@id":"https:\/\/www.bellunopress.it\/#\/schema\/person\/79bb06722b37ece1c03d3e94beb30d73","name":"r\u00e9daction","image":{"@type":"ImageObject","inLanguage":"fr-FR","@id":"https:\/\/secure.gravatar.com\/avatar\/37d968a2e67a6fd04c169c4bdef102d0bc5d31b2546345219e348575eb80e9a0?s=96&d=mm&r=g","url":"https:\/\/secure.gravatar.com\/avatar\/37d968a2e67a6fd04c169c4bdef102d0bc5d31b2546345219e348575eb80e9a0?s=96&d=mm&r=g","contentUrl":"https:\/\/secure.gravatar.com\/avatar\/37d968a2e67a6fd04c169c4bdef102d0bc5d31b2546345219e348575eb80e9a0?s=96&d=mm&r=g","caption":"redazione"},"sameAs":["http:\/\/www.bellunopress.it","https:\/\/x.com\/bellunopress"],"url":"https:\/\/www.bellunopress.it\/fr\/author\/redazione\/"}]}},"_links":{"self":[{"href":"https:\/\/www.bellunopress.it\/fr\/wp-json\/wp\/v2\/posts\/172573","targetHints":{"allow":["GET"]}}],"collection":[{"href":"https:\/\/www.bellunopress.it\/fr\/wp-json\/wp\/v2\/posts"}],"about":[{"href":"https:\/\/www.bellunopress.it\/fr\/wp-json\/wp\/v2\/types\/post"}],"author":[{"embeddable":true,"href":"https:\/\/www.bellunopress.it\/fr\/wp-json\/wp\/v2\/users\/2"}],"replies":[{"embeddable":true,"href":"https:\/\/www.bellunopress.it\/fr\/wp-json\/wp\/v2\/comments?post=172573"}],"version-history":[{"count":1,"href":"https:\/\/www.bellunopress.it\/fr\/wp-json\/wp\/v2\/posts\/172573\/revisions"}],"predecessor-version":[{"id":172574,"href":"https:\/\/www.bellunopress.it\/fr\/wp-json\/wp\/v2\/posts\/172573\/revisions\/172574"}],"wp:featuredmedia":[{"embeddable":true,"href":"https:\/\/www.bellunopress.it\/fr\/wp-json\/wp\/v2\/media\/125504"}],"wp:attachment":[{"href":"https:\/\/www.bellunopress.it\/fr\/wp-json\/wp\/v2\/media?parent=172573"}],"wp:term":[{"taxonomy":"category","embeddable":true,"href":"https:\/\/www.bellunopress.it\/fr\/wp-json\/wp\/v2\/categories?post=172573"},{"taxonomy":"post_tag","embeddable":true,"href":"https:\/\/www.bellunopress.it\/fr\/wp-json\/wp\/v2\/tags?post=172573"}],"curies":[{"name":"wp","href":"https:\/\/api.w.org\/{rel}","templated":true}]}}