{"id":172568,"date":"2026-08-10T10:31:21","date_gmt":"2026-08-10T08:31:21","guid":{"rendered":"https:\/\/www.bellunopress.it\/?p=172568"},"modified":"2026-08-10T10:31:21","modified_gmt":"2026-08-10T08:31:21","slug":"il-mercato-di-forte-dei-marmi-sbarca-nel-cadore-doppi-appuntamento-tra-pieve-e-san-vito-a-ferragosto","status":"publish","type":"post","link":"https:\/\/www.bellunopress.it\/fr\/2026\/08\/10\/il-mercato-di-forte-dei-marmi-sbarca-nel-cadore-doppi-appuntamento-tra-pieve-e-san-vito-a-ferragosto\/","title":{"rendered":"Il mercato di Forte dei Marmi sbarca nel Cadore: doppi appuntamento tra Pieve e San Vito a Ferragosto"},"content":{"rendered":"<p>Il Cadore si prepara ad accogliere uno degli eventi commerciali e di costume pi\u00f9 seguiti dell&#8217;estate bellunese. Nel cuore del fine settimana di Ferragosto, il consorzio de &#8220;Gli Ambulanti di Forte dei Marmi&#8221; porter\u00e0 le sue bancarelle tra Pieve di Cadore e San Vito di Cadore, offrendo due giornate dedicate allo shopping all&#8217;aperto e all&#8217;artigianato Made in Italy.<\/p>\n<p>Il tour itinerante, che da anni richiama migliaia di visitatori in tutta Italia, far\u00e0 tappa venerd\u00ec 14 agosto a Pieve di Cadore, in Piazza Tiziano, per poi replicare sabato 15 agosto a San Vito di Cadore, nella zona del Parcheggio Asilo Vecio in Corso Italia. In entrambi i casi, i banchi saranno aperti al pubblico con orario continuato dalle 8:00 alle 19:00, anche in caso di maltempo.<\/p>\n<p>Nato nel 2002 con l&#8217;intento di portare fuori dai confini toscani lo spettacolo del celebre mercato di Forte dei Marmi, il consorzio propone un format che unisce la tradizione commerciale toscana a una vasta gamma di prodotti. Sui banchi sar\u00e0 possibile trovare abbigliamento, pelletteria artigianale (borse e scarpe), produzioni in cashmere, pellicceria, tessuti pregiati, biancheria per la casa, porcellane e bijoux.<\/p>\n<p>L&#8217;iniziativa, oltre a rappresentare un&#8217;attrattiva turistica per il territorio dolomitico durante il picco della stagione estiva, si inserisce nel pi\u00f9 ampio circuito di eventi itineranti che il consorzio organizza regolarmente lungo la penisola. Gli organizzatori ricordano l&#8217;importanza di fare riferimento esclusivamente ai canali ufficiali per verificare il calendario aggiornato degli appuntamenti e prevenire eventuali eventi imitativi.<\/p>","protected":false},"excerpt":{"rendered":"<p>Il Cadore si prepara ad accogliere uno degli eventi commerciali e di costume pi\u00f9 seguiti dell&#8217;estate bellunese. Nel cuore del fine settimana di Ferragosto, il consorzio de &#8220;Gli Ambulanti di Forte dei Marmi&#8221; porter\u00e0 le sue bancarelle tra Pieve di Cadore e San Vito di Cadore, offrendo due giornate dedicate allo shopping all&#8217;aperto e all&#8217;artigianato [&hellip;]<\/p>\n","protected":false},"author":2,"featured_media":161160,"comment_status":"closed","ping_status":"open","sticky":false,"template":"","format":"standard","meta":{"footnotes":""},"categories":[25,4],"tags":[],"class_list":["post-172568","post","type-post","status-publish","format-standard","has-post-thumbnail","category-pausa-caffe","category-sport"],"yoast_head":"<!-- This site is optimized with the Yoast SEO plugin v28.4 - https:\/\/yoast.com\/product\/yoast-seo-wordpress\/ -->\n<title>Il mercato di Forte dei Marmi sbarca nel Cadore: doppi appuntamento tra Pieve e San Vito a Ferragosto - Bellunopress - Dolomiti<\/title>\n<meta name=\"robots\" content=\"index, follow, max-snippet:-1, max-image-preview:large, max-video-preview:-1\" \/>\n<link rel=\"canonical\" href=\"https:\/\/www.bellunopress.it\/fr\/2026\/08\/10\/il-mercato-di-forte-dei-marmi-sbarca-nel-cadore-doppi-appuntamento-tra-pieve-e-san-vito-a-ferragosto\/\" \/>\n<meta property=\"og:locale\" content=\"fr_FR\" \/>\n<meta property=\"og:type\" content=\"article\" \/>\n<meta property=\"og:title\" content=\"Il mercato di Forte dei Marmi sbarca nel Cadore: doppi appuntamento tra Pieve e San Vito a Ferragosto - Bellunopress - Dolomiti\" \/>\n<meta property=\"og:description\" content=\"Il Cadore si prepara ad accogliere uno degli eventi commerciali e di costume pi\u00f9 seguiti dell&#8217;estate bellunese. Nel cuore del fine settimana di Ferragosto, il consorzio de &#8220;Gli Ambulanti di Forte dei Marmi&#8221; porter\u00e0 le sue bancarelle tra Pieve di Cadore e San Vito di Cadore, offrendo due giornate dedicate allo shopping all&#8217;aperto e all&#8217;artigianato [&hellip;]\" \/>\n<meta property=\"og:url\" content=\"https:\/\/www.bellunopress.it\/fr\/2026\/08\/10\/il-mercato-di-forte-dei-marmi-sbarca-nel-cadore-doppi-appuntamento-tra-pieve-e-san-vito-a-ferragosto\/\" \/>\n<meta property=\"og:site_name\" content=\"Bellunopress - Dolomiti\" \/>\n<meta property=\"article:publisher\" content=\"https:\/\/www.facebook.com\/profile.php?id=100008943462799\" \/>\n<meta property=\"article:published_time\" content=\"2026-08-10T08:31:21+00:00\" \/>\n<meta property=\"og:image\" content=\"https:\/\/www.bellunopress.it\/wp-content\/uploads\/2025\/06\/Ambulanti-di-Forte-dei-Marmi-t-shirt-tinta-unita-avorio.jpg\" \/>\n\t<meta property=\"og:image:width\" content=\"774\" \/>\n\t<meta property=\"og:image:height\" content=\"723\" \/>\n\t<meta property=\"og:image:type\" content=\"image\/jpeg\" \/>\n<meta name=\"author\" content=\"redazione\" \/>\n<meta name=\"twitter:card\" content=\"summary_large_image\" \/>\n<meta name=\"twitter:creator\" content=\"@bellunopress\" \/>\n<meta name=\"twitter:site\" content=\"@bellunopress\" \/>\n<meta name=\"twitter:label1\" content=\"\u00c9crit par\" \/>\n\t<meta name=\"twitter:data1\" content=\"redazione\" \/>\n\t<meta name=\"twitter:label2\" content=\"Dur\u00e9e de lecture estim\u00e9e\" \/>\n\t<meta name=\"twitter:data2\" content=\"2 minutes\" \/>\n<script type=\"application\/ld+json\" class=\"yoast-schema-graph\">{\"@context\":\"https:\\\/\\\/schema.org\",\"@graph\":[{\"@type\":\"Article\",\"@id\":\"https:\\\/\\\/www.bellunopress.it\\\/2026\\\/08\\\/10\\\/il-mercato-di-forte-dei-marmi-sbarca-nel-cadore-doppi-appuntamento-tra-pieve-e-san-vito-a-ferragosto\\\/#article\",\"isPartOf\":{\"@id\":\"https:\\\/\\\/www.bellunopress.it\\\/2026\\\/08\\\/10\\\/il-mercato-di-forte-dei-marmi-sbarca-nel-cadore-doppi-appuntamento-tra-pieve-e-san-vito-a-ferragosto\\\/\"},\"author\":{\"name\":\"redazione\",\"@id\":\"https:\\\/\\\/www.bellunopress.it\\\/#\\\/schema\\\/person\\\/79bb06722b37ece1c03d3e94beb30d73\"},\"headline\":\"Il mercato di Forte dei Marmi sbarca nel Cadore: doppi appuntamento tra Pieve e San Vito a Ferragosto\",\"datePublished\":\"2026-08-10T08:31:21+00:00\",\"mainEntityOfPage\":{\"@id\":\"https:\\\/\\\/www.bellunopress.it\\\/2026\\\/08\\\/10\\\/il-mercato-di-forte-dei-marmi-sbarca-nel-cadore-doppi-appuntamento-tra-pieve-e-san-vito-a-ferragosto\\\/\"},\"wordCount\":262,\"publisher\":{\"@id\":\"https:\\\/\\\/www.bellunopress.it\\\/#organization\"},\"image\":{\"@id\":\"https:\\\/\\\/www.bellunopress.it\\\/2026\\\/08\\\/10\\\/il-mercato-di-forte-dei-marmi-sbarca-nel-cadore-doppi-appuntamento-tra-pieve-e-san-vito-a-ferragosto\\\/#primaryimage\"},\"thumbnailUrl\":\"https:\\\/\\\/www.bellunopress.it\\\/wp-content\\\/uploads\\\/2025\\\/06\\\/Ambulanti-di-Forte-dei-Marmi-t-shirt-tinta-unita-avorio.jpg\",\"articleSection\":[\"Pausa Caff\u00e8\",\"Sport, tempo libero\"],\"inLanguage\":\"fr-FR\"},{\"@type\":\"WebPage\",\"@id\":\"https:\\\/\\\/www.bellunopress.it\\\/2026\\\/08\\\/10\\\/il-mercato-di-forte-dei-marmi-sbarca-nel-cadore-doppi-appuntamento-tra-pieve-e-san-vito-a-ferragosto\\\/\",\"url\":\"https:\\\/\\\/www.bellunopress.it\\\/2026\\\/08\\\/10\\\/il-mercato-di-forte-dei-marmi-sbarca-nel-cadore-doppi-appuntamento-tra-pieve-e-san-vito-a-ferragosto\\\/\",\"name\":\"Il mercato di Forte dei Marmi sbarca nel Cadore: doppi appuntamento tra Pieve e San Vito a Ferragosto - Bellunopress - Dolomiti\",\"isPartOf\":{\"@id\":\"https:\\\/\\\/www.bellunopress.it\\\/#website\"},\"primaryImageOfPage\":{\"@id\":\"https:\\\/\\\/www.bellunopress.it\\\/2026\\\/08\\\/10\\\/il-mercato-di-forte-dei-marmi-sbarca-nel-cadore-doppi-appuntamento-tra-pieve-e-san-vito-a-ferragosto\\\/#primaryimage\"},\"image\":{\"@id\":\"https:\\\/\\\/www.bellunopress.it\\\/2026\\\/08\\\/10\\\/il-mercato-di-forte-dei-marmi-sbarca-nel-cadore-doppi-appuntamento-tra-pieve-e-san-vito-a-ferragosto\\\/#primaryimage\"},\"thumbnailUrl\":\"https:\\\/\\\/www.bellunopress.it\\\/wp-content\\\/uploads\\\/2025\\\/06\\\/Ambulanti-di-Forte-dei-Marmi-t-shirt-tinta-unita-avorio.jpg\",\"datePublished\":\"2026-08-10T08:31:21+00:00\",\"breadcrumb\":{\"@id\":\"https:\\\/\\\/www.bellunopress.it\\\/2026\\\/08\\\/10\\\/il-mercato-di-forte-dei-marmi-sbarca-nel-cadore-doppi-appuntamento-tra-pieve-e-san-vito-a-ferragosto\\\/#breadcrumb\"},\"inLanguage\":\"fr-FR\",\"potentialAction\":[{\"@type\":\"ReadAction\",\"target\":[\"https:\\\/\\\/www.bellunopress.it\\\/2026\\\/08\\\/10\\\/il-mercato-di-forte-dei-marmi-sbarca-nel-cadore-doppi-appuntamento-tra-pieve-e-san-vito-a-ferragosto\\\/\"]}]},{\"@type\":\"ImageObject\",\"inLanguage\":\"fr-FR\",\"@id\":\"https:\\\/\\\/www.bellunopress.it\\\/2026\\\/08\\\/10\\\/il-mercato-di-forte-dei-marmi-sbarca-nel-cadore-doppi-appuntamento-tra-pieve-e-san-vito-a-ferragosto\\\/#primaryimage\",\"url\":\"https:\\\/\\\/www.bellunopress.it\\\/wp-content\\\/uploads\\\/2025\\\/06\\\/Ambulanti-di-Forte-dei-Marmi-t-shirt-tinta-unita-avorio.jpg\",\"contentUrl\":\"https:\\\/\\\/www.bellunopress.it\\\/wp-content\\\/uploads\\\/2025\\\/06\\\/Ambulanti-di-Forte-dei-Marmi-t-shirt-tinta-unita-avorio.jpg\",\"width\":774,\"height\":723},{\"@type\":\"BreadcrumbList\",\"@id\":\"https:\\\/\\\/www.bellunopress.it\\\/2026\\\/08\\\/10\\\/il-mercato-di-forte-dei-marmi-sbarca-nel-cadore-doppi-appuntamento-tra-pieve-e-san-vito-a-ferragosto\\\/#breadcrumb\",\"itemListElement\":[{\"@type\":\"ListItem\",\"position\":1,\"name\":\"Home\",\"item\":\"https:\\\/\\\/www.bellunopress.it\\\/\"},{\"@type\":\"ListItem\",\"position\":2,\"name\":\"Il mercato di Forte dei Marmi sbarca nel Cadore: doppi appuntamento tra Pieve e San Vito a Ferragosto\"}]},{\"@type\":\"WebSite\",\"@id\":\"https:\\\/\\\/www.bellunopress.it\\\/#website\",\"url\":\"https:\\\/\\\/www.bellunopress.it\\\/\",\"name\":\"Bellunopress - Dolomiti\",\"description\":\"e-mail: redazione@bellunopress.it\",\"publisher\":{\"@id\":\"https:\\\/\\\/www.bellunopress.it\\\/#organization\"},\"potentialAction\":[{\"@type\":\"SearchAction\",\"target\":{\"@type\":\"EntryPoint\",\"urlTemplate\":\"https:\\\/\\\/www.bellunopress.it\\\/?s={search_term_string}\"},\"query-input\":{\"@type\":\"PropertyValueSpecification\",\"valueRequired\":true,\"valueName\":\"search_term_string\"}}],\"inLanguage\":\"fr-FR\"},{\"@type\":\"Organization\",\"@id\":\"https:\\\/\\\/www.bellunopress.it\\\/#organization\",\"name\":\"Bellunopress\",\"url\":\"https:\\\/\\\/www.bellunopress.it\\\/\",\"logo\":{\"@type\":\"ImageObject\",\"inLanguage\":\"fr-FR\",\"@id\":\"https:\\\/\\\/www.bellunopress.it\\\/#\\\/schema\\\/logo\\\/image\\\/\",\"url\":\"https:\\\/\\\/www.bellunopress.it\\\/wp-content\\\/uploads\\\/2011\\\/05\\\/cropped-logo-bellunopress-.jpg\",\"contentUrl\":\"https:\\\/\\\/www.bellunopress.it\\\/wp-content\\\/uploads\\\/2011\\\/05\\\/cropped-logo-bellunopress-.jpg\",\"width\":512,\"height\":512,\"caption\":\"Bellunopress\"},\"image\":{\"@id\":\"https:\\\/\\\/www.bellunopress.it\\\/#\\\/schema\\\/logo\\\/image\\\/\"},\"sameAs\":[\"https:\\\/\\\/www.facebook.com\\\/profile.php?id=100008943462799\",\"https:\\\/\\\/x.com\\\/bellunopress\",\"https:\\\/\\\/www.linkedin.com\\\/hp\\\/?dnr=JBzUWaJfMUw8vbXJJ2tVW5-I3jZKvC4wsoxE&amp;amp;amp;amp;amp;amp;trk=nav_responsive_tab_home\",\"https:\\\/\\\/www.youtube.com\\\/channel\\\/UCxL0wu1uN0_3_7hGG0306cw\"]},{\"@type\":\"Person\",\"@id\":\"https:\\\/\\\/www.bellunopress.it\\\/#\\\/schema\\\/person\\\/79bb06722b37ece1c03d3e94beb30d73\",\"name\":\"redazione\",\"image\":{\"@type\":\"ImageObject\",\"inLanguage\":\"fr-FR\",\"@id\":\"https:\\\/\\\/secure.gravatar.com\\\/avatar\\\/37d968a2e67a6fd04c169c4bdef102d0bc5d31b2546345219e348575eb80e9a0?s=96&d=mm&r=g\",\"url\":\"https:\\\/\\\/secure.gravatar.com\\\/avatar\\\/37d968a2e67a6fd04c169c4bdef102d0bc5d31b2546345219e348575eb80e9a0?s=96&d=mm&r=g\",\"contentUrl\":\"https:\\\/\\\/secure.gravatar.com\\\/avatar\\\/37d968a2e67a6fd04c169c4bdef102d0bc5d31b2546345219e348575eb80e9a0?s=96&d=mm&r=g\",\"caption\":\"redazione\"},\"sameAs\":[\"http:\\\/\\\/www.bellunopress.it\",\"https:\\\/\\\/x.com\\\/bellunopress\"],\"url\":\"https:\\\/\\\/www.bellunopress.it\\\/fr\\\/author\\\/redazione\\\/\"}]}<\/script>\n<!-- \/ Yoast SEO plugin. -->","yoast_head_json":{"title":"Il mercato di Forte dei Marmi sbarca nel Cadore: doppi appuntamento tra Pieve e San Vito a Ferragosto - Bellunopress - Dolomiti","robots":{"index":"index","follow":"follow","max-snippet":"max-snippet:-1","max-image-preview":"max-image-preview:large","max-video-preview":"max-video-preview:-1"},"canonical":"https:\/\/www.bellunopress.it\/fr\/2026\/08\/10\/il-mercato-di-forte-dei-marmi-sbarca-nel-cadore-doppi-appuntamento-tra-pieve-e-san-vito-a-ferragosto\/","og_locale":"fr_FR","og_type":"article","og_title":"Il mercato di Forte dei Marmi sbarca nel Cadore: doppi appuntamento tra Pieve e San Vito a Ferragosto - Bellunopress - Dolomiti","og_description":"Il Cadore si prepara ad accogliere uno degli eventi commerciali e di costume pi\u00f9 seguiti dell&#8217;estate bellunese. Nel cuore del fine settimana di Ferragosto, il consorzio de &#8220;Gli Ambulanti di Forte dei Marmi&#8221; porter\u00e0 le sue bancarelle tra Pieve di Cadore e San Vito di Cadore, offrendo due giornate dedicate allo shopping all&#8217;aperto e all&#8217;artigianato [&hellip;]","og_url":"https:\/\/www.bellunopress.it\/fr\/2026\/08\/10\/il-mercato-di-forte-dei-marmi-sbarca-nel-cadore-doppi-appuntamento-tra-pieve-e-san-vito-a-ferragosto\/","og_site_name":"Bellunopress - Dolomiti","article_publisher":"https:\/\/www.facebook.com\/profile.php?id=100008943462799","article_published_time":"2026-08-10T08:31:21+00:00","og_image":[{"width":774,"height":723,"url":"https:\/\/www.bellunopress.it\/wp-content\/uploads\/2025\/06\/Ambulanti-di-Forte-dei-Marmi-t-shirt-tinta-unita-avorio.jpg","type":"image\/jpeg"}],"author":"redazione","twitter_card":"summary_large_image","twitter_creator":"@bellunopress","twitter_site":"@bellunopress","twitter_misc":{"\u00c9crit par":"redazione","Dur\u00e9e de lecture estim\u00e9e":"2 minutes"},"schema":{"@context":"https:\/\/schema.org","@graph":[{"@type":"Article","@id":"https:\/\/www.bellunopress.it\/2026\/08\/10\/il-mercato-di-forte-dei-marmi-sbarca-nel-cadore-doppi-appuntamento-tra-pieve-e-san-vito-a-ferragosto\/#article","isPartOf":{"@id":"https:\/\/www.bellunopress.it\/2026\/08\/10\/il-mercato-di-forte-dei-marmi-sbarca-nel-cadore-doppi-appuntamento-tra-pieve-e-san-vito-a-ferragosto\/"},"author":{"name":"redazione","@id":"https:\/\/www.bellunopress.it\/#\/schema\/person\/79bb06722b37ece1c03d3e94beb30d73"},"headline":"Il mercato di Forte dei Marmi sbarca nel Cadore: doppi appuntamento tra Pieve e San Vito a Ferragosto","datePublished":"2026-08-10T08:31:21+00:00","mainEntityOfPage":{"@id":"https:\/\/www.bellunopress.it\/2026\/08\/10\/il-mercato-di-forte-dei-marmi-sbarca-nel-cadore-doppi-appuntamento-tra-pieve-e-san-vito-a-ferragosto\/"},"wordCount":262,"publisher":{"@id":"https:\/\/www.bellunopress.it\/#organization"},"image":{"@id":"https:\/\/www.bellunopress.it\/2026\/08\/10\/il-mercato-di-forte-dei-marmi-sbarca-nel-cadore-doppi-appuntamento-tra-pieve-e-san-vito-a-ferragosto\/#primaryimage"},"thumbnailUrl":"https:\/\/www.bellunopress.it\/wp-content\/uploads\/2025\/06\/Ambulanti-di-Forte-dei-Marmi-t-shirt-tinta-unita-avorio.jpg","articleSection":["Pausa Caff\u00e8","Sport, tempo libero"],"inLanguage":"fr-FR"},{"@type":"WebPage","@id":"https:\/\/www.bellunopress.it\/2026\/08\/10\/il-mercato-di-forte-dei-marmi-sbarca-nel-cadore-doppi-appuntamento-tra-pieve-e-san-vito-a-ferragosto\/","url":"https:\/\/www.bellunopress.it\/2026\/08\/10\/il-mercato-di-forte-dei-marmi-sbarca-nel-cadore-doppi-appuntamento-tra-pieve-e-san-vito-a-ferragosto\/","name":"Il mercato di Forte dei Marmi sbarca nel Cadore: doppi appuntamento tra Pieve e San Vito a Ferragosto - Bellunopress - Dolomiti","isPartOf":{"@id":"https:\/\/www.bellunopress.it\/#website"},"primaryImageOfPage":{"@id":"https:\/\/www.bellunopress.it\/2026\/08\/10\/il-mercato-di-forte-dei-marmi-sbarca-nel-cadore-doppi-appuntamento-tra-pieve-e-san-vito-a-ferragosto\/#primaryimage"},"image":{"@id":"https:\/\/www.bellunopress.it\/2026\/08\/10\/il-mercato-di-forte-dei-marmi-sbarca-nel-cadore-doppi-appuntamento-tra-pieve-e-san-vito-a-ferragosto\/#primaryimage"},"thumbnailUrl":"https:\/\/www.bellunopress.it\/wp-content\/uploads\/2025\/06\/Ambulanti-di-Forte-dei-Marmi-t-shirt-tinta-unita-avorio.jpg","datePublished":"2026-08-10T08:31:21+00:00","breadcrumb":{"@id":"https:\/\/www.bellunopress.it\/2026\/08\/10\/il-mercato-di-forte-dei-marmi-sbarca-nel-cadore-doppi-appuntamento-tra-pieve-e-san-vito-a-ferragosto\/#breadcrumb"},"inLanguage":"fr-FR","potentialAction":[{"@type":"ReadAction","target":["https:\/\/www.bellunopress.it\/2026\/08\/10\/il-mercato-di-forte-dei-marmi-sbarca-nel-cadore-doppi-appuntamento-tra-pieve-e-san-vito-a-ferragosto\/"]}]},{"@type":"ImageObject","inLanguage":"fr-FR","@id":"https:\/\/www.bellunopress.it\/2026\/08\/10\/il-mercato-di-forte-dei-marmi-sbarca-nel-cadore-doppi-appuntamento-tra-pieve-e-san-vito-a-ferragosto\/#primaryimage","url":"https:\/\/www.bellunopress.it\/wp-content\/uploads\/2025\/06\/Ambulanti-di-Forte-dei-Marmi-t-shirt-tinta-unita-avorio.jpg","contentUrl":"https:\/\/www.bellunopress.it\/wp-content\/uploads\/2025\/06\/Ambulanti-di-Forte-dei-Marmi-t-shirt-tinta-unita-avorio.jpg","width":774,"height":723},{"@type":"BreadcrumbList","@id":"https:\/\/www.bellunopress.it\/2026\/08\/10\/il-mercato-di-forte-dei-marmi-sbarca-nel-cadore-doppi-appuntamento-tra-pieve-e-san-vito-a-ferragosto\/#breadcrumb","itemListElement":[{"@type":"ListItem","position":1,"name":"Home","item":"https:\/\/www.bellunopress.it\/"},{"@type":"ListItem","position":2,"name":"Il mercato di Forte dei Marmi sbarca nel Cadore: doppi appuntamento tra Pieve e San Vito a Ferragosto"}]},{"@type":"WebSite","@id":"https:\/\/www.bellunopress.it\/#website","url":"https:\/\/www.bellunopress.it\/","name":"Bellunopress - Dolomiti","description":"e-mail: redazione@bellunopress.it","publisher":{"@id":"https:\/\/www.bellunopress.it\/#organization"},"potentialAction":[{"@type":"SearchAction","target":{"@type":"EntryPoint","urlTemplate":"https:\/\/www.bellunopress.it\/?s={search_term_string}"},"query-input":{"@type":"PropertyValueSpecification","valueRequired":true,"valueName":"search_term_string"}}],"inLanguage":"fr-FR"},{"@type":"Organization","@id":"https:\/\/www.bellunopress.it\/#organization","name":"Bellunopress","url":"https:\/\/www.bellunopress.it\/","logo":{"@type":"ImageObject","inLanguage":"fr-FR","@id":"https:\/\/www.bellunopress.it\/#\/schema\/logo\/image\/","url":"https:\/\/www.bellunopress.it\/wp-content\/uploads\/2011\/05\/cropped-logo-bellunopress-.jpg","contentUrl":"https:\/\/www.bellunopress.it\/wp-content\/uploads\/2011\/05\/cropped-logo-bellunopress-.jpg","width":512,"height":512,"caption":"Bellunopress"},"image":{"@id":"https:\/\/www.bellunopress.it\/#\/schema\/logo\/image\/"},"sameAs":["https:\/\/www.facebook.com\/profile.php?id=100008943462799","https:\/\/x.com\/bellunopress","https:\/\/www.linkedin.com\/hp\/?dnr=JBzUWaJfMUw8vbXJJ2tVW5-I3jZKvC4wsoxE&amp;amp;amp;amp;amp;amp;trk=nav_responsive_tab_home","https:\/\/www.youtube.com\/channel\/UCxL0wu1uN0_3_7hGG0306cw"]},{"@type":"Person","@id":"https:\/\/www.bellunopress.it\/#\/schema\/person\/79bb06722b37ece1c03d3e94beb30d73","name":"r\u00e9daction","image":{"@type":"ImageObject","inLanguage":"fr-FR","@id":"https:\/\/secure.gravatar.com\/avatar\/37d968a2e67a6fd04c169c4bdef102d0bc5d31b2546345219e348575eb80e9a0?s=96&d=mm&r=g","url":"https:\/\/secure.gravatar.com\/avatar\/37d968a2e67a6fd04c169c4bdef102d0bc5d31b2546345219e348575eb80e9a0?s=96&d=mm&r=g","contentUrl":"https:\/\/secure.gravatar.com\/avatar\/37d968a2e67a6fd04c169c4bdef102d0bc5d31b2546345219e348575eb80e9a0?s=96&d=mm&r=g","caption":"redazione"},"sameAs":["http:\/\/www.bellunopress.it","https:\/\/x.com\/bellunopress"],"url":"https:\/\/www.bellunopress.it\/fr\/author\/redazione\/"}]}},"_links":{"self":[{"href":"https:\/\/www.bellunopress.it\/fr\/wp-json\/wp\/v2\/posts\/172568","targetHints":{"allow":["GET"]}}],"collection":[{"href":"https:\/\/www.bellunopress.it\/fr\/wp-json\/wp\/v2\/posts"}],"about":[{"href":"https:\/\/www.bellunopress.it\/fr\/wp-json\/wp\/v2\/types\/post"}],"author":[{"embeddable":true,"href":"https:\/\/www.bellunopress.it\/fr\/wp-json\/wp\/v2\/users\/2"}],"replies":[{"embeddable":true,"href":"https:\/\/www.bellunopress.it\/fr\/wp-json\/wp\/v2\/comments?post=172568"}],"version-history":[{"count":1,"href":"https:\/\/www.bellunopress.it\/fr\/wp-json\/wp\/v2\/posts\/172568\/revisions"}],"predecessor-version":[{"id":172569,"href":"https:\/\/www.bellunopress.it\/fr\/wp-json\/wp\/v2\/posts\/172568\/revisions\/172569"}],"wp:featuredmedia":[{"embeddable":true,"href":"https:\/\/www.bellunopress.it\/fr\/wp-json\/wp\/v2\/media\/161160"}],"wp:attachment":[{"href":"https:\/\/www.bellunopress.it\/fr\/wp-json\/wp\/v2\/media?parent=172568"}],"wp:term":[{"taxonomy":"category","embeddable":true,"href":"https:\/\/www.bellunopress.it\/fr\/wp-json\/wp\/v2\/categories?post=172568"},{"taxonomy":"post_tag","embeddable":true,"href":"https:\/\/www.bellunopress.it\/fr\/wp-json\/wp\/v2\/tags?post=172568"}],"curies":[{"name":"wp","href":"https:\/\/api.w.org\/{rel}","templated":true}]}}