{"id":172560,"date":"2026-08-09T19:18:31","date_gmt":"2026-08-09T17:18:31","guid":{"rendered":"https:\/\/www.bellunopress.it\/?p=172560"},"modified":"2026-08-09T19:18:31","modified_gmt":"2026-08-09T17:18:31","slug":"feltre-riscopre-con-il-gruppo-fai-la-sua-anima-nascosta-tra-ville-e-viali-storici","status":"publish","type":"post","link":"https:\/\/www.bellunopress.it\/fr\/2026\/08\/09\/feltre-riscopre-con-il-gruppo-fai-la-sua-anima-nascosta-tra-ville-e-viali-storici\/","title":{"rendered":"Feltre riscopre con il Gruppo Fai la sua anima nascosta tra ville e viali storici"},"content":{"rendered":"<div class=\"container\">\n<div id=\"model-response-message-contentr_65a9e5de28ef0476\" class=\"markdown markdown-main-panel md-content enable-luminous-fast-follows enable-updated-hr-color\" dir=\"ltr\" aria-busy=\"false\" aria-live=\"polite\">\n<p data-path-to-node=\"7\">Feltre, 09\/08\/2026 &#8211; C&#8217;\u00e8 una Feltre che non si vede al primo sguardo, custodita dietro i cancelli di dimore storiche e lungo sentieri alberati che il tempo sembra aver risparmiato. Questa mattina, un gruppo nutrito di cittadini ha avuto il privilegio di varcare quelle soglie grazie all&#8217;iniziativa &#8220;VILLeggiamo lungo il viale di Cart&#8221;, organizzata dal Gruppo FAI di Feltre.<\/p>\n<p data-path-to-node=\"9\">L&#8217;itinerario, che ha unito via San Liberale all&#8217;abitato di Cart, si \u00e8 rivelato un vero e proprio pellegrinaggio culturale. Nonostante il caldo intenso di questa giornata di agosto, circa cinquanta partecipanti hanno risposto all&#8217;appello, con una lunga lista d&#8217;attesa che testimonia il profondo legame della comunit\u00e0 con il proprio territorio e una sete di bellezza spesso sottovalutata.<\/p>\n<p data-path-to-node=\"10\"><b data-path-to-node=\"10\" data-index-in-node=\"0\">Un viaggio tra le dimore del cuore<\/b><\/p>\n<p data-path-to-node=\"10\">Protagoniste indiscusse della giornata sono state le ville Bonsembiante Luzzatto, Villalta e Pasole De Giacometti. Grazie alla rara disponibilit\u00e0 delle proprietarie, i visitatori hanno potuto immergersi in atmosfere sospese, dove la storia privata delle famiglie si intreccia indissolubilmente con quella collettiva del territorio bellunese. Il cammino \u00e8 stato scandito dalla maestosit\u00e0 del viale di carpini, custode naturale di questo percorso.<\/p>\n<p data-path-to-node=\"11\"><i data-path-to-node=\"11\" data-index-in-node=\"0\">&#8220;Siamo davvero felici della partecipazione cos\u00ec numerosa \u2013 afferma Isabella Pilo, capogruppo FAI di Feltre \u2013 perch\u00e9 dimostra quanto sia forte il desiderio di conoscere anche quei luoghi che rimangono spesso lontani dall&#8217;attenzione del grande pubblico.&#8221;<\/i><\/p>\n<p data-path-to-node=\"12\"><b data-path-to-node=\"12\" data-index-in-node=\"0\">Poesia e memoria: il ricordo di Marco de Giacometti<\/b><\/p>\n<p data-path-to-node=\"12\">L&#8217;esperienza \u00e8 stata arricchita dalla sensibilit\u00e0 delle volontarie dell&#8217;associazione Ghita, gruppo &#8220;Le Luminarie&#8221;, che hanno accompagnato il tragitto con letture poetiche e letterarie, trasformando la passeggiata in un momento di meditazione estetica.<\/p>\n<p data-path-to-node=\"13\">L&#8217;emozione ha raggiunto il suo apice nell&#8217;ultima tappa, al Lobion di Cart. Qui, Andrea Bona ha dedicato un toccante momento di commemorazione a Marco de Giacometti, figura chiave nella tutela del patrimonio locale. Bona ne ha ricordato la dedizione al restauro filologico, la costante ricerca dell&#8217;autenticit\u00e0 e quel particolare senso estetico che lo guidava in ogni suo progetto di conservazione.<\/p>\n<p data-path-to-node=\"14\">La giornata si \u00e8 chiusa con un ringraziamento corale rivolto dal FAI ai volontari, alle lettrici e, soprattutto, a chi ha scelto di aprire le proprie case, confermando che la bellezza, quando condivisa, diventa un patrimonio inestimabile a disposizione di tutti.<\/p>\n<\/div>\n<\/div>","protected":false},"excerpt":{"rendered":"<p>Feltre, 09\/08\/2026 &#8211; C&#8217;\u00e8 una Feltre che non si vede al primo sguardo, custodita dietro i cancelli di dimore storiche e lungo sentieri alberati che il tempo sembra aver risparmiato. Questa mattina, un gruppo nutrito di cittadini ha avuto il privilegio di varcare quelle soglie grazie all&#8217;iniziativa &#8220;VILLeggiamo lungo il viale di Cart&#8221;, organizzata dal [&hellip;]<\/p>\n","protected":false},"author":2,"featured_media":172561,"comment_status":"closed","ping_status":"open","sticky":false,"template":"","format":"standard","meta":{"footnotes":""},"categories":[3,25],"tags":[],"class_list":["post-172560","post","type-post","status-publish","format-standard","has-post-thumbnail","category-arte-cultura-spettacoli-scienza-archivi","category-pausa-caffe"],"yoast_head":"<!-- This site is optimized with the Yoast SEO plugin v28.4 - https:\/\/yoast.com\/product\/yoast-seo-wordpress\/ -->\n<title>Feltre riscopre con il Gruppo Fai la sua anima nascosta tra ville e viali storici - Bellunopress - Dolomiti<\/title>\n<meta name=\"robots\" content=\"index, follow, max-snippet:-1, max-image-preview:large, max-video-preview:-1\" \/>\n<link rel=\"canonical\" href=\"https:\/\/www.bellunopress.it\/fr\/2026\/08\/09\/feltre-riscopre-con-il-gruppo-fai-la-sua-anima-nascosta-tra-ville-e-viali-storici\/\" \/>\n<meta property=\"og:locale\" content=\"fr_FR\" \/>\n<meta property=\"og:type\" content=\"article\" \/>\n<meta property=\"og:title\" content=\"Feltre riscopre con il Gruppo Fai la sua anima nascosta tra ville e viali storici - Bellunopress - Dolomiti\" \/>\n<meta property=\"og:description\" content=\"Feltre, 09\/08\/2026 &#8211; C&#8217;\u00e8 una Feltre che non si vede al primo sguardo, custodita dietro i cancelli di dimore storiche e lungo sentieri alberati che il tempo sembra aver risparmiato. Questa mattina, un gruppo nutrito di cittadini ha avuto il privilegio di varcare quelle soglie grazie all&#8217;iniziativa &#8220;VILLeggiamo lungo il viale di Cart&#8221;, organizzata dal [&hellip;]\" \/>\n<meta property=\"og:url\" content=\"https:\/\/www.bellunopress.it\/fr\/2026\/08\/09\/feltre-riscopre-con-il-gruppo-fai-la-sua-anima-nascosta-tra-ville-e-viali-storici\/\" \/>\n<meta property=\"og:site_name\" content=\"Bellunopress - Dolomiti\" \/>\n<meta property=\"article:publisher\" content=\"https:\/\/www.facebook.com\/profile.php?id=100008943462799\" \/>\n<meta property=\"article:published_time\" content=\"2026-08-09T17:18:31+00:00\" \/>\n<meta property=\"og:image\" content=\"https:\/\/www.bellunopress.it\/wp-content\/uploads\/2026\/08\/villa-pasole-berton.jpg\" \/>\n\t<meta property=\"og:image:width\" content=\"500\" \/>\n\t<meta property=\"og:image:height\" content=\"327\" \/>\n\t<meta property=\"og:image:type\" content=\"image\/jpeg\" \/>\n<meta name=\"author\" content=\"redazione\" \/>\n<meta name=\"twitter:card\" content=\"summary_large_image\" \/>\n<meta name=\"twitter:creator\" content=\"@bellunopress\" \/>\n<meta name=\"twitter:site\" content=\"@bellunopress\" \/>\n<meta name=\"twitter:label1\" content=\"\u00c9crit par\" \/>\n\t<meta name=\"twitter:data1\" content=\"redazione\" \/>\n\t<meta name=\"twitter:label2\" content=\"Dur\u00e9e de lecture estim\u00e9e\" \/>\n\t<meta name=\"twitter:data2\" content=\"3 minutes\" \/>\n<script type=\"application\/ld+json\" class=\"yoast-schema-graph\">{\"@context\":\"https:\\\/\\\/schema.org\",\"@graph\":[{\"@type\":\"Article\",\"@id\":\"https:\\\/\\\/www.bellunopress.it\\\/2026\\\/08\\\/09\\\/feltre-riscopre-con-il-gruppo-fai-la-sua-anima-nascosta-tra-ville-e-viali-storici\\\/#article\",\"isPartOf\":{\"@id\":\"https:\\\/\\\/www.bellunopress.it\\\/2026\\\/08\\\/09\\\/feltre-riscopre-con-il-gruppo-fai-la-sua-anima-nascosta-tra-ville-e-viali-storici\\\/\"},\"author\":{\"name\":\"redazione\",\"@id\":\"https:\\\/\\\/www.bellunopress.it\\\/#\\\/schema\\\/person\\\/79bb06722b37ece1c03d3e94beb30d73\"},\"headline\":\"Feltre riscopre con il Gruppo Fai la sua anima nascosta tra ville e viali storici\",\"datePublished\":\"2026-08-09T17:18:31+00:00\",\"mainEntityOfPage\":{\"@id\":\"https:\\\/\\\/www.bellunopress.it\\\/2026\\\/08\\\/09\\\/feltre-riscopre-con-il-gruppo-fai-la-sua-anima-nascosta-tra-ville-e-viali-storici\\\/\"},\"wordCount\":380,\"publisher\":{\"@id\":\"https:\\\/\\\/www.bellunopress.it\\\/#organization\"},\"image\":{\"@id\":\"https:\\\/\\\/www.bellunopress.it\\\/2026\\\/08\\\/09\\\/feltre-riscopre-con-il-gruppo-fai-la-sua-anima-nascosta-tra-ville-e-viali-storici\\\/#primaryimage\"},\"thumbnailUrl\":\"https:\\\/\\\/www.bellunopress.it\\\/wp-content\\\/uploads\\\/2026\\\/08\\\/villa-pasole-berton.jpg\",\"articleSection\":[\"Arte, Cultura, Spettacoli, Scienza\",\"Pausa Caff\u00e8\"],\"inLanguage\":\"fr-FR\"},{\"@type\":\"WebPage\",\"@id\":\"https:\\\/\\\/www.bellunopress.it\\\/2026\\\/08\\\/09\\\/feltre-riscopre-con-il-gruppo-fai-la-sua-anima-nascosta-tra-ville-e-viali-storici\\\/\",\"url\":\"https:\\\/\\\/www.bellunopress.it\\\/2026\\\/08\\\/09\\\/feltre-riscopre-con-il-gruppo-fai-la-sua-anima-nascosta-tra-ville-e-viali-storici\\\/\",\"name\":\"Feltre riscopre con il Gruppo Fai la sua anima nascosta tra ville e viali storici - Bellunopress - Dolomiti\",\"isPartOf\":{\"@id\":\"https:\\\/\\\/www.bellunopress.it\\\/#website\"},\"primaryImageOfPage\":{\"@id\":\"https:\\\/\\\/www.bellunopress.it\\\/2026\\\/08\\\/09\\\/feltre-riscopre-con-il-gruppo-fai-la-sua-anima-nascosta-tra-ville-e-viali-storici\\\/#primaryimage\"},\"image\":{\"@id\":\"https:\\\/\\\/www.bellunopress.it\\\/2026\\\/08\\\/09\\\/feltre-riscopre-con-il-gruppo-fai-la-sua-anima-nascosta-tra-ville-e-viali-storici\\\/#primaryimage\"},\"thumbnailUrl\":\"https:\\\/\\\/www.bellunopress.it\\\/wp-content\\\/uploads\\\/2026\\\/08\\\/villa-pasole-berton.jpg\",\"datePublished\":\"2026-08-09T17:18:31+00:00\",\"breadcrumb\":{\"@id\":\"https:\\\/\\\/www.bellunopress.it\\\/2026\\\/08\\\/09\\\/feltre-riscopre-con-il-gruppo-fai-la-sua-anima-nascosta-tra-ville-e-viali-storici\\\/#breadcrumb\"},\"inLanguage\":\"fr-FR\",\"potentialAction\":[{\"@type\":\"ReadAction\",\"target\":[\"https:\\\/\\\/www.bellunopress.it\\\/2026\\\/08\\\/09\\\/feltre-riscopre-con-il-gruppo-fai-la-sua-anima-nascosta-tra-ville-e-viali-storici\\\/\"]}]},{\"@type\":\"ImageObject\",\"inLanguage\":\"fr-FR\",\"@id\":\"https:\\\/\\\/www.bellunopress.it\\\/2026\\\/08\\\/09\\\/feltre-riscopre-con-il-gruppo-fai-la-sua-anima-nascosta-tra-ville-e-viali-storici\\\/#primaryimage\",\"url\":\"https:\\\/\\\/www.bellunopress.it\\\/wp-content\\\/uploads\\\/2026\\\/08\\\/villa-pasole-berton.jpg\",\"contentUrl\":\"https:\\\/\\\/www.bellunopress.it\\\/wp-content\\\/uploads\\\/2026\\\/08\\\/villa-pasole-berton.jpg\",\"width\":500,\"height\":327,\"caption\":\"Villa Pasole Berton - Pedavena\"},{\"@type\":\"BreadcrumbList\",\"@id\":\"https:\\\/\\\/www.bellunopress.it\\\/2026\\\/08\\\/09\\\/feltre-riscopre-con-il-gruppo-fai-la-sua-anima-nascosta-tra-ville-e-viali-storici\\\/#breadcrumb\",\"itemListElement\":[{\"@type\":\"ListItem\",\"position\":1,\"name\":\"Home\",\"item\":\"https:\\\/\\\/www.bellunopress.it\\\/\"},{\"@type\":\"ListItem\",\"position\":2,\"name\":\"Feltre riscopre con il Gruppo Fai la sua anima nascosta tra ville e viali storici\"}]},{\"@type\":\"WebSite\",\"@id\":\"https:\\\/\\\/www.bellunopress.it\\\/#website\",\"url\":\"https:\\\/\\\/www.bellunopress.it\\\/\",\"name\":\"Bellunopress - Dolomiti\",\"description\":\"e-mail: redazione@bellunopress.it\",\"publisher\":{\"@id\":\"https:\\\/\\\/www.bellunopress.it\\\/#organization\"},\"potentialAction\":[{\"@type\":\"SearchAction\",\"target\":{\"@type\":\"EntryPoint\",\"urlTemplate\":\"https:\\\/\\\/www.bellunopress.it\\\/?s={search_term_string}\"},\"query-input\":{\"@type\":\"PropertyValueSpecification\",\"valueRequired\":true,\"valueName\":\"search_term_string\"}}],\"inLanguage\":\"fr-FR\"},{\"@type\":\"Organization\",\"@id\":\"https:\\\/\\\/www.bellunopress.it\\\/#organization\",\"name\":\"Bellunopress\",\"url\":\"https:\\\/\\\/www.bellunopress.it\\\/\",\"logo\":{\"@type\":\"ImageObject\",\"inLanguage\":\"fr-FR\",\"@id\":\"https:\\\/\\\/www.bellunopress.it\\\/#\\\/schema\\\/logo\\\/image\\\/\",\"url\":\"https:\\\/\\\/www.bellunopress.it\\\/wp-content\\\/uploads\\\/2011\\\/05\\\/cropped-logo-bellunopress-.jpg\",\"contentUrl\":\"https:\\\/\\\/www.bellunopress.it\\\/wp-content\\\/uploads\\\/2011\\\/05\\\/cropped-logo-bellunopress-.jpg\",\"width\":512,\"height\":512,\"caption\":\"Bellunopress\"},\"image\":{\"@id\":\"https:\\\/\\\/www.bellunopress.it\\\/#\\\/schema\\\/logo\\\/image\\\/\"},\"sameAs\":[\"https:\\\/\\\/www.facebook.com\\\/profile.php?id=100008943462799\",\"https:\\\/\\\/x.com\\\/bellunopress\",\"https:\\\/\\\/www.linkedin.com\\\/hp\\\/?dnr=JBzUWaJfMUw8vbXJJ2tVW5-I3jZKvC4wsoxE&amp;amp;amp;amp;amp;amp;trk=nav_responsive_tab_home\",\"https:\\\/\\\/www.youtube.com\\\/channel\\\/UCxL0wu1uN0_3_7hGG0306cw\"]},{\"@type\":\"Person\",\"@id\":\"https:\\\/\\\/www.bellunopress.it\\\/#\\\/schema\\\/person\\\/79bb06722b37ece1c03d3e94beb30d73\",\"name\":\"redazione\",\"image\":{\"@type\":\"ImageObject\",\"inLanguage\":\"fr-FR\",\"@id\":\"https:\\\/\\\/secure.gravatar.com\\\/avatar\\\/37d968a2e67a6fd04c169c4bdef102d0bc5d31b2546345219e348575eb80e9a0?s=96&d=mm&r=g\",\"url\":\"https:\\\/\\\/secure.gravatar.com\\\/avatar\\\/37d968a2e67a6fd04c169c4bdef102d0bc5d31b2546345219e348575eb80e9a0?s=96&d=mm&r=g\",\"contentUrl\":\"https:\\\/\\\/secure.gravatar.com\\\/avatar\\\/37d968a2e67a6fd04c169c4bdef102d0bc5d31b2546345219e348575eb80e9a0?s=96&d=mm&r=g\",\"caption\":\"redazione\"},\"sameAs\":[\"http:\\\/\\\/www.bellunopress.it\",\"https:\\\/\\\/x.com\\\/bellunopress\"],\"url\":\"https:\\\/\\\/www.bellunopress.it\\\/fr\\\/author\\\/redazione\\\/\"}]}<\/script>\n<!-- \/ Yoast SEO plugin. -->","yoast_head_json":{"title":"Feltre riscopre con il Gruppo Fai la sua anima nascosta tra ville e viali storici - Bellunopress - Dolomiti","robots":{"index":"index","follow":"follow","max-snippet":"max-snippet:-1","max-image-preview":"max-image-preview:large","max-video-preview":"max-video-preview:-1"},"canonical":"https:\/\/www.bellunopress.it\/fr\/2026\/08\/09\/feltre-riscopre-con-il-gruppo-fai-la-sua-anima-nascosta-tra-ville-e-viali-storici\/","og_locale":"fr_FR","og_type":"article","og_title":"Feltre riscopre con il Gruppo Fai la sua anima nascosta tra ville e viali storici - Bellunopress - Dolomiti","og_description":"Feltre, 09\/08\/2026 &#8211; C&#8217;\u00e8 una Feltre che non si vede al primo sguardo, custodita dietro i cancelli di dimore storiche e lungo sentieri alberati che il tempo sembra aver risparmiato. Questa mattina, un gruppo nutrito di cittadini ha avuto il privilegio di varcare quelle soglie grazie all&#8217;iniziativa &#8220;VILLeggiamo lungo il viale di Cart&#8221;, organizzata dal [&hellip;]","og_url":"https:\/\/www.bellunopress.it\/fr\/2026\/08\/09\/feltre-riscopre-con-il-gruppo-fai-la-sua-anima-nascosta-tra-ville-e-viali-storici\/","og_site_name":"Bellunopress - Dolomiti","article_publisher":"https:\/\/www.facebook.com\/profile.php?id=100008943462799","article_published_time":"2026-08-09T17:18:31+00:00","og_image":[{"width":500,"height":327,"url":"https:\/\/www.bellunopress.it\/wp-content\/uploads\/2026\/08\/villa-pasole-berton.jpg","type":"image\/jpeg"}],"author":"redazione","twitter_card":"summary_large_image","twitter_creator":"@bellunopress","twitter_site":"@bellunopress","twitter_misc":{"\u00c9crit par":"redazione","Dur\u00e9e de lecture estim\u00e9e":"3 minutes"},"schema":{"@context":"https:\/\/schema.org","@graph":[{"@type":"Article","@id":"https:\/\/www.bellunopress.it\/2026\/08\/09\/feltre-riscopre-con-il-gruppo-fai-la-sua-anima-nascosta-tra-ville-e-viali-storici\/#article","isPartOf":{"@id":"https:\/\/www.bellunopress.it\/2026\/08\/09\/feltre-riscopre-con-il-gruppo-fai-la-sua-anima-nascosta-tra-ville-e-viali-storici\/"},"author":{"name":"redazione","@id":"https:\/\/www.bellunopress.it\/#\/schema\/person\/79bb06722b37ece1c03d3e94beb30d73"},"headline":"Feltre riscopre con il Gruppo Fai la sua anima nascosta tra ville e viali storici","datePublished":"2026-08-09T17:18:31+00:00","mainEntityOfPage":{"@id":"https:\/\/www.bellunopress.it\/2026\/08\/09\/feltre-riscopre-con-il-gruppo-fai-la-sua-anima-nascosta-tra-ville-e-viali-storici\/"},"wordCount":380,"publisher":{"@id":"https:\/\/www.bellunopress.it\/#organization"},"image":{"@id":"https:\/\/www.bellunopress.it\/2026\/08\/09\/feltre-riscopre-con-il-gruppo-fai-la-sua-anima-nascosta-tra-ville-e-viali-storici\/#primaryimage"},"thumbnailUrl":"https:\/\/www.bellunopress.it\/wp-content\/uploads\/2026\/08\/villa-pasole-berton.jpg","articleSection":["Arte, Cultura, Spettacoli, Scienza","Pausa Caff\u00e8"],"inLanguage":"fr-FR"},{"@type":"WebPage","@id":"https:\/\/www.bellunopress.it\/2026\/08\/09\/feltre-riscopre-con-il-gruppo-fai-la-sua-anima-nascosta-tra-ville-e-viali-storici\/","url":"https:\/\/www.bellunopress.it\/2026\/08\/09\/feltre-riscopre-con-il-gruppo-fai-la-sua-anima-nascosta-tra-ville-e-viali-storici\/","name":"Feltre riscopre con il Gruppo Fai la sua anima nascosta tra ville e viali storici - Bellunopress - Dolomiti","isPartOf":{"@id":"https:\/\/www.bellunopress.it\/#website"},"primaryImageOfPage":{"@id":"https:\/\/www.bellunopress.it\/2026\/08\/09\/feltre-riscopre-con-il-gruppo-fai-la-sua-anima-nascosta-tra-ville-e-viali-storici\/#primaryimage"},"image":{"@id":"https:\/\/www.bellunopress.it\/2026\/08\/09\/feltre-riscopre-con-il-gruppo-fai-la-sua-anima-nascosta-tra-ville-e-viali-storici\/#primaryimage"},"thumbnailUrl":"https:\/\/www.bellunopress.it\/wp-content\/uploads\/2026\/08\/villa-pasole-berton.jpg","datePublished":"2026-08-09T17:18:31+00:00","breadcrumb":{"@id":"https:\/\/www.bellunopress.it\/2026\/08\/09\/feltre-riscopre-con-il-gruppo-fai-la-sua-anima-nascosta-tra-ville-e-viali-storici\/#breadcrumb"},"inLanguage":"fr-FR","potentialAction":[{"@type":"ReadAction","target":["https:\/\/www.bellunopress.it\/2026\/08\/09\/feltre-riscopre-con-il-gruppo-fai-la-sua-anima-nascosta-tra-ville-e-viali-storici\/"]}]},{"@type":"ImageObject","inLanguage":"fr-FR","@id":"https:\/\/www.bellunopress.it\/2026\/08\/09\/feltre-riscopre-con-il-gruppo-fai-la-sua-anima-nascosta-tra-ville-e-viali-storici\/#primaryimage","url":"https:\/\/www.bellunopress.it\/wp-content\/uploads\/2026\/08\/villa-pasole-berton.jpg","contentUrl":"https:\/\/www.bellunopress.it\/wp-content\/uploads\/2026\/08\/villa-pasole-berton.jpg","width":500,"height":327,"caption":"Villa Pasole Berton - Pedavena"},{"@type":"BreadcrumbList","@id":"https:\/\/www.bellunopress.it\/2026\/08\/09\/feltre-riscopre-con-il-gruppo-fai-la-sua-anima-nascosta-tra-ville-e-viali-storici\/#breadcrumb","itemListElement":[{"@type":"ListItem","position":1,"name":"Home","item":"https:\/\/www.bellunopress.it\/"},{"@type":"ListItem","position":2,"name":"Feltre riscopre con il Gruppo Fai la sua anima nascosta tra ville e viali storici"}]},{"@type":"WebSite","@id":"https:\/\/www.bellunopress.it\/#website","url":"https:\/\/www.bellunopress.it\/","name":"Bellunopress - Dolomiti","description":"e-mail: redazione@bellunopress.it","publisher":{"@id":"https:\/\/www.bellunopress.it\/#organization"},"potentialAction":[{"@type":"SearchAction","target":{"@type":"EntryPoint","urlTemplate":"https:\/\/www.bellunopress.it\/?s={search_term_string}"},"query-input":{"@type":"PropertyValueSpecification","valueRequired":true,"valueName":"search_term_string"}}],"inLanguage":"fr-FR"},{"@type":"Organization","@id":"https:\/\/www.bellunopress.it\/#organization","name":"Bellunopress","url":"https:\/\/www.bellunopress.it\/","logo":{"@type":"ImageObject","inLanguage":"fr-FR","@id":"https:\/\/www.bellunopress.it\/#\/schema\/logo\/image\/","url":"https:\/\/www.bellunopress.it\/wp-content\/uploads\/2011\/05\/cropped-logo-bellunopress-.jpg","contentUrl":"https:\/\/www.bellunopress.it\/wp-content\/uploads\/2011\/05\/cropped-logo-bellunopress-.jpg","width":512,"height":512,"caption":"Bellunopress"},"image":{"@id":"https:\/\/www.bellunopress.it\/#\/schema\/logo\/image\/"},"sameAs":["https:\/\/www.facebook.com\/profile.php?id=100008943462799","https:\/\/x.com\/bellunopress","https:\/\/www.linkedin.com\/hp\/?dnr=JBzUWaJfMUw8vbXJJ2tVW5-I3jZKvC4wsoxE&amp;amp;amp;amp;amp;amp;trk=nav_responsive_tab_home","https:\/\/www.youtube.com\/channel\/UCxL0wu1uN0_3_7hGG0306cw"]},{"@type":"Person","@id":"https:\/\/www.bellunopress.it\/#\/schema\/person\/79bb06722b37ece1c03d3e94beb30d73","name":"r\u00e9daction","image":{"@type":"ImageObject","inLanguage":"fr-FR","@id":"https:\/\/secure.gravatar.com\/avatar\/37d968a2e67a6fd04c169c4bdef102d0bc5d31b2546345219e348575eb80e9a0?s=96&d=mm&r=g","url":"https:\/\/secure.gravatar.com\/avatar\/37d968a2e67a6fd04c169c4bdef102d0bc5d31b2546345219e348575eb80e9a0?s=96&d=mm&r=g","contentUrl":"https:\/\/secure.gravatar.com\/avatar\/37d968a2e67a6fd04c169c4bdef102d0bc5d31b2546345219e348575eb80e9a0?s=96&d=mm&r=g","caption":"redazione"},"sameAs":["http:\/\/www.bellunopress.it","https:\/\/x.com\/bellunopress"],"url":"https:\/\/www.bellunopress.it\/fr\/author\/redazione\/"}]}},"_links":{"self":[{"href":"https:\/\/www.bellunopress.it\/fr\/wp-json\/wp\/v2\/posts\/172560","targetHints":{"allow":["GET"]}}],"collection":[{"href":"https:\/\/www.bellunopress.it\/fr\/wp-json\/wp\/v2\/posts"}],"about":[{"href":"https:\/\/www.bellunopress.it\/fr\/wp-json\/wp\/v2\/types\/post"}],"author":[{"embeddable":true,"href":"https:\/\/www.bellunopress.it\/fr\/wp-json\/wp\/v2\/users\/2"}],"replies":[{"embeddable":true,"href":"https:\/\/www.bellunopress.it\/fr\/wp-json\/wp\/v2\/comments?post=172560"}],"version-history":[{"count":1,"href":"https:\/\/www.bellunopress.it\/fr\/wp-json\/wp\/v2\/posts\/172560\/revisions"}],"predecessor-version":[{"id":172562,"href":"https:\/\/www.bellunopress.it\/fr\/wp-json\/wp\/v2\/posts\/172560\/revisions\/172562"}],"wp:featuredmedia":[{"embeddable":true,"href":"https:\/\/www.bellunopress.it\/fr\/wp-json\/wp\/v2\/media\/172561"}],"wp:attachment":[{"href":"https:\/\/www.bellunopress.it\/fr\/wp-json\/wp\/v2\/media?parent=172560"}],"wp:term":[{"taxonomy":"category","embeddable":true,"href":"https:\/\/www.bellunopress.it\/fr\/wp-json\/wp\/v2\/categories?post=172560"},{"taxonomy":"post_tag","embeddable":true,"href":"https:\/\/www.bellunopress.it\/fr\/wp-json\/wp\/v2\/tags?post=172560"}],"curies":[{"name":"wp","href":"https:\/\/api.w.org\/{rel}","templated":true}]}}